{"id":70327,"date":"2023-04-19T08:13:10","date_gmt":"2023-04-19T11:13:10","guid":{"rendered":"https:\/\/cleitonpinheiro.com.br\/site\/?p=70327"},"modified":"2023-04-19T08:13:29","modified_gmt":"2023-04-19T11:13:29","slug":"para-sintras-governo-do-tocantins-propoe-regras-incabiveis-na-minuta-da-reforma-da-previdencia","status":"publish","type":"post","link":"https:\/\/cleitonpinheiro.com.br\/site\/para-sintras-governo-do-tocantins-propoe-regras-incabiveis-na-minuta-da-reforma-da-previdencia\/","title":{"rendered":"Para Sintras, Governo do TO prop\u00f5e regras incab\u00edveis na minuta da reforma da previd\u00eancia"},"content":{"rendered":"\n<figure class=\"wp-block-gallery has-nested-images columns-default is-cropped wp-block-gallery-1 is-layout-flex wp-block-gallery-is-layout-flex\">\n<figure class=\"wp-block-image size-large\"><img decoding=\"async\" data-id=\"60943\" src=\"https:\/\/cleitonpinheiro.com.br\/site\/wp-content\/uploads\/2022\/03\/SintrasEditadoo-1.jpg\" alt=\"\" class=\"wp-image-60943\"\/><\/figure>\n<\/figure>\n\n\n\n<p>O Sintras repudia e diz que a minuta da reforma da previd\u00eancia apresentada pelo governo traz regras incab\u00edveis para os servidores p\u00fablicos do Tocantins. Sintras vai debater o assunto com outros sindicatos nesta quarta (19), no audit\u00f3rio do SINTET-TO, em Palmas, \u00e0s 8h30.<\/p>\n\n\n\n<p>Segundo o sindicato ser\u00e1 discutido e constru\u00edda nova proposta alterando a do governo para reduzir os enormes preju\u00edzos propostos pela gest\u00e3o estadual que focou somente na d\u00edvida do poder executivo com o Igeprev e ignorando que os servidores n\u00e3o s\u00e3o os devedores da conta e sim os merecedores de todos os seus direitos garantidos durante anos de doa\u00e7\u00e3o aos servi\u00e7os p\u00fablicos no Tocantins.<\/p>\n\n\n\n<p>\u201cGoverno n\u00e3o atendeu as nossas proposituras que atende os anseios do funcionalismo p\u00fablico. Vamos reagir. A gest\u00e3o estadual est\u00e1 mais preocupada com a regra geral da previd\u00eancia do que com o regime pr\u00f3prio da previd\u00eancia do estado\u201d, diz o presidente Manoel Pereira de Miranda.<\/p>\n\n\n\n<p>Entre os requisitos, o Sintras requer a regulamenta\u00e7\u00e3o da aposentadoria diferenciada para quem trabalha em \u00e1rea insalubre levando em conta as condi\u00e7\u00f5es de risco a sa\u00fade que estes servidores s\u00e3o submetidos anos de execu\u00e7\u00e3o dos servi\u00e7os. A proposta do sindicado \u00e9 desconsiderar a idade.<\/p>\n\n\n\n<p>\u201cExigimos 20 anos de contribui\u00e7\u00e3o para os profissionais da radiologia e 25 anos para os servidores porque entendemos que \u00e9 o per\u00edodo m\u00e1ximo que eles podem se expor aos riscos prejudiciais \u00e0 sa\u00fade\u201d, explica Manoel Miranda.<\/p>\n\n\n\n<p>Outros pontos tamb\u00e9m est\u00e3o sendo analisado pelo sindicato que \u00e9 o ped\u00e1gio, direito a integralidade, paridade, aplica\u00e7\u00e3o de regras do regime geral da uni\u00e3o ao inv\u00e9s das regras do regime pr\u00f3prio do estado do Tocantins, dentre outras propostas prejudiciais aos servidores apresentadas pelo governo.<\/p>\n\n\n\n<p>O sindicato chama aten\u00e7\u00e3o dos servidores para o estado de mobiliza\u00e7\u00e3o e novos atos para defender e garantir uma aposentadoria justa para todos.&nbsp;<\/p>\n","protected":false},"excerpt":{"rendered":"<p>O Sintras repudia e diz que a minuta da reforma da previd\u00eancia apresentada pelo governo traz regras incab\u00edveis para os servidores p\u00fablicos do Tocantins. Sintras vai debater o assunto com outros sindicatos nesta quarta (19), no audit\u00f3rio do SINTET-TO, em Palmas, \u00e0s 8h30. Segundo o sindicato ser\u00e1 discutido e constru\u00edda nova proposta alterando a do [&hellip;]<\/p>\n","protected":false},"author":4,"featured_media":0,"comment_status":"open","ping_status":"open","sticky":false,"template":"","format":"standard","meta":{"_acf_changed":false,"footnotes":""},"categories":[8,898],"tags":[],"class_list":["post-70327","post","type-post","status-publish","format-standard","hentry","category-estado","category-manchete-segundaria"],"acf":[],"yoast_head":"<!-- This site is optimized with the Yoast SEO plugin v24.4 - https:\/\/yoast.com\/wordpress\/plugins\/seo\/ -->\n<title>Para Sintras, Governo do TO prop\u00f5e regras incab\u00edveis na minuta da reforma da previd\u00eancia - PORTAL DE NOT\u00cdCIAS CLEITON PINHEIRO<\/title>\n<meta name=\"robots\" content=\"index, follow, max-snippet:-1, max-image-preview:large, max-video-preview:-1\" \/>\n<link rel=\"canonical\" href=\"https:\/\/cleitonpinheiro.com.br\/site\/para-sintras-governo-do-tocantins-propoe-regras-incabiveis-na-minuta-da-reforma-da-previdencia\/\" \/>\n<meta property=\"og:locale\" content=\"pt_BR\" \/>\n<meta property=\"og:type\" content=\"article\" \/>\n<meta property=\"og:title\" content=\"Para Sintras, Governo do TO prop\u00f5e regras incab\u00edveis na minuta da reforma da previd\u00eancia - PORTAL DE NOT\u00cdCIAS CLEITON PINHEIRO\" \/>\n<meta property=\"og:description\" content=\"O Sintras repudia e diz que a minuta da reforma da previd\u00eancia apresentada pelo governo traz regras incab\u00edveis para os servidores p\u00fablicos do Tocantins. Sintras vai debater o assunto com outros sindicatos nesta quarta (19), no audit\u00f3rio do SINTET-TO, em Palmas, \u00e0s 8h30. Segundo o sindicato ser\u00e1 discutido e constru\u00edda nova proposta alterando a do [&hellip;]\" \/>\n<meta property=\"og:url\" content=\"https:\/\/cleitonpinheiro.com.br\/site\/para-sintras-governo-do-tocantins-propoe-regras-incabiveis-na-minuta-da-reforma-da-previdencia\/\" \/>\n<meta property=\"og:site_name\" content=\"PORTAL DE NOT\u00cdCIAS CLEITON PINHEIRO\" \/>\n<meta property=\"article:publisher\" content=\"https:\/\/www.facebook.com\/portalcpnoticias\/\" \/>\n<meta property=\"article:published_time\" content=\"2023-04-19T11:13:10+00:00\" \/>\n<meta property=\"article:modified_time\" content=\"2023-04-19T11:13:29+00:00\" \/>\n<meta property=\"og:image\" content=\"https:\/\/cleitonpinheiro.com.br\/site\/wp-content\/uploads\/2022\/03\/SintrasEditadoo-1.jpg\" \/>\n\t<meta property=\"og:image:width\" content=\"750\" \/>\n\t<meta property=\"og:image:height\" content=\"450\" \/>\n\t<meta property=\"og:image:type\" content=\"image\/jpeg\" \/>\n<meta name=\"author\" content=\"Dermival Pereira\" \/>\n<meta name=\"twitter:card\" content=\"summary_large_image\" \/>\n<meta name=\"twitter:label1\" content=\"Escrito por\" \/>\n\t<meta name=\"twitter:data1\" content=\"Dermival Pereira\" \/>\n\t<meta name=\"twitter:label2\" content=\"Est. tempo de leitura\" \/>\n\t<meta name=\"twitter:data2\" content=\"2 minutos\" \/>\n<script type=\"application\/ld+json\" class=\"yoast-schema-graph\">{\"@context\":\"https:\/\/schema.org\",\"@graph\":[{\"@type\":\"Article\",\"@id\":\"https:\/\/cleitonpinheiro.com.br\/site\/para-sintras-governo-do-tocantins-propoe-regras-incabiveis-na-minuta-da-reforma-da-previdencia\/#article\",\"isPartOf\":{\"@id\":\"https:\/\/cleitonpinheiro.com.br\/site\/para-sintras-governo-do-tocantins-propoe-regras-incabiveis-na-minuta-da-reforma-da-previdencia\/\"},\"author\":{\"name\":\"Dermival Pereira\",\"@id\":\"https:\/\/cleitonpinheiro.com.br\/site\/#\/schema\/person\/aac6d7f311e80c43042e98a900b03cd8\"},\"headline\":\"Para Sintras, Governo do TO prop\u00f5e regras incab\u00edveis na minuta da reforma da previd\u00eancia\",\"datePublished\":\"2023-04-19T11:13:10+00:00\",\"dateModified\":\"2023-04-19T11:13:29+00:00\",\"mainEntityOfPage\":{\"@id\":\"https:\/\/cleitonpinheiro.com.br\/site\/para-sintras-governo-do-tocantins-propoe-regras-incabiveis-na-minuta-da-reforma-da-previdencia\/\"},\"wordCount\":346,\"commentCount\":0,\"publisher\":{\"@id\":\"https:\/\/cleitonpinheiro.com.br\/site\/#organization\"},\"image\":{\"@id\":\"https:\/\/cleitonpinheiro.com.br\/site\/para-sintras-governo-do-tocantins-propoe-regras-incabiveis-na-minuta-da-reforma-da-previdencia\/#primaryimage\"},\"thumbnailUrl\":\"https:\/\/cleitonpinheiro.com.br\/site\/wp-content\/uploads\/2022\/03\/SintrasEditadoo-1.jpg\",\"articleSection\":[\"ESTADO\",\"MANCHETE SEGUND\u00c1RIA\"],\"inLanguage\":\"pt-BR\",\"potentialAction\":[{\"@type\":\"CommentAction\",\"name\":\"Comment\",\"target\":[\"https:\/\/cleitonpinheiro.com.br\/site\/para-sintras-governo-do-tocantins-propoe-regras-incabiveis-na-minuta-da-reforma-da-previdencia\/#respond\"]}]},{\"@type\":\"WebPage\",\"@id\":\"https:\/\/cleitonpinheiro.com.br\/site\/para-sintras-governo-do-tocantins-propoe-regras-incabiveis-na-minuta-da-reforma-da-previdencia\/\",\"url\":\"https:\/\/cleitonpinheiro.com.br\/site\/para-sintras-governo-do-tocantins-propoe-regras-incabiveis-na-minuta-da-reforma-da-previdencia\/\",\"name\":\"Para Sintras, Governo do TO prop\u00f5e regras incab\u00edveis na minuta da reforma da previd\u00eancia - PORTAL DE NOT\u00cdCIAS CLEITON PINHEIRO\",\"isPartOf\":{\"@id\":\"https:\/\/cleitonpinheiro.com.br\/site\/#website\"},\"primaryImageOfPage\":{\"@id\":\"https:\/\/cleitonpinheiro.com.br\/site\/para-sintras-governo-do-tocantins-propoe-regras-incabiveis-na-minuta-da-reforma-da-previdencia\/#primaryimage\"},\"image\":{\"@id\":\"https:\/\/cleitonpinheiro.com.br\/site\/para-sintras-governo-do-tocantins-propoe-regras-incabiveis-na-minuta-da-reforma-da-previdencia\/#primaryimage\"},\"thumbnailUrl\":\"https:\/\/cleitonpinheiro.com.br\/site\/wp-content\/uploads\/2022\/03\/SintrasEditadoo-1.jpg\",\"datePublished\":\"2023-04-19T11:13:10+00:00\",\"dateModified\":\"2023-04-19T11:13:29+00:00\",\"breadcrumb\":{\"@id\":\"https:\/\/cleitonpinheiro.com.br\/site\/para-sintras-governo-do-tocantins-propoe-regras-incabiveis-na-minuta-da-reforma-da-previdencia\/#breadcrumb\"},\"inLanguage\":\"pt-BR\",\"potentialAction\":[{\"@type\":\"ReadAction\",\"target\":[\"https:\/\/cleitonpinheiro.com.br\/site\/para-sintras-governo-do-tocantins-propoe-regras-incabiveis-na-minuta-da-reforma-da-previdencia\/\"]}]},{\"@type\":\"ImageObject\",\"inLanguage\":\"pt-BR\",\"@id\":\"https:\/\/cleitonpinheiro.com.br\/site\/para-sintras-governo-do-tocantins-propoe-regras-incabiveis-na-minuta-da-reforma-da-previdencia\/#primaryimage\",\"url\":\"\",\"contentUrl\":\"\"},{\"@type\":\"BreadcrumbList\",\"@id\":\"https:\/\/cleitonpinheiro.com.br\/site\/para-sintras-governo-do-tocantins-propoe-regras-incabiveis-na-minuta-da-reforma-da-previdencia\/#breadcrumb\",\"itemListElement\":[{\"@type\":\"ListItem\",\"position\":1,\"name\":\"In\u00edcio\",\"item\":\"https:\/\/cleitonpinheiro.com.br\/site\/\"},{\"@type\":\"ListItem\",\"position\":2,\"name\":\"Para Sintras, Governo do TO prop\u00f5e regras incab\u00edveis na minuta da reforma da previd\u00eancia\"}]},{\"@type\":\"WebSite\",\"@id\":\"https:\/\/cleitonpinheiro.com.br\/site\/#website\",\"url\":\"https:\/\/cleitonpinheiro.com.br\/site\/\",\"name\":\"PORTAL DE NOT\u00cdCIAS CLEITON PINHEIRO\",\"description\":\"FALANDO A VERDADE\",\"publisher\":{\"@id\":\"https:\/\/cleitonpinheiro.com.br\/site\/#organization\"},\"potentialAction\":[{\"@type\":\"SearchAction\",\"target\":{\"@type\":\"EntryPoint\",\"urlTemplate\":\"https:\/\/cleitonpinheiro.com.br\/site\/?s={search_term_string}\"},\"query-input\":{\"@type\":\"PropertyValueSpecification\",\"valueRequired\":true,\"valueName\":\"search_term_string\"}}],\"inLanguage\":\"pt-BR\"},{\"@type\":\"Organization\",\"@id\":\"https:\/\/cleitonpinheiro.com.br\/site\/#organization\",\"name\":\"CPNOT\u00cdCIAS\",\"url\":\"https:\/\/cleitonpinheiro.com.br\/site\/\",\"logo\":{\"@type\":\"ImageObject\",\"inLanguage\":\"pt-BR\",\"@id\":\"https:\/\/cleitonpinheiro.com.br\/site\/#\/schema\/logo\/image\/\",\"url\":\"https:\/\/cleitonpinheiro.com.br\/site\/wp-content\/uploads\/2022\/08\/Logo-pequena-2.png\",\"contentUrl\":\"https:\/\/cleitonpinheiro.com.br\/site\/wp-content\/uploads\/2022\/08\/Logo-pequena-2.png\",\"width\":500,\"height\":500,\"caption\":\"CPNOT\u00cdCIAS\"},\"image\":{\"@id\":\"https:\/\/cleitonpinheiro.com.br\/site\/#\/schema\/logo\/image\/\"},\"sameAs\":[\"https:\/\/www.facebook.com\/portalcpnoticias\/\"]},{\"@type\":\"Person\",\"@id\":\"https:\/\/cleitonpinheiro.com.br\/site\/#\/schema\/person\/aac6d7f311e80c43042e98a900b03cd8\",\"name\":\"Dermival Pereira\",\"image\":{\"@type\":\"ImageObject\",\"inLanguage\":\"pt-BR\",\"@id\":\"https:\/\/cleitonpinheiro.com.br\/site\/#\/schema\/person\/image\/\",\"url\":\"https:\/\/secure.gravatar.com\/avatar\/cfaebf3742d6bf8db728bcba3eed6bee37b02337a2e6c822994f20ca72a3784d?s=96&r=g\",\"contentUrl\":\"https:\/\/secure.gravatar.com\/avatar\/cfaebf3742d6bf8db728bcba3eed6bee37b02337a2e6c822994f20ca72a3784d?s=96&r=g\",\"caption\":\"Dermival Pereira\"},\"url\":\"https:\/\/cleitonpinheiro.com.br\/site\/author\/dermival\/\"}]}<\/script>\n<!-- \/ Yoast SEO plugin. -->","yoast_head_json":{"title":"Para Sintras, Governo do TO prop\u00f5e regras incab\u00edveis na minuta da reforma da previd\u00eancia - PORTAL DE NOT\u00cdCIAS CLEITON PINHEIRO","robots":{"index":"index","follow":"follow","max-snippet":"max-snippet:-1","max-image-preview":"max-image-preview:large","max-video-preview":"max-video-preview:-1"},"canonical":"https:\/\/cleitonpinheiro.com.br\/site\/para-sintras-governo-do-tocantins-propoe-regras-incabiveis-na-minuta-da-reforma-da-previdencia\/","og_locale":"pt_BR","og_type":"article","og_title":"Para Sintras, Governo do TO prop\u00f5e regras incab\u00edveis na minuta da reforma da previd\u00eancia - PORTAL DE NOT\u00cdCIAS CLEITON PINHEIRO","og_description":"O Sintras repudia e diz que a minuta da reforma da previd\u00eancia apresentada pelo governo traz regras incab\u00edveis para os servidores p\u00fablicos do Tocantins. Sintras vai debater o assunto com outros sindicatos nesta quarta (19), no audit\u00f3rio do SINTET-TO, em Palmas, \u00e0s 8h30. Segundo o sindicato ser\u00e1 discutido e constru\u00edda nova proposta alterando a do [&hellip;]","og_url":"https:\/\/cleitonpinheiro.com.br\/site\/para-sintras-governo-do-tocantins-propoe-regras-incabiveis-na-minuta-da-reforma-da-previdencia\/","og_site_name":"PORTAL DE NOT\u00cdCIAS CLEITON PINHEIRO","article_publisher":"https:\/\/www.facebook.com\/portalcpnoticias\/","article_published_time":"2023-04-19T11:13:10+00:00","article_modified_time":"2023-04-19T11:13:29+00:00","og_image":[{"width":750,"height":450,"url":"https:\/\/cleitonpinheiro.com.br\/site\/wp-content\/uploads\/2022\/03\/SintrasEditadoo-1.jpg","type":"image\/jpeg"}],"author":"Dermival Pereira","twitter_card":"summary_large_image","twitter_misc":{"Escrito por":"Dermival Pereira","Est. tempo de leitura":"2 minutos"},"schema":{"@context":"https:\/\/schema.org","@graph":[{"@type":"Article","@id":"https:\/\/cleitonpinheiro.com.br\/site\/para-sintras-governo-do-tocantins-propoe-regras-incabiveis-na-minuta-da-reforma-da-previdencia\/#article","isPartOf":{"@id":"https:\/\/cleitonpinheiro.com.br\/site\/para-sintras-governo-do-tocantins-propoe-regras-incabiveis-na-minuta-da-reforma-da-previdencia\/"},"author":{"name":"Dermival Pereira","@id":"https:\/\/cleitonpinheiro.com.br\/site\/#\/schema\/person\/aac6d7f311e80c43042e98a900b03cd8"},"headline":"Para Sintras, Governo do TO prop\u00f5e regras incab\u00edveis na minuta da reforma da previd\u00eancia","datePublished":"2023-04-19T11:13:10+00:00","dateModified":"2023-04-19T11:13:29+00:00","mainEntityOfPage":{"@id":"https:\/\/cleitonpinheiro.com.br\/site\/para-sintras-governo-do-tocantins-propoe-regras-incabiveis-na-minuta-da-reforma-da-previdencia\/"},"wordCount":346,"commentCount":0,"publisher":{"@id":"https:\/\/cleitonpinheiro.com.br\/site\/#organization"},"image":{"@id":"https:\/\/cleitonpinheiro.com.br\/site\/para-sintras-governo-do-tocantins-propoe-regras-incabiveis-na-minuta-da-reforma-da-previdencia\/#primaryimage"},"thumbnailUrl":"https:\/\/cleitonpinheiro.com.br\/site\/wp-content\/uploads\/2022\/03\/SintrasEditadoo-1.jpg","articleSection":["ESTADO","MANCHETE SEGUND\u00c1RIA"],"inLanguage":"pt-BR","potentialAction":[{"@type":"CommentAction","name":"Comment","target":["https:\/\/cleitonpinheiro.com.br\/site\/para-sintras-governo-do-tocantins-propoe-regras-incabiveis-na-minuta-da-reforma-da-previdencia\/#respond"]}]},{"@type":"WebPage","@id":"https:\/\/cleitonpinheiro.com.br\/site\/para-sintras-governo-do-tocantins-propoe-regras-incabiveis-na-minuta-da-reforma-da-previdencia\/","url":"https:\/\/cleitonpinheiro.com.br\/site\/para-sintras-governo-do-tocantins-propoe-regras-incabiveis-na-minuta-da-reforma-da-previdencia\/","name":"Para Sintras, Governo do TO prop\u00f5e regras incab\u00edveis na minuta da reforma da previd\u00eancia - PORTAL DE NOT\u00cdCIAS CLEITON PINHEIRO","isPartOf":{"@id":"https:\/\/cleitonpinheiro.com.br\/site\/#website"},"primaryImageOfPage":{"@id":"https:\/\/cleitonpinheiro.com.br\/site\/para-sintras-governo-do-tocantins-propoe-regras-incabiveis-na-minuta-da-reforma-da-previdencia\/#primaryimage"},"image":{"@id":"https:\/\/cleitonpinheiro.com.br\/site\/para-sintras-governo-do-tocantins-propoe-regras-incabiveis-na-minuta-da-reforma-da-previdencia\/#primaryimage"},"thumbnailUrl":"https:\/\/cleitonpinheiro.com.br\/site\/wp-content\/uploads\/2022\/03\/SintrasEditadoo-1.jpg","datePublished":"2023-04-19T11:13:10+00:00","dateModified":"2023-04-19T11:13:29+00:00","breadcrumb":{"@id":"https:\/\/cleitonpinheiro.com.br\/site\/para-sintras-governo-do-tocantins-propoe-regras-incabiveis-na-minuta-da-reforma-da-previdencia\/#breadcrumb"},"inLanguage":"pt-BR","potentialAction":[{"@type":"ReadAction","target":["https:\/\/cleitonpinheiro.com.br\/site\/para-sintras-governo-do-tocantins-propoe-regras-incabiveis-na-minuta-da-reforma-da-previdencia\/"]}]},{"@type":"ImageObject","inLanguage":"pt-BR","@id":"https:\/\/cleitonpinheiro.com.br\/site\/para-sintras-governo-do-tocantins-propoe-regras-incabiveis-na-minuta-da-reforma-da-previdencia\/#primaryimage","url":"","contentUrl":""},{"@type":"BreadcrumbList","@id":"https:\/\/cleitonpinheiro.com.br\/site\/para-sintras-governo-do-tocantins-propoe-regras-incabiveis-na-minuta-da-reforma-da-previdencia\/#breadcrumb","itemListElement":[{"@type":"ListItem","position":1,"name":"In\u00edcio","item":"https:\/\/cleitonpinheiro.com.br\/site\/"},{"@type":"ListItem","position":2,"name":"Para Sintras, Governo do TO prop\u00f5e regras incab\u00edveis na minuta da reforma da previd\u00eancia"}]},{"@type":"WebSite","@id":"https:\/\/cleitonpinheiro.com.br\/site\/#website","url":"https:\/\/cleitonpinheiro.com.br\/site\/","name":"PORTAL DE NOT\u00cdCIAS CLEITON PINHEIRO","description":"FALANDO A VERDADE","publisher":{"@id":"https:\/\/cleitonpinheiro.com.br\/site\/#organization"},"potentialAction":[{"@type":"SearchAction","target":{"@type":"EntryPoint","urlTemplate":"https:\/\/cleitonpinheiro.com.br\/site\/?s={search_term_string}"},"query-input":{"@type":"PropertyValueSpecification","valueRequired":true,"valueName":"search_term_string"}}],"inLanguage":"pt-BR"},{"@type":"Organization","@id":"https:\/\/cleitonpinheiro.com.br\/site\/#organization","name":"CPNOT\u00cdCIAS","url":"https:\/\/cleitonpinheiro.com.br\/site\/","logo":{"@type":"ImageObject","inLanguage":"pt-BR","@id":"https:\/\/cleitonpinheiro.com.br\/site\/#\/schema\/logo\/image\/","url":"https:\/\/cleitonpinheiro.com.br\/site\/wp-content\/uploads\/2022\/08\/Logo-pequena-2.png","contentUrl":"https:\/\/cleitonpinheiro.com.br\/site\/wp-content\/uploads\/2022\/08\/Logo-pequena-2.png","width":500,"height":500,"caption":"CPNOT\u00cdCIAS"},"image":{"@id":"https:\/\/cleitonpinheiro.com.br\/site\/#\/schema\/logo\/image\/"},"sameAs":["https:\/\/www.facebook.com\/portalcpnoticias\/"]},{"@type":"Person","@id":"https:\/\/cleitonpinheiro.com.br\/site\/#\/schema\/person\/aac6d7f311e80c43042e98a900b03cd8","name":"Dermival Pereira","image":{"@type":"ImageObject","inLanguage":"pt-BR","@id":"https:\/\/cleitonpinheiro.com.br\/site\/#\/schema\/person\/image\/","url":"https:\/\/secure.gravatar.com\/avatar\/cfaebf3742d6bf8db728bcba3eed6bee37b02337a2e6c822994f20ca72a3784d?s=96&r=g","contentUrl":"https:\/\/secure.gravatar.com\/avatar\/cfaebf3742d6bf8db728bcba3eed6bee37b02337a2e6c822994f20ca72a3784d?s=96&r=g","caption":"Dermival Pereira"},"url":"https:\/\/cleitonpinheiro.com.br\/site\/author\/dermival\/"}]}},"views":261,"_links":{"self":[{"href":"https:\/\/cleitonpinheiro.com.br\/site\/wp-json\/wp\/v2\/posts\/70327","targetHints":{"allow":["GET"]}}],"collection":[{"href":"https:\/\/cleitonpinheiro.com.br\/site\/wp-json\/wp\/v2\/posts"}],"about":[{"href":"https:\/\/cleitonpinheiro.com.br\/site\/wp-json\/wp\/v2\/types\/post"}],"author":[{"embeddable":true,"href":"https:\/\/cleitonpinheiro.com.br\/site\/wp-json\/wp\/v2\/users\/4"}],"replies":[{"embeddable":true,"href":"https:\/\/cleitonpinheiro.com.br\/site\/wp-json\/wp\/v2\/comments?post=70327"}],"version-history":[{"count":2,"href":"https:\/\/cleitonpinheiro.com.br\/site\/wp-json\/wp\/v2\/posts\/70327\/revisions"}],"predecessor-version":[{"id":70329,"href":"https:\/\/cleitonpinheiro.com.br\/site\/wp-json\/wp\/v2\/posts\/70327\/revisions\/70329"}],"wp:attachment":[{"href":"https:\/\/cleitonpinheiro.com.br\/site\/wp-json\/wp\/v2\/media?parent=70327"}],"wp:term":[{"taxonomy":"category","embeddable":true,"href":"https:\/\/cleitonpinheiro.com.br\/site\/wp-json\/wp\/v2\/categories?post=70327"},{"taxonomy":"post_tag","embeddable":true,"href":"https:\/\/cleitonpinheiro.com.br\/site\/wp-json\/wp\/v2\/tags?post=70327"}],"curies":[{"name":"wp","href":"https:\/\/api.w.org\/{rel}","templated":true}]}}