{"id":70335,"date":"2023-04-19T08:25:39","date_gmt":"2023-04-19T11:25:39","guid":{"rendered":"https:\/\/cleitonpinheiro.com.br\/site\/?p=70335"},"modified":"2023-04-19T08:25:40","modified_gmt":"2023-04-19T11:25:40","slug":"novo-boletim-capital-palmas-registra-98-novos-casos-de-covid-19-na-ultima-uma-semana","status":"publish","type":"post","link":"https:\/\/cleitonpinheiro.com.br\/site\/novo-boletim-capital-palmas-registra-98-novos-casos-de-covid-19-na-ultima-uma-semana\/","title":{"rendered":"Novo boletim: Capital Palmas registra 98 novos casos de Covid-19 na \u00faltima uma semana"},"content":{"rendered":"\n<figure class=\"wp-block-gallery has-nested-images columns-default is-cropped wp-block-gallery-1 is-layout-flex wp-block-gallery-is-layout-flex\">\n<figure class=\"wp-block-image size-large\"><img decoding=\"async\" data-id=\"68173\" src=\"https:\/\/cleitonpinheiro.com.br\/site\/wp-content\/uploads\/2023\/02\/Semus-Foto-Secom.jpg\" alt=\"\" class=\"wp-image-68173\"\/><\/figure>\n<\/figure>\n\n\n\n<p>Em Palmas, mais 98 casos de covid-19 foram confirmados na \u00faltima semana epidemiol\u00f3gica, de 09 a 15 de abril. No per\u00edodo, 883 pessoas foram testadas. Os dados s\u00e3o do Boletim Epidemiol\u00f3gico n\u00ba 768 desta ter\u00e7a-feira, 18. O documento tamb\u00e9m informa quatros \u00f3bitos decorrentes da enfermidade.<\/p>\n\n\n\n<p>Conforme o boletim, as v\u00edtimas eram uma mulher de 59 anos de idade, que sofria de uma doen\u00e7a card\u00edaca e diabetes mellitus; uma idosa de 98 anos, que convivia com a hipertens\u00e3o arterial,&nbsp;um homem de 37 anos com doen\u00e7a imunossupressora,&nbsp;e um homem de 57 anos com doen\u00e7a cardiovascular cr\u00f4nica e doen\u00e7a neurol\u00f3gica. Os \u00f3bitos ocorreram entre os dias 02 de fevereiro e 11 de abril deste ano.<\/p>\n\n\n\n<p>Com a atualiza\u00e7\u00e3o dos dados, a Capital passa a somar 88.976 casos de covid-19 desde o come\u00e7o da pandemia. Desse n\u00famero, 88.016 pessoas se recuperaram, 756 foram a \u00f3bito e 196 est\u00e3o em recupera\u00e7\u00e3o.&nbsp;<a href=\"https:\/\/u27764309.ct.sendgrid.net\/ls\/click?upn=7vvcAj0XtsZ3UvyGky7PZXVk0ZPOqTsWjeTB5eGWk8TZ-2Fqk1vRBEDuuo99qZZ9J21EFUCDySAyjlhH7nA5t1uj5oyD8xDh9Bnjh0ljGXBGz09mqYZ-2FROJQTZ2o29hdt7CDvI2o0jXSZi8jbpbho9oKp8RwAtQegg70PwRP-2FvIcs-3DJdrF_5vZW9TUpmMR2VHNSGp3SeRgQ0JOh7OgSw25yO-2BVcNdxcK48I36WYB3bD4OcbsJnZ6shYrLRaF-2BYFItDTFQVWXiR0mrAu1W-2FP79hLUyiIX-2B14h-2BLyEB-2FDgYPSWG30R0dVqjpyzXNlUOAGZlrE9Qhna-2FXNSKGVs-2FeVrUfvNRB1KGR74DeeAxHGW7W2Aa5H02pu2Wp0c8C-2F8wWLZUJ-2B3-2FOL-2BEobGqYehsW1YGA4-2BMcBeIM-3D\" target=\"_blank\" rel=\"noreferrer noopener\">Confira o documento.<\/a><\/p>\n\n\n\n<p>Sobre as interna\u00e7\u00f5es, o documento informa que a taxa de ocupa\u00e7\u00e3o geral de leitos exclusivos para tratamento da covid \u00e9 de 17,3%, sendo 17,9% a taxa de leitos cl\u00ednicos e 16,7% a de leitos de UTI. Os leitos de estabiliza\u00e7\u00e3o das Unidades de Pronto Atendimento (UPAs) n\u00e3o est\u00e3o ocupados. Em Palmas, nove pessoas est\u00e3o internadas, sendo oito da Capital e um residente de outra cidade.<\/p>\n\n\n\n<p><strong>Vacina\u00e7\u00e3o<\/strong><\/p>\n\n\n\n<p>Por instabilidade nos sistemas, o dado mais atualizado referente \u00e0 vacina\u00e7\u00e3o \u00e9 do \u00faltimo dia 10 de abril. At\u00e9 esta data, a Secretaria Municipal da Sa\u00fade (Semus) havia aplicado 599.282 doses de vacina contra a covid na Capital. Os locais e hor\u00e1rios para administra\u00e7\u00e3o de vacinas nesta semana est\u00e3o dispon\u00edveis no site Ag\u00eancia Palmas. Mais informa\u00e7\u00f5es sobre a evolu\u00e7\u00e3o da vacina\u00e7\u00e3o podem ser conferidas no site&nbsp;<a href=\"https:\/\/u27764309.ct.sendgrid.net\/ls\/click?upn=HWPfQVtHharE0ZVXEfySUZ2VngLY0CRHMHzzyDeGFJkr9le6JDH5dvnxsLw29Cu3x5Z8GOS7rMVI98AfkyjSGA-3D-3DPqTm_5vZW9TUpmMR2VHNSGp3SeRgQ0JOh7OgSw25yO-2BVcNdxcK48I36WYB3bD4OcbsJnZ6shYrLRaF-2BYFItDTFQVWXmxgO60W2pkI0BZAa0jB3HmGJtsLNeTJJDmHw3NTfrXXoYx4Zcr1E2t9c6lN6EohG8B6AkPw-2F6S3oJWc4tWugOKPjL9znjM01H-2B0K71MWYa6epM8M-2BbaZ058wGcZ2ACq9wUAZs6hOmC0py5GvRYGasc-3D\" target=\"_blank\" rel=\"noreferrer noopener\">Plant\u00e3o Coronav\u00edrus.<\/a><\/p>\n","protected":false},"excerpt":{"rendered":"<p>Em Palmas, mais 98 casos de covid-19 foram confirmados na \u00faltima semana epidemiol\u00f3gica, de 09 a 15 de abril. No per\u00edodo, 883 pessoas foram testadas. Os dados s\u00e3o do Boletim Epidemiol\u00f3gico n\u00ba 768 desta ter\u00e7a-feira, 18. O documento tamb\u00e9m informa quatros \u00f3bitos decorrentes da enfermidade. Conforme o boletim, as v\u00edtimas eram uma mulher de 59 [&hellip;]<\/p>\n","protected":false},"author":4,"featured_media":0,"comment_status":"open","ping_status":"open","sticky":false,"template":"","format":"standard","meta":{"_acf_changed":false,"footnotes":""},"categories":[22,898],"tags":[],"class_list":["post-70335","post","type-post","status-publish","format-standard","hentry","category-cidades","category-manchete-segundaria"],"acf":[],"yoast_head":"<!-- This site is optimized with the Yoast SEO plugin v24.4 - https:\/\/yoast.com\/wordpress\/plugins\/seo\/ -->\n<title>Novo boletim: Capital Palmas registra 98 novos casos de Covid-19 na \u00faltima uma semana - PORTAL DE NOT\u00cdCIAS CLEITON PINHEIRO<\/title>\n<meta name=\"robots\" content=\"index, follow, max-snippet:-1, max-image-preview:large, max-video-preview:-1\" \/>\n<link rel=\"canonical\" href=\"https:\/\/cleitonpinheiro.com.br\/site\/novo-boletim-capital-palmas-registra-98-novos-casos-de-covid-19-na-ultima-uma-semana\/\" \/>\n<meta property=\"og:locale\" content=\"pt_BR\" \/>\n<meta property=\"og:type\" content=\"article\" \/>\n<meta property=\"og:title\" content=\"Novo boletim: Capital Palmas registra 98 novos casos de Covid-19 na \u00faltima uma semana - PORTAL DE NOT\u00cdCIAS CLEITON PINHEIRO\" \/>\n<meta property=\"og:description\" content=\"Em Palmas, mais 98 casos de covid-19 foram confirmados na \u00faltima semana epidemiol\u00f3gica, de 09 a 15 de abril. No per\u00edodo, 883 pessoas foram testadas. Os dados s\u00e3o do Boletim Epidemiol\u00f3gico n\u00ba 768 desta ter\u00e7a-feira, 18. O documento tamb\u00e9m informa quatros \u00f3bitos decorrentes da enfermidade. Conforme o boletim, as v\u00edtimas eram uma mulher de 59 [&hellip;]\" \/>\n<meta property=\"og:url\" content=\"https:\/\/cleitonpinheiro.com.br\/site\/novo-boletim-capital-palmas-registra-98-novos-casos-de-covid-19-na-ultima-uma-semana\/\" \/>\n<meta property=\"og:site_name\" content=\"PORTAL DE NOT\u00cdCIAS CLEITON PINHEIRO\" \/>\n<meta property=\"article:publisher\" content=\"https:\/\/www.facebook.com\/portalcpnoticias\/\" \/>\n<meta property=\"article:published_time\" content=\"2023-04-19T11:25:39+00:00\" \/>\n<meta property=\"article:modified_time\" content=\"2023-04-19T11:25:40+00:00\" \/>\n<meta property=\"og:image\" content=\"https:\/\/cleitonpinheiro.com.br\/site\/wp-content\/uploads\/2023\/02\/Semus-Foto-Secom.jpg\" \/>\n\t<meta property=\"og:image:width\" content=\"750\" \/>\n\t<meta property=\"og:image:height\" content=\"450\" \/>\n\t<meta property=\"og:image:type\" content=\"image\/jpeg\" \/>\n<meta name=\"author\" content=\"Dermival Pereira\" \/>\n<meta name=\"twitter:card\" content=\"summary_large_image\" \/>\n<meta name=\"twitter:label1\" content=\"Escrito por\" \/>\n\t<meta name=\"twitter:data1\" content=\"Dermival Pereira\" \/>\n\t<meta name=\"twitter:label2\" content=\"Est. tempo de leitura\" \/>\n\t<meta name=\"twitter:data2\" content=\"2 minutos\" \/>\n<script type=\"application\/ld+json\" class=\"yoast-schema-graph\">{\"@context\":\"https:\/\/schema.org\",\"@graph\":[{\"@type\":\"Article\",\"@id\":\"https:\/\/cleitonpinheiro.com.br\/site\/novo-boletim-capital-palmas-registra-98-novos-casos-de-covid-19-na-ultima-uma-semana\/#article\",\"isPartOf\":{\"@id\":\"https:\/\/cleitonpinheiro.com.br\/site\/novo-boletim-capital-palmas-registra-98-novos-casos-de-covid-19-na-ultima-uma-semana\/\"},\"author\":{\"name\":\"Dermival Pereira\",\"@id\":\"https:\/\/cleitonpinheiro.com.br\/site\/#\/schema\/person\/aac6d7f311e80c43042e98a900b03cd8\"},\"headline\":\"Novo boletim: Capital Palmas registra 98 novos casos de Covid-19 na \u00faltima uma semana\",\"datePublished\":\"2023-04-19T11:25:39+00:00\",\"dateModified\":\"2023-04-19T11:25:40+00:00\",\"mainEntityOfPage\":{\"@id\":\"https:\/\/cleitonpinheiro.com.br\/site\/novo-boletim-capital-palmas-registra-98-novos-casos-de-covid-19-na-ultima-uma-semana\/\"},\"wordCount\":318,\"commentCount\":0,\"publisher\":{\"@id\":\"https:\/\/cleitonpinheiro.com.br\/site\/#organization\"},\"image\":{\"@id\":\"https:\/\/cleitonpinheiro.com.br\/site\/novo-boletim-capital-palmas-registra-98-novos-casos-de-covid-19-na-ultima-uma-semana\/#primaryimage\"},\"thumbnailUrl\":\"https:\/\/cleitonpinheiro.com.br\/site\/wp-content\/uploads\/2023\/02\/Semus-Foto-Secom.jpg\",\"articleSection\":[\"CIDADES\",\"MANCHETE SEGUND\u00c1RIA\"],\"inLanguage\":\"pt-BR\",\"potentialAction\":[{\"@type\":\"CommentAction\",\"name\":\"Comment\",\"target\":[\"https:\/\/cleitonpinheiro.com.br\/site\/novo-boletim-capital-palmas-registra-98-novos-casos-de-covid-19-na-ultima-uma-semana\/#respond\"]}]},{\"@type\":\"WebPage\",\"@id\":\"https:\/\/cleitonpinheiro.com.br\/site\/novo-boletim-capital-palmas-registra-98-novos-casos-de-covid-19-na-ultima-uma-semana\/\",\"url\":\"https:\/\/cleitonpinheiro.com.br\/site\/novo-boletim-capital-palmas-registra-98-novos-casos-de-covid-19-na-ultima-uma-semana\/\",\"name\":\"Novo boletim: Capital Palmas registra 98 novos casos de Covid-19 na \u00faltima uma semana - PORTAL DE NOT\u00cdCIAS CLEITON PINHEIRO\",\"isPartOf\":{\"@id\":\"https:\/\/cleitonpinheiro.com.br\/site\/#website\"},\"primaryImageOfPage\":{\"@id\":\"https:\/\/cleitonpinheiro.com.br\/site\/novo-boletim-capital-palmas-registra-98-novos-casos-de-covid-19-na-ultima-uma-semana\/#primaryimage\"},\"image\":{\"@id\":\"https:\/\/cleitonpinheiro.com.br\/site\/novo-boletim-capital-palmas-registra-98-novos-casos-de-covid-19-na-ultima-uma-semana\/#primaryimage\"},\"thumbnailUrl\":\"https:\/\/cleitonpinheiro.com.br\/site\/wp-content\/uploads\/2023\/02\/Semus-Foto-Secom.jpg\",\"datePublished\":\"2023-04-19T11:25:39+00:00\",\"dateModified\":\"2023-04-19T11:25:40+00:00\",\"breadcrumb\":{\"@id\":\"https:\/\/cleitonpinheiro.com.br\/site\/novo-boletim-capital-palmas-registra-98-novos-casos-de-covid-19-na-ultima-uma-semana\/#breadcrumb\"},\"inLanguage\":\"pt-BR\",\"potentialAction\":[{\"@type\":\"ReadAction\",\"target\":[\"https:\/\/cleitonpinheiro.com.br\/site\/novo-boletim-capital-palmas-registra-98-novos-casos-de-covid-19-na-ultima-uma-semana\/\"]}]},{\"@type\":\"ImageObject\",\"inLanguage\":\"pt-BR\",\"@id\":\"https:\/\/cleitonpinheiro.com.br\/site\/novo-boletim-capital-palmas-registra-98-novos-casos-de-covid-19-na-ultima-uma-semana\/#primaryimage\",\"url\":\"\",\"contentUrl\":\"\"},{\"@type\":\"BreadcrumbList\",\"@id\":\"https:\/\/cleitonpinheiro.com.br\/site\/novo-boletim-capital-palmas-registra-98-novos-casos-de-covid-19-na-ultima-uma-semana\/#breadcrumb\",\"itemListElement\":[{\"@type\":\"ListItem\",\"position\":1,\"name\":\"In\u00edcio\",\"item\":\"https:\/\/cleitonpinheiro.com.br\/site\/\"},{\"@type\":\"ListItem\",\"position\":2,\"name\":\"Novo boletim: Capital Palmas registra 98 novos casos de Covid-19 na \u00faltima uma semana\"}]},{\"@type\":\"WebSite\",\"@id\":\"https:\/\/cleitonpinheiro.com.br\/site\/#website\",\"url\":\"https:\/\/cleitonpinheiro.com.br\/site\/\",\"name\":\"PORTAL DE NOT\u00cdCIAS CLEITON PINHEIRO\",\"description\":\"FALANDO A VERDADE\",\"publisher\":{\"@id\":\"https:\/\/cleitonpinheiro.com.br\/site\/#organization\"},\"potentialAction\":[{\"@type\":\"SearchAction\",\"target\":{\"@type\":\"EntryPoint\",\"urlTemplate\":\"https:\/\/cleitonpinheiro.com.br\/site\/?s={search_term_string}\"},\"query-input\":{\"@type\":\"PropertyValueSpecification\",\"valueRequired\":true,\"valueName\":\"search_term_string\"}}],\"inLanguage\":\"pt-BR\"},{\"@type\":\"Organization\",\"@id\":\"https:\/\/cleitonpinheiro.com.br\/site\/#organization\",\"name\":\"CPNOT\u00cdCIAS\",\"url\":\"https:\/\/cleitonpinheiro.com.br\/site\/\",\"logo\":{\"@type\":\"ImageObject\",\"inLanguage\":\"pt-BR\",\"@id\":\"https:\/\/cleitonpinheiro.com.br\/site\/#\/schema\/logo\/image\/\",\"url\":\"https:\/\/cleitonpinheiro.com.br\/site\/wp-content\/uploads\/2022\/08\/Logo-pequena-2.png\",\"contentUrl\":\"https:\/\/cleitonpinheiro.com.br\/site\/wp-content\/uploads\/2022\/08\/Logo-pequena-2.png\",\"width\":500,\"height\":500,\"caption\":\"CPNOT\u00cdCIAS\"},\"image\":{\"@id\":\"https:\/\/cleitonpinheiro.com.br\/site\/#\/schema\/logo\/image\/\"},\"sameAs\":[\"https:\/\/www.facebook.com\/portalcpnoticias\/\"]},{\"@type\":\"Person\",\"@id\":\"https:\/\/cleitonpinheiro.com.br\/site\/#\/schema\/person\/aac6d7f311e80c43042e98a900b03cd8\",\"name\":\"Dermival Pereira\",\"image\":{\"@type\":\"ImageObject\",\"inLanguage\":\"pt-BR\",\"@id\":\"https:\/\/cleitonpinheiro.com.br\/site\/#\/schema\/person\/image\/\",\"url\":\"https:\/\/secure.gravatar.com\/avatar\/cfaebf3742d6bf8db728bcba3eed6bee37b02337a2e6c822994f20ca72a3784d?s=96&r=g\",\"contentUrl\":\"https:\/\/secure.gravatar.com\/avatar\/cfaebf3742d6bf8db728bcba3eed6bee37b02337a2e6c822994f20ca72a3784d?s=96&r=g\",\"caption\":\"Dermival Pereira\"},\"url\":\"https:\/\/cleitonpinheiro.com.br\/site\/author\/dermival\/\"}]}<\/script>\n<!-- \/ Yoast SEO plugin. -->","yoast_head_json":{"title":"Novo boletim: Capital Palmas registra 98 novos casos de Covid-19 na \u00faltima uma semana - PORTAL DE NOT\u00cdCIAS CLEITON PINHEIRO","robots":{"index":"index","follow":"follow","max-snippet":"max-snippet:-1","max-image-preview":"max-image-preview:large","max-video-preview":"max-video-preview:-1"},"canonical":"https:\/\/cleitonpinheiro.com.br\/site\/novo-boletim-capital-palmas-registra-98-novos-casos-de-covid-19-na-ultima-uma-semana\/","og_locale":"pt_BR","og_type":"article","og_title":"Novo boletim: Capital Palmas registra 98 novos casos de Covid-19 na \u00faltima uma semana - PORTAL DE NOT\u00cdCIAS CLEITON PINHEIRO","og_description":"Em Palmas, mais 98 casos de covid-19 foram confirmados na \u00faltima semana epidemiol\u00f3gica, de 09 a 15 de abril. No per\u00edodo, 883 pessoas foram testadas. Os dados s\u00e3o do Boletim Epidemiol\u00f3gico n\u00ba 768 desta ter\u00e7a-feira, 18. O documento tamb\u00e9m informa quatros \u00f3bitos decorrentes da enfermidade. Conforme o boletim, as v\u00edtimas eram uma mulher de 59 [&hellip;]","og_url":"https:\/\/cleitonpinheiro.com.br\/site\/novo-boletim-capital-palmas-registra-98-novos-casos-de-covid-19-na-ultima-uma-semana\/","og_site_name":"PORTAL DE NOT\u00cdCIAS CLEITON PINHEIRO","article_publisher":"https:\/\/www.facebook.com\/portalcpnoticias\/","article_published_time":"2023-04-19T11:25:39+00:00","article_modified_time":"2023-04-19T11:25:40+00:00","og_image":[{"width":750,"height":450,"url":"https:\/\/cleitonpinheiro.com.br\/site\/wp-content\/uploads\/2023\/02\/Semus-Foto-Secom.jpg","type":"image\/jpeg"}],"author":"Dermival Pereira","twitter_card":"summary_large_image","twitter_misc":{"Escrito por":"Dermival Pereira","Est. tempo de leitura":"2 minutos"},"schema":{"@context":"https:\/\/schema.org","@graph":[{"@type":"Article","@id":"https:\/\/cleitonpinheiro.com.br\/site\/novo-boletim-capital-palmas-registra-98-novos-casos-de-covid-19-na-ultima-uma-semana\/#article","isPartOf":{"@id":"https:\/\/cleitonpinheiro.com.br\/site\/novo-boletim-capital-palmas-registra-98-novos-casos-de-covid-19-na-ultima-uma-semana\/"},"author":{"name":"Dermival Pereira","@id":"https:\/\/cleitonpinheiro.com.br\/site\/#\/schema\/person\/aac6d7f311e80c43042e98a900b03cd8"},"headline":"Novo boletim: Capital Palmas registra 98 novos casos de Covid-19 na \u00faltima uma semana","datePublished":"2023-04-19T11:25:39+00:00","dateModified":"2023-04-19T11:25:40+00:00","mainEntityOfPage":{"@id":"https:\/\/cleitonpinheiro.com.br\/site\/novo-boletim-capital-palmas-registra-98-novos-casos-de-covid-19-na-ultima-uma-semana\/"},"wordCount":318,"commentCount":0,"publisher":{"@id":"https:\/\/cleitonpinheiro.com.br\/site\/#organization"},"image":{"@id":"https:\/\/cleitonpinheiro.com.br\/site\/novo-boletim-capital-palmas-registra-98-novos-casos-de-covid-19-na-ultima-uma-semana\/#primaryimage"},"thumbnailUrl":"https:\/\/cleitonpinheiro.com.br\/site\/wp-content\/uploads\/2023\/02\/Semus-Foto-Secom.jpg","articleSection":["CIDADES","MANCHETE SEGUND\u00c1RIA"],"inLanguage":"pt-BR","potentialAction":[{"@type":"CommentAction","name":"Comment","target":["https:\/\/cleitonpinheiro.com.br\/site\/novo-boletim-capital-palmas-registra-98-novos-casos-de-covid-19-na-ultima-uma-semana\/#respond"]}]},{"@type":"WebPage","@id":"https:\/\/cleitonpinheiro.com.br\/site\/novo-boletim-capital-palmas-registra-98-novos-casos-de-covid-19-na-ultima-uma-semana\/","url":"https:\/\/cleitonpinheiro.com.br\/site\/novo-boletim-capital-palmas-registra-98-novos-casos-de-covid-19-na-ultima-uma-semana\/","name":"Novo boletim: Capital Palmas registra 98 novos casos de Covid-19 na \u00faltima uma semana - PORTAL DE NOT\u00cdCIAS CLEITON PINHEIRO","isPartOf":{"@id":"https:\/\/cleitonpinheiro.com.br\/site\/#website"},"primaryImageOfPage":{"@id":"https:\/\/cleitonpinheiro.com.br\/site\/novo-boletim-capital-palmas-registra-98-novos-casos-de-covid-19-na-ultima-uma-semana\/#primaryimage"},"image":{"@id":"https:\/\/cleitonpinheiro.com.br\/site\/novo-boletim-capital-palmas-registra-98-novos-casos-de-covid-19-na-ultima-uma-semana\/#primaryimage"},"thumbnailUrl":"https:\/\/cleitonpinheiro.com.br\/site\/wp-content\/uploads\/2023\/02\/Semus-Foto-Secom.jpg","datePublished":"2023-04-19T11:25:39+00:00","dateModified":"2023-04-19T11:25:40+00:00","breadcrumb":{"@id":"https:\/\/cleitonpinheiro.com.br\/site\/novo-boletim-capital-palmas-registra-98-novos-casos-de-covid-19-na-ultima-uma-semana\/#breadcrumb"},"inLanguage":"pt-BR","potentialAction":[{"@type":"ReadAction","target":["https:\/\/cleitonpinheiro.com.br\/site\/novo-boletim-capital-palmas-registra-98-novos-casos-de-covid-19-na-ultima-uma-semana\/"]}]},{"@type":"ImageObject","inLanguage":"pt-BR","@id":"https:\/\/cleitonpinheiro.com.br\/site\/novo-boletim-capital-palmas-registra-98-novos-casos-de-covid-19-na-ultima-uma-semana\/#primaryimage","url":"","contentUrl":""},{"@type":"BreadcrumbList","@id":"https:\/\/cleitonpinheiro.com.br\/site\/novo-boletim-capital-palmas-registra-98-novos-casos-de-covid-19-na-ultima-uma-semana\/#breadcrumb","itemListElement":[{"@type":"ListItem","position":1,"name":"In\u00edcio","item":"https:\/\/cleitonpinheiro.com.br\/site\/"},{"@type":"ListItem","position":2,"name":"Novo boletim: Capital Palmas registra 98 novos casos de Covid-19 na \u00faltima uma semana"}]},{"@type":"WebSite","@id":"https:\/\/cleitonpinheiro.com.br\/site\/#website","url":"https:\/\/cleitonpinheiro.com.br\/site\/","name":"PORTAL DE NOT\u00cdCIAS CLEITON PINHEIRO","description":"FALANDO A VERDADE","publisher":{"@id":"https:\/\/cleitonpinheiro.com.br\/site\/#organization"},"potentialAction":[{"@type":"SearchAction","target":{"@type":"EntryPoint","urlTemplate":"https:\/\/cleitonpinheiro.com.br\/site\/?s={search_term_string}"},"query-input":{"@type":"PropertyValueSpecification","valueRequired":true,"valueName":"search_term_string"}}],"inLanguage":"pt-BR"},{"@type":"Organization","@id":"https:\/\/cleitonpinheiro.com.br\/site\/#organization","name":"CPNOT\u00cdCIAS","url":"https:\/\/cleitonpinheiro.com.br\/site\/","logo":{"@type":"ImageObject","inLanguage":"pt-BR","@id":"https:\/\/cleitonpinheiro.com.br\/site\/#\/schema\/logo\/image\/","url":"https:\/\/cleitonpinheiro.com.br\/site\/wp-content\/uploads\/2022\/08\/Logo-pequena-2.png","contentUrl":"https:\/\/cleitonpinheiro.com.br\/site\/wp-content\/uploads\/2022\/08\/Logo-pequena-2.png","width":500,"height":500,"caption":"CPNOT\u00cdCIAS"},"image":{"@id":"https:\/\/cleitonpinheiro.com.br\/site\/#\/schema\/logo\/image\/"},"sameAs":["https:\/\/www.facebook.com\/portalcpnoticias\/"]},{"@type":"Person","@id":"https:\/\/cleitonpinheiro.com.br\/site\/#\/schema\/person\/aac6d7f311e80c43042e98a900b03cd8","name":"Dermival Pereira","image":{"@type":"ImageObject","inLanguage":"pt-BR","@id":"https:\/\/cleitonpinheiro.com.br\/site\/#\/schema\/person\/image\/","url":"https:\/\/secure.gravatar.com\/avatar\/cfaebf3742d6bf8db728bcba3eed6bee37b02337a2e6c822994f20ca72a3784d?s=96&r=g","contentUrl":"https:\/\/secure.gravatar.com\/avatar\/cfaebf3742d6bf8db728bcba3eed6bee37b02337a2e6c822994f20ca72a3784d?s=96&r=g","caption":"Dermival Pereira"},"url":"https:\/\/cleitonpinheiro.com.br\/site\/author\/dermival\/"}]}},"views":232,"_links":{"self":[{"href":"https:\/\/cleitonpinheiro.com.br\/site\/wp-json\/wp\/v2\/posts\/70335","targetHints":{"allow":["GET"]}}],"collection":[{"href":"https:\/\/cleitonpinheiro.com.br\/site\/wp-json\/wp\/v2\/posts"}],"about":[{"href":"https:\/\/cleitonpinheiro.com.br\/site\/wp-json\/wp\/v2\/types\/post"}],"author":[{"embeddable":true,"href":"https:\/\/cleitonpinheiro.com.br\/site\/wp-json\/wp\/v2\/users\/4"}],"replies":[{"embeddable":true,"href":"https:\/\/cleitonpinheiro.com.br\/site\/wp-json\/wp\/v2\/comments?post=70335"}],"version-history":[{"count":1,"href":"https:\/\/cleitonpinheiro.com.br\/site\/wp-json\/wp\/v2\/posts\/70335\/revisions"}],"predecessor-version":[{"id":70336,"href":"https:\/\/cleitonpinheiro.com.br\/site\/wp-json\/wp\/v2\/posts\/70335\/revisions\/70336"}],"wp:attachment":[{"href":"https:\/\/cleitonpinheiro.com.br\/site\/wp-json\/wp\/v2\/media?parent=70335"}],"wp:term":[{"taxonomy":"category","embeddable":true,"href":"https:\/\/cleitonpinheiro.com.br\/site\/wp-json\/wp\/v2\/categories?post=70335"},{"taxonomy":"post_tag","embeddable":true,"href":"https:\/\/cleitonpinheiro.com.br\/site\/wp-json\/wp\/v2\/tags?post=70335"}],"curies":[{"name":"wp","href":"https:\/\/api.w.org\/{rel}","templated":true}]}}