{"id":70337,"date":"2023-04-19T08:33:56","date_gmt":"2023-04-19T11:33:56","guid":{"rendered":"https:\/\/cleitonpinheiro.com.br\/site\/?p=70337"},"modified":"2023-04-19T08:34:52","modified_gmt":"2023-04-19T11:34:52","slug":"prefeitura-de-santa-rita-do-to-divulga-atracoes-da-programacao-de-aniversario-de-29-anos","status":"publish","type":"post","link":"https:\/\/cleitonpinheiro.com.br\/site\/prefeitura-de-santa-rita-do-to-divulga-atracoes-da-programacao-de-aniversario-de-29-anos\/","title":{"rendered":"Prefeitura de Santa Rita do TO divulga atra\u00e7\u00f5es da programa\u00e7\u00e3o de anivers\u00e1rio de 29 anos"},"content":{"rendered":"\n<figure class=\"wp-block-image size-full is-resized\"><img fetchpriority=\"high\" decoding=\"async\" src=\"https:\/\/cleitonpinheiro.com.br\/site\/wp-content\/uploads\/2023\/04\/Design-sem-nome-2023-04-19T083256-compressed.jpg\" alt=\"\" class=\"wp-image-70338\" width=\"1018\" height=\"611\"\/><\/figure>\n\n\n\n<p>Dupla Gustavo Moura e Rafael est\u00e3o entre as atra\u00e7\u00f5es &#8211; Foto: Divulga\u00e7\u00e3o<\/p>\n\n\n\n<p>A cidade de Santa Rita do TO, na regi\u00e3o sul do Estado, completa 29 anos de emancipa\u00e7\u00e3o pol\u00edtica no pr\u00f3ximo dia 26 &nbsp;de maio, e a Prefeitura Municipal da cidade est\u00e1 preparando uma programa\u00e7\u00e3o festiva para homenagear a data. O destaque \u00e9 a tradicional Vaquejada, que re\u00fane participantes de todo o Brasil e, este ano, oferecer\u00e1 mais de R$ 26 mil em pr\u00eamios, sendo realizada com o apoio da Prefeitura e patroc\u00ednio da empresa Martinelli Empreendimentos Agr\u00edcolas.<\/p>\n\n\n\n<p>Al\u00e9m disso, a previs\u00e3o \u00e9 que durante quatro dias ocorram shows e outras atividades festivas, em uma estrutura montada pela Prefeitura Municipal, que contempla tamb\u00e9m espa\u00e7os para os comerciantes locais. Confira a programa\u00e7\u00e3o abaixo.<\/p>\n\n\n\n<p>&#8220;Queremos homenagear os moradores da nossa querida cidade com eventos que contemplem os v\u00e1rios p\u00fablicos, desde \u00e0 comunidade evang\u00e9lica, ao jovem e o p\u00fablico maduro que gosta de um forrozinho&#8221;, destaca a prefeita da cidade, Neila Maria da Silva.<br><strong><br>Anivers\u00e1rio de 29 anos de &nbsp;Santa Rita do TO<br><br>Programa\u00e7\u00e3o:<br>Quinta-feira, dia 25 &#8211; Dia do Evang\u00e9lico<\/strong><br>Atra\u00e7\u00e3o: Kleber Nascimento<\/p>\n\n\n\n<p><strong>Sexta-feira, dia 26<\/strong><br>Atra\u00e7\u00e3o: Forr\u00f3 Top 10<\/p>\n\n\n\n<p><strong>S\u00e1bado, dia 27<\/strong><br>Atra\u00e7\u00e3o:<br>Gustavo Moura e Rafael<\/p>\n\n\n\n<p>Forr\u00f3 da Espora<\/p>\n\n\n\n<p><strong>Domingo, dia 28<\/strong><br>Atra\u00e7\u00e3o: Banda Brotos e Izo Maranh\u00e3o<\/p>\n\n\n\n<p><strong><br>29\u00aa Vaquejada de Santa Rita do TO<br><\/strong><br>Competi\u00e7\u00f5es nas categorias Profissional, Amador e Feminino<br>Mais de R$ 26 mil em premia\u00e7\u00e3o<\/p>\n\n\n\n<p>Premia\u00e7\u00e3o Categoria Amador &#8211; R$ 10 mil em pr\u00eamios<br>1 \u00b0 lugar &#8211; R$ 4 mil<br>2\u00b0 ao 5\u00b0 lugar &#8211; R$ 1.500,00 cada<br>1 senha: R$ 200,00<br>2 senhas: R$ 350,00<br>&#8211; B\u00d4NUS: 2 bois para bater uma senha e 3 bois para bater as duas senhas<br>&#8211; Os primeiros 40 kits pagos do Amador entrar\u00e3o na segunda rodada da disputa.<\/p>\n\n\n\n<p>Premia\u00e7\u00e3o Profissional Tropa de Elite &#8211; 1 moto<br>1 kit &#8211; R$ 300,00 ( 1 boi)<br>2 kits &#8211; R$ 500,00 ( 2 bois)<br>B\u00d4NUS: Os primos 40 kits pagos do Profissional entrar\u00e3o na segunda rodada da disputa.<\/p>\n\n\n\n<p>Tropa \u00a0de Elite Feminina<br>Premia\u00e7\u00e3o R$ 1.200,00<br>Senha 100% gratuita <em><strong>(Fonte: Ascom).<\/strong><\/em><\/p>\n","protected":false},"excerpt":{"rendered":"<p>Dupla Gustavo Moura e Rafael est\u00e3o entre as atra\u00e7\u00f5es &#8211; Foto: Divulga\u00e7\u00e3o A cidade de Santa Rita do TO, na regi\u00e3o sul do Estado, completa 29 anos de emancipa\u00e7\u00e3o pol\u00edtica no pr\u00f3ximo dia 26 &nbsp;de maio, e a Prefeitura Municipal da cidade est\u00e1 preparando uma programa\u00e7\u00e3o festiva para homenagear a data. O destaque \u00e9 a [&hellip;]<\/p>\n","protected":false},"author":4,"featured_media":0,"comment_status":"open","ping_status":"open","sticky":false,"template":"","format":"standard","meta":{"_acf_changed":false,"footnotes":""},"categories":[22,898],"tags":[],"class_list":["post-70337","post","type-post","status-publish","format-standard","hentry","category-cidades","category-manchete-segundaria"],"acf":[],"yoast_head":"<!-- This site is optimized with the Yoast SEO plugin v24.4 - https:\/\/yoast.com\/wordpress\/plugins\/seo\/ -->\n<title>Prefeitura de Santa Rita do TO divulga atra\u00e7\u00f5es da programa\u00e7\u00e3o de anivers\u00e1rio de 29 anos - PORTAL DE NOT\u00cdCIAS CLEITON PINHEIRO<\/title>\n<meta name=\"robots\" content=\"index, follow, max-snippet:-1, max-image-preview:large, max-video-preview:-1\" \/>\n<link rel=\"canonical\" href=\"https:\/\/cleitonpinheiro.com.br\/site\/prefeitura-de-santa-rita-do-to-divulga-atracoes-da-programacao-de-aniversario-de-29-anos\/\" \/>\n<meta property=\"og:locale\" content=\"pt_BR\" \/>\n<meta property=\"og:type\" content=\"article\" \/>\n<meta property=\"og:title\" content=\"Prefeitura de Santa Rita do TO divulga atra\u00e7\u00f5es da programa\u00e7\u00e3o de anivers\u00e1rio de 29 anos - PORTAL DE NOT\u00cdCIAS CLEITON PINHEIRO\" \/>\n<meta property=\"og:description\" content=\"Dupla Gustavo Moura e Rafael est\u00e3o entre as atra\u00e7\u00f5es &#8211; Foto: Divulga\u00e7\u00e3o A cidade de Santa Rita do TO, na regi\u00e3o sul do Estado, completa 29 anos de emancipa\u00e7\u00e3o pol\u00edtica no pr\u00f3ximo dia 26 &nbsp;de maio, e a Prefeitura Municipal da cidade est\u00e1 preparando uma programa\u00e7\u00e3o festiva para homenagear a data. O destaque \u00e9 a [&hellip;]\" \/>\n<meta property=\"og:url\" content=\"https:\/\/cleitonpinheiro.com.br\/site\/prefeitura-de-santa-rita-do-to-divulga-atracoes-da-programacao-de-aniversario-de-29-anos\/\" \/>\n<meta property=\"og:site_name\" content=\"PORTAL DE NOT\u00cdCIAS CLEITON PINHEIRO\" \/>\n<meta property=\"article:publisher\" content=\"https:\/\/www.facebook.com\/portalcpnoticias\/\" \/>\n<meta property=\"article:published_time\" content=\"2023-04-19T11:33:56+00:00\" \/>\n<meta property=\"article:modified_time\" content=\"2023-04-19T11:34:52+00:00\" \/>\n<meta property=\"og:image\" content=\"https:\/\/cleitonpinheiro.com.br\/site\/wp-content\/uploads\/2023\/04\/Design-sem-nome-2023-04-19T083256-compressed.jpg\" \/>\n\t<meta property=\"og:image:width\" content=\"750\" \/>\n\t<meta property=\"og:image:height\" content=\"450\" \/>\n\t<meta property=\"og:image:type\" content=\"image\/jpeg\" \/>\n<meta name=\"author\" content=\"Dermival Pereira\" \/>\n<meta name=\"twitter:card\" content=\"summary_large_image\" \/>\n<meta name=\"twitter:label1\" content=\"Escrito por\" \/>\n\t<meta name=\"twitter:data1\" content=\"Dermival Pereira\" \/>\n\t<meta name=\"twitter:label2\" content=\"Est. tempo de leitura\" \/>\n\t<meta name=\"twitter:data2\" content=\"3 minutos\" \/>\n<script type=\"application\/ld+json\" class=\"yoast-schema-graph\">{\"@context\":\"https:\/\/schema.org\",\"@graph\":[{\"@type\":\"Article\",\"@id\":\"https:\/\/cleitonpinheiro.com.br\/site\/prefeitura-de-santa-rita-do-to-divulga-atracoes-da-programacao-de-aniversario-de-29-anos\/#article\",\"isPartOf\":{\"@id\":\"https:\/\/cleitonpinheiro.com.br\/site\/prefeitura-de-santa-rita-do-to-divulga-atracoes-da-programacao-de-aniversario-de-29-anos\/\"},\"author\":{\"name\":\"Dermival Pereira\",\"@id\":\"https:\/\/cleitonpinheiro.com.br\/site\/#\/schema\/person\/aac6d7f311e80c43042e98a900b03cd8\"},\"headline\":\"Prefeitura de Santa Rita do TO divulga atra\u00e7\u00f5es da programa\u00e7\u00e3o de anivers\u00e1rio de 29 anos\",\"datePublished\":\"2023-04-19T11:33:56+00:00\",\"dateModified\":\"2023-04-19T11:34:52+00:00\",\"mainEntityOfPage\":{\"@id\":\"https:\/\/cleitonpinheiro.com.br\/site\/prefeitura-de-santa-rita-do-to-divulga-atracoes-da-programacao-de-aniversario-de-29-anos\/\"},\"wordCount\":358,\"commentCount\":0,\"publisher\":{\"@id\":\"https:\/\/cleitonpinheiro.com.br\/site\/#organization\"},\"image\":{\"@id\":\"https:\/\/cleitonpinheiro.com.br\/site\/prefeitura-de-santa-rita-do-to-divulga-atracoes-da-programacao-de-aniversario-de-29-anos\/#primaryimage\"},\"thumbnailUrl\":\"https:\/\/cleitonpinheiro.com.br\/site\/wp-content\/uploads\/2023\/04\/Design-sem-nome-2023-04-19T083256-compressed.jpg\",\"articleSection\":[\"CIDADES\",\"MANCHETE SEGUND\u00c1RIA\"],\"inLanguage\":\"pt-BR\",\"potentialAction\":[{\"@type\":\"CommentAction\",\"name\":\"Comment\",\"target\":[\"https:\/\/cleitonpinheiro.com.br\/site\/prefeitura-de-santa-rita-do-to-divulga-atracoes-da-programacao-de-aniversario-de-29-anos\/#respond\"]}]},{\"@type\":\"WebPage\",\"@id\":\"https:\/\/cleitonpinheiro.com.br\/site\/prefeitura-de-santa-rita-do-to-divulga-atracoes-da-programacao-de-aniversario-de-29-anos\/\",\"url\":\"https:\/\/cleitonpinheiro.com.br\/site\/prefeitura-de-santa-rita-do-to-divulga-atracoes-da-programacao-de-aniversario-de-29-anos\/\",\"name\":\"Prefeitura de Santa Rita do TO divulga atra\u00e7\u00f5es da programa\u00e7\u00e3o de anivers\u00e1rio de 29 anos - PORTAL DE NOT\u00cdCIAS CLEITON PINHEIRO\",\"isPartOf\":{\"@id\":\"https:\/\/cleitonpinheiro.com.br\/site\/#website\"},\"primaryImageOfPage\":{\"@id\":\"https:\/\/cleitonpinheiro.com.br\/site\/prefeitura-de-santa-rita-do-to-divulga-atracoes-da-programacao-de-aniversario-de-29-anos\/#primaryimage\"},\"image\":{\"@id\":\"https:\/\/cleitonpinheiro.com.br\/site\/prefeitura-de-santa-rita-do-to-divulga-atracoes-da-programacao-de-aniversario-de-29-anos\/#primaryimage\"},\"thumbnailUrl\":\"https:\/\/cleitonpinheiro.com.br\/site\/wp-content\/uploads\/2023\/04\/Design-sem-nome-2023-04-19T083256-compressed.jpg\",\"datePublished\":\"2023-04-19T11:33:56+00:00\",\"dateModified\":\"2023-04-19T11:34:52+00:00\",\"breadcrumb\":{\"@id\":\"https:\/\/cleitonpinheiro.com.br\/site\/prefeitura-de-santa-rita-do-to-divulga-atracoes-da-programacao-de-aniversario-de-29-anos\/#breadcrumb\"},\"inLanguage\":\"pt-BR\",\"potentialAction\":[{\"@type\":\"ReadAction\",\"target\":[\"https:\/\/cleitonpinheiro.com.br\/site\/prefeitura-de-santa-rita-do-to-divulga-atracoes-da-programacao-de-aniversario-de-29-anos\/\"]}]},{\"@type\":\"ImageObject\",\"inLanguage\":\"pt-BR\",\"@id\":\"https:\/\/cleitonpinheiro.com.br\/site\/prefeitura-de-santa-rita-do-to-divulga-atracoes-da-programacao-de-aniversario-de-29-anos\/#primaryimage\",\"url\":\"\",\"contentUrl\":\"\"},{\"@type\":\"BreadcrumbList\",\"@id\":\"https:\/\/cleitonpinheiro.com.br\/site\/prefeitura-de-santa-rita-do-to-divulga-atracoes-da-programacao-de-aniversario-de-29-anos\/#breadcrumb\",\"itemListElement\":[{\"@type\":\"ListItem\",\"position\":1,\"name\":\"In\u00edcio\",\"item\":\"https:\/\/cleitonpinheiro.com.br\/site\/\"},{\"@type\":\"ListItem\",\"position\":2,\"name\":\"Prefeitura de Santa Rita do TO divulga atra\u00e7\u00f5es da programa\u00e7\u00e3o de anivers\u00e1rio de 29 anos\"}]},{\"@type\":\"WebSite\",\"@id\":\"https:\/\/cleitonpinheiro.com.br\/site\/#website\",\"url\":\"https:\/\/cleitonpinheiro.com.br\/site\/\",\"name\":\"PORTAL DE NOT\u00cdCIAS CLEITON PINHEIRO\",\"description\":\"FALANDO A VERDADE\",\"publisher\":{\"@id\":\"https:\/\/cleitonpinheiro.com.br\/site\/#organization\"},\"potentialAction\":[{\"@type\":\"SearchAction\",\"target\":{\"@type\":\"EntryPoint\",\"urlTemplate\":\"https:\/\/cleitonpinheiro.com.br\/site\/?s={search_term_string}\"},\"query-input\":{\"@type\":\"PropertyValueSpecification\",\"valueRequired\":true,\"valueName\":\"search_term_string\"}}],\"inLanguage\":\"pt-BR\"},{\"@type\":\"Organization\",\"@id\":\"https:\/\/cleitonpinheiro.com.br\/site\/#organization\",\"name\":\"CPNOT\u00cdCIAS\",\"url\":\"https:\/\/cleitonpinheiro.com.br\/site\/\",\"logo\":{\"@type\":\"ImageObject\",\"inLanguage\":\"pt-BR\",\"@id\":\"https:\/\/cleitonpinheiro.com.br\/site\/#\/schema\/logo\/image\/\",\"url\":\"https:\/\/cleitonpinheiro.com.br\/site\/wp-content\/uploads\/2022\/08\/Logo-pequena-2.png\",\"contentUrl\":\"https:\/\/cleitonpinheiro.com.br\/site\/wp-content\/uploads\/2022\/08\/Logo-pequena-2.png\",\"width\":500,\"height\":500,\"caption\":\"CPNOT\u00cdCIAS\"},\"image\":{\"@id\":\"https:\/\/cleitonpinheiro.com.br\/site\/#\/schema\/logo\/image\/\"},\"sameAs\":[\"https:\/\/www.facebook.com\/portalcpnoticias\/\"]},{\"@type\":\"Person\",\"@id\":\"https:\/\/cleitonpinheiro.com.br\/site\/#\/schema\/person\/aac6d7f311e80c43042e98a900b03cd8\",\"name\":\"Dermival Pereira\",\"image\":{\"@type\":\"ImageObject\",\"inLanguage\":\"pt-BR\",\"@id\":\"https:\/\/cleitonpinheiro.com.br\/site\/#\/schema\/person\/image\/\",\"url\":\"https:\/\/secure.gravatar.com\/avatar\/cfaebf3742d6bf8db728bcba3eed6bee37b02337a2e6c822994f20ca72a3784d?s=96&r=g\",\"contentUrl\":\"https:\/\/secure.gravatar.com\/avatar\/cfaebf3742d6bf8db728bcba3eed6bee37b02337a2e6c822994f20ca72a3784d?s=96&r=g\",\"caption\":\"Dermival Pereira\"},\"url\":\"https:\/\/cleitonpinheiro.com.br\/site\/author\/dermival\/\"}]}<\/script>\n<!-- \/ Yoast SEO plugin. -->","yoast_head_json":{"title":"Prefeitura de Santa Rita do TO divulga atra\u00e7\u00f5es da programa\u00e7\u00e3o de anivers\u00e1rio de 29 anos - PORTAL DE NOT\u00cdCIAS CLEITON PINHEIRO","robots":{"index":"index","follow":"follow","max-snippet":"max-snippet:-1","max-image-preview":"max-image-preview:large","max-video-preview":"max-video-preview:-1"},"canonical":"https:\/\/cleitonpinheiro.com.br\/site\/prefeitura-de-santa-rita-do-to-divulga-atracoes-da-programacao-de-aniversario-de-29-anos\/","og_locale":"pt_BR","og_type":"article","og_title":"Prefeitura de Santa Rita do TO divulga atra\u00e7\u00f5es da programa\u00e7\u00e3o de anivers\u00e1rio de 29 anos - PORTAL DE NOT\u00cdCIAS CLEITON PINHEIRO","og_description":"Dupla Gustavo Moura e Rafael est\u00e3o entre as atra\u00e7\u00f5es &#8211; Foto: Divulga\u00e7\u00e3o A cidade de Santa Rita do TO, na regi\u00e3o sul do Estado, completa 29 anos de emancipa\u00e7\u00e3o pol\u00edtica no pr\u00f3ximo dia 26 &nbsp;de maio, e a Prefeitura Municipal da cidade est\u00e1 preparando uma programa\u00e7\u00e3o festiva para homenagear a data. O destaque \u00e9 a [&hellip;]","og_url":"https:\/\/cleitonpinheiro.com.br\/site\/prefeitura-de-santa-rita-do-to-divulga-atracoes-da-programacao-de-aniversario-de-29-anos\/","og_site_name":"PORTAL DE NOT\u00cdCIAS CLEITON PINHEIRO","article_publisher":"https:\/\/www.facebook.com\/portalcpnoticias\/","article_published_time":"2023-04-19T11:33:56+00:00","article_modified_time":"2023-04-19T11:34:52+00:00","og_image":[{"width":750,"height":450,"url":"https:\/\/cleitonpinheiro.com.br\/site\/wp-content\/uploads\/2023\/04\/Design-sem-nome-2023-04-19T083256-compressed.jpg","type":"image\/jpeg"}],"author":"Dermival Pereira","twitter_card":"summary_large_image","twitter_misc":{"Escrito por":"Dermival Pereira","Est. tempo de leitura":"3 minutos"},"schema":{"@context":"https:\/\/schema.org","@graph":[{"@type":"Article","@id":"https:\/\/cleitonpinheiro.com.br\/site\/prefeitura-de-santa-rita-do-to-divulga-atracoes-da-programacao-de-aniversario-de-29-anos\/#article","isPartOf":{"@id":"https:\/\/cleitonpinheiro.com.br\/site\/prefeitura-de-santa-rita-do-to-divulga-atracoes-da-programacao-de-aniversario-de-29-anos\/"},"author":{"name":"Dermival Pereira","@id":"https:\/\/cleitonpinheiro.com.br\/site\/#\/schema\/person\/aac6d7f311e80c43042e98a900b03cd8"},"headline":"Prefeitura de Santa Rita do TO divulga atra\u00e7\u00f5es da programa\u00e7\u00e3o de anivers\u00e1rio de 29 anos","datePublished":"2023-04-19T11:33:56+00:00","dateModified":"2023-04-19T11:34:52+00:00","mainEntityOfPage":{"@id":"https:\/\/cleitonpinheiro.com.br\/site\/prefeitura-de-santa-rita-do-to-divulga-atracoes-da-programacao-de-aniversario-de-29-anos\/"},"wordCount":358,"commentCount":0,"publisher":{"@id":"https:\/\/cleitonpinheiro.com.br\/site\/#organization"},"image":{"@id":"https:\/\/cleitonpinheiro.com.br\/site\/prefeitura-de-santa-rita-do-to-divulga-atracoes-da-programacao-de-aniversario-de-29-anos\/#primaryimage"},"thumbnailUrl":"https:\/\/cleitonpinheiro.com.br\/site\/wp-content\/uploads\/2023\/04\/Design-sem-nome-2023-04-19T083256-compressed.jpg","articleSection":["CIDADES","MANCHETE SEGUND\u00c1RIA"],"inLanguage":"pt-BR","potentialAction":[{"@type":"CommentAction","name":"Comment","target":["https:\/\/cleitonpinheiro.com.br\/site\/prefeitura-de-santa-rita-do-to-divulga-atracoes-da-programacao-de-aniversario-de-29-anos\/#respond"]}]},{"@type":"WebPage","@id":"https:\/\/cleitonpinheiro.com.br\/site\/prefeitura-de-santa-rita-do-to-divulga-atracoes-da-programacao-de-aniversario-de-29-anos\/","url":"https:\/\/cleitonpinheiro.com.br\/site\/prefeitura-de-santa-rita-do-to-divulga-atracoes-da-programacao-de-aniversario-de-29-anos\/","name":"Prefeitura de Santa Rita do TO divulga atra\u00e7\u00f5es da programa\u00e7\u00e3o de anivers\u00e1rio de 29 anos - PORTAL DE NOT\u00cdCIAS CLEITON PINHEIRO","isPartOf":{"@id":"https:\/\/cleitonpinheiro.com.br\/site\/#website"},"primaryImageOfPage":{"@id":"https:\/\/cleitonpinheiro.com.br\/site\/prefeitura-de-santa-rita-do-to-divulga-atracoes-da-programacao-de-aniversario-de-29-anos\/#primaryimage"},"image":{"@id":"https:\/\/cleitonpinheiro.com.br\/site\/prefeitura-de-santa-rita-do-to-divulga-atracoes-da-programacao-de-aniversario-de-29-anos\/#primaryimage"},"thumbnailUrl":"https:\/\/cleitonpinheiro.com.br\/site\/wp-content\/uploads\/2023\/04\/Design-sem-nome-2023-04-19T083256-compressed.jpg","datePublished":"2023-04-19T11:33:56+00:00","dateModified":"2023-04-19T11:34:52+00:00","breadcrumb":{"@id":"https:\/\/cleitonpinheiro.com.br\/site\/prefeitura-de-santa-rita-do-to-divulga-atracoes-da-programacao-de-aniversario-de-29-anos\/#breadcrumb"},"inLanguage":"pt-BR","potentialAction":[{"@type":"ReadAction","target":["https:\/\/cleitonpinheiro.com.br\/site\/prefeitura-de-santa-rita-do-to-divulga-atracoes-da-programacao-de-aniversario-de-29-anos\/"]}]},{"@type":"ImageObject","inLanguage":"pt-BR","@id":"https:\/\/cleitonpinheiro.com.br\/site\/prefeitura-de-santa-rita-do-to-divulga-atracoes-da-programacao-de-aniversario-de-29-anos\/#primaryimage","url":"","contentUrl":""},{"@type":"BreadcrumbList","@id":"https:\/\/cleitonpinheiro.com.br\/site\/prefeitura-de-santa-rita-do-to-divulga-atracoes-da-programacao-de-aniversario-de-29-anos\/#breadcrumb","itemListElement":[{"@type":"ListItem","position":1,"name":"In\u00edcio","item":"https:\/\/cleitonpinheiro.com.br\/site\/"},{"@type":"ListItem","position":2,"name":"Prefeitura de Santa Rita do TO divulga atra\u00e7\u00f5es da programa\u00e7\u00e3o de anivers\u00e1rio de 29 anos"}]},{"@type":"WebSite","@id":"https:\/\/cleitonpinheiro.com.br\/site\/#website","url":"https:\/\/cleitonpinheiro.com.br\/site\/","name":"PORTAL DE NOT\u00cdCIAS CLEITON PINHEIRO","description":"FALANDO A VERDADE","publisher":{"@id":"https:\/\/cleitonpinheiro.com.br\/site\/#organization"},"potentialAction":[{"@type":"SearchAction","target":{"@type":"EntryPoint","urlTemplate":"https:\/\/cleitonpinheiro.com.br\/site\/?s={search_term_string}"},"query-input":{"@type":"PropertyValueSpecification","valueRequired":true,"valueName":"search_term_string"}}],"inLanguage":"pt-BR"},{"@type":"Organization","@id":"https:\/\/cleitonpinheiro.com.br\/site\/#organization","name":"CPNOT\u00cdCIAS","url":"https:\/\/cleitonpinheiro.com.br\/site\/","logo":{"@type":"ImageObject","inLanguage":"pt-BR","@id":"https:\/\/cleitonpinheiro.com.br\/site\/#\/schema\/logo\/image\/","url":"https:\/\/cleitonpinheiro.com.br\/site\/wp-content\/uploads\/2022\/08\/Logo-pequena-2.png","contentUrl":"https:\/\/cleitonpinheiro.com.br\/site\/wp-content\/uploads\/2022\/08\/Logo-pequena-2.png","width":500,"height":500,"caption":"CPNOT\u00cdCIAS"},"image":{"@id":"https:\/\/cleitonpinheiro.com.br\/site\/#\/schema\/logo\/image\/"},"sameAs":["https:\/\/www.facebook.com\/portalcpnoticias\/"]},{"@type":"Person","@id":"https:\/\/cleitonpinheiro.com.br\/site\/#\/schema\/person\/aac6d7f311e80c43042e98a900b03cd8","name":"Dermival Pereira","image":{"@type":"ImageObject","inLanguage":"pt-BR","@id":"https:\/\/cleitonpinheiro.com.br\/site\/#\/schema\/person\/image\/","url":"https:\/\/secure.gravatar.com\/avatar\/cfaebf3742d6bf8db728bcba3eed6bee37b02337a2e6c822994f20ca72a3784d?s=96&r=g","contentUrl":"https:\/\/secure.gravatar.com\/avatar\/cfaebf3742d6bf8db728bcba3eed6bee37b02337a2e6c822994f20ca72a3784d?s=96&r=g","caption":"Dermival Pereira"},"url":"https:\/\/cleitonpinheiro.com.br\/site\/author\/dermival\/"}]}},"views":321,"_links":{"self":[{"href":"https:\/\/cleitonpinheiro.com.br\/site\/wp-json\/wp\/v2\/posts\/70337","targetHints":{"allow":["GET"]}}],"collection":[{"href":"https:\/\/cleitonpinheiro.com.br\/site\/wp-json\/wp\/v2\/posts"}],"about":[{"href":"https:\/\/cleitonpinheiro.com.br\/site\/wp-json\/wp\/v2\/types\/post"}],"author":[{"embeddable":true,"href":"https:\/\/cleitonpinheiro.com.br\/site\/wp-json\/wp\/v2\/users\/4"}],"replies":[{"embeddable":true,"href":"https:\/\/cleitonpinheiro.com.br\/site\/wp-json\/wp\/v2\/comments?post=70337"}],"version-history":[{"count":2,"href":"https:\/\/cleitonpinheiro.com.br\/site\/wp-json\/wp\/v2\/posts\/70337\/revisions"}],"predecessor-version":[{"id":70340,"href":"https:\/\/cleitonpinheiro.com.br\/site\/wp-json\/wp\/v2\/posts\/70337\/revisions\/70340"}],"wp:attachment":[{"href":"https:\/\/cleitonpinheiro.com.br\/site\/wp-json\/wp\/v2\/media?parent=70337"}],"wp:term":[{"taxonomy":"category","embeddable":true,"href":"https:\/\/cleitonpinheiro.com.br\/site\/wp-json\/wp\/v2\/categories?post=70337"},{"taxonomy":"post_tag","embeddable":true,"href":"https:\/\/cleitonpinheiro.com.br\/site\/wp-json\/wp\/v2\/tags?post=70337"}],"curies":[{"name":"wp","href":"https:\/\/api.w.org\/{rel}","templated":true}]}}