{"id":70341,"date":"2023-04-19T09:55:29","date_gmt":"2023-04-19T12:55:29","guid":{"rendered":"https:\/\/cleitonpinheiro.com.br\/site\/?p=70341"},"modified":"2023-04-19T09:55:32","modified_gmt":"2023-04-19T12:55:32","slug":"policia-civil-prende-oito-pessoas-em-operacao-contra-ataques-em-escolas-em-cinco-estados","status":"publish","type":"post","link":"https:\/\/cleitonpinheiro.com.br\/site\/policia-civil-prende-oito-pessoas-em-operacao-contra-ataques-em-escolas-em-cinco-estados\/","title":{"rendered":"Pol\u00edcia Civil prende oito pessoas em opera\u00e7\u00e3o contra ataques em escolas, em cinco estados"},"content":{"rendered":"\n<figure class=\"wp-block-image size-full is-resized\"><img fetchpriority=\"high\" decoding=\"async\" src=\"https:\/\/cleitonpinheiro.com.br\/site\/wp-content\/uploads\/2023\/04\/Design-sem-nome-2023-04-19T095416-compressed.jpg\" alt=\"\" class=\"wp-image-70342\" width=\"1023\" height=\"614\"\/><\/figure>\n\n\n\n<p>A Pol\u00edcia Civil de Santa Catarina realiza nesta 4\u00aa feira (19.abr.2023) uma opera\u00e7\u00e3o para apurar lanejamentos de ataques em escolas em ao menos 5 Estados. Ser\u00e3o cumpridos 10 mandados de interna\u00e7\u00f5es provis\u00f3rias, 13 de busca e apreens\u00e3o e 11 afastamentos de sigilos de dados. At\u00e9 \u00e0s 8h44, 8 adolescentes foram detidos, sendo 1 de Santa Catarina, 2 do Paran\u00e1 e 5 de S\u00e3o Paulo.<\/p>\n\n\n\n<p>A opera\u00e7\u00e3o em curso investiga a pr\u00e1tica de atos semelhados aos delitos de amea\u00e7a, incita\u00e7\u00e3o ao crime, apologia ao crime, associa\u00e7\u00e3o criminosa, e contra o estatuto do desarmamento. A investiga\u00e7\u00e3o \u00e9 comandada pelo Minist\u00e9rio da Justi\u00e7a e Seguran\u00e7a P\u00fablica.<\/p>\n\n\n\n<p>Agentes cumprem as buscas em Blumenau (SC), S\u00e3o Paulo (SP), Itapira (SP), S\u00e3o Jos\u00e9 dos Campos (SP), Salto (SP), Curitiba (PR), Gua\u00edra (PR), Recife (PE), Barra Mansa (RJ), Duque de Caxias (RJ) e em S\u00e3o Gon\u00e7alo (RJ).<\/p>\n\n\n\n<p>As investiga\u00e7\u00f5es iniciaram depois do ataque a uma creche na cidade de Blumenau (SC) no dia 5 de abril.\u00a0 Na ocasi\u00e3o, um homem invadiu a institui\u00e7\u00e3o e matou 4 crian\u00e7as de 4 a 6 anos. O assassino foi preso. <em><strong>(Texto publicado em Poder 360).<\/strong><\/em><\/p>\n\n\n\n<p><\/p>\n","protected":false},"excerpt":{"rendered":"<p>A Pol\u00edcia Civil de Santa Catarina realiza nesta 4\u00aa feira (19.abr.2023) uma opera\u00e7\u00e3o para apurar lanejamentos de ataques em escolas em ao menos 5 Estados. Ser\u00e3o cumpridos 10 mandados de interna\u00e7\u00f5es provis\u00f3rias, 13 de busca e apreens\u00e3o e 11 afastamentos de sigilos de dados. At\u00e9 \u00e0s 8h44, 8 adolescentes foram detidos, sendo 1 de Santa [&hellip;]<\/p>\n","protected":false},"author":4,"featured_media":0,"comment_status":"open","ping_status":"open","sticky":false,"template":"","format":"standard","meta":{"_acf_changed":false,"footnotes":""},"categories":[19,898],"tags":[],"class_list":["post-70341","post","type-post","status-publish","format-standard","hentry","category-brasil-mundo","category-manchete-segundaria"],"acf":[],"yoast_head":"<!-- This site is optimized with the Yoast SEO plugin v24.4 - https:\/\/yoast.com\/wordpress\/plugins\/seo\/ -->\n<title>Pol\u00edcia Civil prende oito pessoas em opera\u00e7\u00e3o contra ataques em escolas, em cinco estados - PORTAL DE NOT\u00cdCIAS CLEITON PINHEIRO<\/title>\n<meta name=\"robots\" content=\"index, follow, max-snippet:-1, max-image-preview:large, max-video-preview:-1\" \/>\n<link rel=\"canonical\" href=\"https:\/\/cleitonpinheiro.com.br\/site\/policia-civil-prende-oito-pessoas-em-operacao-contra-ataques-em-escolas-em-cinco-estados\/\" \/>\n<meta property=\"og:locale\" content=\"pt_BR\" \/>\n<meta property=\"og:type\" content=\"article\" \/>\n<meta property=\"og:title\" content=\"Pol\u00edcia Civil prende oito pessoas em opera\u00e7\u00e3o contra ataques em escolas, em cinco estados - PORTAL DE NOT\u00cdCIAS CLEITON PINHEIRO\" \/>\n<meta property=\"og:description\" content=\"A Pol\u00edcia Civil de Santa Catarina realiza nesta 4\u00aa feira (19.abr.2023) uma opera\u00e7\u00e3o para apurar lanejamentos de ataques em escolas em ao menos 5 Estados. Ser\u00e3o cumpridos 10 mandados de interna\u00e7\u00f5es provis\u00f3rias, 13 de busca e apreens\u00e3o e 11 afastamentos de sigilos de dados. At\u00e9 \u00e0s 8h44, 8 adolescentes foram detidos, sendo 1 de Santa [&hellip;]\" \/>\n<meta property=\"og:url\" content=\"https:\/\/cleitonpinheiro.com.br\/site\/policia-civil-prende-oito-pessoas-em-operacao-contra-ataques-em-escolas-em-cinco-estados\/\" \/>\n<meta property=\"og:site_name\" content=\"PORTAL DE NOT\u00cdCIAS CLEITON PINHEIRO\" \/>\n<meta property=\"article:publisher\" content=\"https:\/\/www.facebook.com\/portalcpnoticias\/\" \/>\n<meta property=\"article:published_time\" content=\"2023-04-19T12:55:29+00:00\" \/>\n<meta property=\"article:modified_time\" content=\"2023-04-19T12:55:32+00:00\" \/>\n<meta property=\"og:image\" content=\"https:\/\/cleitonpinheiro.com.br\/site\/wp-content\/uploads\/2023\/04\/Design-sem-nome-2023-04-19T095416-compressed.jpg\" \/>\n\t<meta property=\"og:image:width\" content=\"750\" \/>\n\t<meta property=\"og:image:height\" content=\"450\" \/>\n\t<meta property=\"og:image:type\" content=\"image\/jpeg\" \/>\n<meta name=\"author\" content=\"Dermival Pereira\" \/>\n<meta name=\"twitter:card\" content=\"summary_large_image\" \/>\n<meta name=\"twitter:label1\" content=\"Escrito por\" \/>\n\t<meta name=\"twitter:data1\" content=\"Dermival Pereira\" \/>\n\t<meta name=\"twitter:label2\" content=\"Est. tempo de leitura\" \/>\n\t<meta name=\"twitter:data2\" content=\"2 minutos\" \/>\n<script type=\"application\/ld+json\" class=\"yoast-schema-graph\">{\"@context\":\"https:\/\/schema.org\",\"@graph\":[{\"@type\":\"Article\",\"@id\":\"https:\/\/cleitonpinheiro.com.br\/site\/policia-civil-prende-oito-pessoas-em-operacao-contra-ataques-em-escolas-em-cinco-estados\/#article\",\"isPartOf\":{\"@id\":\"https:\/\/cleitonpinheiro.com.br\/site\/policia-civil-prende-oito-pessoas-em-operacao-contra-ataques-em-escolas-em-cinco-estados\/\"},\"author\":{\"name\":\"Dermival Pereira\",\"@id\":\"https:\/\/cleitonpinheiro.com.br\/site\/#\/schema\/person\/aac6d7f311e80c43042e98a900b03cd8\"},\"headline\":\"Pol\u00edcia Civil prende oito pessoas em opera\u00e7\u00e3o contra ataques em escolas, em cinco estados\",\"datePublished\":\"2023-04-19T12:55:29+00:00\",\"dateModified\":\"2023-04-19T12:55:32+00:00\",\"mainEntityOfPage\":{\"@id\":\"https:\/\/cleitonpinheiro.com.br\/site\/policia-civil-prende-oito-pessoas-em-operacao-contra-ataques-em-escolas-em-cinco-estados\/\"},\"wordCount\":211,\"commentCount\":0,\"publisher\":{\"@id\":\"https:\/\/cleitonpinheiro.com.br\/site\/#organization\"},\"image\":{\"@id\":\"https:\/\/cleitonpinheiro.com.br\/site\/policia-civil-prende-oito-pessoas-em-operacao-contra-ataques-em-escolas-em-cinco-estados\/#primaryimage\"},\"thumbnailUrl\":\"https:\/\/cleitonpinheiro.com.br\/site\/wp-content\/uploads\/2023\/04\/Design-sem-nome-2023-04-19T095416-compressed.jpg\",\"articleSection\":[\"BRASIL \/ MUNDO\",\"MANCHETE SEGUND\u00c1RIA\"],\"inLanguage\":\"pt-BR\",\"potentialAction\":[{\"@type\":\"CommentAction\",\"name\":\"Comment\",\"target\":[\"https:\/\/cleitonpinheiro.com.br\/site\/policia-civil-prende-oito-pessoas-em-operacao-contra-ataques-em-escolas-em-cinco-estados\/#respond\"]}]},{\"@type\":\"WebPage\",\"@id\":\"https:\/\/cleitonpinheiro.com.br\/site\/policia-civil-prende-oito-pessoas-em-operacao-contra-ataques-em-escolas-em-cinco-estados\/\",\"url\":\"https:\/\/cleitonpinheiro.com.br\/site\/policia-civil-prende-oito-pessoas-em-operacao-contra-ataques-em-escolas-em-cinco-estados\/\",\"name\":\"Pol\u00edcia Civil prende oito pessoas em opera\u00e7\u00e3o contra ataques em escolas, em cinco estados - PORTAL DE NOT\u00cdCIAS CLEITON PINHEIRO\",\"isPartOf\":{\"@id\":\"https:\/\/cleitonpinheiro.com.br\/site\/#website\"},\"primaryImageOfPage\":{\"@id\":\"https:\/\/cleitonpinheiro.com.br\/site\/policia-civil-prende-oito-pessoas-em-operacao-contra-ataques-em-escolas-em-cinco-estados\/#primaryimage\"},\"image\":{\"@id\":\"https:\/\/cleitonpinheiro.com.br\/site\/policia-civil-prende-oito-pessoas-em-operacao-contra-ataques-em-escolas-em-cinco-estados\/#primaryimage\"},\"thumbnailUrl\":\"https:\/\/cleitonpinheiro.com.br\/site\/wp-content\/uploads\/2023\/04\/Design-sem-nome-2023-04-19T095416-compressed.jpg\",\"datePublished\":\"2023-04-19T12:55:29+00:00\",\"dateModified\":\"2023-04-19T12:55:32+00:00\",\"breadcrumb\":{\"@id\":\"https:\/\/cleitonpinheiro.com.br\/site\/policia-civil-prende-oito-pessoas-em-operacao-contra-ataques-em-escolas-em-cinco-estados\/#breadcrumb\"},\"inLanguage\":\"pt-BR\",\"potentialAction\":[{\"@type\":\"ReadAction\",\"target\":[\"https:\/\/cleitonpinheiro.com.br\/site\/policia-civil-prende-oito-pessoas-em-operacao-contra-ataques-em-escolas-em-cinco-estados\/\"]}]},{\"@type\":\"ImageObject\",\"inLanguage\":\"pt-BR\",\"@id\":\"https:\/\/cleitonpinheiro.com.br\/site\/policia-civil-prende-oito-pessoas-em-operacao-contra-ataques-em-escolas-em-cinco-estados\/#primaryimage\",\"url\":\"\",\"contentUrl\":\"\"},{\"@type\":\"BreadcrumbList\",\"@id\":\"https:\/\/cleitonpinheiro.com.br\/site\/policia-civil-prende-oito-pessoas-em-operacao-contra-ataques-em-escolas-em-cinco-estados\/#breadcrumb\",\"itemListElement\":[{\"@type\":\"ListItem\",\"position\":1,\"name\":\"In\u00edcio\",\"item\":\"https:\/\/cleitonpinheiro.com.br\/site\/\"},{\"@type\":\"ListItem\",\"position\":2,\"name\":\"Pol\u00edcia Civil prende oito pessoas em opera\u00e7\u00e3o contra ataques em escolas, em cinco estados\"}]},{\"@type\":\"WebSite\",\"@id\":\"https:\/\/cleitonpinheiro.com.br\/site\/#website\",\"url\":\"https:\/\/cleitonpinheiro.com.br\/site\/\",\"name\":\"PORTAL DE NOT\u00cdCIAS CLEITON PINHEIRO\",\"description\":\"FALANDO A VERDADE\",\"publisher\":{\"@id\":\"https:\/\/cleitonpinheiro.com.br\/site\/#organization\"},\"potentialAction\":[{\"@type\":\"SearchAction\",\"target\":{\"@type\":\"EntryPoint\",\"urlTemplate\":\"https:\/\/cleitonpinheiro.com.br\/site\/?s={search_term_string}\"},\"query-input\":{\"@type\":\"PropertyValueSpecification\",\"valueRequired\":true,\"valueName\":\"search_term_string\"}}],\"inLanguage\":\"pt-BR\"},{\"@type\":\"Organization\",\"@id\":\"https:\/\/cleitonpinheiro.com.br\/site\/#organization\",\"name\":\"CPNOT\u00cdCIAS\",\"url\":\"https:\/\/cleitonpinheiro.com.br\/site\/\",\"logo\":{\"@type\":\"ImageObject\",\"inLanguage\":\"pt-BR\",\"@id\":\"https:\/\/cleitonpinheiro.com.br\/site\/#\/schema\/logo\/image\/\",\"url\":\"https:\/\/cleitonpinheiro.com.br\/site\/wp-content\/uploads\/2022\/08\/Logo-pequena-2.png\",\"contentUrl\":\"https:\/\/cleitonpinheiro.com.br\/site\/wp-content\/uploads\/2022\/08\/Logo-pequena-2.png\",\"width\":500,\"height\":500,\"caption\":\"CPNOT\u00cdCIAS\"},\"image\":{\"@id\":\"https:\/\/cleitonpinheiro.com.br\/site\/#\/schema\/logo\/image\/\"},\"sameAs\":[\"https:\/\/www.facebook.com\/portalcpnoticias\/\"]},{\"@type\":\"Person\",\"@id\":\"https:\/\/cleitonpinheiro.com.br\/site\/#\/schema\/person\/aac6d7f311e80c43042e98a900b03cd8\",\"name\":\"Dermival Pereira\",\"image\":{\"@type\":\"ImageObject\",\"inLanguage\":\"pt-BR\",\"@id\":\"https:\/\/cleitonpinheiro.com.br\/site\/#\/schema\/person\/image\/\",\"url\":\"https:\/\/secure.gravatar.com\/avatar\/cfaebf3742d6bf8db728bcba3eed6bee37b02337a2e6c822994f20ca72a3784d?s=96&r=g\",\"contentUrl\":\"https:\/\/secure.gravatar.com\/avatar\/cfaebf3742d6bf8db728bcba3eed6bee37b02337a2e6c822994f20ca72a3784d?s=96&r=g\",\"caption\":\"Dermival Pereira\"},\"url\":\"https:\/\/cleitonpinheiro.com.br\/site\/author\/dermival\/\"}]}<\/script>\n<!-- \/ Yoast SEO plugin. -->","yoast_head_json":{"title":"Pol\u00edcia Civil prende oito pessoas em opera\u00e7\u00e3o contra ataques em escolas, em cinco estados - PORTAL DE NOT\u00cdCIAS CLEITON PINHEIRO","robots":{"index":"index","follow":"follow","max-snippet":"max-snippet:-1","max-image-preview":"max-image-preview:large","max-video-preview":"max-video-preview:-1"},"canonical":"https:\/\/cleitonpinheiro.com.br\/site\/policia-civil-prende-oito-pessoas-em-operacao-contra-ataques-em-escolas-em-cinco-estados\/","og_locale":"pt_BR","og_type":"article","og_title":"Pol\u00edcia Civil prende oito pessoas em opera\u00e7\u00e3o contra ataques em escolas, em cinco estados - PORTAL DE NOT\u00cdCIAS CLEITON PINHEIRO","og_description":"A Pol\u00edcia Civil de Santa Catarina realiza nesta 4\u00aa feira (19.abr.2023) uma opera\u00e7\u00e3o para apurar lanejamentos de ataques em escolas em ao menos 5 Estados. Ser\u00e3o cumpridos 10 mandados de interna\u00e7\u00f5es provis\u00f3rias, 13 de busca e apreens\u00e3o e 11 afastamentos de sigilos de dados. At\u00e9 \u00e0s 8h44, 8 adolescentes foram detidos, sendo 1 de Santa [&hellip;]","og_url":"https:\/\/cleitonpinheiro.com.br\/site\/policia-civil-prende-oito-pessoas-em-operacao-contra-ataques-em-escolas-em-cinco-estados\/","og_site_name":"PORTAL DE NOT\u00cdCIAS CLEITON PINHEIRO","article_publisher":"https:\/\/www.facebook.com\/portalcpnoticias\/","article_published_time":"2023-04-19T12:55:29+00:00","article_modified_time":"2023-04-19T12:55:32+00:00","og_image":[{"width":750,"height":450,"url":"https:\/\/cleitonpinheiro.com.br\/site\/wp-content\/uploads\/2023\/04\/Design-sem-nome-2023-04-19T095416-compressed.jpg","type":"image\/jpeg"}],"author":"Dermival Pereira","twitter_card":"summary_large_image","twitter_misc":{"Escrito por":"Dermival Pereira","Est. tempo de leitura":"2 minutos"},"schema":{"@context":"https:\/\/schema.org","@graph":[{"@type":"Article","@id":"https:\/\/cleitonpinheiro.com.br\/site\/policia-civil-prende-oito-pessoas-em-operacao-contra-ataques-em-escolas-em-cinco-estados\/#article","isPartOf":{"@id":"https:\/\/cleitonpinheiro.com.br\/site\/policia-civil-prende-oito-pessoas-em-operacao-contra-ataques-em-escolas-em-cinco-estados\/"},"author":{"name":"Dermival Pereira","@id":"https:\/\/cleitonpinheiro.com.br\/site\/#\/schema\/person\/aac6d7f311e80c43042e98a900b03cd8"},"headline":"Pol\u00edcia Civil prende oito pessoas em opera\u00e7\u00e3o contra ataques em escolas, em cinco estados","datePublished":"2023-04-19T12:55:29+00:00","dateModified":"2023-04-19T12:55:32+00:00","mainEntityOfPage":{"@id":"https:\/\/cleitonpinheiro.com.br\/site\/policia-civil-prende-oito-pessoas-em-operacao-contra-ataques-em-escolas-em-cinco-estados\/"},"wordCount":211,"commentCount":0,"publisher":{"@id":"https:\/\/cleitonpinheiro.com.br\/site\/#organization"},"image":{"@id":"https:\/\/cleitonpinheiro.com.br\/site\/policia-civil-prende-oito-pessoas-em-operacao-contra-ataques-em-escolas-em-cinco-estados\/#primaryimage"},"thumbnailUrl":"https:\/\/cleitonpinheiro.com.br\/site\/wp-content\/uploads\/2023\/04\/Design-sem-nome-2023-04-19T095416-compressed.jpg","articleSection":["BRASIL \/ MUNDO","MANCHETE SEGUND\u00c1RIA"],"inLanguage":"pt-BR","potentialAction":[{"@type":"CommentAction","name":"Comment","target":["https:\/\/cleitonpinheiro.com.br\/site\/policia-civil-prende-oito-pessoas-em-operacao-contra-ataques-em-escolas-em-cinco-estados\/#respond"]}]},{"@type":"WebPage","@id":"https:\/\/cleitonpinheiro.com.br\/site\/policia-civil-prende-oito-pessoas-em-operacao-contra-ataques-em-escolas-em-cinco-estados\/","url":"https:\/\/cleitonpinheiro.com.br\/site\/policia-civil-prende-oito-pessoas-em-operacao-contra-ataques-em-escolas-em-cinco-estados\/","name":"Pol\u00edcia Civil prende oito pessoas em opera\u00e7\u00e3o contra ataques em escolas, em cinco estados - PORTAL DE NOT\u00cdCIAS CLEITON PINHEIRO","isPartOf":{"@id":"https:\/\/cleitonpinheiro.com.br\/site\/#website"},"primaryImageOfPage":{"@id":"https:\/\/cleitonpinheiro.com.br\/site\/policia-civil-prende-oito-pessoas-em-operacao-contra-ataques-em-escolas-em-cinco-estados\/#primaryimage"},"image":{"@id":"https:\/\/cleitonpinheiro.com.br\/site\/policia-civil-prende-oito-pessoas-em-operacao-contra-ataques-em-escolas-em-cinco-estados\/#primaryimage"},"thumbnailUrl":"https:\/\/cleitonpinheiro.com.br\/site\/wp-content\/uploads\/2023\/04\/Design-sem-nome-2023-04-19T095416-compressed.jpg","datePublished":"2023-04-19T12:55:29+00:00","dateModified":"2023-04-19T12:55:32+00:00","breadcrumb":{"@id":"https:\/\/cleitonpinheiro.com.br\/site\/policia-civil-prende-oito-pessoas-em-operacao-contra-ataques-em-escolas-em-cinco-estados\/#breadcrumb"},"inLanguage":"pt-BR","potentialAction":[{"@type":"ReadAction","target":["https:\/\/cleitonpinheiro.com.br\/site\/policia-civil-prende-oito-pessoas-em-operacao-contra-ataques-em-escolas-em-cinco-estados\/"]}]},{"@type":"ImageObject","inLanguage":"pt-BR","@id":"https:\/\/cleitonpinheiro.com.br\/site\/policia-civil-prende-oito-pessoas-em-operacao-contra-ataques-em-escolas-em-cinco-estados\/#primaryimage","url":"","contentUrl":""},{"@type":"BreadcrumbList","@id":"https:\/\/cleitonpinheiro.com.br\/site\/policia-civil-prende-oito-pessoas-em-operacao-contra-ataques-em-escolas-em-cinco-estados\/#breadcrumb","itemListElement":[{"@type":"ListItem","position":1,"name":"In\u00edcio","item":"https:\/\/cleitonpinheiro.com.br\/site\/"},{"@type":"ListItem","position":2,"name":"Pol\u00edcia Civil prende oito pessoas em opera\u00e7\u00e3o contra ataques em escolas, em cinco estados"}]},{"@type":"WebSite","@id":"https:\/\/cleitonpinheiro.com.br\/site\/#website","url":"https:\/\/cleitonpinheiro.com.br\/site\/","name":"PORTAL DE NOT\u00cdCIAS CLEITON PINHEIRO","description":"FALANDO A VERDADE","publisher":{"@id":"https:\/\/cleitonpinheiro.com.br\/site\/#organization"},"potentialAction":[{"@type":"SearchAction","target":{"@type":"EntryPoint","urlTemplate":"https:\/\/cleitonpinheiro.com.br\/site\/?s={search_term_string}"},"query-input":{"@type":"PropertyValueSpecification","valueRequired":true,"valueName":"search_term_string"}}],"inLanguage":"pt-BR"},{"@type":"Organization","@id":"https:\/\/cleitonpinheiro.com.br\/site\/#organization","name":"CPNOT\u00cdCIAS","url":"https:\/\/cleitonpinheiro.com.br\/site\/","logo":{"@type":"ImageObject","inLanguage":"pt-BR","@id":"https:\/\/cleitonpinheiro.com.br\/site\/#\/schema\/logo\/image\/","url":"https:\/\/cleitonpinheiro.com.br\/site\/wp-content\/uploads\/2022\/08\/Logo-pequena-2.png","contentUrl":"https:\/\/cleitonpinheiro.com.br\/site\/wp-content\/uploads\/2022\/08\/Logo-pequena-2.png","width":500,"height":500,"caption":"CPNOT\u00cdCIAS"},"image":{"@id":"https:\/\/cleitonpinheiro.com.br\/site\/#\/schema\/logo\/image\/"},"sameAs":["https:\/\/www.facebook.com\/portalcpnoticias\/"]},{"@type":"Person","@id":"https:\/\/cleitonpinheiro.com.br\/site\/#\/schema\/person\/aac6d7f311e80c43042e98a900b03cd8","name":"Dermival Pereira","image":{"@type":"ImageObject","inLanguage":"pt-BR","@id":"https:\/\/cleitonpinheiro.com.br\/site\/#\/schema\/person\/image\/","url":"https:\/\/secure.gravatar.com\/avatar\/cfaebf3742d6bf8db728bcba3eed6bee37b02337a2e6c822994f20ca72a3784d?s=96&r=g","contentUrl":"https:\/\/secure.gravatar.com\/avatar\/cfaebf3742d6bf8db728bcba3eed6bee37b02337a2e6c822994f20ca72a3784d?s=96&r=g","caption":"Dermival Pereira"},"url":"https:\/\/cleitonpinheiro.com.br\/site\/author\/dermival\/"}]}},"views":233,"_links":{"self":[{"href":"https:\/\/cleitonpinheiro.com.br\/site\/wp-json\/wp\/v2\/posts\/70341","targetHints":{"allow":["GET"]}}],"collection":[{"href":"https:\/\/cleitonpinheiro.com.br\/site\/wp-json\/wp\/v2\/posts"}],"about":[{"href":"https:\/\/cleitonpinheiro.com.br\/site\/wp-json\/wp\/v2\/types\/post"}],"author":[{"embeddable":true,"href":"https:\/\/cleitonpinheiro.com.br\/site\/wp-json\/wp\/v2\/users\/4"}],"replies":[{"embeddable":true,"href":"https:\/\/cleitonpinheiro.com.br\/site\/wp-json\/wp\/v2\/comments?post=70341"}],"version-history":[{"count":1,"href":"https:\/\/cleitonpinheiro.com.br\/site\/wp-json\/wp\/v2\/posts\/70341\/revisions"}],"predecessor-version":[{"id":70343,"href":"https:\/\/cleitonpinheiro.com.br\/site\/wp-json\/wp\/v2\/posts\/70341\/revisions\/70343"}],"wp:attachment":[{"href":"https:\/\/cleitonpinheiro.com.br\/site\/wp-json\/wp\/v2\/media?parent=70341"}],"wp:term":[{"taxonomy":"category","embeddable":true,"href":"https:\/\/cleitonpinheiro.com.br\/site\/wp-json\/wp\/v2\/categories?post=70341"},{"taxonomy":"post_tag","embeddable":true,"href":"https:\/\/cleitonpinheiro.com.br\/site\/wp-json\/wp\/v2\/tags?post=70341"}],"curies":[{"name":"wp","href":"https:\/\/api.w.org\/{rel}","templated":true}]}}