{"id":70344,"date":"2023-04-19T10:25:33","date_gmt":"2023-04-19T13:25:33","guid":{"rendered":"https:\/\/cleitonpinheiro.com.br\/site\/?p=70344"},"modified":"2023-04-19T10:30:54","modified_gmt":"2023-04-19T13:30:54","slug":"mais-quatro-suspeitos-de-ataque-a-empresa-de-valores-no-mg-sao-mortos-pela-policia-no-to","status":"publish","type":"post","link":"https:\/\/cleitonpinheiro.com.br\/site\/mais-quatro-suspeitos-de-ataque-a-empresa-de-valores-no-mg-sao-mortos-pela-policia-no-to\/","title":{"rendered":"Mais quatro suspeitos de ataque a empresa de valores no MG s\u00e3o mortos pela pol\u00edcia no TO"},"content":{"rendered":"\n<figure class=\"wp-block-image size-full is-resized\"><img fetchpriority=\"high\" decoding=\"async\" src=\"https:\/\/cleitonpinheiro.com.br\/site\/wp-content\/uploads\/2023\/04\/Design-sem-nome-2023-04-19T102406-compressed.jpg\" alt=\"\" class=\"wp-image-70345\" width=\"1020\" height=\"612\"\/><\/figure>\n\n\n\n<p>For\u00e7a-tarefa faz buscas por assaltantes no Tocantins \u2014 Foto: PM\/Divulga\u00e7\u00e3o<\/p>\n\n\n\n<p>Mais quatro integrantes do grupo suspeito de atacar uma transportadora de valores em Confresa (MT) morreram no fim da tarde dessa ter\u00e7a-feira,  18, em confronto com policiais no interior do Tocantins. O n\u00famero de mortos foi confirmado na manh\u00e3 de hoje (19\/04), pela Pol\u00edcia Militar. Agora j\u00e1 s\u00e3o seis mortos, um preso e dezenas de armas e muni\u00e7\u00f5es apreendidas na Opera\u00e7\u00e3o que ganhou o nome de Cangu\u00e7u.<\/p>\n\n\n\n<figure class=\"wp-block-image size-full is-resized\"><img decoding=\"async\" src=\"https:\/\/cleitonpinheiro.com.br\/site\/wp-content\/uploads\/2023\/04\/Design-sem-nome-2023-04-19T102303-compressed.jpg\" alt=\"\" class=\"wp-image-70349\" width=\"1024\" height=\"614\"\/><\/figure>\n\n\n\n<p>Confronto aconteceu na zona rural de Pium \u2014 Foto: Divulga\u00e7\u00e3o<\/p>\n\n\n\n<p>De acordo com informa\u00e7\u00f5es repassadas a imprensa pela corpora\u00e7\u00e3o, quatro fuzis foram apreendidos. A troca de tiros que levou \u00e0s mortes aconteceu na \u00e1rea da fazenda Vale Verde, pr\u00f3ximo ao povoado Caf\u00e9 da Ro\u00e7a na zona rural de Pium, no oeste do estado. A a\u00e7\u00e3o envolveu militares do Batalh\u00e3o de Opera\u00e7\u00f5es Policiais Especiais (BOPE) de Mato Grosso, que participam da for\u00e7a-tarefa para capturar os criminosos.<\/p>\n\n\n\n<figure class=\"wp-block-image size-full is-resized\"><img decoding=\"async\" src=\"https:\/\/cleitonpinheiro.com.br\/site\/wp-content\/uploads\/2023\/04\/Design-sem-nome-2023-04-19T102928-compressed.jpg\" alt=\"\" class=\"wp-image-70350\" width=\"1017\" height=\"610\"\/><figcaption class=\"wp-element-caption\">Policiais de cinco estados fazem busca de grupo criminoso \u2014 Foto: Divulga\u00e7\u00e3o\/Pol\u00edcia Militar<\/figcaption><\/figure>\n\n\n\n<p>Um v\u00eddeo divulgado pela pol\u00edcia&nbsp;<a class=\"\" href=\"https:\/\/g1.globo.com\/to\/tocantins\/noticia\/2023\/04\/18\/video-mostra-intensa-troca-de-tiros-entre-policiais-e-grupo-que-atacou-cidade-de-mato-grosso.ghtml\">mostra a intensa troca de tiros&nbsp;<\/a>em uma \u00e1rea de mata. Segundo a Pol\u00edcia Militar, devido ao risco de emboscada os militares resolveram esperar o amanhecer para fazer a busca pelos corpos devido ao risco de novos tiroteios.<\/p>\n\n\n\n<p>Ao G1, o Tenente Coronel Noelson, da PM de Mato Grosso disse que &#8216;Nenhum dos nossos policiais militares foram feridos e hoje pela manh\u00e3, durante a confirma\u00e7\u00e3o desses \u00f3bitos, houve um novo confronto entre os policiais do Bobe e os criminosos&#8217;.  <\/p>\n","protected":false},"excerpt":{"rendered":"<p>For\u00e7a-tarefa faz buscas por assaltantes no Tocantins \u2014 Foto: PM\/Divulga\u00e7\u00e3o Mais quatro integrantes do grupo suspeito de atacar uma transportadora de valores em Confresa (MT) morreram no fim da tarde dessa ter\u00e7a-feira, 18, em confronto com policiais no interior do Tocantins. O n\u00famero de mortos foi confirmado na manh\u00e3 de hoje (19\/04), pela Pol\u00edcia Militar. [&hellip;]<\/p>\n","protected":false},"author":4,"featured_media":0,"comment_status":"open","ping_status":"open","sticky":false,"template":"","format":"standard","meta":{"_acf_changed":false,"footnotes":""},"categories":[22,898],"tags":[],"class_list":["post-70344","post","type-post","status-publish","format-standard","hentry","category-cidades","category-manchete-segundaria"],"acf":[],"yoast_head":"<!-- This site is optimized with the Yoast SEO plugin v24.4 - https:\/\/yoast.com\/wordpress\/plugins\/seo\/ -->\n<title>Mais quatro suspeitos de ataque a empresa de valores no MG s\u00e3o mortos pela pol\u00edcia no TO - PORTAL DE NOT\u00cdCIAS CLEITON PINHEIRO<\/title>\n<meta name=\"robots\" content=\"index, follow, max-snippet:-1, max-image-preview:large, max-video-preview:-1\" \/>\n<link rel=\"canonical\" href=\"https:\/\/cleitonpinheiro.com.br\/site\/mais-quatro-suspeitos-de-ataque-a-empresa-de-valores-no-mg-sao-mortos-pela-policia-no-to\/\" \/>\n<meta property=\"og:locale\" content=\"pt_BR\" \/>\n<meta property=\"og:type\" content=\"article\" \/>\n<meta property=\"og:title\" content=\"Mais quatro suspeitos de ataque a empresa de valores no MG s\u00e3o mortos pela pol\u00edcia no TO - PORTAL DE NOT\u00cdCIAS CLEITON PINHEIRO\" \/>\n<meta property=\"og:description\" content=\"For\u00e7a-tarefa faz buscas por assaltantes no Tocantins \u2014 Foto: PM\/Divulga\u00e7\u00e3o Mais quatro integrantes do grupo suspeito de atacar uma transportadora de valores em Confresa (MT) morreram no fim da tarde dessa ter\u00e7a-feira, 18, em confronto com policiais no interior do Tocantins. O n\u00famero de mortos foi confirmado na manh\u00e3 de hoje (19\/04), pela Pol\u00edcia Militar. [&hellip;]\" \/>\n<meta property=\"og:url\" content=\"https:\/\/cleitonpinheiro.com.br\/site\/mais-quatro-suspeitos-de-ataque-a-empresa-de-valores-no-mg-sao-mortos-pela-policia-no-to\/\" \/>\n<meta property=\"og:site_name\" content=\"PORTAL DE NOT\u00cdCIAS CLEITON PINHEIRO\" \/>\n<meta property=\"article:publisher\" content=\"https:\/\/www.facebook.com\/portalcpnoticias\/\" \/>\n<meta property=\"article:published_time\" content=\"2023-04-19T13:25:33+00:00\" \/>\n<meta property=\"article:modified_time\" content=\"2023-04-19T13:30:54+00:00\" \/>\n<meta property=\"og:image\" content=\"https:\/\/cleitonpinheiro.com.br\/site\/wp-content\/uploads\/2023\/04\/Design-sem-nome-2023-04-19T102406-compressed.jpg\" \/>\n\t<meta property=\"og:image:width\" content=\"750\" \/>\n\t<meta property=\"og:image:height\" content=\"450\" \/>\n\t<meta property=\"og:image:type\" content=\"image\/jpeg\" \/>\n<meta name=\"author\" content=\"Dermival Pereira\" \/>\n<meta name=\"twitter:card\" content=\"summary_large_image\" \/>\n<meta name=\"twitter:label1\" content=\"Escrito por\" \/>\n\t<meta name=\"twitter:data1\" content=\"Dermival Pereira\" \/>\n\t<meta name=\"twitter:label2\" content=\"Est. tempo de leitura\" \/>\n\t<meta name=\"twitter:data2\" content=\"2 minutos\" \/>\n<script type=\"application\/ld+json\" class=\"yoast-schema-graph\">{\"@context\":\"https:\/\/schema.org\",\"@graph\":[{\"@type\":\"Article\",\"@id\":\"https:\/\/cleitonpinheiro.com.br\/site\/mais-quatro-suspeitos-de-ataque-a-empresa-de-valores-no-mg-sao-mortos-pela-policia-no-to\/#article\",\"isPartOf\":{\"@id\":\"https:\/\/cleitonpinheiro.com.br\/site\/mais-quatro-suspeitos-de-ataque-a-empresa-de-valores-no-mg-sao-mortos-pela-policia-no-to\/\"},\"author\":{\"name\":\"Dermival Pereira\",\"@id\":\"https:\/\/cleitonpinheiro.com.br\/site\/#\/schema\/person\/aac6d7f311e80c43042e98a900b03cd8\"},\"headline\":\"Mais quatro suspeitos de ataque a empresa de valores no MG s\u00e3o mortos pela pol\u00edcia no TO\",\"datePublished\":\"2023-04-19T13:25:33+00:00\",\"dateModified\":\"2023-04-19T13:30:54+00:00\",\"mainEntityOfPage\":{\"@id\":\"https:\/\/cleitonpinheiro.com.br\/site\/mais-quatro-suspeitos-de-ataque-a-empresa-de-valores-no-mg-sao-mortos-pela-policia-no-to\/\"},\"wordCount\":291,\"commentCount\":0,\"publisher\":{\"@id\":\"https:\/\/cleitonpinheiro.com.br\/site\/#organization\"},\"image\":{\"@id\":\"https:\/\/cleitonpinheiro.com.br\/site\/mais-quatro-suspeitos-de-ataque-a-empresa-de-valores-no-mg-sao-mortos-pela-policia-no-to\/#primaryimage\"},\"thumbnailUrl\":\"https:\/\/cleitonpinheiro.com.br\/site\/wp-content\/uploads\/2023\/04\/Design-sem-nome-2023-04-19T102406-compressed.jpg\",\"articleSection\":[\"CIDADES\",\"MANCHETE SEGUND\u00c1RIA\"],\"inLanguage\":\"pt-BR\",\"potentialAction\":[{\"@type\":\"CommentAction\",\"name\":\"Comment\",\"target\":[\"https:\/\/cleitonpinheiro.com.br\/site\/mais-quatro-suspeitos-de-ataque-a-empresa-de-valores-no-mg-sao-mortos-pela-policia-no-to\/#respond\"]}]},{\"@type\":\"WebPage\",\"@id\":\"https:\/\/cleitonpinheiro.com.br\/site\/mais-quatro-suspeitos-de-ataque-a-empresa-de-valores-no-mg-sao-mortos-pela-policia-no-to\/\",\"url\":\"https:\/\/cleitonpinheiro.com.br\/site\/mais-quatro-suspeitos-de-ataque-a-empresa-de-valores-no-mg-sao-mortos-pela-policia-no-to\/\",\"name\":\"Mais quatro suspeitos de ataque a empresa de valores no MG s\u00e3o mortos pela pol\u00edcia no TO - PORTAL DE NOT\u00cdCIAS CLEITON PINHEIRO\",\"isPartOf\":{\"@id\":\"https:\/\/cleitonpinheiro.com.br\/site\/#website\"},\"primaryImageOfPage\":{\"@id\":\"https:\/\/cleitonpinheiro.com.br\/site\/mais-quatro-suspeitos-de-ataque-a-empresa-de-valores-no-mg-sao-mortos-pela-policia-no-to\/#primaryimage\"},\"image\":{\"@id\":\"https:\/\/cleitonpinheiro.com.br\/site\/mais-quatro-suspeitos-de-ataque-a-empresa-de-valores-no-mg-sao-mortos-pela-policia-no-to\/#primaryimage\"},\"thumbnailUrl\":\"https:\/\/cleitonpinheiro.com.br\/site\/wp-content\/uploads\/2023\/04\/Design-sem-nome-2023-04-19T102406-compressed.jpg\",\"datePublished\":\"2023-04-19T13:25:33+00:00\",\"dateModified\":\"2023-04-19T13:30:54+00:00\",\"breadcrumb\":{\"@id\":\"https:\/\/cleitonpinheiro.com.br\/site\/mais-quatro-suspeitos-de-ataque-a-empresa-de-valores-no-mg-sao-mortos-pela-policia-no-to\/#breadcrumb\"},\"inLanguage\":\"pt-BR\",\"potentialAction\":[{\"@type\":\"ReadAction\",\"target\":[\"https:\/\/cleitonpinheiro.com.br\/site\/mais-quatro-suspeitos-de-ataque-a-empresa-de-valores-no-mg-sao-mortos-pela-policia-no-to\/\"]}]},{\"@type\":\"ImageObject\",\"inLanguage\":\"pt-BR\",\"@id\":\"https:\/\/cleitonpinheiro.com.br\/site\/mais-quatro-suspeitos-de-ataque-a-empresa-de-valores-no-mg-sao-mortos-pela-policia-no-to\/#primaryimage\",\"url\":\"\",\"contentUrl\":\"\"},{\"@type\":\"BreadcrumbList\",\"@id\":\"https:\/\/cleitonpinheiro.com.br\/site\/mais-quatro-suspeitos-de-ataque-a-empresa-de-valores-no-mg-sao-mortos-pela-policia-no-to\/#breadcrumb\",\"itemListElement\":[{\"@type\":\"ListItem\",\"position\":1,\"name\":\"In\u00edcio\",\"item\":\"https:\/\/cleitonpinheiro.com.br\/site\/\"},{\"@type\":\"ListItem\",\"position\":2,\"name\":\"Mais quatro suspeitos de ataque a empresa de valores no MG s\u00e3o mortos pela pol\u00edcia no TO\"}]},{\"@type\":\"WebSite\",\"@id\":\"https:\/\/cleitonpinheiro.com.br\/site\/#website\",\"url\":\"https:\/\/cleitonpinheiro.com.br\/site\/\",\"name\":\"PORTAL DE NOT\u00cdCIAS CLEITON PINHEIRO\",\"description\":\"FALANDO A VERDADE\",\"publisher\":{\"@id\":\"https:\/\/cleitonpinheiro.com.br\/site\/#organization\"},\"potentialAction\":[{\"@type\":\"SearchAction\",\"target\":{\"@type\":\"EntryPoint\",\"urlTemplate\":\"https:\/\/cleitonpinheiro.com.br\/site\/?s={search_term_string}\"},\"query-input\":{\"@type\":\"PropertyValueSpecification\",\"valueRequired\":true,\"valueName\":\"search_term_string\"}}],\"inLanguage\":\"pt-BR\"},{\"@type\":\"Organization\",\"@id\":\"https:\/\/cleitonpinheiro.com.br\/site\/#organization\",\"name\":\"CPNOT\u00cdCIAS\",\"url\":\"https:\/\/cleitonpinheiro.com.br\/site\/\",\"logo\":{\"@type\":\"ImageObject\",\"inLanguage\":\"pt-BR\",\"@id\":\"https:\/\/cleitonpinheiro.com.br\/site\/#\/schema\/logo\/image\/\",\"url\":\"https:\/\/cleitonpinheiro.com.br\/site\/wp-content\/uploads\/2022\/08\/Logo-pequena-2.png\",\"contentUrl\":\"https:\/\/cleitonpinheiro.com.br\/site\/wp-content\/uploads\/2022\/08\/Logo-pequena-2.png\",\"width\":500,\"height\":500,\"caption\":\"CPNOT\u00cdCIAS\"},\"image\":{\"@id\":\"https:\/\/cleitonpinheiro.com.br\/site\/#\/schema\/logo\/image\/\"},\"sameAs\":[\"https:\/\/www.facebook.com\/portalcpnoticias\/\"]},{\"@type\":\"Person\",\"@id\":\"https:\/\/cleitonpinheiro.com.br\/site\/#\/schema\/person\/aac6d7f311e80c43042e98a900b03cd8\",\"name\":\"Dermival Pereira\",\"image\":{\"@type\":\"ImageObject\",\"inLanguage\":\"pt-BR\",\"@id\":\"https:\/\/cleitonpinheiro.com.br\/site\/#\/schema\/person\/image\/\",\"url\":\"https:\/\/secure.gravatar.com\/avatar\/cfaebf3742d6bf8db728bcba3eed6bee37b02337a2e6c822994f20ca72a3784d?s=96&r=g\",\"contentUrl\":\"https:\/\/secure.gravatar.com\/avatar\/cfaebf3742d6bf8db728bcba3eed6bee37b02337a2e6c822994f20ca72a3784d?s=96&r=g\",\"caption\":\"Dermival Pereira\"},\"url\":\"https:\/\/cleitonpinheiro.com.br\/site\/author\/dermival\/\"}]}<\/script>\n<!-- \/ Yoast SEO plugin. -->","yoast_head_json":{"title":"Mais quatro suspeitos de ataque a empresa de valores no MG s\u00e3o mortos pela pol\u00edcia no TO - PORTAL DE NOT\u00cdCIAS CLEITON PINHEIRO","robots":{"index":"index","follow":"follow","max-snippet":"max-snippet:-1","max-image-preview":"max-image-preview:large","max-video-preview":"max-video-preview:-1"},"canonical":"https:\/\/cleitonpinheiro.com.br\/site\/mais-quatro-suspeitos-de-ataque-a-empresa-de-valores-no-mg-sao-mortos-pela-policia-no-to\/","og_locale":"pt_BR","og_type":"article","og_title":"Mais quatro suspeitos de ataque a empresa de valores no MG s\u00e3o mortos pela pol\u00edcia no TO - PORTAL DE NOT\u00cdCIAS CLEITON PINHEIRO","og_description":"For\u00e7a-tarefa faz buscas por assaltantes no Tocantins \u2014 Foto: PM\/Divulga\u00e7\u00e3o Mais quatro integrantes do grupo suspeito de atacar uma transportadora de valores em Confresa (MT) morreram no fim da tarde dessa ter\u00e7a-feira, 18, em confronto com policiais no interior do Tocantins. O n\u00famero de mortos foi confirmado na manh\u00e3 de hoje (19\/04), pela Pol\u00edcia Militar. [&hellip;]","og_url":"https:\/\/cleitonpinheiro.com.br\/site\/mais-quatro-suspeitos-de-ataque-a-empresa-de-valores-no-mg-sao-mortos-pela-policia-no-to\/","og_site_name":"PORTAL DE NOT\u00cdCIAS CLEITON PINHEIRO","article_publisher":"https:\/\/www.facebook.com\/portalcpnoticias\/","article_published_time":"2023-04-19T13:25:33+00:00","article_modified_time":"2023-04-19T13:30:54+00:00","og_image":[{"width":750,"height":450,"url":"https:\/\/cleitonpinheiro.com.br\/site\/wp-content\/uploads\/2023\/04\/Design-sem-nome-2023-04-19T102406-compressed.jpg","type":"image\/jpeg"}],"author":"Dermival Pereira","twitter_card":"summary_large_image","twitter_misc":{"Escrito por":"Dermival Pereira","Est. tempo de leitura":"2 minutos"},"schema":{"@context":"https:\/\/schema.org","@graph":[{"@type":"Article","@id":"https:\/\/cleitonpinheiro.com.br\/site\/mais-quatro-suspeitos-de-ataque-a-empresa-de-valores-no-mg-sao-mortos-pela-policia-no-to\/#article","isPartOf":{"@id":"https:\/\/cleitonpinheiro.com.br\/site\/mais-quatro-suspeitos-de-ataque-a-empresa-de-valores-no-mg-sao-mortos-pela-policia-no-to\/"},"author":{"name":"Dermival Pereira","@id":"https:\/\/cleitonpinheiro.com.br\/site\/#\/schema\/person\/aac6d7f311e80c43042e98a900b03cd8"},"headline":"Mais quatro suspeitos de ataque a empresa de valores no MG s\u00e3o mortos pela pol\u00edcia no TO","datePublished":"2023-04-19T13:25:33+00:00","dateModified":"2023-04-19T13:30:54+00:00","mainEntityOfPage":{"@id":"https:\/\/cleitonpinheiro.com.br\/site\/mais-quatro-suspeitos-de-ataque-a-empresa-de-valores-no-mg-sao-mortos-pela-policia-no-to\/"},"wordCount":291,"commentCount":0,"publisher":{"@id":"https:\/\/cleitonpinheiro.com.br\/site\/#organization"},"image":{"@id":"https:\/\/cleitonpinheiro.com.br\/site\/mais-quatro-suspeitos-de-ataque-a-empresa-de-valores-no-mg-sao-mortos-pela-policia-no-to\/#primaryimage"},"thumbnailUrl":"https:\/\/cleitonpinheiro.com.br\/site\/wp-content\/uploads\/2023\/04\/Design-sem-nome-2023-04-19T102406-compressed.jpg","articleSection":["CIDADES","MANCHETE SEGUND\u00c1RIA"],"inLanguage":"pt-BR","potentialAction":[{"@type":"CommentAction","name":"Comment","target":["https:\/\/cleitonpinheiro.com.br\/site\/mais-quatro-suspeitos-de-ataque-a-empresa-de-valores-no-mg-sao-mortos-pela-policia-no-to\/#respond"]}]},{"@type":"WebPage","@id":"https:\/\/cleitonpinheiro.com.br\/site\/mais-quatro-suspeitos-de-ataque-a-empresa-de-valores-no-mg-sao-mortos-pela-policia-no-to\/","url":"https:\/\/cleitonpinheiro.com.br\/site\/mais-quatro-suspeitos-de-ataque-a-empresa-de-valores-no-mg-sao-mortos-pela-policia-no-to\/","name":"Mais quatro suspeitos de ataque a empresa de valores no MG s\u00e3o mortos pela pol\u00edcia no TO - PORTAL DE NOT\u00cdCIAS CLEITON PINHEIRO","isPartOf":{"@id":"https:\/\/cleitonpinheiro.com.br\/site\/#website"},"primaryImageOfPage":{"@id":"https:\/\/cleitonpinheiro.com.br\/site\/mais-quatro-suspeitos-de-ataque-a-empresa-de-valores-no-mg-sao-mortos-pela-policia-no-to\/#primaryimage"},"image":{"@id":"https:\/\/cleitonpinheiro.com.br\/site\/mais-quatro-suspeitos-de-ataque-a-empresa-de-valores-no-mg-sao-mortos-pela-policia-no-to\/#primaryimage"},"thumbnailUrl":"https:\/\/cleitonpinheiro.com.br\/site\/wp-content\/uploads\/2023\/04\/Design-sem-nome-2023-04-19T102406-compressed.jpg","datePublished":"2023-04-19T13:25:33+00:00","dateModified":"2023-04-19T13:30:54+00:00","breadcrumb":{"@id":"https:\/\/cleitonpinheiro.com.br\/site\/mais-quatro-suspeitos-de-ataque-a-empresa-de-valores-no-mg-sao-mortos-pela-policia-no-to\/#breadcrumb"},"inLanguage":"pt-BR","potentialAction":[{"@type":"ReadAction","target":["https:\/\/cleitonpinheiro.com.br\/site\/mais-quatro-suspeitos-de-ataque-a-empresa-de-valores-no-mg-sao-mortos-pela-policia-no-to\/"]}]},{"@type":"ImageObject","inLanguage":"pt-BR","@id":"https:\/\/cleitonpinheiro.com.br\/site\/mais-quatro-suspeitos-de-ataque-a-empresa-de-valores-no-mg-sao-mortos-pela-policia-no-to\/#primaryimage","url":"","contentUrl":""},{"@type":"BreadcrumbList","@id":"https:\/\/cleitonpinheiro.com.br\/site\/mais-quatro-suspeitos-de-ataque-a-empresa-de-valores-no-mg-sao-mortos-pela-policia-no-to\/#breadcrumb","itemListElement":[{"@type":"ListItem","position":1,"name":"In\u00edcio","item":"https:\/\/cleitonpinheiro.com.br\/site\/"},{"@type":"ListItem","position":2,"name":"Mais quatro suspeitos de ataque a empresa de valores no MG s\u00e3o mortos pela pol\u00edcia no TO"}]},{"@type":"WebSite","@id":"https:\/\/cleitonpinheiro.com.br\/site\/#website","url":"https:\/\/cleitonpinheiro.com.br\/site\/","name":"PORTAL DE NOT\u00cdCIAS CLEITON PINHEIRO","description":"FALANDO A VERDADE","publisher":{"@id":"https:\/\/cleitonpinheiro.com.br\/site\/#organization"},"potentialAction":[{"@type":"SearchAction","target":{"@type":"EntryPoint","urlTemplate":"https:\/\/cleitonpinheiro.com.br\/site\/?s={search_term_string}"},"query-input":{"@type":"PropertyValueSpecification","valueRequired":true,"valueName":"search_term_string"}}],"inLanguage":"pt-BR"},{"@type":"Organization","@id":"https:\/\/cleitonpinheiro.com.br\/site\/#organization","name":"CPNOT\u00cdCIAS","url":"https:\/\/cleitonpinheiro.com.br\/site\/","logo":{"@type":"ImageObject","inLanguage":"pt-BR","@id":"https:\/\/cleitonpinheiro.com.br\/site\/#\/schema\/logo\/image\/","url":"https:\/\/cleitonpinheiro.com.br\/site\/wp-content\/uploads\/2022\/08\/Logo-pequena-2.png","contentUrl":"https:\/\/cleitonpinheiro.com.br\/site\/wp-content\/uploads\/2022\/08\/Logo-pequena-2.png","width":500,"height":500,"caption":"CPNOT\u00cdCIAS"},"image":{"@id":"https:\/\/cleitonpinheiro.com.br\/site\/#\/schema\/logo\/image\/"},"sameAs":["https:\/\/www.facebook.com\/portalcpnoticias\/"]},{"@type":"Person","@id":"https:\/\/cleitonpinheiro.com.br\/site\/#\/schema\/person\/aac6d7f311e80c43042e98a900b03cd8","name":"Dermival Pereira","image":{"@type":"ImageObject","inLanguage":"pt-BR","@id":"https:\/\/cleitonpinheiro.com.br\/site\/#\/schema\/person\/image\/","url":"https:\/\/secure.gravatar.com\/avatar\/cfaebf3742d6bf8db728bcba3eed6bee37b02337a2e6c822994f20ca72a3784d?s=96&r=g","contentUrl":"https:\/\/secure.gravatar.com\/avatar\/cfaebf3742d6bf8db728bcba3eed6bee37b02337a2e6c822994f20ca72a3784d?s=96&r=g","caption":"Dermival Pereira"},"url":"https:\/\/cleitonpinheiro.com.br\/site\/author\/dermival\/"}]}},"views":288,"_links":{"self":[{"href":"https:\/\/cleitonpinheiro.com.br\/site\/wp-json\/wp\/v2\/posts\/70344","targetHints":{"allow":["GET"]}}],"collection":[{"href":"https:\/\/cleitonpinheiro.com.br\/site\/wp-json\/wp\/v2\/posts"}],"about":[{"href":"https:\/\/cleitonpinheiro.com.br\/site\/wp-json\/wp\/v2\/types\/post"}],"author":[{"embeddable":true,"href":"https:\/\/cleitonpinheiro.com.br\/site\/wp-json\/wp\/v2\/users\/4"}],"replies":[{"embeddable":true,"href":"https:\/\/cleitonpinheiro.com.br\/site\/wp-json\/wp\/v2\/comments?post=70344"}],"version-history":[{"count":2,"href":"https:\/\/cleitonpinheiro.com.br\/site\/wp-json\/wp\/v2\/posts\/70344\/revisions"}],"predecessor-version":[{"id":70351,"href":"https:\/\/cleitonpinheiro.com.br\/site\/wp-json\/wp\/v2\/posts\/70344\/revisions\/70351"}],"wp:attachment":[{"href":"https:\/\/cleitonpinheiro.com.br\/site\/wp-json\/wp\/v2\/media?parent=70344"}],"wp:term":[{"taxonomy":"category","embeddable":true,"href":"https:\/\/cleitonpinheiro.com.br\/site\/wp-json\/wp\/v2\/categories?post=70344"},{"taxonomy":"post_tag","embeddable":true,"href":"https:\/\/cleitonpinheiro.com.br\/site\/wp-json\/wp\/v2\/tags?post=70344"}],"curies":[{"name":"wp","href":"https:\/\/api.w.org\/{rel}","templated":true}]}}