{"id":70358,"date":"2023-04-19T16:29:16","date_gmt":"2023-04-19T19:29:16","guid":{"rendered":"https:\/\/cleitonpinheiro.com.br\/site\/?p=70358"},"modified":"2023-04-19T16:29:17","modified_gmt":"2023-04-19T19:29:17","slug":"adapec-apreende-seis-toneladas-de-queijos-improprios-para-consumo-no-interior-do-to","status":"publish","type":"post","link":"https:\/\/cleitonpinheiro.com.br\/site\/adapec-apreende-seis-toneladas-de-queijos-improprios-para-consumo-no-interior-do-to\/","title":{"rendered":"Adapec apreende seis toneladas de queijos impr\u00f3prios para consumo no interior do TO"},"content":{"rendered":"\n<figure class=\"wp-block-image size-full is-resized\"><img fetchpriority=\"high\" decoding=\"async\" src=\"https:\/\/cleitonpinheiro.com.br\/site\/wp-content\/uploads\/2023\/04\/Design-sem-nome-2023-04-19T162837-compressed.jpg\" alt=\"\" class=\"wp-image-70359\" width=\"1017\" height=\"610\"\/><\/figure>\n\n\n\n<p>A Ag\u00eancia de Defesa Agropecu\u00e1ria (Adapec) apreendeu na manh\u00e3 desta quarta-feira, 19, na barreira fixa de Couto Magalh\u00e3es, na divisa do Tocantins com o Par\u00e1, uma carga de seis toneladas de queijos tropical impr\u00f3prios para consumo. A empresa foi autuada em R$ 4,5 mil reais e a carga foi inutilizada no aterro sanit\u00e1rio do munic\u00edpio.<\/p>\n\n\n\n<p>De acordo com as m\u00e9dicas veterin\u00e1rias que atuam no Servi\u00e7o de Inspe\u00e7\u00e3o Estadual da Adapec, Ravanna Guida de Souza e Kelly Alinne Ara\u00fajo Timb\u00f3 Camargo, a a\u00e7\u00e3o aconteceu ap\u00f3s uma fiscaliza\u00e7\u00e3o de rotina, onde os fiscais da barreira fixa e volante ao conferirem uma nota fiscal, suspeitaram das informa\u00e7\u00f5es, e ao abrirem o caminh\u00e3o, verificaram que o condutor transportavam os queijos no assoalho do caminh\u00e3o, junto caixas vazias de verduras, envoltos em sacos e lona preta, em desacordo com os padr\u00f5es higi\u00eanicos-sanit\u00e1rio. Al\u00e9m disso, os produtos estavam sem rotulagem, o que caracteriza clandestinidade.<\/p>\n\n\n\n<p>A carga, segundo a nota fiscal, era de origem do munic\u00edpio de Ouril\u00e2ndia do Norte \u2013 PA e seguia com destino ao estado de Goi\u00e1s. No documento tamb\u00e9m consta que os queijos seriam de um latic\u00ednio com inspe\u00e7\u00e3o federal, por\u00e9m, n\u00e3o constavam r\u00f3tulos nos produtos, e o referido latic\u00ednio, n\u00e3o possui autoriza\u00e7\u00e3o do Minist\u00e9rio da Agricultura, Pecu\u00e1ria e Abastecimento (Mapa) para a produ\u00e7\u00e3o de queijo tropical, segundo informou o Mapa ap\u00f3s consulta, sendo assim, a Ag\u00eancia enviar\u00e1 relat\u00f3rio da a\u00e7\u00e3o para que sejam tomadas as devidas provid\u00eancias.<\/p>\n\n\n\n<p>A prefeitura de Couto Magalh\u00e3es prestou apoio \u00e0 a\u00e7\u00e3o da Adapec, com maquin\u00e1rios para a destrui\u00e7\u00e3o dos produtos. <em><strong>(Fonte: Ascom).<\/strong><\/em><\/p>\n\n\n\n<p><\/p>\n","protected":false},"excerpt":{"rendered":"<p>A Ag\u00eancia de Defesa Agropecu\u00e1ria (Adapec) apreendeu na manh\u00e3 desta quarta-feira, 19, na barreira fixa de Couto Magalh\u00e3es, na divisa do Tocantins com o Par\u00e1, uma carga de seis toneladas de queijos tropical impr\u00f3prios para consumo. A empresa foi autuada em R$ 4,5 mil reais e a carga foi inutilizada no aterro sanit\u00e1rio do munic\u00edpio. [&hellip;]<\/p>\n","protected":false},"author":4,"featured_media":0,"comment_status":"open","ping_status":"open","sticky":false,"template":"","format":"standard","meta":{"_acf_changed":false,"footnotes":""},"categories":[22,898],"tags":[],"class_list":["post-70358","post","type-post","status-publish","format-standard","hentry","category-cidades","category-manchete-segundaria"],"acf":[],"yoast_head":"<!-- This site is optimized with the Yoast SEO plugin v24.4 - https:\/\/yoast.com\/wordpress\/plugins\/seo\/ -->\n<title>Adapec apreende seis toneladas de queijos impr\u00f3prios para consumo no interior do TO - PORTAL DE NOT\u00cdCIAS CLEITON PINHEIRO<\/title>\n<meta name=\"robots\" content=\"index, follow, max-snippet:-1, max-image-preview:large, max-video-preview:-1\" \/>\n<link rel=\"canonical\" href=\"https:\/\/cleitonpinheiro.com.br\/site\/adapec-apreende-seis-toneladas-de-queijos-improprios-para-consumo-no-interior-do-to\/\" \/>\n<meta property=\"og:locale\" content=\"pt_BR\" \/>\n<meta property=\"og:type\" content=\"article\" \/>\n<meta property=\"og:title\" content=\"Adapec apreende seis toneladas de queijos impr\u00f3prios para consumo no interior do TO - PORTAL DE NOT\u00cdCIAS CLEITON PINHEIRO\" \/>\n<meta property=\"og:description\" content=\"A Ag\u00eancia de Defesa Agropecu\u00e1ria (Adapec) apreendeu na manh\u00e3 desta quarta-feira, 19, na barreira fixa de Couto Magalh\u00e3es, na divisa do Tocantins com o Par\u00e1, uma carga de seis toneladas de queijos tropical impr\u00f3prios para consumo. A empresa foi autuada em R$ 4,5 mil reais e a carga foi inutilizada no aterro sanit\u00e1rio do munic\u00edpio. [&hellip;]\" \/>\n<meta property=\"og:url\" content=\"https:\/\/cleitonpinheiro.com.br\/site\/adapec-apreende-seis-toneladas-de-queijos-improprios-para-consumo-no-interior-do-to\/\" \/>\n<meta property=\"og:site_name\" content=\"PORTAL DE NOT\u00cdCIAS CLEITON PINHEIRO\" \/>\n<meta property=\"article:publisher\" content=\"https:\/\/www.facebook.com\/portalcpnoticias\/\" \/>\n<meta property=\"article:published_time\" content=\"2023-04-19T19:29:16+00:00\" \/>\n<meta property=\"article:modified_time\" content=\"2023-04-19T19:29:17+00:00\" \/>\n<meta property=\"og:image\" content=\"https:\/\/cleitonpinheiro.com.br\/site\/wp-content\/uploads\/2023\/04\/Design-sem-nome-2023-04-19T162837-compressed.jpg\" \/>\n\t<meta property=\"og:image:width\" content=\"750\" \/>\n\t<meta property=\"og:image:height\" content=\"450\" \/>\n\t<meta property=\"og:image:type\" content=\"image\/jpeg\" \/>\n<meta name=\"author\" content=\"Dermival Pereira\" \/>\n<meta name=\"twitter:card\" content=\"summary_large_image\" \/>\n<meta name=\"twitter:label1\" content=\"Escrito por\" \/>\n\t<meta name=\"twitter:data1\" content=\"Dermival Pereira\" \/>\n\t<meta name=\"twitter:label2\" content=\"Est. tempo de leitura\" \/>\n\t<meta name=\"twitter:data2\" content=\"2 minutos\" \/>\n<script type=\"application\/ld+json\" class=\"yoast-schema-graph\">{\"@context\":\"https:\/\/schema.org\",\"@graph\":[{\"@type\":\"Article\",\"@id\":\"https:\/\/cleitonpinheiro.com.br\/site\/adapec-apreende-seis-toneladas-de-queijos-improprios-para-consumo-no-interior-do-to\/#article\",\"isPartOf\":{\"@id\":\"https:\/\/cleitonpinheiro.com.br\/site\/adapec-apreende-seis-toneladas-de-queijos-improprios-para-consumo-no-interior-do-to\/\"},\"author\":{\"name\":\"Dermival Pereira\",\"@id\":\"https:\/\/cleitonpinheiro.com.br\/site\/#\/schema\/person\/aac6d7f311e80c43042e98a900b03cd8\"},\"headline\":\"Adapec apreende seis toneladas de queijos impr\u00f3prios para consumo no interior do TO\",\"datePublished\":\"2023-04-19T19:29:16+00:00\",\"dateModified\":\"2023-04-19T19:29:17+00:00\",\"mainEntityOfPage\":{\"@id\":\"https:\/\/cleitonpinheiro.com.br\/site\/adapec-apreende-seis-toneladas-de-queijos-improprios-para-consumo-no-interior-do-to\/\"},\"wordCount\":310,\"commentCount\":0,\"publisher\":{\"@id\":\"https:\/\/cleitonpinheiro.com.br\/site\/#organization\"},\"image\":{\"@id\":\"https:\/\/cleitonpinheiro.com.br\/site\/adapec-apreende-seis-toneladas-de-queijos-improprios-para-consumo-no-interior-do-to\/#primaryimage\"},\"thumbnailUrl\":\"https:\/\/cleitonpinheiro.com.br\/site\/wp-content\/uploads\/2023\/04\/Design-sem-nome-2023-04-19T162837-compressed.jpg\",\"articleSection\":[\"CIDADES\",\"MANCHETE SEGUND\u00c1RIA\"],\"inLanguage\":\"pt-BR\",\"potentialAction\":[{\"@type\":\"CommentAction\",\"name\":\"Comment\",\"target\":[\"https:\/\/cleitonpinheiro.com.br\/site\/adapec-apreende-seis-toneladas-de-queijos-improprios-para-consumo-no-interior-do-to\/#respond\"]}]},{\"@type\":\"WebPage\",\"@id\":\"https:\/\/cleitonpinheiro.com.br\/site\/adapec-apreende-seis-toneladas-de-queijos-improprios-para-consumo-no-interior-do-to\/\",\"url\":\"https:\/\/cleitonpinheiro.com.br\/site\/adapec-apreende-seis-toneladas-de-queijos-improprios-para-consumo-no-interior-do-to\/\",\"name\":\"Adapec apreende seis toneladas de queijos impr\u00f3prios para consumo no interior do TO - PORTAL DE NOT\u00cdCIAS CLEITON PINHEIRO\",\"isPartOf\":{\"@id\":\"https:\/\/cleitonpinheiro.com.br\/site\/#website\"},\"primaryImageOfPage\":{\"@id\":\"https:\/\/cleitonpinheiro.com.br\/site\/adapec-apreende-seis-toneladas-de-queijos-improprios-para-consumo-no-interior-do-to\/#primaryimage\"},\"image\":{\"@id\":\"https:\/\/cleitonpinheiro.com.br\/site\/adapec-apreende-seis-toneladas-de-queijos-improprios-para-consumo-no-interior-do-to\/#primaryimage\"},\"thumbnailUrl\":\"https:\/\/cleitonpinheiro.com.br\/site\/wp-content\/uploads\/2023\/04\/Design-sem-nome-2023-04-19T162837-compressed.jpg\",\"datePublished\":\"2023-04-19T19:29:16+00:00\",\"dateModified\":\"2023-04-19T19:29:17+00:00\",\"breadcrumb\":{\"@id\":\"https:\/\/cleitonpinheiro.com.br\/site\/adapec-apreende-seis-toneladas-de-queijos-improprios-para-consumo-no-interior-do-to\/#breadcrumb\"},\"inLanguage\":\"pt-BR\",\"potentialAction\":[{\"@type\":\"ReadAction\",\"target\":[\"https:\/\/cleitonpinheiro.com.br\/site\/adapec-apreende-seis-toneladas-de-queijos-improprios-para-consumo-no-interior-do-to\/\"]}]},{\"@type\":\"ImageObject\",\"inLanguage\":\"pt-BR\",\"@id\":\"https:\/\/cleitonpinheiro.com.br\/site\/adapec-apreende-seis-toneladas-de-queijos-improprios-para-consumo-no-interior-do-to\/#primaryimage\",\"url\":\"\",\"contentUrl\":\"\"},{\"@type\":\"BreadcrumbList\",\"@id\":\"https:\/\/cleitonpinheiro.com.br\/site\/adapec-apreende-seis-toneladas-de-queijos-improprios-para-consumo-no-interior-do-to\/#breadcrumb\",\"itemListElement\":[{\"@type\":\"ListItem\",\"position\":1,\"name\":\"In\u00edcio\",\"item\":\"https:\/\/cleitonpinheiro.com.br\/site\/\"},{\"@type\":\"ListItem\",\"position\":2,\"name\":\"Adapec apreende seis toneladas de queijos impr\u00f3prios para consumo no interior do TO\"}]},{\"@type\":\"WebSite\",\"@id\":\"https:\/\/cleitonpinheiro.com.br\/site\/#website\",\"url\":\"https:\/\/cleitonpinheiro.com.br\/site\/\",\"name\":\"PORTAL DE NOT\u00cdCIAS CLEITON PINHEIRO\",\"description\":\"FALANDO A VERDADE\",\"publisher\":{\"@id\":\"https:\/\/cleitonpinheiro.com.br\/site\/#organization\"},\"potentialAction\":[{\"@type\":\"SearchAction\",\"target\":{\"@type\":\"EntryPoint\",\"urlTemplate\":\"https:\/\/cleitonpinheiro.com.br\/site\/?s={search_term_string}\"},\"query-input\":{\"@type\":\"PropertyValueSpecification\",\"valueRequired\":true,\"valueName\":\"search_term_string\"}}],\"inLanguage\":\"pt-BR\"},{\"@type\":\"Organization\",\"@id\":\"https:\/\/cleitonpinheiro.com.br\/site\/#organization\",\"name\":\"CPNOT\u00cdCIAS\",\"url\":\"https:\/\/cleitonpinheiro.com.br\/site\/\",\"logo\":{\"@type\":\"ImageObject\",\"inLanguage\":\"pt-BR\",\"@id\":\"https:\/\/cleitonpinheiro.com.br\/site\/#\/schema\/logo\/image\/\",\"url\":\"https:\/\/cleitonpinheiro.com.br\/site\/wp-content\/uploads\/2022\/08\/Logo-pequena-2.png\",\"contentUrl\":\"https:\/\/cleitonpinheiro.com.br\/site\/wp-content\/uploads\/2022\/08\/Logo-pequena-2.png\",\"width\":500,\"height\":500,\"caption\":\"CPNOT\u00cdCIAS\"},\"image\":{\"@id\":\"https:\/\/cleitonpinheiro.com.br\/site\/#\/schema\/logo\/image\/\"},\"sameAs\":[\"https:\/\/www.facebook.com\/portalcpnoticias\/\"]},{\"@type\":\"Person\",\"@id\":\"https:\/\/cleitonpinheiro.com.br\/site\/#\/schema\/person\/aac6d7f311e80c43042e98a900b03cd8\",\"name\":\"Dermival Pereira\",\"image\":{\"@type\":\"ImageObject\",\"inLanguage\":\"pt-BR\",\"@id\":\"https:\/\/cleitonpinheiro.com.br\/site\/#\/schema\/person\/image\/\",\"url\":\"https:\/\/secure.gravatar.com\/avatar\/cfaebf3742d6bf8db728bcba3eed6bee37b02337a2e6c822994f20ca72a3784d?s=96&r=g\",\"contentUrl\":\"https:\/\/secure.gravatar.com\/avatar\/cfaebf3742d6bf8db728bcba3eed6bee37b02337a2e6c822994f20ca72a3784d?s=96&r=g\",\"caption\":\"Dermival Pereira\"},\"url\":\"https:\/\/cleitonpinheiro.com.br\/site\/author\/dermival\/\"}]}<\/script>\n<!-- \/ Yoast SEO plugin. -->","yoast_head_json":{"title":"Adapec apreende seis toneladas de queijos impr\u00f3prios para consumo no interior do TO - PORTAL DE NOT\u00cdCIAS CLEITON PINHEIRO","robots":{"index":"index","follow":"follow","max-snippet":"max-snippet:-1","max-image-preview":"max-image-preview:large","max-video-preview":"max-video-preview:-1"},"canonical":"https:\/\/cleitonpinheiro.com.br\/site\/adapec-apreende-seis-toneladas-de-queijos-improprios-para-consumo-no-interior-do-to\/","og_locale":"pt_BR","og_type":"article","og_title":"Adapec apreende seis toneladas de queijos impr\u00f3prios para consumo no interior do TO - PORTAL DE NOT\u00cdCIAS CLEITON PINHEIRO","og_description":"A Ag\u00eancia de Defesa Agropecu\u00e1ria (Adapec) apreendeu na manh\u00e3 desta quarta-feira, 19, na barreira fixa de Couto Magalh\u00e3es, na divisa do Tocantins com o Par\u00e1, uma carga de seis toneladas de queijos tropical impr\u00f3prios para consumo. A empresa foi autuada em R$ 4,5 mil reais e a carga foi inutilizada no aterro sanit\u00e1rio do munic\u00edpio. [&hellip;]","og_url":"https:\/\/cleitonpinheiro.com.br\/site\/adapec-apreende-seis-toneladas-de-queijos-improprios-para-consumo-no-interior-do-to\/","og_site_name":"PORTAL DE NOT\u00cdCIAS CLEITON PINHEIRO","article_publisher":"https:\/\/www.facebook.com\/portalcpnoticias\/","article_published_time":"2023-04-19T19:29:16+00:00","article_modified_time":"2023-04-19T19:29:17+00:00","og_image":[{"width":750,"height":450,"url":"https:\/\/cleitonpinheiro.com.br\/site\/wp-content\/uploads\/2023\/04\/Design-sem-nome-2023-04-19T162837-compressed.jpg","type":"image\/jpeg"}],"author":"Dermival Pereira","twitter_card":"summary_large_image","twitter_misc":{"Escrito por":"Dermival Pereira","Est. tempo de leitura":"2 minutos"},"schema":{"@context":"https:\/\/schema.org","@graph":[{"@type":"Article","@id":"https:\/\/cleitonpinheiro.com.br\/site\/adapec-apreende-seis-toneladas-de-queijos-improprios-para-consumo-no-interior-do-to\/#article","isPartOf":{"@id":"https:\/\/cleitonpinheiro.com.br\/site\/adapec-apreende-seis-toneladas-de-queijos-improprios-para-consumo-no-interior-do-to\/"},"author":{"name":"Dermival Pereira","@id":"https:\/\/cleitonpinheiro.com.br\/site\/#\/schema\/person\/aac6d7f311e80c43042e98a900b03cd8"},"headline":"Adapec apreende seis toneladas de queijos impr\u00f3prios para consumo no interior do TO","datePublished":"2023-04-19T19:29:16+00:00","dateModified":"2023-04-19T19:29:17+00:00","mainEntityOfPage":{"@id":"https:\/\/cleitonpinheiro.com.br\/site\/adapec-apreende-seis-toneladas-de-queijos-improprios-para-consumo-no-interior-do-to\/"},"wordCount":310,"commentCount":0,"publisher":{"@id":"https:\/\/cleitonpinheiro.com.br\/site\/#organization"},"image":{"@id":"https:\/\/cleitonpinheiro.com.br\/site\/adapec-apreende-seis-toneladas-de-queijos-improprios-para-consumo-no-interior-do-to\/#primaryimage"},"thumbnailUrl":"https:\/\/cleitonpinheiro.com.br\/site\/wp-content\/uploads\/2023\/04\/Design-sem-nome-2023-04-19T162837-compressed.jpg","articleSection":["CIDADES","MANCHETE SEGUND\u00c1RIA"],"inLanguage":"pt-BR","potentialAction":[{"@type":"CommentAction","name":"Comment","target":["https:\/\/cleitonpinheiro.com.br\/site\/adapec-apreende-seis-toneladas-de-queijos-improprios-para-consumo-no-interior-do-to\/#respond"]}]},{"@type":"WebPage","@id":"https:\/\/cleitonpinheiro.com.br\/site\/adapec-apreende-seis-toneladas-de-queijos-improprios-para-consumo-no-interior-do-to\/","url":"https:\/\/cleitonpinheiro.com.br\/site\/adapec-apreende-seis-toneladas-de-queijos-improprios-para-consumo-no-interior-do-to\/","name":"Adapec apreende seis toneladas de queijos impr\u00f3prios para consumo no interior do TO - PORTAL DE NOT\u00cdCIAS CLEITON PINHEIRO","isPartOf":{"@id":"https:\/\/cleitonpinheiro.com.br\/site\/#website"},"primaryImageOfPage":{"@id":"https:\/\/cleitonpinheiro.com.br\/site\/adapec-apreende-seis-toneladas-de-queijos-improprios-para-consumo-no-interior-do-to\/#primaryimage"},"image":{"@id":"https:\/\/cleitonpinheiro.com.br\/site\/adapec-apreende-seis-toneladas-de-queijos-improprios-para-consumo-no-interior-do-to\/#primaryimage"},"thumbnailUrl":"https:\/\/cleitonpinheiro.com.br\/site\/wp-content\/uploads\/2023\/04\/Design-sem-nome-2023-04-19T162837-compressed.jpg","datePublished":"2023-04-19T19:29:16+00:00","dateModified":"2023-04-19T19:29:17+00:00","breadcrumb":{"@id":"https:\/\/cleitonpinheiro.com.br\/site\/adapec-apreende-seis-toneladas-de-queijos-improprios-para-consumo-no-interior-do-to\/#breadcrumb"},"inLanguage":"pt-BR","potentialAction":[{"@type":"ReadAction","target":["https:\/\/cleitonpinheiro.com.br\/site\/adapec-apreende-seis-toneladas-de-queijos-improprios-para-consumo-no-interior-do-to\/"]}]},{"@type":"ImageObject","inLanguage":"pt-BR","@id":"https:\/\/cleitonpinheiro.com.br\/site\/adapec-apreende-seis-toneladas-de-queijos-improprios-para-consumo-no-interior-do-to\/#primaryimage","url":"","contentUrl":""},{"@type":"BreadcrumbList","@id":"https:\/\/cleitonpinheiro.com.br\/site\/adapec-apreende-seis-toneladas-de-queijos-improprios-para-consumo-no-interior-do-to\/#breadcrumb","itemListElement":[{"@type":"ListItem","position":1,"name":"In\u00edcio","item":"https:\/\/cleitonpinheiro.com.br\/site\/"},{"@type":"ListItem","position":2,"name":"Adapec apreende seis toneladas de queijos impr\u00f3prios para consumo no interior do TO"}]},{"@type":"WebSite","@id":"https:\/\/cleitonpinheiro.com.br\/site\/#website","url":"https:\/\/cleitonpinheiro.com.br\/site\/","name":"PORTAL DE NOT\u00cdCIAS CLEITON PINHEIRO","description":"FALANDO A VERDADE","publisher":{"@id":"https:\/\/cleitonpinheiro.com.br\/site\/#organization"},"potentialAction":[{"@type":"SearchAction","target":{"@type":"EntryPoint","urlTemplate":"https:\/\/cleitonpinheiro.com.br\/site\/?s={search_term_string}"},"query-input":{"@type":"PropertyValueSpecification","valueRequired":true,"valueName":"search_term_string"}}],"inLanguage":"pt-BR"},{"@type":"Organization","@id":"https:\/\/cleitonpinheiro.com.br\/site\/#organization","name":"CPNOT\u00cdCIAS","url":"https:\/\/cleitonpinheiro.com.br\/site\/","logo":{"@type":"ImageObject","inLanguage":"pt-BR","@id":"https:\/\/cleitonpinheiro.com.br\/site\/#\/schema\/logo\/image\/","url":"https:\/\/cleitonpinheiro.com.br\/site\/wp-content\/uploads\/2022\/08\/Logo-pequena-2.png","contentUrl":"https:\/\/cleitonpinheiro.com.br\/site\/wp-content\/uploads\/2022\/08\/Logo-pequena-2.png","width":500,"height":500,"caption":"CPNOT\u00cdCIAS"},"image":{"@id":"https:\/\/cleitonpinheiro.com.br\/site\/#\/schema\/logo\/image\/"},"sameAs":["https:\/\/www.facebook.com\/portalcpnoticias\/"]},{"@type":"Person","@id":"https:\/\/cleitonpinheiro.com.br\/site\/#\/schema\/person\/aac6d7f311e80c43042e98a900b03cd8","name":"Dermival Pereira","image":{"@type":"ImageObject","inLanguage":"pt-BR","@id":"https:\/\/cleitonpinheiro.com.br\/site\/#\/schema\/person\/image\/","url":"https:\/\/secure.gravatar.com\/avatar\/cfaebf3742d6bf8db728bcba3eed6bee37b02337a2e6c822994f20ca72a3784d?s=96&r=g","contentUrl":"https:\/\/secure.gravatar.com\/avatar\/cfaebf3742d6bf8db728bcba3eed6bee37b02337a2e6c822994f20ca72a3784d?s=96&r=g","caption":"Dermival Pereira"},"url":"https:\/\/cleitonpinheiro.com.br\/site\/author\/dermival\/"}]}},"views":216,"_links":{"self":[{"href":"https:\/\/cleitonpinheiro.com.br\/site\/wp-json\/wp\/v2\/posts\/70358","targetHints":{"allow":["GET"]}}],"collection":[{"href":"https:\/\/cleitonpinheiro.com.br\/site\/wp-json\/wp\/v2\/posts"}],"about":[{"href":"https:\/\/cleitonpinheiro.com.br\/site\/wp-json\/wp\/v2\/types\/post"}],"author":[{"embeddable":true,"href":"https:\/\/cleitonpinheiro.com.br\/site\/wp-json\/wp\/v2\/users\/4"}],"replies":[{"embeddable":true,"href":"https:\/\/cleitonpinheiro.com.br\/site\/wp-json\/wp\/v2\/comments?post=70358"}],"version-history":[{"count":1,"href":"https:\/\/cleitonpinheiro.com.br\/site\/wp-json\/wp\/v2\/posts\/70358\/revisions"}],"predecessor-version":[{"id":70360,"href":"https:\/\/cleitonpinheiro.com.br\/site\/wp-json\/wp\/v2\/posts\/70358\/revisions\/70360"}],"wp:attachment":[{"href":"https:\/\/cleitonpinheiro.com.br\/site\/wp-json\/wp\/v2\/media?parent=70358"}],"wp:term":[{"taxonomy":"category","embeddable":true,"href":"https:\/\/cleitonpinheiro.com.br\/site\/wp-json\/wp\/v2\/categories?post=70358"},{"taxonomy":"post_tag","embeddable":true,"href":"https:\/\/cleitonpinheiro.com.br\/site\/wp-json\/wp\/v2\/tags?post=70358"}],"curies":[{"name":"wp","href":"https:\/\/api.w.org\/{rel}","templated":true}]}}