{"id":70361,"date":"2023-04-19T16:35:38","date_gmt":"2023-04-19T19:35:38","guid":{"rendered":"https:\/\/cleitonpinheiro.com.br\/site\/?p=70361"},"modified":"2023-04-19T16:36:14","modified_gmt":"2023-04-19T19:36:14","slug":"vandalismo-dificulta-conservacao-de-parques-e-praias-da-capital","status":"publish","type":"post","link":"https:\/\/cleitonpinheiro.com.br\/site\/vandalismo-dificulta-conservacao-de-parques-e-praias-da-capital\/","title":{"rendered":"Vandalismo dificulta conserva\u00e7\u00e3o de parques e praias da Capital Palmas"},"content":{"rendered":"\n<figure class=\"wp-block-image size-full is-resized\"><img fetchpriority=\"high\" decoding=\"async\" src=\"https:\/\/cleitonpinheiro.com.br\/site\/wp-content\/uploads\/2023\/04\/Design-sem-nome-2023-04-19T163411-compressed.jpg\" alt=\"\" class=\"wp-image-70362\" width=\"1019\" height=\"611\"\/><figcaption class=\"wp-element-caption\">Foto: Regiane Rocha\/Secom Palmas<\/figcaption><\/figure>\n\n\n\n<p><\/p>\n\n\n\n<p>Para manter o asseio de parques e praias, a Secretaria de Infraestrutura e Servi\u00e7os P\u00fablicos (Seisp) designa equipes fixas para limpeza e zeladoria de banheiros e \u00e1reas comuns. No entanto, h\u00e1 dificuldade na conserva\u00e7\u00e3o de banheiros em fun\u00e7\u00e3o de vandalismo. Quem foi nesta quarta-feira, 19, ao Parque dos Povos Ind\u00edgenas (PPI), por exemplo, bem cedinho, encontrou a auxiliar de servi\u00e7os gerais (ASG) Margareth Barbosa realizando a limpeza dos banheiros. Na Praia da Graciosa, a ASG Eudox Barbosa tamb\u00e9m estava na limpeza dos banheiros a partir das 7 horas.&nbsp;<\/p>\n\n\n\n<p>A Seisp fornece ainda pe\u00e7as e m\u00e3o de obra para manuten\u00e7\u00f5es peri\u00f3dicas, que vem sendo requeridas com maior frequ\u00eancia em raz\u00e3o de vandalismo. No \u00faltimo dia 12, por exemplo, foi realizada substitui\u00e7\u00e3o de torneiras de inox de um dos banheiros masculinos da Praia da Graciosa. &nbsp;Na manh\u00e3 desta quarta-feira, 19, os funcion\u00e1rios que limpam a praia encontraram vazamento no banheiro em fun\u00e7\u00e3o da retirada das torneiras por v\u00e2ndalos. Um banco do mirante da Praia da Graciosa foi tamb\u00e9m retirado, com a funda\u00e7\u00e3o de concreto. Lixeiras tamb\u00e9m foram retiradas do suporte.<\/p>\n\n\n\n<p>Parques e praias t\u00eam visita frequente de moradores de Palmas como de turistas. Por isso, s\u00e3o atendidos rotineiramente com limpeza dos banheiros, rastelo de folhas secas, aparagem de grama, reposi\u00e7\u00e3o de sacos e esvaziamento de lixeiras p\u00fablicas e manuten\u00e7\u00e3o de paisagismo. Segundo a Superintend\u00eancia de Servi\u00e7os P\u00fablicos, s\u00e3o atendidos diariamente o Parque Cesamar, o Parque dos Povos Ind\u00edgenas, a Praia da Graciosa e a Praia das Arnos. J\u00e1 Praia do Caju e Praia do Prata, em fun\u00e7\u00e3o do menor movimento, recebem a limpeza a cada dois dias.&nbsp;<\/p>\n\n\n\n<p>A Seisp n\u00e3o tem balan\u00e7o de preju\u00edzos anteriores, mas pede a colabora\u00e7\u00e3o de comerciantes locais e visitantes para que denunciem pelo 190 assim que avistarem vandalismos desta natureza imediatamente para que o flagrante auxilie na identifica\u00e7\u00e3o dos respons\u00e1veis. <em><strong>(Fonte: Secom de Palmas).<\/strong><\/em><\/p>\n","protected":false},"excerpt":{"rendered":"<p>Para manter o asseio de parques e praias, a Secretaria de Infraestrutura e Servi\u00e7os P\u00fablicos (Seisp) designa equipes fixas para limpeza e zeladoria de banheiros e \u00e1reas comuns. No entanto, h\u00e1 dificuldade na conserva\u00e7\u00e3o de banheiros em fun\u00e7\u00e3o de vandalismo. Quem foi nesta quarta-feira, 19, ao Parque dos Povos Ind\u00edgenas (PPI), por exemplo, bem cedinho, [&hellip;]<\/p>\n","protected":false},"author":4,"featured_media":0,"comment_status":"open","ping_status":"open","sticky":false,"template":"","format":"standard","meta":{"_acf_changed":false,"footnotes":""},"categories":[22,20],"tags":[],"class_list":["post-70361","post","type-post","status-publish","format-standard","hentry","category-cidades","category-noticias-em-destaque"],"acf":[],"yoast_head":"<!-- This site is optimized with the Yoast SEO plugin v24.4 - https:\/\/yoast.com\/wordpress\/plugins\/seo\/ -->\n<title>Vandalismo dificulta conserva\u00e7\u00e3o de parques e praias da Capital Palmas - PORTAL DE NOT\u00cdCIAS CLEITON PINHEIRO<\/title>\n<meta name=\"robots\" content=\"index, follow, max-snippet:-1, max-image-preview:large, max-video-preview:-1\" \/>\n<link rel=\"canonical\" href=\"https:\/\/cleitonpinheiro.com.br\/site\/vandalismo-dificulta-conservacao-de-parques-e-praias-da-capital\/\" \/>\n<meta property=\"og:locale\" content=\"pt_BR\" \/>\n<meta property=\"og:type\" content=\"article\" \/>\n<meta property=\"og:title\" content=\"Vandalismo dificulta conserva\u00e7\u00e3o de parques e praias da Capital Palmas - PORTAL DE NOT\u00cdCIAS CLEITON PINHEIRO\" \/>\n<meta property=\"og:description\" content=\"Para manter o asseio de parques e praias, a Secretaria de Infraestrutura e Servi\u00e7os P\u00fablicos (Seisp) designa equipes fixas para limpeza e zeladoria de banheiros e \u00e1reas comuns. No entanto, h\u00e1 dificuldade na conserva\u00e7\u00e3o de banheiros em fun\u00e7\u00e3o de vandalismo. Quem foi nesta quarta-feira, 19, ao Parque dos Povos Ind\u00edgenas (PPI), por exemplo, bem cedinho, [&hellip;]\" \/>\n<meta property=\"og:url\" content=\"https:\/\/cleitonpinheiro.com.br\/site\/vandalismo-dificulta-conservacao-de-parques-e-praias-da-capital\/\" \/>\n<meta property=\"og:site_name\" content=\"PORTAL DE NOT\u00cdCIAS CLEITON PINHEIRO\" \/>\n<meta property=\"article:publisher\" content=\"https:\/\/www.facebook.com\/portalcpnoticias\/\" \/>\n<meta property=\"article:published_time\" content=\"2023-04-19T19:35:38+00:00\" \/>\n<meta property=\"article:modified_time\" content=\"2023-04-19T19:36:14+00:00\" \/>\n<meta property=\"og:image\" content=\"https:\/\/cleitonpinheiro.com.br\/site\/wp-content\/uploads\/2023\/04\/Design-sem-nome-2023-04-19T163411-compressed.jpg\" \/>\n\t<meta property=\"og:image:width\" content=\"750\" \/>\n\t<meta property=\"og:image:height\" content=\"450\" \/>\n\t<meta property=\"og:image:type\" content=\"image\/jpeg\" \/>\n<meta name=\"author\" content=\"Dermival Pereira\" \/>\n<meta name=\"twitter:card\" content=\"summary_large_image\" \/>\n<meta name=\"twitter:label1\" content=\"Escrito por\" \/>\n\t<meta name=\"twitter:data1\" content=\"Dermival Pereira\" \/>\n\t<meta name=\"twitter:label2\" content=\"Est. tempo de leitura\" \/>\n\t<meta name=\"twitter:data2\" content=\"2 minutos\" \/>\n<script type=\"application\/ld+json\" class=\"yoast-schema-graph\">{\"@context\":\"https:\/\/schema.org\",\"@graph\":[{\"@type\":\"Article\",\"@id\":\"https:\/\/cleitonpinheiro.com.br\/site\/vandalismo-dificulta-conservacao-de-parques-e-praias-da-capital\/#article\",\"isPartOf\":{\"@id\":\"https:\/\/cleitonpinheiro.com.br\/site\/vandalismo-dificulta-conservacao-de-parques-e-praias-da-capital\/\"},\"author\":{\"name\":\"Dermival Pereira\",\"@id\":\"https:\/\/cleitonpinheiro.com.br\/site\/#\/schema\/person\/aac6d7f311e80c43042e98a900b03cd8\"},\"headline\":\"Vandalismo dificulta conserva\u00e7\u00e3o de parques e praias da Capital Palmas\",\"datePublished\":\"2023-04-19T19:35:38+00:00\",\"dateModified\":\"2023-04-19T19:36:14+00:00\",\"mainEntityOfPage\":{\"@id\":\"https:\/\/cleitonpinheiro.com.br\/site\/vandalismo-dificulta-conservacao-de-parques-e-praias-da-capital\/\"},\"wordCount\":358,\"commentCount\":0,\"publisher\":{\"@id\":\"https:\/\/cleitonpinheiro.com.br\/site\/#organization\"},\"image\":{\"@id\":\"https:\/\/cleitonpinheiro.com.br\/site\/vandalismo-dificulta-conservacao-de-parques-e-praias-da-capital\/#primaryimage\"},\"thumbnailUrl\":\"https:\/\/cleitonpinheiro.com.br\/site\/wp-content\/uploads\/2023\/04\/Design-sem-nome-2023-04-19T163411-compressed.jpg\",\"articleSection\":[\"CIDADES\",\"NOT\u00cdCIAS EM DESTAQUE\"],\"inLanguage\":\"pt-BR\",\"potentialAction\":[{\"@type\":\"CommentAction\",\"name\":\"Comment\",\"target\":[\"https:\/\/cleitonpinheiro.com.br\/site\/vandalismo-dificulta-conservacao-de-parques-e-praias-da-capital\/#respond\"]}]},{\"@type\":\"WebPage\",\"@id\":\"https:\/\/cleitonpinheiro.com.br\/site\/vandalismo-dificulta-conservacao-de-parques-e-praias-da-capital\/\",\"url\":\"https:\/\/cleitonpinheiro.com.br\/site\/vandalismo-dificulta-conservacao-de-parques-e-praias-da-capital\/\",\"name\":\"Vandalismo dificulta conserva\u00e7\u00e3o de parques e praias da Capital Palmas - PORTAL DE NOT\u00cdCIAS CLEITON PINHEIRO\",\"isPartOf\":{\"@id\":\"https:\/\/cleitonpinheiro.com.br\/site\/#website\"},\"primaryImageOfPage\":{\"@id\":\"https:\/\/cleitonpinheiro.com.br\/site\/vandalismo-dificulta-conservacao-de-parques-e-praias-da-capital\/#primaryimage\"},\"image\":{\"@id\":\"https:\/\/cleitonpinheiro.com.br\/site\/vandalismo-dificulta-conservacao-de-parques-e-praias-da-capital\/#primaryimage\"},\"thumbnailUrl\":\"https:\/\/cleitonpinheiro.com.br\/site\/wp-content\/uploads\/2023\/04\/Design-sem-nome-2023-04-19T163411-compressed.jpg\",\"datePublished\":\"2023-04-19T19:35:38+00:00\",\"dateModified\":\"2023-04-19T19:36:14+00:00\",\"breadcrumb\":{\"@id\":\"https:\/\/cleitonpinheiro.com.br\/site\/vandalismo-dificulta-conservacao-de-parques-e-praias-da-capital\/#breadcrumb\"},\"inLanguage\":\"pt-BR\",\"potentialAction\":[{\"@type\":\"ReadAction\",\"target\":[\"https:\/\/cleitonpinheiro.com.br\/site\/vandalismo-dificulta-conservacao-de-parques-e-praias-da-capital\/\"]}]},{\"@type\":\"ImageObject\",\"inLanguage\":\"pt-BR\",\"@id\":\"https:\/\/cleitonpinheiro.com.br\/site\/vandalismo-dificulta-conservacao-de-parques-e-praias-da-capital\/#primaryimage\",\"url\":\"\",\"contentUrl\":\"\"},{\"@type\":\"BreadcrumbList\",\"@id\":\"https:\/\/cleitonpinheiro.com.br\/site\/vandalismo-dificulta-conservacao-de-parques-e-praias-da-capital\/#breadcrumb\",\"itemListElement\":[{\"@type\":\"ListItem\",\"position\":1,\"name\":\"In\u00edcio\",\"item\":\"https:\/\/cleitonpinheiro.com.br\/site\/\"},{\"@type\":\"ListItem\",\"position\":2,\"name\":\"Vandalismo dificulta conserva\u00e7\u00e3o de parques e praias da Capital Palmas\"}]},{\"@type\":\"WebSite\",\"@id\":\"https:\/\/cleitonpinheiro.com.br\/site\/#website\",\"url\":\"https:\/\/cleitonpinheiro.com.br\/site\/\",\"name\":\"PORTAL DE NOT\u00cdCIAS CLEITON PINHEIRO\",\"description\":\"FALANDO A VERDADE\",\"publisher\":{\"@id\":\"https:\/\/cleitonpinheiro.com.br\/site\/#organization\"},\"potentialAction\":[{\"@type\":\"SearchAction\",\"target\":{\"@type\":\"EntryPoint\",\"urlTemplate\":\"https:\/\/cleitonpinheiro.com.br\/site\/?s={search_term_string}\"},\"query-input\":{\"@type\":\"PropertyValueSpecification\",\"valueRequired\":true,\"valueName\":\"search_term_string\"}}],\"inLanguage\":\"pt-BR\"},{\"@type\":\"Organization\",\"@id\":\"https:\/\/cleitonpinheiro.com.br\/site\/#organization\",\"name\":\"CPNOT\u00cdCIAS\",\"url\":\"https:\/\/cleitonpinheiro.com.br\/site\/\",\"logo\":{\"@type\":\"ImageObject\",\"inLanguage\":\"pt-BR\",\"@id\":\"https:\/\/cleitonpinheiro.com.br\/site\/#\/schema\/logo\/image\/\",\"url\":\"https:\/\/cleitonpinheiro.com.br\/site\/wp-content\/uploads\/2022\/08\/Logo-pequena-2.png\",\"contentUrl\":\"https:\/\/cleitonpinheiro.com.br\/site\/wp-content\/uploads\/2022\/08\/Logo-pequena-2.png\",\"width\":500,\"height\":500,\"caption\":\"CPNOT\u00cdCIAS\"},\"image\":{\"@id\":\"https:\/\/cleitonpinheiro.com.br\/site\/#\/schema\/logo\/image\/\"},\"sameAs\":[\"https:\/\/www.facebook.com\/portalcpnoticias\/\"]},{\"@type\":\"Person\",\"@id\":\"https:\/\/cleitonpinheiro.com.br\/site\/#\/schema\/person\/aac6d7f311e80c43042e98a900b03cd8\",\"name\":\"Dermival Pereira\",\"image\":{\"@type\":\"ImageObject\",\"inLanguage\":\"pt-BR\",\"@id\":\"https:\/\/cleitonpinheiro.com.br\/site\/#\/schema\/person\/image\/\",\"url\":\"https:\/\/secure.gravatar.com\/avatar\/cfaebf3742d6bf8db728bcba3eed6bee37b02337a2e6c822994f20ca72a3784d?s=96&r=g\",\"contentUrl\":\"https:\/\/secure.gravatar.com\/avatar\/cfaebf3742d6bf8db728bcba3eed6bee37b02337a2e6c822994f20ca72a3784d?s=96&r=g\",\"caption\":\"Dermival Pereira\"},\"url\":\"https:\/\/cleitonpinheiro.com.br\/site\/author\/dermival\/\"}]}<\/script>\n<!-- \/ Yoast SEO plugin. -->","yoast_head_json":{"title":"Vandalismo dificulta conserva\u00e7\u00e3o de parques e praias da Capital Palmas - PORTAL DE NOT\u00cdCIAS CLEITON PINHEIRO","robots":{"index":"index","follow":"follow","max-snippet":"max-snippet:-1","max-image-preview":"max-image-preview:large","max-video-preview":"max-video-preview:-1"},"canonical":"https:\/\/cleitonpinheiro.com.br\/site\/vandalismo-dificulta-conservacao-de-parques-e-praias-da-capital\/","og_locale":"pt_BR","og_type":"article","og_title":"Vandalismo dificulta conserva\u00e7\u00e3o de parques e praias da Capital Palmas - PORTAL DE NOT\u00cdCIAS CLEITON PINHEIRO","og_description":"Para manter o asseio de parques e praias, a Secretaria de Infraestrutura e Servi\u00e7os P\u00fablicos (Seisp) designa equipes fixas para limpeza e zeladoria de banheiros e \u00e1reas comuns. No entanto, h\u00e1 dificuldade na conserva\u00e7\u00e3o de banheiros em fun\u00e7\u00e3o de vandalismo. Quem foi nesta quarta-feira, 19, ao Parque dos Povos Ind\u00edgenas (PPI), por exemplo, bem cedinho, [&hellip;]","og_url":"https:\/\/cleitonpinheiro.com.br\/site\/vandalismo-dificulta-conservacao-de-parques-e-praias-da-capital\/","og_site_name":"PORTAL DE NOT\u00cdCIAS CLEITON PINHEIRO","article_publisher":"https:\/\/www.facebook.com\/portalcpnoticias\/","article_published_time":"2023-04-19T19:35:38+00:00","article_modified_time":"2023-04-19T19:36:14+00:00","og_image":[{"width":750,"height":450,"url":"https:\/\/cleitonpinheiro.com.br\/site\/wp-content\/uploads\/2023\/04\/Design-sem-nome-2023-04-19T163411-compressed.jpg","type":"image\/jpeg"}],"author":"Dermival Pereira","twitter_card":"summary_large_image","twitter_misc":{"Escrito por":"Dermival Pereira","Est. tempo de leitura":"2 minutos"},"schema":{"@context":"https:\/\/schema.org","@graph":[{"@type":"Article","@id":"https:\/\/cleitonpinheiro.com.br\/site\/vandalismo-dificulta-conservacao-de-parques-e-praias-da-capital\/#article","isPartOf":{"@id":"https:\/\/cleitonpinheiro.com.br\/site\/vandalismo-dificulta-conservacao-de-parques-e-praias-da-capital\/"},"author":{"name":"Dermival Pereira","@id":"https:\/\/cleitonpinheiro.com.br\/site\/#\/schema\/person\/aac6d7f311e80c43042e98a900b03cd8"},"headline":"Vandalismo dificulta conserva\u00e7\u00e3o de parques e praias da Capital Palmas","datePublished":"2023-04-19T19:35:38+00:00","dateModified":"2023-04-19T19:36:14+00:00","mainEntityOfPage":{"@id":"https:\/\/cleitonpinheiro.com.br\/site\/vandalismo-dificulta-conservacao-de-parques-e-praias-da-capital\/"},"wordCount":358,"commentCount":0,"publisher":{"@id":"https:\/\/cleitonpinheiro.com.br\/site\/#organization"},"image":{"@id":"https:\/\/cleitonpinheiro.com.br\/site\/vandalismo-dificulta-conservacao-de-parques-e-praias-da-capital\/#primaryimage"},"thumbnailUrl":"https:\/\/cleitonpinheiro.com.br\/site\/wp-content\/uploads\/2023\/04\/Design-sem-nome-2023-04-19T163411-compressed.jpg","articleSection":["CIDADES","NOT\u00cdCIAS EM DESTAQUE"],"inLanguage":"pt-BR","potentialAction":[{"@type":"CommentAction","name":"Comment","target":["https:\/\/cleitonpinheiro.com.br\/site\/vandalismo-dificulta-conservacao-de-parques-e-praias-da-capital\/#respond"]}]},{"@type":"WebPage","@id":"https:\/\/cleitonpinheiro.com.br\/site\/vandalismo-dificulta-conservacao-de-parques-e-praias-da-capital\/","url":"https:\/\/cleitonpinheiro.com.br\/site\/vandalismo-dificulta-conservacao-de-parques-e-praias-da-capital\/","name":"Vandalismo dificulta conserva\u00e7\u00e3o de parques e praias da Capital Palmas - PORTAL DE NOT\u00cdCIAS CLEITON PINHEIRO","isPartOf":{"@id":"https:\/\/cleitonpinheiro.com.br\/site\/#website"},"primaryImageOfPage":{"@id":"https:\/\/cleitonpinheiro.com.br\/site\/vandalismo-dificulta-conservacao-de-parques-e-praias-da-capital\/#primaryimage"},"image":{"@id":"https:\/\/cleitonpinheiro.com.br\/site\/vandalismo-dificulta-conservacao-de-parques-e-praias-da-capital\/#primaryimage"},"thumbnailUrl":"https:\/\/cleitonpinheiro.com.br\/site\/wp-content\/uploads\/2023\/04\/Design-sem-nome-2023-04-19T163411-compressed.jpg","datePublished":"2023-04-19T19:35:38+00:00","dateModified":"2023-04-19T19:36:14+00:00","breadcrumb":{"@id":"https:\/\/cleitonpinheiro.com.br\/site\/vandalismo-dificulta-conservacao-de-parques-e-praias-da-capital\/#breadcrumb"},"inLanguage":"pt-BR","potentialAction":[{"@type":"ReadAction","target":["https:\/\/cleitonpinheiro.com.br\/site\/vandalismo-dificulta-conservacao-de-parques-e-praias-da-capital\/"]}]},{"@type":"ImageObject","inLanguage":"pt-BR","@id":"https:\/\/cleitonpinheiro.com.br\/site\/vandalismo-dificulta-conservacao-de-parques-e-praias-da-capital\/#primaryimage","url":"","contentUrl":""},{"@type":"BreadcrumbList","@id":"https:\/\/cleitonpinheiro.com.br\/site\/vandalismo-dificulta-conservacao-de-parques-e-praias-da-capital\/#breadcrumb","itemListElement":[{"@type":"ListItem","position":1,"name":"In\u00edcio","item":"https:\/\/cleitonpinheiro.com.br\/site\/"},{"@type":"ListItem","position":2,"name":"Vandalismo dificulta conserva\u00e7\u00e3o de parques e praias da Capital Palmas"}]},{"@type":"WebSite","@id":"https:\/\/cleitonpinheiro.com.br\/site\/#website","url":"https:\/\/cleitonpinheiro.com.br\/site\/","name":"PORTAL DE NOT\u00cdCIAS CLEITON PINHEIRO","description":"FALANDO A VERDADE","publisher":{"@id":"https:\/\/cleitonpinheiro.com.br\/site\/#organization"},"potentialAction":[{"@type":"SearchAction","target":{"@type":"EntryPoint","urlTemplate":"https:\/\/cleitonpinheiro.com.br\/site\/?s={search_term_string}"},"query-input":{"@type":"PropertyValueSpecification","valueRequired":true,"valueName":"search_term_string"}}],"inLanguage":"pt-BR"},{"@type":"Organization","@id":"https:\/\/cleitonpinheiro.com.br\/site\/#organization","name":"CPNOT\u00cdCIAS","url":"https:\/\/cleitonpinheiro.com.br\/site\/","logo":{"@type":"ImageObject","inLanguage":"pt-BR","@id":"https:\/\/cleitonpinheiro.com.br\/site\/#\/schema\/logo\/image\/","url":"https:\/\/cleitonpinheiro.com.br\/site\/wp-content\/uploads\/2022\/08\/Logo-pequena-2.png","contentUrl":"https:\/\/cleitonpinheiro.com.br\/site\/wp-content\/uploads\/2022\/08\/Logo-pequena-2.png","width":500,"height":500,"caption":"CPNOT\u00cdCIAS"},"image":{"@id":"https:\/\/cleitonpinheiro.com.br\/site\/#\/schema\/logo\/image\/"},"sameAs":["https:\/\/www.facebook.com\/portalcpnoticias\/"]},{"@type":"Person","@id":"https:\/\/cleitonpinheiro.com.br\/site\/#\/schema\/person\/aac6d7f311e80c43042e98a900b03cd8","name":"Dermival Pereira","image":{"@type":"ImageObject","inLanguage":"pt-BR","@id":"https:\/\/cleitonpinheiro.com.br\/site\/#\/schema\/person\/image\/","url":"https:\/\/secure.gravatar.com\/avatar\/cfaebf3742d6bf8db728bcba3eed6bee37b02337a2e6c822994f20ca72a3784d?s=96&r=g","contentUrl":"https:\/\/secure.gravatar.com\/avatar\/cfaebf3742d6bf8db728bcba3eed6bee37b02337a2e6c822994f20ca72a3784d?s=96&r=g","caption":"Dermival Pereira"},"url":"https:\/\/cleitonpinheiro.com.br\/site\/author\/dermival\/"}]}},"views":245,"_links":{"self":[{"href":"https:\/\/cleitonpinheiro.com.br\/site\/wp-json\/wp\/v2\/posts\/70361","targetHints":{"allow":["GET"]}}],"collection":[{"href":"https:\/\/cleitonpinheiro.com.br\/site\/wp-json\/wp\/v2\/posts"}],"about":[{"href":"https:\/\/cleitonpinheiro.com.br\/site\/wp-json\/wp\/v2\/types\/post"}],"author":[{"embeddable":true,"href":"https:\/\/cleitonpinheiro.com.br\/site\/wp-json\/wp\/v2\/users\/4"}],"replies":[{"embeddable":true,"href":"https:\/\/cleitonpinheiro.com.br\/site\/wp-json\/wp\/v2\/comments?post=70361"}],"version-history":[{"count":2,"href":"https:\/\/cleitonpinheiro.com.br\/site\/wp-json\/wp\/v2\/posts\/70361\/revisions"}],"predecessor-version":[{"id":70364,"href":"https:\/\/cleitonpinheiro.com.br\/site\/wp-json\/wp\/v2\/posts\/70361\/revisions\/70364"}],"wp:attachment":[{"href":"https:\/\/cleitonpinheiro.com.br\/site\/wp-json\/wp\/v2\/media?parent=70361"}],"wp:term":[{"taxonomy":"category","embeddable":true,"href":"https:\/\/cleitonpinheiro.com.br\/site\/wp-json\/wp\/v2\/categories?post=70361"},{"taxonomy":"post_tag","embeddable":true,"href":"https:\/\/cleitonpinheiro.com.br\/site\/wp-json\/wp\/v2\/tags?post=70361"}],"curies":[{"name":"wp","href":"https:\/\/api.w.org\/{rel}","templated":true}]}}