{"id":70525,"date":"2023-04-25T07:23:44","date_gmt":"2023-04-25T10:23:44","guid":{"rendered":"https:\/\/cleitonpinheiro.com.br\/site\/?p=70525"},"modified":"2023-04-25T07:23:46","modified_gmt":"2023-04-25T10:23:46","slug":"cerca-de-200-indigenas-tocantinenses-participam-do-acampamento-terra-livre-em-brasilia","status":"publish","type":"post","link":"https:\/\/cleitonpinheiro.com.br\/site\/cerca-de-200-indigenas-tocantinenses-participam-do-acampamento-terra-livre-em-brasilia\/","title":{"rendered":"Cerca de 200 ind\u00edgenas tocantinenses participam do acampamento Terra Livre em Bras\u00edlia"},"content":{"rendered":"\n<figure class=\"wp-block-image size-full is-resized\"><img fetchpriority=\"high\" decoding=\"async\" src=\"https:\/\/cleitonpinheiro.com.br\/site\/wp-content\/uploads\/2023\/04\/Design-sem-nome-31-compressed.jpg\" alt=\"\" class=\"wp-image-70526\" width=\"1024\" height=\"614\"\/><figcaption class=\"wp-element-caption\">Foto:\u00a0Jo\u00e9dson Alves\/Ag\u00eancia Brasil<\/figcaption><\/figure>\n\n\n\n<p>Delega\u00e7\u00e3o formada por 200 ind\u00edgenas de v\u00e1rias etnias do Tocantins est\u00e1 em Bras\u00edlia (DF), onde participa desta segunda, 24 ao pr\u00f3ximo dia 28, do Acampamento Terra Livre. A mobiliza\u00e7\u00e3o nacional est\u00e1 na 19a edi\u00e7\u00e3o e este ano traz o tema \u201cO futuro ind\u00edgena \u00e9 hoje.&nbsp;Sem demarca\u00e7\u00e3o, n\u00e3o h\u00e1 democracia!\u201d. De acordo com a Articula\u00e7\u00e3o dos Povos Ind\u00edgenas do Brasil (Apib), organizadora do evento, s\u00e3o esperadas 6 mil pessoas no ATL.<\/p>\n\n\n\n<p>Parte da delega\u00e7\u00e3o tocantinense chegou em Bras\u00edlia ainda no domingo e o restante do grupo se&nbsp; deslocou para as terras brasilienses nesta segunda-feira, 24. A secret\u00e1ria de Estado dos Povos Origin\u00e1rios e Tradicionais (Sepot), Narubia Werreria, \u00e9 uma das participantes.<\/p>\n\n\n\n<p>Do Tocantins est\u00e3o representados os povos Apinaj\u00e9, Krah\u00f4, Krah\u00f4-Kanela , Java\u00e9, Karaj\u00e1, Xerente,&nbsp; Java\u00e9, Karaj\u00e1-Xambio\u00e1,&nbsp; Kanela e Krah\u00f4-Takaywr\u00e1, sendo estes dois \u00faltimos de terras ainda n\u00e3o demarcadas. \u201cPara n\u00f3s povos Ind\u00edgenas do Tocantins \u00e9 importante participarmos deste evento para mostrar nossa cultura forte e bela, mas tamb\u00e9m os nossos problemas\u201d, disse um dos participantes da delega\u00e7\u00e3o tocantinense C\u00e9lio Kanela, presidente da Associa\u00e7\u00e3o Crim Patehi, que representa a aldeia de mesmo nome, no munic\u00edpio de Lagoa da Confus\u00e3o.&nbsp;<\/p>\n\n\n\n<p>O representante destaca que os debates no evento s\u00e3o importantes para dialogar sobre desafios como a \u201cfalta de demarca\u00e7\u00e3o de terras e dificuldade em acessar algumas pol\u00edticas p\u00fablicas como nas \u00e1reas da sa\u00fade, justi\u00e7a, infraestrutura e saneamento\u201d, disse ele, que tamb\u00e9m \u00e9 membro do Instituto Ind\u00edgena do Tocantins (Indtins), e diretor de Prote\u00e7\u00e3o dos Povos Ind\u00edgenas, da Secretaria de Estado dos Povos Origin\u00e1rios e Tradicionais (Sepot).&nbsp; \u201cNo acampamento n\u00f3s temos a oportunidade de falar e ouvir outras lideran\u00e7as e discutir melhorias para todos os povos\u201d, disse.<\/p>\n\n\n\n<p><strong>Apoio<\/strong><\/p>\n\n\n\n<p>Do total de tocantinenses, 90 tiveram a participa\u00e7\u00e3o garantida pela Sepot.&nbsp; \u201c\u00c9 uma satisfa\u00e7\u00e3o muito grande saber que estamos contribuindo para que hoje tiv\u00e9ssemos a maior delega\u00e7\u00e3o de povos Origin\u00e1rios da hist\u00f3ria do Tocantins no maior encontro ind\u00edgena do pa\u00eds, o que garante a expressiva participa\u00e7\u00e3o nos principais debates e articula\u00e7\u00f5es nacionais, sobretudo neste momento que temos um minist\u00e9rio conduzido por uma mulher ind\u00edgena e a Funai [Funda\u00e7\u00e3o Nacional dos Povos Ind\u00edgenas]&nbsp;&nbsp; tamb\u00e9m conduzida por Joenia Wapichana, uma mulher ind\u00edgena\u201d, enfatizou a secret\u00e1ria Narubia Werreria, por meio da assessoria de comunica\u00e7\u00e3o da pasta.<\/p>\n\n\n\n<p><strong>Debates<\/strong><\/p>\n\n\n\n<p>O evento vai debater cinco eixos tem\u00e1ticos em plen\u00e1rias e contar\u00e1 ainda com a realiza\u00e7\u00e3o de tr\u00eas marchas pelas ruas de Bras\u00edlia para protestar contra projetos de lei considerados como \u201canti-ind\u00edgenas\u201d. Um desses projetos, o Projeto de Lei 191\/2020, permite a minera\u00e7\u00e3o em terras ancestrais dos povos ind\u00edgenas. Al\u00e9m disso, durante toda semana est\u00e3o previstas noites culturais.<\/p>\n\n\n\n<p>De acordo com a Apib, o ATL refor\u00e7a a import\u00e2ncia da demarca\u00e7\u00e3o das terras ind\u00edgenas no Brasil, paralisadas nos \u00faltimos quatro anos. A entidade destaca que mais de 200 terras ind\u00edgenas est\u00e3o na fila da demarca\u00e7\u00e3o da Funda\u00e7\u00e3o Nacional dos Povos Ind\u00edgenas (Funai). Ao todo, 13 territ\u00f3rios est\u00e3o com o processo em andamento, com a homologa\u00e7\u00e3o a ser feita. At\u00e9 o momento, cerca de 600 foram regularizadas.<\/p>\n\n\n\n<p><strong>Organiza\u00e7\u00e3o<\/strong><\/p>\n\n\n\n<p>O ATL \u00e9 organizado pela Apib e constru\u00eddo em conjunto com sete organiza\u00e7\u00f5es de base, sendo elas: Articula\u00e7\u00e3o dos Povos e Organiza\u00e7\u00f5es Ind\u00edgenas do Nordeste, Minas Gerais e Esp\u00edrito Santo (Apoinme), pela Articula\u00e7\u00e3o dos Povos Ind\u00edgenas da Regi\u00e3o Sul (Arpinsul), pela Articula\u00e7\u00e3o dos Povos Ind\u00edgenas da Regi\u00e3o Sudeste (Arpinsudeste), Comiss\u00e3o Guarani Yvyrupa, Coordena\u00e7\u00e3o das Organiza\u00e7\u00f5es Ind\u00edgenas da Amaz\u00f4nia Brasileira (Coiab), Conselho do Povo Terena e Assembl\u00e9ia Geral do Povo Kaiow\u00e1 e Guarani (Aty Guasu).<\/p>\n\n\n\n<p>O primeiro ATL foi em 2004 e, em 2022, reuniu mais de 8 mil ind\u00edgenas, provenientes de 100 povos e de todas as regi\u00f5es do pa\u00eds. Ao longo de dez dias de programa\u00e7\u00e3o, os participantes do encontro abordaram pautas do movimento ind\u00edgena. Tamb\u00e9m foi uma oportunidade de buscar fortalecer candidaturas de lideran\u00e7as para concorrer a assentos no Congresso Nacional, j\u00e1 que era um ano eleitoral.\u00a0<strong><em>(Com informa\u00e7\u00f5es da Apib e da Associa\u00e7\u00e3o Crim Patehi)<\/em>.<\/strong><\/p>\n","protected":false},"excerpt":{"rendered":"<p>Delega\u00e7\u00e3o formada por 200 ind\u00edgenas de v\u00e1rias etnias do Tocantins est\u00e1 em Bras\u00edlia (DF), onde participa desta segunda, 24 ao pr\u00f3ximo dia 28, do Acampamento Terra Livre. A mobiliza\u00e7\u00e3o nacional est\u00e1 na 19a edi\u00e7\u00e3o e este ano traz o tema \u201cO futuro ind\u00edgena \u00e9 hoje.&nbsp;Sem demarca\u00e7\u00e3o, n\u00e3o h\u00e1 democracia!\u201d. De acordo com a Articula\u00e7\u00e3o dos [&hellip;]<\/p>\n","protected":false},"author":4,"featured_media":0,"comment_status":"open","ping_status":"open","sticky":false,"template":"","format":"standard","meta":{"_acf_changed":false,"footnotes":""},"categories":[8,898],"tags":[],"class_list":["post-70525","post","type-post","status-publish","format-standard","hentry","category-estado","category-manchete-segundaria"],"acf":[],"yoast_head":"<!-- This site is optimized with the Yoast SEO plugin v24.4 - https:\/\/yoast.com\/wordpress\/plugins\/seo\/ -->\n<title>Cerca de 200 ind\u00edgenas tocantinenses participam do acampamento Terra Livre em Bras\u00edlia - PORTAL DE NOT\u00cdCIAS CLEITON PINHEIRO<\/title>\n<meta name=\"robots\" content=\"index, follow, max-snippet:-1, max-image-preview:large, max-video-preview:-1\" \/>\n<link rel=\"canonical\" href=\"https:\/\/cleitonpinheiro.com.br\/site\/cerca-de-200-indigenas-tocantinenses-participam-do-acampamento-terra-livre-em-brasilia\/\" \/>\n<meta property=\"og:locale\" content=\"pt_BR\" \/>\n<meta property=\"og:type\" content=\"article\" \/>\n<meta property=\"og:title\" content=\"Cerca de 200 ind\u00edgenas tocantinenses participam do acampamento Terra Livre em Bras\u00edlia - PORTAL DE NOT\u00cdCIAS CLEITON PINHEIRO\" \/>\n<meta property=\"og:description\" content=\"Delega\u00e7\u00e3o formada por 200 ind\u00edgenas de v\u00e1rias etnias do Tocantins est\u00e1 em Bras\u00edlia (DF), onde participa desta segunda, 24 ao pr\u00f3ximo dia 28, do Acampamento Terra Livre. A mobiliza\u00e7\u00e3o nacional est\u00e1 na 19a edi\u00e7\u00e3o e este ano traz o tema \u201cO futuro ind\u00edgena \u00e9 hoje.&nbsp;Sem demarca\u00e7\u00e3o, n\u00e3o h\u00e1 democracia!\u201d. De acordo com a Articula\u00e7\u00e3o dos [&hellip;]\" \/>\n<meta property=\"og:url\" content=\"https:\/\/cleitonpinheiro.com.br\/site\/cerca-de-200-indigenas-tocantinenses-participam-do-acampamento-terra-livre-em-brasilia\/\" \/>\n<meta property=\"og:site_name\" content=\"PORTAL DE NOT\u00cdCIAS CLEITON PINHEIRO\" \/>\n<meta property=\"article:publisher\" content=\"https:\/\/www.facebook.com\/portalcpnoticias\/\" \/>\n<meta property=\"article:published_time\" content=\"2023-04-25T10:23:44+00:00\" \/>\n<meta property=\"article:modified_time\" content=\"2023-04-25T10:23:46+00:00\" \/>\n<meta property=\"og:image\" content=\"https:\/\/cleitonpinheiro.com.br\/site\/wp-content\/uploads\/2023\/04\/Design-sem-nome-31-compressed.jpg\" \/>\n\t<meta property=\"og:image:width\" content=\"750\" \/>\n\t<meta property=\"og:image:height\" content=\"450\" \/>\n\t<meta property=\"og:image:type\" content=\"image\/jpeg\" \/>\n<meta name=\"author\" content=\"Dermival Pereira\" \/>\n<meta name=\"twitter:card\" content=\"summary_large_image\" \/>\n<meta name=\"twitter:label1\" content=\"Escrito por\" \/>\n\t<meta name=\"twitter:data1\" content=\"Dermival Pereira\" \/>\n\t<meta name=\"twitter:label2\" content=\"Est. tempo de leitura\" \/>\n\t<meta name=\"twitter:data2\" content=\"4 minutos\" \/>\n<script type=\"application\/ld+json\" class=\"yoast-schema-graph\">{\"@context\":\"https:\/\/schema.org\",\"@graph\":[{\"@type\":\"Article\",\"@id\":\"https:\/\/cleitonpinheiro.com.br\/site\/cerca-de-200-indigenas-tocantinenses-participam-do-acampamento-terra-livre-em-brasilia\/#article\",\"isPartOf\":{\"@id\":\"https:\/\/cleitonpinheiro.com.br\/site\/cerca-de-200-indigenas-tocantinenses-participam-do-acampamento-terra-livre-em-brasilia\/\"},\"author\":{\"name\":\"Dermival Pereira\",\"@id\":\"https:\/\/cleitonpinheiro.com.br\/site\/#\/schema\/person\/aac6d7f311e80c43042e98a900b03cd8\"},\"headline\":\"Cerca de 200 ind\u00edgenas tocantinenses participam do acampamento Terra Livre em Bras\u00edlia\",\"datePublished\":\"2023-04-25T10:23:44+00:00\",\"dateModified\":\"2023-04-25T10:23:46+00:00\",\"mainEntityOfPage\":{\"@id\":\"https:\/\/cleitonpinheiro.com.br\/site\/cerca-de-200-indigenas-tocantinenses-participam-do-acampamento-terra-livre-em-brasilia\/\"},\"wordCount\":761,\"commentCount\":0,\"publisher\":{\"@id\":\"https:\/\/cleitonpinheiro.com.br\/site\/#organization\"},\"image\":{\"@id\":\"https:\/\/cleitonpinheiro.com.br\/site\/cerca-de-200-indigenas-tocantinenses-participam-do-acampamento-terra-livre-em-brasilia\/#primaryimage\"},\"thumbnailUrl\":\"https:\/\/cleitonpinheiro.com.br\/site\/wp-content\/uploads\/2023\/04\/Design-sem-nome-31-compressed.jpg\",\"articleSection\":[\"ESTADO\",\"MANCHETE SEGUND\u00c1RIA\"],\"inLanguage\":\"pt-BR\",\"potentialAction\":[{\"@type\":\"CommentAction\",\"name\":\"Comment\",\"target\":[\"https:\/\/cleitonpinheiro.com.br\/site\/cerca-de-200-indigenas-tocantinenses-participam-do-acampamento-terra-livre-em-brasilia\/#respond\"]}]},{\"@type\":\"WebPage\",\"@id\":\"https:\/\/cleitonpinheiro.com.br\/site\/cerca-de-200-indigenas-tocantinenses-participam-do-acampamento-terra-livre-em-brasilia\/\",\"url\":\"https:\/\/cleitonpinheiro.com.br\/site\/cerca-de-200-indigenas-tocantinenses-participam-do-acampamento-terra-livre-em-brasilia\/\",\"name\":\"Cerca de 200 ind\u00edgenas tocantinenses participam do acampamento Terra Livre em Bras\u00edlia - PORTAL DE NOT\u00cdCIAS CLEITON PINHEIRO\",\"isPartOf\":{\"@id\":\"https:\/\/cleitonpinheiro.com.br\/site\/#website\"},\"primaryImageOfPage\":{\"@id\":\"https:\/\/cleitonpinheiro.com.br\/site\/cerca-de-200-indigenas-tocantinenses-participam-do-acampamento-terra-livre-em-brasilia\/#primaryimage\"},\"image\":{\"@id\":\"https:\/\/cleitonpinheiro.com.br\/site\/cerca-de-200-indigenas-tocantinenses-participam-do-acampamento-terra-livre-em-brasilia\/#primaryimage\"},\"thumbnailUrl\":\"https:\/\/cleitonpinheiro.com.br\/site\/wp-content\/uploads\/2023\/04\/Design-sem-nome-31-compressed.jpg\",\"datePublished\":\"2023-04-25T10:23:44+00:00\",\"dateModified\":\"2023-04-25T10:23:46+00:00\",\"breadcrumb\":{\"@id\":\"https:\/\/cleitonpinheiro.com.br\/site\/cerca-de-200-indigenas-tocantinenses-participam-do-acampamento-terra-livre-em-brasilia\/#breadcrumb\"},\"inLanguage\":\"pt-BR\",\"potentialAction\":[{\"@type\":\"ReadAction\",\"target\":[\"https:\/\/cleitonpinheiro.com.br\/site\/cerca-de-200-indigenas-tocantinenses-participam-do-acampamento-terra-livre-em-brasilia\/\"]}]},{\"@type\":\"ImageObject\",\"inLanguage\":\"pt-BR\",\"@id\":\"https:\/\/cleitonpinheiro.com.br\/site\/cerca-de-200-indigenas-tocantinenses-participam-do-acampamento-terra-livre-em-brasilia\/#primaryimage\",\"url\":\"\",\"contentUrl\":\"\"},{\"@type\":\"BreadcrumbList\",\"@id\":\"https:\/\/cleitonpinheiro.com.br\/site\/cerca-de-200-indigenas-tocantinenses-participam-do-acampamento-terra-livre-em-brasilia\/#breadcrumb\",\"itemListElement\":[{\"@type\":\"ListItem\",\"position\":1,\"name\":\"In\u00edcio\",\"item\":\"https:\/\/cleitonpinheiro.com.br\/site\/\"},{\"@type\":\"ListItem\",\"position\":2,\"name\":\"Cerca de 200 ind\u00edgenas tocantinenses participam do acampamento Terra Livre em Bras\u00edlia\"}]},{\"@type\":\"WebSite\",\"@id\":\"https:\/\/cleitonpinheiro.com.br\/site\/#website\",\"url\":\"https:\/\/cleitonpinheiro.com.br\/site\/\",\"name\":\"PORTAL DE NOT\u00cdCIAS CLEITON PINHEIRO\",\"description\":\"FALANDO A VERDADE\",\"publisher\":{\"@id\":\"https:\/\/cleitonpinheiro.com.br\/site\/#organization\"},\"potentialAction\":[{\"@type\":\"SearchAction\",\"target\":{\"@type\":\"EntryPoint\",\"urlTemplate\":\"https:\/\/cleitonpinheiro.com.br\/site\/?s={search_term_string}\"},\"query-input\":{\"@type\":\"PropertyValueSpecification\",\"valueRequired\":true,\"valueName\":\"search_term_string\"}}],\"inLanguage\":\"pt-BR\"},{\"@type\":\"Organization\",\"@id\":\"https:\/\/cleitonpinheiro.com.br\/site\/#organization\",\"name\":\"CPNOT\u00cdCIAS\",\"url\":\"https:\/\/cleitonpinheiro.com.br\/site\/\",\"logo\":{\"@type\":\"ImageObject\",\"inLanguage\":\"pt-BR\",\"@id\":\"https:\/\/cleitonpinheiro.com.br\/site\/#\/schema\/logo\/image\/\",\"url\":\"https:\/\/cleitonpinheiro.com.br\/site\/wp-content\/uploads\/2022\/08\/Logo-pequena-2.png\",\"contentUrl\":\"https:\/\/cleitonpinheiro.com.br\/site\/wp-content\/uploads\/2022\/08\/Logo-pequena-2.png\",\"width\":500,\"height\":500,\"caption\":\"CPNOT\u00cdCIAS\"},\"image\":{\"@id\":\"https:\/\/cleitonpinheiro.com.br\/site\/#\/schema\/logo\/image\/\"},\"sameAs\":[\"https:\/\/www.facebook.com\/portalcpnoticias\/\"]},{\"@type\":\"Person\",\"@id\":\"https:\/\/cleitonpinheiro.com.br\/site\/#\/schema\/person\/aac6d7f311e80c43042e98a900b03cd8\",\"name\":\"Dermival Pereira\",\"image\":{\"@type\":\"ImageObject\",\"inLanguage\":\"pt-BR\",\"@id\":\"https:\/\/cleitonpinheiro.com.br\/site\/#\/schema\/person\/image\/\",\"url\":\"https:\/\/secure.gravatar.com\/avatar\/cfaebf3742d6bf8db728bcba3eed6bee37b02337a2e6c822994f20ca72a3784d?s=96&r=g\",\"contentUrl\":\"https:\/\/secure.gravatar.com\/avatar\/cfaebf3742d6bf8db728bcba3eed6bee37b02337a2e6c822994f20ca72a3784d?s=96&r=g\",\"caption\":\"Dermival Pereira\"},\"url\":\"https:\/\/cleitonpinheiro.com.br\/site\/author\/dermival\/\"}]}<\/script>\n<!-- \/ Yoast SEO plugin. -->","yoast_head_json":{"title":"Cerca de 200 ind\u00edgenas tocantinenses participam do acampamento Terra Livre em Bras\u00edlia - PORTAL DE NOT\u00cdCIAS CLEITON PINHEIRO","robots":{"index":"index","follow":"follow","max-snippet":"max-snippet:-1","max-image-preview":"max-image-preview:large","max-video-preview":"max-video-preview:-1"},"canonical":"https:\/\/cleitonpinheiro.com.br\/site\/cerca-de-200-indigenas-tocantinenses-participam-do-acampamento-terra-livre-em-brasilia\/","og_locale":"pt_BR","og_type":"article","og_title":"Cerca de 200 ind\u00edgenas tocantinenses participam do acampamento Terra Livre em Bras\u00edlia - PORTAL DE NOT\u00cdCIAS CLEITON PINHEIRO","og_description":"Delega\u00e7\u00e3o formada por 200 ind\u00edgenas de v\u00e1rias etnias do Tocantins est\u00e1 em Bras\u00edlia (DF), onde participa desta segunda, 24 ao pr\u00f3ximo dia 28, do Acampamento Terra Livre. A mobiliza\u00e7\u00e3o nacional est\u00e1 na 19a edi\u00e7\u00e3o e este ano traz o tema \u201cO futuro ind\u00edgena \u00e9 hoje.&nbsp;Sem demarca\u00e7\u00e3o, n\u00e3o h\u00e1 democracia!\u201d. De acordo com a Articula\u00e7\u00e3o dos [&hellip;]","og_url":"https:\/\/cleitonpinheiro.com.br\/site\/cerca-de-200-indigenas-tocantinenses-participam-do-acampamento-terra-livre-em-brasilia\/","og_site_name":"PORTAL DE NOT\u00cdCIAS CLEITON PINHEIRO","article_publisher":"https:\/\/www.facebook.com\/portalcpnoticias\/","article_published_time":"2023-04-25T10:23:44+00:00","article_modified_time":"2023-04-25T10:23:46+00:00","og_image":[{"width":750,"height":450,"url":"https:\/\/cleitonpinheiro.com.br\/site\/wp-content\/uploads\/2023\/04\/Design-sem-nome-31-compressed.jpg","type":"image\/jpeg"}],"author":"Dermival Pereira","twitter_card":"summary_large_image","twitter_misc":{"Escrito por":"Dermival Pereira","Est. tempo de leitura":"4 minutos"},"schema":{"@context":"https:\/\/schema.org","@graph":[{"@type":"Article","@id":"https:\/\/cleitonpinheiro.com.br\/site\/cerca-de-200-indigenas-tocantinenses-participam-do-acampamento-terra-livre-em-brasilia\/#article","isPartOf":{"@id":"https:\/\/cleitonpinheiro.com.br\/site\/cerca-de-200-indigenas-tocantinenses-participam-do-acampamento-terra-livre-em-brasilia\/"},"author":{"name":"Dermival Pereira","@id":"https:\/\/cleitonpinheiro.com.br\/site\/#\/schema\/person\/aac6d7f311e80c43042e98a900b03cd8"},"headline":"Cerca de 200 ind\u00edgenas tocantinenses participam do acampamento Terra Livre em Bras\u00edlia","datePublished":"2023-04-25T10:23:44+00:00","dateModified":"2023-04-25T10:23:46+00:00","mainEntityOfPage":{"@id":"https:\/\/cleitonpinheiro.com.br\/site\/cerca-de-200-indigenas-tocantinenses-participam-do-acampamento-terra-livre-em-brasilia\/"},"wordCount":761,"commentCount":0,"publisher":{"@id":"https:\/\/cleitonpinheiro.com.br\/site\/#organization"},"image":{"@id":"https:\/\/cleitonpinheiro.com.br\/site\/cerca-de-200-indigenas-tocantinenses-participam-do-acampamento-terra-livre-em-brasilia\/#primaryimage"},"thumbnailUrl":"https:\/\/cleitonpinheiro.com.br\/site\/wp-content\/uploads\/2023\/04\/Design-sem-nome-31-compressed.jpg","articleSection":["ESTADO","MANCHETE SEGUND\u00c1RIA"],"inLanguage":"pt-BR","potentialAction":[{"@type":"CommentAction","name":"Comment","target":["https:\/\/cleitonpinheiro.com.br\/site\/cerca-de-200-indigenas-tocantinenses-participam-do-acampamento-terra-livre-em-brasilia\/#respond"]}]},{"@type":"WebPage","@id":"https:\/\/cleitonpinheiro.com.br\/site\/cerca-de-200-indigenas-tocantinenses-participam-do-acampamento-terra-livre-em-brasilia\/","url":"https:\/\/cleitonpinheiro.com.br\/site\/cerca-de-200-indigenas-tocantinenses-participam-do-acampamento-terra-livre-em-brasilia\/","name":"Cerca de 200 ind\u00edgenas tocantinenses participam do acampamento Terra Livre em Bras\u00edlia - PORTAL DE NOT\u00cdCIAS CLEITON PINHEIRO","isPartOf":{"@id":"https:\/\/cleitonpinheiro.com.br\/site\/#website"},"primaryImageOfPage":{"@id":"https:\/\/cleitonpinheiro.com.br\/site\/cerca-de-200-indigenas-tocantinenses-participam-do-acampamento-terra-livre-em-brasilia\/#primaryimage"},"image":{"@id":"https:\/\/cleitonpinheiro.com.br\/site\/cerca-de-200-indigenas-tocantinenses-participam-do-acampamento-terra-livre-em-brasilia\/#primaryimage"},"thumbnailUrl":"https:\/\/cleitonpinheiro.com.br\/site\/wp-content\/uploads\/2023\/04\/Design-sem-nome-31-compressed.jpg","datePublished":"2023-04-25T10:23:44+00:00","dateModified":"2023-04-25T10:23:46+00:00","breadcrumb":{"@id":"https:\/\/cleitonpinheiro.com.br\/site\/cerca-de-200-indigenas-tocantinenses-participam-do-acampamento-terra-livre-em-brasilia\/#breadcrumb"},"inLanguage":"pt-BR","potentialAction":[{"@type":"ReadAction","target":["https:\/\/cleitonpinheiro.com.br\/site\/cerca-de-200-indigenas-tocantinenses-participam-do-acampamento-terra-livre-em-brasilia\/"]}]},{"@type":"ImageObject","inLanguage":"pt-BR","@id":"https:\/\/cleitonpinheiro.com.br\/site\/cerca-de-200-indigenas-tocantinenses-participam-do-acampamento-terra-livre-em-brasilia\/#primaryimage","url":"","contentUrl":""},{"@type":"BreadcrumbList","@id":"https:\/\/cleitonpinheiro.com.br\/site\/cerca-de-200-indigenas-tocantinenses-participam-do-acampamento-terra-livre-em-brasilia\/#breadcrumb","itemListElement":[{"@type":"ListItem","position":1,"name":"In\u00edcio","item":"https:\/\/cleitonpinheiro.com.br\/site\/"},{"@type":"ListItem","position":2,"name":"Cerca de 200 ind\u00edgenas tocantinenses participam do acampamento Terra Livre em Bras\u00edlia"}]},{"@type":"WebSite","@id":"https:\/\/cleitonpinheiro.com.br\/site\/#website","url":"https:\/\/cleitonpinheiro.com.br\/site\/","name":"PORTAL DE NOT\u00cdCIAS CLEITON PINHEIRO","description":"FALANDO A VERDADE","publisher":{"@id":"https:\/\/cleitonpinheiro.com.br\/site\/#organization"},"potentialAction":[{"@type":"SearchAction","target":{"@type":"EntryPoint","urlTemplate":"https:\/\/cleitonpinheiro.com.br\/site\/?s={search_term_string}"},"query-input":{"@type":"PropertyValueSpecification","valueRequired":true,"valueName":"search_term_string"}}],"inLanguage":"pt-BR"},{"@type":"Organization","@id":"https:\/\/cleitonpinheiro.com.br\/site\/#organization","name":"CPNOT\u00cdCIAS","url":"https:\/\/cleitonpinheiro.com.br\/site\/","logo":{"@type":"ImageObject","inLanguage":"pt-BR","@id":"https:\/\/cleitonpinheiro.com.br\/site\/#\/schema\/logo\/image\/","url":"https:\/\/cleitonpinheiro.com.br\/site\/wp-content\/uploads\/2022\/08\/Logo-pequena-2.png","contentUrl":"https:\/\/cleitonpinheiro.com.br\/site\/wp-content\/uploads\/2022\/08\/Logo-pequena-2.png","width":500,"height":500,"caption":"CPNOT\u00cdCIAS"},"image":{"@id":"https:\/\/cleitonpinheiro.com.br\/site\/#\/schema\/logo\/image\/"},"sameAs":["https:\/\/www.facebook.com\/portalcpnoticias\/"]},{"@type":"Person","@id":"https:\/\/cleitonpinheiro.com.br\/site\/#\/schema\/person\/aac6d7f311e80c43042e98a900b03cd8","name":"Dermival Pereira","image":{"@type":"ImageObject","inLanguage":"pt-BR","@id":"https:\/\/cleitonpinheiro.com.br\/site\/#\/schema\/person\/image\/","url":"https:\/\/secure.gravatar.com\/avatar\/cfaebf3742d6bf8db728bcba3eed6bee37b02337a2e6c822994f20ca72a3784d?s=96&r=g","contentUrl":"https:\/\/secure.gravatar.com\/avatar\/cfaebf3742d6bf8db728bcba3eed6bee37b02337a2e6c822994f20ca72a3784d?s=96&r=g","caption":"Dermival Pereira"},"url":"https:\/\/cleitonpinheiro.com.br\/site\/author\/dermival\/"}]}},"views":237,"_links":{"self":[{"href":"https:\/\/cleitonpinheiro.com.br\/site\/wp-json\/wp\/v2\/posts\/70525","targetHints":{"allow":["GET"]}}],"collection":[{"href":"https:\/\/cleitonpinheiro.com.br\/site\/wp-json\/wp\/v2\/posts"}],"about":[{"href":"https:\/\/cleitonpinheiro.com.br\/site\/wp-json\/wp\/v2\/types\/post"}],"author":[{"embeddable":true,"href":"https:\/\/cleitonpinheiro.com.br\/site\/wp-json\/wp\/v2\/users\/4"}],"replies":[{"embeddable":true,"href":"https:\/\/cleitonpinheiro.com.br\/site\/wp-json\/wp\/v2\/comments?post=70525"}],"version-history":[{"count":1,"href":"https:\/\/cleitonpinheiro.com.br\/site\/wp-json\/wp\/v2\/posts\/70525\/revisions"}],"predecessor-version":[{"id":70527,"href":"https:\/\/cleitonpinheiro.com.br\/site\/wp-json\/wp\/v2\/posts\/70525\/revisions\/70527"}],"wp:attachment":[{"href":"https:\/\/cleitonpinheiro.com.br\/site\/wp-json\/wp\/v2\/media?parent=70525"}],"wp:term":[{"taxonomy":"category","embeddable":true,"href":"https:\/\/cleitonpinheiro.com.br\/site\/wp-json\/wp\/v2\/categories?post=70525"},{"taxonomy":"post_tag","embeddable":true,"href":"https:\/\/cleitonpinheiro.com.br\/site\/wp-json\/wp\/v2\/tags?post=70525"}],"curies":[{"name":"wp","href":"https:\/\/api.w.org\/{rel}","templated":true}]}}