{"id":70528,"date":"2023-04-25T08:58:41","date_gmt":"2023-04-25T11:58:41","guid":{"rendered":"https:\/\/cleitonpinheiro.com.br\/site\/?p=70528"},"modified":"2023-04-25T08:58:43","modified_gmt":"2023-04-25T11:58:43","slug":"tribunal-do-juri-condena-tio-e-sobrinho-que-mataram-fazendeiro-por-engano-em-araguaina","status":"publish","type":"post","link":"https:\/\/cleitonpinheiro.com.br\/site\/tribunal-do-juri-condena-tio-e-sobrinho-que-mataram-fazendeiro-por-engano-em-araguaina\/","title":{"rendered":"Tribunal do J\u00fari condena tio e sobrinho que mataram fazendeiro por engano, em Aragua\u00edna"},"content":{"rendered":"\n<figure class=\"wp-block-gallery has-nested-images columns-default is-cropped wp-block-gallery-1 is-layout-flex wp-block-gallery-is-layout-flex\">\n<figure class=\"wp-block-image size-large\"><img decoding=\"async\" data-id=\"70530\" src=\"https:\/\/cleitonpinheiro.com.br\/site\/wp-content\/uploads\/2023\/04\/Design-sem-nome-33-compressed-1.jpg\" alt=\"\" class=\"wp-image-70530\"\/><\/figure>\n<\/figure>\n\n\n\n<p>O Minist\u00e9rio P\u00fablico do Tocantins (MPTO) obteve na \u00faltima quinta-feira, 20, a condena\u00e7\u00e3o de dois homens \u2013 tio e sobrinho \u2013 a penas de 14 e 16 anos de pris\u00e3o, por um homic\u00eddio ocorrido em Aragua\u00edna, em janeiro do ano passado. Eles foram respons\u00e1veis por matar a tiro o fazendeiro Jarbas Vilela da Fonseca.<\/p>\n\n\n\n<p>De acordo com as investiga\u00e7\u00f5es, Alex Cruz Ara\u00fajo (que efetuou o disparo) e seu tio, Ad\u00e1lio Alves de Ara\u00fajo, foram at\u00e9 a resid\u00eancia da v\u00edtima por vingan\u00e7a. Os r\u00e9us acreditavam que o fazendeiro teria envolvimento no desaparecimento de um familiar deles \u2013 filho de Ad\u00e1lio.<\/p>\n\n\n\n<p>No entanto, a investiga\u00e7\u00e3o apontou que a v\u00edtima foi morta por engano.<\/p>\n\n\n\n<p>Na sess\u00e3o do julgamento, o promotor de Justi\u00e7a Daniel Jos\u00e9 de Oliveira sustentou as teses de motivo torpe e uso de recurso que dificultou a defesa da v\u00edtima, ambas acolhidas pelo Conselho de Senten\u00e7a, aumentando as penas dos envolvidos.<\/p>\n\n\n\n<p>Alex Cruz Ara\u00fajo foi condenado a 14 anos de pris\u00e3o. Seu tio, Ad\u00e1lio Alves de Ara\u00fajo, que segundo a pol\u00edcia, al\u00e9m de ser o mentor do crime, teria levado o sobrinho, de moto, at\u00e9 a casa da v\u00edtima, recebeu condena\u00e7\u00e3o de 16 anos e 4 meses de pris\u00e3o. <em><strong>(Fonte: Ascom do MPTO).<\/strong><\/em><\/p>\n\n\n\n<p><\/p>\n","protected":false},"excerpt":{"rendered":"<p>O Minist\u00e9rio P\u00fablico do Tocantins (MPTO) obteve na \u00faltima quinta-feira, 20, a condena\u00e7\u00e3o de dois homens \u2013 tio e sobrinho \u2013 a penas de 14 e 16 anos de pris\u00e3o, por um homic\u00eddio ocorrido em Aragua\u00edna, em janeiro do ano passado. Eles foram respons\u00e1veis por matar a tiro o fazendeiro Jarbas Vilela da Fonseca. De [&hellip;]<\/p>\n","protected":false},"author":4,"featured_media":0,"comment_status":"open","ping_status":"open","sticky":false,"template":"","format":"standard","meta":{"_acf_changed":false,"footnotes":""},"categories":[22,898],"tags":[],"class_list":["post-70528","post","type-post","status-publish","format-standard","hentry","category-cidades","category-manchete-segundaria"],"acf":[],"yoast_head":"<!-- This site is optimized with the Yoast SEO plugin v24.4 - https:\/\/yoast.com\/wordpress\/plugins\/seo\/ -->\n<title>Tribunal do J\u00fari condena tio e sobrinho que mataram fazendeiro por engano, em Aragua\u00edna - PORTAL DE NOT\u00cdCIAS CLEITON PINHEIRO<\/title>\n<meta name=\"robots\" content=\"index, follow, max-snippet:-1, max-image-preview:large, max-video-preview:-1\" \/>\n<link rel=\"canonical\" href=\"https:\/\/cleitonpinheiro.com.br\/site\/tribunal-do-juri-condena-tio-e-sobrinho-que-mataram-fazendeiro-por-engano-em-araguaina\/\" \/>\n<meta property=\"og:locale\" content=\"pt_BR\" \/>\n<meta property=\"og:type\" content=\"article\" \/>\n<meta property=\"og:title\" content=\"Tribunal do J\u00fari condena tio e sobrinho que mataram fazendeiro por engano, em Aragua\u00edna - PORTAL DE NOT\u00cdCIAS CLEITON PINHEIRO\" \/>\n<meta property=\"og:description\" content=\"O Minist\u00e9rio P\u00fablico do Tocantins (MPTO) obteve na \u00faltima quinta-feira, 20, a condena\u00e7\u00e3o de dois homens \u2013 tio e sobrinho \u2013 a penas de 14 e 16 anos de pris\u00e3o, por um homic\u00eddio ocorrido em Aragua\u00edna, em janeiro do ano passado. Eles foram respons\u00e1veis por matar a tiro o fazendeiro Jarbas Vilela da Fonseca. De [&hellip;]\" \/>\n<meta property=\"og:url\" content=\"https:\/\/cleitonpinheiro.com.br\/site\/tribunal-do-juri-condena-tio-e-sobrinho-que-mataram-fazendeiro-por-engano-em-araguaina\/\" \/>\n<meta property=\"og:site_name\" content=\"PORTAL DE NOT\u00cdCIAS CLEITON PINHEIRO\" \/>\n<meta property=\"article:publisher\" content=\"https:\/\/www.facebook.com\/portalcpnoticias\/\" \/>\n<meta property=\"article:published_time\" content=\"2023-04-25T11:58:41+00:00\" \/>\n<meta property=\"article:modified_time\" content=\"2023-04-25T11:58:43+00:00\" \/>\n<meta property=\"og:image\" content=\"https:\/\/cleitonpinheiro.com.br\/site\/wp-content\/uploads\/2023\/04\/Design-sem-nome-33-compressed-1.jpg\" \/>\n\t<meta property=\"og:image:width\" content=\"700\" \/>\n\t<meta property=\"og:image:height\" content=\"400\" \/>\n\t<meta property=\"og:image:type\" content=\"image\/jpeg\" \/>\n<meta name=\"author\" content=\"Dermival Pereira\" \/>\n<meta name=\"twitter:card\" content=\"summary_large_image\" \/>\n<meta name=\"twitter:label1\" content=\"Escrito por\" \/>\n\t<meta name=\"twitter:data1\" content=\"Dermival Pereira\" \/>\n\t<meta name=\"twitter:label2\" content=\"Est. tempo de leitura\" \/>\n\t<meta name=\"twitter:data2\" content=\"2 minutos\" \/>\n<script type=\"application\/ld+json\" class=\"yoast-schema-graph\">{\"@context\":\"https:\/\/schema.org\",\"@graph\":[{\"@type\":\"Article\",\"@id\":\"https:\/\/cleitonpinheiro.com.br\/site\/tribunal-do-juri-condena-tio-e-sobrinho-que-mataram-fazendeiro-por-engano-em-araguaina\/#article\",\"isPartOf\":{\"@id\":\"https:\/\/cleitonpinheiro.com.br\/site\/tribunal-do-juri-condena-tio-e-sobrinho-que-mataram-fazendeiro-por-engano-em-araguaina\/\"},\"author\":{\"name\":\"Dermival Pereira\",\"@id\":\"https:\/\/cleitonpinheiro.com.br\/site\/#\/schema\/person\/aac6d7f311e80c43042e98a900b03cd8\"},\"headline\":\"Tribunal do J\u00fari condena tio e sobrinho que mataram fazendeiro por engano, em Aragua\u00edna\",\"datePublished\":\"2023-04-25T11:58:41+00:00\",\"dateModified\":\"2023-04-25T11:58:43+00:00\",\"mainEntityOfPage\":{\"@id\":\"https:\/\/cleitonpinheiro.com.br\/site\/tribunal-do-juri-condena-tio-e-sobrinho-que-mataram-fazendeiro-por-engano-em-araguaina\/\"},\"wordCount\":240,\"commentCount\":0,\"publisher\":{\"@id\":\"https:\/\/cleitonpinheiro.com.br\/site\/#organization\"},\"image\":{\"@id\":\"https:\/\/cleitonpinheiro.com.br\/site\/tribunal-do-juri-condena-tio-e-sobrinho-que-mataram-fazendeiro-por-engano-em-araguaina\/#primaryimage\"},\"thumbnailUrl\":\"https:\/\/cleitonpinheiro.com.br\/site\/wp-content\/uploads\/2023\/04\/Design-sem-nome-33-compressed-1.jpg\",\"articleSection\":[\"CIDADES\",\"MANCHETE SEGUND\u00c1RIA\"],\"inLanguage\":\"pt-BR\",\"potentialAction\":[{\"@type\":\"CommentAction\",\"name\":\"Comment\",\"target\":[\"https:\/\/cleitonpinheiro.com.br\/site\/tribunal-do-juri-condena-tio-e-sobrinho-que-mataram-fazendeiro-por-engano-em-araguaina\/#respond\"]}]},{\"@type\":\"WebPage\",\"@id\":\"https:\/\/cleitonpinheiro.com.br\/site\/tribunal-do-juri-condena-tio-e-sobrinho-que-mataram-fazendeiro-por-engano-em-araguaina\/\",\"url\":\"https:\/\/cleitonpinheiro.com.br\/site\/tribunal-do-juri-condena-tio-e-sobrinho-que-mataram-fazendeiro-por-engano-em-araguaina\/\",\"name\":\"Tribunal do J\u00fari condena tio e sobrinho que mataram fazendeiro por engano, em Aragua\u00edna - PORTAL DE NOT\u00cdCIAS CLEITON PINHEIRO\",\"isPartOf\":{\"@id\":\"https:\/\/cleitonpinheiro.com.br\/site\/#website\"},\"primaryImageOfPage\":{\"@id\":\"https:\/\/cleitonpinheiro.com.br\/site\/tribunal-do-juri-condena-tio-e-sobrinho-que-mataram-fazendeiro-por-engano-em-araguaina\/#primaryimage\"},\"image\":{\"@id\":\"https:\/\/cleitonpinheiro.com.br\/site\/tribunal-do-juri-condena-tio-e-sobrinho-que-mataram-fazendeiro-por-engano-em-araguaina\/#primaryimage\"},\"thumbnailUrl\":\"https:\/\/cleitonpinheiro.com.br\/site\/wp-content\/uploads\/2023\/04\/Design-sem-nome-33-compressed-1.jpg\",\"datePublished\":\"2023-04-25T11:58:41+00:00\",\"dateModified\":\"2023-04-25T11:58:43+00:00\",\"breadcrumb\":{\"@id\":\"https:\/\/cleitonpinheiro.com.br\/site\/tribunal-do-juri-condena-tio-e-sobrinho-que-mataram-fazendeiro-por-engano-em-araguaina\/#breadcrumb\"},\"inLanguage\":\"pt-BR\",\"potentialAction\":[{\"@type\":\"ReadAction\",\"target\":[\"https:\/\/cleitonpinheiro.com.br\/site\/tribunal-do-juri-condena-tio-e-sobrinho-que-mataram-fazendeiro-por-engano-em-araguaina\/\"]}]},{\"@type\":\"ImageObject\",\"inLanguage\":\"pt-BR\",\"@id\":\"https:\/\/cleitonpinheiro.com.br\/site\/tribunal-do-juri-condena-tio-e-sobrinho-que-mataram-fazendeiro-por-engano-em-araguaina\/#primaryimage\",\"url\":\"\",\"contentUrl\":\"\"},{\"@type\":\"BreadcrumbList\",\"@id\":\"https:\/\/cleitonpinheiro.com.br\/site\/tribunal-do-juri-condena-tio-e-sobrinho-que-mataram-fazendeiro-por-engano-em-araguaina\/#breadcrumb\",\"itemListElement\":[{\"@type\":\"ListItem\",\"position\":1,\"name\":\"In\u00edcio\",\"item\":\"https:\/\/cleitonpinheiro.com.br\/site\/\"},{\"@type\":\"ListItem\",\"position\":2,\"name\":\"Tribunal do J\u00fari condena tio e sobrinho que mataram fazendeiro por engano, em Aragua\u00edna\"}]},{\"@type\":\"WebSite\",\"@id\":\"https:\/\/cleitonpinheiro.com.br\/site\/#website\",\"url\":\"https:\/\/cleitonpinheiro.com.br\/site\/\",\"name\":\"PORTAL DE NOT\u00cdCIAS CLEITON PINHEIRO\",\"description\":\"FALANDO A VERDADE\",\"publisher\":{\"@id\":\"https:\/\/cleitonpinheiro.com.br\/site\/#organization\"},\"potentialAction\":[{\"@type\":\"SearchAction\",\"target\":{\"@type\":\"EntryPoint\",\"urlTemplate\":\"https:\/\/cleitonpinheiro.com.br\/site\/?s={search_term_string}\"},\"query-input\":{\"@type\":\"PropertyValueSpecification\",\"valueRequired\":true,\"valueName\":\"search_term_string\"}}],\"inLanguage\":\"pt-BR\"},{\"@type\":\"Organization\",\"@id\":\"https:\/\/cleitonpinheiro.com.br\/site\/#organization\",\"name\":\"CPNOT\u00cdCIAS\",\"url\":\"https:\/\/cleitonpinheiro.com.br\/site\/\",\"logo\":{\"@type\":\"ImageObject\",\"inLanguage\":\"pt-BR\",\"@id\":\"https:\/\/cleitonpinheiro.com.br\/site\/#\/schema\/logo\/image\/\",\"url\":\"https:\/\/cleitonpinheiro.com.br\/site\/wp-content\/uploads\/2022\/08\/Logo-pequena-2.png\",\"contentUrl\":\"https:\/\/cleitonpinheiro.com.br\/site\/wp-content\/uploads\/2022\/08\/Logo-pequena-2.png\",\"width\":500,\"height\":500,\"caption\":\"CPNOT\u00cdCIAS\"},\"image\":{\"@id\":\"https:\/\/cleitonpinheiro.com.br\/site\/#\/schema\/logo\/image\/\"},\"sameAs\":[\"https:\/\/www.facebook.com\/portalcpnoticias\/\"]},{\"@type\":\"Person\",\"@id\":\"https:\/\/cleitonpinheiro.com.br\/site\/#\/schema\/person\/aac6d7f311e80c43042e98a900b03cd8\",\"name\":\"Dermival Pereira\",\"image\":{\"@type\":\"ImageObject\",\"inLanguage\":\"pt-BR\",\"@id\":\"https:\/\/cleitonpinheiro.com.br\/site\/#\/schema\/person\/image\/\",\"url\":\"https:\/\/secure.gravatar.com\/avatar\/cfaebf3742d6bf8db728bcba3eed6bee37b02337a2e6c822994f20ca72a3784d?s=96&r=g\",\"contentUrl\":\"https:\/\/secure.gravatar.com\/avatar\/cfaebf3742d6bf8db728bcba3eed6bee37b02337a2e6c822994f20ca72a3784d?s=96&r=g\",\"caption\":\"Dermival Pereira\"},\"url\":\"https:\/\/cleitonpinheiro.com.br\/site\/author\/dermival\/\"}]}<\/script>\n<!-- \/ Yoast SEO plugin. -->","yoast_head_json":{"title":"Tribunal do J\u00fari condena tio e sobrinho que mataram fazendeiro por engano, em Aragua\u00edna - PORTAL DE NOT\u00cdCIAS CLEITON PINHEIRO","robots":{"index":"index","follow":"follow","max-snippet":"max-snippet:-1","max-image-preview":"max-image-preview:large","max-video-preview":"max-video-preview:-1"},"canonical":"https:\/\/cleitonpinheiro.com.br\/site\/tribunal-do-juri-condena-tio-e-sobrinho-que-mataram-fazendeiro-por-engano-em-araguaina\/","og_locale":"pt_BR","og_type":"article","og_title":"Tribunal do J\u00fari condena tio e sobrinho que mataram fazendeiro por engano, em Aragua\u00edna - PORTAL DE NOT\u00cdCIAS CLEITON PINHEIRO","og_description":"O Minist\u00e9rio P\u00fablico do Tocantins (MPTO) obteve na \u00faltima quinta-feira, 20, a condena\u00e7\u00e3o de dois homens \u2013 tio e sobrinho \u2013 a penas de 14 e 16 anos de pris\u00e3o, por um homic\u00eddio ocorrido em Aragua\u00edna, em janeiro do ano passado. Eles foram respons\u00e1veis por matar a tiro o fazendeiro Jarbas Vilela da Fonseca. De [&hellip;]","og_url":"https:\/\/cleitonpinheiro.com.br\/site\/tribunal-do-juri-condena-tio-e-sobrinho-que-mataram-fazendeiro-por-engano-em-araguaina\/","og_site_name":"PORTAL DE NOT\u00cdCIAS CLEITON PINHEIRO","article_publisher":"https:\/\/www.facebook.com\/portalcpnoticias\/","article_published_time":"2023-04-25T11:58:41+00:00","article_modified_time":"2023-04-25T11:58:43+00:00","og_image":[{"width":700,"height":400,"url":"https:\/\/cleitonpinheiro.com.br\/site\/wp-content\/uploads\/2023\/04\/Design-sem-nome-33-compressed-1.jpg","type":"image\/jpeg"}],"author":"Dermival Pereira","twitter_card":"summary_large_image","twitter_misc":{"Escrito por":"Dermival Pereira","Est. tempo de leitura":"2 minutos"},"schema":{"@context":"https:\/\/schema.org","@graph":[{"@type":"Article","@id":"https:\/\/cleitonpinheiro.com.br\/site\/tribunal-do-juri-condena-tio-e-sobrinho-que-mataram-fazendeiro-por-engano-em-araguaina\/#article","isPartOf":{"@id":"https:\/\/cleitonpinheiro.com.br\/site\/tribunal-do-juri-condena-tio-e-sobrinho-que-mataram-fazendeiro-por-engano-em-araguaina\/"},"author":{"name":"Dermival Pereira","@id":"https:\/\/cleitonpinheiro.com.br\/site\/#\/schema\/person\/aac6d7f311e80c43042e98a900b03cd8"},"headline":"Tribunal do J\u00fari condena tio e sobrinho que mataram fazendeiro por engano, em Aragua\u00edna","datePublished":"2023-04-25T11:58:41+00:00","dateModified":"2023-04-25T11:58:43+00:00","mainEntityOfPage":{"@id":"https:\/\/cleitonpinheiro.com.br\/site\/tribunal-do-juri-condena-tio-e-sobrinho-que-mataram-fazendeiro-por-engano-em-araguaina\/"},"wordCount":240,"commentCount":0,"publisher":{"@id":"https:\/\/cleitonpinheiro.com.br\/site\/#organization"},"image":{"@id":"https:\/\/cleitonpinheiro.com.br\/site\/tribunal-do-juri-condena-tio-e-sobrinho-que-mataram-fazendeiro-por-engano-em-araguaina\/#primaryimage"},"thumbnailUrl":"https:\/\/cleitonpinheiro.com.br\/site\/wp-content\/uploads\/2023\/04\/Design-sem-nome-33-compressed-1.jpg","articleSection":["CIDADES","MANCHETE SEGUND\u00c1RIA"],"inLanguage":"pt-BR","potentialAction":[{"@type":"CommentAction","name":"Comment","target":["https:\/\/cleitonpinheiro.com.br\/site\/tribunal-do-juri-condena-tio-e-sobrinho-que-mataram-fazendeiro-por-engano-em-araguaina\/#respond"]}]},{"@type":"WebPage","@id":"https:\/\/cleitonpinheiro.com.br\/site\/tribunal-do-juri-condena-tio-e-sobrinho-que-mataram-fazendeiro-por-engano-em-araguaina\/","url":"https:\/\/cleitonpinheiro.com.br\/site\/tribunal-do-juri-condena-tio-e-sobrinho-que-mataram-fazendeiro-por-engano-em-araguaina\/","name":"Tribunal do J\u00fari condena tio e sobrinho que mataram fazendeiro por engano, em Aragua\u00edna - PORTAL DE NOT\u00cdCIAS CLEITON PINHEIRO","isPartOf":{"@id":"https:\/\/cleitonpinheiro.com.br\/site\/#website"},"primaryImageOfPage":{"@id":"https:\/\/cleitonpinheiro.com.br\/site\/tribunal-do-juri-condena-tio-e-sobrinho-que-mataram-fazendeiro-por-engano-em-araguaina\/#primaryimage"},"image":{"@id":"https:\/\/cleitonpinheiro.com.br\/site\/tribunal-do-juri-condena-tio-e-sobrinho-que-mataram-fazendeiro-por-engano-em-araguaina\/#primaryimage"},"thumbnailUrl":"https:\/\/cleitonpinheiro.com.br\/site\/wp-content\/uploads\/2023\/04\/Design-sem-nome-33-compressed-1.jpg","datePublished":"2023-04-25T11:58:41+00:00","dateModified":"2023-04-25T11:58:43+00:00","breadcrumb":{"@id":"https:\/\/cleitonpinheiro.com.br\/site\/tribunal-do-juri-condena-tio-e-sobrinho-que-mataram-fazendeiro-por-engano-em-araguaina\/#breadcrumb"},"inLanguage":"pt-BR","potentialAction":[{"@type":"ReadAction","target":["https:\/\/cleitonpinheiro.com.br\/site\/tribunal-do-juri-condena-tio-e-sobrinho-que-mataram-fazendeiro-por-engano-em-araguaina\/"]}]},{"@type":"ImageObject","inLanguage":"pt-BR","@id":"https:\/\/cleitonpinheiro.com.br\/site\/tribunal-do-juri-condena-tio-e-sobrinho-que-mataram-fazendeiro-por-engano-em-araguaina\/#primaryimage","url":"","contentUrl":""},{"@type":"BreadcrumbList","@id":"https:\/\/cleitonpinheiro.com.br\/site\/tribunal-do-juri-condena-tio-e-sobrinho-que-mataram-fazendeiro-por-engano-em-araguaina\/#breadcrumb","itemListElement":[{"@type":"ListItem","position":1,"name":"In\u00edcio","item":"https:\/\/cleitonpinheiro.com.br\/site\/"},{"@type":"ListItem","position":2,"name":"Tribunal do J\u00fari condena tio e sobrinho que mataram fazendeiro por engano, em Aragua\u00edna"}]},{"@type":"WebSite","@id":"https:\/\/cleitonpinheiro.com.br\/site\/#website","url":"https:\/\/cleitonpinheiro.com.br\/site\/","name":"PORTAL DE NOT\u00cdCIAS CLEITON PINHEIRO","description":"FALANDO A VERDADE","publisher":{"@id":"https:\/\/cleitonpinheiro.com.br\/site\/#organization"},"potentialAction":[{"@type":"SearchAction","target":{"@type":"EntryPoint","urlTemplate":"https:\/\/cleitonpinheiro.com.br\/site\/?s={search_term_string}"},"query-input":{"@type":"PropertyValueSpecification","valueRequired":true,"valueName":"search_term_string"}}],"inLanguage":"pt-BR"},{"@type":"Organization","@id":"https:\/\/cleitonpinheiro.com.br\/site\/#organization","name":"CPNOT\u00cdCIAS","url":"https:\/\/cleitonpinheiro.com.br\/site\/","logo":{"@type":"ImageObject","inLanguage":"pt-BR","@id":"https:\/\/cleitonpinheiro.com.br\/site\/#\/schema\/logo\/image\/","url":"https:\/\/cleitonpinheiro.com.br\/site\/wp-content\/uploads\/2022\/08\/Logo-pequena-2.png","contentUrl":"https:\/\/cleitonpinheiro.com.br\/site\/wp-content\/uploads\/2022\/08\/Logo-pequena-2.png","width":500,"height":500,"caption":"CPNOT\u00cdCIAS"},"image":{"@id":"https:\/\/cleitonpinheiro.com.br\/site\/#\/schema\/logo\/image\/"},"sameAs":["https:\/\/www.facebook.com\/portalcpnoticias\/"]},{"@type":"Person","@id":"https:\/\/cleitonpinheiro.com.br\/site\/#\/schema\/person\/aac6d7f311e80c43042e98a900b03cd8","name":"Dermival Pereira","image":{"@type":"ImageObject","inLanguage":"pt-BR","@id":"https:\/\/cleitonpinheiro.com.br\/site\/#\/schema\/person\/image\/","url":"https:\/\/secure.gravatar.com\/avatar\/cfaebf3742d6bf8db728bcba3eed6bee37b02337a2e6c822994f20ca72a3784d?s=96&r=g","contentUrl":"https:\/\/secure.gravatar.com\/avatar\/cfaebf3742d6bf8db728bcba3eed6bee37b02337a2e6c822994f20ca72a3784d?s=96&r=g","caption":"Dermival Pereira"},"url":"https:\/\/cleitonpinheiro.com.br\/site\/author\/dermival\/"}]}},"views":291,"_links":{"self":[{"href":"https:\/\/cleitonpinheiro.com.br\/site\/wp-json\/wp\/v2\/posts\/70528","targetHints":{"allow":["GET"]}}],"collection":[{"href":"https:\/\/cleitonpinheiro.com.br\/site\/wp-json\/wp\/v2\/posts"}],"about":[{"href":"https:\/\/cleitonpinheiro.com.br\/site\/wp-json\/wp\/v2\/types\/post"}],"author":[{"embeddable":true,"href":"https:\/\/cleitonpinheiro.com.br\/site\/wp-json\/wp\/v2\/users\/4"}],"replies":[{"embeddable":true,"href":"https:\/\/cleitonpinheiro.com.br\/site\/wp-json\/wp\/v2\/comments?post=70528"}],"version-history":[{"count":1,"href":"https:\/\/cleitonpinheiro.com.br\/site\/wp-json\/wp\/v2\/posts\/70528\/revisions"}],"predecessor-version":[{"id":70531,"href":"https:\/\/cleitonpinheiro.com.br\/site\/wp-json\/wp\/v2\/posts\/70528\/revisions\/70531"}],"wp:attachment":[{"href":"https:\/\/cleitonpinheiro.com.br\/site\/wp-json\/wp\/v2\/media?parent=70528"}],"wp:term":[{"taxonomy":"category","embeddable":true,"href":"https:\/\/cleitonpinheiro.com.br\/site\/wp-json\/wp\/v2\/categories?post=70528"},{"taxonomy":"post_tag","embeddable":true,"href":"https:\/\/cleitonpinheiro.com.br\/site\/wp-json\/wp\/v2\/tags?post=70528"}],"curies":[{"name":"wp","href":"https:\/\/api.w.org\/{rel}","templated":true}]}}