{"id":70532,"date":"2023-04-25T09:56:12","date_gmt":"2023-04-25T12:56:12","guid":{"rendered":"https:\/\/cleitonpinheiro.com.br\/site\/?p=70532"},"modified":"2023-04-25T09:57:26","modified_gmt":"2023-04-25T12:57:26","slug":"alexandre-de-moraes-aceita-denuncia-contra-outros-200-envolvidos-nos-ataques-ao-poderes","status":"publish","type":"post","link":"https:\/\/cleitonpinheiro.com.br\/site\/alexandre-de-moraes-aceita-denuncia-contra-outros-200-envolvidos-nos-ataques-ao-poderes\/","title":{"rendered":"Alexandre de Moraes aceita den\u00fancia contra outros 200 envolvidos nos ataques ao poderes"},"content":{"rendered":"\n<figure class=\"wp-block-image size-full is-resized\"><img fetchpriority=\"high\" decoding=\"async\" src=\"https:\/\/cleitonpinheiro.com.br\/site\/wp-content\/uploads\/2023\/04\/Design-sem-nome-34-compressed.jpg\" alt=\"\" class=\"wp-image-70533\" width=\"1017\" height=\"581\"\/><figcaption class=\"wp-element-caption\">Foto: Joedson Alves\/Ag\u00eancia Brasil<\/figcaption><\/figure>\n\n\n\n<p>O Supremo Tribunal Federal (STF) iniciou nesta segunda-feira (25) o julgamento de mais 200 envolvidos nos atos golpistas de 8 de janeiro. Na ocasi\u00e3o, v\u00e2ndalos depredaram as sedes do Supremo Tribunal Federal (STF), o Congresso e o Pal\u00e1cio do Planalto. Primeiro a votar, o ministro Alexandre de Moraes decidiu pelo recebimento das den\u00fancias da Procuradoria-Geral da Rep\u00fablica (PGR) contra os acusados.<br><br>A vota\u00e7\u00e3o come\u00e7ou \u00e0 meia-noite e vai at\u00e9 \u00e0s 23h59 da pr\u00f3xima ter\u00e7a-feira (2). Na modalidade virtual, os ministros depositam os votos de forma eletr\u00f4nica e n\u00e3o h\u00e1 delibera\u00e7\u00e3o presencial.<br><br>Com a divulga\u00e7\u00e3o do voto do ministro, que \u00e9 relator das den\u00fancias, os demais nove ministros da Corte tamb\u00e9m podem come\u00e7ar a votar. Se a maioria aceitar a den\u00fancia, os acusados passar\u00e3o a responder a uma a\u00e7\u00e3o penal e se tornam r\u00e9us no processo. Em seguida, o ministro dever\u00e1 analisar a manuten\u00e7\u00e3o da pris\u00e3o dos acusados que ainda permanecem detidos.<br><br>Em fun\u00e7\u00e3o de aposentadoria de Ricardo Lewandowski, a Corte n\u00e3o conta com o voto do 11\u00b0 ministro. Em vota\u00e7\u00e3o j\u00e1 encerrada, a Corte aceitou den\u00fancia contra 100 investigados pela participa\u00e7\u00e3o nos atos.<br><br><strong>Presos<\/strong><\/p>\n\n\n\n<p><br>Conforme levantamento do STF, das 1,4 mil pessoas que foram presas no dia dos ataques, 294 (86 mulheres e 208 homens) continuam no sistema penitenci\u00e1rio do Distrito Federal. Os demais foram soltos por n\u00e3o representarem mais riscos \u00e0 sociedade e \u00e0s investiga\u00e7\u00f5es. <em><strong>(Da Ag\u00eancia Brasil).<\/strong><\/em><\/p>\n","protected":false},"excerpt":{"rendered":"<p>O Supremo Tribunal Federal (STF) iniciou nesta segunda-feira (25) o julgamento de mais 200 envolvidos nos atos golpistas de 8 de janeiro. Na ocasi\u00e3o, v\u00e2ndalos depredaram as sedes do Supremo Tribunal Federal (STF), o Congresso e o Pal\u00e1cio do Planalto. Primeiro a votar, o ministro Alexandre de Moraes decidiu pelo recebimento das den\u00fancias da Procuradoria-Geral [&hellip;]<\/p>\n","protected":false},"author":4,"featured_media":0,"comment_status":"open","ping_status":"open","sticky":false,"template":"","format":"standard","meta":{"_acf_changed":false,"footnotes":""},"categories":[19,898],"tags":[],"class_list":["post-70532","post","type-post","status-publish","format-standard","hentry","category-brasil-mundo","category-manchete-segundaria"],"acf":[],"yoast_head":"<!-- This site is optimized with the Yoast SEO plugin v24.4 - https:\/\/yoast.com\/wordpress\/plugins\/seo\/ -->\n<title>Alexandre de Moraes aceita den\u00fancia contra outros 200 envolvidos nos ataques ao poderes - PORTAL DE NOT\u00cdCIAS CLEITON PINHEIRO<\/title>\n<meta name=\"robots\" content=\"index, follow, max-snippet:-1, max-image-preview:large, max-video-preview:-1\" \/>\n<link rel=\"canonical\" href=\"https:\/\/cleitonpinheiro.com.br\/site\/alexandre-de-moraes-aceita-denuncia-contra-outros-200-envolvidos-nos-ataques-ao-poderes\/\" \/>\n<meta property=\"og:locale\" content=\"pt_BR\" \/>\n<meta property=\"og:type\" content=\"article\" \/>\n<meta property=\"og:title\" content=\"Alexandre de Moraes aceita den\u00fancia contra outros 200 envolvidos nos ataques ao poderes - PORTAL DE NOT\u00cdCIAS CLEITON PINHEIRO\" \/>\n<meta property=\"og:description\" content=\"O Supremo Tribunal Federal (STF) iniciou nesta segunda-feira (25) o julgamento de mais 200 envolvidos nos atos golpistas de 8 de janeiro. Na ocasi\u00e3o, v\u00e2ndalos depredaram as sedes do Supremo Tribunal Federal (STF), o Congresso e o Pal\u00e1cio do Planalto. Primeiro a votar, o ministro Alexandre de Moraes decidiu pelo recebimento das den\u00fancias da Procuradoria-Geral [&hellip;]\" \/>\n<meta property=\"og:url\" content=\"https:\/\/cleitonpinheiro.com.br\/site\/alexandre-de-moraes-aceita-denuncia-contra-outros-200-envolvidos-nos-ataques-ao-poderes\/\" \/>\n<meta property=\"og:site_name\" content=\"PORTAL DE NOT\u00cdCIAS CLEITON PINHEIRO\" \/>\n<meta property=\"article:publisher\" content=\"https:\/\/www.facebook.com\/portalcpnoticias\/\" \/>\n<meta property=\"article:published_time\" content=\"2023-04-25T12:56:12+00:00\" \/>\n<meta property=\"article:modified_time\" content=\"2023-04-25T12:57:26+00:00\" \/>\n<meta property=\"og:image\" content=\"https:\/\/cleitonpinheiro.com.br\/site\/wp-content\/uploads\/2023\/04\/Design-sem-nome-34-compressed.jpg\" \/>\n\t<meta property=\"og:image:width\" content=\"700\" \/>\n\t<meta property=\"og:image:height\" content=\"400\" \/>\n\t<meta property=\"og:image:type\" content=\"image\/jpeg\" \/>\n<meta name=\"author\" content=\"Dermival Pereira\" \/>\n<meta name=\"twitter:card\" content=\"summary_large_image\" \/>\n<meta name=\"twitter:label1\" content=\"Escrito por\" \/>\n\t<meta name=\"twitter:data1\" content=\"Dermival Pereira\" \/>\n\t<meta name=\"twitter:label2\" content=\"Est. tempo de leitura\" \/>\n\t<meta name=\"twitter:data2\" content=\"2 minutos\" \/>\n<script type=\"application\/ld+json\" class=\"yoast-schema-graph\">{\"@context\":\"https:\/\/schema.org\",\"@graph\":[{\"@type\":\"Article\",\"@id\":\"https:\/\/cleitonpinheiro.com.br\/site\/alexandre-de-moraes-aceita-denuncia-contra-outros-200-envolvidos-nos-ataques-ao-poderes\/#article\",\"isPartOf\":{\"@id\":\"https:\/\/cleitonpinheiro.com.br\/site\/alexandre-de-moraes-aceita-denuncia-contra-outros-200-envolvidos-nos-ataques-ao-poderes\/\"},\"author\":{\"name\":\"Dermival Pereira\",\"@id\":\"https:\/\/cleitonpinheiro.com.br\/site\/#\/schema\/person\/aac6d7f311e80c43042e98a900b03cd8\"},\"headline\":\"Alexandre de Moraes aceita den\u00fancia contra outros 200 envolvidos nos ataques ao poderes\",\"datePublished\":\"2023-04-25T12:56:12+00:00\",\"dateModified\":\"2023-04-25T12:57:26+00:00\",\"mainEntityOfPage\":{\"@id\":\"https:\/\/cleitonpinheiro.com.br\/site\/alexandre-de-moraes-aceita-denuncia-contra-outros-200-envolvidos-nos-ataques-ao-poderes\/\"},\"wordCount\":266,\"commentCount\":0,\"publisher\":{\"@id\":\"https:\/\/cleitonpinheiro.com.br\/site\/#organization\"},\"image\":{\"@id\":\"https:\/\/cleitonpinheiro.com.br\/site\/alexandre-de-moraes-aceita-denuncia-contra-outros-200-envolvidos-nos-ataques-ao-poderes\/#primaryimage\"},\"thumbnailUrl\":\"https:\/\/cleitonpinheiro.com.br\/site\/wp-content\/uploads\/2023\/04\/Design-sem-nome-34-compressed.jpg\",\"articleSection\":[\"BRASIL \/ MUNDO\",\"MANCHETE SEGUND\u00c1RIA\"],\"inLanguage\":\"pt-BR\",\"potentialAction\":[{\"@type\":\"CommentAction\",\"name\":\"Comment\",\"target\":[\"https:\/\/cleitonpinheiro.com.br\/site\/alexandre-de-moraes-aceita-denuncia-contra-outros-200-envolvidos-nos-ataques-ao-poderes\/#respond\"]}]},{\"@type\":\"WebPage\",\"@id\":\"https:\/\/cleitonpinheiro.com.br\/site\/alexandre-de-moraes-aceita-denuncia-contra-outros-200-envolvidos-nos-ataques-ao-poderes\/\",\"url\":\"https:\/\/cleitonpinheiro.com.br\/site\/alexandre-de-moraes-aceita-denuncia-contra-outros-200-envolvidos-nos-ataques-ao-poderes\/\",\"name\":\"Alexandre de Moraes aceita den\u00fancia contra outros 200 envolvidos nos ataques ao poderes - PORTAL DE NOT\u00cdCIAS CLEITON PINHEIRO\",\"isPartOf\":{\"@id\":\"https:\/\/cleitonpinheiro.com.br\/site\/#website\"},\"primaryImageOfPage\":{\"@id\":\"https:\/\/cleitonpinheiro.com.br\/site\/alexandre-de-moraes-aceita-denuncia-contra-outros-200-envolvidos-nos-ataques-ao-poderes\/#primaryimage\"},\"image\":{\"@id\":\"https:\/\/cleitonpinheiro.com.br\/site\/alexandre-de-moraes-aceita-denuncia-contra-outros-200-envolvidos-nos-ataques-ao-poderes\/#primaryimage\"},\"thumbnailUrl\":\"https:\/\/cleitonpinheiro.com.br\/site\/wp-content\/uploads\/2023\/04\/Design-sem-nome-34-compressed.jpg\",\"datePublished\":\"2023-04-25T12:56:12+00:00\",\"dateModified\":\"2023-04-25T12:57:26+00:00\",\"breadcrumb\":{\"@id\":\"https:\/\/cleitonpinheiro.com.br\/site\/alexandre-de-moraes-aceita-denuncia-contra-outros-200-envolvidos-nos-ataques-ao-poderes\/#breadcrumb\"},\"inLanguage\":\"pt-BR\",\"potentialAction\":[{\"@type\":\"ReadAction\",\"target\":[\"https:\/\/cleitonpinheiro.com.br\/site\/alexandre-de-moraes-aceita-denuncia-contra-outros-200-envolvidos-nos-ataques-ao-poderes\/\"]}]},{\"@type\":\"ImageObject\",\"inLanguage\":\"pt-BR\",\"@id\":\"https:\/\/cleitonpinheiro.com.br\/site\/alexandre-de-moraes-aceita-denuncia-contra-outros-200-envolvidos-nos-ataques-ao-poderes\/#primaryimage\",\"url\":\"\",\"contentUrl\":\"\"},{\"@type\":\"BreadcrumbList\",\"@id\":\"https:\/\/cleitonpinheiro.com.br\/site\/alexandre-de-moraes-aceita-denuncia-contra-outros-200-envolvidos-nos-ataques-ao-poderes\/#breadcrumb\",\"itemListElement\":[{\"@type\":\"ListItem\",\"position\":1,\"name\":\"In\u00edcio\",\"item\":\"https:\/\/cleitonpinheiro.com.br\/site\/\"},{\"@type\":\"ListItem\",\"position\":2,\"name\":\"Alexandre de Moraes aceita den\u00fancia contra outros 200 envolvidos nos ataques ao poderes\"}]},{\"@type\":\"WebSite\",\"@id\":\"https:\/\/cleitonpinheiro.com.br\/site\/#website\",\"url\":\"https:\/\/cleitonpinheiro.com.br\/site\/\",\"name\":\"PORTAL DE NOT\u00cdCIAS CLEITON PINHEIRO\",\"description\":\"FALANDO A VERDADE\",\"publisher\":{\"@id\":\"https:\/\/cleitonpinheiro.com.br\/site\/#organization\"},\"potentialAction\":[{\"@type\":\"SearchAction\",\"target\":{\"@type\":\"EntryPoint\",\"urlTemplate\":\"https:\/\/cleitonpinheiro.com.br\/site\/?s={search_term_string}\"},\"query-input\":{\"@type\":\"PropertyValueSpecification\",\"valueRequired\":true,\"valueName\":\"search_term_string\"}}],\"inLanguage\":\"pt-BR\"},{\"@type\":\"Organization\",\"@id\":\"https:\/\/cleitonpinheiro.com.br\/site\/#organization\",\"name\":\"CPNOT\u00cdCIAS\",\"url\":\"https:\/\/cleitonpinheiro.com.br\/site\/\",\"logo\":{\"@type\":\"ImageObject\",\"inLanguage\":\"pt-BR\",\"@id\":\"https:\/\/cleitonpinheiro.com.br\/site\/#\/schema\/logo\/image\/\",\"url\":\"https:\/\/cleitonpinheiro.com.br\/site\/wp-content\/uploads\/2022\/08\/Logo-pequena-2.png\",\"contentUrl\":\"https:\/\/cleitonpinheiro.com.br\/site\/wp-content\/uploads\/2022\/08\/Logo-pequena-2.png\",\"width\":500,\"height\":500,\"caption\":\"CPNOT\u00cdCIAS\"},\"image\":{\"@id\":\"https:\/\/cleitonpinheiro.com.br\/site\/#\/schema\/logo\/image\/\"},\"sameAs\":[\"https:\/\/www.facebook.com\/portalcpnoticias\/\"]},{\"@type\":\"Person\",\"@id\":\"https:\/\/cleitonpinheiro.com.br\/site\/#\/schema\/person\/aac6d7f311e80c43042e98a900b03cd8\",\"name\":\"Dermival Pereira\",\"image\":{\"@type\":\"ImageObject\",\"inLanguage\":\"pt-BR\",\"@id\":\"https:\/\/cleitonpinheiro.com.br\/site\/#\/schema\/person\/image\/\",\"url\":\"https:\/\/secure.gravatar.com\/avatar\/cfaebf3742d6bf8db728bcba3eed6bee37b02337a2e6c822994f20ca72a3784d?s=96&r=g\",\"contentUrl\":\"https:\/\/secure.gravatar.com\/avatar\/cfaebf3742d6bf8db728bcba3eed6bee37b02337a2e6c822994f20ca72a3784d?s=96&r=g\",\"caption\":\"Dermival Pereira\"},\"url\":\"https:\/\/cleitonpinheiro.com.br\/site\/author\/dermival\/\"}]}<\/script>\n<!-- \/ Yoast SEO plugin. -->","yoast_head_json":{"title":"Alexandre de Moraes aceita den\u00fancia contra outros 200 envolvidos nos ataques ao poderes - PORTAL DE NOT\u00cdCIAS CLEITON PINHEIRO","robots":{"index":"index","follow":"follow","max-snippet":"max-snippet:-1","max-image-preview":"max-image-preview:large","max-video-preview":"max-video-preview:-1"},"canonical":"https:\/\/cleitonpinheiro.com.br\/site\/alexandre-de-moraes-aceita-denuncia-contra-outros-200-envolvidos-nos-ataques-ao-poderes\/","og_locale":"pt_BR","og_type":"article","og_title":"Alexandre de Moraes aceita den\u00fancia contra outros 200 envolvidos nos ataques ao poderes - PORTAL DE NOT\u00cdCIAS CLEITON PINHEIRO","og_description":"O Supremo Tribunal Federal (STF) iniciou nesta segunda-feira (25) o julgamento de mais 200 envolvidos nos atos golpistas de 8 de janeiro. Na ocasi\u00e3o, v\u00e2ndalos depredaram as sedes do Supremo Tribunal Federal (STF), o Congresso e o Pal\u00e1cio do Planalto. Primeiro a votar, o ministro Alexandre de Moraes decidiu pelo recebimento das den\u00fancias da Procuradoria-Geral [&hellip;]","og_url":"https:\/\/cleitonpinheiro.com.br\/site\/alexandre-de-moraes-aceita-denuncia-contra-outros-200-envolvidos-nos-ataques-ao-poderes\/","og_site_name":"PORTAL DE NOT\u00cdCIAS CLEITON PINHEIRO","article_publisher":"https:\/\/www.facebook.com\/portalcpnoticias\/","article_published_time":"2023-04-25T12:56:12+00:00","article_modified_time":"2023-04-25T12:57:26+00:00","og_image":[{"width":700,"height":400,"url":"https:\/\/cleitonpinheiro.com.br\/site\/wp-content\/uploads\/2023\/04\/Design-sem-nome-34-compressed.jpg","type":"image\/jpeg"}],"author":"Dermival Pereira","twitter_card":"summary_large_image","twitter_misc":{"Escrito por":"Dermival Pereira","Est. tempo de leitura":"2 minutos"},"schema":{"@context":"https:\/\/schema.org","@graph":[{"@type":"Article","@id":"https:\/\/cleitonpinheiro.com.br\/site\/alexandre-de-moraes-aceita-denuncia-contra-outros-200-envolvidos-nos-ataques-ao-poderes\/#article","isPartOf":{"@id":"https:\/\/cleitonpinheiro.com.br\/site\/alexandre-de-moraes-aceita-denuncia-contra-outros-200-envolvidos-nos-ataques-ao-poderes\/"},"author":{"name":"Dermival Pereira","@id":"https:\/\/cleitonpinheiro.com.br\/site\/#\/schema\/person\/aac6d7f311e80c43042e98a900b03cd8"},"headline":"Alexandre de Moraes aceita den\u00fancia contra outros 200 envolvidos nos ataques ao poderes","datePublished":"2023-04-25T12:56:12+00:00","dateModified":"2023-04-25T12:57:26+00:00","mainEntityOfPage":{"@id":"https:\/\/cleitonpinheiro.com.br\/site\/alexandre-de-moraes-aceita-denuncia-contra-outros-200-envolvidos-nos-ataques-ao-poderes\/"},"wordCount":266,"commentCount":0,"publisher":{"@id":"https:\/\/cleitonpinheiro.com.br\/site\/#organization"},"image":{"@id":"https:\/\/cleitonpinheiro.com.br\/site\/alexandre-de-moraes-aceita-denuncia-contra-outros-200-envolvidos-nos-ataques-ao-poderes\/#primaryimage"},"thumbnailUrl":"https:\/\/cleitonpinheiro.com.br\/site\/wp-content\/uploads\/2023\/04\/Design-sem-nome-34-compressed.jpg","articleSection":["BRASIL \/ MUNDO","MANCHETE SEGUND\u00c1RIA"],"inLanguage":"pt-BR","potentialAction":[{"@type":"CommentAction","name":"Comment","target":["https:\/\/cleitonpinheiro.com.br\/site\/alexandre-de-moraes-aceita-denuncia-contra-outros-200-envolvidos-nos-ataques-ao-poderes\/#respond"]}]},{"@type":"WebPage","@id":"https:\/\/cleitonpinheiro.com.br\/site\/alexandre-de-moraes-aceita-denuncia-contra-outros-200-envolvidos-nos-ataques-ao-poderes\/","url":"https:\/\/cleitonpinheiro.com.br\/site\/alexandre-de-moraes-aceita-denuncia-contra-outros-200-envolvidos-nos-ataques-ao-poderes\/","name":"Alexandre de Moraes aceita den\u00fancia contra outros 200 envolvidos nos ataques ao poderes - PORTAL DE NOT\u00cdCIAS CLEITON PINHEIRO","isPartOf":{"@id":"https:\/\/cleitonpinheiro.com.br\/site\/#website"},"primaryImageOfPage":{"@id":"https:\/\/cleitonpinheiro.com.br\/site\/alexandre-de-moraes-aceita-denuncia-contra-outros-200-envolvidos-nos-ataques-ao-poderes\/#primaryimage"},"image":{"@id":"https:\/\/cleitonpinheiro.com.br\/site\/alexandre-de-moraes-aceita-denuncia-contra-outros-200-envolvidos-nos-ataques-ao-poderes\/#primaryimage"},"thumbnailUrl":"https:\/\/cleitonpinheiro.com.br\/site\/wp-content\/uploads\/2023\/04\/Design-sem-nome-34-compressed.jpg","datePublished":"2023-04-25T12:56:12+00:00","dateModified":"2023-04-25T12:57:26+00:00","breadcrumb":{"@id":"https:\/\/cleitonpinheiro.com.br\/site\/alexandre-de-moraes-aceita-denuncia-contra-outros-200-envolvidos-nos-ataques-ao-poderes\/#breadcrumb"},"inLanguage":"pt-BR","potentialAction":[{"@type":"ReadAction","target":["https:\/\/cleitonpinheiro.com.br\/site\/alexandre-de-moraes-aceita-denuncia-contra-outros-200-envolvidos-nos-ataques-ao-poderes\/"]}]},{"@type":"ImageObject","inLanguage":"pt-BR","@id":"https:\/\/cleitonpinheiro.com.br\/site\/alexandre-de-moraes-aceita-denuncia-contra-outros-200-envolvidos-nos-ataques-ao-poderes\/#primaryimage","url":"","contentUrl":""},{"@type":"BreadcrumbList","@id":"https:\/\/cleitonpinheiro.com.br\/site\/alexandre-de-moraes-aceita-denuncia-contra-outros-200-envolvidos-nos-ataques-ao-poderes\/#breadcrumb","itemListElement":[{"@type":"ListItem","position":1,"name":"In\u00edcio","item":"https:\/\/cleitonpinheiro.com.br\/site\/"},{"@type":"ListItem","position":2,"name":"Alexandre de Moraes aceita den\u00fancia contra outros 200 envolvidos nos ataques ao poderes"}]},{"@type":"WebSite","@id":"https:\/\/cleitonpinheiro.com.br\/site\/#website","url":"https:\/\/cleitonpinheiro.com.br\/site\/","name":"PORTAL DE NOT\u00cdCIAS CLEITON PINHEIRO","description":"FALANDO A VERDADE","publisher":{"@id":"https:\/\/cleitonpinheiro.com.br\/site\/#organization"},"potentialAction":[{"@type":"SearchAction","target":{"@type":"EntryPoint","urlTemplate":"https:\/\/cleitonpinheiro.com.br\/site\/?s={search_term_string}"},"query-input":{"@type":"PropertyValueSpecification","valueRequired":true,"valueName":"search_term_string"}}],"inLanguage":"pt-BR"},{"@type":"Organization","@id":"https:\/\/cleitonpinheiro.com.br\/site\/#organization","name":"CPNOT\u00cdCIAS","url":"https:\/\/cleitonpinheiro.com.br\/site\/","logo":{"@type":"ImageObject","inLanguage":"pt-BR","@id":"https:\/\/cleitonpinheiro.com.br\/site\/#\/schema\/logo\/image\/","url":"https:\/\/cleitonpinheiro.com.br\/site\/wp-content\/uploads\/2022\/08\/Logo-pequena-2.png","contentUrl":"https:\/\/cleitonpinheiro.com.br\/site\/wp-content\/uploads\/2022\/08\/Logo-pequena-2.png","width":500,"height":500,"caption":"CPNOT\u00cdCIAS"},"image":{"@id":"https:\/\/cleitonpinheiro.com.br\/site\/#\/schema\/logo\/image\/"},"sameAs":["https:\/\/www.facebook.com\/portalcpnoticias\/"]},{"@type":"Person","@id":"https:\/\/cleitonpinheiro.com.br\/site\/#\/schema\/person\/aac6d7f311e80c43042e98a900b03cd8","name":"Dermival Pereira","image":{"@type":"ImageObject","inLanguage":"pt-BR","@id":"https:\/\/cleitonpinheiro.com.br\/site\/#\/schema\/person\/image\/","url":"https:\/\/secure.gravatar.com\/avatar\/cfaebf3742d6bf8db728bcba3eed6bee37b02337a2e6c822994f20ca72a3784d?s=96&r=g","contentUrl":"https:\/\/secure.gravatar.com\/avatar\/cfaebf3742d6bf8db728bcba3eed6bee37b02337a2e6c822994f20ca72a3784d?s=96&r=g","caption":"Dermival Pereira"},"url":"https:\/\/cleitonpinheiro.com.br\/site\/author\/dermival\/"}]}},"views":206,"_links":{"self":[{"href":"https:\/\/cleitonpinheiro.com.br\/site\/wp-json\/wp\/v2\/posts\/70532","targetHints":{"allow":["GET"]}}],"collection":[{"href":"https:\/\/cleitonpinheiro.com.br\/site\/wp-json\/wp\/v2\/posts"}],"about":[{"href":"https:\/\/cleitonpinheiro.com.br\/site\/wp-json\/wp\/v2\/types\/post"}],"author":[{"embeddable":true,"href":"https:\/\/cleitonpinheiro.com.br\/site\/wp-json\/wp\/v2\/users\/4"}],"replies":[{"embeddable":true,"href":"https:\/\/cleitonpinheiro.com.br\/site\/wp-json\/wp\/v2\/comments?post=70532"}],"version-history":[{"count":3,"href":"https:\/\/cleitonpinheiro.com.br\/site\/wp-json\/wp\/v2\/posts\/70532\/revisions"}],"predecessor-version":[{"id":70537,"href":"https:\/\/cleitonpinheiro.com.br\/site\/wp-json\/wp\/v2\/posts\/70532\/revisions\/70537"}],"wp:attachment":[{"href":"https:\/\/cleitonpinheiro.com.br\/site\/wp-json\/wp\/v2\/media?parent=70532"}],"wp:term":[{"taxonomy":"category","embeddable":true,"href":"https:\/\/cleitonpinheiro.com.br\/site\/wp-json\/wp\/v2\/categories?post=70532"},{"taxonomy":"post_tag","embeddable":true,"href":"https:\/\/cleitonpinheiro.com.br\/site\/wp-json\/wp\/v2\/tags?post=70532"}],"curies":[{"name":"wp","href":"https:\/\/api.w.org\/{rel}","templated":true}]}}