{"id":70538,"date":"2023-04-25T13:21:32","date_gmt":"2023-04-25T16:21:32","guid":{"rendered":"https:\/\/cleitonpinheiro.com.br\/site\/?p=70538"},"modified":"2023-04-25T13:23:39","modified_gmt":"2023-04-25T16:23:39","slug":"pesquisa-aponta-que-idade-renda-e-sedentarismo-sao-principais-fatores-para-obesidade-no-pais","status":"publish","type":"post","link":"https:\/\/cleitonpinheiro.com.br\/site\/pesquisa-aponta-que-idade-renda-e-sedentarismo-sao-principais-fatores-para-obesidade-no-pais\/","title":{"rendered":"Pesquisa aponta idade, renda e sedentarismo como principais fatores para obesidade no Pa\u00eds"},"content":{"rendered":"\n<figure class=\"wp-block-image size-full is-resized\"><img fetchpriority=\"high\" decoding=\"async\" src=\"https:\/\/cleitonpinheiro.com.br\/site\/wp-content\/uploads\/2023\/04\/Design-sem-nome-36-compressed.jpg\" alt=\"\" class=\"wp-image-70540\" width=\"1018\" height=\"582\"\/><figcaption class=\"wp-element-caption\">Foto: Divulga\u00e7\u00e3o<\/figcaption><\/figure>\n\n\n\n<p>Pesquisa da Funda\u00e7\u00e3o Get\u00falio Vargas (FGV) indica que idade, condi\u00e7\u00f5es socioecon\u00f4micas e falta de atividade f\u00edsica s\u00e3o os principais fatores associados \u00e0 preval\u00eancia da obesidade no Brasil. Dados mais recentes do Instituto Brasileiro de Geografia e Estat\u00edstica (IBGE) apontam que seis em cada dez brasileiros est\u00e3o com sobrepeso. J\u00e1 a taxa de obesidade no pa\u00eds atualmente est\u00e1 em 20,1%. &nbsp;<\/p>\n\n\n\n<p>Pesquisadores da FGV realizaram uma proje\u00e7\u00e3o sobre a evolu\u00e7\u00e3o da obesidade no pa\u00eds e constataram que, caso a doen\u00e7a permane\u00e7a com a taxa de crescimento atual, em 2030, vai atingir 24,5% da popula\u00e7\u00e3o. Dentro dessa taxa de crescimento, segundo a pesquisa, algumas parcelas da sociedade s\u00e3o mais vulner\u00e1veis.<\/p>\n\n\n\n<p>O estudo utilizou dados da Pesquisa Nacional em Sa\u00fade e da Pesquisa de Or\u00e7amentos Familiares, ambas do IBGE. Apesar da cren\u00e7a de que a obesidade est\u00e1 associada ao consumo de determinados alimentos, o levantamento indica este fator como pouco relevante, enquanto o estilo de vida e o modo de trabalho, bem como residir em zonas urbanas, aumentam a probabilidade de excesso de peso. &nbsp;<\/p>\n\n\n\n<p><strong>Baixa renda<\/strong><\/p>\n\n\n\n<p>Ainda que a obesidade tenha crescido em pa\u00edses ricos e pobres, o estudo constatou que h\u00e1 um desequil\u00edbrio entre consumo e gasto cal\u00f3rico nas popula\u00e7\u00f5es de baixa renda.<\/p>\n\n\n\n<p>Segundo os dados, alguns motivos que apontam para uma vulnerabilidade maior nessa parcela da sociedade est\u00e3o relacionados ao acesso a alimentos mais baratos e pobres em nutrientes, com alta densidade cal\u00f3rica.<\/p>\n\n\n\n<p>Al\u00e9m disso, a baixa escolaridade limita tamb\u00e9m o acesso a informa\u00e7\u00f5es nutricionais, impactando nos h\u00e1bitos alimentares dessa popula\u00e7\u00e3o.<\/p>\n\n\n\n<p><strong>Obesidade infantil<\/strong><\/p>\n\n\n\n<p>O estudo alerta que a obesidade infantil est\u00e1 bastante associada \u00e0 preval\u00eancia da doen\u00e7a ao longo de toda vida de uma pessoa. \u201cEsta rela\u00e7\u00e3o est\u00e1 muito mais enraizada do que a maioria dos indiv\u00edduos imagina, come\u00e7ando desde a amamenta\u00e7\u00e3o\u201d.<\/p>\n\n\n\n<p>Segundo a pesquisa, h\u00e1 ind\u00edcios de que os horm\u00f4nios presentes no leite materno contribuem para a saciedade do beb\u00ea e que essa pode ser uma estrat\u00e9gia para diminuir riscos de doen\u00e7as cr\u00f4nicas como a pr\u00f3pria obesidade.<\/p>\n\n\n\n<p>\u201cNeste cen\u00e1rio, a interrup\u00e7\u00e3o precoce do aleitamento materno e o modo de vida associado a meios de transportes, somado a um elevado vi\u00e9s de sedentarismo, s\u00e3o algumas das causas multidimensionais que contribuem para a obesidade infantil.\u201d<\/p>\n\n\n\n<p><strong>Envelhecimento<\/strong><\/p>\n\n\n\n<p>O risco de desenvolver obesidade cr\u00f4nica costuma aumentar conforme o indiv\u00edduo vai ficando mais velho \u2013 a doen\u00e7a atinge cerca de 6% da popula\u00e7\u00e3o entre crian\u00e7as e adolescentes.<\/p>\n\n\n\n<p>\u201cPor\u00e9m, uma vez que a obesidade \u00e9 estabelecida na juventude, fica muito dif\u00edcil reverter este quadro at\u00e9 a vida adulta\u201d. &nbsp;<\/p>\n\n\n\n<p><strong>Homens x mulheres<\/strong><\/p>\n\n\n\n<p>O estudo aponta ainda maior preval\u00eancia da obesidade entre mulheres, apesar da preval\u00eancia de sobrepeso ser maior entre os homens. Dados da Pesquisa Nacional em Sa\u00fade apontam uma taxa de 22% de obesidade em mulheres e de 18% em homens, enquanto o \u00edndice de sobrepeso em homens \u00e9 de 39% e em mulheres de 34%.<\/p>\n\n\n\n<p>A FGV destaca, entretanto, que a obesidade entre mulheres n\u00e3o costuma ser t\u00e3o grave quanto em homens, j\u00e1 que o aumento de peso no p\u00fablico masculino \u00e9 ligado \u00e0 regi\u00e3o do abd\u00f4men e \u00e0 possibilidade de doen\u00e7as cardiovasculares.<\/p>\n\n\n\n<p><strong>Outras doen\u00e7as<\/strong><\/p>\n\n\n\n<p>A pesquisa tamb\u00e9m relaciona a obesidade a outras doen\u00e7as. A preval\u00eancia de hipertens\u00e3o, diabetes e colesterol alto, por exemplo, chega a ser duas vezes maior em pessoas obesas. Os n\u00fameros indicam 41,5%, 13,4% e 21,7% para o aumento de chance de obesos desenvolverem cada uma dessas doen\u00e7as, respectivamente. &nbsp;<\/p>\n\n\n\n<p>Al\u00e9m disso, enfermidades respirat\u00f3rias como asma ou bronquite tamb\u00e9m s\u00e3o mais frequentes entre pessoas consideradas obesas (5,9%) que entre pessoas com peso normal (4,7%). O mesmo ocorre com condi\u00e7\u00f5es relacionados \u00e0 mobilidade, como artrite e problemas na coluna ou nas costas, que acometem respectivamente 11,3% e 24,9% dessa parcela da popula\u00e7\u00e3o. &nbsp;<\/p>\n\n\n\n<p><strong>Alimenta\u00e7\u00e3o<\/strong><\/p>\n\n\n\n<p>De acordo com o estudo, o consumo de leguminosas como feij\u00e3o e ervilha e de oleaginosas como amendoim e castanhas est\u00e1 associado a menores chances de ganho de peso.<\/p>\n\n\n\n<p>Segundo a FGV, o consumo do prato brasileiro cl\u00e1ssico, composto por arroz e feij\u00e3o, n\u00e3o traz riscos de aumento de peso. J\u00e1 outro costume do brasileiro, o churrasco, est\u00e1 associado a efeitos gritantes para o excesso de peso e a obesidade, principalmente quando associados a falta de pr\u00e1tica de exerc\u00edcios e ao consumo de bebida alco\u00f3lica. <em><strong>(Da Ag\u00eancia Brasil).<\/strong><\/em><\/p>\n","protected":false},"excerpt":{"rendered":"<p>Pesquisa da Funda\u00e7\u00e3o Get\u00falio Vargas (FGV) indica que idade, condi\u00e7\u00f5es socioecon\u00f4micas e falta de atividade f\u00edsica s\u00e3o os principais fatores associados \u00e0 preval\u00eancia da obesidade no Brasil. Dados mais recentes do Instituto Brasileiro de Geografia e Estat\u00edstica (IBGE) apontam que seis em cada dez brasileiros est\u00e3o com sobrepeso. J\u00e1 a taxa de obesidade no pa\u00eds [&hellip;]<\/p>\n","protected":false},"author":4,"featured_media":0,"comment_status":"open","ping_status":"open","sticky":false,"template":"","format":"standard","meta":{"_acf_changed":false,"footnotes":""},"categories":[19,898],"tags":[],"class_list":["post-70538","post","type-post","status-publish","format-standard","hentry","category-brasil-mundo","category-manchete-segundaria"],"acf":[],"yoast_head":"<!-- This site is optimized with the Yoast SEO plugin v24.4 - https:\/\/yoast.com\/wordpress\/plugins\/seo\/ -->\n<title>Pesquisa aponta idade, renda e sedentarismo como principais fatores para obesidade no Pa\u00eds - PORTAL DE NOT\u00cdCIAS CLEITON PINHEIRO<\/title>\n<meta name=\"robots\" content=\"index, follow, max-snippet:-1, max-image-preview:large, max-video-preview:-1\" \/>\n<link rel=\"canonical\" href=\"https:\/\/cleitonpinheiro.com.br\/site\/pesquisa-aponta-que-idade-renda-e-sedentarismo-sao-principais-fatores-para-obesidade-no-pais\/\" \/>\n<meta property=\"og:locale\" content=\"pt_BR\" \/>\n<meta property=\"og:type\" content=\"article\" \/>\n<meta property=\"og:title\" content=\"Pesquisa aponta idade, renda e sedentarismo como principais fatores para obesidade no Pa\u00eds - PORTAL DE NOT\u00cdCIAS CLEITON PINHEIRO\" \/>\n<meta property=\"og:description\" content=\"Pesquisa da Funda\u00e7\u00e3o Get\u00falio Vargas (FGV) indica que idade, condi\u00e7\u00f5es socioecon\u00f4micas e falta de atividade f\u00edsica s\u00e3o os principais fatores associados \u00e0 preval\u00eancia da obesidade no Brasil. Dados mais recentes do Instituto Brasileiro de Geografia e Estat\u00edstica (IBGE) apontam que seis em cada dez brasileiros est\u00e3o com sobrepeso. J\u00e1 a taxa de obesidade no pa\u00eds [&hellip;]\" \/>\n<meta property=\"og:url\" content=\"https:\/\/cleitonpinheiro.com.br\/site\/pesquisa-aponta-que-idade-renda-e-sedentarismo-sao-principais-fatores-para-obesidade-no-pais\/\" \/>\n<meta property=\"og:site_name\" content=\"PORTAL DE NOT\u00cdCIAS CLEITON PINHEIRO\" \/>\n<meta property=\"article:publisher\" content=\"https:\/\/www.facebook.com\/portalcpnoticias\/\" \/>\n<meta property=\"article:published_time\" content=\"2023-04-25T16:21:32+00:00\" \/>\n<meta property=\"article:modified_time\" content=\"2023-04-25T16:23:39+00:00\" \/>\n<meta property=\"og:image\" content=\"https:\/\/cleitonpinheiro.com.br\/site\/wp-content\/uploads\/2023\/04\/Design-sem-nome-36-compressed.jpg\" \/>\n\t<meta property=\"og:image:width\" content=\"700\" \/>\n\t<meta property=\"og:image:height\" content=\"400\" \/>\n\t<meta property=\"og:image:type\" content=\"image\/jpeg\" \/>\n<meta name=\"author\" content=\"Dermival Pereira\" \/>\n<meta name=\"twitter:card\" content=\"summary_large_image\" \/>\n<meta name=\"twitter:label1\" content=\"Escrito por\" \/>\n\t<meta name=\"twitter:data1\" content=\"Dermival Pereira\" \/>\n\t<meta name=\"twitter:label2\" content=\"Est. tempo de leitura\" \/>\n\t<meta name=\"twitter:data2\" content=\"5 minutos\" \/>\n<script type=\"application\/ld+json\" class=\"yoast-schema-graph\">{\"@context\":\"https:\/\/schema.org\",\"@graph\":[{\"@type\":\"Article\",\"@id\":\"https:\/\/cleitonpinheiro.com.br\/site\/pesquisa-aponta-que-idade-renda-e-sedentarismo-sao-principais-fatores-para-obesidade-no-pais\/#article\",\"isPartOf\":{\"@id\":\"https:\/\/cleitonpinheiro.com.br\/site\/pesquisa-aponta-que-idade-renda-e-sedentarismo-sao-principais-fatores-para-obesidade-no-pais\/\"},\"author\":{\"name\":\"Dermival Pereira\",\"@id\":\"https:\/\/cleitonpinheiro.com.br\/site\/#\/schema\/person\/aac6d7f311e80c43042e98a900b03cd8\"},\"headline\":\"Pesquisa aponta idade, renda e sedentarismo como principais fatores para obesidade no Pa\u00eds\",\"datePublished\":\"2023-04-25T16:21:32+00:00\",\"dateModified\":\"2023-04-25T16:23:39+00:00\",\"mainEntityOfPage\":{\"@id\":\"https:\/\/cleitonpinheiro.com.br\/site\/pesquisa-aponta-que-idade-renda-e-sedentarismo-sao-principais-fatores-para-obesidade-no-pais\/\"},\"wordCount\":781,\"commentCount\":0,\"publisher\":{\"@id\":\"https:\/\/cleitonpinheiro.com.br\/site\/#organization\"},\"image\":{\"@id\":\"https:\/\/cleitonpinheiro.com.br\/site\/pesquisa-aponta-que-idade-renda-e-sedentarismo-sao-principais-fatores-para-obesidade-no-pais\/#primaryimage\"},\"thumbnailUrl\":\"https:\/\/cleitonpinheiro.com.br\/site\/wp-content\/uploads\/2023\/04\/Design-sem-nome-36-compressed.jpg\",\"articleSection\":[\"BRASIL \/ MUNDO\",\"MANCHETE SEGUND\u00c1RIA\"],\"inLanguage\":\"pt-BR\",\"potentialAction\":[{\"@type\":\"CommentAction\",\"name\":\"Comment\",\"target\":[\"https:\/\/cleitonpinheiro.com.br\/site\/pesquisa-aponta-que-idade-renda-e-sedentarismo-sao-principais-fatores-para-obesidade-no-pais\/#respond\"]}]},{\"@type\":\"WebPage\",\"@id\":\"https:\/\/cleitonpinheiro.com.br\/site\/pesquisa-aponta-que-idade-renda-e-sedentarismo-sao-principais-fatores-para-obesidade-no-pais\/\",\"url\":\"https:\/\/cleitonpinheiro.com.br\/site\/pesquisa-aponta-que-idade-renda-e-sedentarismo-sao-principais-fatores-para-obesidade-no-pais\/\",\"name\":\"Pesquisa aponta idade, renda e sedentarismo como principais fatores para obesidade no Pa\u00eds - PORTAL DE NOT\u00cdCIAS CLEITON PINHEIRO\",\"isPartOf\":{\"@id\":\"https:\/\/cleitonpinheiro.com.br\/site\/#website\"},\"primaryImageOfPage\":{\"@id\":\"https:\/\/cleitonpinheiro.com.br\/site\/pesquisa-aponta-que-idade-renda-e-sedentarismo-sao-principais-fatores-para-obesidade-no-pais\/#primaryimage\"},\"image\":{\"@id\":\"https:\/\/cleitonpinheiro.com.br\/site\/pesquisa-aponta-que-idade-renda-e-sedentarismo-sao-principais-fatores-para-obesidade-no-pais\/#primaryimage\"},\"thumbnailUrl\":\"https:\/\/cleitonpinheiro.com.br\/site\/wp-content\/uploads\/2023\/04\/Design-sem-nome-36-compressed.jpg\",\"datePublished\":\"2023-04-25T16:21:32+00:00\",\"dateModified\":\"2023-04-25T16:23:39+00:00\",\"breadcrumb\":{\"@id\":\"https:\/\/cleitonpinheiro.com.br\/site\/pesquisa-aponta-que-idade-renda-e-sedentarismo-sao-principais-fatores-para-obesidade-no-pais\/#breadcrumb\"},\"inLanguage\":\"pt-BR\",\"potentialAction\":[{\"@type\":\"ReadAction\",\"target\":[\"https:\/\/cleitonpinheiro.com.br\/site\/pesquisa-aponta-que-idade-renda-e-sedentarismo-sao-principais-fatores-para-obesidade-no-pais\/\"]}]},{\"@type\":\"ImageObject\",\"inLanguage\":\"pt-BR\",\"@id\":\"https:\/\/cleitonpinheiro.com.br\/site\/pesquisa-aponta-que-idade-renda-e-sedentarismo-sao-principais-fatores-para-obesidade-no-pais\/#primaryimage\",\"url\":\"\",\"contentUrl\":\"\"},{\"@type\":\"BreadcrumbList\",\"@id\":\"https:\/\/cleitonpinheiro.com.br\/site\/pesquisa-aponta-que-idade-renda-e-sedentarismo-sao-principais-fatores-para-obesidade-no-pais\/#breadcrumb\",\"itemListElement\":[{\"@type\":\"ListItem\",\"position\":1,\"name\":\"In\u00edcio\",\"item\":\"https:\/\/cleitonpinheiro.com.br\/site\/\"},{\"@type\":\"ListItem\",\"position\":2,\"name\":\"Pesquisa aponta idade, renda e sedentarismo como principais fatores para obesidade no Pa\u00eds\"}]},{\"@type\":\"WebSite\",\"@id\":\"https:\/\/cleitonpinheiro.com.br\/site\/#website\",\"url\":\"https:\/\/cleitonpinheiro.com.br\/site\/\",\"name\":\"PORTAL DE NOT\u00cdCIAS CLEITON PINHEIRO\",\"description\":\"FALANDO A VERDADE\",\"publisher\":{\"@id\":\"https:\/\/cleitonpinheiro.com.br\/site\/#organization\"},\"potentialAction\":[{\"@type\":\"SearchAction\",\"target\":{\"@type\":\"EntryPoint\",\"urlTemplate\":\"https:\/\/cleitonpinheiro.com.br\/site\/?s={search_term_string}\"},\"query-input\":{\"@type\":\"PropertyValueSpecification\",\"valueRequired\":true,\"valueName\":\"search_term_string\"}}],\"inLanguage\":\"pt-BR\"},{\"@type\":\"Organization\",\"@id\":\"https:\/\/cleitonpinheiro.com.br\/site\/#organization\",\"name\":\"CPNOT\u00cdCIAS\",\"url\":\"https:\/\/cleitonpinheiro.com.br\/site\/\",\"logo\":{\"@type\":\"ImageObject\",\"inLanguage\":\"pt-BR\",\"@id\":\"https:\/\/cleitonpinheiro.com.br\/site\/#\/schema\/logo\/image\/\",\"url\":\"https:\/\/cleitonpinheiro.com.br\/site\/wp-content\/uploads\/2022\/08\/Logo-pequena-2.png\",\"contentUrl\":\"https:\/\/cleitonpinheiro.com.br\/site\/wp-content\/uploads\/2022\/08\/Logo-pequena-2.png\",\"width\":500,\"height\":500,\"caption\":\"CPNOT\u00cdCIAS\"},\"image\":{\"@id\":\"https:\/\/cleitonpinheiro.com.br\/site\/#\/schema\/logo\/image\/\"},\"sameAs\":[\"https:\/\/www.facebook.com\/portalcpnoticias\/\"]},{\"@type\":\"Person\",\"@id\":\"https:\/\/cleitonpinheiro.com.br\/site\/#\/schema\/person\/aac6d7f311e80c43042e98a900b03cd8\",\"name\":\"Dermival Pereira\",\"image\":{\"@type\":\"ImageObject\",\"inLanguage\":\"pt-BR\",\"@id\":\"https:\/\/cleitonpinheiro.com.br\/site\/#\/schema\/person\/image\/\",\"url\":\"https:\/\/secure.gravatar.com\/avatar\/cfaebf3742d6bf8db728bcba3eed6bee37b02337a2e6c822994f20ca72a3784d?s=96&r=g\",\"contentUrl\":\"https:\/\/secure.gravatar.com\/avatar\/cfaebf3742d6bf8db728bcba3eed6bee37b02337a2e6c822994f20ca72a3784d?s=96&r=g\",\"caption\":\"Dermival Pereira\"},\"url\":\"https:\/\/cleitonpinheiro.com.br\/site\/author\/dermival\/\"}]}<\/script>\n<!-- \/ Yoast SEO plugin. -->","yoast_head_json":{"title":"Pesquisa aponta idade, renda e sedentarismo como principais fatores para obesidade no Pa\u00eds - PORTAL DE NOT\u00cdCIAS CLEITON PINHEIRO","robots":{"index":"index","follow":"follow","max-snippet":"max-snippet:-1","max-image-preview":"max-image-preview:large","max-video-preview":"max-video-preview:-1"},"canonical":"https:\/\/cleitonpinheiro.com.br\/site\/pesquisa-aponta-que-idade-renda-e-sedentarismo-sao-principais-fatores-para-obesidade-no-pais\/","og_locale":"pt_BR","og_type":"article","og_title":"Pesquisa aponta idade, renda e sedentarismo como principais fatores para obesidade no Pa\u00eds - PORTAL DE NOT\u00cdCIAS CLEITON PINHEIRO","og_description":"Pesquisa da Funda\u00e7\u00e3o Get\u00falio Vargas (FGV) indica que idade, condi\u00e7\u00f5es socioecon\u00f4micas e falta de atividade f\u00edsica s\u00e3o os principais fatores associados \u00e0 preval\u00eancia da obesidade no Brasil. Dados mais recentes do Instituto Brasileiro de Geografia e Estat\u00edstica (IBGE) apontam que seis em cada dez brasileiros est\u00e3o com sobrepeso. J\u00e1 a taxa de obesidade no pa\u00eds [&hellip;]","og_url":"https:\/\/cleitonpinheiro.com.br\/site\/pesquisa-aponta-que-idade-renda-e-sedentarismo-sao-principais-fatores-para-obesidade-no-pais\/","og_site_name":"PORTAL DE NOT\u00cdCIAS CLEITON PINHEIRO","article_publisher":"https:\/\/www.facebook.com\/portalcpnoticias\/","article_published_time":"2023-04-25T16:21:32+00:00","article_modified_time":"2023-04-25T16:23:39+00:00","og_image":[{"width":700,"height":400,"url":"https:\/\/cleitonpinheiro.com.br\/site\/wp-content\/uploads\/2023\/04\/Design-sem-nome-36-compressed.jpg","type":"image\/jpeg"}],"author":"Dermival Pereira","twitter_card":"summary_large_image","twitter_misc":{"Escrito por":"Dermival Pereira","Est. tempo de leitura":"5 minutos"},"schema":{"@context":"https:\/\/schema.org","@graph":[{"@type":"Article","@id":"https:\/\/cleitonpinheiro.com.br\/site\/pesquisa-aponta-que-idade-renda-e-sedentarismo-sao-principais-fatores-para-obesidade-no-pais\/#article","isPartOf":{"@id":"https:\/\/cleitonpinheiro.com.br\/site\/pesquisa-aponta-que-idade-renda-e-sedentarismo-sao-principais-fatores-para-obesidade-no-pais\/"},"author":{"name":"Dermival Pereira","@id":"https:\/\/cleitonpinheiro.com.br\/site\/#\/schema\/person\/aac6d7f311e80c43042e98a900b03cd8"},"headline":"Pesquisa aponta idade, renda e sedentarismo como principais fatores para obesidade no Pa\u00eds","datePublished":"2023-04-25T16:21:32+00:00","dateModified":"2023-04-25T16:23:39+00:00","mainEntityOfPage":{"@id":"https:\/\/cleitonpinheiro.com.br\/site\/pesquisa-aponta-que-idade-renda-e-sedentarismo-sao-principais-fatores-para-obesidade-no-pais\/"},"wordCount":781,"commentCount":0,"publisher":{"@id":"https:\/\/cleitonpinheiro.com.br\/site\/#organization"},"image":{"@id":"https:\/\/cleitonpinheiro.com.br\/site\/pesquisa-aponta-que-idade-renda-e-sedentarismo-sao-principais-fatores-para-obesidade-no-pais\/#primaryimage"},"thumbnailUrl":"https:\/\/cleitonpinheiro.com.br\/site\/wp-content\/uploads\/2023\/04\/Design-sem-nome-36-compressed.jpg","articleSection":["BRASIL \/ MUNDO","MANCHETE SEGUND\u00c1RIA"],"inLanguage":"pt-BR","potentialAction":[{"@type":"CommentAction","name":"Comment","target":["https:\/\/cleitonpinheiro.com.br\/site\/pesquisa-aponta-que-idade-renda-e-sedentarismo-sao-principais-fatores-para-obesidade-no-pais\/#respond"]}]},{"@type":"WebPage","@id":"https:\/\/cleitonpinheiro.com.br\/site\/pesquisa-aponta-que-idade-renda-e-sedentarismo-sao-principais-fatores-para-obesidade-no-pais\/","url":"https:\/\/cleitonpinheiro.com.br\/site\/pesquisa-aponta-que-idade-renda-e-sedentarismo-sao-principais-fatores-para-obesidade-no-pais\/","name":"Pesquisa aponta idade, renda e sedentarismo como principais fatores para obesidade no Pa\u00eds - PORTAL DE NOT\u00cdCIAS CLEITON PINHEIRO","isPartOf":{"@id":"https:\/\/cleitonpinheiro.com.br\/site\/#website"},"primaryImageOfPage":{"@id":"https:\/\/cleitonpinheiro.com.br\/site\/pesquisa-aponta-que-idade-renda-e-sedentarismo-sao-principais-fatores-para-obesidade-no-pais\/#primaryimage"},"image":{"@id":"https:\/\/cleitonpinheiro.com.br\/site\/pesquisa-aponta-que-idade-renda-e-sedentarismo-sao-principais-fatores-para-obesidade-no-pais\/#primaryimage"},"thumbnailUrl":"https:\/\/cleitonpinheiro.com.br\/site\/wp-content\/uploads\/2023\/04\/Design-sem-nome-36-compressed.jpg","datePublished":"2023-04-25T16:21:32+00:00","dateModified":"2023-04-25T16:23:39+00:00","breadcrumb":{"@id":"https:\/\/cleitonpinheiro.com.br\/site\/pesquisa-aponta-que-idade-renda-e-sedentarismo-sao-principais-fatores-para-obesidade-no-pais\/#breadcrumb"},"inLanguage":"pt-BR","potentialAction":[{"@type":"ReadAction","target":["https:\/\/cleitonpinheiro.com.br\/site\/pesquisa-aponta-que-idade-renda-e-sedentarismo-sao-principais-fatores-para-obesidade-no-pais\/"]}]},{"@type":"ImageObject","inLanguage":"pt-BR","@id":"https:\/\/cleitonpinheiro.com.br\/site\/pesquisa-aponta-que-idade-renda-e-sedentarismo-sao-principais-fatores-para-obesidade-no-pais\/#primaryimage","url":"","contentUrl":""},{"@type":"BreadcrumbList","@id":"https:\/\/cleitonpinheiro.com.br\/site\/pesquisa-aponta-que-idade-renda-e-sedentarismo-sao-principais-fatores-para-obesidade-no-pais\/#breadcrumb","itemListElement":[{"@type":"ListItem","position":1,"name":"In\u00edcio","item":"https:\/\/cleitonpinheiro.com.br\/site\/"},{"@type":"ListItem","position":2,"name":"Pesquisa aponta idade, renda e sedentarismo como principais fatores para obesidade no Pa\u00eds"}]},{"@type":"WebSite","@id":"https:\/\/cleitonpinheiro.com.br\/site\/#website","url":"https:\/\/cleitonpinheiro.com.br\/site\/","name":"PORTAL DE NOT\u00cdCIAS CLEITON PINHEIRO","description":"FALANDO A VERDADE","publisher":{"@id":"https:\/\/cleitonpinheiro.com.br\/site\/#organization"},"potentialAction":[{"@type":"SearchAction","target":{"@type":"EntryPoint","urlTemplate":"https:\/\/cleitonpinheiro.com.br\/site\/?s={search_term_string}"},"query-input":{"@type":"PropertyValueSpecification","valueRequired":true,"valueName":"search_term_string"}}],"inLanguage":"pt-BR"},{"@type":"Organization","@id":"https:\/\/cleitonpinheiro.com.br\/site\/#organization","name":"CPNOT\u00cdCIAS","url":"https:\/\/cleitonpinheiro.com.br\/site\/","logo":{"@type":"ImageObject","inLanguage":"pt-BR","@id":"https:\/\/cleitonpinheiro.com.br\/site\/#\/schema\/logo\/image\/","url":"https:\/\/cleitonpinheiro.com.br\/site\/wp-content\/uploads\/2022\/08\/Logo-pequena-2.png","contentUrl":"https:\/\/cleitonpinheiro.com.br\/site\/wp-content\/uploads\/2022\/08\/Logo-pequena-2.png","width":500,"height":500,"caption":"CPNOT\u00cdCIAS"},"image":{"@id":"https:\/\/cleitonpinheiro.com.br\/site\/#\/schema\/logo\/image\/"},"sameAs":["https:\/\/www.facebook.com\/portalcpnoticias\/"]},{"@type":"Person","@id":"https:\/\/cleitonpinheiro.com.br\/site\/#\/schema\/person\/aac6d7f311e80c43042e98a900b03cd8","name":"Dermival Pereira","image":{"@type":"ImageObject","inLanguage":"pt-BR","@id":"https:\/\/cleitonpinheiro.com.br\/site\/#\/schema\/person\/image\/","url":"https:\/\/secure.gravatar.com\/avatar\/cfaebf3742d6bf8db728bcba3eed6bee37b02337a2e6c822994f20ca72a3784d?s=96&r=g","contentUrl":"https:\/\/secure.gravatar.com\/avatar\/cfaebf3742d6bf8db728bcba3eed6bee37b02337a2e6c822994f20ca72a3784d?s=96&r=g","caption":"Dermival Pereira"},"url":"https:\/\/cleitonpinheiro.com.br\/site\/author\/dermival\/"}]}},"views":241,"_links":{"self":[{"href":"https:\/\/cleitonpinheiro.com.br\/site\/wp-json\/wp\/v2\/posts\/70538","targetHints":{"allow":["GET"]}}],"collection":[{"href":"https:\/\/cleitonpinheiro.com.br\/site\/wp-json\/wp\/v2\/posts"}],"about":[{"href":"https:\/\/cleitonpinheiro.com.br\/site\/wp-json\/wp\/v2\/types\/post"}],"author":[{"embeddable":true,"href":"https:\/\/cleitonpinheiro.com.br\/site\/wp-json\/wp\/v2\/users\/4"}],"replies":[{"embeddable":true,"href":"https:\/\/cleitonpinheiro.com.br\/site\/wp-json\/wp\/v2\/comments?post=70538"}],"version-history":[{"count":5,"href":"https:\/\/cleitonpinheiro.com.br\/site\/wp-json\/wp\/v2\/posts\/70538\/revisions"}],"predecessor-version":[{"id":70547,"href":"https:\/\/cleitonpinheiro.com.br\/site\/wp-json\/wp\/v2\/posts\/70538\/revisions\/70547"}],"wp:attachment":[{"href":"https:\/\/cleitonpinheiro.com.br\/site\/wp-json\/wp\/v2\/media?parent=70538"}],"wp:term":[{"taxonomy":"category","embeddable":true,"href":"https:\/\/cleitonpinheiro.com.br\/site\/wp-json\/wp\/v2\/categories?post=70538"},{"taxonomy":"post_tag","embeddable":true,"href":"https:\/\/cleitonpinheiro.com.br\/site\/wp-json\/wp\/v2\/tags?post=70538"}],"curies":[{"name":"wp","href":"https:\/\/api.w.org\/{rel}","templated":true}]}}