{"id":70551,"date":"2023-04-25T15:21:33","date_gmt":"2023-04-25T18:21:33","guid":{"rendered":"https:\/\/cleitonpinheiro.com.br\/site\/?p=70551"},"modified":"2023-04-25T15:21:34","modified_gmt":"2023-04-25T18:21:34","slug":"capital-palmas-investe-r-692-mil-em-mais-de-10-mil-metros-de-calcadas-com-acessibilidade","status":"publish","type":"post","link":"https:\/\/cleitonpinheiro.com.br\/site\/capital-palmas-investe-r-692-mil-em-mais-de-10-mil-metros-de-calcadas-com-acessibilidade\/","title":{"rendered":"Capital Palmas investe R$ 692 mil em mais de 10 mil metros de cal\u00e7adas com acessibilidade"},"content":{"rendered":"\n<figure class=\"wp-block-image size-full is-resized\"><img fetchpriority=\"high\" decoding=\"async\" src=\"https:\/\/cleitonpinheiro.com.br\/site\/wp-content\/uploads\/2023\/04\/Design-sem-nome-39-compressed.jpg\" alt=\"\" class=\"wp-image-70552\" width=\"1019\" height=\"611\"\/><figcaption class=\"wp-element-caption\">Fotos: Seisp\/Divulga\u00e7\u00e3o<\/figcaption><\/figure>\n\n\n\n<p>O Setor Maria Rosa est\u00e1 recebendo melhorias em acessibilidade. Nesta ter\u00e7a-feira, 25, est\u00e3o sendo executadas cal\u00e7adas com rampas por todo per\u00edmetro da pra\u00e7a p\u00fablica do setor. Segundo a Secretaria de Infraestrutura e Servi\u00e7os P\u00fablicos (Seisp), executora das melhorias atrav\u00e9s da Superintend\u00eancia de Obras Civis, desde o in\u00edcio de 2022 at\u00e9 o primeiro trimestre de 2023, 10.034 metros de cal\u00e7adas e 110 rampas de acessibilidade foram entregues em toda a Capital. \u00a0Segundo a pasta, todas essas melhorias traduzem o investimento de cerca de R$ 692.800,00.<\/p>\n\n\n\n<figure class=\"wp-block-image alignleft size-full is-resized\"><img decoding=\"async\" src=\"https:\/\/cleitonpinheiro.com.br\/site\/wp-content\/uploads\/2023\/04\/Design-sem-nome-40-compressed.jpg\" alt=\"\" class=\"wp-image-70553\" width=\"613\" height=\"368\"\/><\/figure>\n\n\n\n<p>Alguns dos pontos beneficiados ficam no Setor Santa F\u00e9, no Jardim Taquari, no Jardim Aureny III e IV, Bertaville, nas Quadras Arso 53 e 54 (507 e 509 Sul), Arses 71 (704 Sul), 112 e 122 (1106 e 1206 Sul) e nas Avenidas LO-2, LO-3, LO-5, LO-7, LO-9, LO-10, LO-11, LO-27, NS-4, NS-6 e NS-10.&nbsp;<\/p>\n\n\n\n<p>Tamb\u00e9m foram instalados 1.878,11 metros quadrados de piso t\u00e1til entre janeiro de 2022 e mar\u00e7o de 2023. A maioria em cal\u00e7adas de avenidas e pra\u00e7as p\u00fablicas, entre elas, a Avenida NS-10, as pra\u00e7as da Arse 81 e 111 (804 e 1104 Sul). As pra\u00e7as da Arne 61 (504 Norte), Arso 61 e 131 (603 e 1303 Sul), ainda em constru\u00e7\u00e3o, tamb\u00e9m est\u00e3o inclu\u00eddas neste balan\u00e7o. <em><strong>(Fonte: Secom de Palmas).<\/strong><\/em><\/p>\n","protected":false},"excerpt":{"rendered":"<p>O Setor Maria Rosa est\u00e1 recebendo melhorias em acessibilidade. Nesta ter\u00e7a-feira, 25, est\u00e3o sendo executadas cal\u00e7adas com rampas por todo per\u00edmetro da pra\u00e7a p\u00fablica do setor. Segundo a Secretaria de Infraestrutura e Servi\u00e7os P\u00fablicos (Seisp), executora das melhorias atrav\u00e9s da Superintend\u00eancia de Obras Civis, desde o in\u00edcio de 2022 at\u00e9 o primeiro trimestre de 2023, [&hellip;]<\/p>\n","protected":false},"author":4,"featured_media":0,"comment_status":"open","ping_status":"open","sticky":false,"template":"","format":"standard","meta":{"_acf_changed":false,"footnotes":""},"categories":[22,898],"tags":[],"class_list":["post-70551","post","type-post","status-publish","format-standard","hentry","category-cidades","category-manchete-segundaria"],"acf":[],"yoast_head":"<!-- This site is optimized with the Yoast SEO plugin v24.4 - https:\/\/yoast.com\/wordpress\/plugins\/seo\/ -->\n<title>Capital Palmas investe R$ 692 mil em mais de 10 mil metros de cal\u00e7adas com acessibilidade - PORTAL DE NOT\u00cdCIAS CLEITON PINHEIRO<\/title>\n<meta name=\"robots\" content=\"index, follow, max-snippet:-1, max-image-preview:large, max-video-preview:-1\" \/>\n<link rel=\"canonical\" href=\"https:\/\/cleitonpinheiro.com.br\/site\/capital-palmas-investe-r-692-mil-em-mais-de-10-mil-metros-de-calcadas-com-acessibilidade\/\" \/>\n<meta property=\"og:locale\" content=\"pt_BR\" \/>\n<meta property=\"og:type\" content=\"article\" \/>\n<meta property=\"og:title\" content=\"Capital Palmas investe R$ 692 mil em mais de 10 mil metros de cal\u00e7adas com acessibilidade - PORTAL DE NOT\u00cdCIAS CLEITON PINHEIRO\" \/>\n<meta property=\"og:description\" content=\"O Setor Maria Rosa est\u00e1 recebendo melhorias em acessibilidade. Nesta ter\u00e7a-feira, 25, est\u00e3o sendo executadas cal\u00e7adas com rampas por todo per\u00edmetro da pra\u00e7a p\u00fablica do setor. Segundo a Secretaria de Infraestrutura e Servi\u00e7os P\u00fablicos (Seisp), executora das melhorias atrav\u00e9s da Superintend\u00eancia de Obras Civis, desde o in\u00edcio de 2022 at\u00e9 o primeiro trimestre de 2023, [&hellip;]\" \/>\n<meta property=\"og:url\" content=\"https:\/\/cleitonpinheiro.com.br\/site\/capital-palmas-investe-r-692-mil-em-mais-de-10-mil-metros-de-calcadas-com-acessibilidade\/\" \/>\n<meta property=\"og:site_name\" content=\"PORTAL DE NOT\u00cdCIAS CLEITON PINHEIRO\" \/>\n<meta property=\"article:publisher\" content=\"https:\/\/www.facebook.com\/portalcpnoticias\/\" \/>\n<meta property=\"article:published_time\" content=\"2023-04-25T18:21:33+00:00\" \/>\n<meta property=\"article:modified_time\" content=\"2023-04-25T18:21:34+00:00\" \/>\n<meta property=\"og:image\" content=\"https:\/\/cleitonpinheiro.com.br\/site\/wp-content\/uploads\/2023\/04\/Design-sem-nome-40-compressed.jpg\" \/>\n\t<meta property=\"og:image:width\" content=\"750\" \/>\n\t<meta property=\"og:image:height\" content=\"450\" \/>\n\t<meta property=\"og:image:type\" content=\"image\/jpeg\" \/>\n<meta name=\"author\" content=\"Dermival Pereira\" \/>\n<meta name=\"twitter:card\" content=\"summary_large_image\" \/>\n<meta name=\"twitter:label1\" content=\"Escrito por\" \/>\n\t<meta name=\"twitter:data1\" content=\"Dermival Pereira\" \/>\n\t<meta name=\"twitter:label2\" content=\"Est. tempo de leitura\" \/>\n\t<meta name=\"twitter:data2\" content=\"2 minutos\" \/>\n<script type=\"application\/ld+json\" class=\"yoast-schema-graph\">{\"@context\":\"https:\/\/schema.org\",\"@graph\":[{\"@type\":\"Article\",\"@id\":\"https:\/\/cleitonpinheiro.com.br\/site\/capital-palmas-investe-r-692-mil-em-mais-de-10-mil-metros-de-calcadas-com-acessibilidade\/#article\",\"isPartOf\":{\"@id\":\"https:\/\/cleitonpinheiro.com.br\/site\/capital-palmas-investe-r-692-mil-em-mais-de-10-mil-metros-de-calcadas-com-acessibilidade\/\"},\"author\":{\"name\":\"Dermival Pereira\",\"@id\":\"https:\/\/cleitonpinheiro.com.br\/site\/#\/schema\/person\/aac6d7f311e80c43042e98a900b03cd8\"},\"headline\":\"Capital Palmas investe R$ 692 mil em mais de 10 mil metros de cal\u00e7adas com acessibilidade\",\"datePublished\":\"2023-04-25T18:21:33+00:00\",\"dateModified\":\"2023-04-25T18:21:34+00:00\",\"mainEntityOfPage\":{\"@id\":\"https:\/\/cleitonpinheiro.com.br\/site\/capital-palmas-investe-r-692-mil-em-mais-de-10-mil-metros-de-calcadas-com-acessibilidade\/\"},\"wordCount\":224,\"commentCount\":0,\"publisher\":{\"@id\":\"https:\/\/cleitonpinheiro.com.br\/site\/#organization\"},\"image\":{\"@id\":\"https:\/\/cleitonpinheiro.com.br\/site\/capital-palmas-investe-r-692-mil-em-mais-de-10-mil-metros-de-calcadas-com-acessibilidade\/#primaryimage\"},\"thumbnailUrl\":\"https:\/\/cleitonpinheiro.com.br\/site\/wp-content\/uploads\/2023\/04\/Design-sem-nome-39-compressed.jpg\",\"articleSection\":[\"CIDADES\",\"MANCHETE SEGUND\u00c1RIA\"],\"inLanguage\":\"pt-BR\",\"potentialAction\":[{\"@type\":\"CommentAction\",\"name\":\"Comment\",\"target\":[\"https:\/\/cleitonpinheiro.com.br\/site\/capital-palmas-investe-r-692-mil-em-mais-de-10-mil-metros-de-calcadas-com-acessibilidade\/#respond\"]}]},{\"@type\":\"WebPage\",\"@id\":\"https:\/\/cleitonpinheiro.com.br\/site\/capital-palmas-investe-r-692-mil-em-mais-de-10-mil-metros-de-calcadas-com-acessibilidade\/\",\"url\":\"https:\/\/cleitonpinheiro.com.br\/site\/capital-palmas-investe-r-692-mil-em-mais-de-10-mil-metros-de-calcadas-com-acessibilidade\/\",\"name\":\"Capital Palmas investe R$ 692 mil em mais de 10 mil metros de cal\u00e7adas com acessibilidade - PORTAL DE NOT\u00cdCIAS CLEITON PINHEIRO\",\"isPartOf\":{\"@id\":\"https:\/\/cleitonpinheiro.com.br\/site\/#website\"},\"primaryImageOfPage\":{\"@id\":\"https:\/\/cleitonpinheiro.com.br\/site\/capital-palmas-investe-r-692-mil-em-mais-de-10-mil-metros-de-calcadas-com-acessibilidade\/#primaryimage\"},\"image\":{\"@id\":\"https:\/\/cleitonpinheiro.com.br\/site\/capital-palmas-investe-r-692-mil-em-mais-de-10-mil-metros-de-calcadas-com-acessibilidade\/#primaryimage\"},\"thumbnailUrl\":\"https:\/\/cleitonpinheiro.com.br\/site\/wp-content\/uploads\/2023\/04\/Design-sem-nome-39-compressed.jpg\",\"datePublished\":\"2023-04-25T18:21:33+00:00\",\"dateModified\":\"2023-04-25T18:21:34+00:00\",\"breadcrumb\":{\"@id\":\"https:\/\/cleitonpinheiro.com.br\/site\/capital-palmas-investe-r-692-mil-em-mais-de-10-mil-metros-de-calcadas-com-acessibilidade\/#breadcrumb\"},\"inLanguage\":\"pt-BR\",\"potentialAction\":[{\"@type\":\"ReadAction\",\"target\":[\"https:\/\/cleitonpinheiro.com.br\/site\/capital-palmas-investe-r-692-mil-em-mais-de-10-mil-metros-de-calcadas-com-acessibilidade\/\"]}]},{\"@type\":\"ImageObject\",\"inLanguage\":\"pt-BR\",\"@id\":\"https:\/\/cleitonpinheiro.com.br\/site\/capital-palmas-investe-r-692-mil-em-mais-de-10-mil-metros-de-calcadas-com-acessibilidade\/#primaryimage\",\"url\":\"\",\"contentUrl\":\"\"},{\"@type\":\"BreadcrumbList\",\"@id\":\"https:\/\/cleitonpinheiro.com.br\/site\/capital-palmas-investe-r-692-mil-em-mais-de-10-mil-metros-de-calcadas-com-acessibilidade\/#breadcrumb\",\"itemListElement\":[{\"@type\":\"ListItem\",\"position\":1,\"name\":\"In\u00edcio\",\"item\":\"https:\/\/cleitonpinheiro.com.br\/site\/\"},{\"@type\":\"ListItem\",\"position\":2,\"name\":\"Capital Palmas investe R$ 692 mil em mais de 10 mil metros de cal\u00e7adas com acessibilidade\"}]},{\"@type\":\"WebSite\",\"@id\":\"https:\/\/cleitonpinheiro.com.br\/site\/#website\",\"url\":\"https:\/\/cleitonpinheiro.com.br\/site\/\",\"name\":\"PORTAL DE NOT\u00cdCIAS CLEITON PINHEIRO\",\"description\":\"FALANDO A VERDADE\",\"publisher\":{\"@id\":\"https:\/\/cleitonpinheiro.com.br\/site\/#organization\"},\"potentialAction\":[{\"@type\":\"SearchAction\",\"target\":{\"@type\":\"EntryPoint\",\"urlTemplate\":\"https:\/\/cleitonpinheiro.com.br\/site\/?s={search_term_string}\"},\"query-input\":{\"@type\":\"PropertyValueSpecification\",\"valueRequired\":true,\"valueName\":\"search_term_string\"}}],\"inLanguage\":\"pt-BR\"},{\"@type\":\"Organization\",\"@id\":\"https:\/\/cleitonpinheiro.com.br\/site\/#organization\",\"name\":\"CPNOT\u00cdCIAS\",\"url\":\"https:\/\/cleitonpinheiro.com.br\/site\/\",\"logo\":{\"@type\":\"ImageObject\",\"inLanguage\":\"pt-BR\",\"@id\":\"https:\/\/cleitonpinheiro.com.br\/site\/#\/schema\/logo\/image\/\",\"url\":\"https:\/\/cleitonpinheiro.com.br\/site\/wp-content\/uploads\/2022\/08\/Logo-pequena-2.png\",\"contentUrl\":\"https:\/\/cleitonpinheiro.com.br\/site\/wp-content\/uploads\/2022\/08\/Logo-pequena-2.png\",\"width\":500,\"height\":500,\"caption\":\"CPNOT\u00cdCIAS\"},\"image\":{\"@id\":\"https:\/\/cleitonpinheiro.com.br\/site\/#\/schema\/logo\/image\/\"},\"sameAs\":[\"https:\/\/www.facebook.com\/portalcpnoticias\/\"]},{\"@type\":\"Person\",\"@id\":\"https:\/\/cleitonpinheiro.com.br\/site\/#\/schema\/person\/aac6d7f311e80c43042e98a900b03cd8\",\"name\":\"Dermival Pereira\",\"image\":{\"@type\":\"ImageObject\",\"inLanguage\":\"pt-BR\",\"@id\":\"https:\/\/cleitonpinheiro.com.br\/site\/#\/schema\/person\/image\/\",\"url\":\"https:\/\/secure.gravatar.com\/avatar\/cfaebf3742d6bf8db728bcba3eed6bee37b02337a2e6c822994f20ca72a3784d?s=96&r=g\",\"contentUrl\":\"https:\/\/secure.gravatar.com\/avatar\/cfaebf3742d6bf8db728bcba3eed6bee37b02337a2e6c822994f20ca72a3784d?s=96&r=g\",\"caption\":\"Dermival Pereira\"},\"url\":\"https:\/\/cleitonpinheiro.com.br\/site\/author\/dermival\/\"}]}<\/script>\n<!-- \/ Yoast SEO plugin. -->","yoast_head_json":{"title":"Capital Palmas investe R$ 692 mil em mais de 10 mil metros de cal\u00e7adas com acessibilidade - PORTAL DE NOT\u00cdCIAS CLEITON PINHEIRO","robots":{"index":"index","follow":"follow","max-snippet":"max-snippet:-1","max-image-preview":"max-image-preview:large","max-video-preview":"max-video-preview:-1"},"canonical":"https:\/\/cleitonpinheiro.com.br\/site\/capital-palmas-investe-r-692-mil-em-mais-de-10-mil-metros-de-calcadas-com-acessibilidade\/","og_locale":"pt_BR","og_type":"article","og_title":"Capital Palmas investe R$ 692 mil em mais de 10 mil metros de cal\u00e7adas com acessibilidade - PORTAL DE NOT\u00cdCIAS CLEITON PINHEIRO","og_description":"O Setor Maria Rosa est\u00e1 recebendo melhorias em acessibilidade. Nesta ter\u00e7a-feira, 25, est\u00e3o sendo executadas cal\u00e7adas com rampas por todo per\u00edmetro da pra\u00e7a p\u00fablica do setor. Segundo a Secretaria de Infraestrutura e Servi\u00e7os P\u00fablicos (Seisp), executora das melhorias atrav\u00e9s da Superintend\u00eancia de Obras Civis, desde o in\u00edcio de 2022 at\u00e9 o primeiro trimestre de 2023, [&hellip;]","og_url":"https:\/\/cleitonpinheiro.com.br\/site\/capital-palmas-investe-r-692-mil-em-mais-de-10-mil-metros-de-calcadas-com-acessibilidade\/","og_site_name":"PORTAL DE NOT\u00cdCIAS CLEITON PINHEIRO","article_publisher":"https:\/\/www.facebook.com\/portalcpnoticias\/","article_published_time":"2023-04-25T18:21:33+00:00","article_modified_time":"2023-04-25T18:21:34+00:00","og_image":[{"width":750,"height":450,"url":"https:\/\/cleitonpinheiro.com.br\/site\/wp-content\/uploads\/2023\/04\/Design-sem-nome-40-compressed.jpg","type":"image\/jpeg"}],"author":"Dermival Pereira","twitter_card":"summary_large_image","twitter_misc":{"Escrito por":"Dermival Pereira","Est. tempo de leitura":"2 minutos"},"schema":{"@context":"https:\/\/schema.org","@graph":[{"@type":"Article","@id":"https:\/\/cleitonpinheiro.com.br\/site\/capital-palmas-investe-r-692-mil-em-mais-de-10-mil-metros-de-calcadas-com-acessibilidade\/#article","isPartOf":{"@id":"https:\/\/cleitonpinheiro.com.br\/site\/capital-palmas-investe-r-692-mil-em-mais-de-10-mil-metros-de-calcadas-com-acessibilidade\/"},"author":{"name":"Dermival Pereira","@id":"https:\/\/cleitonpinheiro.com.br\/site\/#\/schema\/person\/aac6d7f311e80c43042e98a900b03cd8"},"headline":"Capital Palmas investe R$ 692 mil em mais de 10 mil metros de cal\u00e7adas com acessibilidade","datePublished":"2023-04-25T18:21:33+00:00","dateModified":"2023-04-25T18:21:34+00:00","mainEntityOfPage":{"@id":"https:\/\/cleitonpinheiro.com.br\/site\/capital-palmas-investe-r-692-mil-em-mais-de-10-mil-metros-de-calcadas-com-acessibilidade\/"},"wordCount":224,"commentCount":0,"publisher":{"@id":"https:\/\/cleitonpinheiro.com.br\/site\/#organization"},"image":{"@id":"https:\/\/cleitonpinheiro.com.br\/site\/capital-palmas-investe-r-692-mil-em-mais-de-10-mil-metros-de-calcadas-com-acessibilidade\/#primaryimage"},"thumbnailUrl":"https:\/\/cleitonpinheiro.com.br\/site\/wp-content\/uploads\/2023\/04\/Design-sem-nome-39-compressed.jpg","articleSection":["CIDADES","MANCHETE SEGUND\u00c1RIA"],"inLanguage":"pt-BR","potentialAction":[{"@type":"CommentAction","name":"Comment","target":["https:\/\/cleitonpinheiro.com.br\/site\/capital-palmas-investe-r-692-mil-em-mais-de-10-mil-metros-de-calcadas-com-acessibilidade\/#respond"]}]},{"@type":"WebPage","@id":"https:\/\/cleitonpinheiro.com.br\/site\/capital-palmas-investe-r-692-mil-em-mais-de-10-mil-metros-de-calcadas-com-acessibilidade\/","url":"https:\/\/cleitonpinheiro.com.br\/site\/capital-palmas-investe-r-692-mil-em-mais-de-10-mil-metros-de-calcadas-com-acessibilidade\/","name":"Capital Palmas investe R$ 692 mil em mais de 10 mil metros de cal\u00e7adas com acessibilidade - PORTAL DE NOT\u00cdCIAS CLEITON PINHEIRO","isPartOf":{"@id":"https:\/\/cleitonpinheiro.com.br\/site\/#website"},"primaryImageOfPage":{"@id":"https:\/\/cleitonpinheiro.com.br\/site\/capital-palmas-investe-r-692-mil-em-mais-de-10-mil-metros-de-calcadas-com-acessibilidade\/#primaryimage"},"image":{"@id":"https:\/\/cleitonpinheiro.com.br\/site\/capital-palmas-investe-r-692-mil-em-mais-de-10-mil-metros-de-calcadas-com-acessibilidade\/#primaryimage"},"thumbnailUrl":"https:\/\/cleitonpinheiro.com.br\/site\/wp-content\/uploads\/2023\/04\/Design-sem-nome-39-compressed.jpg","datePublished":"2023-04-25T18:21:33+00:00","dateModified":"2023-04-25T18:21:34+00:00","breadcrumb":{"@id":"https:\/\/cleitonpinheiro.com.br\/site\/capital-palmas-investe-r-692-mil-em-mais-de-10-mil-metros-de-calcadas-com-acessibilidade\/#breadcrumb"},"inLanguage":"pt-BR","potentialAction":[{"@type":"ReadAction","target":["https:\/\/cleitonpinheiro.com.br\/site\/capital-palmas-investe-r-692-mil-em-mais-de-10-mil-metros-de-calcadas-com-acessibilidade\/"]}]},{"@type":"ImageObject","inLanguage":"pt-BR","@id":"https:\/\/cleitonpinheiro.com.br\/site\/capital-palmas-investe-r-692-mil-em-mais-de-10-mil-metros-de-calcadas-com-acessibilidade\/#primaryimage","url":"","contentUrl":""},{"@type":"BreadcrumbList","@id":"https:\/\/cleitonpinheiro.com.br\/site\/capital-palmas-investe-r-692-mil-em-mais-de-10-mil-metros-de-calcadas-com-acessibilidade\/#breadcrumb","itemListElement":[{"@type":"ListItem","position":1,"name":"In\u00edcio","item":"https:\/\/cleitonpinheiro.com.br\/site\/"},{"@type":"ListItem","position":2,"name":"Capital Palmas investe R$ 692 mil em mais de 10 mil metros de cal\u00e7adas com acessibilidade"}]},{"@type":"WebSite","@id":"https:\/\/cleitonpinheiro.com.br\/site\/#website","url":"https:\/\/cleitonpinheiro.com.br\/site\/","name":"PORTAL DE NOT\u00cdCIAS CLEITON PINHEIRO","description":"FALANDO A VERDADE","publisher":{"@id":"https:\/\/cleitonpinheiro.com.br\/site\/#organization"},"potentialAction":[{"@type":"SearchAction","target":{"@type":"EntryPoint","urlTemplate":"https:\/\/cleitonpinheiro.com.br\/site\/?s={search_term_string}"},"query-input":{"@type":"PropertyValueSpecification","valueRequired":true,"valueName":"search_term_string"}}],"inLanguage":"pt-BR"},{"@type":"Organization","@id":"https:\/\/cleitonpinheiro.com.br\/site\/#organization","name":"CPNOT\u00cdCIAS","url":"https:\/\/cleitonpinheiro.com.br\/site\/","logo":{"@type":"ImageObject","inLanguage":"pt-BR","@id":"https:\/\/cleitonpinheiro.com.br\/site\/#\/schema\/logo\/image\/","url":"https:\/\/cleitonpinheiro.com.br\/site\/wp-content\/uploads\/2022\/08\/Logo-pequena-2.png","contentUrl":"https:\/\/cleitonpinheiro.com.br\/site\/wp-content\/uploads\/2022\/08\/Logo-pequena-2.png","width":500,"height":500,"caption":"CPNOT\u00cdCIAS"},"image":{"@id":"https:\/\/cleitonpinheiro.com.br\/site\/#\/schema\/logo\/image\/"},"sameAs":["https:\/\/www.facebook.com\/portalcpnoticias\/"]},{"@type":"Person","@id":"https:\/\/cleitonpinheiro.com.br\/site\/#\/schema\/person\/aac6d7f311e80c43042e98a900b03cd8","name":"Dermival Pereira","image":{"@type":"ImageObject","inLanguage":"pt-BR","@id":"https:\/\/cleitonpinheiro.com.br\/site\/#\/schema\/person\/image\/","url":"https:\/\/secure.gravatar.com\/avatar\/cfaebf3742d6bf8db728bcba3eed6bee37b02337a2e6c822994f20ca72a3784d?s=96&r=g","contentUrl":"https:\/\/secure.gravatar.com\/avatar\/cfaebf3742d6bf8db728bcba3eed6bee37b02337a2e6c822994f20ca72a3784d?s=96&r=g","caption":"Dermival Pereira"},"url":"https:\/\/cleitonpinheiro.com.br\/site\/author\/dermival\/"}]}},"views":211,"_links":{"self":[{"href":"https:\/\/cleitonpinheiro.com.br\/site\/wp-json\/wp\/v2\/posts\/70551","targetHints":{"allow":["GET"]}}],"collection":[{"href":"https:\/\/cleitonpinheiro.com.br\/site\/wp-json\/wp\/v2\/posts"}],"about":[{"href":"https:\/\/cleitonpinheiro.com.br\/site\/wp-json\/wp\/v2\/types\/post"}],"author":[{"embeddable":true,"href":"https:\/\/cleitonpinheiro.com.br\/site\/wp-json\/wp\/v2\/users\/4"}],"replies":[{"embeddable":true,"href":"https:\/\/cleitonpinheiro.com.br\/site\/wp-json\/wp\/v2\/comments?post=70551"}],"version-history":[{"count":1,"href":"https:\/\/cleitonpinheiro.com.br\/site\/wp-json\/wp\/v2\/posts\/70551\/revisions"}],"predecessor-version":[{"id":70554,"href":"https:\/\/cleitonpinheiro.com.br\/site\/wp-json\/wp\/v2\/posts\/70551\/revisions\/70554"}],"wp:attachment":[{"href":"https:\/\/cleitonpinheiro.com.br\/site\/wp-json\/wp\/v2\/media?parent=70551"}],"wp:term":[{"taxonomy":"category","embeddable":true,"href":"https:\/\/cleitonpinheiro.com.br\/site\/wp-json\/wp\/v2\/categories?post=70551"},{"taxonomy":"post_tag","embeddable":true,"href":"https:\/\/cleitonpinheiro.com.br\/site\/wp-json\/wp\/v2\/tags?post=70551"}],"curies":[{"name":"wp","href":"https:\/\/api.w.org\/{rel}","templated":true}]}}