{"id":70555,"date":"2023-04-25T15:33:52","date_gmt":"2023-04-25T18:33:52","guid":{"rendered":"https:\/\/cleitonpinheiro.com.br\/site\/?p=70555"},"modified":"2023-04-25T15:33:53","modified_gmt":"2023-04-25T18:33:53","slug":"acusado-de-matar-taxista-de-araguaina-e-condenado-a-mais-de-26-anos-de-prisao","status":"publish","type":"post","link":"https:\/\/cleitonpinheiro.com.br\/site\/acusado-de-matar-taxista-de-araguaina-e-condenado-a-mais-de-26-anos-de-prisao\/","title":{"rendered":"Acusado de matar taxista de Aragua\u00edna \u00e9 condenado a mais de 26 anos de pris\u00e3o"},"content":{"rendered":"\n<figure class=\"wp-block-image size-full\"><img decoding=\"async\" src=\"https:\/\/cleitonpinheiro.com.br\/site\/wp-content\/uploads\/2023\/04\/Design-sem-nome-41-compressed.jpg\" alt=\"\" class=\"wp-image-70556\"\/><\/figure>\n\n\n\n<p>Carlos Daniel Ara\u00fajo Pereira, conhecido por \u201cCarlos DG (o tall freii de t\u00e1tico)\u201d, foi condenado a 26 anos e oito meses de reclus\u00e3o pelo crime de roubo seguido de morte do taxista Manoel Ferreira Lima, 67 anos, na zona rural de Piraqu\u00ea. A senten\u00e7a foi proferida na \u00faltima quinta-feira, 20.<\/p>\n\n\n\n<p>Nas alega\u00e7\u00f5es finais, o promotor de Justi\u00e7a Rui Gomes da Silva Neto sustentou e comprovou a ocorr\u00eancia das agravantes de dissimula\u00e7\u00e3o e meio cruel, elevando a pena fixada.<\/p>\n\n\n\n<p>Conforme consta na den\u00fancia, o crime ocorreu no fim da tarde de 1\u00ba de fevereiro de 2022, ocasi\u00e3o em que Carlos Daniel, de forma dissimulada, contratou os servi\u00e7os do taxista para lev\u00e1-lo at\u00e9 o bairro Lago Azul, no munic\u00edpio de Aragua\u00edna.<\/p>\n\n\n\n<p>Durante o trajeto, Carlos Daniel, utilizando-se de uma faca, anunciou o assalto e obrigou Manoel a transport\u00e1-lo at\u00e9 a estrada vicinal que d\u00e1 acesso ao Assentamento Santa Marta, zona rural do munic\u00edpio de Piraqu\u00ea. No local, tomou para si a quantia de R$ 200,00 e um aparelho celular que pertenciam \u00e0 v\u00edtima.<\/p>\n\n\n\n<p>Com o prop\u00f3sito de garantir o roubo, Carlos Daniel desferiu 11 golpes de faca contra o taxista, ocasionando sua morte, crime que chocou a popula\u00e7\u00e3o de Aragua\u00edna e Piraqu\u00ea.&nbsp;<\/p>\n","protected":false},"excerpt":{"rendered":"<p>Carlos Daniel Ara\u00fajo Pereira, conhecido por \u201cCarlos DG (o tall freii de t\u00e1tico)\u201d, foi condenado a 26 anos e oito meses de reclus\u00e3o pelo crime de roubo seguido de morte do taxista Manoel Ferreira Lima, 67 anos, na zona rural de Piraqu\u00ea. A senten\u00e7a foi proferida na \u00faltima quinta-feira, 20. Nas alega\u00e7\u00f5es finais, o promotor [&hellip;]<\/p>\n","protected":false},"author":4,"featured_media":0,"comment_status":"open","ping_status":"open","sticky":false,"template":"","format":"standard","meta":{"_acf_changed":false,"footnotes":""},"categories":[22,898],"tags":[],"class_list":["post-70555","post","type-post","status-publish","format-standard","hentry","category-cidades","category-manchete-segundaria"],"acf":[],"yoast_head":"<!-- This site is optimized with the Yoast SEO plugin v24.4 - https:\/\/yoast.com\/wordpress\/plugins\/seo\/ -->\n<title>Acusado de matar taxista de Aragua\u00edna \u00e9 condenado a mais de 26 anos de pris\u00e3o - PORTAL DE NOT\u00cdCIAS CLEITON PINHEIRO<\/title>\n<meta name=\"robots\" content=\"index, follow, max-snippet:-1, max-image-preview:large, max-video-preview:-1\" \/>\n<link rel=\"canonical\" href=\"https:\/\/cleitonpinheiro.com.br\/site\/acusado-de-matar-taxista-de-araguaina-e-condenado-a-mais-de-26-anos-de-prisao\/\" \/>\n<meta property=\"og:locale\" content=\"pt_BR\" \/>\n<meta property=\"og:type\" content=\"article\" \/>\n<meta property=\"og:title\" content=\"Acusado de matar taxista de Aragua\u00edna \u00e9 condenado a mais de 26 anos de pris\u00e3o - PORTAL DE NOT\u00cdCIAS CLEITON PINHEIRO\" \/>\n<meta property=\"og:description\" content=\"Carlos Daniel Ara\u00fajo Pereira, conhecido por \u201cCarlos DG (o tall freii de t\u00e1tico)\u201d, foi condenado a 26 anos e oito meses de reclus\u00e3o pelo crime de roubo seguido de morte do taxista Manoel Ferreira Lima, 67 anos, na zona rural de Piraqu\u00ea. A senten\u00e7a foi proferida na \u00faltima quinta-feira, 20. Nas alega\u00e7\u00f5es finais, o promotor [&hellip;]\" \/>\n<meta property=\"og:url\" content=\"https:\/\/cleitonpinheiro.com.br\/site\/acusado-de-matar-taxista-de-araguaina-e-condenado-a-mais-de-26-anos-de-prisao\/\" \/>\n<meta property=\"og:site_name\" content=\"PORTAL DE NOT\u00cdCIAS CLEITON PINHEIRO\" \/>\n<meta property=\"article:publisher\" content=\"https:\/\/www.facebook.com\/portalcpnoticias\/\" \/>\n<meta property=\"article:published_time\" content=\"2023-04-25T18:33:52+00:00\" \/>\n<meta property=\"article:modified_time\" content=\"2023-04-25T18:33:53+00:00\" \/>\n<meta property=\"og:image\" content=\"https:\/\/cleitonpinheiro.com.br\/site\/wp-content\/uploads\/2023\/04\/Design-sem-nome-41-compressed.jpg\" \/>\n\t<meta property=\"og:image:width\" content=\"750\" \/>\n\t<meta property=\"og:image:height\" content=\"450\" \/>\n\t<meta property=\"og:image:type\" content=\"image\/jpeg\" \/>\n<meta name=\"author\" content=\"Dermival Pereira\" \/>\n<meta name=\"twitter:card\" content=\"summary_large_image\" \/>\n<meta name=\"twitter:label1\" content=\"Escrito por\" \/>\n\t<meta name=\"twitter:data1\" content=\"Dermival Pereira\" \/>\n\t<meta name=\"twitter:label2\" content=\"Est. tempo de leitura\" \/>\n\t<meta name=\"twitter:data2\" content=\"2 minutos\" \/>\n<script type=\"application\/ld+json\" class=\"yoast-schema-graph\">{\"@context\":\"https:\/\/schema.org\",\"@graph\":[{\"@type\":\"Article\",\"@id\":\"https:\/\/cleitonpinheiro.com.br\/site\/acusado-de-matar-taxista-de-araguaina-e-condenado-a-mais-de-26-anos-de-prisao\/#article\",\"isPartOf\":{\"@id\":\"https:\/\/cleitonpinheiro.com.br\/site\/acusado-de-matar-taxista-de-araguaina-e-condenado-a-mais-de-26-anos-de-prisao\/\"},\"author\":{\"name\":\"Dermival Pereira\",\"@id\":\"https:\/\/cleitonpinheiro.com.br\/site\/#\/schema\/person\/aac6d7f311e80c43042e98a900b03cd8\"},\"headline\":\"Acusado de matar taxista de Aragua\u00edna \u00e9 condenado a mais de 26 anos de pris\u00e3o\",\"datePublished\":\"2023-04-25T18:33:52+00:00\",\"dateModified\":\"2023-04-25T18:33:53+00:00\",\"mainEntityOfPage\":{\"@id\":\"https:\/\/cleitonpinheiro.com.br\/site\/acusado-de-matar-taxista-de-araguaina-e-condenado-a-mais-de-26-anos-de-prisao\/\"},\"wordCount\":228,\"commentCount\":0,\"publisher\":{\"@id\":\"https:\/\/cleitonpinheiro.com.br\/site\/#organization\"},\"image\":{\"@id\":\"https:\/\/cleitonpinheiro.com.br\/site\/acusado-de-matar-taxista-de-araguaina-e-condenado-a-mais-de-26-anos-de-prisao\/#primaryimage\"},\"thumbnailUrl\":\"https:\/\/cleitonpinheiro.com.br\/site\/wp-content\/uploads\/2023\/04\/Design-sem-nome-41-compressed.jpg\",\"articleSection\":[\"CIDADES\",\"MANCHETE SEGUND\u00c1RIA\"],\"inLanguage\":\"pt-BR\",\"potentialAction\":[{\"@type\":\"CommentAction\",\"name\":\"Comment\",\"target\":[\"https:\/\/cleitonpinheiro.com.br\/site\/acusado-de-matar-taxista-de-araguaina-e-condenado-a-mais-de-26-anos-de-prisao\/#respond\"]}]},{\"@type\":\"WebPage\",\"@id\":\"https:\/\/cleitonpinheiro.com.br\/site\/acusado-de-matar-taxista-de-araguaina-e-condenado-a-mais-de-26-anos-de-prisao\/\",\"url\":\"https:\/\/cleitonpinheiro.com.br\/site\/acusado-de-matar-taxista-de-araguaina-e-condenado-a-mais-de-26-anos-de-prisao\/\",\"name\":\"Acusado de matar taxista de Aragua\u00edna \u00e9 condenado a mais de 26 anos de pris\u00e3o - PORTAL DE NOT\u00cdCIAS CLEITON PINHEIRO\",\"isPartOf\":{\"@id\":\"https:\/\/cleitonpinheiro.com.br\/site\/#website\"},\"primaryImageOfPage\":{\"@id\":\"https:\/\/cleitonpinheiro.com.br\/site\/acusado-de-matar-taxista-de-araguaina-e-condenado-a-mais-de-26-anos-de-prisao\/#primaryimage\"},\"image\":{\"@id\":\"https:\/\/cleitonpinheiro.com.br\/site\/acusado-de-matar-taxista-de-araguaina-e-condenado-a-mais-de-26-anos-de-prisao\/#primaryimage\"},\"thumbnailUrl\":\"https:\/\/cleitonpinheiro.com.br\/site\/wp-content\/uploads\/2023\/04\/Design-sem-nome-41-compressed.jpg\",\"datePublished\":\"2023-04-25T18:33:52+00:00\",\"dateModified\":\"2023-04-25T18:33:53+00:00\",\"breadcrumb\":{\"@id\":\"https:\/\/cleitonpinheiro.com.br\/site\/acusado-de-matar-taxista-de-araguaina-e-condenado-a-mais-de-26-anos-de-prisao\/#breadcrumb\"},\"inLanguage\":\"pt-BR\",\"potentialAction\":[{\"@type\":\"ReadAction\",\"target\":[\"https:\/\/cleitonpinheiro.com.br\/site\/acusado-de-matar-taxista-de-araguaina-e-condenado-a-mais-de-26-anos-de-prisao\/\"]}]},{\"@type\":\"ImageObject\",\"inLanguage\":\"pt-BR\",\"@id\":\"https:\/\/cleitonpinheiro.com.br\/site\/acusado-de-matar-taxista-de-araguaina-e-condenado-a-mais-de-26-anos-de-prisao\/#primaryimage\",\"url\":\"\",\"contentUrl\":\"\"},{\"@type\":\"BreadcrumbList\",\"@id\":\"https:\/\/cleitonpinheiro.com.br\/site\/acusado-de-matar-taxista-de-araguaina-e-condenado-a-mais-de-26-anos-de-prisao\/#breadcrumb\",\"itemListElement\":[{\"@type\":\"ListItem\",\"position\":1,\"name\":\"In\u00edcio\",\"item\":\"https:\/\/cleitonpinheiro.com.br\/site\/\"},{\"@type\":\"ListItem\",\"position\":2,\"name\":\"Acusado de matar taxista de Aragua\u00edna \u00e9 condenado a mais de 26 anos de pris\u00e3o\"}]},{\"@type\":\"WebSite\",\"@id\":\"https:\/\/cleitonpinheiro.com.br\/site\/#website\",\"url\":\"https:\/\/cleitonpinheiro.com.br\/site\/\",\"name\":\"PORTAL DE NOT\u00cdCIAS CLEITON PINHEIRO\",\"description\":\"FALANDO A VERDADE\",\"publisher\":{\"@id\":\"https:\/\/cleitonpinheiro.com.br\/site\/#organization\"},\"potentialAction\":[{\"@type\":\"SearchAction\",\"target\":{\"@type\":\"EntryPoint\",\"urlTemplate\":\"https:\/\/cleitonpinheiro.com.br\/site\/?s={search_term_string}\"},\"query-input\":{\"@type\":\"PropertyValueSpecification\",\"valueRequired\":true,\"valueName\":\"search_term_string\"}}],\"inLanguage\":\"pt-BR\"},{\"@type\":\"Organization\",\"@id\":\"https:\/\/cleitonpinheiro.com.br\/site\/#organization\",\"name\":\"CPNOT\u00cdCIAS\",\"url\":\"https:\/\/cleitonpinheiro.com.br\/site\/\",\"logo\":{\"@type\":\"ImageObject\",\"inLanguage\":\"pt-BR\",\"@id\":\"https:\/\/cleitonpinheiro.com.br\/site\/#\/schema\/logo\/image\/\",\"url\":\"https:\/\/cleitonpinheiro.com.br\/site\/wp-content\/uploads\/2022\/08\/Logo-pequena-2.png\",\"contentUrl\":\"https:\/\/cleitonpinheiro.com.br\/site\/wp-content\/uploads\/2022\/08\/Logo-pequena-2.png\",\"width\":500,\"height\":500,\"caption\":\"CPNOT\u00cdCIAS\"},\"image\":{\"@id\":\"https:\/\/cleitonpinheiro.com.br\/site\/#\/schema\/logo\/image\/\"},\"sameAs\":[\"https:\/\/www.facebook.com\/portalcpnoticias\/\"]},{\"@type\":\"Person\",\"@id\":\"https:\/\/cleitonpinheiro.com.br\/site\/#\/schema\/person\/aac6d7f311e80c43042e98a900b03cd8\",\"name\":\"Dermival Pereira\",\"image\":{\"@type\":\"ImageObject\",\"inLanguage\":\"pt-BR\",\"@id\":\"https:\/\/cleitonpinheiro.com.br\/site\/#\/schema\/person\/image\/\",\"url\":\"https:\/\/secure.gravatar.com\/avatar\/cfaebf3742d6bf8db728bcba3eed6bee37b02337a2e6c822994f20ca72a3784d?s=96&r=g\",\"contentUrl\":\"https:\/\/secure.gravatar.com\/avatar\/cfaebf3742d6bf8db728bcba3eed6bee37b02337a2e6c822994f20ca72a3784d?s=96&r=g\",\"caption\":\"Dermival Pereira\"},\"url\":\"https:\/\/cleitonpinheiro.com.br\/site\/author\/dermival\/\"}]}<\/script>\n<!-- \/ Yoast SEO plugin. -->","yoast_head_json":{"title":"Acusado de matar taxista de Aragua\u00edna \u00e9 condenado a mais de 26 anos de pris\u00e3o - PORTAL DE NOT\u00cdCIAS CLEITON PINHEIRO","robots":{"index":"index","follow":"follow","max-snippet":"max-snippet:-1","max-image-preview":"max-image-preview:large","max-video-preview":"max-video-preview:-1"},"canonical":"https:\/\/cleitonpinheiro.com.br\/site\/acusado-de-matar-taxista-de-araguaina-e-condenado-a-mais-de-26-anos-de-prisao\/","og_locale":"pt_BR","og_type":"article","og_title":"Acusado de matar taxista de Aragua\u00edna \u00e9 condenado a mais de 26 anos de pris\u00e3o - PORTAL DE NOT\u00cdCIAS CLEITON PINHEIRO","og_description":"Carlos Daniel Ara\u00fajo Pereira, conhecido por \u201cCarlos DG (o tall freii de t\u00e1tico)\u201d, foi condenado a 26 anos e oito meses de reclus\u00e3o pelo crime de roubo seguido de morte do taxista Manoel Ferreira Lima, 67 anos, na zona rural de Piraqu\u00ea. A senten\u00e7a foi proferida na \u00faltima quinta-feira, 20. Nas alega\u00e7\u00f5es finais, o promotor [&hellip;]","og_url":"https:\/\/cleitonpinheiro.com.br\/site\/acusado-de-matar-taxista-de-araguaina-e-condenado-a-mais-de-26-anos-de-prisao\/","og_site_name":"PORTAL DE NOT\u00cdCIAS CLEITON PINHEIRO","article_publisher":"https:\/\/www.facebook.com\/portalcpnoticias\/","article_published_time":"2023-04-25T18:33:52+00:00","article_modified_time":"2023-04-25T18:33:53+00:00","og_image":[{"width":750,"height":450,"url":"https:\/\/cleitonpinheiro.com.br\/site\/wp-content\/uploads\/2023\/04\/Design-sem-nome-41-compressed.jpg","type":"image\/jpeg"}],"author":"Dermival Pereira","twitter_card":"summary_large_image","twitter_misc":{"Escrito por":"Dermival Pereira","Est. tempo de leitura":"2 minutos"},"schema":{"@context":"https:\/\/schema.org","@graph":[{"@type":"Article","@id":"https:\/\/cleitonpinheiro.com.br\/site\/acusado-de-matar-taxista-de-araguaina-e-condenado-a-mais-de-26-anos-de-prisao\/#article","isPartOf":{"@id":"https:\/\/cleitonpinheiro.com.br\/site\/acusado-de-matar-taxista-de-araguaina-e-condenado-a-mais-de-26-anos-de-prisao\/"},"author":{"name":"Dermival Pereira","@id":"https:\/\/cleitonpinheiro.com.br\/site\/#\/schema\/person\/aac6d7f311e80c43042e98a900b03cd8"},"headline":"Acusado de matar taxista de Aragua\u00edna \u00e9 condenado a mais de 26 anos de pris\u00e3o","datePublished":"2023-04-25T18:33:52+00:00","dateModified":"2023-04-25T18:33:53+00:00","mainEntityOfPage":{"@id":"https:\/\/cleitonpinheiro.com.br\/site\/acusado-de-matar-taxista-de-araguaina-e-condenado-a-mais-de-26-anos-de-prisao\/"},"wordCount":228,"commentCount":0,"publisher":{"@id":"https:\/\/cleitonpinheiro.com.br\/site\/#organization"},"image":{"@id":"https:\/\/cleitonpinheiro.com.br\/site\/acusado-de-matar-taxista-de-araguaina-e-condenado-a-mais-de-26-anos-de-prisao\/#primaryimage"},"thumbnailUrl":"https:\/\/cleitonpinheiro.com.br\/site\/wp-content\/uploads\/2023\/04\/Design-sem-nome-41-compressed.jpg","articleSection":["CIDADES","MANCHETE SEGUND\u00c1RIA"],"inLanguage":"pt-BR","potentialAction":[{"@type":"CommentAction","name":"Comment","target":["https:\/\/cleitonpinheiro.com.br\/site\/acusado-de-matar-taxista-de-araguaina-e-condenado-a-mais-de-26-anos-de-prisao\/#respond"]}]},{"@type":"WebPage","@id":"https:\/\/cleitonpinheiro.com.br\/site\/acusado-de-matar-taxista-de-araguaina-e-condenado-a-mais-de-26-anos-de-prisao\/","url":"https:\/\/cleitonpinheiro.com.br\/site\/acusado-de-matar-taxista-de-araguaina-e-condenado-a-mais-de-26-anos-de-prisao\/","name":"Acusado de matar taxista de Aragua\u00edna \u00e9 condenado a mais de 26 anos de pris\u00e3o - PORTAL DE NOT\u00cdCIAS CLEITON PINHEIRO","isPartOf":{"@id":"https:\/\/cleitonpinheiro.com.br\/site\/#website"},"primaryImageOfPage":{"@id":"https:\/\/cleitonpinheiro.com.br\/site\/acusado-de-matar-taxista-de-araguaina-e-condenado-a-mais-de-26-anos-de-prisao\/#primaryimage"},"image":{"@id":"https:\/\/cleitonpinheiro.com.br\/site\/acusado-de-matar-taxista-de-araguaina-e-condenado-a-mais-de-26-anos-de-prisao\/#primaryimage"},"thumbnailUrl":"https:\/\/cleitonpinheiro.com.br\/site\/wp-content\/uploads\/2023\/04\/Design-sem-nome-41-compressed.jpg","datePublished":"2023-04-25T18:33:52+00:00","dateModified":"2023-04-25T18:33:53+00:00","breadcrumb":{"@id":"https:\/\/cleitonpinheiro.com.br\/site\/acusado-de-matar-taxista-de-araguaina-e-condenado-a-mais-de-26-anos-de-prisao\/#breadcrumb"},"inLanguage":"pt-BR","potentialAction":[{"@type":"ReadAction","target":["https:\/\/cleitonpinheiro.com.br\/site\/acusado-de-matar-taxista-de-araguaina-e-condenado-a-mais-de-26-anos-de-prisao\/"]}]},{"@type":"ImageObject","inLanguage":"pt-BR","@id":"https:\/\/cleitonpinheiro.com.br\/site\/acusado-de-matar-taxista-de-araguaina-e-condenado-a-mais-de-26-anos-de-prisao\/#primaryimage","url":"","contentUrl":""},{"@type":"BreadcrumbList","@id":"https:\/\/cleitonpinheiro.com.br\/site\/acusado-de-matar-taxista-de-araguaina-e-condenado-a-mais-de-26-anos-de-prisao\/#breadcrumb","itemListElement":[{"@type":"ListItem","position":1,"name":"In\u00edcio","item":"https:\/\/cleitonpinheiro.com.br\/site\/"},{"@type":"ListItem","position":2,"name":"Acusado de matar taxista de Aragua\u00edna \u00e9 condenado a mais de 26 anos de pris\u00e3o"}]},{"@type":"WebSite","@id":"https:\/\/cleitonpinheiro.com.br\/site\/#website","url":"https:\/\/cleitonpinheiro.com.br\/site\/","name":"PORTAL DE NOT\u00cdCIAS CLEITON PINHEIRO","description":"FALANDO A VERDADE","publisher":{"@id":"https:\/\/cleitonpinheiro.com.br\/site\/#organization"},"potentialAction":[{"@type":"SearchAction","target":{"@type":"EntryPoint","urlTemplate":"https:\/\/cleitonpinheiro.com.br\/site\/?s={search_term_string}"},"query-input":{"@type":"PropertyValueSpecification","valueRequired":true,"valueName":"search_term_string"}}],"inLanguage":"pt-BR"},{"@type":"Organization","@id":"https:\/\/cleitonpinheiro.com.br\/site\/#organization","name":"CPNOT\u00cdCIAS","url":"https:\/\/cleitonpinheiro.com.br\/site\/","logo":{"@type":"ImageObject","inLanguage":"pt-BR","@id":"https:\/\/cleitonpinheiro.com.br\/site\/#\/schema\/logo\/image\/","url":"https:\/\/cleitonpinheiro.com.br\/site\/wp-content\/uploads\/2022\/08\/Logo-pequena-2.png","contentUrl":"https:\/\/cleitonpinheiro.com.br\/site\/wp-content\/uploads\/2022\/08\/Logo-pequena-2.png","width":500,"height":500,"caption":"CPNOT\u00cdCIAS"},"image":{"@id":"https:\/\/cleitonpinheiro.com.br\/site\/#\/schema\/logo\/image\/"},"sameAs":["https:\/\/www.facebook.com\/portalcpnoticias\/"]},{"@type":"Person","@id":"https:\/\/cleitonpinheiro.com.br\/site\/#\/schema\/person\/aac6d7f311e80c43042e98a900b03cd8","name":"Dermival Pereira","image":{"@type":"ImageObject","inLanguage":"pt-BR","@id":"https:\/\/cleitonpinheiro.com.br\/site\/#\/schema\/person\/image\/","url":"https:\/\/secure.gravatar.com\/avatar\/cfaebf3742d6bf8db728bcba3eed6bee37b02337a2e6c822994f20ca72a3784d?s=96&r=g","contentUrl":"https:\/\/secure.gravatar.com\/avatar\/cfaebf3742d6bf8db728bcba3eed6bee37b02337a2e6c822994f20ca72a3784d?s=96&r=g","caption":"Dermival Pereira"},"url":"https:\/\/cleitonpinheiro.com.br\/site\/author\/dermival\/"}]}},"views":207,"_links":{"self":[{"href":"https:\/\/cleitonpinheiro.com.br\/site\/wp-json\/wp\/v2\/posts\/70555","targetHints":{"allow":["GET"]}}],"collection":[{"href":"https:\/\/cleitonpinheiro.com.br\/site\/wp-json\/wp\/v2\/posts"}],"about":[{"href":"https:\/\/cleitonpinheiro.com.br\/site\/wp-json\/wp\/v2\/types\/post"}],"author":[{"embeddable":true,"href":"https:\/\/cleitonpinheiro.com.br\/site\/wp-json\/wp\/v2\/users\/4"}],"replies":[{"embeddable":true,"href":"https:\/\/cleitonpinheiro.com.br\/site\/wp-json\/wp\/v2\/comments?post=70555"}],"version-history":[{"count":1,"href":"https:\/\/cleitonpinheiro.com.br\/site\/wp-json\/wp\/v2\/posts\/70555\/revisions"}],"predecessor-version":[{"id":70557,"href":"https:\/\/cleitonpinheiro.com.br\/site\/wp-json\/wp\/v2\/posts\/70555\/revisions\/70557"}],"wp:attachment":[{"href":"https:\/\/cleitonpinheiro.com.br\/site\/wp-json\/wp\/v2\/media?parent=70555"}],"wp:term":[{"taxonomy":"category","embeddable":true,"href":"https:\/\/cleitonpinheiro.com.br\/site\/wp-json\/wp\/v2\/categories?post=70555"},{"taxonomy":"post_tag","embeddable":true,"href":"https:\/\/cleitonpinheiro.com.br\/site\/wp-json\/wp\/v2\/tags?post=70555"}],"curies":[{"name":"wp","href":"https:\/\/api.w.org\/{rel}","templated":true}]}}