{"id":70560,"date":"2023-04-25T15:51:20","date_gmt":"2023-04-25T18:51:20","guid":{"rendered":"https:\/\/cleitonpinheiro.com.br\/site\/?p=70560"},"modified":"2023-04-25T15:51:21","modified_gmt":"2023-04-25T18:51:21","slug":"lula-amplia-de-quatro-para-seis-anos-prazo-de-pagamento-dos-emprestimos-do-pronampe","status":"publish","type":"post","link":"https:\/\/cleitonpinheiro.com.br\/site\/lula-amplia-de-quatro-para-seis-anos-prazo-de-pagamento-dos-emprestimos-do-pronampe\/","title":{"rendered":"Lula amplia de quatro para seis anos, prazo de pagamento dos empr\u00e9stimos do Pronampe"},"content":{"rendered":"\n<figure class=\"wp-block-gallery has-nested-images columns-default is-cropped wp-block-gallery-1 is-layout-flex wp-block-gallery-is-layout-flex\">\n<figure class=\"wp-block-image size-large\"><img decoding=\"async\" data-id=\"69442\" src=\"https:\/\/cleitonpinheiro.com.br\/site\/wp-content\/uploads\/2023\/03\/Design-sem-nome-2023-03-24T085732-compressed.jpg\" alt=\"\" class=\"wp-image-69442\"\/><\/figure>\n<\/figure>\n\n\n\n<p>As micro e pequenas empresas inscritas no Programa Nacional de Apoio \u00e0s Microempresas e Empresas de Pequeno Porte ganharam um alento para a renegocia\u00e7\u00e3o de pagamentos de empr\u00e9stimos. O Di\u00e1rio Oficial da Uni\u00e3o desta segunda-feira, 24\/4,\u00a0<a href=\"https:\/\/s2304.pressinbound.com\/link.php?code=bDpodHRwcyUzQSUyRiUyRnd3dy5pbi5nb3YuYnIlMkZlbiUyRndlYiUyRmRvdSUyRi0lMkZsZWktbi0xNC41NTQtZGUtMjAtZGUtYWJyaWwtZGUtMjAyMy00Nzg1ODY1MDI6Mzk4MzQyMjEyMzpwb3J0YWxjcG5vdGljaWFzQGdtYWlsLmNvbTpjZWIzN2Y6NDQ=\" target=\"_blank\" rel=\"noreferrer noopener\">trouxe a san\u00e7\u00e3o do presidente Luiz In\u00e1cio Lula da Silva \u00e0 Lei n\u00ba 14.554\/2023<\/a>, que amplia de quatro para seis anos o prazo de pagamento dos empr\u00e9stimos do Programa Nacional de Apoio \u00e0s Microempresas e Empresas de Pequeno Porte (Pronampe).<\/p>\n\n\n\n<p>O programa mant\u00e9m teto de juros mensais (6% mais Selic) e cria um limite m\u00ednimo de car\u00eancia de 12 meses. A lei prev\u00ea ainda que contratos de empr\u00e9stimos celebrados a partir de 2021 podem ser renegociados pelas novas regras, desde que a renegocia\u00e7\u00e3o siga condi\u00e7\u00f5es estabelecidas pelo governo federal.<\/p>\n\n\n\n<p><strong>MOTOR<\/strong>\u00a0&#8211; As MPEs correspondem a 99% das 20 milh\u00f5es de empresas existentes no pa\u00eds, segundo o Mapa de Empresas do Minist\u00e9rio do Desenvolvimento, Ind\u00fastria, Com\u00e9rcio e Servi\u00e7os, atualizado a cada quatro meses. Elas s\u00e3o respons\u00e1veis por 62% da m\u00e3o de obra e por 27% do Produto Interno Bruto (PIB) brasileiro.<\/p>\n\n\n\n<p>Segundo o vice-presidente da Rep\u00fablica e ministro Geraldo Alckmin, o governo brasileiro est\u00e1 comprometido em fortalecer as micro e pequenas empresas, que t\u00eam papel essencial para gerar emprego, renda e sustentar a economia brasileira.<br>&nbsp;<\/p>\n\n\n\n<p>\u201cA amplia\u00e7\u00e3o do prazo de pagamento do Pronampe e a defini\u00e7\u00e3o de um teto de juros mais justo ir\u00e3o ajudar a garantir que essas empresas tenham acesso ao cr\u00e9dito necess\u00e1rio para se recuperarem e crescerem\u201d, afirmou.<\/p>\n\n\n\n<p>As quest\u00f5es do financiamento e do cr\u00e9dito para as MPEs est\u00e3o hoje entre as principais demanda do setor e constam das diretrizes na nova pol\u00edtica nacional que est\u00e1 sendo elaborada pelo MDIC, no \u00e2mbito do F\u00f3rum Permanente das Microempresas e Empresas de Pequeno Porte, reativado pelo governo federal em mar\u00e7o deste ano.<br>&nbsp;<\/p>\n\n\n\n<p>Outros eixos da nova pol\u00edtica das MPEs, que deve ser publicada no in\u00edcio do segundo semestre, s\u00e3o: Capacita\u00e7\u00e3o e Forma\u00e7\u00e3o; Desburocratiza\u00e7\u00e3o e Simplifica\u00e7\u00e3o; Empreendedorismo Individual; Acesso a mercados interno e externo; Competitividade e Produtividade; e Tecnologia e Inova\u00e7\u00e3o.<br>&nbsp;<\/p>\n\n\n\n<p><strong>PRONAMPE &#8211;<\/strong>&nbsp;Criado em 2020, no contexto da retra\u00e7\u00e3o ocasionada pela pandemia da Covid-19, o Pronampe permite opera\u00e7\u00f5es de cr\u00e9dito no limite de 30% do faturamento anual das empresas.<\/p>\n\n\n\n<p>Os empr\u00e9stimos podem ser usados em compra de equipamentos, reformas, despesas operacionais e compra de mercadorias. \u00c9 proibido o uso para distribui\u00e7\u00e3o de lucros.<\/p>\n\n\n\n<p>A contrata\u00e7\u00e3o \u00e9 mais r\u00e1pida que a das linhas tradicionais, j\u00e1 que eventuais inadimpl\u00eancias s\u00e3o cobertas pelo Fundo Garantidor de Opera\u00e7\u00f5es (FGO), e os juros ficam bem abaixo dos praticados no mercado. (<em><strong>Fonte: Secom da Presid\u00eancia da Rep\u00fablica<\/strong><\/em><strong><em>)<\/em><\/strong>.<\/p>\n","protected":false},"excerpt":{"rendered":"<p>As micro e pequenas empresas inscritas no Programa Nacional de Apoio \u00e0s Microempresas e Empresas de Pequeno Porte ganharam um alento para a renegocia\u00e7\u00e3o de pagamentos de empr\u00e9stimos. O Di\u00e1rio Oficial da Uni\u00e3o desta segunda-feira, 24\/4,\u00a0trouxe a san\u00e7\u00e3o do presidente Luiz In\u00e1cio Lula da Silva \u00e0 Lei n\u00ba 14.554\/2023, que amplia de quatro para seis [&hellip;]<\/p>\n","protected":false},"author":4,"featured_media":0,"comment_status":"open","ping_status":"open","sticky":false,"template":"","format":"standard","meta":{"_acf_changed":false,"footnotes":""},"categories":[19,898],"tags":[],"class_list":["post-70560","post","type-post","status-publish","format-standard","hentry","category-brasil-mundo","category-manchete-segundaria"],"acf":[],"yoast_head":"<!-- This site is optimized with the Yoast SEO plugin v24.4 - https:\/\/yoast.com\/wordpress\/plugins\/seo\/ -->\n<title>Lula amplia de quatro para seis anos, prazo de pagamento dos empr\u00e9stimos do Pronampe - PORTAL DE NOT\u00cdCIAS CLEITON PINHEIRO<\/title>\n<meta name=\"robots\" content=\"index, follow, max-snippet:-1, max-image-preview:large, max-video-preview:-1\" \/>\n<link rel=\"canonical\" href=\"https:\/\/cleitonpinheiro.com.br\/site\/lula-amplia-de-quatro-para-seis-anos-prazo-de-pagamento-dos-emprestimos-do-pronampe\/\" \/>\n<meta property=\"og:locale\" content=\"pt_BR\" \/>\n<meta property=\"og:type\" content=\"article\" \/>\n<meta property=\"og:title\" content=\"Lula amplia de quatro para seis anos, prazo de pagamento dos empr\u00e9stimos do Pronampe - PORTAL DE NOT\u00cdCIAS CLEITON PINHEIRO\" \/>\n<meta property=\"og:description\" content=\"As micro e pequenas empresas inscritas no Programa Nacional de Apoio \u00e0s Microempresas e Empresas de Pequeno Porte ganharam um alento para a renegocia\u00e7\u00e3o de pagamentos de empr\u00e9stimos. O Di\u00e1rio Oficial da Uni\u00e3o desta segunda-feira, 24\/4,\u00a0trouxe a san\u00e7\u00e3o do presidente Luiz In\u00e1cio Lula da Silva \u00e0 Lei n\u00ba 14.554\/2023, que amplia de quatro para seis [&hellip;]\" \/>\n<meta property=\"og:url\" content=\"https:\/\/cleitonpinheiro.com.br\/site\/lula-amplia-de-quatro-para-seis-anos-prazo-de-pagamento-dos-emprestimos-do-pronampe\/\" \/>\n<meta property=\"og:site_name\" content=\"PORTAL DE NOT\u00cdCIAS CLEITON PINHEIRO\" \/>\n<meta property=\"article:publisher\" content=\"https:\/\/www.facebook.com\/portalcpnoticias\/\" \/>\n<meta property=\"article:published_time\" content=\"2023-04-25T18:51:20+00:00\" \/>\n<meta property=\"article:modified_time\" content=\"2023-04-25T18:51:21+00:00\" \/>\n<meta property=\"og:image\" content=\"https:\/\/cleitonpinheiro.com.br\/site\/wp-content\/uploads\/2023\/04\/Design-sem-nome-2023-04-06T084941-compressed.jpg\" \/>\n\t<meta property=\"og:image:width\" content=\"750\" \/>\n\t<meta property=\"og:image:height\" content=\"450\" \/>\n\t<meta property=\"og:image:type\" content=\"image\/jpeg\" \/>\n<meta name=\"author\" content=\"Dermival Pereira\" \/>\n<meta name=\"twitter:card\" content=\"summary_large_image\" \/>\n<meta name=\"twitter:label1\" content=\"Escrito por\" \/>\n\t<meta name=\"twitter:data1\" content=\"Dermival Pereira\" \/>\n\t<meta name=\"twitter:label2\" content=\"Est. tempo de leitura\" \/>\n\t<meta name=\"twitter:data2\" content=\"3 minutos\" \/>\n<script type=\"application\/ld+json\" class=\"yoast-schema-graph\">{\"@context\":\"https:\/\/schema.org\",\"@graph\":[{\"@type\":\"Article\",\"@id\":\"https:\/\/cleitonpinheiro.com.br\/site\/lula-amplia-de-quatro-para-seis-anos-prazo-de-pagamento-dos-emprestimos-do-pronampe\/#article\",\"isPartOf\":{\"@id\":\"https:\/\/cleitonpinheiro.com.br\/site\/lula-amplia-de-quatro-para-seis-anos-prazo-de-pagamento-dos-emprestimos-do-pronampe\/\"},\"author\":{\"name\":\"Dermival Pereira\",\"@id\":\"https:\/\/cleitonpinheiro.com.br\/site\/#\/schema\/person\/aac6d7f311e80c43042e98a900b03cd8\"},\"headline\":\"Lula amplia de quatro para seis anos, prazo de pagamento dos empr\u00e9stimos do Pronampe\",\"datePublished\":\"2023-04-25T18:51:20+00:00\",\"dateModified\":\"2023-04-25T18:51:21+00:00\",\"mainEntityOfPage\":{\"@id\":\"https:\/\/cleitonpinheiro.com.br\/site\/lula-amplia-de-quatro-para-seis-anos-prazo-de-pagamento-dos-emprestimos-do-pronampe\/\"},\"wordCount\":487,\"commentCount\":0,\"publisher\":{\"@id\":\"https:\/\/cleitonpinheiro.com.br\/site\/#organization\"},\"image\":{\"@id\":\"https:\/\/cleitonpinheiro.com.br\/site\/lula-amplia-de-quatro-para-seis-anos-prazo-de-pagamento-dos-emprestimos-do-pronampe\/#primaryimage\"},\"thumbnailUrl\":\"https:\/\/cleitonpinheiro.com.br\/site\/wp-content\/uploads\/2023\/03\/Design-sem-nome-2023-03-24T085732-compressed.jpg\",\"articleSection\":[\"BRASIL \/ MUNDO\",\"MANCHETE SEGUND\u00c1RIA\"],\"inLanguage\":\"pt-BR\",\"potentialAction\":[{\"@type\":\"CommentAction\",\"name\":\"Comment\",\"target\":[\"https:\/\/cleitonpinheiro.com.br\/site\/lula-amplia-de-quatro-para-seis-anos-prazo-de-pagamento-dos-emprestimos-do-pronampe\/#respond\"]}]},{\"@type\":\"WebPage\",\"@id\":\"https:\/\/cleitonpinheiro.com.br\/site\/lula-amplia-de-quatro-para-seis-anos-prazo-de-pagamento-dos-emprestimos-do-pronampe\/\",\"url\":\"https:\/\/cleitonpinheiro.com.br\/site\/lula-amplia-de-quatro-para-seis-anos-prazo-de-pagamento-dos-emprestimos-do-pronampe\/\",\"name\":\"Lula amplia de quatro para seis anos, prazo de pagamento dos empr\u00e9stimos do Pronampe - PORTAL DE NOT\u00cdCIAS CLEITON PINHEIRO\",\"isPartOf\":{\"@id\":\"https:\/\/cleitonpinheiro.com.br\/site\/#website\"},\"primaryImageOfPage\":{\"@id\":\"https:\/\/cleitonpinheiro.com.br\/site\/lula-amplia-de-quatro-para-seis-anos-prazo-de-pagamento-dos-emprestimos-do-pronampe\/#primaryimage\"},\"image\":{\"@id\":\"https:\/\/cleitonpinheiro.com.br\/site\/lula-amplia-de-quatro-para-seis-anos-prazo-de-pagamento-dos-emprestimos-do-pronampe\/#primaryimage\"},\"thumbnailUrl\":\"https:\/\/cleitonpinheiro.com.br\/site\/wp-content\/uploads\/2023\/03\/Design-sem-nome-2023-03-24T085732-compressed.jpg\",\"datePublished\":\"2023-04-25T18:51:20+00:00\",\"dateModified\":\"2023-04-25T18:51:21+00:00\",\"breadcrumb\":{\"@id\":\"https:\/\/cleitonpinheiro.com.br\/site\/lula-amplia-de-quatro-para-seis-anos-prazo-de-pagamento-dos-emprestimos-do-pronampe\/#breadcrumb\"},\"inLanguage\":\"pt-BR\",\"potentialAction\":[{\"@type\":\"ReadAction\",\"target\":[\"https:\/\/cleitonpinheiro.com.br\/site\/lula-amplia-de-quatro-para-seis-anos-prazo-de-pagamento-dos-emprestimos-do-pronampe\/\"]}]},{\"@type\":\"ImageObject\",\"inLanguage\":\"pt-BR\",\"@id\":\"https:\/\/cleitonpinheiro.com.br\/site\/lula-amplia-de-quatro-para-seis-anos-prazo-de-pagamento-dos-emprestimos-do-pronampe\/#primaryimage\",\"url\":\"\",\"contentUrl\":\"\"},{\"@type\":\"BreadcrumbList\",\"@id\":\"https:\/\/cleitonpinheiro.com.br\/site\/lula-amplia-de-quatro-para-seis-anos-prazo-de-pagamento-dos-emprestimos-do-pronampe\/#breadcrumb\",\"itemListElement\":[{\"@type\":\"ListItem\",\"position\":1,\"name\":\"In\u00edcio\",\"item\":\"https:\/\/cleitonpinheiro.com.br\/site\/\"},{\"@type\":\"ListItem\",\"position\":2,\"name\":\"Lula amplia de quatro para seis anos, prazo de pagamento dos empr\u00e9stimos do Pronampe\"}]},{\"@type\":\"WebSite\",\"@id\":\"https:\/\/cleitonpinheiro.com.br\/site\/#website\",\"url\":\"https:\/\/cleitonpinheiro.com.br\/site\/\",\"name\":\"PORTAL DE NOT\u00cdCIAS CLEITON PINHEIRO\",\"description\":\"FALANDO A VERDADE\",\"publisher\":{\"@id\":\"https:\/\/cleitonpinheiro.com.br\/site\/#organization\"},\"potentialAction\":[{\"@type\":\"SearchAction\",\"target\":{\"@type\":\"EntryPoint\",\"urlTemplate\":\"https:\/\/cleitonpinheiro.com.br\/site\/?s={search_term_string}\"},\"query-input\":{\"@type\":\"PropertyValueSpecification\",\"valueRequired\":true,\"valueName\":\"search_term_string\"}}],\"inLanguage\":\"pt-BR\"},{\"@type\":\"Organization\",\"@id\":\"https:\/\/cleitonpinheiro.com.br\/site\/#organization\",\"name\":\"CPNOT\u00cdCIAS\",\"url\":\"https:\/\/cleitonpinheiro.com.br\/site\/\",\"logo\":{\"@type\":\"ImageObject\",\"inLanguage\":\"pt-BR\",\"@id\":\"https:\/\/cleitonpinheiro.com.br\/site\/#\/schema\/logo\/image\/\",\"url\":\"https:\/\/cleitonpinheiro.com.br\/site\/wp-content\/uploads\/2022\/08\/Logo-pequena-2.png\",\"contentUrl\":\"https:\/\/cleitonpinheiro.com.br\/site\/wp-content\/uploads\/2022\/08\/Logo-pequena-2.png\",\"width\":500,\"height\":500,\"caption\":\"CPNOT\u00cdCIAS\"},\"image\":{\"@id\":\"https:\/\/cleitonpinheiro.com.br\/site\/#\/schema\/logo\/image\/\"},\"sameAs\":[\"https:\/\/www.facebook.com\/portalcpnoticias\/\"]},{\"@type\":\"Person\",\"@id\":\"https:\/\/cleitonpinheiro.com.br\/site\/#\/schema\/person\/aac6d7f311e80c43042e98a900b03cd8\",\"name\":\"Dermival Pereira\",\"image\":{\"@type\":\"ImageObject\",\"inLanguage\":\"pt-BR\",\"@id\":\"https:\/\/cleitonpinheiro.com.br\/site\/#\/schema\/person\/image\/\",\"url\":\"https:\/\/secure.gravatar.com\/avatar\/cfaebf3742d6bf8db728bcba3eed6bee37b02337a2e6c822994f20ca72a3784d?s=96&r=g\",\"contentUrl\":\"https:\/\/secure.gravatar.com\/avatar\/cfaebf3742d6bf8db728bcba3eed6bee37b02337a2e6c822994f20ca72a3784d?s=96&r=g\",\"caption\":\"Dermival Pereira\"},\"url\":\"https:\/\/cleitonpinheiro.com.br\/site\/author\/dermival\/\"}]}<\/script>\n<!-- \/ Yoast SEO plugin. -->","yoast_head_json":{"title":"Lula amplia de quatro para seis anos, prazo de pagamento dos empr\u00e9stimos do Pronampe - PORTAL DE NOT\u00cdCIAS CLEITON PINHEIRO","robots":{"index":"index","follow":"follow","max-snippet":"max-snippet:-1","max-image-preview":"max-image-preview:large","max-video-preview":"max-video-preview:-1"},"canonical":"https:\/\/cleitonpinheiro.com.br\/site\/lula-amplia-de-quatro-para-seis-anos-prazo-de-pagamento-dos-emprestimos-do-pronampe\/","og_locale":"pt_BR","og_type":"article","og_title":"Lula amplia de quatro para seis anos, prazo de pagamento dos empr\u00e9stimos do Pronampe - PORTAL DE NOT\u00cdCIAS CLEITON PINHEIRO","og_description":"As micro e pequenas empresas inscritas no Programa Nacional de Apoio \u00e0s Microempresas e Empresas de Pequeno Porte ganharam um alento para a renegocia\u00e7\u00e3o de pagamentos de empr\u00e9stimos. O Di\u00e1rio Oficial da Uni\u00e3o desta segunda-feira, 24\/4,\u00a0trouxe a san\u00e7\u00e3o do presidente Luiz In\u00e1cio Lula da Silva \u00e0 Lei n\u00ba 14.554\/2023, que amplia de quatro para seis [&hellip;]","og_url":"https:\/\/cleitonpinheiro.com.br\/site\/lula-amplia-de-quatro-para-seis-anos-prazo-de-pagamento-dos-emprestimos-do-pronampe\/","og_site_name":"PORTAL DE NOT\u00cdCIAS CLEITON PINHEIRO","article_publisher":"https:\/\/www.facebook.com\/portalcpnoticias\/","article_published_time":"2023-04-25T18:51:20+00:00","article_modified_time":"2023-04-25T18:51:21+00:00","og_image":[{"width":750,"height":450,"url":"https:\/\/cleitonpinheiro.com.br\/site\/wp-content\/uploads\/2023\/04\/Design-sem-nome-2023-04-06T084941-compressed.jpg","type":"image\/jpeg"}],"author":"Dermival Pereira","twitter_card":"summary_large_image","twitter_misc":{"Escrito por":"Dermival Pereira","Est. tempo de leitura":"3 minutos"},"schema":{"@context":"https:\/\/schema.org","@graph":[{"@type":"Article","@id":"https:\/\/cleitonpinheiro.com.br\/site\/lula-amplia-de-quatro-para-seis-anos-prazo-de-pagamento-dos-emprestimos-do-pronampe\/#article","isPartOf":{"@id":"https:\/\/cleitonpinheiro.com.br\/site\/lula-amplia-de-quatro-para-seis-anos-prazo-de-pagamento-dos-emprestimos-do-pronampe\/"},"author":{"name":"Dermival Pereira","@id":"https:\/\/cleitonpinheiro.com.br\/site\/#\/schema\/person\/aac6d7f311e80c43042e98a900b03cd8"},"headline":"Lula amplia de quatro para seis anos, prazo de pagamento dos empr\u00e9stimos do Pronampe","datePublished":"2023-04-25T18:51:20+00:00","dateModified":"2023-04-25T18:51:21+00:00","mainEntityOfPage":{"@id":"https:\/\/cleitonpinheiro.com.br\/site\/lula-amplia-de-quatro-para-seis-anos-prazo-de-pagamento-dos-emprestimos-do-pronampe\/"},"wordCount":487,"commentCount":0,"publisher":{"@id":"https:\/\/cleitonpinheiro.com.br\/site\/#organization"},"image":{"@id":"https:\/\/cleitonpinheiro.com.br\/site\/lula-amplia-de-quatro-para-seis-anos-prazo-de-pagamento-dos-emprestimos-do-pronampe\/#primaryimage"},"thumbnailUrl":"https:\/\/cleitonpinheiro.com.br\/site\/wp-content\/uploads\/2023\/03\/Design-sem-nome-2023-03-24T085732-compressed.jpg","articleSection":["BRASIL \/ MUNDO","MANCHETE SEGUND\u00c1RIA"],"inLanguage":"pt-BR","potentialAction":[{"@type":"CommentAction","name":"Comment","target":["https:\/\/cleitonpinheiro.com.br\/site\/lula-amplia-de-quatro-para-seis-anos-prazo-de-pagamento-dos-emprestimos-do-pronampe\/#respond"]}]},{"@type":"WebPage","@id":"https:\/\/cleitonpinheiro.com.br\/site\/lula-amplia-de-quatro-para-seis-anos-prazo-de-pagamento-dos-emprestimos-do-pronampe\/","url":"https:\/\/cleitonpinheiro.com.br\/site\/lula-amplia-de-quatro-para-seis-anos-prazo-de-pagamento-dos-emprestimos-do-pronampe\/","name":"Lula amplia de quatro para seis anos, prazo de pagamento dos empr\u00e9stimos do Pronampe - PORTAL DE NOT\u00cdCIAS CLEITON PINHEIRO","isPartOf":{"@id":"https:\/\/cleitonpinheiro.com.br\/site\/#website"},"primaryImageOfPage":{"@id":"https:\/\/cleitonpinheiro.com.br\/site\/lula-amplia-de-quatro-para-seis-anos-prazo-de-pagamento-dos-emprestimos-do-pronampe\/#primaryimage"},"image":{"@id":"https:\/\/cleitonpinheiro.com.br\/site\/lula-amplia-de-quatro-para-seis-anos-prazo-de-pagamento-dos-emprestimos-do-pronampe\/#primaryimage"},"thumbnailUrl":"https:\/\/cleitonpinheiro.com.br\/site\/wp-content\/uploads\/2023\/03\/Design-sem-nome-2023-03-24T085732-compressed.jpg","datePublished":"2023-04-25T18:51:20+00:00","dateModified":"2023-04-25T18:51:21+00:00","breadcrumb":{"@id":"https:\/\/cleitonpinheiro.com.br\/site\/lula-amplia-de-quatro-para-seis-anos-prazo-de-pagamento-dos-emprestimos-do-pronampe\/#breadcrumb"},"inLanguage":"pt-BR","potentialAction":[{"@type":"ReadAction","target":["https:\/\/cleitonpinheiro.com.br\/site\/lula-amplia-de-quatro-para-seis-anos-prazo-de-pagamento-dos-emprestimos-do-pronampe\/"]}]},{"@type":"ImageObject","inLanguage":"pt-BR","@id":"https:\/\/cleitonpinheiro.com.br\/site\/lula-amplia-de-quatro-para-seis-anos-prazo-de-pagamento-dos-emprestimos-do-pronampe\/#primaryimage","url":"","contentUrl":""},{"@type":"BreadcrumbList","@id":"https:\/\/cleitonpinheiro.com.br\/site\/lula-amplia-de-quatro-para-seis-anos-prazo-de-pagamento-dos-emprestimos-do-pronampe\/#breadcrumb","itemListElement":[{"@type":"ListItem","position":1,"name":"In\u00edcio","item":"https:\/\/cleitonpinheiro.com.br\/site\/"},{"@type":"ListItem","position":2,"name":"Lula amplia de quatro para seis anos, prazo de pagamento dos empr\u00e9stimos do Pronampe"}]},{"@type":"WebSite","@id":"https:\/\/cleitonpinheiro.com.br\/site\/#website","url":"https:\/\/cleitonpinheiro.com.br\/site\/","name":"PORTAL DE NOT\u00cdCIAS CLEITON PINHEIRO","description":"FALANDO A VERDADE","publisher":{"@id":"https:\/\/cleitonpinheiro.com.br\/site\/#organization"},"potentialAction":[{"@type":"SearchAction","target":{"@type":"EntryPoint","urlTemplate":"https:\/\/cleitonpinheiro.com.br\/site\/?s={search_term_string}"},"query-input":{"@type":"PropertyValueSpecification","valueRequired":true,"valueName":"search_term_string"}}],"inLanguage":"pt-BR"},{"@type":"Organization","@id":"https:\/\/cleitonpinheiro.com.br\/site\/#organization","name":"CPNOT\u00cdCIAS","url":"https:\/\/cleitonpinheiro.com.br\/site\/","logo":{"@type":"ImageObject","inLanguage":"pt-BR","@id":"https:\/\/cleitonpinheiro.com.br\/site\/#\/schema\/logo\/image\/","url":"https:\/\/cleitonpinheiro.com.br\/site\/wp-content\/uploads\/2022\/08\/Logo-pequena-2.png","contentUrl":"https:\/\/cleitonpinheiro.com.br\/site\/wp-content\/uploads\/2022\/08\/Logo-pequena-2.png","width":500,"height":500,"caption":"CPNOT\u00cdCIAS"},"image":{"@id":"https:\/\/cleitonpinheiro.com.br\/site\/#\/schema\/logo\/image\/"},"sameAs":["https:\/\/www.facebook.com\/portalcpnoticias\/"]},{"@type":"Person","@id":"https:\/\/cleitonpinheiro.com.br\/site\/#\/schema\/person\/aac6d7f311e80c43042e98a900b03cd8","name":"Dermival Pereira","image":{"@type":"ImageObject","inLanguage":"pt-BR","@id":"https:\/\/cleitonpinheiro.com.br\/site\/#\/schema\/person\/image\/","url":"https:\/\/secure.gravatar.com\/avatar\/cfaebf3742d6bf8db728bcba3eed6bee37b02337a2e6c822994f20ca72a3784d?s=96&r=g","contentUrl":"https:\/\/secure.gravatar.com\/avatar\/cfaebf3742d6bf8db728bcba3eed6bee37b02337a2e6c822994f20ca72a3784d?s=96&r=g","caption":"Dermival Pereira"},"url":"https:\/\/cleitonpinheiro.com.br\/site\/author\/dermival\/"}]}},"views":253,"_links":{"self":[{"href":"https:\/\/cleitonpinheiro.com.br\/site\/wp-json\/wp\/v2\/posts\/70560","targetHints":{"allow":["GET"]}}],"collection":[{"href":"https:\/\/cleitonpinheiro.com.br\/site\/wp-json\/wp\/v2\/posts"}],"about":[{"href":"https:\/\/cleitonpinheiro.com.br\/site\/wp-json\/wp\/v2\/types\/post"}],"author":[{"embeddable":true,"href":"https:\/\/cleitonpinheiro.com.br\/site\/wp-json\/wp\/v2\/users\/4"}],"replies":[{"embeddable":true,"href":"https:\/\/cleitonpinheiro.com.br\/site\/wp-json\/wp\/v2\/comments?post=70560"}],"version-history":[{"count":1,"href":"https:\/\/cleitonpinheiro.com.br\/site\/wp-json\/wp\/v2\/posts\/70560\/revisions"}],"predecessor-version":[{"id":70561,"href":"https:\/\/cleitonpinheiro.com.br\/site\/wp-json\/wp\/v2\/posts\/70560\/revisions\/70561"}],"wp:attachment":[{"href":"https:\/\/cleitonpinheiro.com.br\/site\/wp-json\/wp\/v2\/media?parent=70560"}],"wp:term":[{"taxonomy":"category","embeddable":true,"href":"https:\/\/cleitonpinheiro.com.br\/site\/wp-json\/wp\/v2\/categories?post=70560"},{"taxonomy":"post_tag","embeddable":true,"href":"https:\/\/cleitonpinheiro.com.br\/site\/wp-json\/wp\/v2\/tags?post=70560"}],"curies":[{"name":"wp","href":"https:\/\/api.w.org\/{rel}","templated":true}]}}