{"id":70571,"date":"2023-04-25T21:15:57","date_gmt":"2023-04-26T00:15:57","guid":{"rendered":"https:\/\/cleitonpinheiro.com.br\/site\/?p=70571"},"modified":"2023-04-25T21:15:58","modified_gmt":"2023-04-26T00:15:58","slug":"roberto-pires-e-reeleito-por-unanimidade-a-presidencia-da-fieto-para-gestao-2024-2028","status":"publish","type":"post","link":"https:\/\/cleitonpinheiro.com.br\/site\/roberto-pires-e-reeleito-por-unanimidade-a-presidencia-da-fieto-para-gestao-2024-2028\/","title":{"rendered":"Roberto Pires \u00e9 reeleito por unanimidade \u00e0 presid\u00eancia da FIETO para gest\u00e3o 2024\/2028"},"content":{"rendered":"\n<figure class=\"wp-block-image size-full is-resized\"><img fetchpriority=\"high\" decoding=\"async\" src=\"https:\/\/cleitonpinheiro.com.br\/site\/wp-content\/uploads\/2023\/04\/Design-sem-nome-44-compressed.jpg\" alt=\"\" class=\"wp-image-70572\" width=\"1023\" height=\"614\"\/><figcaption class=\"wp-element-caption\">Foto: Victor Hiroshi\/Ascom da Fieto Tocantins<\/figcaption><\/figure>\n\n\n\n<p>Os representantes dos doze sindicatos patronais filiados \u00e0 Federa\u00e7\u00e3o das Ind\u00fastrias do Estado do Tocantins (FIETO) confirmaram nesta ter\u00e7a-feira, 25\/04, em elei\u00e7\u00e3o com resultado un\u00e2nime realizada na sede da institui\u00e7\u00e3o em Palmas, a recondu\u00e7\u00e3o do atual presidente, empres\u00e1rio Roberto Pires, para sua 4\u00aa gest\u00e3o. O atual mandato finaliza no m\u00eas de mar\u00e7o de 2024.<\/p>\n\n\n\n<p>\u00c0 frente da Federa\u00e7\u00e3o, Pires ampliou a capacidade instalada e de atendimento \u00e0 ind\u00fastria ao inaugurar 6 novas escolas (3 de Constru\u00e7\u00e3o Civil \u2013 Palmas, Aragua\u00edna e Gurupi, 1 Centro de Educa\u00e7\u00e3o e Tecnologia \u2013 Palmas e 2 Centros de Forma\u00e7\u00e3o Profissional \u2013 Taquaralto e Para\u00edso) e 1 nova unidade (SESI Esporte \u2013 Palmas). Para a nova gest\u00e3o, as prioridades ser\u00e3o os investimentos na \u00e1rea de educa\u00e7\u00e3o.<\/p>\n\n\n\n<p>\u201cA recondu\u00e7\u00e3o mostra que nosso trabalho est\u00e1 alinhado com a base industrial de nosso estado representada pelos 12 sindicatos que nos deram mais um voto de confian\u00e7a. Nosso plano \u00e9 continuar trabalhando para concluirmos importantes entregas como as modernas escolas do SESI em Palmas, Aragua\u00edna e Gurupi que somam ao legado de desenvolvimento industrial que esta diretoria eleita busca construir neste estado\u201d, disse o presidente Roberto Pires.<\/p>\n\n\n\n<p>Com 56 anos, Roberto Magno Martins Pires \u00e9 empres\u00e1rio com neg\u00f3cios nos segmentos da constru\u00e7\u00e3o civil, imobili\u00e1rio, hotelaria, agropecu\u00e1ria e de concession\u00e1ria de ve\u00edculos. Foi presidente do Sindicato das Ind\u00fastrias da Constru\u00e7\u00e3o Civil do Estado do Tocantins (SINDUSCON\/TO) em 2 gest\u00f5es e, a partir de outubro de 2009, Roberto Pires assumiu a presid\u00eancia da Federa\u00e7\u00e3o das Ind\u00fastrias do Estado do Tocantins (FIETO).<\/p>\n\n\n\n<p>Foi eleito por unanimidade presidente da FIETO por quatro mandatos (quadri\u00eanios 2012\/2016, 2016\/2020, 2020\/2024 e 2024\/2028). \u00c9 presidente do Conselho do SENAI\/TO, diretor Regional do SESI\/TO e diretor do N\u00facleo Regional do IEL\/TO. \u00c9 diretor e integrante do Conselho de Representantes da Confedera\u00e7\u00e3o Nacional da Ind\u00fastria (CNI). Em 2022, foi eleito presidente da A\u00e7\u00e3o Pr\u00f3-Amaz\u00f4nia, associa\u00e7\u00e3o que re\u00fane os 9 estados membros da Amaz\u00f4nia Legal.<\/p>\n\n\n\n<p>Confira a composi\u00e7\u00e3o da diretoria eleita:<\/p>\n\n\n\n<p><strong>DIRETORIA DA FIETO \u2013 QUADRI\u00caNIO 2024\/2028<\/strong><\/p>\n\n\n\n<p>Presidente: Roberto Magno Martins Pires<\/p>\n\n\n\n<p>Vice-Presidente Executivo: Bartolom\u00e9 Alba Garcia<\/p>\n\n\n\n<p>Vice-Presidente Executivo: Carlos Augusto Suzana<\/p>\n\n\n\n<p>Vice-Presidente Executivo: Carlos Wagno Milhomem<\/p>\n\n\n\n<p>Vice-Presidente Executivo: Emilson Vieira Santos<\/p>\n\n\n\n<p>Vice-Presidente Executivo: Esequiel de Sousa Milhomem<\/p>\n\n\n\n<p>Vice-Presidente Executivo: Gliner de Souza Borges<\/p>\n\n\n\n<p>Vice-Presidente Executivo: Maria Elieth Jos\u00e9 Ant\u00f4nio Lobo<\/p>\n\n\n\n<p>Vice-Presidente Executivo: M\u00e1rio de Castro Pillar<\/p>\n\n\n\n<p>Vice-Presidente Executivo: Oswaldo Stival Junior<\/p>\n\n\n\n<p>Vice-Presidente Executivo: Tiago Arruda Ferreira<\/p>\n\n\n\n<p>Primeiro Secret\u00e1rio: Charles Alberto Elias<\/p>\n\n\n\n<p>Segundo Secret\u00e1rio: Claudizete Carneiro Santos<\/p>\n\n\n\n<p>Primeiro Tesoureiro: Walter Atta Rodrigues Bittencourt J\u00fanior<\/p>\n\n\n\n<p>Segundo Tesoureiro: Geov\u00e1 Pereira de Mendon\u00e7a<\/p>\n\n\n\n<p>Suplente da Diretoria: Cabral Santos Gon\u00e7alves<\/p>\n\n\n\n<p>Suplente da Diretoria: C\u00edcero Bento da Silva<\/p>\n\n\n\n<p>Suplente da Diretoria: Diego Teodoro Carvalho Alba Garcia<\/p>\n\n\n\n<p>Suplente da Diretoria: R\u00f4mulo Mota Xavier de Oliveira<\/p>\n\n\n\n<p>Suplente da Diretoria: Gilberto Vieira Fernandes<\/p>\n\n\n\n<p>Suplente da Diretoria: Jacques Jos\u00e9 de Barros<\/p>\n\n\n\n<p>Suplente da Diretoria: Jos\u00e9 Febr\u00f4nio da Silva<\/p>\n\n\n\n<p>Suplente da Diretoria: Luciano de Carvalho Rocha<\/p>\n\n\n\n<p>Suplente da Diretoria: Luiz Carlos Alves de Oliveira<\/p>\n\n\n\n<p>Suplente da Diretoria: Wilmar Oliveira de Bastos<\/p>\n\n\n\n<p><strong>CONSELHO FISCAL<\/strong><\/p>\n\n\n\n<p>Efetivo: C\u00edcero Bento da Silva<\/p>\n\n\n\n<p>Efetivo: Diego Teodoro Carvalho Alba Garcia<\/p>\n\n\n\n<p>Efetivo: Walter Atta Rodrigues Bittencourt J\u00fanior<\/p>\n\n\n\n<p>Suplente: Jos\u00e9 de Souza Vasque<\/p>\n\n\n\n<p>Suplente: Luciano de Carvalho Rocha<\/p>\n\n\n\n<p>Suplente: Cristiano Fantine Rezende<\/p>\n\n\n\n<p><strong>REPRESENTANTES JUNTO \u00c0 CNI<\/strong><\/p>\n\n\n\n<p>Efetivo: Roberto Magno Martins Pires<\/p>\n\n\n\n<p>Efetivo: S\u00e9rgio Carlos Ferreira Tavares<\/p>\n\n\n\n<p>Suplente: Carlos Augusto Suzana<\/p>\n\n\n\n<p>Suplente: Charles Alberto Elias<\/p>\n","protected":false},"excerpt":{"rendered":"<p>Os representantes dos doze sindicatos patronais filiados \u00e0 Federa\u00e7\u00e3o das Ind\u00fastrias do Estado do Tocantins (FIETO) confirmaram nesta ter\u00e7a-feira, 25\/04, em elei\u00e7\u00e3o com resultado un\u00e2nime realizada na sede da institui\u00e7\u00e3o em Palmas, a recondu\u00e7\u00e3o do atual presidente, empres\u00e1rio Roberto Pires, para sua 4\u00aa gest\u00e3o. O atual mandato finaliza no m\u00eas de mar\u00e7o de 2024. \u00c0 [&hellip;]<\/p>\n","protected":false},"author":4,"featured_media":0,"comment_status":"open","ping_status":"open","sticky":false,"template":"","format":"standard","meta":{"_acf_changed":false,"footnotes":""},"categories":[8,898],"tags":[],"class_list":["post-70571","post","type-post","status-publish","format-standard","hentry","category-estado","category-manchete-segundaria"],"acf":[],"yoast_head":"<!-- This site is optimized with the Yoast SEO plugin v24.4 - https:\/\/yoast.com\/wordpress\/plugins\/seo\/ -->\n<title>Roberto Pires \u00e9 reeleito por unanimidade \u00e0 presid\u00eancia da FIETO para gest\u00e3o 2024\/2028 - PORTAL DE NOT\u00cdCIAS CLEITON PINHEIRO<\/title>\n<meta name=\"robots\" content=\"index, follow, max-snippet:-1, max-image-preview:large, max-video-preview:-1\" \/>\n<link rel=\"canonical\" href=\"https:\/\/cleitonpinheiro.com.br\/site\/roberto-pires-e-reeleito-por-unanimidade-a-presidencia-da-fieto-para-gestao-2024-2028\/\" \/>\n<meta property=\"og:locale\" content=\"pt_BR\" \/>\n<meta property=\"og:type\" content=\"article\" \/>\n<meta property=\"og:title\" content=\"Roberto Pires \u00e9 reeleito por unanimidade \u00e0 presid\u00eancia da FIETO para gest\u00e3o 2024\/2028 - PORTAL DE NOT\u00cdCIAS CLEITON PINHEIRO\" \/>\n<meta property=\"og:description\" content=\"Os representantes dos doze sindicatos patronais filiados \u00e0 Federa\u00e7\u00e3o das Ind\u00fastrias do Estado do Tocantins (FIETO) confirmaram nesta ter\u00e7a-feira, 25\/04, em elei\u00e7\u00e3o com resultado un\u00e2nime realizada na sede da institui\u00e7\u00e3o em Palmas, a recondu\u00e7\u00e3o do atual presidente, empres\u00e1rio Roberto Pires, para sua 4\u00aa gest\u00e3o. O atual mandato finaliza no m\u00eas de mar\u00e7o de 2024. \u00c0 [&hellip;]\" \/>\n<meta property=\"og:url\" content=\"https:\/\/cleitonpinheiro.com.br\/site\/roberto-pires-e-reeleito-por-unanimidade-a-presidencia-da-fieto-para-gestao-2024-2028\/\" \/>\n<meta property=\"og:site_name\" content=\"PORTAL DE NOT\u00cdCIAS CLEITON PINHEIRO\" \/>\n<meta property=\"article:publisher\" content=\"https:\/\/www.facebook.com\/portalcpnoticias\/\" \/>\n<meta property=\"article:published_time\" content=\"2023-04-26T00:15:57+00:00\" \/>\n<meta property=\"article:modified_time\" content=\"2023-04-26T00:15:58+00:00\" \/>\n<meta property=\"og:image\" content=\"https:\/\/cleitonpinheiro.com.br\/site\/wp-content\/uploads\/2023\/04\/Design-sem-nome-44-compressed.jpg\" \/>\n\t<meta property=\"og:image:width\" content=\"750\" \/>\n\t<meta property=\"og:image:height\" content=\"450\" \/>\n\t<meta property=\"og:image:type\" content=\"image\/jpeg\" \/>\n<meta name=\"author\" content=\"Dermival Pereira\" \/>\n<meta name=\"twitter:card\" content=\"summary_large_image\" \/>\n<meta name=\"twitter:label1\" content=\"Escrito por\" \/>\n\t<meta name=\"twitter:data1\" content=\"Dermival Pereira\" \/>\n\t<meta name=\"twitter:label2\" content=\"Est. tempo de leitura\" \/>\n\t<meta name=\"twitter:data2\" content=\"4 minutos\" \/>\n<script type=\"application\/ld+json\" class=\"yoast-schema-graph\">{\"@context\":\"https:\/\/schema.org\",\"@graph\":[{\"@type\":\"Article\",\"@id\":\"https:\/\/cleitonpinheiro.com.br\/site\/roberto-pires-e-reeleito-por-unanimidade-a-presidencia-da-fieto-para-gestao-2024-2028\/#article\",\"isPartOf\":{\"@id\":\"https:\/\/cleitonpinheiro.com.br\/site\/roberto-pires-e-reeleito-por-unanimidade-a-presidencia-da-fieto-para-gestao-2024-2028\/\"},\"author\":{\"name\":\"Dermival Pereira\",\"@id\":\"https:\/\/cleitonpinheiro.com.br\/site\/#\/schema\/person\/aac6d7f311e80c43042e98a900b03cd8\"},\"headline\":\"Roberto Pires \u00e9 reeleito por unanimidade \u00e0 presid\u00eancia da FIETO para gest\u00e3o 2024\/2028\",\"datePublished\":\"2023-04-26T00:15:57+00:00\",\"dateModified\":\"2023-04-26T00:15:58+00:00\",\"mainEntityOfPage\":{\"@id\":\"https:\/\/cleitonpinheiro.com.br\/site\/roberto-pires-e-reeleito-por-unanimidade-a-presidencia-da-fieto-para-gestao-2024-2028\/\"},\"wordCount\":589,\"commentCount\":0,\"publisher\":{\"@id\":\"https:\/\/cleitonpinheiro.com.br\/site\/#organization\"},\"image\":{\"@id\":\"https:\/\/cleitonpinheiro.com.br\/site\/roberto-pires-e-reeleito-por-unanimidade-a-presidencia-da-fieto-para-gestao-2024-2028\/#primaryimage\"},\"thumbnailUrl\":\"https:\/\/cleitonpinheiro.com.br\/site\/wp-content\/uploads\/2023\/04\/Design-sem-nome-44-compressed.jpg\",\"articleSection\":[\"ESTADO\",\"MANCHETE SEGUND\u00c1RIA\"],\"inLanguage\":\"pt-BR\",\"potentialAction\":[{\"@type\":\"CommentAction\",\"name\":\"Comment\",\"target\":[\"https:\/\/cleitonpinheiro.com.br\/site\/roberto-pires-e-reeleito-por-unanimidade-a-presidencia-da-fieto-para-gestao-2024-2028\/#respond\"]}]},{\"@type\":\"WebPage\",\"@id\":\"https:\/\/cleitonpinheiro.com.br\/site\/roberto-pires-e-reeleito-por-unanimidade-a-presidencia-da-fieto-para-gestao-2024-2028\/\",\"url\":\"https:\/\/cleitonpinheiro.com.br\/site\/roberto-pires-e-reeleito-por-unanimidade-a-presidencia-da-fieto-para-gestao-2024-2028\/\",\"name\":\"Roberto Pires \u00e9 reeleito por unanimidade \u00e0 presid\u00eancia da FIETO para gest\u00e3o 2024\/2028 - PORTAL DE NOT\u00cdCIAS CLEITON PINHEIRO\",\"isPartOf\":{\"@id\":\"https:\/\/cleitonpinheiro.com.br\/site\/#website\"},\"primaryImageOfPage\":{\"@id\":\"https:\/\/cleitonpinheiro.com.br\/site\/roberto-pires-e-reeleito-por-unanimidade-a-presidencia-da-fieto-para-gestao-2024-2028\/#primaryimage\"},\"image\":{\"@id\":\"https:\/\/cleitonpinheiro.com.br\/site\/roberto-pires-e-reeleito-por-unanimidade-a-presidencia-da-fieto-para-gestao-2024-2028\/#primaryimage\"},\"thumbnailUrl\":\"https:\/\/cleitonpinheiro.com.br\/site\/wp-content\/uploads\/2023\/04\/Design-sem-nome-44-compressed.jpg\",\"datePublished\":\"2023-04-26T00:15:57+00:00\",\"dateModified\":\"2023-04-26T00:15:58+00:00\",\"breadcrumb\":{\"@id\":\"https:\/\/cleitonpinheiro.com.br\/site\/roberto-pires-e-reeleito-por-unanimidade-a-presidencia-da-fieto-para-gestao-2024-2028\/#breadcrumb\"},\"inLanguage\":\"pt-BR\",\"potentialAction\":[{\"@type\":\"ReadAction\",\"target\":[\"https:\/\/cleitonpinheiro.com.br\/site\/roberto-pires-e-reeleito-por-unanimidade-a-presidencia-da-fieto-para-gestao-2024-2028\/\"]}]},{\"@type\":\"ImageObject\",\"inLanguage\":\"pt-BR\",\"@id\":\"https:\/\/cleitonpinheiro.com.br\/site\/roberto-pires-e-reeleito-por-unanimidade-a-presidencia-da-fieto-para-gestao-2024-2028\/#primaryimage\",\"url\":\"\",\"contentUrl\":\"\"},{\"@type\":\"BreadcrumbList\",\"@id\":\"https:\/\/cleitonpinheiro.com.br\/site\/roberto-pires-e-reeleito-por-unanimidade-a-presidencia-da-fieto-para-gestao-2024-2028\/#breadcrumb\",\"itemListElement\":[{\"@type\":\"ListItem\",\"position\":1,\"name\":\"In\u00edcio\",\"item\":\"https:\/\/cleitonpinheiro.com.br\/site\/\"},{\"@type\":\"ListItem\",\"position\":2,\"name\":\"Roberto Pires \u00e9 reeleito por unanimidade \u00e0 presid\u00eancia da FIETO para gest\u00e3o 2024\/2028\"}]},{\"@type\":\"WebSite\",\"@id\":\"https:\/\/cleitonpinheiro.com.br\/site\/#website\",\"url\":\"https:\/\/cleitonpinheiro.com.br\/site\/\",\"name\":\"PORTAL DE NOT\u00cdCIAS CLEITON PINHEIRO\",\"description\":\"FALANDO A VERDADE\",\"publisher\":{\"@id\":\"https:\/\/cleitonpinheiro.com.br\/site\/#organization\"},\"potentialAction\":[{\"@type\":\"SearchAction\",\"target\":{\"@type\":\"EntryPoint\",\"urlTemplate\":\"https:\/\/cleitonpinheiro.com.br\/site\/?s={search_term_string}\"},\"query-input\":{\"@type\":\"PropertyValueSpecification\",\"valueRequired\":true,\"valueName\":\"search_term_string\"}}],\"inLanguage\":\"pt-BR\"},{\"@type\":\"Organization\",\"@id\":\"https:\/\/cleitonpinheiro.com.br\/site\/#organization\",\"name\":\"CPNOT\u00cdCIAS\",\"url\":\"https:\/\/cleitonpinheiro.com.br\/site\/\",\"logo\":{\"@type\":\"ImageObject\",\"inLanguage\":\"pt-BR\",\"@id\":\"https:\/\/cleitonpinheiro.com.br\/site\/#\/schema\/logo\/image\/\",\"url\":\"https:\/\/cleitonpinheiro.com.br\/site\/wp-content\/uploads\/2022\/08\/Logo-pequena-2.png\",\"contentUrl\":\"https:\/\/cleitonpinheiro.com.br\/site\/wp-content\/uploads\/2022\/08\/Logo-pequena-2.png\",\"width\":500,\"height\":500,\"caption\":\"CPNOT\u00cdCIAS\"},\"image\":{\"@id\":\"https:\/\/cleitonpinheiro.com.br\/site\/#\/schema\/logo\/image\/\"},\"sameAs\":[\"https:\/\/www.facebook.com\/portalcpnoticias\/\"]},{\"@type\":\"Person\",\"@id\":\"https:\/\/cleitonpinheiro.com.br\/site\/#\/schema\/person\/aac6d7f311e80c43042e98a900b03cd8\",\"name\":\"Dermival Pereira\",\"image\":{\"@type\":\"ImageObject\",\"inLanguage\":\"pt-BR\",\"@id\":\"https:\/\/cleitonpinheiro.com.br\/site\/#\/schema\/person\/image\/\",\"url\":\"https:\/\/secure.gravatar.com\/avatar\/cfaebf3742d6bf8db728bcba3eed6bee37b02337a2e6c822994f20ca72a3784d?s=96&r=g\",\"contentUrl\":\"https:\/\/secure.gravatar.com\/avatar\/cfaebf3742d6bf8db728bcba3eed6bee37b02337a2e6c822994f20ca72a3784d?s=96&r=g\",\"caption\":\"Dermival Pereira\"},\"url\":\"https:\/\/cleitonpinheiro.com.br\/site\/author\/dermival\/\"}]}<\/script>\n<!-- \/ Yoast SEO plugin. -->","yoast_head_json":{"title":"Roberto Pires \u00e9 reeleito por unanimidade \u00e0 presid\u00eancia da FIETO para gest\u00e3o 2024\/2028 - PORTAL DE NOT\u00cdCIAS CLEITON PINHEIRO","robots":{"index":"index","follow":"follow","max-snippet":"max-snippet:-1","max-image-preview":"max-image-preview:large","max-video-preview":"max-video-preview:-1"},"canonical":"https:\/\/cleitonpinheiro.com.br\/site\/roberto-pires-e-reeleito-por-unanimidade-a-presidencia-da-fieto-para-gestao-2024-2028\/","og_locale":"pt_BR","og_type":"article","og_title":"Roberto Pires \u00e9 reeleito por unanimidade \u00e0 presid\u00eancia da FIETO para gest\u00e3o 2024\/2028 - PORTAL DE NOT\u00cdCIAS CLEITON PINHEIRO","og_description":"Os representantes dos doze sindicatos patronais filiados \u00e0 Federa\u00e7\u00e3o das Ind\u00fastrias do Estado do Tocantins (FIETO) confirmaram nesta ter\u00e7a-feira, 25\/04, em elei\u00e7\u00e3o com resultado un\u00e2nime realizada na sede da institui\u00e7\u00e3o em Palmas, a recondu\u00e7\u00e3o do atual presidente, empres\u00e1rio Roberto Pires, para sua 4\u00aa gest\u00e3o. O atual mandato finaliza no m\u00eas de mar\u00e7o de 2024. \u00c0 [&hellip;]","og_url":"https:\/\/cleitonpinheiro.com.br\/site\/roberto-pires-e-reeleito-por-unanimidade-a-presidencia-da-fieto-para-gestao-2024-2028\/","og_site_name":"PORTAL DE NOT\u00cdCIAS CLEITON PINHEIRO","article_publisher":"https:\/\/www.facebook.com\/portalcpnoticias\/","article_published_time":"2023-04-26T00:15:57+00:00","article_modified_time":"2023-04-26T00:15:58+00:00","og_image":[{"width":750,"height":450,"url":"https:\/\/cleitonpinheiro.com.br\/site\/wp-content\/uploads\/2023\/04\/Design-sem-nome-44-compressed.jpg","type":"image\/jpeg"}],"author":"Dermival Pereira","twitter_card":"summary_large_image","twitter_misc":{"Escrito por":"Dermival Pereira","Est. tempo de leitura":"4 minutos"},"schema":{"@context":"https:\/\/schema.org","@graph":[{"@type":"Article","@id":"https:\/\/cleitonpinheiro.com.br\/site\/roberto-pires-e-reeleito-por-unanimidade-a-presidencia-da-fieto-para-gestao-2024-2028\/#article","isPartOf":{"@id":"https:\/\/cleitonpinheiro.com.br\/site\/roberto-pires-e-reeleito-por-unanimidade-a-presidencia-da-fieto-para-gestao-2024-2028\/"},"author":{"name":"Dermival Pereira","@id":"https:\/\/cleitonpinheiro.com.br\/site\/#\/schema\/person\/aac6d7f311e80c43042e98a900b03cd8"},"headline":"Roberto Pires \u00e9 reeleito por unanimidade \u00e0 presid\u00eancia da FIETO para gest\u00e3o 2024\/2028","datePublished":"2023-04-26T00:15:57+00:00","dateModified":"2023-04-26T00:15:58+00:00","mainEntityOfPage":{"@id":"https:\/\/cleitonpinheiro.com.br\/site\/roberto-pires-e-reeleito-por-unanimidade-a-presidencia-da-fieto-para-gestao-2024-2028\/"},"wordCount":589,"commentCount":0,"publisher":{"@id":"https:\/\/cleitonpinheiro.com.br\/site\/#organization"},"image":{"@id":"https:\/\/cleitonpinheiro.com.br\/site\/roberto-pires-e-reeleito-por-unanimidade-a-presidencia-da-fieto-para-gestao-2024-2028\/#primaryimage"},"thumbnailUrl":"https:\/\/cleitonpinheiro.com.br\/site\/wp-content\/uploads\/2023\/04\/Design-sem-nome-44-compressed.jpg","articleSection":["ESTADO","MANCHETE SEGUND\u00c1RIA"],"inLanguage":"pt-BR","potentialAction":[{"@type":"CommentAction","name":"Comment","target":["https:\/\/cleitonpinheiro.com.br\/site\/roberto-pires-e-reeleito-por-unanimidade-a-presidencia-da-fieto-para-gestao-2024-2028\/#respond"]}]},{"@type":"WebPage","@id":"https:\/\/cleitonpinheiro.com.br\/site\/roberto-pires-e-reeleito-por-unanimidade-a-presidencia-da-fieto-para-gestao-2024-2028\/","url":"https:\/\/cleitonpinheiro.com.br\/site\/roberto-pires-e-reeleito-por-unanimidade-a-presidencia-da-fieto-para-gestao-2024-2028\/","name":"Roberto Pires \u00e9 reeleito por unanimidade \u00e0 presid\u00eancia da FIETO para gest\u00e3o 2024\/2028 - PORTAL DE NOT\u00cdCIAS CLEITON PINHEIRO","isPartOf":{"@id":"https:\/\/cleitonpinheiro.com.br\/site\/#website"},"primaryImageOfPage":{"@id":"https:\/\/cleitonpinheiro.com.br\/site\/roberto-pires-e-reeleito-por-unanimidade-a-presidencia-da-fieto-para-gestao-2024-2028\/#primaryimage"},"image":{"@id":"https:\/\/cleitonpinheiro.com.br\/site\/roberto-pires-e-reeleito-por-unanimidade-a-presidencia-da-fieto-para-gestao-2024-2028\/#primaryimage"},"thumbnailUrl":"https:\/\/cleitonpinheiro.com.br\/site\/wp-content\/uploads\/2023\/04\/Design-sem-nome-44-compressed.jpg","datePublished":"2023-04-26T00:15:57+00:00","dateModified":"2023-04-26T00:15:58+00:00","breadcrumb":{"@id":"https:\/\/cleitonpinheiro.com.br\/site\/roberto-pires-e-reeleito-por-unanimidade-a-presidencia-da-fieto-para-gestao-2024-2028\/#breadcrumb"},"inLanguage":"pt-BR","potentialAction":[{"@type":"ReadAction","target":["https:\/\/cleitonpinheiro.com.br\/site\/roberto-pires-e-reeleito-por-unanimidade-a-presidencia-da-fieto-para-gestao-2024-2028\/"]}]},{"@type":"ImageObject","inLanguage":"pt-BR","@id":"https:\/\/cleitonpinheiro.com.br\/site\/roberto-pires-e-reeleito-por-unanimidade-a-presidencia-da-fieto-para-gestao-2024-2028\/#primaryimage","url":"","contentUrl":""},{"@type":"BreadcrumbList","@id":"https:\/\/cleitonpinheiro.com.br\/site\/roberto-pires-e-reeleito-por-unanimidade-a-presidencia-da-fieto-para-gestao-2024-2028\/#breadcrumb","itemListElement":[{"@type":"ListItem","position":1,"name":"In\u00edcio","item":"https:\/\/cleitonpinheiro.com.br\/site\/"},{"@type":"ListItem","position":2,"name":"Roberto Pires \u00e9 reeleito por unanimidade \u00e0 presid\u00eancia da FIETO para gest\u00e3o 2024\/2028"}]},{"@type":"WebSite","@id":"https:\/\/cleitonpinheiro.com.br\/site\/#website","url":"https:\/\/cleitonpinheiro.com.br\/site\/","name":"PORTAL DE NOT\u00cdCIAS CLEITON PINHEIRO","description":"FALANDO A VERDADE","publisher":{"@id":"https:\/\/cleitonpinheiro.com.br\/site\/#organization"},"potentialAction":[{"@type":"SearchAction","target":{"@type":"EntryPoint","urlTemplate":"https:\/\/cleitonpinheiro.com.br\/site\/?s={search_term_string}"},"query-input":{"@type":"PropertyValueSpecification","valueRequired":true,"valueName":"search_term_string"}}],"inLanguage":"pt-BR"},{"@type":"Organization","@id":"https:\/\/cleitonpinheiro.com.br\/site\/#organization","name":"CPNOT\u00cdCIAS","url":"https:\/\/cleitonpinheiro.com.br\/site\/","logo":{"@type":"ImageObject","inLanguage":"pt-BR","@id":"https:\/\/cleitonpinheiro.com.br\/site\/#\/schema\/logo\/image\/","url":"https:\/\/cleitonpinheiro.com.br\/site\/wp-content\/uploads\/2022\/08\/Logo-pequena-2.png","contentUrl":"https:\/\/cleitonpinheiro.com.br\/site\/wp-content\/uploads\/2022\/08\/Logo-pequena-2.png","width":500,"height":500,"caption":"CPNOT\u00cdCIAS"},"image":{"@id":"https:\/\/cleitonpinheiro.com.br\/site\/#\/schema\/logo\/image\/"},"sameAs":["https:\/\/www.facebook.com\/portalcpnoticias\/"]},{"@type":"Person","@id":"https:\/\/cleitonpinheiro.com.br\/site\/#\/schema\/person\/aac6d7f311e80c43042e98a900b03cd8","name":"Dermival Pereira","image":{"@type":"ImageObject","inLanguage":"pt-BR","@id":"https:\/\/cleitonpinheiro.com.br\/site\/#\/schema\/person\/image\/","url":"https:\/\/secure.gravatar.com\/avatar\/cfaebf3742d6bf8db728bcba3eed6bee37b02337a2e6c822994f20ca72a3784d?s=96&r=g","contentUrl":"https:\/\/secure.gravatar.com\/avatar\/cfaebf3742d6bf8db728bcba3eed6bee37b02337a2e6c822994f20ca72a3784d?s=96&r=g","caption":"Dermival Pereira"},"url":"https:\/\/cleitonpinheiro.com.br\/site\/author\/dermival\/"}]}},"views":234,"_links":{"self":[{"href":"https:\/\/cleitonpinheiro.com.br\/site\/wp-json\/wp\/v2\/posts\/70571","targetHints":{"allow":["GET"]}}],"collection":[{"href":"https:\/\/cleitonpinheiro.com.br\/site\/wp-json\/wp\/v2\/posts"}],"about":[{"href":"https:\/\/cleitonpinheiro.com.br\/site\/wp-json\/wp\/v2\/types\/post"}],"author":[{"embeddable":true,"href":"https:\/\/cleitonpinheiro.com.br\/site\/wp-json\/wp\/v2\/users\/4"}],"replies":[{"embeddable":true,"href":"https:\/\/cleitonpinheiro.com.br\/site\/wp-json\/wp\/v2\/comments?post=70571"}],"version-history":[{"count":1,"href":"https:\/\/cleitonpinheiro.com.br\/site\/wp-json\/wp\/v2\/posts\/70571\/revisions"}],"predecessor-version":[{"id":70573,"href":"https:\/\/cleitonpinheiro.com.br\/site\/wp-json\/wp\/v2\/posts\/70571\/revisions\/70573"}],"wp:attachment":[{"href":"https:\/\/cleitonpinheiro.com.br\/site\/wp-json\/wp\/v2\/media?parent=70571"}],"wp:term":[{"taxonomy":"category","embeddable":true,"href":"https:\/\/cleitonpinheiro.com.br\/site\/wp-json\/wp\/v2\/categories?post=70571"},{"taxonomy":"post_tag","embeddable":true,"href":"https:\/\/cleitonpinheiro.com.br\/site\/wp-json\/wp\/v2\/tags?post=70571"}],"curies":[{"name":"wp","href":"https:\/\/api.w.org\/{rel}","templated":true}]}}