{"id":70616,"date":"2023-04-27T08:49:52","date_gmt":"2023-04-27T11:49:52","guid":{"rendered":"https:\/\/cleitonpinheiro.com.br\/site\/?p=70616"},"modified":"2023-04-27T08:49:54","modified_gmt":"2023-04-27T11:49:54","slug":"pressao-mesmo-com-classificacao-na-copa-do-brasil-cuca-pede-demissao-do-corinthians","status":"publish","type":"post","link":"https:\/\/cleitonpinheiro.com.br\/site\/pressao-mesmo-com-classificacao-na-copa-do-brasil-cuca-pede-demissao-do-corinthians\/","title":{"rendered":"Press\u00e3o: mesmo com classifica\u00e7\u00e3o na Copa do Brasil, Cuca pede demiss\u00e3o do Corinthians"},"content":{"rendered":"\n<p>Cuca n\u00e3o \u00e9 mais t\u00e9cnico do Corinthians. O treinador pediu demiss\u00e3o mesmo ap\u00f3s a classifica\u00e7\u00e3o da equipe alvinegra \u00e0s oitavas de final da Copa do Brasil, nos p\u00eanaltis, contra o Remo, nesta quarta-feira (27) As informa\u00e7\u00f5es s\u00e3o do Site Terra.<\/p>\n\n\n\n<figure class=\"wp-block-image size-full is-resized\"><img fetchpriority=\"high\" decoding=\"async\" src=\"https:\/\/cleitonpinheiro.com.br\/site\/wp-content\/uploads\/2023\/04\/Design-sem-nome-53-compressed.jpg\" alt=\"\" class=\"wp-image-70617\" width=\"1021\" height=\"613\"\/><figcaption class=\"wp-element-caption\">Cuca comandou o Corinthians em duas oportunidades (Foto: Rodrigo Coca\/Ag.Corinthians) &#8211; <small>Foto: Lance!<\/small><\/figcaption><\/figure>\n\n\n\n<p>Conforme a publica\u00e7\u00e3o, a decis\u00e3o do treinador foi motivada por um pedido da fam\u00edlia e pela press\u00e3o sofrida principalmente atrav\u00e9s das redes sociais por conta da condena\u00e7\u00e3o por atentado ao pudor com uso de viol\u00eancia contra uma garota de 13 anos que aconteceu na d\u00e9cada de 80, quando o profissional ainda era jogador e defendia o\u00a0<a href=\"https:\/\/www.terra.com.br\/esportes\/gremio\/\">Gr\u00eamio<\/a>.<\/p>\n\n\n\n<p>A dire\u00e7\u00e3o corintiana e os jogadores tentaram convencer Cuca a mudar de ideia, mas ele estava decidido. Segundo o treinador, mesmo com o presidente Du\u00edlio Monteiro Alves &#8216;comprando&#8217; a sua perman\u00eancia, ele sentia que estava prejudicando o mandat\u00e1rio corintiano.<\/p>\n\n\n\n<p>&#8211; Quem fala coisas indevidas tamb\u00e9m, quem julga tamb\u00e9m pode ser julgado, mas o mais importante \u00e9 agradecer o presidente. \u00c9 uma pessoa maravilhosa. Eu conversei com ele, j\u00e1 tinha tomado essa decis\u00e3o ontem. Ele vive ali dentro, como se fosse mais um, humilde, e eu estava prejudicando ele. A press\u00e3o que ele est\u00e1 sofrendo \u00e9 enorme. Ent\u00e3o n\u00e3o \u00e9 justo deixar eles sofrendo por um problema que \u00e9 meu. \u00c9 nisso que foi baseado essa minha sa\u00edda. Agradecer aos jogadores nesses sete dias que estive a\u00ed, me abra\u00e7aram, compraram o meu barulho, minhas ideias. Se Deus quiser, volto um dia para poder fazer um trabalho do come\u00e7o ao fim &#8211; disse em pronunciamento \u00e0 imprensa ap\u00f3s a partida.<\/p>\n\n\n\n<p>Cuca disse que realizou um sonho em dirigir o Tim\u00e3o, mas os dias que antecederam foram de pesadelo. Ele refor\u00e7ou que entregar\u00e1 as acusa\u00e7\u00f5es aos seus advogados e agradeceu ao carinho dos jogadores. Ap\u00f3s a confirma\u00e7\u00e3o da classifica\u00e7\u00e3o corintiana, todos os jogadores foram at\u00e9 o banco de reservas comemorar com o t\u00e9cnico.<\/p>\n\n\n\n<p>&#8211; Venho aqui na emo\u00e7\u00e3o do jogo, um jogo que foi demais, pela primeira vez eu pude sentir o pulsar da Arena, o pulsar do Fiel a favor, foi maravilhoso, com a conquista dessa vaga. Foi um dia vivido com um sonho, foi maravilhoso. E antes desse sonho se realizar tiveram tr\u00eas, quatro dias de pesadelo. Foi quase que um massacre, o que acabou acontecendo. E eu estava muito concentrado nessa decis\u00e3o e n\u00e3o queria tirar o foco. E isso acaba levando para os jogadores, hoje eles me emocionaram, estou aqui h\u00e1 quatro, cinco dias, e me ofertaram com algo que eu n\u00e3o pedi. Mas os jogadores sentem &#8211; destacou Cuca em outro per\u00edodo.<\/p>\n\n\n\n<p>Cuca deixou o clube deixando em aberto a possibilidade de voltar um dia, mas concentrar\u00e1 as suas energias em permanecer com a fam\u00edlia.<\/p>\n","protected":false},"excerpt":{"rendered":"<p>Cuca n\u00e3o \u00e9 mais t\u00e9cnico do Corinthians. O treinador pediu demiss\u00e3o mesmo ap\u00f3s a classifica\u00e7\u00e3o da equipe alvinegra \u00e0s oitavas de final da Copa do Brasil, nos p\u00eanaltis, contra o Remo, nesta quarta-feira (27) As informa\u00e7\u00f5es s\u00e3o do Site Terra. Conforme a publica\u00e7\u00e3o, a decis\u00e3o do treinador foi motivada por um pedido da fam\u00edlia e [&hellip;]<\/p>\n","protected":false},"author":4,"featured_media":0,"comment_status":"open","ping_status":"open","sticky":false,"template":"","format":"standard","meta":{"_acf_changed":false,"footnotes":""},"categories":[1,21],"tags":[],"class_list":["post-70616","post","type-post","status-publish","format-standard","hentry","category-esporte","category-todas-noticias"],"acf":[],"yoast_head":"<!-- This site is optimized with the Yoast SEO plugin v24.4 - https:\/\/yoast.com\/wordpress\/plugins\/seo\/ -->\n<title>Press\u00e3o: mesmo com classifica\u00e7\u00e3o na Copa do Brasil, Cuca pede demiss\u00e3o do Corinthians - PORTAL DE NOT\u00cdCIAS CLEITON PINHEIRO<\/title>\n<meta name=\"robots\" content=\"index, follow, max-snippet:-1, max-image-preview:large, max-video-preview:-1\" \/>\n<link rel=\"canonical\" href=\"https:\/\/cleitonpinheiro.com.br\/site\/pressao-mesmo-com-classificacao-na-copa-do-brasil-cuca-pede-demissao-do-corinthians\/\" \/>\n<meta property=\"og:locale\" content=\"pt_BR\" \/>\n<meta property=\"og:type\" content=\"article\" \/>\n<meta property=\"og:title\" content=\"Press\u00e3o: mesmo com classifica\u00e7\u00e3o na Copa do Brasil, Cuca pede demiss\u00e3o do Corinthians - PORTAL DE NOT\u00cdCIAS CLEITON PINHEIRO\" \/>\n<meta property=\"og:description\" content=\"Cuca n\u00e3o \u00e9 mais t\u00e9cnico do Corinthians. O treinador pediu demiss\u00e3o mesmo ap\u00f3s a classifica\u00e7\u00e3o da equipe alvinegra \u00e0s oitavas de final da Copa do Brasil, nos p\u00eanaltis, contra o Remo, nesta quarta-feira (27) As informa\u00e7\u00f5es s\u00e3o do Site Terra. Conforme a publica\u00e7\u00e3o, a decis\u00e3o do treinador foi motivada por um pedido da fam\u00edlia e [&hellip;]\" \/>\n<meta property=\"og:url\" content=\"https:\/\/cleitonpinheiro.com.br\/site\/pressao-mesmo-com-classificacao-na-copa-do-brasil-cuca-pede-demissao-do-corinthians\/\" \/>\n<meta property=\"og:site_name\" content=\"PORTAL DE NOT\u00cdCIAS CLEITON PINHEIRO\" \/>\n<meta property=\"article:publisher\" content=\"https:\/\/www.facebook.com\/portalcpnoticias\/\" \/>\n<meta property=\"article:published_time\" content=\"2023-04-27T11:49:52+00:00\" \/>\n<meta property=\"article:modified_time\" content=\"2023-04-27T11:49:54+00:00\" \/>\n<meta property=\"og:image\" content=\"https:\/\/cleitonpinheiro.com.br\/site\/wp-content\/uploads\/2023\/04\/Design-sem-nome-53-compressed.jpg\" \/>\n\t<meta property=\"og:image:width\" content=\"750\" \/>\n\t<meta property=\"og:image:height\" content=\"450\" \/>\n\t<meta property=\"og:image:type\" content=\"image\/jpeg\" \/>\n<meta name=\"author\" content=\"Dermival Pereira\" \/>\n<meta name=\"twitter:card\" content=\"summary_large_image\" \/>\n<meta name=\"twitter:label1\" content=\"Escrito por\" \/>\n\t<meta name=\"twitter:data1\" content=\"Dermival Pereira\" \/>\n\t<meta name=\"twitter:label2\" content=\"Est. tempo de leitura\" \/>\n\t<meta name=\"twitter:data2\" content=\"3 minutos\" \/>\n<script type=\"application\/ld+json\" class=\"yoast-schema-graph\">{\"@context\":\"https:\/\/schema.org\",\"@graph\":[{\"@type\":\"Article\",\"@id\":\"https:\/\/cleitonpinheiro.com.br\/site\/pressao-mesmo-com-classificacao-na-copa-do-brasil-cuca-pede-demissao-do-corinthians\/#article\",\"isPartOf\":{\"@id\":\"https:\/\/cleitonpinheiro.com.br\/site\/pressao-mesmo-com-classificacao-na-copa-do-brasil-cuca-pede-demissao-do-corinthians\/\"},\"author\":{\"name\":\"Dermival Pereira\",\"@id\":\"https:\/\/cleitonpinheiro.com.br\/site\/#\/schema\/person\/aac6d7f311e80c43042e98a900b03cd8\"},\"headline\":\"Press\u00e3o: mesmo com classifica\u00e7\u00e3o na Copa do Brasil, Cuca pede demiss\u00e3o do Corinthians\",\"datePublished\":\"2023-04-27T11:49:52+00:00\",\"dateModified\":\"2023-04-27T11:49:54+00:00\",\"mainEntityOfPage\":{\"@id\":\"https:\/\/cleitonpinheiro.com.br\/site\/pressao-mesmo-com-classificacao-na-copa-do-brasil-cuca-pede-demissao-do-corinthians\/\"},\"wordCount\":509,\"commentCount\":0,\"publisher\":{\"@id\":\"https:\/\/cleitonpinheiro.com.br\/site\/#organization\"},\"image\":{\"@id\":\"https:\/\/cleitonpinheiro.com.br\/site\/pressao-mesmo-com-classificacao-na-copa-do-brasil-cuca-pede-demissao-do-corinthians\/#primaryimage\"},\"thumbnailUrl\":\"https:\/\/cleitonpinheiro.com.br\/site\/wp-content\/uploads\/2023\/04\/Design-sem-nome-53-compressed.jpg\",\"articleSection\":[\"ESPORTE\",\"TODAS NOTICIAS\"],\"inLanguage\":\"pt-BR\",\"potentialAction\":[{\"@type\":\"CommentAction\",\"name\":\"Comment\",\"target\":[\"https:\/\/cleitonpinheiro.com.br\/site\/pressao-mesmo-com-classificacao-na-copa-do-brasil-cuca-pede-demissao-do-corinthians\/#respond\"]}]},{\"@type\":\"WebPage\",\"@id\":\"https:\/\/cleitonpinheiro.com.br\/site\/pressao-mesmo-com-classificacao-na-copa-do-brasil-cuca-pede-demissao-do-corinthians\/\",\"url\":\"https:\/\/cleitonpinheiro.com.br\/site\/pressao-mesmo-com-classificacao-na-copa-do-brasil-cuca-pede-demissao-do-corinthians\/\",\"name\":\"Press\u00e3o: mesmo com classifica\u00e7\u00e3o na Copa do Brasil, Cuca pede demiss\u00e3o do Corinthians - PORTAL DE NOT\u00cdCIAS CLEITON PINHEIRO\",\"isPartOf\":{\"@id\":\"https:\/\/cleitonpinheiro.com.br\/site\/#website\"},\"primaryImageOfPage\":{\"@id\":\"https:\/\/cleitonpinheiro.com.br\/site\/pressao-mesmo-com-classificacao-na-copa-do-brasil-cuca-pede-demissao-do-corinthians\/#primaryimage\"},\"image\":{\"@id\":\"https:\/\/cleitonpinheiro.com.br\/site\/pressao-mesmo-com-classificacao-na-copa-do-brasil-cuca-pede-demissao-do-corinthians\/#primaryimage\"},\"thumbnailUrl\":\"https:\/\/cleitonpinheiro.com.br\/site\/wp-content\/uploads\/2023\/04\/Design-sem-nome-53-compressed.jpg\",\"datePublished\":\"2023-04-27T11:49:52+00:00\",\"dateModified\":\"2023-04-27T11:49:54+00:00\",\"breadcrumb\":{\"@id\":\"https:\/\/cleitonpinheiro.com.br\/site\/pressao-mesmo-com-classificacao-na-copa-do-brasil-cuca-pede-demissao-do-corinthians\/#breadcrumb\"},\"inLanguage\":\"pt-BR\",\"potentialAction\":[{\"@type\":\"ReadAction\",\"target\":[\"https:\/\/cleitonpinheiro.com.br\/site\/pressao-mesmo-com-classificacao-na-copa-do-brasil-cuca-pede-demissao-do-corinthians\/\"]}]},{\"@type\":\"ImageObject\",\"inLanguage\":\"pt-BR\",\"@id\":\"https:\/\/cleitonpinheiro.com.br\/site\/pressao-mesmo-com-classificacao-na-copa-do-brasil-cuca-pede-demissao-do-corinthians\/#primaryimage\",\"url\":\"\",\"contentUrl\":\"\"},{\"@type\":\"BreadcrumbList\",\"@id\":\"https:\/\/cleitonpinheiro.com.br\/site\/pressao-mesmo-com-classificacao-na-copa-do-brasil-cuca-pede-demissao-do-corinthians\/#breadcrumb\",\"itemListElement\":[{\"@type\":\"ListItem\",\"position\":1,\"name\":\"In\u00edcio\",\"item\":\"https:\/\/cleitonpinheiro.com.br\/site\/\"},{\"@type\":\"ListItem\",\"position\":2,\"name\":\"Press\u00e3o: mesmo com classifica\u00e7\u00e3o na Copa do Brasil, Cuca pede demiss\u00e3o do Corinthians\"}]},{\"@type\":\"WebSite\",\"@id\":\"https:\/\/cleitonpinheiro.com.br\/site\/#website\",\"url\":\"https:\/\/cleitonpinheiro.com.br\/site\/\",\"name\":\"PORTAL DE NOT\u00cdCIAS CLEITON PINHEIRO\",\"description\":\"FALANDO A VERDADE\",\"publisher\":{\"@id\":\"https:\/\/cleitonpinheiro.com.br\/site\/#organization\"},\"potentialAction\":[{\"@type\":\"SearchAction\",\"target\":{\"@type\":\"EntryPoint\",\"urlTemplate\":\"https:\/\/cleitonpinheiro.com.br\/site\/?s={search_term_string}\"},\"query-input\":{\"@type\":\"PropertyValueSpecification\",\"valueRequired\":true,\"valueName\":\"search_term_string\"}}],\"inLanguage\":\"pt-BR\"},{\"@type\":\"Organization\",\"@id\":\"https:\/\/cleitonpinheiro.com.br\/site\/#organization\",\"name\":\"CPNOT\u00cdCIAS\",\"url\":\"https:\/\/cleitonpinheiro.com.br\/site\/\",\"logo\":{\"@type\":\"ImageObject\",\"inLanguage\":\"pt-BR\",\"@id\":\"https:\/\/cleitonpinheiro.com.br\/site\/#\/schema\/logo\/image\/\",\"url\":\"https:\/\/cleitonpinheiro.com.br\/site\/wp-content\/uploads\/2022\/08\/Logo-pequena-2.png\",\"contentUrl\":\"https:\/\/cleitonpinheiro.com.br\/site\/wp-content\/uploads\/2022\/08\/Logo-pequena-2.png\",\"width\":500,\"height\":500,\"caption\":\"CPNOT\u00cdCIAS\"},\"image\":{\"@id\":\"https:\/\/cleitonpinheiro.com.br\/site\/#\/schema\/logo\/image\/\"},\"sameAs\":[\"https:\/\/www.facebook.com\/portalcpnoticias\/\"]},{\"@type\":\"Person\",\"@id\":\"https:\/\/cleitonpinheiro.com.br\/site\/#\/schema\/person\/aac6d7f311e80c43042e98a900b03cd8\",\"name\":\"Dermival Pereira\",\"image\":{\"@type\":\"ImageObject\",\"inLanguage\":\"pt-BR\",\"@id\":\"https:\/\/cleitonpinheiro.com.br\/site\/#\/schema\/person\/image\/\",\"url\":\"https:\/\/secure.gravatar.com\/avatar\/cfaebf3742d6bf8db728bcba3eed6bee37b02337a2e6c822994f20ca72a3784d?s=96&r=g\",\"contentUrl\":\"https:\/\/secure.gravatar.com\/avatar\/cfaebf3742d6bf8db728bcba3eed6bee37b02337a2e6c822994f20ca72a3784d?s=96&r=g\",\"caption\":\"Dermival Pereira\"},\"url\":\"https:\/\/cleitonpinheiro.com.br\/site\/author\/dermival\/\"}]}<\/script>\n<!-- \/ Yoast SEO plugin. -->","yoast_head_json":{"title":"Press\u00e3o: mesmo com classifica\u00e7\u00e3o na Copa do Brasil, Cuca pede demiss\u00e3o do Corinthians - PORTAL DE NOT\u00cdCIAS CLEITON PINHEIRO","robots":{"index":"index","follow":"follow","max-snippet":"max-snippet:-1","max-image-preview":"max-image-preview:large","max-video-preview":"max-video-preview:-1"},"canonical":"https:\/\/cleitonpinheiro.com.br\/site\/pressao-mesmo-com-classificacao-na-copa-do-brasil-cuca-pede-demissao-do-corinthians\/","og_locale":"pt_BR","og_type":"article","og_title":"Press\u00e3o: mesmo com classifica\u00e7\u00e3o na Copa do Brasil, Cuca pede demiss\u00e3o do Corinthians - PORTAL DE NOT\u00cdCIAS CLEITON PINHEIRO","og_description":"Cuca n\u00e3o \u00e9 mais t\u00e9cnico do Corinthians. O treinador pediu demiss\u00e3o mesmo ap\u00f3s a classifica\u00e7\u00e3o da equipe alvinegra \u00e0s oitavas de final da Copa do Brasil, nos p\u00eanaltis, contra o Remo, nesta quarta-feira (27) As informa\u00e7\u00f5es s\u00e3o do Site Terra. Conforme a publica\u00e7\u00e3o, a decis\u00e3o do treinador foi motivada por um pedido da fam\u00edlia e [&hellip;]","og_url":"https:\/\/cleitonpinheiro.com.br\/site\/pressao-mesmo-com-classificacao-na-copa-do-brasil-cuca-pede-demissao-do-corinthians\/","og_site_name":"PORTAL DE NOT\u00cdCIAS CLEITON PINHEIRO","article_publisher":"https:\/\/www.facebook.com\/portalcpnoticias\/","article_published_time":"2023-04-27T11:49:52+00:00","article_modified_time":"2023-04-27T11:49:54+00:00","og_image":[{"width":750,"height":450,"url":"https:\/\/cleitonpinheiro.com.br\/site\/wp-content\/uploads\/2023\/04\/Design-sem-nome-53-compressed.jpg","type":"image\/jpeg"}],"author":"Dermival Pereira","twitter_card":"summary_large_image","twitter_misc":{"Escrito por":"Dermival Pereira","Est. tempo de leitura":"3 minutos"},"schema":{"@context":"https:\/\/schema.org","@graph":[{"@type":"Article","@id":"https:\/\/cleitonpinheiro.com.br\/site\/pressao-mesmo-com-classificacao-na-copa-do-brasil-cuca-pede-demissao-do-corinthians\/#article","isPartOf":{"@id":"https:\/\/cleitonpinheiro.com.br\/site\/pressao-mesmo-com-classificacao-na-copa-do-brasil-cuca-pede-demissao-do-corinthians\/"},"author":{"name":"Dermival Pereira","@id":"https:\/\/cleitonpinheiro.com.br\/site\/#\/schema\/person\/aac6d7f311e80c43042e98a900b03cd8"},"headline":"Press\u00e3o: mesmo com classifica\u00e7\u00e3o na Copa do Brasil, Cuca pede demiss\u00e3o do Corinthians","datePublished":"2023-04-27T11:49:52+00:00","dateModified":"2023-04-27T11:49:54+00:00","mainEntityOfPage":{"@id":"https:\/\/cleitonpinheiro.com.br\/site\/pressao-mesmo-com-classificacao-na-copa-do-brasil-cuca-pede-demissao-do-corinthians\/"},"wordCount":509,"commentCount":0,"publisher":{"@id":"https:\/\/cleitonpinheiro.com.br\/site\/#organization"},"image":{"@id":"https:\/\/cleitonpinheiro.com.br\/site\/pressao-mesmo-com-classificacao-na-copa-do-brasil-cuca-pede-demissao-do-corinthians\/#primaryimage"},"thumbnailUrl":"https:\/\/cleitonpinheiro.com.br\/site\/wp-content\/uploads\/2023\/04\/Design-sem-nome-53-compressed.jpg","articleSection":["ESPORTE","TODAS NOTICIAS"],"inLanguage":"pt-BR","potentialAction":[{"@type":"CommentAction","name":"Comment","target":["https:\/\/cleitonpinheiro.com.br\/site\/pressao-mesmo-com-classificacao-na-copa-do-brasil-cuca-pede-demissao-do-corinthians\/#respond"]}]},{"@type":"WebPage","@id":"https:\/\/cleitonpinheiro.com.br\/site\/pressao-mesmo-com-classificacao-na-copa-do-brasil-cuca-pede-demissao-do-corinthians\/","url":"https:\/\/cleitonpinheiro.com.br\/site\/pressao-mesmo-com-classificacao-na-copa-do-brasil-cuca-pede-demissao-do-corinthians\/","name":"Press\u00e3o: mesmo com classifica\u00e7\u00e3o na Copa do Brasil, Cuca pede demiss\u00e3o do Corinthians - PORTAL DE NOT\u00cdCIAS CLEITON PINHEIRO","isPartOf":{"@id":"https:\/\/cleitonpinheiro.com.br\/site\/#website"},"primaryImageOfPage":{"@id":"https:\/\/cleitonpinheiro.com.br\/site\/pressao-mesmo-com-classificacao-na-copa-do-brasil-cuca-pede-demissao-do-corinthians\/#primaryimage"},"image":{"@id":"https:\/\/cleitonpinheiro.com.br\/site\/pressao-mesmo-com-classificacao-na-copa-do-brasil-cuca-pede-demissao-do-corinthians\/#primaryimage"},"thumbnailUrl":"https:\/\/cleitonpinheiro.com.br\/site\/wp-content\/uploads\/2023\/04\/Design-sem-nome-53-compressed.jpg","datePublished":"2023-04-27T11:49:52+00:00","dateModified":"2023-04-27T11:49:54+00:00","breadcrumb":{"@id":"https:\/\/cleitonpinheiro.com.br\/site\/pressao-mesmo-com-classificacao-na-copa-do-brasil-cuca-pede-demissao-do-corinthians\/#breadcrumb"},"inLanguage":"pt-BR","potentialAction":[{"@type":"ReadAction","target":["https:\/\/cleitonpinheiro.com.br\/site\/pressao-mesmo-com-classificacao-na-copa-do-brasil-cuca-pede-demissao-do-corinthians\/"]}]},{"@type":"ImageObject","inLanguage":"pt-BR","@id":"https:\/\/cleitonpinheiro.com.br\/site\/pressao-mesmo-com-classificacao-na-copa-do-brasil-cuca-pede-demissao-do-corinthians\/#primaryimage","url":"","contentUrl":""},{"@type":"BreadcrumbList","@id":"https:\/\/cleitonpinheiro.com.br\/site\/pressao-mesmo-com-classificacao-na-copa-do-brasil-cuca-pede-demissao-do-corinthians\/#breadcrumb","itemListElement":[{"@type":"ListItem","position":1,"name":"In\u00edcio","item":"https:\/\/cleitonpinheiro.com.br\/site\/"},{"@type":"ListItem","position":2,"name":"Press\u00e3o: mesmo com classifica\u00e7\u00e3o na Copa do Brasil, Cuca pede demiss\u00e3o do Corinthians"}]},{"@type":"WebSite","@id":"https:\/\/cleitonpinheiro.com.br\/site\/#website","url":"https:\/\/cleitonpinheiro.com.br\/site\/","name":"PORTAL DE NOT\u00cdCIAS CLEITON PINHEIRO","description":"FALANDO A VERDADE","publisher":{"@id":"https:\/\/cleitonpinheiro.com.br\/site\/#organization"},"potentialAction":[{"@type":"SearchAction","target":{"@type":"EntryPoint","urlTemplate":"https:\/\/cleitonpinheiro.com.br\/site\/?s={search_term_string}"},"query-input":{"@type":"PropertyValueSpecification","valueRequired":true,"valueName":"search_term_string"}}],"inLanguage":"pt-BR"},{"@type":"Organization","@id":"https:\/\/cleitonpinheiro.com.br\/site\/#organization","name":"CPNOT\u00cdCIAS","url":"https:\/\/cleitonpinheiro.com.br\/site\/","logo":{"@type":"ImageObject","inLanguage":"pt-BR","@id":"https:\/\/cleitonpinheiro.com.br\/site\/#\/schema\/logo\/image\/","url":"https:\/\/cleitonpinheiro.com.br\/site\/wp-content\/uploads\/2022\/08\/Logo-pequena-2.png","contentUrl":"https:\/\/cleitonpinheiro.com.br\/site\/wp-content\/uploads\/2022\/08\/Logo-pequena-2.png","width":500,"height":500,"caption":"CPNOT\u00cdCIAS"},"image":{"@id":"https:\/\/cleitonpinheiro.com.br\/site\/#\/schema\/logo\/image\/"},"sameAs":["https:\/\/www.facebook.com\/portalcpnoticias\/"]},{"@type":"Person","@id":"https:\/\/cleitonpinheiro.com.br\/site\/#\/schema\/person\/aac6d7f311e80c43042e98a900b03cd8","name":"Dermival Pereira","image":{"@type":"ImageObject","inLanguage":"pt-BR","@id":"https:\/\/cleitonpinheiro.com.br\/site\/#\/schema\/person\/image\/","url":"https:\/\/secure.gravatar.com\/avatar\/cfaebf3742d6bf8db728bcba3eed6bee37b02337a2e6c822994f20ca72a3784d?s=96&r=g","contentUrl":"https:\/\/secure.gravatar.com\/avatar\/cfaebf3742d6bf8db728bcba3eed6bee37b02337a2e6c822994f20ca72a3784d?s=96&r=g","caption":"Dermival Pereira"},"url":"https:\/\/cleitonpinheiro.com.br\/site\/author\/dermival\/"}]}},"views":554,"_links":{"self":[{"href":"https:\/\/cleitonpinheiro.com.br\/site\/wp-json\/wp\/v2\/posts\/70616","targetHints":{"allow":["GET"]}}],"collection":[{"href":"https:\/\/cleitonpinheiro.com.br\/site\/wp-json\/wp\/v2\/posts"}],"about":[{"href":"https:\/\/cleitonpinheiro.com.br\/site\/wp-json\/wp\/v2\/types\/post"}],"author":[{"embeddable":true,"href":"https:\/\/cleitonpinheiro.com.br\/site\/wp-json\/wp\/v2\/users\/4"}],"replies":[{"embeddable":true,"href":"https:\/\/cleitonpinheiro.com.br\/site\/wp-json\/wp\/v2\/comments?post=70616"}],"version-history":[{"count":1,"href":"https:\/\/cleitonpinheiro.com.br\/site\/wp-json\/wp\/v2\/posts\/70616\/revisions"}],"predecessor-version":[{"id":70618,"href":"https:\/\/cleitonpinheiro.com.br\/site\/wp-json\/wp\/v2\/posts\/70616\/revisions\/70618"}],"wp:attachment":[{"href":"https:\/\/cleitonpinheiro.com.br\/site\/wp-json\/wp\/v2\/media?parent=70616"}],"wp:term":[{"taxonomy":"category","embeddable":true,"href":"https:\/\/cleitonpinheiro.com.br\/site\/wp-json\/wp\/v2\/categories?post=70616"},{"taxonomy":"post_tag","embeddable":true,"href":"https:\/\/cleitonpinheiro.com.br\/site\/wp-json\/wp\/v2\/tags?post=70616"}],"curies":[{"name":"wp","href":"https:\/\/api.w.org\/{rel}","templated":true}]}}