{"id":70619,"date":"2023-04-27T09:16:54","date_gmt":"2023-04-27T12:16:54","guid":{"rendered":"https:\/\/cleitonpinheiro.com.br\/site\/?p=70619"},"modified":"2023-04-27T09:16:55","modified_gmt":"2023-04-27T12:16:55","slug":"governo-do-tocantins-reforca-aos-municipios-a-realizacao-do-dia-d-de-vacinacao-neste-sabado","status":"publish","type":"post","link":"https:\/\/cleitonpinheiro.com.br\/site\/governo-do-tocantins-reforca-aos-municipios-a-realizacao-do-dia-d-de-vacinacao-neste-sabado\/","title":{"rendered":"Governo do Tocantins refor\u00e7a aos munic\u00edpios a realiza\u00e7\u00e3o do Dia D de Vacina\u00e7\u00e3o neste s\u00e1bado"},"content":{"rendered":"\n<figure class=\"wp-block-image size-full is-resized\"><img fetchpriority=\"high\" decoding=\"async\" src=\"https:\/\/cleitonpinheiro.com.br\/site\/wp-content\/uploads\/2023\/04\/Design-sem-nome-54-compressed.jpg\" alt=\"\" class=\"wp-image-70620\" width=\"1018\" height=\"611\"\/><figcaption class=\"wp-element-caption\">Foto: Andr\u00e9 Ara\u00fajo\/Governo do Tocantins\u00a0<\/figcaption><\/figure>\n\n\n\n<p>O Governo do Tocantins promove neste s\u00e1bado, 29, o Dia D de Vacina\u00e7\u00e3o contra a influenza e a covid-19. A a\u00e7\u00e3o \u00e9 organizada pela Secretaria de Estado da Sa\u00fade (SES-TO), que convocou todos os 139 munic\u00edpios tocantinenses, os quais dever\u00e3o abrir parte das mais de 300 salas de vacina existentes em todo o Estado.<\/p>\n\n\n\n<p>A data \u00e9 uma oportunidade para a popula\u00e7\u00e3o procurar os postos de vacina\u00e7\u00e3o, que at\u00e9 o momento tem apresentado baixos \u00edndices na procura. A imuniza\u00e7\u00e3o da influenza, por exemplo, s\u00f3 aplicou 9,9% (47.097) das doses; e a da covid-19, pfizer bivalente, foram apenas 28,24% (42.270).<\/p>\n\n\n\n<p>\u201cA nossa decis\u00e3o como Secretaria de Estado da Sa\u00fade para a realiza\u00e7\u00e3o do Dia D \u00e9 aproveitar o momento e levar a popula\u00e7\u00e3o a se imunizar contra duas doen\u00e7as que possuem prote\u00e7\u00e3o garantida e de forma gratuita. Esse \u00e9 o momento para ampliarmos o n\u00famero de pessoas imunizadas, com essas duas vacinas que protegem e salvam vidas\u201d, frisa o titular da SES-TO, Afonso Piva de Santana.<\/p>\n\n\n\n<p>A&nbsp;vacina \u00e9 gratuita e tem como objetivo reduzir as complica\u00e7\u00f5es, interna\u00e7\u00f5es e a mortalidade decorrentes das infec\u00e7\u00f5es causadas pelo v\u00edrus da influenza e da covid-19. \u201cA nossa meta \u00e9 vacinar pelo menos 90% dos grupos priorit\u00e1rios e at\u00e9 o momento nem 10% foi vacinado. Sabemos, como Secretaria de Sa\u00fade, que o Dia D \u00e9 um dia marcante para toda a popula\u00e7\u00e3o tocantinense, que sempre se mobiliza para se proteger contra o v\u00edrus\u201d, destaca a gerente de imuniza\u00e7\u00e3o da SES-TO, Diandra Sena.<\/p>\n\n\n\n<p>\u201cA&nbsp;orienta\u00e7\u00e3o que passamos desde o inicio da campanha \u00e9 que a vacina\u00e7\u00e3o seja realizada abrangendo todos os p\u00fablicos priorit\u00e1rios, ou seja, a vacina\u00e7\u00e3o n\u00e3o est\u00e1 sendo realizada por fases, o que faz com que os gestores de sa\u00fade aproveitem as oportunidades\u201d, acrescenta a gerente.<\/p>\n\n\n\n<p>&nbsp;<strong>Quem pode tomar as doses<\/strong><\/p>\n\n\n\n<p>Podem tomar a vacina bivalente toda a popula\u00e7\u00e3o acima de 18 anos de idade. A vacina da influenza est\u00e1 sendo aplicada em pessoas com mais de 60 anos; adolescentes em medidas socioeducativas; caminhoneiros; crian\u00e7as de seis meses a cinco anos completos; for\u00e7as armadas; for\u00e7as de seguran\u00e7a e salvamento; gestantes e pu\u00e9rperas; pessoas com defici\u00eancia; pessoas com comorbidades; popula\u00e7\u00e3o privada de liberdade; povos ind\u00edgenas, ribeirinhos e quilombolas; professores; profissionais do transporte p\u00fablico; profissionais portu\u00e1rios; profissionais do sistema de priva\u00e7\u00e3o de liberdade e trabalhadores da sa\u00fade.<\/p>\n\n\n\n<p>Para se vacinar \u00e9 importante levar um documento de identifica\u00e7\u00e3o com foto, carteira de vacina\u00e7\u00e3o e documentos que comprovem que a pessoa faz parte do grupo priorit\u00e1rio.<\/p>\n\n\n\n<p><strong>Prote\u00e7\u00e3o<\/strong><\/p>\n\n\n\n<p>A vacina contra a gripe oferecida pelo Sistema \u00danico de Sa\u00fade (SUS) possui a prote\u00e7\u00e3o trivalente e protege contra duas cepas do v\u00edrus influenza: A e B. J\u00e1 a vacina bivalente, tem este nome porque ela recebe um componente da cepa original do v\u00edrus (aquela de Wuhan) e mais um componente da variante \u00f4micron.<\/p>\n\n\n\n<p><strong>Doses recebidas<\/strong><\/p>\n\n\n\n<p>Neste ano, o Tocantins recebeu 550 mil doses da vacina contra a influenza, que ser\u00e3o utilizadas para imunizar 549.933 pessoas que fazem parte dos p\u00fablicos priorit\u00e1rios. At\u00e9 o momento, &nbsp;47.097 pessoas foram imunizadas.<\/p>\n\n\n\n<p>Desde o in\u00edcio da imuniza\u00e7\u00e3o contra a dose da covid-19 bivalente, em fevereiro de 2023, o Tocantins j\u00e1 recebeu 149.664 doses, destas 42.270 foram aplicadas. <em><strong>(Fonte: Secom do Tocantins).<\/strong><\/em><\/p>\n","protected":false},"excerpt":{"rendered":"<p>O Governo do Tocantins promove neste s\u00e1bado, 29, o Dia D de Vacina\u00e7\u00e3o contra a influenza e a covid-19. A a\u00e7\u00e3o \u00e9 organizada pela Secretaria de Estado da Sa\u00fade (SES-TO), que convocou todos os 139 munic\u00edpios tocantinenses, os quais dever\u00e3o abrir parte das mais de 300 salas de vacina existentes em todo o Estado. A [&hellip;]<\/p>\n","protected":false},"author":4,"featured_media":0,"comment_status":"open","ping_status":"open","sticky":false,"template":"","format":"standard","meta":{"_acf_changed":false,"footnotes":""},"categories":[19,898],"tags":[],"class_list":["post-70619","post","type-post","status-publish","format-standard","hentry","category-brasil-mundo","category-manchete-segundaria"],"acf":[],"yoast_head":"<!-- This site is optimized with the Yoast SEO plugin v24.4 - https:\/\/yoast.com\/wordpress\/plugins\/seo\/ -->\n<title>Governo do Tocantins refor\u00e7a aos munic\u00edpios a realiza\u00e7\u00e3o do Dia D de Vacina\u00e7\u00e3o neste s\u00e1bado - PORTAL DE NOT\u00cdCIAS CLEITON PINHEIRO<\/title>\n<meta name=\"robots\" content=\"index, follow, max-snippet:-1, max-image-preview:large, max-video-preview:-1\" \/>\n<link rel=\"canonical\" href=\"https:\/\/cleitonpinheiro.com.br\/site\/governo-do-tocantins-reforca-aos-municipios-a-realizacao-do-dia-d-de-vacinacao-neste-sabado\/\" \/>\n<meta property=\"og:locale\" content=\"pt_BR\" \/>\n<meta property=\"og:type\" content=\"article\" \/>\n<meta property=\"og:title\" content=\"Governo do Tocantins refor\u00e7a aos munic\u00edpios a realiza\u00e7\u00e3o do Dia D de Vacina\u00e7\u00e3o neste s\u00e1bado - PORTAL DE NOT\u00cdCIAS CLEITON PINHEIRO\" \/>\n<meta property=\"og:description\" content=\"O Governo do Tocantins promove neste s\u00e1bado, 29, o Dia D de Vacina\u00e7\u00e3o contra a influenza e a covid-19. A a\u00e7\u00e3o \u00e9 organizada pela Secretaria de Estado da Sa\u00fade (SES-TO), que convocou todos os 139 munic\u00edpios tocantinenses, os quais dever\u00e3o abrir parte das mais de 300 salas de vacina existentes em todo o Estado. A [&hellip;]\" \/>\n<meta property=\"og:url\" content=\"https:\/\/cleitonpinheiro.com.br\/site\/governo-do-tocantins-reforca-aos-municipios-a-realizacao-do-dia-d-de-vacinacao-neste-sabado\/\" \/>\n<meta property=\"og:site_name\" content=\"PORTAL DE NOT\u00cdCIAS CLEITON PINHEIRO\" \/>\n<meta property=\"article:publisher\" content=\"https:\/\/www.facebook.com\/portalcpnoticias\/\" \/>\n<meta property=\"article:published_time\" content=\"2023-04-27T12:16:54+00:00\" \/>\n<meta property=\"article:modified_time\" content=\"2023-04-27T12:16:55+00:00\" \/>\n<meta property=\"og:image\" content=\"https:\/\/cleitonpinheiro.com.br\/site\/wp-content\/uploads\/2023\/04\/Design-sem-nome-54-compressed.jpg\" \/>\n\t<meta property=\"og:image:width\" content=\"750\" \/>\n\t<meta property=\"og:image:height\" content=\"450\" \/>\n\t<meta property=\"og:image:type\" content=\"image\/jpeg\" \/>\n<meta name=\"author\" content=\"Dermival Pereira\" \/>\n<meta name=\"twitter:card\" content=\"summary_large_image\" \/>\n<meta name=\"twitter:label1\" content=\"Escrito por\" \/>\n\t<meta name=\"twitter:data1\" content=\"Dermival Pereira\" \/>\n\t<meta name=\"twitter:label2\" content=\"Est. tempo de leitura\" \/>\n\t<meta name=\"twitter:data2\" content=\"4 minutos\" \/>\n<script type=\"application\/ld+json\" class=\"yoast-schema-graph\">{\"@context\":\"https:\/\/schema.org\",\"@graph\":[{\"@type\":\"Article\",\"@id\":\"https:\/\/cleitonpinheiro.com.br\/site\/governo-do-tocantins-reforca-aos-municipios-a-realizacao-do-dia-d-de-vacinacao-neste-sabado\/#article\",\"isPartOf\":{\"@id\":\"https:\/\/cleitonpinheiro.com.br\/site\/governo-do-tocantins-reforca-aos-municipios-a-realizacao-do-dia-d-de-vacinacao-neste-sabado\/\"},\"author\":{\"name\":\"Dermival Pereira\",\"@id\":\"https:\/\/cleitonpinheiro.com.br\/site\/#\/schema\/person\/aac6d7f311e80c43042e98a900b03cd8\"},\"headline\":\"Governo do Tocantins refor\u00e7a aos munic\u00edpios a realiza\u00e7\u00e3o do Dia D de Vacina\u00e7\u00e3o neste s\u00e1bado\",\"datePublished\":\"2023-04-27T12:16:54+00:00\",\"dateModified\":\"2023-04-27T12:16:55+00:00\",\"mainEntityOfPage\":{\"@id\":\"https:\/\/cleitonpinheiro.com.br\/site\/governo-do-tocantins-reforca-aos-municipios-a-realizacao-do-dia-d-de-vacinacao-neste-sabado\/\"},\"wordCount\":590,\"commentCount\":0,\"publisher\":{\"@id\":\"https:\/\/cleitonpinheiro.com.br\/site\/#organization\"},\"image\":{\"@id\":\"https:\/\/cleitonpinheiro.com.br\/site\/governo-do-tocantins-reforca-aos-municipios-a-realizacao-do-dia-d-de-vacinacao-neste-sabado\/#primaryimage\"},\"thumbnailUrl\":\"https:\/\/cleitonpinheiro.com.br\/site\/wp-content\/uploads\/2023\/04\/Design-sem-nome-54-compressed.jpg\",\"articleSection\":[\"BRASIL \/ MUNDO\",\"MANCHETE SEGUND\u00c1RIA\"],\"inLanguage\":\"pt-BR\",\"potentialAction\":[{\"@type\":\"CommentAction\",\"name\":\"Comment\",\"target\":[\"https:\/\/cleitonpinheiro.com.br\/site\/governo-do-tocantins-reforca-aos-municipios-a-realizacao-do-dia-d-de-vacinacao-neste-sabado\/#respond\"]}]},{\"@type\":\"WebPage\",\"@id\":\"https:\/\/cleitonpinheiro.com.br\/site\/governo-do-tocantins-reforca-aos-municipios-a-realizacao-do-dia-d-de-vacinacao-neste-sabado\/\",\"url\":\"https:\/\/cleitonpinheiro.com.br\/site\/governo-do-tocantins-reforca-aos-municipios-a-realizacao-do-dia-d-de-vacinacao-neste-sabado\/\",\"name\":\"Governo do Tocantins refor\u00e7a aos munic\u00edpios a realiza\u00e7\u00e3o do Dia D de Vacina\u00e7\u00e3o neste s\u00e1bado - PORTAL DE NOT\u00cdCIAS CLEITON PINHEIRO\",\"isPartOf\":{\"@id\":\"https:\/\/cleitonpinheiro.com.br\/site\/#website\"},\"primaryImageOfPage\":{\"@id\":\"https:\/\/cleitonpinheiro.com.br\/site\/governo-do-tocantins-reforca-aos-municipios-a-realizacao-do-dia-d-de-vacinacao-neste-sabado\/#primaryimage\"},\"image\":{\"@id\":\"https:\/\/cleitonpinheiro.com.br\/site\/governo-do-tocantins-reforca-aos-municipios-a-realizacao-do-dia-d-de-vacinacao-neste-sabado\/#primaryimage\"},\"thumbnailUrl\":\"https:\/\/cleitonpinheiro.com.br\/site\/wp-content\/uploads\/2023\/04\/Design-sem-nome-54-compressed.jpg\",\"datePublished\":\"2023-04-27T12:16:54+00:00\",\"dateModified\":\"2023-04-27T12:16:55+00:00\",\"breadcrumb\":{\"@id\":\"https:\/\/cleitonpinheiro.com.br\/site\/governo-do-tocantins-reforca-aos-municipios-a-realizacao-do-dia-d-de-vacinacao-neste-sabado\/#breadcrumb\"},\"inLanguage\":\"pt-BR\",\"potentialAction\":[{\"@type\":\"ReadAction\",\"target\":[\"https:\/\/cleitonpinheiro.com.br\/site\/governo-do-tocantins-reforca-aos-municipios-a-realizacao-do-dia-d-de-vacinacao-neste-sabado\/\"]}]},{\"@type\":\"ImageObject\",\"inLanguage\":\"pt-BR\",\"@id\":\"https:\/\/cleitonpinheiro.com.br\/site\/governo-do-tocantins-reforca-aos-municipios-a-realizacao-do-dia-d-de-vacinacao-neste-sabado\/#primaryimage\",\"url\":\"\",\"contentUrl\":\"\"},{\"@type\":\"BreadcrumbList\",\"@id\":\"https:\/\/cleitonpinheiro.com.br\/site\/governo-do-tocantins-reforca-aos-municipios-a-realizacao-do-dia-d-de-vacinacao-neste-sabado\/#breadcrumb\",\"itemListElement\":[{\"@type\":\"ListItem\",\"position\":1,\"name\":\"In\u00edcio\",\"item\":\"https:\/\/cleitonpinheiro.com.br\/site\/\"},{\"@type\":\"ListItem\",\"position\":2,\"name\":\"Governo do Tocantins refor\u00e7a aos munic\u00edpios a realiza\u00e7\u00e3o do Dia D de Vacina\u00e7\u00e3o neste s\u00e1bado\"}]},{\"@type\":\"WebSite\",\"@id\":\"https:\/\/cleitonpinheiro.com.br\/site\/#website\",\"url\":\"https:\/\/cleitonpinheiro.com.br\/site\/\",\"name\":\"PORTAL DE NOT\u00cdCIAS CLEITON PINHEIRO\",\"description\":\"FALANDO A VERDADE\",\"publisher\":{\"@id\":\"https:\/\/cleitonpinheiro.com.br\/site\/#organization\"},\"potentialAction\":[{\"@type\":\"SearchAction\",\"target\":{\"@type\":\"EntryPoint\",\"urlTemplate\":\"https:\/\/cleitonpinheiro.com.br\/site\/?s={search_term_string}\"},\"query-input\":{\"@type\":\"PropertyValueSpecification\",\"valueRequired\":true,\"valueName\":\"search_term_string\"}}],\"inLanguage\":\"pt-BR\"},{\"@type\":\"Organization\",\"@id\":\"https:\/\/cleitonpinheiro.com.br\/site\/#organization\",\"name\":\"CPNOT\u00cdCIAS\",\"url\":\"https:\/\/cleitonpinheiro.com.br\/site\/\",\"logo\":{\"@type\":\"ImageObject\",\"inLanguage\":\"pt-BR\",\"@id\":\"https:\/\/cleitonpinheiro.com.br\/site\/#\/schema\/logo\/image\/\",\"url\":\"https:\/\/cleitonpinheiro.com.br\/site\/wp-content\/uploads\/2022\/08\/Logo-pequena-2.png\",\"contentUrl\":\"https:\/\/cleitonpinheiro.com.br\/site\/wp-content\/uploads\/2022\/08\/Logo-pequena-2.png\",\"width\":500,\"height\":500,\"caption\":\"CPNOT\u00cdCIAS\"},\"image\":{\"@id\":\"https:\/\/cleitonpinheiro.com.br\/site\/#\/schema\/logo\/image\/\"},\"sameAs\":[\"https:\/\/www.facebook.com\/portalcpnoticias\/\"]},{\"@type\":\"Person\",\"@id\":\"https:\/\/cleitonpinheiro.com.br\/site\/#\/schema\/person\/aac6d7f311e80c43042e98a900b03cd8\",\"name\":\"Dermival Pereira\",\"image\":{\"@type\":\"ImageObject\",\"inLanguage\":\"pt-BR\",\"@id\":\"https:\/\/cleitonpinheiro.com.br\/site\/#\/schema\/person\/image\/\",\"url\":\"https:\/\/secure.gravatar.com\/avatar\/cfaebf3742d6bf8db728bcba3eed6bee37b02337a2e6c822994f20ca72a3784d?s=96&r=g\",\"contentUrl\":\"https:\/\/secure.gravatar.com\/avatar\/cfaebf3742d6bf8db728bcba3eed6bee37b02337a2e6c822994f20ca72a3784d?s=96&r=g\",\"caption\":\"Dermival Pereira\"},\"url\":\"https:\/\/cleitonpinheiro.com.br\/site\/author\/dermival\/\"}]}<\/script>\n<!-- \/ Yoast SEO plugin. -->","yoast_head_json":{"title":"Governo do Tocantins refor\u00e7a aos munic\u00edpios a realiza\u00e7\u00e3o do Dia D de Vacina\u00e7\u00e3o neste s\u00e1bado - PORTAL DE NOT\u00cdCIAS CLEITON PINHEIRO","robots":{"index":"index","follow":"follow","max-snippet":"max-snippet:-1","max-image-preview":"max-image-preview:large","max-video-preview":"max-video-preview:-1"},"canonical":"https:\/\/cleitonpinheiro.com.br\/site\/governo-do-tocantins-reforca-aos-municipios-a-realizacao-do-dia-d-de-vacinacao-neste-sabado\/","og_locale":"pt_BR","og_type":"article","og_title":"Governo do Tocantins refor\u00e7a aos munic\u00edpios a realiza\u00e7\u00e3o do Dia D de Vacina\u00e7\u00e3o neste s\u00e1bado - PORTAL DE NOT\u00cdCIAS CLEITON PINHEIRO","og_description":"O Governo do Tocantins promove neste s\u00e1bado, 29, o Dia D de Vacina\u00e7\u00e3o contra a influenza e a covid-19. A a\u00e7\u00e3o \u00e9 organizada pela Secretaria de Estado da Sa\u00fade (SES-TO), que convocou todos os 139 munic\u00edpios tocantinenses, os quais dever\u00e3o abrir parte das mais de 300 salas de vacina existentes em todo o Estado. A [&hellip;]","og_url":"https:\/\/cleitonpinheiro.com.br\/site\/governo-do-tocantins-reforca-aos-municipios-a-realizacao-do-dia-d-de-vacinacao-neste-sabado\/","og_site_name":"PORTAL DE NOT\u00cdCIAS CLEITON PINHEIRO","article_publisher":"https:\/\/www.facebook.com\/portalcpnoticias\/","article_published_time":"2023-04-27T12:16:54+00:00","article_modified_time":"2023-04-27T12:16:55+00:00","og_image":[{"width":750,"height":450,"url":"https:\/\/cleitonpinheiro.com.br\/site\/wp-content\/uploads\/2023\/04\/Design-sem-nome-54-compressed.jpg","type":"image\/jpeg"}],"author":"Dermival Pereira","twitter_card":"summary_large_image","twitter_misc":{"Escrito por":"Dermival Pereira","Est. tempo de leitura":"4 minutos"},"schema":{"@context":"https:\/\/schema.org","@graph":[{"@type":"Article","@id":"https:\/\/cleitonpinheiro.com.br\/site\/governo-do-tocantins-reforca-aos-municipios-a-realizacao-do-dia-d-de-vacinacao-neste-sabado\/#article","isPartOf":{"@id":"https:\/\/cleitonpinheiro.com.br\/site\/governo-do-tocantins-reforca-aos-municipios-a-realizacao-do-dia-d-de-vacinacao-neste-sabado\/"},"author":{"name":"Dermival Pereira","@id":"https:\/\/cleitonpinheiro.com.br\/site\/#\/schema\/person\/aac6d7f311e80c43042e98a900b03cd8"},"headline":"Governo do Tocantins refor\u00e7a aos munic\u00edpios a realiza\u00e7\u00e3o do Dia D de Vacina\u00e7\u00e3o neste s\u00e1bado","datePublished":"2023-04-27T12:16:54+00:00","dateModified":"2023-04-27T12:16:55+00:00","mainEntityOfPage":{"@id":"https:\/\/cleitonpinheiro.com.br\/site\/governo-do-tocantins-reforca-aos-municipios-a-realizacao-do-dia-d-de-vacinacao-neste-sabado\/"},"wordCount":590,"commentCount":0,"publisher":{"@id":"https:\/\/cleitonpinheiro.com.br\/site\/#organization"},"image":{"@id":"https:\/\/cleitonpinheiro.com.br\/site\/governo-do-tocantins-reforca-aos-municipios-a-realizacao-do-dia-d-de-vacinacao-neste-sabado\/#primaryimage"},"thumbnailUrl":"https:\/\/cleitonpinheiro.com.br\/site\/wp-content\/uploads\/2023\/04\/Design-sem-nome-54-compressed.jpg","articleSection":["BRASIL \/ MUNDO","MANCHETE SEGUND\u00c1RIA"],"inLanguage":"pt-BR","potentialAction":[{"@type":"CommentAction","name":"Comment","target":["https:\/\/cleitonpinheiro.com.br\/site\/governo-do-tocantins-reforca-aos-municipios-a-realizacao-do-dia-d-de-vacinacao-neste-sabado\/#respond"]}]},{"@type":"WebPage","@id":"https:\/\/cleitonpinheiro.com.br\/site\/governo-do-tocantins-reforca-aos-municipios-a-realizacao-do-dia-d-de-vacinacao-neste-sabado\/","url":"https:\/\/cleitonpinheiro.com.br\/site\/governo-do-tocantins-reforca-aos-municipios-a-realizacao-do-dia-d-de-vacinacao-neste-sabado\/","name":"Governo do Tocantins refor\u00e7a aos munic\u00edpios a realiza\u00e7\u00e3o do Dia D de Vacina\u00e7\u00e3o neste s\u00e1bado - PORTAL DE NOT\u00cdCIAS CLEITON PINHEIRO","isPartOf":{"@id":"https:\/\/cleitonpinheiro.com.br\/site\/#website"},"primaryImageOfPage":{"@id":"https:\/\/cleitonpinheiro.com.br\/site\/governo-do-tocantins-reforca-aos-municipios-a-realizacao-do-dia-d-de-vacinacao-neste-sabado\/#primaryimage"},"image":{"@id":"https:\/\/cleitonpinheiro.com.br\/site\/governo-do-tocantins-reforca-aos-municipios-a-realizacao-do-dia-d-de-vacinacao-neste-sabado\/#primaryimage"},"thumbnailUrl":"https:\/\/cleitonpinheiro.com.br\/site\/wp-content\/uploads\/2023\/04\/Design-sem-nome-54-compressed.jpg","datePublished":"2023-04-27T12:16:54+00:00","dateModified":"2023-04-27T12:16:55+00:00","breadcrumb":{"@id":"https:\/\/cleitonpinheiro.com.br\/site\/governo-do-tocantins-reforca-aos-municipios-a-realizacao-do-dia-d-de-vacinacao-neste-sabado\/#breadcrumb"},"inLanguage":"pt-BR","potentialAction":[{"@type":"ReadAction","target":["https:\/\/cleitonpinheiro.com.br\/site\/governo-do-tocantins-reforca-aos-municipios-a-realizacao-do-dia-d-de-vacinacao-neste-sabado\/"]}]},{"@type":"ImageObject","inLanguage":"pt-BR","@id":"https:\/\/cleitonpinheiro.com.br\/site\/governo-do-tocantins-reforca-aos-municipios-a-realizacao-do-dia-d-de-vacinacao-neste-sabado\/#primaryimage","url":"","contentUrl":""},{"@type":"BreadcrumbList","@id":"https:\/\/cleitonpinheiro.com.br\/site\/governo-do-tocantins-reforca-aos-municipios-a-realizacao-do-dia-d-de-vacinacao-neste-sabado\/#breadcrumb","itemListElement":[{"@type":"ListItem","position":1,"name":"In\u00edcio","item":"https:\/\/cleitonpinheiro.com.br\/site\/"},{"@type":"ListItem","position":2,"name":"Governo do Tocantins refor\u00e7a aos munic\u00edpios a realiza\u00e7\u00e3o do Dia D de Vacina\u00e7\u00e3o neste s\u00e1bado"}]},{"@type":"WebSite","@id":"https:\/\/cleitonpinheiro.com.br\/site\/#website","url":"https:\/\/cleitonpinheiro.com.br\/site\/","name":"PORTAL DE NOT\u00cdCIAS CLEITON PINHEIRO","description":"FALANDO A VERDADE","publisher":{"@id":"https:\/\/cleitonpinheiro.com.br\/site\/#organization"},"potentialAction":[{"@type":"SearchAction","target":{"@type":"EntryPoint","urlTemplate":"https:\/\/cleitonpinheiro.com.br\/site\/?s={search_term_string}"},"query-input":{"@type":"PropertyValueSpecification","valueRequired":true,"valueName":"search_term_string"}}],"inLanguage":"pt-BR"},{"@type":"Organization","@id":"https:\/\/cleitonpinheiro.com.br\/site\/#organization","name":"CPNOT\u00cdCIAS","url":"https:\/\/cleitonpinheiro.com.br\/site\/","logo":{"@type":"ImageObject","inLanguage":"pt-BR","@id":"https:\/\/cleitonpinheiro.com.br\/site\/#\/schema\/logo\/image\/","url":"https:\/\/cleitonpinheiro.com.br\/site\/wp-content\/uploads\/2022\/08\/Logo-pequena-2.png","contentUrl":"https:\/\/cleitonpinheiro.com.br\/site\/wp-content\/uploads\/2022\/08\/Logo-pequena-2.png","width":500,"height":500,"caption":"CPNOT\u00cdCIAS"},"image":{"@id":"https:\/\/cleitonpinheiro.com.br\/site\/#\/schema\/logo\/image\/"},"sameAs":["https:\/\/www.facebook.com\/portalcpnoticias\/"]},{"@type":"Person","@id":"https:\/\/cleitonpinheiro.com.br\/site\/#\/schema\/person\/aac6d7f311e80c43042e98a900b03cd8","name":"Dermival Pereira","image":{"@type":"ImageObject","inLanguage":"pt-BR","@id":"https:\/\/cleitonpinheiro.com.br\/site\/#\/schema\/person\/image\/","url":"https:\/\/secure.gravatar.com\/avatar\/cfaebf3742d6bf8db728bcba3eed6bee37b02337a2e6c822994f20ca72a3784d?s=96&r=g","contentUrl":"https:\/\/secure.gravatar.com\/avatar\/cfaebf3742d6bf8db728bcba3eed6bee37b02337a2e6c822994f20ca72a3784d?s=96&r=g","caption":"Dermival Pereira"},"url":"https:\/\/cleitonpinheiro.com.br\/site\/author\/dermival\/"}]}},"views":559,"_links":{"self":[{"href":"https:\/\/cleitonpinheiro.com.br\/site\/wp-json\/wp\/v2\/posts\/70619","targetHints":{"allow":["GET"]}}],"collection":[{"href":"https:\/\/cleitonpinheiro.com.br\/site\/wp-json\/wp\/v2\/posts"}],"about":[{"href":"https:\/\/cleitonpinheiro.com.br\/site\/wp-json\/wp\/v2\/types\/post"}],"author":[{"embeddable":true,"href":"https:\/\/cleitonpinheiro.com.br\/site\/wp-json\/wp\/v2\/users\/4"}],"replies":[{"embeddable":true,"href":"https:\/\/cleitonpinheiro.com.br\/site\/wp-json\/wp\/v2\/comments?post=70619"}],"version-history":[{"count":1,"href":"https:\/\/cleitonpinheiro.com.br\/site\/wp-json\/wp\/v2\/posts\/70619\/revisions"}],"predecessor-version":[{"id":70621,"href":"https:\/\/cleitonpinheiro.com.br\/site\/wp-json\/wp\/v2\/posts\/70619\/revisions\/70621"}],"wp:attachment":[{"href":"https:\/\/cleitonpinheiro.com.br\/site\/wp-json\/wp\/v2\/media?parent=70619"}],"wp:term":[{"taxonomy":"category","embeddable":true,"href":"https:\/\/cleitonpinheiro.com.br\/site\/wp-json\/wp\/v2\/categories?post=70619"},{"taxonomy":"post_tag","embeddable":true,"href":"https:\/\/cleitonpinheiro.com.br\/site\/wp-json\/wp\/v2\/tags?post=70619"}],"curies":[{"name":"wp","href":"https:\/\/api.w.org\/{rel}","templated":true}]}}