{"id":70622,"date":"2023-04-27T09:31:34","date_gmt":"2023-04-27T12:31:34","guid":{"rendered":"https:\/\/cleitonpinheiro.com.br\/site\/?p=70622"},"modified":"2023-04-27T09:31:36","modified_gmt":"2023-04-27T12:31:36","slug":"dia-do-trabalhador-para-27-dos-brasileiros-emprego-dificulta-planejamento-familiar","status":"publish","type":"post","link":"https:\/\/cleitonpinheiro.com.br\/site\/dia-do-trabalhador-para-27-dos-brasileiros-emprego-dificulta-planejamento-familiar\/","title":{"rendered":"Dia do Trabalhador: para 27% dos brasileiros, emprego dificulta planejamento familiar"},"content":{"rendered":"\n<figure class=\"wp-block-image size-full is-resized\"><img fetchpriority=\"high\" decoding=\"async\" src=\"https:\/\/cleitonpinheiro.com.br\/site\/wp-content\/uploads\/2023\/04\/Design-sem-nome-55-compressed.jpg\" alt=\"\" class=\"wp-image-70623\" width=\"1022\" height=\"613\"\/><figcaption class=\"wp-element-caption\">Imagem: Divulga\u00e7\u00e3o<\/figcaption><\/figure>\n\n\n\n<p>A press\u00e3o por resultados, dentro das empresas, as mudan\u00e7as tecnol\u00f3gicas e o aumento da concorr\u00eancia profissional em um mundo cada vez mais globalizado s\u00e3o algumas quest\u00f5es que envolvem o trabalho, na contemporaneidade. Al\u00e9m disso, a busca constante pelo desenvolvimento pessoal e da carreira, as tarefas dom\u00e9sticas e, por vezes, a desigualdade na distribui\u00e7\u00e3o delas, bem como a falta de suporte social para o cuidado dos filhos e dos idosos, s\u00e3o elementos que costumam afetar a rotina de trabalhadores e fam\u00edlias.&nbsp;<\/p>\n\n\n\n<p>Especialistas no assunto alertam que todo esse cen\u00e1rio pode fazer com que as pessoas se esgotem f\u00edsica e mentalmente, a ponto de n\u00e3o conseguirem usufruir os filhos, o parceiro e seus interesses \u00edntimos. Assim, todos \u2014 homens, mulheres, crian\u00e7as, empresas \u2014 sairiam prejudicados, j\u00e1 que a rela\u00e7\u00e3o trabalho-fam\u00edlia \u00e9 interdependente e, por isso, o desempenho em uma dessas esferas repercute diretamente no modo de viver a outra. E, pertinente a isso, o \u00faltimo estudo feito pela&nbsp;<a href=\"https:\/\/www.famivita.com.br\/\" target=\"_blank\" rel=\"noreferrer noopener\">Famivita<\/a>&nbsp;mostrou que para 27% dos brasileiros e brasileiras, o trabalho dificulta o planejamento familiar e a vida da fam\u00edlia.&nbsp;<\/p>\n\n\n\n<p>Conforme os dados coletados, especialmente aqueles na faixa et\u00e1ria entre 35 a 39 anos, responderam que o trabalho atrapalha, com 31%. As pessoas com filhos mostraram mais preocupa\u00e7\u00e3o relacionada ao tema, com 30% ressaltando que o emprego dificulta, contra 23% daquelas sem filhos. Em rela\u00e7\u00e3o \u00e0s mulheres tentando engravidar, e gr\u00e1vidas, o n\u00edvel de insatisfa\u00e7\u00e3o com o trabalho foi de 17% e 27%, respectivamente.&nbsp;<\/p>\n\n\n\n<p>Interessante destacar que entre os participantes que afirmaram n\u00e3o gostar das suas atividades laborais, 39% enfatizaram que o emprego dificulta a vida familiar; tal n\u00famero foi de 23%, entre os que revelaram gostar.<\/p>\n\n\n\n<p>As informa\u00e7\u00f5es por estado deram conta que o Amap\u00e1 \u00e9 a localidade em que mais pessoas consideram que o emprego dificulta o planejamento familiar e a vida em fam\u00edlia, com 40%, seguida pelo Rio Grande do Norte, com 35% e Distrito Federal, com 33%. Em S\u00e3o Paulo e no Rio de Janeiro, esse n\u00famero foi de 26% e 22%, respectivamente.&nbsp;<\/p>\n\n\n\n<p><strong>Equil\u00edbrio delicado<\/strong><\/p>\n\n\n\n<p>Encontrar a harmonia entre o of\u00edcio e a vida familiar, nem sempre \u00e9 f\u00e1cil: trata-se, muitas vezes, de uma tarefa quase imposs\u00edvel, especialmente para quem est\u00e1 se consolidando no mercado de trabalho. As exig\u00eancias dos empregadores, a falta de flexibilidade nos hor\u00e1rios e o medo, por parte dos trabalhadores, de repres\u00e1lias que possam culminar na perda do emprego s\u00e3o alguns dos principais motivos que impedem ou dificultam essa concilia\u00e7\u00e3o.&nbsp;<\/p>\n\n\n\n<p>Inclusive, justamente pensando em eliminar o conflito entre esses dois mundos, foi criada em 2005, na Espanha, a certifica\u00e7\u00e3o &#8220;Empresas Familiarmente Respons\u00e1veis&#8221; (EFR). Idealizada pela Funda\u00e7\u00e3o M\u00e1sfamilia, uma entidade privada e sem fins lucrativos, a iniciativa prop\u00f5e-se a apresentar solu\u00e7\u00f5es a quest\u00f5es vinculadas \u00e0 vida profissional e familiar, bem como ao apoio \u00e0 igualdade de oportunidades e \u00e0 inclus\u00e3o de grupos sociais menos favorecidos. Na atualidade, o movimento conta com mais de 600 organiza\u00e7\u00f5es, certificadas em mais de 20 pa\u00edses.&nbsp;<\/p>\n","protected":false},"excerpt":{"rendered":"<p>A press\u00e3o por resultados, dentro das empresas, as mudan\u00e7as tecnol\u00f3gicas e o aumento da concorr\u00eancia profissional em um mundo cada vez mais globalizado s\u00e3o algumas quest\u00f5es que envolvem o trabalho, na contemporaneidade. Al\u00e9m disso, a busca constante pelo desenvolvimento pessoal e da carreira, as tarefas dom\u00e9sticas e, por vezes, a desigualdade na distribui\u00e7\u00e3o delas, bem [&hellip;]<\/p>\n","protected":false},"author":4,"featured_media":0,"comment_status":"open","ping_status":"open","sticky":false,"template":"","format":"standard","meta":{"_acf_changed":false,"footnotes":""},"categories":[19,898],"tags":[],"class_list":["post-70622","post","type-post","status-publish","format-standard","hentry","category-brasil-mundo","category-manchete-segundaria"],"acf":[],"yoast_head":"<!-- This site is optimized with the Yoast SEO plugin v24.4 - https:\/\/yoast.com\/wordpress\/plugins\/seo\/ -->\n<title>Dia do Trabalhador: para 27% dos brasileiros, emprego dificulta planejamento familiar - PORTAL DE NOT\u00cdCIAS CLEITON PINHEIRO<\/title>\n<meta name=\"robots\" content=\"index, follow, max-snippet:-1, max-image-preview:large, max-video-preview:-1\" \/>\n<link rel=\"canonical\" href=\"https:\/\/cleitonpinheiro.com.br\/site\/dia-do-trabalhador-para-27-dos-brasileiros-emprego-dificulta-planejamento-familiar\/\" \/>\n<meta property=\"og:locale\" content=\"pt_BR\" \/>\n<meta property=\"og:type\" content=\"article\" \/>\n<meta property=\"og:title\" content=\"Dia do Trabalhador: para 27% dos brasileiros, emprego dificulta planejamento familiar - PORTAL DE NOT\u00cdCIAS CLEITON PINHEIRO\" \/>\n<meta property=\"og:description\" content=\"A press\u00e3o por resultados, dentro das empresas, as mudan\u00e7as tecnol\u00f3gicas e o aumento da concorr\u00eancia profissional em um mundo cada vez mais globalizado s\u00e3o algumas quest\u00f5es que envolvem o trabalho, na contemporaneidade. Al\u00e9m disso, a busca constante pelo desenvolvimento pessoal e da carreira, as tarefas dom\u00e9sticas e, por vezes, a desigualdade na distribui\u00e7\u00e3o delas, bem [&hellip;]\" \/>\n<meta property=\"og:url\" content=\"https:\/\/cleitonpinheiro.com.br\/site\/dia-do-trabalhador-para-27-dos-brasileiros-emprego-dificulta-planejamento-familiar\/\" \/>\n<meta property=\"og:site_name\" content=\"PORTAL DE NOT\u00cdCIAS CLEITON PINHEIRO\" \/>\n<meta property=\"article:publisher\" content=\"https:\/\/www.facebook.com\/portalcpnoticias\/\" \/>\n<meta property=\"article:published_time\" content=\"2023-04-27T12:31:34+00:00\" \/>\n<meta property=\"article:modified_time\" content=\"2023-04-27T12:31:36+00:00\" \/>\n<meta property=\"og:image\" content=\"https:\/\/cleitonpinheiro.com.br\/site\/wp-content\/uploads\/2023\/04\/Design-sem-nome-55-compressed.jpg\" \/>\n\t<meta property=\"og:image:width\" content=\"750\" \/>\n\t<meta property=\"og:image:height\" content=\"450\" \/>\n\t<meta property=\"og:image:type\" content=\"image\/jpeg\" \/>\n<meta name=\"author\" content=\"Dermival Pereira\" \/>\n<meta name=\"twitter:card\" content=\"summary_large_image\" \/>\n<meta name=\"twitter:label1\" content=\"Escrito por\" \/>\n\t<meta name=\"twitter:data1\" content=\"Dermival Pereira\" \/>\n\t<meta name=\"twitter:label2\" content=\"Est. tempo de leitura\" \/>\n\t<meta name=\"twitter:data2\" content=\"3 minutos\" \/>\n<script type=\"application\/ld+json\" class=\"yoast-schema-graph\">{\"@context\":\"https:\/\/schema.org\",\"@graph\":[{\"@type\":\"Article\",\"@id\":\"https:\/\/cleitonpinheiro.com.br\/site\/dia-do-trabalhador-para-27-dos-brasileiros-emprego-dificulta-planejamento-familiar\/#article\",\"isPartOf\":{\"@id\":\"https:\/\/cleitonpinheiro.com.br\/site\/dia-do-trabalhador-para-27-dos-brasileiros-emprego-dificulta-planejamento-familiar\/\"},\"author\":{\"name\":\"Dermival Pereira\",\"@id\":\"https:\/\/cleitonpinheiro.com.br\/site\/#\/schema\/person\/aac6d7f311e80c43042e98a900b03cd8\"},\"headline\":\"Dia do Trabalhador: para 27% dos brasileiros, emprego dificulta planejamento familiar\",\"datePublished\":\"2023-04-27T12:31:34+00:00\",\"dateModified\":\"2023-04-27T12:31:36+00:00\",\"mainEntityOfPage\":{\"@id\":\"https:\/\/cleitonpinheiro.com.br\/site\/dia-do-trabalhador-para-27-dos-brasileiros-emprego-dificulta-planejamento-familiar\/\"},\"wordCount\":528,\"commentCount\":0,\"publisher\":{\"@id\":\"https:\/\/cleitonpinheiro.com.br\/site\/#organization\"},\"image\":{\"@id\":\"https:\/\/cleitonpinheiro.com.br\/site\/dia-do-trabalhador-para-27-dos-brasileiros-emprego-dificulta-planejamento-familiar\/#primaryimage\"},\"thumbnailUrl\":\"https:\/\/cleitonpinheiro.com.br\/site\/wp-content\/uploads\/2023\/04\/Design-sem-nome-55-compressed.jpg\",\"articleSection\":[\"BRASIL \/ MUNDO\",\"MANCHETE SEGUND\u00c1RIA\"],\"inLanguage\":\"pt-BR\",\"potentialAction\":[{\"@type\":\"CommentAction\",\"name\":\"Comment\",\"target\":[\"https:\/\/cleitonpinheiro.com.br\/site\/dia-do-trabalhador-para-27-dos-brasileiros-emprego-dificulta-planejamento-familiar\/#respond\"]}]},{\"@type\":\"WebPage\",\"@id\":\"https:\/\/cleitonpinheiro.com.br\/site\/dia-do-trabalhador-para-27-dos-brasileiros-emprego-dificulta-planejamento-familiar\/\",\"url\":\"https:\/\/cleitonpinheiro.com.br\/site\/dia-do-trabalhador-para-27-dos-brasileiros-emprego-dificulta-planejamento-familiar\/\",\"name\":\"Dia do Trabalhador: para 27% dos brasileiros, emprego dificulta planejamento familiar - PORTAL DE NOT\u00cdCIAS CLEITON PINHEIRO\",\"isPartOf\":{\"@id\":\"https:\/\/cleitonpinheiro.com.br\/site\/#website\"},\"primaryImageOfPage\":{\"@id\":\"https:\/\/cleitonpinheiro.com.br\/site\/dia-do-trabalhador-para-27-dos-brasileiros-emprego-dificulta-planejamento-familiar\/#primaryimage\"},\"image\":{\"@id\":\"https:\/\/cleitonpinheiro.com.br\/site\/dia-do-trabalhador-para-27-dos-brasileiros-emprego-dificulta-planejamento-familiar\/#primaryimage\"},\"thumbnailUrl\":\"https:\/\/cleitonpinheiro.com.br\/site\/wp-content\/uploads\/2023\/04\/Design-sem-nome-55-compressed.jpg\",\"datePublished\":\"2023-04-27T12:31:34+00:00\",\"dateModified\":\"2023-04-27T12:31:36+00:00\",\"breadcrumb\":{\"@id\":\"https:\/\/cleitonpinheiro.com.br\/site\/dia-do-trabalhador-para-27-dos-brasileiros-emprego-dificulta-planejamento-familiar\/#breadcrumb\"},\"inLanguage\":\"pt-BR\",\"potentialAction\":[{\"@type\":\"ReadAction\",\"target\":[\"https:\/\/cleitonpinheiro.com.br\/site\/dia-do-trabalhador-para-27-dos-brasileiros-emprego-dificulta-planejamento-familiar\/\"]}]},{\"@type\":\"ImageObject\",\"inLanguage\":\"pt-BR\",\"@id\":\"https:\/\/cleitonpinheiro.com.br\/site\/dia-do-trabalhador-para-27-dos-brasileiros-emprego-dificulta-planejamento-familiar\/#primaryimage\",\"url\":\"\",\"contentUrl\":\"\"},{\"@type\":\"BreadcrumbList\",\"@id\":\"https:\/\/cleitonpinheiro.com.br\/site\/dia-do-trabalhador-para-27-dos-brasileiros-emprego-dificulta-planejamento-familiar\/#breadcrumb\",\"itemListElement\":[{\"@type\":\"ListItem\",\"position\":1,\"name\":\"In\u00edcio\",\"item\":\"https:\/\/cleitonpinheiro.com.br\/site\/\"},{\"@type\":\"ListItem\",\"position\":2,\"name\":\"Dia do Trabalhador: para 27% dos brasileiros, emprego dificulta planejamento familiar\"}]},{\"@type\":\"WebSite\",\"@id\":\"https:\/\/cleitonpinheiro.com.br\/site\/#website\",\"url\":\"https:\/\/cleitonpinheiro.com.br\/site\/\",\"name\":\"PORTAL DE NOT\u00cdCIAS CLEITON PINHEIRO\",\"description\":\"FALANDO A VERDADE\",\"publisher\":{\"@id\":\"https:\/\/cleitonpinheiro.com.br\/site\/#organization\"},\"potentialAction\":[{\"@type\":\"SearchAction\",\"target\":{\"@type\":\"EntryPoint\",\"urlTemplate\":\"https:\/\/cleitonpinheiro.com.br\/site\/?s={search_term_string}\"},\"query-input\":{\"@type\":\"PropertyValueSpecification\",\"valueRequired\":true,\"valueName\":\"search_term_string\"}}],\"inLanguage\":\"pt-BR\"},{\"@type\":\"Organization\",\"@id\":\"https:\/\/cleitonpinheiro.com.br\/site\/#organization\",\"name\":\"CPNOT\u00cdCIAS\",\"url\":\"https:\/\/cleitonpinheiro.com.br\/site\/\",\"logo\":{\"@type\":\"ImageObject\",\"inLanguage\":\"pt-BR\",\"@id\":\"https:\/\/cleitonpinheiro.com.br\/site\/#\/schema\/logo\/image\/\",\"url\":\"https:\/\/cleitonpinheiro.com.br\/site\/wp-content\/uploads\/2022\/08\/Logo-pequena-2.png\",\"contentUrl\":\"https:\/\/cleitonpinheiro.com.br\/site\/wp-content\/uploads\/2022\/08\/Logo-pequena-2.png\",\"width\":500,\"height\":500,\"caption\":\"CPNOT\u00cdCIAS\"},\"image\":{\"@id\":\"https:\/\/cleitonpinheiro.com.br\/site\/#\/schema\/logo\/image\/\"},\"sameAs\":[\"https:\/\/www.facebook.com\/portalcpnoticias\/\"]},{\"@type\":\"Person\",\"@id\":\"https:\/\/cleitonpinheiro.com.br\/site\/#\/schema\/person\/aac6d7f311e80c43042e98a900b03cd8\",\"name\":\"Dermival Pereira\",\"image\":{\"@type\":\"ImageObject\",\"inLanguage\":\"pt-BR\",\"@id\":\"https:\/\/cleitonpinheiro.com.br\/site\/#\/schema\/person\/image\/\",\"url\":\"https:\/\/secure.gravatar.com\/avatar\/cfaebf3742d6bf8db728bcba3eed6bee37b02337a2e6c822994f20ca72a3784d?s=96&r=g\",\"contentUrl\":\"https:\/\/secure.gravatar.com\/avatar\/cfaebf3742d6bf8db728bcba3eed6bee37b02337a2e6c822994f20ca72a3784d?s=96&r=g\",\"caption\":\"Dermival Pereira\"},\"url\":\"https:\/\/cleitonpinheiro.com.br\/site\/author\/dermival\/\"}]}<\/script>\n<!-- \/ Yoast SEO plugin. -->","yoast_head_json":{"title":"Dia do Trabalhador: para 27% dos brasileiros, emprego dificulta planejamento familiar - PORTAL DE NOT\u00cdCIAS CLEITON PINHEIRO","robots":{"index":"index","follow":"follow","max-snippet":"max-snippet:-1","max-image-preview":"max-image-preview:large","max-video-preview":"max-video-preview:-1"},"canonical":"https:\/\/cleitonpinheiro.com.br\/site\/dia-do-trabalhador-para-27-dos-brasileiros-emprego-dificulta-planejamento-familiar\/","og_locale":"pt_BR","og_type":"article","og_title":"Dia do Trabalhador: para 27% dos brasileiros, emprego dificulta planejamento familiar - PORTAL DE NOT\u00cdCIAS CLEITON PINHEIRO","og_description":"A press\u00e3o por resultados, dentro das empresas, as mudan\u00e7as tecnol\u00f3gicas e o aumento da concorr\u00eancia profissional em um mundo cada vez mais globalizado s\u00e3o algumas quest\u00f5es que envolvem o trabalho, na contemporaneidade. Al\u00e9m disso, a busca constante pelo desenvolvimento pessoal e da carreira, as tarefas dom\u00e9sticas e, por vezes, a desigualdade na distribui\u00e7\u00e3o delas, bem [&hellip;]","og_url":"https:\/\/cleitonpinheiro.com.br\/site\/dia-do-trabalhador-para-27-dos-brasileiros-emprego-dificulta-planejamento-familiar\/","og_site_name":"PORTAL DE NOT\u00cdCIAS CLEITON PINHEIRO","article_publisher":"https:\/\/www.facebook.com\/portalcpnoticias\/","article_published_time":"2023-04-27T12:31:34+00:00","article_modified_time":"2023-04-27T12:31:36+00:00","og_image":[{"width":750,"height":450,"url":"https:\/\/cleitonpinheiro.com.br\/site\/wp-content\/uploads\/2023\/04\/Design-sem-nome-55-compressed.jpg","type":"image\/jpeg"}],"author":"Dermival Pereira","twitter_card":"summary_large_image","twitter_misc":{"Escrito por":"Dermival Pereira","Est. tempo de leitura":"3 minutos"},"schema":{"@context":"https:\/\/schema.org","@graph":[{"@type":"Article","@id":"https:\/\/cleitonpinheiro.com.br\/site\/dia-do-trabalhador-para-27-dos-brasileiros-emprego-dificulta-planejamento-familiar\/#article","isPartOf":{"@id":"https:\/\/cleitonpinheiro.com.br\/site\/dia-do-trabalhador-para-27-dos-brasileiros-emprego-dificulta-planejamento-familiar\/"},"author":{"name":"Dermival Pereira","@id":"https:\/\/cleitonpinheiro.com.br\/site\/#\/schema\/person\/aac6d7f311e80c43042e98a900b03cd8"},"headline":"Dia do Trabalhador: para 27% dos brasileiros, emprego dificulta planejamento familiar","datePublished":"2023-04-27T12:31:34+00:00","dateModified":"2023-04-27T12:31:36+00:00","mainEntityOfPage":{"@id":"https:\/\/cleitonpinheiro.com.br\/site\/dia-do-trabalhador-para-27-dos-brasileiros-emprego-dificulta-planejamento-familiar\/"},"wordCount":528,"commentCount":0,"publisher":{"@id":"https:\/\/cleitonpinheiro.com.br\/site\/#organization"},"image":{"@id":"https:\/\/cleitonpinheiro.com.br\/site\/dia-do-trabalhador-para-27-dos-brasileiros-emprego-dificulta-planejamento-familiar\/#primaryimage"},"thumbnailUrl":"https:\/\/cleitonpinheiro.com.br\/site\/wp-content\/uploads\/2023\/04\/Design-sem-nome-55-compressed.jpg","articleSection":["BRASIL \/ MUNDO","MANCHETE SEGUND\u00c1RIA"],"inLanguage":"pt-BR","potentialAction":[{"@type":"CommentAction","name":"Comment","target":["https:\/\/cleitonpinheiro.com.br\/site\/dia-do-trabalhador-para-27-dos-brasileiros-emprego-dificulta-planejamento-familiar\/#respond"]}]},{"@type":"WebPage","@id":"https:\/\/cleitonpinheiro.com.br\/site\/dia-do-trabalhador-para-27-dos-brasileiros-emprego-dificulta-planejamento-familiar\/","url":"https:\/\/cleitonpinheiro.com.br\/site\/dia-do-trabalhador-para-27-dos-brasileiros-emprego-dificulta-planejamento-familiar\/","name":"Dia do Trabalhador: para 27% dos brasileiros, emprego dificulta planejamento familiar - PORTAL DE NOT\u00cdCIAS CLEITON PINHEIRO","isPartOf":{"@id":"https:\/\/cleitonpinheiro.com.br\/site\/#website"},"primaryImageOfPage":{"@id":"https:\/\/cleitonpinheiro.com.br\/site\/dia-do-trabalhador-para-27-dos-brasileiros-emprego-dificulta-planejamento-familiar\/#primaryimage"},"image":{"@id":"https:\/\/cleitonpinheiro.com.br\/site\/dia-do-trabalhador-para-27-dos-brasileiros-emprego-dificulta-planejamento-familiar\/#primaryimage"},"thumbnailUrl":"https:\/\/cleitonpinheiro.com.br\/site\/wp-content\/uploads\/2023\/04\/Design-sem-nome-55-compressed.jpg","datePublished":"2023-04-27T12:31:34+00:00","dateModified":"2023-04-27T12:31:36+00:00","breadcrumb":{"@id":"https:\/\/cleitonpinheiro.com.br\/site\/dia-do-trabalhador-para-27-dos-brasileiros-emprego-dificulta-planejamento-familiar\/#breadcrumb"},"inLanguage":"pt-BR","potentialAction":[{"@type":"ReadAction","target":["https:\/\/cleitonpinheiro.com.br\/site\/dia-do-trabalhador-para-27-dos-brasileiros-emprego-dificulta-planejamento-familiar\/"]}]},{"@type":"ImageObject","inLanguage":"pt-BR","@id":"https:\/\/cleitonpinheiro.com.br\/site\/dia-do-trabalhador-para-27-dos-brasileiros-emprego-dificulta-planejamento-familiar\/#primaryimage","url":"","contentUrl":""},{"@type":"BreadcrumbList","@id":"https:\/\/cleitonpinheiro.com.br\/site\/dia-do-trabalhador-para-27-dos-brasileiros-emprego-dificulta-planejamento-familiar\/#breadcrumb","itemListElement":[{"@type":"ListItem","position":1,"name":"In\u00edcio","item":"https:\/\/cleitonpinheiro.com.br\/site\/"},{"@type":"ListItem","position":2,"name":"Dia do Trabalhador: para 27% dos brasileiros, emprego dificulta planejamento familiar"}]},{"@type":"WebSite","@id":"https:\/\/cleitonpinheiro.com.br\/site\/#website","url":"https:\/\/cleitonpinheiro.com.br\/site\/","name":"PORTAL DE NOT\u00cdCIAS CLEITON PINHEIRO","description":"FALANDO A VERDADE","publisher":{"@id":"https:\/\/cleitonpinheiro.com.br\/site\/#organization"},"potentialAction":[{"@type":"SearchAction","target":{"@type":"EntryPoint","urlTemplate":"https:\/\/cleitonpinheiro.com.br\/site\/?s={search_term_string}"},"query-input":{"@type":"PropertyValueSpecification","valueRequired":true,"valueName":"search_term_string"}}],"inLanguage":"pt-BR"},{"@type":"Organization","@id":"https:\/\/cleitonpinheiro.com.br\/site\/#organization","name":"CPNOT\u00cdCIAS","url":"https:\/\/cleitonpinheiro.com.br\/site\/","logo":{"@type":"ImageObject","inLanguage":"pt-BR","@id":"https:\/\/cleitonpinheiro.com.br\/site\/#\/schema\/logo\/image\/","url":"https:\/\/cleitonpinheiro.com.br\/site\/wp-content\/uploads\/2022\/08\/Logo-pequena-2.png","contentUrl":"https:\/\/cleitonpinheiro.com.br\/site\/wp-content\/uploads\/2022\/08\/Logo-pequena-2.png","width":500,"height":500,"caption":"CPNOT\u00cdCIAS"},"image":{"@id":"https:\/\/cleitonpinheiro.com.br\/site\/#\/schema\/logo\/image\/"},"sameAs":["https:\/\/www.facebook.com\/portalcpnoticias\/"]},{"@type":"Person","@id":"https:\/\/cleitonpinheiro.com.br\/site\/#\/schema\/person\/aac6d7f311e80c43042e98a900b03cd8","name":"Dermival Pereira","image":{"@type":"ImageObject","inLanguage":"pt-BR","@id":"https:\/\/cleitonpinheiro.com.br\/site\/#\/schema\/person\/image\/","url":"https:\/\/secure.gravatar.com\/avatar\/cfaebf3742d6bf8db728bcba3eed6bee37b02337a2e6c822994f20ca72a3784d?s=96&r=g","contentUrl":"https:\/\/secure.gravatar.com\/avatar\/cfaebf3742d6bf8db728bcba3eed6bee37b02337a2e6c822994f20ca72a3784d?s=96&r=g","caption":"Dermival Pereira"},"url":"https:\/\/cleitonpinheiro.com.br\/site\/author\/dermival\/"}]}},"views":234,"_links":{"self":[{"href":"https:\/\/cleitonpinheiro.com.br\/site\/wp-json\/wp\/v2\/posts\/70622","targetHints":{"allow":["GET"]}}],"collection":[{"href":"https:\/\/cleitonpinheiro.com.br\/site\/wp-json\/wp\/v2\/posts"}],"about":[{"href":"https:\/\/cleitonpinheiro.com.br\/site\/wp-json\/wp\/v2\/types\/post"}],"author":[{"embeddable":true,"href":"https:\/\/cleitonpinheiro.com.br\/site\/wp-json\/wp\/v2\/users\/4"}],"replies":[{"embeddable":true,"href":"https:\/\/cleitonpinheiro.com.br\/site\/wp-json\/wp\/v2\/comments?post=70622"}],"version-history":[{"count":1,"href":"https:\/\/cleitonpinheiro.com.br\/site\/wp-json\/wp\/v2\/posts\/70622\/revisions"}],"predecessor-version":[{"id":70624,"href":"https:\/\/cleitonpinheiro.com.br\/site\/wp-json\/wp\/v2\/posts\/70622\/revisions\/70624"}],"wp:attachment":[{"href":"https:\/\/cleitonpinheiro.com.br\/site\/wp-json\/wp\/v2\/media?parent=70622"}],"wp:term":[{"taxonomy":"category","embeddable":true,"href":"https:\/\/cleitonpinheiro.com.br\/site\/wp-json\/wp\/v2\/categories?post=70622"},{"taxonomy":"post_tag","embeddable":true,"href":"https:\/\/cleitonpinheiro.com.br\/site\/wp-json\/wp\/v2\/tags?post=70622"}],"curies":[{"name":"wp","href":"https:\/\/api.w.org\/{rel}","templated":true}]}}