{"id":70625,"date":"2023-04-27T09:45:00","date_gmt":"2023-04-27T12:45:00","guid":{"rendered":"https:\/\/cleitonpinheiro.com.br\/site\/?p=70625"},"modified":"2023-04-27T09:45:02","modified_gmt":"2023-04-27T12:45:02","slug":"receita-federal-e-a-undime-to-discutem-parcerias-com-foco-em-laboratorios-de-informatica-nos-municipios-tocantinenses","status":"publish","type":"post","link":"https:\/\/cleitonpinheiro.com.br\/site\/receita-federal-e-a-undime-to-discutem-parcerias-com-foco-em-laboratorios-de-informatica-nos-municipios-tocantinenses\/","title":{"rendered":"Receita Federal e a Undime-TO discutem parcerias com foco  em laborat\u00f3rios de inform\u00e1tica nos munic\u00edpios tocantinenses"},"content":{"rendered":"\n<figure class=\"wp-block-image size-full is-resized\"><img fetchpriority=\"high\" decoding=\"async\" src=\"https:\/\/cleitonpinheiro.com.br\/site\/wp-content\/uploads\/2023\/04\/Design-sem-nome-56-compressed.jpg\" alt=\"\" class=\"wp-image-70626\" width=\"1021\" height=\"613\"\/><figcaption class=\"wp-element-caption\">Foto: Ascom da Receita Federal\/Divulga\u00e7\u00e3o<\/figcaption><\/figure>\n\n\n\n<p>A Uni\u00e3o dos Dirigentes Municipais de Educa\u00e7\u00e3o (Undime-TO) realizou na manh\u00e3 desta quarta-feira, 26, no audit\u00f3rio do Col\u00e9gio Militar Senador Luiz Maia, em Palmas, um encontro com os secret\u00e1rios municipais de educa\u00e7\u00e3o de v\u00e1rias localidades do Tocantins. Na ocasi\u00e3o, discutiram a parceria institucional que ser\u00e1 firmada com a Receita Federal para a aquisi\u00e7\u00e3o de equipamentos com o objetivo de estruturar laborat\u00f3rios de inform\u00e1tica pelo Estado.<\/p>\n\n\n\n<p>O delegado da Receita Federal no Tocantins, o auditor fiscal Ricardo Wagner Magalh\u00e3es afirma que o laborat\u00f3rio de inform\u00e1tica ser\u00e1 implementado com aparelhos apreendidos em opera\u00e7\u00f5es realizadas pela Receita. \u201cRealizamos parcerias com as universidades para que elas anulassem o programa que rouba o sinal de TV, para que assim, fosse poss\u00edvel transformar os aparelhos em CPUs e poder utiliz\u00e1-los para montar os laborat\u00f3rios\u201d, enfatiza.&nbsp;<\/p>\n\n\n\n<p>A presidente da Undime Tocantins, Francinete Ribeiro, destaca que para a parceria ter sucesso, as prefeituras precisam adquirir teclados, mouse, monitores e espa\u00e7os adequados para estruturar os laborat\u00f3rios. \u201cMuitas escolas e institui\u00e7\u00f5es de ensino enfrentam dificuldades financeiras para adquirir equipamentos de qualidade, o que pode limitar o aprendizado dos estudantes e prejudicar sua forma\u00e7\u00e3o profissional. Essa parceria se faz importante por est\u00e1 fornecendo recursos tecnol\u00f3gicos para melhorar a qualidade do ensino, al\u00e9m de oferecer oportunidades de aprendizado aos estudantes que ter\u00e3o acesso a esses equipamentos\u201d, aponta.<\/p>\n\n\n\n<p>O delegado Ricardo Magalh\u00e3es destaca ainda que a iniciativa de doar equipamentos apreendidos t\u00eam contribu\u00eddo para aprimorar a qualidade da educa\u00e7\u00e3o no Estado, al\u00e9m de promover a inclus\u00e3o digital e incentivar o uso da tecnologia. \u201cA Receita Federal tem promovido diversas a\u00e7\u00f5es voltadas para a educa\u00e7\u00e3o, como palestras e workshops para professores e alunos, e o desenvolvimento de projetos educacionais que despertam o interesse dos jovens pelas \u00e1reas de ci\u00eancia, tecnologia, engenharia e matem\u00e1tica. Essas iniciativas demonstram o comprometimento da institui\u00e7\u00e3o com a forma\u00e7\u00e3o e o desenvolvimento dos jovens brasileiros\u201d, pontua.<\/p>\n\n\n\n<p>Estima-se que cerca de 40 munic\u00edpios tocantinenses tenham comparecido ao encontro. F\u00e1bio Vaz, secret\u00e1rio estadual de educa\u00e7\u00e3o, afirma que a parceria com a Receita Federal abre portas para muitas outras serem firmadas. \u201c2023 ser\u00e1 um ano promissor para a educa\u00e7\u00e3o no Tocantins. Essa parceria ir\u00e1 auxiliar de forma efetiva na recupera\u00e7\u00e3o dos atrasos tecnol\u00f3gicos dos nossos munic\u00edpios. Iremos dar suporte, adquirir os materiais necess\u00e1rios, faremos tudo que estiver ao nosso alcance\u201d, finaliza.<\/p>\n\n\n\n<p>O evento contou com a participa\u00e7\u00e3o do secret\u00e1rio de educa\u00e7\u00e3o do Estado, F\u00e1bio Vaz, bem como dos secret\u00e1rios municipais de educa\u00e7\u00e3o, prefeitos, diretores e coordenadores da rede educacional dos munic\u00edpios.\u00a0<em><strong>(Fonte: Ascom da Receita Federal no Tocantins).<\/strong><\/em><\/p>\n","protected":false},"excerpt":{"rendered":"<p>A Uni\u00e3o dos Dirigentes Municipais de Educa\u00e7\u00e3o (Undime-TO) realizou na manh\u00e3 desta quarta-feira, 26, no audit\u00f3rio do Col\u00e9gio Militar Senador Luiz Maia, em Palmas, um encontro com os secret\u00e1rios municipais de educa\u00e7\u00e3o de v\u00e1rias localidades do Tocantins. Na ocasi\u00e3o, discutiram a parceria institucional que ser\u00e1 firmada com a Receita Federal para a aquisi\u00e7\u00e3o de equipamentos [&hellip;]<\/p>\n","protected":false},"author":4,"featured_media":0,"comment_status":"open","ping_status":"open","sticky":false,"template":"","format":"standard","meta":{"_acf_changed":false,"footnotes":""},"categories":[8,898],"tags":[],"class_list":["post-70625","post","type-post","status-publish","format-standard","hentry","category-estado","category-manchete-segundaria"],"acf":[],"yoast_head":"<!-- This site is optimized with the Yoast SEO plugin v24.4 - https:\/\/yoast.com\/wordpress\/plugins\/seo\/ -->\n<title>Receita Federal e a Undime-TO discutem parcerias com foco em laborat\u00f3rios de inform\u00e1tica nos munic\u00edpios tocantinenses - PORTAL DE NOT\u00cdCIAS CLEITON PINHEIRO<\/title>\n<meta name=\"robots\" content=\"index, follow, max-snippet:-1, max-image-preview:large, max-video-preview:-1\" \/>\n<link rel=\"canonical\" href=\"https:\/\/cleitonpinheiro.com.br\/site\/receita-federal-e-a-undime-to-discutem-parcerias-com-foco-em-laboratorios-de-informatica-nos-municipios-tocantinenses\/\" \/>\n<meta property=\"og:locale\" content=\"pt_BR\" \/>\n<meta property=\"og:type\" content=\"article\" \/>\n<meta property=\"og:title\" content=\"Receita Federal e a Undime-TO discutem parcerias com foco em laborat\u00f3rios de inform\u00e1tica nos munic\u00edpios tocantinenses - PORTAL DE NOT\u00cdCIAS CLEITON PINHEIRO\" \/>\n<meta property=\"og:description\" content=\"A Uni\u00e3o dos Dirigentes Municipais de Educa\u00e7\u00e3o (Undime-TO) realizou na manh\u00e3 desta quarta-feira, 26, no audit\u00f3rio do Col\u00e9gio Militar Senador Luiz Maia, em Palmas, um encontro com os secret\u00e1rios municipais de educa\u00e7\u00e3o de v\u00e1rias localidades do Tocantins. Na ocasi\u00e3o, discutiram a parceria institucional que ser\u00e1 firmada com a Receita Federal para a aquisi\u00e7\u00e3o de equipamentos [&hellip;]\" \/>\n<meta property=\"og:url\" content=\"https:\/\/cleitonpinheiro.com.br\/site\/receita-federal-e-a-undime-to-discutem-parcerias-com-foco-em-laboratorios-de-informatica-nos-municipios-tocantinenses\/\" \/>\n<meta property=\"og:site_name\" content=\"PORTAL DE NOT\u00cdCIAS CLEITON PINHEIRO\" \/>\n<meta property=\"article:publisher\" content=\"https:\/\/www.facebook.com\/portalcpnoticias\/\" \/>\n<meta property=\"article:published_time\" content=\"2023-04-27T12:45:00+00:00\" \/>\n<meta property=\"article:modified_time\" content=\"2023-04-27T12:45:02+00:00\" \/>\n<meta property=\"og:image\" content=\"https:\/\/cleitonpinheiro.com.br\/site\/wp-content\/uploads\/2023\/04\/Design-sem-nome-56-compressed.jpg\" \/>\n\t<meta property=\"og:image:width\" content=\"750\" \/>\n\t<meta property=\"og:image:height\" content=\"450\" \/>\n\t<meta property=\"og:image:type\" content=\"image\/jpeg\" \/>\n<meta name=\"author\" content=\"Dermival Pereira\" \/>\n<meta name=\"twitter:card\" content=\"summary_large_image\" \/>\n<meta name=\"twitter:label1\" content=\"Escrito por\" \/>\n\t<meta name=\"twitter:data1\" content=\"Dermival Pereira\" \/>\n\t<meta name=\"twitter:label2\" content=\"Est. tempo de leitura\" \/>\n\t<meta name=\"twitter:data2\" content=\"3 minutos\" \/>\n<script type=\"application\/ld+json\" class=\"yoast-schema-graph\">{\"@context\":\"https:\/\/schema.org\",\"@graph\":[{\"@type\":\"Article\",\"@id\":\"https:\/\/cleitonpinheiro.com.br\/site\/receita-federal-e-a-undime-to-discutem-parcerias-com-foco-em-laboratorios-de-informatica-nos-municipios-tocantinenses\/#article\",\"isPartOf\":{\"@id\":\"https:\/\/cleitonpinheiro.com.br\/site\/receita-federal-e-a-undime-to-discutem-parcerias-com-foco-em-laboratorios-de-informatica-nos-municipios-tocantinenses\/\"},\"author\":{\"name\":\"Dermival Pereira\",\"@id\":\"https:\/\/cleitonpinheiro.com.br\/site\/#\/schema\/person\/aac6d7f311e80c43042e98a900b03cd8\"},\"headline\":\"Receita Federal e a Undime-TO discutem parcerias com foco em laborat\u00f3rios de inform\u00e1tica nos munic\u00edpios tocantinenses\",\"datePublished\":\"2023-04-27T12:45:00+00:00\",\"dateModified\":\"2023-04-27T12:45:02+00:00\",\"mainEntityOfPage\":{\"@id\":\"https:\/\/cleitonpinheiro.com.br\/site\/receita-federal-e-a-undime-to-discutem-parcerias-com-foco-em-laboratorios-de-informatica-nos-municipios-tocantinenses\/\"},\"wordCount\":492,\"commentCount\":0,\"publisher\":{\"@id\":\"https:\/\/cleitonpinheiro.com.br\/site\/#organization\"},\"image\":{\"@id\":\"https:\/\/cleitonpinheiro.com.br\/site\/receita-federal-e-a-undime-to-discutem-parcerias-com-foco-em-laboratorios-de-informatica-nos-municipios-tocantinenses\/#primaryimage\"},\"thumbnailUrl\":\"https:\/\/cleitonpinheiro.com.br\/site\/wp-content\/uploads\/2023\/04\/Design-sem-nome-56-compressed.jpg\",\"articleSection\":[\"ESTADO\",\"MANCHETE SEGUND\u00c1RIA\"],\"inLanguage\":\"pt-BR\",\"potentialAction\":[{\"@type\":\"CommentAction\",\"name\":\"Comment\",\"target\":[\"https:\/\/cleitonpinheiro.com.br\/site\/receita-federal-e-a-undime-to-discutem-parcerias-com-foco-em-laboratorios-de-informatica-nos-municipios-tocantinenses\/#respond\"]}]},{\"@type\":\"WebPage\",\"@id\":\"https:\/\/cleitonpinheiro.com.br\/site\/receita-federal-e-a-undime-to-discutem-parcerias-com-foco-em-laboratorios-de-informatica-nos-municipios-tocantinenses\/\",\"url\":\"https:\/\/cleitonpinheiro.com.br\/site\/receita-federal-e-a-undime-to-discutem-parcerias-com-foco-em-laboratorios-de-informatica-nos-municipios-tocantinenses\/\",\"name\":\"Receita Federal e a Undime-TO discutem parcerias com foco em laborat\u00f3rios de inform\u00e1tica nos munic\u00edpios tocantinenses - PORTAL DE NOT\u00cdCIAS CLEITON PINHEIRO\",\"isPartOf\":{\"@id\":\"https:\/\/cleitonpinheiro.com.br\/site\/#website\"},\"primaryImageOfPage\":{\"@id\":\"https:\/\/cleitonpinheiro.com.br\/site\/receita-federal-e-a-undime-to-discutem-parcerias-com-foco-em-laboratorios-de-informatica-nos-municipios-tocantinenses\/#primaryimage\"},\"image\":{\"@id\":\"https:\/\/cleitonpinheiro.com.br\/site\/receita-federal-e-a-undime-to-discutem-parcerias-com-foco-em-laboratorios-de-informatica-nos-municipios-tocantinenses\/#primaryimage\"},\"thumbnailUrl\":\"https:\/\/cleitonpinheiro.com.br\/site\/wp-content\/uploads\/2023\/04\/Design-sem-nome-56-compressed.jpg\",\"datePublished\":\"2023-04-27T12:45:00+00:00\",\"dateModified\":\"2023-04-27T12:45:02+00:00\",\"breadcrumb\":{\"@id\":\"https:\/\/cleitonpinheiro.com.br\/site\/receita-federal-e-a-undime-to-discutem-parcerias-com-foco-em-laboratorios-de-informatica-nos-municipios-tocantinenses\/#breadcrumb\"},\"inLanguage\":\"pt-BR\",\"potentialAction\":[{\"@type\":\"ReadAction\",\"target\":[\"https:\/\/cleitonpinheiro.com.br\/site\/receita-federal-e-a-undime-to-discutem-parcerias-com-foco-em-laboratorios-de-informatica-nos-municipios-tocantinenses\/\"]}]},{\"@type\":\"ImageObject\",\"inLanguage\":\"pt-BR\",\"@id\":\"https:\/\/cleitonpinheiro.com.br\/site\/receita-federal-e-a-undime-to-discutem-parcerias-com-foco-em-laboratorios-de-informatica-nos-municipios-tocantinenses\/#primaryimage\",\"url\":\"\",\"contentUrl\":\"\"},{\"@type\":\"BreadcrumbList\",\"@id\":\"https:\/\/cleitonpinheiro.com.br\/site\/receita-federal-e-a-undime-to-discutem-parcerias-com-foco-em-laboratorios-de-informatica-nos-municipios-tocantinenses\/#breadcrumb\",\"itemListElement\":[{\"@type\":\"ListItem\",\"position\":1,\"name\":\"In\u00edcio\",\"item\":\"https:\/\/cleitonpinheiro.com.br\/site\/\"},{\"@type\":\"ListItem\",\"position\":2,\"name\":\"Receita Federal e a Undime-TO discutem parcerias com foco em laborat\u00f3rios de inform\u00e1tica nos munic\u00edpios tocantinenses\"}]},{\"@type\":\"WebSite\",\"@id\":\"https:\/\/cleitonpinheiro.com.br\/site\/#website\",\"url\":\"https:\/\/cleitonpinheiro.com.br\/site\/\",\"name\":\"PORTAL DE NOT\u00cdCIAS CLEITON PINHEIRO\",\"description\":\"FALANDO A VERDADE\",\"publisher\":{\"@id\":\"https:\/\/cleitonpinheiro.com.br\/site\/#organization\"},\"potentialAction\":[{\"@type\":\"SearchAction\",\"target\":{\"@type\":\"EntryPoint\",\"urlTemplate\":\"https:\/\/cleitonpinheiro.com.br\/site\/?s={search_term_string}\"},\"query-input\":{\"@type\":\"PropertyValueSpecification\",\"valueRequired\":true,\"valueName\":\"search_term_string\"}}],\"inLanguage\":\"pt-BR\"},{\"@type\":\"Organization\",\"@id\":\"https:\/\/cleitonpinheiro.com.br\/site\/#organization\",\"name\":\"CPNOT\u00cdCIAS\",\"url\":\"https:\/\/cleitonpinheiro.com.br\/site\/\",\"logo\":{\"@type\":\"ImageObject\",\"inLanguage\":\"pt-BR\",\"@id\":\"https:\/\/cleitonpinheiro.com.br\/site\/#\/schema\/logo\/image\/\",\"url\":\"https:\/\/cleitonpinheiro.com.br\/site\/wp-content\/uploads\/2022\/08\/Logo-pequena-2.png\",\"contentUrl\":\"https:\/\/cleitonpinheiro.com.br\/site\/wp-content\/uploads\/2022\/08\/Logo-pequena-2.png\",\"width\":500,\"height\":500,\"caption\":\"CPNOT\u00cdCIAS\"},\"image\":{\"@id\":\"https:\/\/cleitonpinheiro.com.br\/site\/#\/schema\/logo\/image\/\"},\"sameAs\":[\"https:\/\/www.facebook.com\/portalcpnoticias\/\"]},{\"@type\":\"Person\",\"@id\":\"https:\/\/cleitonpinheiro.com.br\/site\/#\/schema\/person\/aac6d7f311e80c43042e98a900b03cd8\",\"name\":\"Dermival Pereira\",\"image\":{\"@type\":\"ImageObject\",\"inLanguage\":\"pt-BR\",\"@id\":\"https:\/\/cleitonpinheiro.com.br\/site\/#\/schema\/person\/image\/\",\"url\":\"https:\/\/secure.gravatar.com\/avatar\/cfaebf3742d6bf8db728bcba3eed6bee37b02337a2e6c822994f20ca72a3784d?s=96&r=g\",\"contentUrl\":\"https:\/\/secure.gravatar.com\/avatar\/cfaebf3742d6bf8db728bcba3eed6bee37b02337a2e6c822994f20ca72a3784d?s=96&r=g\",\"caption\":\"Dermival Pereira\"},\"url\":\"https:\/\/cleitonpinheiro.com.br\/site\/author\/dermival\/\"}]}<\/script>\n<!-- \/ Yoast SEO plugin. -->","yoast_head_json":{"title":"Receita Federal e a Undime-TO discutem parcerias com foco em laborat\u00f3rios de inform\u00e1tica nos munic\u00edpios tocantinenses - PORTAL DE NOT\u00cdCIAS CLEITON PINHEIRO","robots":{"index":"index","follow":"follow","max-snippet":"max-snippet:-1","max-image-preview":"max-image-preview:large","max-video-preview":"max-video-preview:-1"},"canonical":"https:\/\/cleitonpinheiro.com.br\/site\/receita-federal-e-a-undime-to-discutem-parcerias-com-foco-em-laboratorios-de-informatica-nos-municipios-tocantinenses\/","og_locale":"pt_BR","og_type":"article","og_title":"Receita Federal e a Undime-TO discutem parcerias com foco em laborat\u00f3rios de inform\u00e1tica nos munic\u00edpios tocantinenses - PORTAL DE NOT\u00cdCIAS CLEITON PINHEIRO","og_description":"A Uni\u00e3o dos Dirigentes Municipais de Educa\u00e7\u00e3o (Undime-TO) realizou na manh\u00e3 desta quarta-feira, 26, no audit\u00f3rio do Col\u00e9gio Militar Senador Luiz Maia, em Palmas, um encontro com os secret\u00e1rios municipais de educa\u00e7\u00e3o de v\u00e1rias localidades do Tocantins. Na ocasi\u00e3o, discutiram a parceria institucional que ser\u00e1 firmada com a Receita Federal para a aquisi\u00e7\u00e3o de equipamentos [&hellip;]","og_url":"https:\/\/cleitonpinheiro.com.br\/site\/receita-federal-e-a-undime-to-discutem-parcerias-com-foco-em-laboratorios-de-informatica-nos-municipios-tocantinenses\/","og_site_name":"PORTAL DE NOT\u00cdCIAS CLEITON PINHEIRO","article_publisher":"https:\/\/www.facebook.com\/portalcpnoticias\/","article_published_time":"2023-04-27T12:45:00+00:00","article_modified_time":"2023-04-27T12:45:02+00:00","og_image":[{"width":750,"height":450,"url":"https:\/\/cleitonpinheiro.com.br\/site\/wp-content\/uploads\/2023\/04\/Design-sem-nome-56-compressed.jpg","type":"image\/jpeg"}],"author":"Dermival Pereira","twitter_card":"summary_large_image","twitter_misc":{"Escrito por":"Dermival Pereira","Est. tempo de leitura":"3 minutos"},"schema":{"@context":"https:\/\/schema.org","@graph":[{"@type":"Article","@id":"https:\/\/cleitonpinheiro.com.br\/site\/receita-federal-e-a-undime-to-discutem-parcerias-com-foco-em-laboratorios-de-informatica-nos-municipios-tocantinenses\/#article","isPartOf":{"@id":"https:\/\/cleitonpinheiro.com.br\/site\/receita-federal-e-a-undime-to-discutem-parcerias-com-foco-em-laboratorios-de-informatica-nos-municipios-tocantinenses\/"},"author":{"name":"Dermival Pereira","@id":"https:\/\/cleitonpinheiro.com.br\/site\/#\/schema\/person\/aac6d7f311e80c43042e98a900b03cd8"},"headline":"Receita Federal e a Undime-TO discutem parcerias com foco em laborat\u00f3rios de inform\u00e1tica nos munic\u00edpios tocantinenses","datePublished":"2023-04-27T12:45:00+00:00","dateModified":"2023-04-27T12:45:02+00:00","mainEntityOfPage":{"@id":"https:\/\/cleitonpinheiro.com.br\/site\/receita-federal-e-a-undime-to-discutem-parcerias-com-foco-em-laboratorios-de-informatica-nos-municipios-tocantinenses\/"},"wordCount":492,"commentCount":0,"publisher":{"@id":"https:\/\/cleitonpinheiro.com.br\/site\/#organization"},"image":{"@id":"https:\/\/cleitonpinheiro.com.br\/site\/receita-federal-e-a-undime-to-discutem-parcerias-com-foco-em-laboratorios-de-informatica-nos-municipios-tocantinenses\/#primaryimage"},"thumbnailUrl":"https:\/\/cleitonpinheiro.com.br\/site\/wp-content\/uploads\/2023\/04\/Design-sem-nome-56-compressed.jpg","articleSection":["ESTADO","MANCHETE SEGUND\u00c1RIA"],"inLanguage":"pt-BR","potentialAction":[{"@type":"CommentAction","name":"Comment","target":["https:\/\/cleitonpinheiro.com.br\/site\/receita-federal-e-a-undime-to-discutem-parcerias-com-foco-em-laboratorios-de-informatica-nos-municipios-tocantinenses\/#respond"]}]},{"@type":"WebPage","@id":"https:\/\/cleitonpinheiro.com.br\/site\/receita-federal-e-a-undime-to-discutem-parcerias-com-foco-em-laboratorios-de-informatica-nos-municipios-tocantinenses\/","url":"https:\/\/cleitonpinheiro.com.br\/site\/receita-federal-e-a-undime-to-discutem-parcerias-com-foco-em-laboratorios-de-informatica-nos-municipios-tocantinenses\/","name":"Receita Federal e a Undime-TO discutem parcerias com foco em laborat\u00f3rios de inform\u00e1tica nos munic\u00edpios tocantinenses - PORTAL DE NOT\u00cdCIAS CLEITON PINHEIRO","isPartOf":{"@id":"https:\/\/cleitonpinheiro.com.br\/site\/#website"},"primaryImageOfPage":{"@id":"https:\/\/cleitonpinheiro.com.br\/site\/receita-federal-e-a-undime-to-discutem-parcerias-com-foco-em-laboratorios-de-informatica-nos-municipios-tocantinenses\/#primaryimage"},"image":{"@id":"https:\/\/cleitonpinheiro.com.br\/site\/receita-federal-e-a-undime-to-discutem-parcerias-com-foco-em-laboratorios-de-informatica-nos-municipios-tocantinenses\/#primaryimage"},"thumbnailUrl":"https:\/\/cleitonpinheiro.com.br\/site\/wp-content\/uploads\/2023\/04\/Design-sem-nome-56-compressed.jpg","datePublished":"2023-04-27T12:45:00+00:00","dateModified":"2023-04-27T12:45:02+00:00","breadcrumb":{"@id":"https:\/\/cleitonpinheiro.com.br\/site\/receita-federal-e-a-undime-to-discutem-parcerias-com-foco-em-laboratorios-de-informatica-nos-municipios-tocantinenses\/#breadcrumb"},"inLanguage":"pt-BR","potentialAction":[{"@type":"ReadAction","target":["https:\/\/cleitonpinheiro.com.br\/site\/receita-federal-e-a-undime-to-discutem-parcerias-com-foco-em-laboratorios-de-informatica-nos-municipios-tocantinenses\/"]}]},{"@type":"ImageObject","inLanguage":"pt-BR","@id":"https:\/\/cleitonpinheiro.com.br\/site\/receita-federal-e-a-undime-to-discutem-parcerias-com-foco-em-laboratorios-de-informatica-nos-municipios-tocantinenses\/#primaryimage","url":"","contentUrl":""},{"@type":"BreadcrumbList","@id":"https:\/\/cleitonpinheiro.com.br\/site\/receita-federal-e-a-undime-to-discutem-parcerias-com-foco-em-laboratorios-de-informatica-nos-municipios-tocantinenses\/#breadcrumb","itemListElement":[{"@type":"ListItem","position":1,"name":"In\u00edcio","item":"https:\/\/cleitonpinheiro.com.br\/site\/"},{"@type":"ListItem","position":2,"name":"Receita Federal e a Undime-TO discutem parcerias com foco em laborat\u00f3rios de inform\u00e1tica nos munic\u00edpios tocantinenses"}]},{"@type":"WebSite","@id":"https:\/\/cleitonpinheiro.com.br\/site\/#website","url":"https:\/\/cleitonpinheiro.com.br\/site\/","name":"PORTAL DE NOT\u00cdCIAS CLEITON PINHEIRO","description":"FALANDO A VERDADE","publisher":{"@id":"https:\/\/cleitonpinheiro.com.br\/site\/#organization"},"potentialAction":[{"@type":"SearchAction","target":{"@type":"EntryPoint","urlTemplate":"https:\/\/cleitonpinheiro.com.br\/site\/?s={search_term_string}"},"query-input":{"@type":"PropertyValueSpecification","valueRequired":true,"valueName":"search_term_string"}}],"inLanguage":"pt-BR"},{"@type":"Organization","@id":"https:\/\/cleitonpinheiro.com.br\/site\/#organization","name":"CPNOT\u00cdCIAS","url":"https:\/\/cleitonpinheiro.com.br\/site\/","logo":{"@type":"ImageObject","inLanguage":"pt-BR","@id":"https:\/\/cleitonpinheiro.com.br\/site\/#\/schema\/logo\/image\/","url":"https:\/\/cleitonpinheiro.com.br\/site\/wp-content\/uploads\/2022\/08\/Logo-pequena-2.png","contentUrl":"https:\/\/cleitonpinheiro.com.br\/site\/wp-content\/uploads\/2022\/08\/Logo-pequena-2.png","width":500,"height":500,"caption":"CPNOT\u00cdCIAS"},"image":{"@id":"https:\/\/cleitonpinheiro.com.br\/site\/#\/schema\/logo\/image\/"},"sameAs":["https:\/\/www.facebook.com\/portalcpnoticias\/"]},{"@type":"Person","@id":"https:\/\/cleitonpinheiro.com.br\/site\/#\/schema\/person\/aac6d7f311e80c43042e98a900b03cd8","name":"Dermival Pereira","image":{"@type":"ImageObject","inLanguage":"pt-BR","@id":"https:\/\/cleitonpinheiro.com.br\/site\/#\/schema\/person\/image\/","url":"https:\/\/secure.gravatar.com\/avatar\/cfaebf3742d6bf8db728bcba3eed6bee37b02337a2e6c822994f20ca72a3784d?s=96&r=g","contentUrl":"https:\/\/secure.gravatar.com\/avatar\/cfaebf3742d6bf8db728bcba3eed6bee37b02337a2e6c822994f20ca72a3784d?s=96&r=g","caption":"Dermival Pereira"},"url":"https:\/\/cleitonpinheiro.com.br\/site\/author\/dermival\/"}]}},"views":269,"_links":{"self":[{"href":"https:\/\/cleitonpinheiro.com.br\/site\/wp-json\/wp\/v2\/posts\/70625","targetHints":{"allow":["GET"]}}],"collection":[{"href":"https:\/\/cleitonpinheiro.com.br\/site\/wp-json\/wp\/v2\/posts"}],"about":[{"href":"https:\/\/cleitonpinheiro.com.br\/site\/wp-json\/wp\/v2\/types\/post"}],"author":[{"embeddable":true,"href":"https:\/\/cleitonpinheiro.com.br\/site\/wp-json\/wp\/v2\/users\/4"}],"replies":[{"embeddable":true,"href":"https:\/\/cleitonpinheiro.com.br\/site\/wp-json\/wp\/v2\/comments?post=70625"}],"version-history":[{"count":1,"href":"https:\/\/cleitonpinheiro.com.br\/site\/wp-json\/wp\/v2\/posts\/70625\/revisions"}],"predecessor-version":[{"id":70627,"href":"https:\/\/cleitonpinheiro.com.br\/site\/wp-json\/wp\/v2\/posts\/70625\/revisions\/70627"}],"wp:attachment":[{"href":"https:\/\/cleitonpinheiro.com.br\/site\/wp-json\/wp\/v2\/media?parent=70625"}],"wp:term":[{"taxonomy":"category","embeddable":true,"href":"https:\/\/cleitonpinheiro.com.br\/site\/wp-json\/wp\/v2\/categories?post=70625"},{"taxonomy":"post_tag","embeddable":true,"href":"https:\/\/cleitonpinheiro.com.br\/site\/wp-json\/wp\/v2\/tags?post=70625"}],"curies":[{"name":"wp","href":"https:\/\/api.w.org\/{rel}","templated":true}]}}