{"id":70628,"date":"2023-04-27T09:55:57","date_gmt":"2023-04-27T12:55:57","guid":{"rendered":"https:\/\/cleitonpinheiro.com.br\/site\/?p=70628"},"modified":"2023-04-27T09:55:58","modified_gmt":"2023-04-27T12:55:58","slug":"triatleta-tocantinense-disputa-campeonato-sul-americano-e-copa-continental-no-peru","status":"publish","type":"post","link":"https:\/\/cleitonpinheiro.com.br\/site\/triatleta-tocantinense-disputa-campeonato-sul-americano-e-copa-continental-no-peru\/","title":{"rendered":"Triatleta tocantinense disputa Campeonato Sul-Americano e Copa Continental no Peru"},"content":{"rendered":"\n<figure class=\"wp-block-image size-full is-resized\"><img fetchpriority=\"high\" decoding=\"async\" src=\"https:\/\/cleitonpinheiro.com.br\/site\/wp-content\/uploads\/2023\/04\/Design-sem-nome-57-compressed.jpg\" alt=\"\" class=\"wp-image-70629\" width=\"1026\" height=\"616\"\/><figcaption class=\"wp-element-caption\">Triatleta do Tocantins representar\u00e1 o Brasil em Lima, no Peru &#8211; Foto: Divulga\u00e7\u00e3o<\/figcaption><\/figure>\n\n\n\n<p>O Tocantins estar\u00e1 muito bem representado em Lima, no Peru. A jovem triatleta Giovanna Lacerda, de 20 anos, ser\u00e1 uma das representantes do Brasil na prova do Campeonato Sul-Americano de Triathlon e Copa Continental. A participa\u00e7\u00e3o da atleta conta com o apoio do Governo do Tocantins, por meio da Secretaria dos Esportes e Juventude.&nbsp;<\/p>\n\n\n\n<p>Giovanna Lacerda vai encarar a prova de&nbsp;<em>sprint&nbsp;<\/em>(750 metros de nata\u00e7\u00e3o, 20 km de ciclismo e 5 km de corrida). \u201cA prova \u00e9 de alto n\u00edvel. A disputa est\u00e1 bastante acirrada. Tem atletas muito fortes, de diversos pa\u00edses, n\u00e3o s\u00f3 da Am\u00e9rica do Sul, mas da Europa e da Am\u00e9rica do Norte tamb\u00e9m\u201d, destacou a triatleta.&nbsp;<\/p>\n\n\n\n<p>No inicio de abril, Giovanna Lacerda se consagrou campe\u00e3 geral da primeira etapa do Campeonato Brasileiro, realizada em Florian\u00f3polis-SC. Em mar\u00e7o, a jovem atleta garantiu a segunda coloca\u00e7\u00e3o na Am\u00e9ricas Triathlon Cup, no Chile.&nbsp;<\/p>\n\n\n\n<p>\u00a0Agora, Giovanna quer mais uma vez, levar o nome do Brasil fora do pa\u00eds e se mostra otimista para a prova do pr\u00f3ximo domingo, 30. \u201cQuero poder entregar tudo o que estou fazendo nos meus treinos para conseguir o melhor resultado poss\u00edvel. Se Deus quiser trazer um p\u00f3dio. Estou indo confiante\u201d, finalizou a atleta.\u00a0<em><strong>(Com informa\u00e7\u00f5es da Secom do Tocantins).<\/strong><\/em><\/p>\n","protected":false},"excerpt":{"rendered":"<p>O Tocantins estar\u00e1 muito bem representado em Lima, no Peru. A jovem triatleta Giovanna Lacerda, de 20 anos, ser\u00e1 uma das representantes do Brasil na prova do Campeonato Sul-Americano de Triathlon e Copa Continental. A participa\u00e7\u00e3o da atleta conta com o apoio do Governo do Tocantins, por meio da Secretaria dos Esportes e Juventude.&nbsp; Giovanna [&hellip;]<\/p>\n","protected":false},"author":4,"featured_media":0,"comment_status":"open","ping_status":"open","sticky":false,"template":"","format":"standard","meta":{"_acf_changed":false,"footnotes":""},"categories":[1,21],"tags":[],"class_list":["post-70628","post","type-post","status-publish","format-standard","hentry","category-esporte","category-todas-noticias"],"acf":[],"yoast_head":"<!-- This site is optimized with the Yoast SEO plugin v24.4 - https:\/\/yoast.com\/wordpress\/plugins\/seo\/ -->\n<title>Triatleta tocantinense disputa Campeonato Sul-Americano e Copa Continental no Peru - PORTAL DE NOT\u00cdCIAS CLEITON PINHEIRO<\/title>\n<meta name=\"robots\" content=\"index, follow, max-snippet:-1, max-image-preview:large, max-video-preview:-1\" \/>\n<link rel=\"canonical\" href=\"https:\/\/cleitonpinheiro.com.br\/site\/triatleta-tocantinense-disputa-campeonato-sul-americano-e-copa-continental-no-peru\/\" \/>\n<meta property=\"og:locale\" content=\"pt_BR\" \/>\n<meta property=\"og:type\" content=\"article\" \/>\n<meta property=\"og:title\" content=\"Triatleta tocantinense disputa Campeonato Sul-Americano e Copa Continental no Peru - PORTAL DE NOT\u00cdCIAS CLEITON PINHEIRO\" \/>\n<meta property=\"og:description\" content=\"O Tocantins estar\u00e1 muito bem representado em Lima, no Peru. A jovem triatleta Giovanna Lacerda, de 20 anos, ser\u00e1 uma das representantes do Brasil na prova do Campeonato Sul-Americano de Triathlon e Copa Continental. A participa\u00e7\u00e3o da atleta conta com o apoio do Governo do Tocantins, por meio da Secretaria dos Esportes e Juventude.&nbsp; Giovanna [&hellip;]\" \/>\n<meta property=\"og:url\" content=\"https:\/\/cleitonpinheiro.com.br\/site\/triatleta-tocantinense-disputa-campeonato-sul-americano-e-copa-continental-no-peru\/\" \/>\n<meta property=\"og:site_name\" content=\"PORTAL DE NOT\u00cdCIAS CLEITON PINHEIRO\" \/>\n<meta property=\"article:publisher\" content=\"https:\/\/www.facebook.com\/portalcpnoticias\/\" \/>\n<meta property=\"article:published_time\" content=\"2023-04-27T12:55:57+00:00\" \/>\n<meta property=\"article:modified_time\" content=\"2023-04-27T12:55:58+00:00\" \/>\n<meta property=\"og:image\" content=\"https:\/\/cleitonpinheiro.com.br\/site\/wp-content\/uploads\/2023\/04\/Design-sem-nome-57-compressed.jpg\" \/>\n\t<meta property=\"og:image:width\" content=\"750\" \/>\n\t<meta property=\"og:image:height\" content=\"450\" \/>\n\t<meta property=\"og:image:type\" content=\"image\/jpeg\" \/>\n<meta name=\"author\" content=\"Dermival Pereira\" \/>\n<meta name=\"twitter:card\" content=\"summary_large_image\" \/>\n<meta name=\"twitter:label1\" content=\"Escrito por\" \/>\n\t<meta name=\"twitter:data1\" content=\"Dermival Pereira\" \/>\n\t<meta name=\"twitter:label2\" content=\"Est. tempo de leitura\" \/>\n\t<meta name=\"twitter:data2\" content=\"2 minutos\" \/>\n<script type=\"application\/ld+json\" class=\"yoast-schema-graph\">{\"@context\":\"https:\/\/schema.org\",\"@graph\":[{\"@type\":\"Article\",\"@id\":\"https:\/\/cleitonpinheiro.com.br\/site\/triatleta-tocantinense-disputa-campeonato-sul-americano-e-copa-continental-no-peru\/#article\",\"isPartOf\":{\"@id\":\"https:\/\/cleitonpinheiro.com.br\/site\/triatleta-tocantinense-disputa-campeonato-sul-americano-e-copa-continental-no-peru\/\"},\"author\":{\"name\":\"Dermival Pereira\",\"@id\":\"https:\/\/cleitonpinheiro.com.br\/site\/#\/schema\/person\/aac6d7f311e80c43042e98a900b03cd8\"},\"headline\":\"Triatleta tocantinense disputa Campeonato Sul-Americano e Copa Continental no Peru\",\"datePublished\":\"2023-04-27T12:55:57+00:00\",\"dateModified\":\"2023-04-27T12:55:58+00:00\",\"mainEntityOfPage\":{\"@id\":\"https:\/\/cleitonpinheiro.com.br\/site\/triatleta-tocantinense-disputa-campeonato-sul-americano-e-copa-continental-no-peru\/\"},\"wordCount\":245,\"commentCount\":0,\"publisher\":{\"@id\":\"https:\/\/cleitonpinheiro.com.br\/site\/#organization\"},\"image\":{\"@id\":\"https:\/\/cleitonpinheiro.com.br\/site\/triatleta-tocantinense-disputa-campeonato-sul-americano-e-copa-continental-no-peru\/#primaryimage\"},\"thumbnailUrl\":\"https:\/\/cleitonpinheiro.com.br\/site\/wp-content\/uploads\/2023\/04\/Design-sem-nome-57-compressed.jpg\",\"articleSection\":[\"ESPORTE\",\"TODAS NOTICIAS\"],\"inLanguage\":\"pt-BR\",\"potentialAction\":[{\"@type\":\"CommentAction\",\"name\":\"Comment\",\"target\":[\"https:\/\/cleitonpinheiro.com.br\/site\/triatleta-tocantinense-disputa-campeonato-sul-americano-e-copa-continental-no-peru\/#respond\"]}]},{\"@type\":\"WebPage\",\"@id\":\"https:\/\/cleitonpinheiro.com.br\/site\/triatleta-tocantinense-disputa-campeonato-sul-americano-e-copa-continental-no-peru\/\",\"url\":\"https:\/\/cleitonpinheiro.com.br\/site\/triatleta-tocantinense-disputa-campeonato-sul-americano-e-copa-continental-no-peru\/\",\"name\":\"Triatleta tocantinense disputa Campeonato Sul-Americano e Copa Continental no Peru - PORTAL DE NOT\u00cdCIAS CLEITON PINHEIRO\",\"isPartOf\":{\"@id\":\"https:\/\/cleitonpinheiro.com.br\/site\/#website\"},\"primaryImageOfPage\":{\"@id\":\"https:\/\/cleitonpinheiro.com.br\/site\/triatleta-tocantinense-disputa-campeonato-sul-americano-e-copa-continental-no-peru\/#primaryimage\"},\"image\":{\"@id\":\"https:\/\/cleitonpinheiro.com.br\/site\/triatleta-tocantinense-disputa-campeonato-sul-americano-e-copa-continental-no-peru\/#primaryimage\"},\"thumbnailUrl\":\"https:\/\/cleitonpinheiro.com.br\/site\/wp-content\/uploads\/2023\/04\/Design-sem-nome-57-compressed.jpg\",\"datePublished\":\"2023-04-27T12:55:57+00:00\",\"dateModified\":\"2023-04-27T12:55:58+00:00\",\"breadcrumb\":{\"@id\":\"https:\/\/cleitonpinheiro.com.br\/site\/triatleta-tocantinense-disputa-campeonato-sul-americano-e-copa-continental-no-peru\/#breadcrumb\"},\"inLanguage\":\"pt-BR\",\"potentialAction\":[{\"@type\":\"ReadAction\",\"target\":[\"https:\/\/cleitonpinheiro.com.br\/site\/triatleta-tocantinense-disputa-campeonato-sul-americano-e-copa-continental-no-peru\/\"]}]},{\"@type\":\"ImageObject\",\"inLanguage\":\"pt-BR\",\"@id\":\"https:\/\/cleitonpinheiro.com.br\/site\/triatleta-tocantinense-disputa-campeonato-sul-americano-e-copa-continental-no-peru\/#primaryimage\",\"url\":\"\",\"contentUrl\":\"\"},{\"@type\":\"BreadcrumbList\",\"@id\":\"https:\/\/cleitonpinheiro.com.br\/site\/triatleta-tocantinense-disputa-campeonato-sul-americano-e-copa-continental-no-peru\/#breadcrumb\",\"itemListElement\":[{\"@type\":\"ListItem\",\"position\":1,\"name\":\"In\u00edcio\",\"item\":\"https:\/\/cleitonpinheiro.com.br\/site\/\"},{\"@type\":\"ListItem\",\"position\":2,\"name\":\"Triatleta tocantinense disputa Campeonato Sul-Americano e Copa Continental no Peru\"}]},{\"@type\":\"WebSite\",\"@id\":\"https:\/\/cleitonpinheiro.com.br\/site\/#website\",\"url\":\"https:\/\/cleitonpinheiro.com.br\/site\/\",\"name\":\"PORTAL DE NOT\u00cdCIAS CLEITON PINHEIRO\",\"description\":\"FALANDO A VERDADE\",\"publisher\":{\"@id\":\"https:\/\/cleitonpinheiro.com.br\/site\/#organization\"},\"potentialAction\":[{\"@type\":\"SearchAction\",\"target\":{\"@type\":\"EntryPoint\",\"urlTemplate\":\"https:\/\/cleitonpinheiro.com.br\/site\/?s={search_term_string}\"},\"query-input\":{\"@type\":\"PropertyValueSpecification\",\"valueRequired\":true,\"valueName\":\"search_term_string\"}}],\"inLanguage\":\"pt-BR\"},{\"@type\":\"Organization\",\"@id\":\"https:\/\/cleitonpinheiro.com.br\/site\/#organization\",\"name\":\"CPNOT\u00cdCIAS\",\"url\":\"https:\/\/cleitonpinheiro.com.br\/site\/\",\"logo\":{\"@type\":\"ImageObject\",\"inLanguage\":\"pt-BR\",\"@id\":\"https:\/\/cleitonpinheiro.com.br\/site\/#\/schema\/logo\/image\/\",\"url\":\"https:\/\/cleitonpinheiro.com.br\/site\/wp-content\/uploads\/2022\/08\/Logo-pequena-2.png\",\"contentUrl\":\"https:\/\/cleitonpinheiro.com.br\/site\/wp-content\/uploads\/2022\/08\/Logo-pequena-2.png\",\"width\":500,\"height\":500,\"caption\":\"CPNOT\u00cdCIAS\"},\"image\":{\"@id\":\"https:\/\/cleitonpinheiro.com.br\/site\/#\/schema\/logo\/image\/\"},\"sameAs\":[\"https:\/\/www.facebook.com\/portalcpnoticias\/\"]},{\"@type\":\"Person\",\"@id\":\"https:\/\/cleitonpinheiro.com.br\/site\/#\/schema\/person\/aac6d7f311e80c43042e98a900b03cd8\",\"name\":\"Dermival Pereira\",\"image\":{\"@type\":\"ImageObject\",\"inLanguage\":\"pt-BR\",\"@id\":\"https:\/\/cleitonpinheiro.com.br\/site\/#\/schema\/person\/image\/\",\"url\":\"https:\/\/secure.gravatar.com\/avatar\/cfaebf3742d6bf8db728bcba3eed6bee37b02337a2e6c822994f20ca72a3784d?s=96&r=g\",\"contentUrl\":\"https:\/\/secure.gravatar.com\/avatar\/cfaebf3742d6bf8db728bcba3eed6bee37b02337a2e6c822994f20ca72a3784d?s=96&r=g\",\"caption\":\"Dermival Pereira\"},\"url\":\"https:\/\/cleitonpinheiro.com.br\/site\/author\/dermival\/\"}]}<\/script>\n<!-- \/ Yoast SEO plugin. -->","yoast_head_json":{"title":"Triatleta tocantinense disputa Campeonato Sul-Americano e Copa Continental no Peru - PORTAL DE NOT\u00cdCIAS CLEITON PINHEIRO","robots":{"index":"index","follow":"follow","max-snippet":"max-snippet:-1","max-image-preview":"max-image-preview:large","max-video-preview":"max-video-preview:-1"},"canonical":"https:\/\/cleitonpinheiro.com.br\/site\/triatleta-tocantinense-disputa-campeonato-sul-americano-e-copa-continental-no-peru\/","og_locale":"pt_BR","og_type":"article","og_title":"Triatleta tocantinense disputa Campeonato Sul-Americano e Copa Continental no Peru - PORTAL DE NOT\u00cdCIAS CLEITON PINHEIRO","og_description":"O Tocantins estar\u00e1 muito bem representado em Lima, no Peru. A jovem triatleta Giovanna Lacerda, de 20 anos, ser\u00e1 uma das representantes do Brasil na prova do Campeonato Sul-Americano de Triathlon e Copa Continental. A participa\u00e7\u00e3o da atleta conta com o apoio do Governo do Tocantins, por meio da Secretaria dos Esportes e Juventude.&nbsp; Giovanna [&hellip;]","og_url":"https:\/\/cleitonpinheiro.com.br\/site\/triatleta-tocantinense-disputa-campeonato-sul-americano-e-copa-continental-no-peru\/","og_site_name":"PORTAL DE NOT\u00cdCIAS CLEITON PINHEIRO","article_publisher":"https:\/\/www.facebook.com\/portalcpnoticias\/","article_published_time":"2023-04-27T12:55:57+00:00","article_modified_time":"2023-04-27T12:55:58+00:00","og_image":[{"width":750,"height":450,"url":"https:\/\/cleitonpinheiro.com.br\/site\/wp-content\/uploads\/2023\/04\/Design-sem-nome-57-compressed.jpg","type":"image\/jpeg"}],"author":"Dermival Pereira","twitter_card":"summary_large_image","twitter_misc":{"Escrito por":"Dermival Pereira","Est. tempo de leitura":"2 minutos"},"schema":{"@context":"https:\/\/schema.org","@graph":[{"@type":"Article","@id":"https:\/\/cleitonpinheiro.com.br\/site\/triatleta-tocantinense-disputa-campeonato-sul-americano-e-copa-continental-no-peru\/#article","isPartOf":{"@id":"https:\/\/cleitonpinheiro.com.br\/site\/triatleta-tocantinense-disputa-campeonato-sul-americano-e-copa-continental-no-peru\/"},"author":{"name":"Dermival Pereira","@id":"https:\/\/cleitonpinheiro.com.br\/site\/#\/schema\/person\/aac6d7f311e80c43042e98a900b03cd8"},"headline":"Triatleta tocantinense disputa Campeonato Sul-Americano e Copa Continental no Peru","datePublished":"2023-04-27T12:55:57+00:00","dateModified":"2023-04-27T12:55:58+00:00","mainEntityOfPage":{"@id":"https:\/\/cleitonpinheiro.com.br\/site\/triatleta-tocantinense-disputa-campeonato-sul-americano-e-copa-continental-no-peru\/"},"wordCount":245,"commentCount":0,"publisher":{"@id":"https:\/\/cleitonpinheiro.com.br\/site\/#organization"},"image":{"@id":"https:\/\/cleitonpinheiro.com.br\/site\/triatleta-tocantinense-disputa-campeonato-sul-americano-e-copa-continental-no-peru\/#primaryimage"},"thumbnailUrl":"https:\/\/cleitonpinheiro.com.br\/site\/wp-content\/uploads\/2023\/04\/Design-sem-nome-57-compressed.jpg","articleSection":["ESPORTE","TODAS NOTICIAS"],"inLanguage":"pt-BR","potentialAction":[{"@type":"CommentAction","name":"Comment","target":["https:\/\/cleitonpinheiro.com.br\/site\/triatleta-tocantinense-disputa-campeonato-sul-americano-e-copa-continental-no-peru\/#respond"]}]},{"@type":"WebPage","@id":"https:\/\/cleitonpinheiro.com.br\/site\/triatleta-tocantinense-disputa-campeonato-sul-americano-e-copa-continental-no-peru\/","url":"https:\/\/cleitonpinheiro.com.br\/site\/triatleta-tocantinense-disputa-campeonato-sul-americano-e-copa-continental-no-peru\/","name":"Triatleta tocantinense disputa Campeonato Sul-Americano e Copa Continental no Peru - PORTAL DE NOT\u00cdCIAS CLEITON PINHEIRO","isPartOf":{"@id":"https:\/\/cleitonpinheiro.com.br\/site\/#website"},"primaryImageOfPage":{"@id":"https:\/\/cleitonpinheiro.com.br\/site\/triatleta-tocantinense-disputa-campeonato-sul-americano-e-copa-continental-no-peru\/#primaryimage"},"image":{"@id":"https:\/\/cleitonpinheiro.com.br\/site\/triatleta-tocantinense-disputa-campeonato-sul-americano-e-copa-continental-no-peru\/#primaryimage"},"thumbnailUrl":"https:\/\/cleitonpinheiro.com.br\/site\/wp-content\/uploads\/2023\/04\/Design-sem-nome-57-compressed.jpg","datePublished":"2023-04-27T12:55:57+00:00","dateModified":"2023-04-27T12:55:58+00:00","breadcrumb":{"@id":"https:\/\/cleitonpinheiro.com.br\/site\/triatleta-tocantinense-disputa-campeonato-sul-americano-e-copa-continental-no-peru\/#breadcrumb"},"inLanguage":"pt-BR","potentialAction":[{"@type":"ReadAction","target":["https:\/\/cleitonpinheiro.com.br\/site\/triatleta-tocantinense-disputa-campeonato-sul-americano-e-copa-continental-no-peru\/"]}]},{"@type":"ImageObject","inLanguage":"pt-BR","@id":"https:\/\/cleitonpinheiro.com.br\/site\/triatleta-tocantinense-disputa-campeonato-sul-americano-e-copa-continental-no-peru\/#primaryimage","url":"","contentUrl":""},{"@type":"BreadcrumbList","@id":"https:\/\/cleitonpinheiro.com.br\/site\/triatleta-tocantinense-disputa-campeonato-sul-americano-e-copa-continental-no-peru\/#breadcrumb","itemListElement":[{"@type":"ListItem","position":1,"name":"In\u00edcio","item":"https:\/\/cleitonpinheiro.com.br\/site\/"},{"@type":"ListItem","position":2,"name":"Triatleta tocantinense disputa Campeonato Sul-Americano e Copa Continental no Peru"}]},{"@type":"WebSite","@id":"https:\/\/cleitonpinheiro.com.br\/site\/#website","url":"https:\/\/cleitonpinheiro.com.br\/site\/","name":"PORTAL DE NOT\u00cdCIAS CLEITON PINHEIRO","description":"FALANDO A VERDADE","publisher":{"@id":"https:\/\/cleitonpinheiro.com.br\/site\/#organization"},"potentialAction":[{"@type":"SearchAction","target":{"@type":"EntryPoint","urlTemplate":"https:\/\/cleitonpinheiro.com.br\/site\/?s={search_term_string}"},"query-input":{"@type":"PropertyValueSpecification","valueRequired":true,"valueName":"search_term_string"}}],"inLanguage":"pt-BR"},{"@type":"Organization","@id":"https:\/\/cleitonpinheiro.com.br\/site\/#organization","name":"CPNOT\u00cdCIAS","url":"https:\/\/cleitonpinheiro.com.br\/site\/","logo":{"@type":"ImageObject","inLanguage":"pt-BR","@id":"https:\/\/cleitonpinheiro.com.br\/site\/#\/schema\/logo\/image\/","url":"https:\/\/cleitonpinheiro.com.br\/site\/wp-content\/uploads\/2022\/08\/Logo-pequena-2.png","contentUrl":"https:\/\/cleitonpinheiro.com.br\/site\/wp-content\/uploads\/2022\/08\/Logo-pequena-2.png","width":500,"height":500,"caption":"CPNOT\u00cdCIAS"},"image":{"@id":"https:\/\/cleitonpinheiro.com.br\/site\/#\/schema\/logo\/image\/"},"sameAs":["https:\/\/www.facebook.com\/portalcpnoticias\/"]},{"@type":"Person","@id":"https:\/\/cleitonpinheiro.com.br\/site\/#\/schema\/person\/aac6d7f311e80c43042e98a900b03cd8","name":"Dermival Pereira","image":{"@type":"ImageObject","inLanguage":"pt-BR","@id":"https:\/\/cleitonpinheiro.com.br\/site\/#\/schema\/person\/image\/","url":"https:\/\/secure.gravatar.com\/avatar\/cfaebf3742d6bf8db728bcba3eed6bee37b02337a2e6c822994f20ca72a3784d?s=96&r=g","contentUrl":"https:\/\/secure.gravatar.com\/avatar\/cfaebf3742d6bf8db728bcba3eed6bee37b02337a2e6c822994f20ca72a3784d?s=96&r=g","caption":"Dermival Pereira"},"url":"https:\/\/cleitonpinheiro.com.br\/site\/author\/dermival\/"}]}},"views":626,"_links":{"self":[{"href":"https:\/\/cleitonpinheiro.com.br\/site\/wp-json\/wp\/v2\/posts\/70628","targetHints":{"allow":["GET"]}}],"collection":[{"href":"https:\/\/cleitonpinheiro.com.br\/site\/wp-json\/wp\/v2\/posts"}],"about":[{"href":"https:\/\/cleitonpinheiro.com.br\/site\/wp-json\/wp\/v2\/types\/post"}],"author":[{"embeddable":true,"href":"https:\/\/cleitonpinheiro.com.br\/site\/wp-json\/wp\/v2\/users\/4"}],"replies":[{"embeddable":true,"href":"https:\/\/cleitonpinheiro.com.br\/site\/wp-json\/wp\/v2\/comments?post=70628"}],"version-history":[{"count":1,"href":"https:\/\/cleitonpinheiro.com.br\/site\/wp-json\/wp\/v2\/posts\/70628\/revisions"}],"predecessor-version":[{"id":70630,"href":"https:\/\/cleitonpinheiro.com.br\/site\/wp-json\/wp\/v2\/posts\/70628\/revisions\/70630"}],"wp:attachment":[{"href":"https:\/\/cleitonpinheiro.com.br\/site\/wp-json\/wp\/v2\/media?parent=70628"}],"wp:term":[{"taxonomy":"category","embeddable":true,"href":"https:\/\/cleitonpinheiro.com.br\/site\/wp-json\/wp\/v2\/categories?post=70628"},{"taxonomy":"post_tag","embeddable":true,"href":"https:\/\/cleitonpinheiro.com.br\/site\/wp-json\/wp\/v2\/tags?post=70628"}],"curies":[{"name":"wp","href":"https:\/\/api.w.org\/{rel}","templated":true}]}}