{"id":70631,"date":"2023-04-27T10:17:16","date_gmt":"2023-04-27T13:17:16","guid":{"rendered":"https:\/\/cleitonpinheiro.com.br\/site\/?p=70631"},"modified":"2023-07-04T11:57:10","modified_gmt":"2023-07-04T14:57:10","slug":"homem-com-extensa-ficha-criminal-e-20-anos-de-condenacao-e-preso-pela-policia-civil-do-to","status":"publish","type":"post","link":"https:\/\/cleitonpinheiro.com.br\/site\/homem-com-extensa-ficha-criminal-e-20-anos-de-condenacao-e-preso-pela-policia-civil-do-to\/","title":{"rendered":"Homem com extensa ficha criminal e 20 anos de condena\u00e7\u00e3o \u00e9 preso pela Pol\u00edcia Civil do Tocantins"},"content":{"rendered":"\n<figure class=\"wp-block-image size-full is-resized\"><img fetchpriority=\"high\" decoding=\"async\" src=\"https:\/\/cleitonpinheiro.com.br\/site\/wp-content\/uploads\/2023\/04\/Design-sem-nome-58-compressed.jpg\" alt=\"\" class=\"wp-image-70632\" width=\"1026\" height=\"616\"\/><figcaption class=\"wp-element-caption\">Suspeito preso possui uma extensa ficha criminal &#8211; Foto: DICOM SSP TO<\/figcaption><\/figure>\n\n\n\n<p>Policiais civis da Delegacia de Repress\u00e3o a Roubos &#8211; DRR de Aragua\u00edna, comandados pelo delegado-chefe da unidade, Felipe Crivelaro, prenderam na tarde da \u00faltima ter\u00e7a-feira, 25, um indiv\u00edduo de 30 anos que foi condenado por v\u00e1rios crimes que somam quase 20 anos de pris\u00e3o.&nbsp;<\/p>\n\n\n\n<p>O delegado Felipe Crivelaro informou que o homem foi capturado na zona rural de Aragua\u00edna, mediante cumprimento a mandado de pris\u00e3o preventiva, expedido pela Vara Criminal da Comarca de Augustin\u00f3polis, pelo crime de extors\u00e3o, praticado dentro do pres\u00eddio em que cumpria pena.<\/p>\n\n\n\n<p>\u201cA pris\u00e3o desse indiv\u00edduo, que \u00e9 considerado de extrema periculosidade, ocorreu ap\u00f3s compartilhamento de informa\u00e7\u00f5es com a equipe da 12\u00aa Delegacia de Augustin\u00f3polis, por meio do delegado Jacson Wutke&#8221;, disse a autoridade policial.<\/p>\n\n\n\n<p>Extensa ficha criminal<\/p>\n\n\n\n<p>Ainda de acordo com o delegado, no ano de 2014, o indiv\u00edduo respondeu pelo crime de amea\u00e7a usando um fac\u00e3o. No mesmo ano, ele passou a responder criminalmente pela morte da sua ex-namorada de 19 anos, desferindo 21 golpes de faca nela. \u201cNa \u00e9poca, foi representado pela pris\u00e3o preventiva, mas a Vara Criminal da Comarca de Axix\u00e1 do Tocantins (TO) negou, sendo que o acusado n\u00e3o foi mais encontrado depois\u201d, pontuou o delegado Felipe.<\/p>\n\n\n\n<p>No ano de 2015, o homem foi preso em flagrante por roubo, amea\u00e7a e resist\u00eancia. Dessa vez a pris\u00e3o em flagrante foi convertida em preventiva. Ainda em 2015, saiu a senten\u00e7a pelo homic\u00eddio, sendo condenado a 14 anos, totalizando 19 anos e quatro meses de pris\u00e3o. J\u00e1 no ano de 2016, o indiv\u00edduo foi condenado a cinco anos e quatro meses pelo crime de roubo.&nbsp;<\/p>\n\n\n\n<p>Em 2020, ele foi indiciado por amea\u00e7a e desacato contra cinco agentes penitenci\u00e1rios, caso que ainda aguarda senten\u00e7a. Em 2021, o homem foi indiciado por tentativa de homic\u00eddio qualificado praticado dentro do pres\u00eddio contra outro presidi\u00e1rio. Por fim, em 2023, o homem foi indiciado por extors\u00e3o praticada dentro do pres\u00eddio contra outros presidi\u00e1rios.&nbsp;<\/p>\n\n\n\n<p>Em raz\u00e3o do crime de extors\u00e3o, a Vara Criminal da Comarca de Augustin\u00f3polis decretou a pris\u00e3o preventiva do indiv\u00edduo que havia acabado de ser colocado em liberdade, em raz\u00e3o da progress\u00e3o de regime.&nbsp;<\/p>\n\n\n\n<p>Ap\u00f3s ser preso, nesta ter\u00e7a-feira, 25, o indiv\u00edduo foi levado para a Unidade Penal Regional de Aragua\u00edna, onde ficar\u00e1 \u00e0 disposi\u00e7\u00e3o do Poder Judici\u00e1rio.<\/p>\n","protected":false},"excerpt":{"rendered":"<p>Policiais civis da Delegacia de Repress\u00e3o a Roubos &#8211; DRR de Aragua\u00edna, comandados pelo delegado-chefe da unidade, Felipe Crivelaro, prenderam na tarde da \u00faltima ter\u00e7a-feira, 25, um indiv\u00edduo de 30 anos que foi condenado por v\u00e1rios crimes que somam quase 20 anos de pris\u00e3o.&nbsp; O delegado Felipe Crivelaro informou que o homem foi capturado na [&hellip;]<\/p>\n","protected":false},"author":4,"featured_media":0,"comment_status":"open","ping_status":"open","sticky":false,"template":"","format":"standard","meta":{"_acf_changed":false,"footnotes":""},"categories":[22,21],"tags":[],"class_list":["post-70631","post","type-post","status-publish","format-standard","hentry","category-cidades","category-todas-noticias"],"acf":[],"yoast_head":"<!-- This site is optimized with the Yoast SEO plugin v24.4 - https:\/\/yoast.com\/wordpress\/plugins\/seo\/ -->\n<title>Homem com extensa ficha criminal e 20 anos de condena\u00e7\u00e3o \u00e9 preso pela Pol\u00edcia Civil do Tocantins - PORTAL DE NOT\u00cdCIAS CLEITON PINHEIRO<\/title>\n<meta name=\"robots\" content=\"index, follow, max-snippet:-1, max-image-preview:large, max-video-preview:-1\" \/>\n<link rel=\"canonical\" href=\"https:\/\/cleitonpinheiro.com.br\/site\/homem-com-extensa-ficha-criminal-e-20-anos-de-condenacao-e-preso-pela-policia-civil-do-to\/\" \/>\n<meta property=\"og:locale\" content=\"pt_BR\" \/>\n<meta property=\"og:type\" content=\"article\" \/>\n<meta property=\"og:title\" content=\"Homem com extensa ficha criminal e 20 anos de condena\u00e7\u00e3o \u00e9 preso pela Pol\u00edcia Civil do Tocantins - PORTAL DE NOT\u00cdCIAS CLEITON PINHEIRO\" \/>\n<meta property=\"og:description\" content=\"Policiais civis da Delegacia de Repress\u00e3o a Roubos &#8211; DRR de Aragua\u00edna, comandados pelo delegado-chefe da unidade, Felipe Crivelaro, prenderam na tarde da \u00faltima ter\u00e7a-feira, 25, um indiv\u00edduo de 30 anos que foi condenado por v\u00e1rios crimes que somam quase 20 anos de pris\u00e3o.&nbsp; O delegado Felipe Crivelaro informou que o homem foi capturado na [&hellip;]\" \/>\n<meta property=\"og:url\" content=\"https:\/\/cleitonpinheiro.com.br\/site\/homem-com-extensa-ficha-criminal-e-20-anos-de-condenacao-e-preso-pela-policia-civil-do-to\/\" \/>\n<meta property=\"og:site_name\" content=\"PORTAL DE NOT\u00cdCIAS CLEITON PINHEIRO\" \/>\n<meta property=\"article:publisher\" content=\"https:\/\/www.facebook.com\/portalcpnoticias\/\" \/>\n<meta property=\"article:published_time\" content=\"2023-04-27T13:17:16+00:00\" \/>\n<meta property=\"article:modified_time\" content=\"2023-07-04T14:57:10+00:00\" \/>\n<meta property=\"og:image\" content=\"https:\/\/cleitonpinheiro.com.br\/site\/wp-content\/uploads\/2023\/04\/Design-sem-nome-58-compressed.jpg\" \/>\n\t<meta property=\"og:image:width\" content=\"750\" \/>\n\t<meta property=\"og:image:height\" content=\"450\" \/>\n\t<meta property=\"og:image:type\" content=\"image\/jpeg\" \/>\n<meta name=\"author\" content=\"Dermival Pereira\" \/>\n<meta name=\"twitter:card\" content=\"summary_large_image\" \/>\n<meta name=\"twitter:label1\" content=\"Escrito por\" \/>\n\t<meta name=\"twitter:data1\" content=\"Dermival Pereira\" \/>\n\t<meta name=\"twitter:label2\" content=\"Est. tempo de leitura\" \/>\n\t<meta name=\"twitter:data2\" content=\"3 minutos\" \/>\n<script type=\"application\/ld+json\" class=\"yoast-schema-graph\">{\"@context\":\"https:\/\/schema.org\",\"@graph\":[{\"@type\":\"Article\",\"@id\":\"https:\/\/cleitonpinheiro.com.br\/site\/homem-com-extensa-ficha-criminal-e-20-anos-de-condenacao-e-preso-pela-policia-civil-do-to\/#article\",\"isPartOf\":{\"@id\":\"https:\/\/cleitonpinheiro.com.br\/site\/homem-com-extensa-ficha-criminal-e-20-anos-de-condenacao-e-preso-pela-policia-civil-do-to\/\"},\"author\":{\"name\":\"Dermival Pereira\",\"@id\":\"https:\/\/cleitonpinheiro.com.br\/site\/#\/schema\/person\/aac6d7f311e80c43042e98a900b03cd8\"},\"headline\":\"Homem com extensa ficha criminal e 20 anos de condena\u00e7\u00e3o \u00e9 preso pela Pol\u00edcia Civil do Tocantins\",\"datePublished\":\"2023-04-27T13:17:16+00:00\",\"dateModified\":\"2023-07-04T14:57:10+00:00\",\"mainEntityOfPage\":{\"@id\":\"https:\/\/cleitonpinheiro.com.br\/site\/homem-com-extensa-ficha-criminal-e-20-anos-de-condenacao-e-preso-pela-policia-civil-do-to\/\"},\"wordCount\":436,\"commentCount\":0,\"publisher\":{\"@id\":\"https:\/\/cleitonpinheiro.com.br\/site\/#organization\"},\"image\":{\"@id\":\"https:\/\/cleitonpinheiro.com.br\/site\/homem-com-extensa-ficha-criminal-e-20-anos-de-condenacao-e-preso-pela-policia-civil-do-to\/#primaryimage\"},\"thumbnailUrl\":\"https:\/\/cleitonpinheiro.com.br\/site\/wp-content\/uploads\/2023\/04\/Design-sem-nome-58-compressed.jpg\",\"articleSection\":[\"CIDADES\",\"TODAS NOTICIAS\"],\"inLanguage\":\"pt-BR\",\"potentialAction\":[{\"@type\":\"CommentAction\",\"name\":\"Comment\",\"target\":[\"https:\/\/cleitonpinheiro.com.br\/site\/homem-com-extensa-ficha-criminal-e-20-anos-de-condenacao-e-preso-pela-policia-civil-do-to\/#respond\"]}]},{\"@type\":\"WebPage\",\"@id\":\"https:\/\/cleitonpinheiro.com.br\/site\/homem-com-extensa-ficha-criminal-e-20-anos-de-condenacao-e-preso-pela-policia-civil-do-to\/\",\"url\":\"https:\/\/cleitonpinheiro.com.br\/site\/homem-com-extensa-ficha-criminal-e-20-anos-de-condenacao-e-preso-pela-policia-civil-do-to\/\",\"name\":\"Homem com extensa ficha criminal e 20 anos de condena\u00e7\u00e3o \u00e9 preso pela Pol\u00edcia Civil do Tocantins - PORTAL DE NOT\u00cdCIAS CLEITON PINHEIRO\",\"isPartOf\":{\"@id\":\"https:\/\/cleitonpinheiro.com.br\/site\/#website\"},\"primaryImageOfPage\":{\"@id\":\"https:\/\/cleitonpinheiro.com.br\/site\/homem-com-extensa-ficha-criminal-e-20-anos-de-condenacao-e-preso-pela-policia-civil-do-to\/#primaryimage\"},\"image\":{\"@id\":\"https:\/\/cleitonpinheiro.com.br\/site\/homem-com-extensa-ficha-criminal-e-20-anos-de-condenacao-e-preso-pela-policia-civil-do-to\/#primaryimage\"},\"thumbnailUrl\":\"https:\/\/cleitonpinheiro.com.br\/site\/wp-content\/uploads\/2023\/04\/Design-sem-nome-58-compressed.jpg\",\"datePublished\":\"2023-04-27T13:17:16+00:00\",\"dateModified\":\"2023-07-04T14:57:10+00:00\",\"breadcrumb\":{\"@id\":\"https:\/\/cleitonpinheiro.com.br\/site\/homem-com-extensa-ficha-criminal-e-20-anos-de-condenacao-e-preso-pela-policia-civil-do-to\/#breadcrumb\"},\"inLanguage\":\"pt-BR\",\"potentialAction\":[{\"@type\":\"ReadAction\",\"target\":[\"https:\/\/cleitonpinheiro.com.br\/site\/homem-com-extensa-ficha-criminal-e-20-anos-de-condenacao-e-preso-pela-policia-civil-do-to\/\"]}]},{\"@type\":\"ImageObject\",\"inLanguage\":\"pt-BR\",\"@id\":\"https:\/\/cleitonpinheiro.com.br\/site\/homem-com-extensa-ficha-criminal-e-20-anos-de-condenacao-e-preso-pela-policia-civil-do-to\/#primaryimage\",\"url\":\"\",\"contentUrl\":\"\"},{\"@type\":\"BreadcrumbList\",\"@id\":\"https:\/\/cleitonpinheiro.com.br\/site\/homem-com-extensa-ficha-criminal-e-20-anos-de-condenacao-e-preso-pela-policia-civil-do-to\/#breadcrumb\",\"itemListElement\":[{\"@type\":\"ListItem\",\"position\":1,\"name\":\"In\u00edcio\",\"item\":\"https:\/\/cleitonpinheiro.com.br\/site\/\"},{\"@type\":\"ListItem\",\"position\":2,\"name\":\"Homem com extensa ficha criminal e 20 anos de condena\u00e7\u00e3o \u00e9 preso pela Pol\u00edcia Civil do Tocantins\"}]},{\"@type\":\"WebSite\",\"@id\":\"https:\/\/cleitonpinheiro.com.br\/site\/#website\",\"url\":\"https:\/\/cleitonpinheiro.com.br\/site\/\",\"name\":\"PORTAL DE NOT\u00cdCIAS CLEITON PINHEIRO\",\"description\":\"FALANDO A VERDADE\",\"publisher\":{\"@id\":\"https:\/\/cleitonpinheiro.com.br\/site\/#organization\"},\"potentialAction\":[{\"@type\":\"SearchAction\",\"target\":{\"@type\":\"EntryPoint\",\"urlTemplate\":\"https:\/\/cleitonpinheiro.com.br\/site\/?s={search_term_string}\"},\"query-input\":{\"@type\":\"PropertyValueSpecification\",\"valueRequired\":true,\"valueName\":\"search_term_string\"}}],\"inLanguage\":\"pt-BR\"},{\"@type\":\"Organization\",\"@id\":\"https:\/\/cleitonpinheiro.com.br\/site\/#organization\",\"name\":\"CPNOT\u00cdCIAS\",\"url\":\"https:\/\/cleitonpinheiro.com.br\/site\/\",\"logo\":{\"@type\":\"ImageObject\",\"inLanguage\":\"pt-BR\",\"@id\":\"https:\/\/cleitonpinheiro.com.br\/site\/#\/schema\/logo\/image\/\",\"url\":\"https:\/\/cleitonpinheiro.com.br\/site\/wp-content\/uploads\/2022\/08\/Logo-pequena-2.png\",\"contentUrl\":\"https:\/\/cleitonpinheiro.com.br\/site\/wp-content\/uploads\/2022\/08\/Logo-pequena-2.png\",\"width\":500,\"height\":500,\"caption\":\"CPNOT\u00cdCIAS\"},\"image\":{\"@id\":\"https:\/\/cleitonpinheiro.com.br\/site\/#\/schema\/logo\/image\/\"},\"sameAs\":[\"https:\/\/www.facebook.com\/portalcpnoticias\/\"]},{\"@type\":\"Person\",\"@id\":\"https:\/\/cleitonpinheiro.com.br\/site\/#\/schema\/person\/aac6d7f311e80c43042e98a900b03cd8\",\"name\":\"Dermival Pereira\",\"image\":{\"@type\":\"ImageObject\",\"inLanguage\":\"pt-BR\",\"@id\":\"https:\/\/cleitonpinheiro.com.br\/site\/#\/schema\/person\/image\/\",\"url\":\"https:\/\/secure.gravatar.com\/avatar\/cfaebf3742d6bf8db728bcba3eed6bee37b02337a2e6c822994f20ca72a3784d?s=96&r=g\",\"contentUrl\":\"https:\/\/secure.gravatar.com\/avatar\/cfaebf3742d6bf8db728bcba3eed6bee37b02337a2e6c822994f20ca72a3784d?s=96&r=g\",\"caption\":\"Dermival Pereira\"},\"url\":\"https:\/\/cleitonpinheiro.com.br\/site\/author\/dermival\/\"}]}<\/script>\n<!-- \/ Yoast SEO plugin. -->","yoast_head_json":{"title":"Homem com extensa ficha criminal e 20 anos de condena\u00e7\u00e3o \u00e9 preso pela Pol\u00edcia Civil do Tocantins - PORTAL DE NOT\u00cdCIAS CLEITON PINHEIRO","robots":{"index":"index","follow":"follow","max-snippet":"max-snippet:-1","max-image-preview":"max-image-preview:large","max-video-preview":"max-video-preview:-1"},"canonical":"https:\/\/cleitonpinheiro.com.br\/site\/homem-com-extensa-ficha-criminal-e-20-anos-de-condenacao-e-preso-pela-policia-civil-do-to\/","og_locale":"pt_BR","og_type":"article","og_title":"Homem com extensa ficha criminal e 20 anos de condena\u00e7\u00e3o \u00e9 preso pela Pol\u00edcia Civil do Tocantins - PORTAL DE NOT\u00cdCIAS CLEITON PINHEIRO","og_description":"Policiais civis da Delegacia de Repress\u00e3o a Roubos &#8211; DRR de Aragua\u00edna, comandados pelo delegado-chefe da unidade, Felipe Crivelaro, prenderam na tarde da \u00faltima ter\u00e7a-feira, 25, um indiv\u00edduo de 30 anos que foi condenado por v\u00e1rios crimes que somam quase 20 anos de pris\u00e3o.&nbsp; O delegado Felipe Crivelaro informou que o homem foi capturado na [&hellip;]","og_url":"https:\/\/cleitonpinheiro.com.br\/site\/homem-com-extensa-ficha-criminal-e-20-anos-de-condenacao-e-preso-pela-policia-civil-do-to\/","og_site_name":"PORTAL DE NOT\u00cdCIAS CLEITON PINHEIRO","article_publisher":"https:\/\/www.facebook.com\/portalcpnoticias\/","article_published_time":"2023-04-27T13:17:16+00:00","article_modified_time":"2023-07-04T14:57:10+00:00","og_image":[{"width":750,"height":450,"url":"https:\/\/cleitonpinheiro.com.br\/site\/wp-content\/uploads\/2023\/04\/Design-sem-nome-58-compressed.jpg","type":"image\/jpeg"}],"author":"Dermival Pereira","twitter_card":"summary_large_image","twitter_misc":{"Escrito por":"Dermival Pereira","Est. tempo de leitura":"3 minutos"},"schema":{"@context":"https:\/\/schema.org","@graph":[{"@type":"Article","@id":"https:\/\/cleitonpinheiro.com.br\/site\/homem-com-extensa-ficha-criminal-e-20-anos-de-condenacao-e-preso-pela-policia-civil-do-to\/#article","isPartOf":{"@id":"https:\/\/cleitonpinheiro.com.br\/site\/homem-com-extensa-ficha-criminal-e-20-anos-de-condenacao-e-preso-pela-policia-civil-do-to\/"},"author":{"name":"Dermival Pereira","@id":"https:\/\/cleitonpinheiro.com.br\/site\/#\/schema\/person\/aac6d7f311e80c43042e98a900b03cd8"},"headline":"Homem com extensa ficha criminal e 20 anos de condena\u00e7\u00e3o \u00e9 preso pela Pol\u00edcia Civil do Tocantins","datePublished":"2023-04-27T13:17:16+00:00","dateModified":"2023-07-04T14:57:10+00:00","mainEntityOfPage":{"@id":"https:\/\/cleitonpinheiro.com.br\/site\/homem-com-extensa-ficha-criminal-e-20-anos-de-condenacao-e-preso-pela-policia-civil-do-to\/"},"wordCount":436,"commentCount":0,"publisher":{"@id":"https:\/\/cleitonpinheiro.com.br\/site\/#organization"},"image":{"@id":"https:\/\/cleitonpinheiro.com.br\/site\/homem-com-extensa-ficha-criminal-e-20-anos-de-condenacao-e-preso-pela-policia-civil-do-to\/#primaryimage"},"thumbnailUrl":"https:\/\/cleitonpinheiro.com.br\/site\/wp-content\/uploads\/2023\/04\/Design-sem-nome-58-compressed.jpg","articleSection":["CIDADES","TODAS NOTICIAS"],"inLanguage":"pt-BR","potentialAction":[{"@type":"CommentAction","name":"Comment","target":["https:\/\/cleitonpinheiro.com.br\/site\/homem-com-extensa-ficha-criminal-e-20-anos-de-condenacao-e-preso-pela-policia-civil-do-to\/#respond"]}]},{"@type":"WebPage","@id":"https:\/\/cleitonpinheiro.com.br\/site\/homem-com-extensa-ficha-criminal-e-20-anos-de-condenacao-e-preso-pela-policia-civil-do-to\/","url":"https:\/\/cleitonpinheiro.com.br\/site\/homem-com-extensa-ficha-criminal-e-20-anos-de-condenacao-e-preso-pela-policia-civil-do-to\/","name":"Homem com extensa ficha criminal e 20 anos de condena\u00e7\u00e3o \u00e9 preso pela Pol\u00edcia Civil do Tocantins - PORTAL DE NOT\u00cdCIAS CLEITON PINHEIRO","isPartOf":{"@id":"https:\/\/cleitonpinheiro.com.br\/site\/#website"},"primaryImageOfPage":{"@id":"https:\/\/cleitonpinheiro.com.br\/site\/homem-com-extensa-ficha-criminal-e-20-anos-de-condenacao-e-preso-pela-policia-civil-do-to\/#primaryimage"},"image":{"@id":"https:\/\/cleitonpinheiro.com.br\/site\/homem-com-extensa-ficha-criminal-e-20-anos-de-condenacao-e-preso-pela-policia-civil-do-to\/#primaryimage"},"thumbnailUrl":"https:\/\/cleitonpinheiro.com.br\/site\/wp-content\/uploads\/2023\/04\/Design-sem-nome-58-compressed.jpg","datePublished":"2023-04-27T13:17:16+00:00","dateModified":"2023-07-04T14:57:10+00:00","breadcrumb":{"@id":"https:\/\/cleitonpinheiro.com.br\/site\/homem-com-extensa-ficha-criminal-e-20-anos-de-condenacao-e-preso-pela-policia-civil-do-to\/#breadcrumb"},"inLanguage":"pt-BR","potentialAction":[{"@type":"ReadAction","target":["https:\/\/cleitonpinheiro.com.br\/site\/homem-com-extensa-ficha-criminal-e-20-anos-de-condenacao-e-preso-pela-policia-civil-do-to\/"]}]},{"@type":"ImageObject","inLanguage":"pt-BR","@id":"https:\/\/cleitonpinheiro.com.br\/site\/homem-com-extensa-ficha-criminal-e-20-anos-de-condenacao-e-preso-pela-policia-civil-do-to\/#primaryimage","url":"","contentUrl":""},{"@type":"BreadcrumbList","@id":"https:\/\/cleitonpinheiro.com.br\/site\/homem-com-extensa-ficha-criminal-e-20-anos-de-condenacao-e-preso-pela-policia-civil-do-to\/#breadcrumb","itemListElement":[{"@type":"ListItem","position":1,"name":"In\u00edcio","item":"https:\/\/cleitonpinheiro.com.br\/site\/"},{"@type":"ListItem","position":2,"name":"Homem com extensa ficha criminal e 20 anos de condena\u00e7\u00e3o \u00e9 preso pela Pol\u00edcia Civil do Tocantins"}]},{"@type":"WebSite","@id":"https:\/\/cleitonpinheiro.com.br\/site\/#website","url":"https:\/\/cleitonpinheiro.com.br\/site\/","name":"PORTAL DE NOT\u00cdCIAS CLEITON PINHEIRO","description":"FALANDO A VERDADE","publisher":{"@id":"https:\/\/cleitonpinheiro.com.br\/site\/#organization"},"potentialAction":[{"@type":"SearchAction","target":{"@type":"EntryPoint","urlTemplate":"https:\/\/cleitonpinheiro.com.br\/site\/?s={search_term_string}"},"query-input":{"@type":"PropertyValueSpecification","valueRequired":true,"valueName":"search_term_string"}}],"inLanguage":"pt-BR"},{"@type":"Organization","@id":"https:\/\/cleitonpinheiro.com.br\/site\/#organization","name":"CPNOT\u00cdCIAS","url":"https:\/\/cleitonpinheiro.com.br\/site\/","logo":{"@type":"ImageObject","inLanguage":"pt-BR","@id":"https:\/\/cleitonpinheiro.com.br\/site\/#\/schema\/logo\/image\/","url":"https:\/\/cleitonpinheiro.com.br\/site\/wp-content\/uploads\/2022\/08\/Logo-pequena-2.png","contentUrl":"https:\/\/cleitonpinheiro.com.br\/site\/wp-content\/uploads\/2022\/08\/Logo-pequena-2.png","width":500,"height":500,"caption":"CPNOT\u00cdCIAS"},"image":{"@id":"https:\/\/cleitonpinheiro.com.br\/site\/#\/schema\/logo\/image\/"},"sameAs":["https:\/\/www.facebook.com\/portalcpnoticias\/"]},{"@type":"Person","@id":"https:\/\/cleitonpinheiro.com.br\/site\/#\/schema\/person\/aac6d7f311e80c43042e98a900b03cd8","name":"Dermival Pereira","image":{"@type":"ImageObject","inLanguage":"pt-BR","@id":"https:\/\/cleitonpinheiro.com.br\/site\/#\/schema\/person\/image\/","url":"https:\/\/secure.gravatar.com\/avatar\/cfaebf3742d6bf8db728bcba3eed6bee37b02337a2e6c822994f20ca72a3784d?s=96&r=g","contentUrl":"https:\/\/secure.gravatar.com\/avatar\/cfaebf3742d6bf8db728bcba3eed6bee37b02337a2e6c822994f20ca72a3784d?s=96&r=g","caption":"Dermival Pereira"},"url":"https:\/\/cleitonpinheiro.com.br\/site\/author\/dermival\/"}]}},"views":235,"_links":{"self":[{"href":"https:\/\/cleitonpinheiro.com.br\/site\/wp-json\/wp\/v2\/posts\/70631","targetHints":{"allow":["GET"]}}],"collection":[{"href":"https:\/\/cleitonpinheiro.com.br\/site\/wp-json\/wp\/v2\/posts"}],"about":[{"href":"https:\/\/cleitonpinheiro.com.br\/site\/wp-json\/wp\/v2\/types\/post"}],"author":[{"embeddable":true,"href":"https:\/\/cleitonpinheiro.com.br\/site\/wp-json\/wp\/v2\/users\/4"}],"replies":[{"embeddable":true,"href":"https:\/\/cleitonpinheiro.com.br\/site\/wp-json\/wp\/v2\/comments?post=70631"}],"version-history":[{"count":2,"href":"https:\/\/cleitonpinheiro.com.br\/site\/wp-json\/wp\/v2\/posts\/70631\/revisions"}],"predecessor-version":[{"id":70634,"href":"https:\/\/cleitonpinheiro.com.br\/site\/wp-json\/wp\/v2\/posts\/70631\/revisions\/70634"}],"wp:attachment":[{"href":"https:\/\/cleitonpinheiro.com.br\/site\/wp-json\/wp\/v2\/media?parent=70631"}],"wp:term":[{"taxonomy":"category","embeddable":true,"href":"https:\/\/cleitonpinheiro.com.br\/site\/wp-json\/wp\/v2\/categories?post=70631"},{"taxonomy":"post_tag","embeddable":true,"href":"https:\/\/cleitonpinheiro.com.br\/site\/wp-json\/wp\/v2\/tags?post=70631"}],"curies":[{"name":"wp","href":"https:\/\/api.w.org\/{rel}","templated":true}]}}