{"id":70645,"date":"2023-04-27T16:35:18","date_gmt":"2023-04-27T19:35:18","guid":{"rendered":"https:\/\/cleitonpinheiro.com.br\/site\/?p=70645"},"modified":"2023-04-27T16:39:08","modified_gmt":"2023-04-27T19:39:08","slug":"mpto-ingressa-com-acao-para-obrigar-prefeitura-de-palmas-a-oferecer-servicos-de-saude-de-media-e-baixa-complexidade-e-desafogar-hgp","status":"publish","type":"post","link":"https:\/\/cleitonpinheiro.com.br\/site\/mpto-ingressa-com-acao-para-obrigar-prefeitura-de-palmas-a-oferecer-servicos-de-saude-de-media-e-baixa-complexidade-e-desafogar-hgp\/","title":{"rendered":"MPTO ingressa com a\u00e7\u00e3o para obrigar prefeitura a oferecer servi\u00e7os de sa\u00fade de m\u00e9dia e baixa complexidade e desafogar HGP"},"content":{"rendered":"\n<figure class=\"wp-block-image size-full is-resized\"><img fetchpriority=\"high\" decoding=\"async\" src=\"https:\/\/cleitonpinheiro.com.br\/site\/wp-content\/uploads\/2023\/04\/Design-sem-nome-62-compressed.jpg\" alt=\"\" class=\"wp-image-70646\" width=\"1017\" height=\"610\"\/><figcaption class=\"wp-element-caption\">UPA da regi\u00e3o Sul de Palmas, localizada no Jardim Aureny II &#8211; Foto: Raiza Milhomem\/Secom<\/figcaption><\/figure>\n\n\n\n<p>O Minist\u00e9rio P\u00fablico do Tocantins (MPTO) ingressou com a\u00e7\u00e3o civil p\u00fablica, na quarta-feira, 26, requerendo que seja imposta ao Munic\u00edpio de Palmas a obriga\u00e7\u00e3o de viabilizar um espa\u00e7o adequado para a presta\u00e7\u00e3o de servi\u00e7os de sa\u00fade de m\u00e9dia e baixa complexidade, a exemplo de ortopedia e traumatologia, cl\u00ednica m\u00e9dica, cirurgia geral, cl\u00ednica geral e cardiologia.<\/p>\n\n\n\n<p>Na a\u00e7\u00e3o judicial, proposta pela 19\u00aa Promotoria de Justi\u00e7a da Capital, \u00e9 relatado que o Munic\u00edpio n\u00e3o possui um hospital municipal onde estes servi\u00e7os poderiam ser prestados.<\/p>\n\n\n\n<p>Essa aus\u00eancia gera uma sobrecarga sobre o Hospital Geral de Palmas (HGP) e sobre o Hospital e Maternidade Dona Regina (HMDR), prejudicando os atendimentos de alta complexidade a que estes hospitais estaduais se destinam e comprometendo a assist\u00eancia aos pacientes da pr\u00f3pria capital e tamb\u00e9m das cidades do interior.<\/p>\n\n\n\n<p><strong>Necessidade de hospital<\/strong><\/p>\n\n\n\n<p>O promotor de Justi\u00e7a Thiago Ribeiro relata que o Munic\u00edpio reconheceu a necessidade e a responsabilidade quanto \u00e0 instala\u00e7\u00e3o de um hospital municipal, ao inserir esta demanda no Plano de Governo e depois no Plano Plurianual (PPA) 2022\/2025.<\/p>\n\n\n\n<p>\u201cO fato \u00e9 que, at\u00e9 o presente momento, quase tr\u00eas anos j\u00e1 se passaram e nada foi feito de efetivo para viabilizar o in\u00edcio da constru\u00e7\u00e3o do hospital\u201d.<\/p>\n\n\n\n<p>A \u00fanica medida articulada foi uma parceria entre o Estado e o Munic\u00edpio para a doa\u00e7\u00e3o da \u00e1rea onde a unidade hospitalar ser\u00e1 constru\u00edda, por\u00e9m a doa\u00e7\u00e3o ainda n\u00e3o foi efetivada.<\/p>\n\n\n\n<p><strong>Responsabilidade transferida<\/strong><\/p>\n\n\n\n<p>A a\u00e7\u00e3o civil p\u00fablica destaca que atendimentos de assist\u00eancia ambulatorial e hospitalar s\u00e3o de responsabilidade do Munic\u00edpio de Palmas.<\/p>\n\n\n\n<p>Por\u00e9m, a gest\u00e3o da capital abriu m\u00e3o desta atribui\u00e7\u00e3o e transferiu a execu\u00e7\u00e3o do servi\u00e7o para o Estado em 2016, inclusive se comprometendo a transferir os recursos necess\u00e1rios, conforme consta em resolu\u00e7\u00e3o da Comiss\u00e3o Intergestores Bipartite (CIB).<\/p>\n\n\n\n<p>Mas a Promotoria de Justi\u00e7a relata que o Estado n\u00e3o conseguiu absorver toda a demanda gerada pela pactua\u00e7\u00e3o, o que tem ocasionado a superlota\u00e7\u00e3o nos hospitais estaduais e a falha na oferta do servi\u00e7o no \u00e2mbito municipal.<\/p>\n\n\n\n<p>\u201cA popula\u00e7\u00e3o continua buscando os servi\u00e7os nas unidades de pronto atendimento e quando o munic\u00edpio encaminha o paciente para tratamento nas unidades estaduais quase sempre a oferta de vaga \u00e9 negada ante a falta de leitos e pelo perfil inadequado do paciente, o que tem ocasionado um desarranjo no fluxo de atendimento nos servi\u00e7os de sa\u00fade\u201d, diz um trecho da a\u00e7\u00e3o civil p\u00fablica.<\/p>\n\n\n\n<p>Al\u00e9m da superlota\u00e7\u00e3o nos hospitais estaduais, outra consequ\u00eancia seria a perman\u00eancia de pacientes internados nas UPAs por mais de 24 horas, extrapolando-se o prazo m\u00e1ximo estabelecido em resolu\u00e7\u00e3o.<\/p>\n\n\n\n<p><strong>HGP sobrecarregado<\/strong><\/p>\n\n\n\n<p>A a\u00e7\u00e3o civil p\u00fablica menciona um estudo, realizado entre agosto e dezembro de 2022, segundo o qual Palmas \u00e9 o munic\u00edpio que mais encaminha pacientes para o HGP.<\/p>\n\n\n\n<p>Somente em agosto, Palmas encaminhou 388 pacientes. O segundo colocado, Aparecida do Rio Negro, vem muito abaixo, com 10 pacientes encaminhados.<\/p>\n\n\n\n<p>\u201cFicou claramente not\u00e1vel no levantamento a deturpa\u00e7\u00e3o da finalidade do Hospital Geral de Palmas que, em vez de ser uma unidade de suporte para todo Estado do Tocantins, tornou-se um equipamento p\u00fablico de sa\u00fade cuja oferta de servi\u00e7os est\u00e1 servindo, em sua grande maioria, \u00e0 capital do Estado, deixando os demais munic\u00edpios em segundo plano\u201d.<\/p>\n\n\n\n<p>Outro levantamento promovido nos primeiros meses de 2023 mostra que 65% dos pacientes regulados para o HGP s\u00e3o encaminhados pelo Munic\u00edpio de Palmas. As \u00e1reas mais demandadas s\u00e3o ortopedia e traumatologia, cirurgia geral, cl\u00ednica geral e cardiologia, que poderiam ser atendidas pelo pr\u00f3prio Munic\u00edpio.<\/p>\n\n\n\n<p>Antes de ingressar com a a\u00e7\u00e3o judicial, a 19\u00aa Promotoria de Justi\u00e7a da Capital instaurou inqu\u00e9rito civil p\u00fablico e realizou uma audi\u00eancia p\u00fablica e pelo menos cinco reuni\u00f5es com a presen\u00e7a do secret\u00e1rio municipal de Sa\u00fade, da equipe t\u00e9cnica e de outros gestores, para discutir o assunto. <em><strong>(Fonte: Ascom do MPTO).<\/strong><\/em><\/p>\n","protected":false},"excerpt":{"rendered":"<p>O Minist\u00e9rio P\u00fablico do Tocantins (MPTO) ingressou com a\u00e7\u00e3o civil p\u00fablica, na quarta-feira, 26, requerendo que seja imposta ao Munic\u00edpio de Palmas a obriga\u00e7\u00e3o de viabilizar um espa\u00e7o adequado para a presta\u00e7\u00e3o de servi\u00e7os de sa\u00fade de m\u00e9dia e baixa complexidade, a exemplo de ortopedia e traumatologia, cl\u00ednica m\u00e9dica, cirurgia geral, cl\u00ednica geral e cardiologia. [&hellip;]<\/p>\n","protected":false},"author":4,"featured_media":0,"comment_status":"open","ping_status":"open","sticky":false,"template":"","format":"standard","meta":{"_acf_changed":false,"footnotes":""},"categories":[22,898],"tags":[],"class_list":["post-70645","post","type-post","status-publish","format-standard","hentry","category-cidades","category-manchete-segundaria"],"acf":[],"yoast_head":"<!-- This site is optimized with the Yoast SEO plugin v24.4 - https:\/\/yoast.com\/wordpress\/plugins\/seo\/ -->\n<title>MPTO ingressa com a\u00e7\u00e3o para obrigar prefeitura a oferecer servi\u00e7os de sa\u00fade de m\u00e9dia e baixa complexidade e desafogar HGP - PORTAL DE NOT\u00cdCIAS CLEITON PINHEIRO<\/title>\n<meta name=\"robots\" content=\"index, follow, max-snippet:-1, max-image-preview:large, max-video-preview:-1\" \/>\n<link rel=\"canonical\" href=\"https:\/\/cleitonpinheiro.com.br\/site\/mpto-ingressa-com-acao-para-obrigar-prefeitura-de-palmas-a-oferecer-servicos-de-saude-de-media-e-baixa-complexidade-e-desafogar-hgp\/\" \/>\n<meta property=\"og:locale\" content=\"pt_BR\" \/>\n<meta property=\"og:type\" content=\"article\" \/>\n<meta property=\"og:title\" content=\"MPTO ingressa com a\u00e7\u00e3o para obrigar prefeitura a oferecer servi\u00e7os de sa\u00fade de m\u00e9dia e baixa complexidade e desafogar HGP - PORTAL DE NOT\u00cdCIAS CLEITON PINHEIRO\" \/>\n<meta property=\"og:description\" content=\"O Minist\u00e9rio P\u00fablico do Tocantins (MPTO) ingressou com a\u00e7\u00e3o civil p\u00fablica, na quarta-feira, 26, requerendo que seja imposta ao Munic\u00edpio de Palmas a obriga\u00e7\u00e3o de viabilizar um espa\u00e7o adequado para a presta\u00e7\u00e3o de servi\u00e7os de sa\u00fade de m\u00e9dia e baixa complexidade, a exemplo de ortopedia e traumatologia, cl\u00ednica m\u00e9dica, cirurgia geral, cl\u00ednica geral e cardiologia. [&hellip;]\" \/>\n<meta property=\"og:url\" content=\"https:\/\/cleitonpinheiro.com.br\/site\/mpto-ingressa-com-acao-para-obrigar-prefeitura-de-palmas-a-oferecer-servicos-de-saude-de-media-e-baixa-complexidade-e-desafogar-hgp\/\" \/>\n<meta property=\"og:site_name\" content=\"PORTAL DE NOT\u00cdCIAS CLEITON PINHEIRO\" \/>\n<meta property=\"article:publisher\" content=\"https:\/\/www.facebook.com\/portalcpnoticias\/\" \/>\n<meta property=\"article:published_time\" content=\"2023-04-27T19:35:18+00:00\" \/>\n<meta property=\"article:modified_time\" content=\"2023-04-27T19:39:08+00:00\" \/>\n<meta property=\"og:image\" content=\"https:\/\/cleitonpinheiro.com.br\/site\/wp-content\/uploads\/2023\/04\/Design-sem-nome-62-compressed.jpg\" \/>\n\t<meta property=\"og:image:width\" content=\"750\" \/>\n\t<meta property=\"og:image:height\" content=\"450\" \/>\n\t<meta property=\"og:image:type\" content=\"image\/jpeg\" \/>\n<meta name=\"author\" content=\"Dermival Pereira\" \/>\n<meta name=\"twitter:card\" content=\"summary_large_image\" \/>\n<meta name=\"twitter:label1\" content=\"Escrito por\" \/>\n\t<meta name=\"twitter:data1\" content=\"Dermival Pereira\" \/>\n\t<meta name=\"twitter:label2\" content=\"Est. tempo de leitura\" \/>\n\t<meta name=\"twitter:data2\" content=\"4 minutos\" \/>\n<script type=\"application\/ld+json\" class=\"yoast-schema-graph\">{\"@context\":\"https:\/\/schema.org\",\"@graph\":[{\"@type\":\"Article\",\"@id\":\"https:\/\/cleitonpinheiro.com.br\/site\/mpto-ingressa-com-acao-para-obrigar-prefeitura-de-palmas-a-oferecer-servicos-de-saude-de-media-e-baixa-complexidade-e-desafogar-hgp\/#article\",\"isPartOf\":{\"@id\":\"https:\/\/cleitonpinheiro.com.br\/site\/mpto-ingressa-com-acao-para-obrigar-prefeitura-de-palmas-a-oferecer-servicos-de-saude-de-media-e-baixa-complexidade-e-desafogar-hgp\/\"},\"author\":{\"name\":\"Dermival Pereira\",\"@id\":\"https:\/\/cleitonpinheiro.com.br\/site\/#\/schema\/person\/aac6d7f311e80c43042e98a900b03cd8\"},\"headline\":\"MPTO ingressa com a\u00e7\u00e3o para obrigar prefeitura a oferecer servi\u00e7os de sa\u00fade de m\u00e9dia e baixa complexidade e desafogar HGP\",\"datePublished\":\"2023-04-27T19:35:18+00:00\",\"dateModified\":\"2023-04-27T19:39:08+00:00\",\"mainEntityOfPage\":{\"@id\":\"https:\/\/cleitonpinheiro.com.br\/site\/mpto-ingressa-com-acao-para-obrigar-prefeitura-de-palmas-a-oferecer-servicos-de-saude-de-media-e-baixa-complexidade-e-desafogar-hgp\/\"},\"wordCount\":735,\"commentCount\":0,\"publisher\":{\"@id\":\"https:\/\/cleitonpinheiro.com.br\/site\/#organization\"},\"image\":{\"@id\":\"https:\/\/cleitonpinheiro.com.br\/site\/mpto-ingressa-com-acao-para-obrigar-prefeitura-de-palmas-a-oferecer-servicos-de-saude-de-media-e-baixa-complexidade-e-desafogar-hgp\/#primaryimage\"},\"thumbnailUrl\":\"https:\/\/cleitonpinheiro.com.br\/site\/wp-content\/uploads\/2023\/04\/Design-sem-nome-62-compressed.jpg\",\"articleSection\":[\"CIDADES\",\"MANCHETE SEGUND\u00c1RIA\"],\"inLanguage\":\"pt-BR\",\"potentialAction\":[{\"@type\":\"CommentAction\",\"name\":\"Comment\",\"target\":[\"https:\/\/cleitonpinheiro.com.br\/site\/mpto-ingressa-com-acao-para-obrigar-prefeitura-de-palmas-a-oferecer-servicos-de-saude-de-media-e-baixa-complexidade-e-desafogar-hgp\/#respond\"]}]},{\"@type\":\"WebPage\",\"@id\":\"https:\/\/cleitonpinheiro.com.br\/site\/mpto-ingressa-com-acao-para-obrigar-prefeitura-de-palmas-a-oferecer-servicos-de-saude-de-media-e-baixa-complexidade-e-desafogar-hgp\/\",\"url\":\"https:\/\/cleitonpinheiro.com.br\/site\/mpto-ingressa-com-acao-para-obrigar-prefeitura-de-palmas-a-oferecer-servicos-de-saude-de-media-e-baixa-complexidade-e-desafogar-hgp\/\",\"name\":\"MPTO ingressa com a\u00e7\u00e3o para obrigar prefeitura a oferecer servi\u00e7os de sa\u00fade de m\u00e9dia e baixa complexidade e desafogar HGP - PORTAL DE NOT\u00cdCIAS CLEITON PINHEIRO\",\"isPartOf\":{\"@id\":\"https:\/\/cleitonpinheiro.com.br\/site\/#website\"},\"primaryImageOfPage\":{\"@id\":\"https:\/\/cleitonpinheiro.com.br\/site\/mpto-ingressa-com-acao-para-obrigar-prefeitura-de-palmas-a-oferecer-servicos-de-saude-de-media-e-baixa-complexidade-e-desafogar-hgp\/#primaryimage\"},\"image\":{\"@id\":\"https:\/\/cleitonpinheiro.com.br\/site\/mpto-ingressa-com-acao-para-obrigar-prefeitura-de-palmas-a-oferecer-servicos-de-saude-de-media-e-baixa-complexidade-e-desafogar-hgp\/#primaryimage\"},\"thumbnailUrl\":\"https:\/\/cleitonpinheiro.com.br\/site\/wp-content\/uploads\/2023\/04\/Design-sem-nome-62-compressed.jpg\",\"datePublished\":\"2023-04-27T19:35:18+00:00\",\"dateModified\":\"2023-04-27T19:39:08+00:00\",\"breadcrumb\":{\"@id\":\"https:\/\/cleitonpinheiro.com.br\/site\/mpto-ingressa-com-acao-para-obrigar-prefeitura-de-palmas-a-oferecer-servicos-de-saude-de-media-e-baixa-complexidade-e-desafogar-hgp\/#breadcrumb\"},\"inLanguage\":\"pt-BR\",\"potentialAction\":[{\"@type\":\"ReadAction\",\"target\":[\"https:\/\/cleitonpinheiro.com.br\/site\/mpto-ingressa-com-acao-para-obrigar-prefeitura-de-palmas-a-oferecer-servicos-de-saude-de-media-e-baixa-complexidade-e-desafogar-hgp\/\"]}]},{\"@type\":\"ImageObject\",\"inLanguage\":\"pt-BR\",\"@id\":\"https:\/\/cleitonpinheiro.com.br\/site\/mpto-ingressa-com-acao-para-obrigar-prefeitura-de-palmas-a-oferecer-servicos-de-saude-de-media-e-baixa-complexidade-e-desafogar-hgp\/#primaryimage\",\"url\":\"\",\"contentUrl\":\"\"},{\"@type\":\"BreadcrumbList\",\"@id\":\"https:\/\/cleitonpinheiro.com.br\/site\/mpto-ingressa-com-acao-para-obrigar-prefeitura-de-palmas-a-oferecer-servicos-de-saude-de-media-e-baixa-complexidade-e-desafogar-hgp\/#breadcrumb\",\"itemListElement\":[{\"@type\":\"ListItem\",\"position\":1,\"name\":\"In\u00edcio\",\"item\":\"https:\/\/cleitonpinheiro.com.br\/site\/\"},{\"@type\":\"ListItem\",\"position\":2,\"name\":\"MPTO ingressa com a\u00e7\u00e3o para obrigar prefeitura a oferecer servi\u00e7os de sa\u00fade de m\u00e9dia e baixa complexidade e desafogar HGP\"}]},{\"@type\":\"WebSite\",\"@id\":\"https:\/\/cleitonpinheiro.com.br\/site\/#website\",\"url\":\"https:\/\/cleitonpinheiro.com.br\/site\/\",\"name\":\"PORTAL DE NOT\u00cdCIAS CLEITON PINHEIRO\",\"description\":\"FALANDO A VERDADE\",\"publisher\":{\"@id\":\"https:\/\/cleitonpinheiro.com.br\/site\/#organization\"},\"potentialAction\":[{\"@type\":\"SearchAction\",\"target\":{\"@type\":\"EntryPoint\",\"urlTemplate\":\"https:\/\/cleitonpinheiro.com.br\/site\/?s={search_term_string}\"},\"query-input\":{\"@type\":\"PropertyValueSpecification\",\"valueRequired\":true,\"valueName\":\"search_term_string\"}}],\"inLanguage\":\"pt-BR\"},{\"@type\":\"Organization\",\"@id\":\"https:\/\/cleitonpinheiro.com.br\/site\/#organization\",\"name\":\"CPNOT\u00cdCIAS\",\"url\":\"https:\/\/cleitonpinheiro.com.br\/site\/\",\"logo\":{\"@type\":\"ImageObject\",\"inLanguage\":\"pt-BR\",\"@id\":\"https:\/\/cleitonpinheiro.com.br\/site\/#\/schema\/logo\/image\/\",\"url\":\"https:\/\/cleitonpinheiro.com.br\/site\/wp-content\/uploads\/2022\/08\/Logo-pequena-2.png\",\"contentUrl\":\"https:\/\/cleitonpinheiro.com.br\/site\/wp-content\/uploads\/2022\/08\/Logo-pequena-2.png\",\"width\":500,\"height\":500,\"caption\":\"CPNOT\u00cdCIAS\"},\"image\":{\"@id\":\"https:\/\/cleitonpinheiro.com.br\/site\/#\/schema\/logo\/image\/\"},\"sameAs\":[\"https:\/\/www.facebook.com\/portalcpnoticias\/\"]},{\"@type\":\"Person\",\"@id\":\"https:\/\/cleitonpinheiro.com.br\/site\/#\/schema\/person\/aac6d7f311e80c43042e98a900b03cd8\",\"name\":\"Dermival Pereira\",\"image\":{\"@type\":\"ImageObject\",\"inLanguage\":\"pt-BR\",\"@id\":\"https:\/\/cleitonpinheiro.com.br\/site\/#\/schema\/person\/image\/\",\"url\":\"https:\/\/secure.gravatar.com\/avatar\/cfaebf3742d6bf8db728bcba3eed6bee37b02337a2e6c822994f20ca72a3784d?s=96&r=g\",\"contentUrl\":\"https:\/\/secure.gravatar.com\/avatar\/cfaebf3742d6bf8db728bcba3eed6bee37b02337a2e6c822994f20ca72a3784d?s=96&r=g\",\"caption\":\"Dermival Pereira\"},\"url\":\"https:\/\/cleitonpinheiro.com.br\/site\/author\/dermival\/\"}]}<\/script>\n<!-- \/ Yoast SEO plugin. -->","yoast_head_json":{"title":"MPTO ingressa com a\u00e7\u00e3o para obrigar prefeitura a oferecer servi\u00e7os de sa\u00fade de m\u00e9dia e baixa complexidade e desafogar HGP - PORTAL DE NOT\u00cdCIAS CLEITON PINHEIRO","robots":{"index":"index","follow":"follow","max-snippet":"max-snippet:-1","max-image-preview":"max-image-preview:large","max-video-preview":"max-video-preview:-1"},"canonical":"https:\/\/cleitonpinheiro.com.br\/site\/mpto-ingressa-com-acao-para-obrigar-prefeitura-de-palmas-a-oferecer-servicos-de-saude-de-media-e-baixa-complexidade-e-desafogar-hgp\/","og_locale":"pt_BR","og_type":"article","og_title":"MPTO ingressa com a\u00e7\u00e3o para obrigar prefeitura a oferecer servi\u00e7os de sa\u00fade de m\u00e9dia e baixa complexidade e desafogar HGP - PORTAL DE NOT\u00cdCIAS CLEITON PINHEIRO","og_description":"O Minist\u00e9rio P\u00fablico do Tocantins (MPTO) ingressou com a\u00e7\u00e3o civil p\u00fablica, na quarta-feira, 26, requerendo que seja imposta ao Munic\u00edpio de Palmas a obriga\u00e7\u00e3o de viabilizar um espa\u00e7o adequado para a presta\u00e7\u00e3o de servi\u00e7os de sa\u00fade de m\u00e9dia e baixa complexidade, a exemplo de ortopedia e traumatologia, cl\u00ednica m\u00e9dica, cirurgia geral, cl\u00ednica geral e cardiologia. [&hellip;]","og_url":"https:\/\/cleitonpinheiro.com.br\/site\/mpto-ingressa-com-acao-para-obrigar-prefeitura-de-palmas-a-oferecer-servicos-de-saude-de-media-e-baixa-complexidade-e-desafogar-hgp\/","og_site_name":"PORTAL DE NOT\u00cdCIAS CLEITON PINHEIRO","article_publisher":"https:\/\/www.facebook.com\/portalcpnoticias\/","article_published_time":"2023-04-27T19:35:18+00:00","article_modified_time":"2023-04-27T19:39:08+00:00","og_image":[{"width":750,"height":450,"url":"https:\/\/cleitonpinheiro.com.br\/site\/wp-content\/uploads\/2023\/04\/Design-sem-nome-62-compressed.jpg","type":"image\/jpeg"}],"author":"Dermival Pereira","twitter_card":"summary_large_image","twitter_misc":{"Escrito por":"Dermival Pereira","Est. tempo de leitura":"4 minutos"},"schema":{"@context":"https:\/\/schema.org","@graph":[{"@type":"Article","@id":"https:\/\/cleitonpinheiro.com.br\/site\/mpto-ingressa-com-acao-para-obrigar-prefeitura-de-palmas-a-oferecer-servicos-de-saude-de-media-e-baixa-complexidade-e-desafogar-hgp\/#article","isPartOf":{"@id":"https:\/\/cleitonpinheiro.com.br\/site\/mpto-ingressa-com-acao-para-obrigar-prefeitura-de-palmas-a-oferecer-servicos-de-saude-de-media-e-baixa-complexidade-e-desafogar-hgp\/"},"author":{"name":"Dermival Pereira","@id":"https:\/\/cleitonpinheiro.com.br\/site\/#\/schema\/person\/aac6d7f311e80c43042e98a900b03cd8"},"headline":"MPTO ingressa com a\u00e7\u00e3o para obrigar prefeitura a oferecer servi\u00e7os de sa\u00fade de m\u00e9dia e baixa complexidade e desafogar HGP","datePublished":"2023-04-27T19:35:18+00:00","dateModified":"2023-04-27T19:39:08+00:00","mainEntityOfPage":{"@id":"https:\/\/cleitonpinheiro.com.br\/site\/mpto-ingressa-com-acao-para-obrigar-prefeitura-de-palmas-a-oferecer-servicos-de-saude-de-media-e-baixa-complexidade-e-desafogar-hgp\/"},"wordCount":735,"commentCount":0,"publisher":{"@id":"https:\/\/cleitonpinheiro.com.br\/site\/#organization"},"image":{"@id":"https:\/\/cleitonpinheiro.com.br\/site\/mpto-ingressa-com-acao-para-obrigar-prefeitura-de-palmas-a-oferecer-servicos-de-saude-de-media-e-baixa-complexidade-e-desafogar-hgp\/#primaryimage"},"thumbnailUrl":"https:\/\/cleitonpinheiro.com.br\/site\/wp-content\/uploads\/2023\/04\/Design-sem-nome-62-compressed.jpg","articleSection":["CIDADES","MANCHETE SEGUND\u00c1RIA"],"inLanguage":"pt-BR","potentialAction":[{"@type":"CommentAction","name":"Comment","target":["https:\/\/cleitonpinheiro.com.br\/site\/mpto-ingressa-com-acao-para-obrigar-prefeitura-de-palmas-a-oferecer-servicos-de-saude-de-media-e-baixa-complexidade-e-desafogar-hgp\/#respond"]}]},{"@type":"WebPage","@id":"https:\/\/cleitonpinheiro.com.br\/site\/mpto-ingressa-com-acao-para-obrigar-prefeitura-de-palmas-a-oferecer-servicos-de-saude-de-media-e-baixa-complexidade-e-desafogar-hgp\/","url":"https:\/\/cleitonpinheiro.com.br\/site\/mpto-ingressa-com-acao-para-obrigar-prefeitura-de-palmas-a-oferecer-servicos-de-saude-de-media-e-baixa-complexidade-e-desafogar-hgp\/","name":"MPTO ingressa com a\u00e7\u00e3o para obrigar prefeitura a oferecer servi\u00e7os de sa\u00fade de m\u00e9dia e baixa complexidade e desafogar HGP - PORTAL DE NOT\u00cdCIAS CLEITON PINHEIRO","isPartOf":{"@id":"https:\/\/cleitonpinheiro.com.br\/site\/#website"},"primaryImageOfPage":{"@id":"https:\/\/cleitonpinheiro.com.br\/site\/mpto-ingressa-com-acao-para-obrigar-prefeitura-de-palmas-a-oferecer-servicos-de-saude-de-media-e-baixa-complexidade-e-desafogar-hgp\/#primaryimage"},"image":{"@id":"https:\/\/cleitonpinheiro.com.br\/site\/mpto-ingressa-com-acao-para-obrigar-prefeitura-de-palmas-a-oferecer-servicos-de-saude-de-media-e-baixa-complexidade-e-desafogar-hgp\/#primaryimage"},"thumbnailUrl":"https:\/\/cleitonpinheiro.com.br\/site\/wp-content\/uploads\/2023\/04\/Design-sem-nome-62-compressed.jpg","datePublished":"2023-04-27T19:35:18+00:00","dateModified":"2023-04-27T19:39:08+00:00","breadcrumb":{"@id":"https:\/\/cleitonpinheiro.com.br\/site\/mpto-ingressa-com-acao-para-obrigar-prefeitura-de-palmas-a-oferecer-servicos-de-saude-de-media-e-baixa-complexidade-e-desafogar-hgp\/#breadcrumb"},"inLanguage":"pt-BR","potentialAction":[{"@type":"ReadAction","target":["https:\/\/cleitonpinheiro.com.br\/site\/mpto-ingressa-com-acao-para-obrigar-prefeitura-de-palmas-a-oferecer-servicos-de-saude-de-media-e-baixa-complexidade-e-desafogar-hgp\/"]}]},{"@type":"ImageObject","inLanguage":"pt-BR","@id":"https:\/\/cleitonpinheiro.com.br\/site\/mpto-ingressa-com-acao-para-obrigar-prefeitura-de-palmas-a-oferecer-servicos-de-saude-de-media-e-baixa-complexidade-e-desafogar-hgp\/#primaryimage","url":"","contentUrl":""},{"@type":"BreadcrumbList","@id":"https:\/\/cleitonpinheiro.com.br\/site\/mpto-ingressa-com-acao-para-obrigar-prefeitura-de-palmas-a-oferecer-servicos-de-saude-de-media-e-baixa-complexidade-e-desafogar-hgp\/#breadcrumb","itemListElement":[{"@type":"ListItem","position":1,"name":"In\u00edcio","item":"https:\/\/cleitonpinheiro.com.br\/site\/"},{"@type":"ListItem","position":2,"name":"MPTO ingressa com a\u00e7\u00e3o para obrigar prefeitura a oferecer servi\u00e7os de sa\u00fade de m\u00e9dia e baixa complexidade e desafogar HGP"}]},{"@type":"WebSite","@id":"https:\/\/cleitonpinheiro.com.br\/site\/#website","url":"https:\/\/cleitonpinheiro.com.br\/site\/","name":"PORTAL DE NOT\u00cdCIAS CLEITON PINHEIRO","description":"FALANDO A VERDADE","publisher":{"@id":"https:\/\/cleitonpinheiro.com.br\/site\/#organization"},"potentialAction":[{"@type":"SearchAction","target":{"@type":"EntryPoint","urlTemplate":"https:\/\/cleitonpinheiro.com.br\/site\/?s={search_term_string}"},"query-input":{"@type":"PropertyValueSpecification","valueRequired":true,"valueName":"search_term_string"}}],"inLanguage":"pt-BR"},{"@type":"Organization","@id":"https:\/\/cleitonpinheiro.com.br\/site\/#organization","name":"CPNOT\u00cdCIAS","url":"https:\/\/cleitonpinheiro.com.br\/site\/","logo":{"@type":"ImageObject","inLanguage":"pt-BR","@id":"https:\/\/cleitonpinheiro.com.br\/site\/#\/schema\/logo\/image\/","url":"https:\/\/cleitonpinheiro.com.br\/site\/wp-content\/uploads\/2022\/08\/Logo-pequena-2.png","contentUrl":"https:\/\/cleitonpinheiro.com.br\/site\/wp-content\/uploads\/2022\/08\/Logo-pequena-2.png","width":500,"height":500,"caption":"CPNOT\u00cdCIAS"},"image":{"@id":"https:\/\/cleitonpinheiro.com.br\/site\/#\/schema\/logo\/image\/"},"sameAs":["https:\/\/www.facebook.com\/portalcpnoticias\/"]},{"@type":"Person","@id":"https:\/\/cleitonpinheiro.com.br\/site\/#\/schema\/person\/aac6d7f311e80c43042e98a900b03cd8","name":"Dermival Pereira","image":{"@type":"ImageObject","inLanguage":"pt-BR","@id":"https:\/\/cleitonpinheiro.com.br\/site\/#\/schema\/person\/image\/","url":"https:\/\/secure.gravatar.com\/avatar\/cfaebf3742d6bf8db728bcba3eed6bee37b02337a2e6c822994f20ca72a3784d?s=96&r=g","contentUrl":"https:\/\/secure.gravatar.com\/avatar\/cfaebf3742d6bf8db728bcba3eed6bee37b02337a2e6c822994f20ca72a3784d?s=96&r=g","caption":"Dermival Pereira"},"url":"https:\/\/cleitonpinheiro.com.br\/site\/author\/dermival\/"}]}},"views":240,"_links":{"self":[{"href":"https:\/\/cleitonpinheiro.com.br\/site\/wp-json\/wp\/v2\/posts\/70645","targetHints":{"allow":["GET"]}}],"collection":[{"href":"https:\/\/cleitonpinheiro.com.br\/site\/wp-json\/wp\/v2\/posts"}],"about":[{"href":"https:\/\/cleitonpinheiro.com.br\/site\/wp-json\/wp\/v2\/types\/post"}],"author":[{"embeddable":true,"href":"https:\/\/cleitonpinheiro.com.br\/site\/wp-json\/wp\/v2\/users\/4"}],"replies":[{"embeddable":true,"href":"https:\/\/cleitonpinheiro.com.br\/site\/wp-json\/wp\/v2\/comments?post=70645"}],"version-history":[{"count":2,"href":"https:\/\/cleitonpinheiro.com.br\/site\/wp-json\/wp\/v2\/posts\/70645\/revisions"}],"predecessor-version":[{"id":70648,"href":"https:\/\/cleitonpinheiro.com.br\/site\/wp-json\/wp\/v2\/posts\/70645\/revisions\/70648"}],"wp:attachment":[{"href":"https:\/\/cleitonpinheiro.com.br\/site\/wp-json\/wp\/v2\/media?parent=70645"}],"wp:term":[{"taxonomy":"category","embeddable":true,"href":"https:\/\/cleitonpinheiro.com.br\/site\/wp-json\/wp\/v2\/categories?post=70645"},{"taxonomy":"post_tag","embeddable":true,"href":"https:\/\/cleitonpinheiro.com.br\/site\/wp-json\/wp\/v2\/tags?post=70645"}],"curies":[{"name":"wp","href":"https:\/\/api.w.org\/{rel}","templated":true}]}}