{"id":71043,"date":"2023-05-11T08:27:54","date_gmt":"2023-05-11T11:27:54","guid":{"rendered":"https:\/\/cleitonpinheiro.com.br\/site\/?p=71043"},"modified":"2023-07-04T11:26:59","modified_gmt":"2023-07-04T14:26:59","slug":"comissao-do-senado-federal-aprova-lei-que-equipara-atos-de-faccoes-a-crimes-de-terrorismo","status":"publish","type":"post","link":"https:\/\/cleitonpinheiro.com.br\/site\/comissao-do-senado-federal-aprova-lei-que-equipara-atos-de-faccoes-a-crimes-de-terrorismo\/","title":{"rendered":"Mais r\u00edgido: Comiss\u00e3o do Senado aprova Lei que equipara atos de fac\u00e7\u00f5es criminosas ao terrorismo"},"content":{"rendered":"\n<figure class=\"wp-block-image size-full is-resized\"><img fetchpriority=\"high\" decoding=\"async\" src=\"https:\/\/cleitonpinheiro.com.br\/site\/wp-content\/uploads\/2023\/05\/Design-sem-nome-2023-05-11T082642-compressed.jpg\" alt=\"\" class=\"wp-image-71044\" width=\"1021\" height=\"613\"\/><figcaption class=\"wp-element-caption\">Foto: Lula Marques\/Ag\u00eancia Brasil<\/figcaption><\/figure>\n\n\n\n<p>A Comiss\u00e3o de Constitui\u00e7\u00e3o e Justi\u00e7a (CCJ) do Senado aprovou nesta quarta-feira (10) um projeto de lei que tipifica como atos terroristas os crimes praticados em nome ou em favor de grupos organizados. O projeto de lei (PL) 3.283\/2021 n\u00e3o precisa passar pelo plen\u00e1rio da Casa e pode seguir para a C\u00e2mara dos Deputados. Ele s\u00f3 ser\u00e1 analisado pelos senadores em sess\u00e3o plen\u00e1ria se for apresentado recurso nesse sentido.<\/p>\n\n\n\n<p>O projeto equipara \u00e0 atividade terrorista as a\u00e7\u00f5es de grupos criminosos organizados, como mil\u00edcias e fac\u00e7\u00f5es. O objetivo \u00e9 diferenci\u00e1-los de criminosos que agem individualmente para garantir uma puni\u00e7\u00e3o maior, com penas maiores.<\/p>\n\n\n\n<p>\u201cAs mil\u00edcias e outras associa\u00e7\u00f5es criminosas t\u00eam exposto a popula\u00e7\u00e3o brasileira ao terror generalizado que a Lei Antiterror visa coibir. Assim, torna-se necess\u00e1rio aproximar a legisla\u00e7\u00e3o de combate ao terrorismo daquela destinada \u00e0 criminalidade organizada, evitando a repress\u00e3o estatal seletiva e destinada apenas a pequenos delinquentes\u201d, explicou o autor do projeto, Styvenson Valentim (Podemos \u2013 RN).<\/p>\n\n\n\n<p><strong>Penas<\/strong><\/p>\n\n\n\n<p>O texto prev\u00ea pris\u00e3o de cinco a dez anos para quem constituir, organizar, integrar, manter ou custear organiza\u00e7\u00e3o paramilitar, mil\u00edcia particular, grupo ou esquadr\u00e3o, para o fim de cometer crime. A pena tamb\u00e9m prev\u00ea pagamento de R$ 2 mil a R$ 3 mil de multa por dia. Pela lei em vigor, a penalidade \u00e9 de um a tr\u00eas anos de pris\u00e3o.<\/p>\n\n\n\n<p>S\u00e3o previstas penas de 12 a 30 anos de pris\u00e3o por manter monop\u00f3lio territorial ou poder paralelo com uso de viol\u00eancia ou amea\u00e7a e por criar obst\u00e1culos \u00e0 livre circula\u00e7\u00e3o de pessoas para exercer esse poder paralelo em determinada regi\u00e3o.<\/p>\n\n\n\n<p>Exce\u00e7\u00f5es<\/p>\n\n\n\n<p>A criminaliza\u00e7\u00e3o n\u00e3o se aplica \u00e0 conduta individual ou coletiva de pessoas em manifesta\u00e7\u00f5es pol\u00edticas, movimentos sociais, sindicais, religiosos, de classe ou de categoria profissional, direcionados por prop\u00f3sitos sociais ou reivindicat\u00f3rios.<\/p>\n\n\n\n<p>Ela tamb\u00e9m n\u00e3o se aplica a atos com o objetivo de contestar, criticar, protestar ou apoiar, com o objetivo de defender direitos, garantias e liberdades constitucionais, sem preju\u00edzo da tipifica\u00e7\u00e3o penal contida em lei. <em><strong>(Com informa\u00e7\u00f5es da Ag\u00eancia Senado).<\/strong><\/em><\/p>\n","protected":false},"excerpt":{"rendered":"<p>A Comiss\u00e3o de Constitui\u00e7\u00e3o e Justi\u00e7a (CCJ) do Senado aprovou nesta quarta-feira (10) um projeto de lei que tipifica como atos terroristas os crimes praticados em nome ou em favor de grupos organizados. O projeto de lei (PL) 3.283\/2021 n\u00e3o precisa passar pelo plen\u00e1rio da Casa e pode seguir para a C\u00e2mara dos Deputados. Ele [&hellip;]<\/p>\n","protected":false},"author":4,"featured_media":0,"comment_status":"open","ping_status":"open","sticky":false,"template":"","format":"standard","meta":{"_acf_changed":false,"footnotes":""},"categories":[19,21],"tags":[],"class_list":["post-71043","post","type-post","status-publish","format-standard","hentry","category-brasil-mundo","category-todas-noticias"],"acf":[],"yoast_head":"<!-- This site is optimized with the Yoast SEO plugin v24.4 - https:\/\/yoast.com\/wordpress\/plugins\/seo\/ -->\n<title>Mais r\u00edgido: Comiss\u00e3o do Senado aprova Lei que equipara atos de fac\u00e7\u00f5es criminosas ao terrorismo - PORTAL DE NOT\u00cdCIAS CLEITON PINHEIRO<\/title>\n<meta name=\"robots\" content=\"index, follow, max-snippet:-1, max-image-preview:large, max-video-preview:-1\" \/>\n<link rel=\"canonical\" href=\"https:\/\/cleitonpinheiro.com.br\/site\/comissao-do-senado-federal-aprova-lei-que-equipara-atos-de-faccoes-a-crimes-de-terrorismo\/\" \/>\n<meta property=\"og:locale\" content=\"pt_BR\" \/>\n<meta property=\"og:type\" content=\"article\" \/>\n<meta property=\"og:title\" content=\"Mais r\u00edgido: Comiss\u00e3o do Senado aprova Lei que equipara atos de fac\u00e7\u00f5es criminosas ao terrorismo - PORTAL DE NOT\u00cdCIAS CLEITON PINHEIRO\" \/>\n<meta property=\"og:description\" content=\"A Comiss\u00e3o de Constitui\u00e7\u00e3o e Justi\u00e7a (CCJ) do Senado aprovou nesta quarta-feira (10) um projeto de lei que tipifica como atos terroristas os crimes praticados em nome ou em favor de grupos organizados. O projeto de lei (PL) 3.283\/2021 n\u00e3o precisa passar pelo plen\u00e1rio da Casa e pode seguir para a C\u00e2mara dos Deputados. Ele [&hellip;]\" \/>\n<meta property=\"og:url\" content=\"https:\/\/cleitonpinheiro.com.br\/site\/comissao-do-senado-federal-aprova-lei-que-equipara-atos-de-faccoes-a-crimes-de-terrorismo\/\" \/>\n<meta property=\"og:site_name\" content=\"PORTAL DE NOT\u00cdCIAS CLEITON PINHEIRO\" \/>\n<meta property=\"article:publisher\" content=\"https:\/\/www.facebook.com\/portalcpnoticias\/\" \/>\n<meta property=\"article:published_time\" content=\"2023-05-11T11:27:54+00:00\" \/>\n<meta property=\"article:modified_time\" content=\"2023-07-04T14:26:59+00:00\" \/>\n<meta property=\"og:image\" content=\"https:\/\/cleitonpinheiro.com.br\/site\/wp-content\/uploads\/2023\/05\/Design-sem-nome-2023-05-11T082642-compressed.jpg\" \/>\n\t<meta property=\"og:image:width\" content=\"750\" \/>\n\t<meta property=\"og:image:height\" content=\"450\" \/>\n\t<meta property=\"og:image:type\" content=\"image\/jpeg\" \/>\n<meta name=\"author\" content=\"Dermival Pereira\" \/>\n<meta name=\"twitter:card\" content=\"summary_large_image\" \/>\n<meta name=\"twitter:label1\" content=\"Escrito por\" \/>\n\t<meta name=\"twitter:data1\" content=\"Dermival Pereira\" \/>\n\t<meta name=\"twitter:label2\" content=\"Est. tempo de leitura\" \/>\n\t<meta name=\"twitter:data2\" content=\"3 minutos\" \/>\n<script type=\"application\/ld+json\" class=\"yoast-schema-graph\">{\"@context\":\"https:\/\/schema.org\",\"@graph\":[{\"@type\":\"Article\",\"@id\":\"https:\/\/cleitonpinheiro.com.br\/site\/comissao-do-senado-federal-aprova-lei-que-equipara-atos-de-faccoes-a-crimes-de-terrorismo\/#article\",\"isPartOf\":{\"@id\":\"https:\/\/cleitonpinheiro.com.br\/site\/comissao-do-senado-federal-aprova-lei-que-equipara-atos-de-faccoes-a-crimes-de-terrorismo\/\"},\"author\":{\"name\":\"Dermival Pereira\",\"@id\":\"https:\/\/cleitonpinheiro.com.br\/site\/#\/schema\/person\/aac6d7f311e80c43042e98a900b03cd8\"},\"headline\":\"Mais r\u00edgido: Comiss\u00e3o do Senado aprova Lei que equipara atos de fac\u00e7\u00f5es criminosas ao terrorismo\",\"datePublished\":\"2023-05-11T11:27:54+00:00\",\"dateModified\":\"2023-07-04T14:26:59+00:00\",\"mainEntityOfPage\":{\"@id\":\"https:\/\/cleitonpinheiro.com.br\/site\/comissao-do-senado-federal-aprova-lei-que-equipara-atos-de-faccoes-a-crimes-de-terrorismo\/\"},\"wordCount\":390,\"commentCount\":0,\"publisher\":{\"@id\":\"https:\/\/cleitonpinheiro.com.br\/site\/#organization\"},\"image\":{\"@id\":\"https:\/\/cleitonpinheiro.com.br\/site\/comissao-do-senado-federal-aprova-lei-que-equipara-atos-de-faccoes-a-crimes-de-terrorismo\/#primaryimage\"},\"thumbnailUrl\":\"https:\/\/cleitonpinheiro.com.br\/site\/wp-content\/uploads\/2023\/05\/Design-sem-nome-2023-05-11T082642-compressed.jpg\",\"articleSection\":[\"BRASIL \/ MUNDO\",\"TODAS NOTICIAS\"],\"inLanguage\":\"pt-BR\",\"potentialAction\":[{\"@type\":\"CommentAction\",\"name\":\"Comment\",\"target\":[\"https:\/\/cleitonpinheiro.com.br\/site\/comissao-do-senado-federal-aprova-lei-que-equipara-atos-de-faccoes-a-crimes-de-terrorismo\/#respond\"]}]},{\"@type\":\"WebPage\",\"@id\":\"https:\/\/cleitonpinheiro.com.br\/site\/comissao-do-senado-federal-aprova-lei-que-equipara-atos-de-faccoes-a-crimes-de-terrorismo\/\",\"url\":\"https:\/\/cleitonpinheiro.com.br\/site\/comissao-do-senado-federal-aprova-lei-que-equipara-atos-de-faccoes-a-crimes-de-terrorismo\/\",\"name\":\"Mais r\u00edgido: Comiss\u00e3o do Senado aprova Lei que equipara atos de fac\u00e7\u00f5es criminosas ao terrorismo - PORTAL DE NOT\u00cdCIAS CLEITON PINHEIRO\",\"isPartOf\":{\"@id\":\"https:\/\/cleitonpinheiro.com.br\/site\/#website\"},\"primaryImageOfPage\":{\"@id\":\"https:\/\/cleitonpinheiro.com.br\/site\/comissao-do-senado-federal-aprova-lei-que-equipara-atos-de-faccoes-a-crimes-de-terrorismo\/#primaryimage\"},\"image\":{\"@id\":\"https:\/\/cleitonpinheiro.com.br\/site\/comissao-do-senado-federal-aprova-lei-que-equipara-atos-de-faccoes-a-crimes-de-terrorismo\/#primaryimage\"},\"thumbnailUrl\":\"https:\/\/cleitonpinheiro.com.br\/site\/wp-content\/uploads\/2023\/05\/Design-sem-nome-2023-05-11T082642-compressed.jpg\",\"datePublished\":\"2023-05-11T11:27:54+00:00\",\"dateModified\":\"2023-07-04T14:26:59+00:00\",\"breadcrumb\":{\"@id\":\"https:\/\/cleitonpinheiro.com.br\/site\/comissao-do-senado-federal-aprova-lei-que-equipara-atos-de-faccoes-a-crimes-de-terrorismo\/#breadcrumb\"},\"inLanguage\":\"pt-BR\",\"potentialAction\":[{\"@type\":\"ReadAction\",\"target\":[\"https:\/\/cleitonpinheiro.com.br\/site\/comissao-do-senado-federal-aprova-lei-que-equipara-atos-de-faccoes-a-crimes-de-terrorismo\/\"]}]},{\"@type\":\"ImageObject\",\"inLanguage\":\"pt-BR\",\"@id\":\"https:\/\/cleitonpinheiro.com.br\/site\/comissao-do-senado-federal-aprova-lei-que-equipara-atos-de-faccoes-a-crimes-de-terrorismo\/#primaryimage\",\"url\":\"\",\"contentUrl\":\"\"},{\"@type\":\"BreadcrumbList\",\"@id\":\"https:\/\/cleitonpinheiro.com.br\/site\/comissao-do-senado-federal-aprova-lei-que-equipara-atos-de-faccoes-a-crimes-de-terrorismo\/#breadcrumb\",\"itemListElement\":[{\"@type\":\"ListItem\",\"position\":1,\"name\":\"In\u00edcio\",\"item\":\"https:\/\/cleitonpinheiro.com.br\/site\/\"},{\"@type\":\"ListItem\",\"position\":2,\"name\":\"Mais r\u00edgido: Comiss\u00e3o do Senado aprova Lei que equipara atos de fac\u00e7\u00f5es criminosas ao terrorismo\"}]},{\"@type\":\"WebSite\",\"@id\":\"https:\/\/cleitonpinheiro.com.br\/site\/#website\",\"url\":\"https:\/\/cleitonpinheiro.com.br\/site\/\",\"name\":\"PORTAL DE NOT\u00cdCIAS CLEITON PINHEIRO\",\"description\":\"FALANDO A VERDADE\",\"publisher\":{\"@id\":\"https:\/\/cleitonpinheiro.com.br\/site\/#organization\"},\"potentialAction\":[{\"@type\":\"SearchAction\",\"target\":{\"@type\":\"EntryPoint\",\"urlTemplate\":\"https:\/\/cleitonpinheiro.com.br\/site\/?s={search_term_string}\"},\"query-input\":{\"@type\":\"PropertyValueSpecification\",\"valueRequired\":true,\"valueName\":\"search_term_string\"}}],\"inLanguage\":\"pt-BR\"},{\"@type\":\"Organization\",\"@id\":\"https:\/\/cleitonpinheiro.com.br\/site\/#organization\",\"name\":\"CPNOT\u00cdCIAS\",\"url\":\"https:\/\/cleitonpinheiro.com.br\/site\/\",\"logo\":{\"@type\":\"ImageObject\",\"inLanguage\":\"pt-BR\",\"@id\":\"https:\/\/cleitonpinheiro.com.br\/site\/#\/schema\/logo\/image\/\",\"url\":\"https:\/\/cleitonpinheiro.com.br\/site\/wp-content\/uploads\/2022\/08\/Logo-pequena-2.png\",\"contentUrl\":\"https:\/\/cleitonpinheiro.com.br\/site\/wp-content\/uploads\/2022\/08\/Logo-pequena-2.png\",\"width\":500,\"height\":500,\"caption\":\"CPNOT\u00cdCIAS\"},\"image\":{\"@id\":\"https:\/\/cleitonpinheiro.com.br\/site\/#\/schema\/logo\/image\/\"},\"sameAs\":[\"https:\/\/www.facebook.com\/portalcpnoticias\/\"]},{\"@type\":\"Person\",\"@id\":\"https:\/\/cleitonpinheiro.com.br\/site\/#\/schema\/person\/aac6d7f311e80c43042e98a900b03cd8\",\"name\":\"Dermival Pereira\",\"image\":{\"@type\":\"ImageObject\",\"inLanguage\":\"pt-BR\",\"@id\":\"https:\/\/cleitonpinheiro.com.br\/site\/#\/schema\/person\/image\/\",\"url\":\"https:\/\/secure.gravatar.com\/avatar\/cfaebf3742d6bf8db728bcba3eed6bee37b02337a2e6c822994f20ca72a3784d?s=96&r=g\",\"contentUrl\":\"https:\/\/secure.gravatar.com\/avatar\/cfaebf3742d6bf8db728bcba3eed6bee37b02337a2e6c822994f20ca72a3784d?s=96&r=g\",\"caption\":\"Dermival Pereira\"},\"url\":\"https:\/\/cleitonpinheiro.com.br\/site\/author\/dermival\/\"}]}<\/script>\n<!-- \/ Yoast SEO plugin. -->","yoast_head_json":{"title":"Mais r\u00edgido: Comiss\u00e3o do Senado aprova Lei que equipara atos de fac\u00e7\u00f5es criminosas ao terrorismo - PORTAL DE NOT\u00cdCIAS CLEITON PINHEIRO","robots":{"index":"index","follow":"follow","max-snippet":"max-snippet:-1","max-image-preview":"max-image-preview:large","max-video-preview":"max-video-preview:-1"},"canonical":"https:\/\/cleitonpinheiro.com.br\/site\/comissao-do-senado-federal-aprova-lei-que-equipara-atos-de-faccoes-a-crimes-de-terrorismo\/","og_locale":"pt_BR","og_type":"article","og_title":"Mais r\u00edgido: Comiss\u00e3o do Senado aprova Lei que equipara atos de fac\u00e7\u00f5es criminosas ao terrorismo - PORTAL DE NOT\u00cdCIAS CLEITON PINHEIRO","og_description":"A Comiss\u00e3o de Constitui\u00e7\u00e3o e Justi\u00e7a (CCJ) do Senado aprovou nesta quarta-feira (10) um projeto de lei que tipifica como atos terroristas os crimes praticados em nome ou em favor de grupos organizados. O projeto de lei (PL) 3.283\/2021 n\u00e3o precisa passar pelo plen\u00e1rio da Casa e pode seguir para a C\u00e2mara dos Deputados. Ele [&hellip;]","og_url":"https:\/\/cleitonpinheiro.com.br\/site\/comissao-do-senado-federal-aprova-lei-que-equipara-atos-de-faccoes-a-crimes-de-terrorismo\/","og_site_name":"PORTAL DE NOT\u00cdCIAS CLEITON PINHEIRO","article_publisher":"https:\/\/www.facebook.com\/portalcpnoticias\/","article_published_time":"2023-05-11T11:27:54+00:00","article_modified_time":"2023-07-04T14:26:59+00:00","og_image":[{"width":750,"height":450,"url":"https:\/\/cleitonpinheiro.com.br\/site\/wp-content\/uploads\/2023\/05\/Design-sem-nome-2023-05-11T082642-compressed.jpg","type":"image\/jpeg"}],"author":"Dermival Pereira","twitter_card":"summary_large_image","twitter_misc":{"Escrito por":"Dermival Pereira","Est. tempo de leitura":"3 minutos"},"schema":{"@context":"https:\/\/schema.org","@graph":[{"@type":"Article","@id":"https:\/\/cleitonpinheiro.com.br\/site\/comissao-do-senado-federal-aprova-lei-que-equipara-atos-de-faccoes-a-crimes-de-terrorismo\/#article","isPartOf":{"@id":"https:\/\/cleitonpinheiro.com.br\/site\/comissao-do-senado-federal-aprova-lei-que-equipara-atos-de-faccoes-a-crimes-de-terrorismo\/"},"author":{"name":"Dermival Pereira","@id":"https:\/\/cleitonpinheiro.com.br\/site\/#\/schema\/person\/aac6d7f311e80c43042e98a900b03cd8"},"headline":"Mais r\u00edgido: Comiss\u00e3o do Senado aprova Lei que equipara atos de fac\u00e7\u00f5es criminosas ao terrorismo","datePublished":"2023-05-11T11:27:54+00:00","dateModified":"2023-07-04T14:26:59+00:00","mainEntityOfPage":{"@id":"https:\/\/cleitonpinheiro.com.br\/site\/comissao-do-senado-federal-aprova-lei-que-equipara-atos-de-faccoes-a-crimes-de-terrorismo\/"},"wordCount":390,"commentCount":0,"publisher":{"@id":"https:\/\/cleitonpinheiro.com.br\/site\/#organization"},"image":{"@id":"https:\/\/cleitonpinheiro.com.br\/site\/comissao-do-senado-federal-aprova-lei-que-equipara-atos-de-faccoes-a-crimes-de-terrorismo\/#primaryimage"},"thumbnailUrl":"https:\/\/cleitonpinheiro.com.br\/site\/wp-content\/uploads\/2023\/05\/Design-sem-nome-2023-05-11T082642-compressed.jpg","articleSection":["BRASIL \/ MUNDO","TODAS NOTICIAS"],"inLanguage":"pt-BR","potentialAction":[{"@type":"CommentAction","name":"Comment","target":["https:\/\/cleitonpinheiro.com.br\/site\/comissao-do-senado-federal-aprova-lei-que-equipara-atos-de-faccoes-a-crimes-de-terrorismo\/#respond"]}]},{"@type":"WebPage","@id":"https:\/\/cleitonpinheiro.com.br\/site\/comissao-do-senado-federal-aprova-lei-que-equipara-atos-de-faccoes-a-crimes-de-terrorismo\/","url":"https:\/\/cleitonpinheiro.com.br\/site\/comissao-do-senado-federal-aprova-lei-que-equipara-atos-de-faccoes-a-crimes-de-terrorismo\/","name":"Mais r\u00edgido: Comiss\u00e3o do Senado aprova Lei que equipara atos de fac\u00e7\u00f5es criminosas ao terrorismo - PORTAL DE NOT\u00cdCIAS CLEITON PINHEIRO","isPartOf":{"@id":"https:\/\/cleitonpinheiro.com.br\/site\/#website"},"primaryImageOfPage":{"@id":"https:\/\/cleitonpinheiro.com.br\/site\/comissao-do-senado-federal-aprova-lei-que-equipara-atos-de-faccoes-a-crimes-de-terrorismo\/#primaryimage"},"image":{"@id":"https:\/\/cleitonpinheiro.com.br\/site\/comissao-do-senado-federal-aprova-lei-que-equipara-atos-de-faccoes-a-crimes-de-terrorismo\/#primaryimage"},"thumbnailUrl":"https:\/\/cleitonpinheiro.com.br\/site\/wp-content\/uploads\/2023\/05\/Design-sem-nome-2023-05-11T082642-compressed.jpg","datePublished":"2023-05-11T11:27:54+00:00","dateModified":"2023-07-04T14:26:59+00:00","breadcrumb":{"@id":"https:\/\/cleitonpinheiro.com.br\/site\/comissao-do-senado-federal-aprova-lei-que-equipara-atos-de-faccoes-a-crimes-de-terrorismo\/#breadcrumb"},"inLanguage":"pt-BR","potentialAction":[{"@type":"ReadAction","target":["https:\/\/cleitonpinheiro.com.br\/site\/comissao-do-senado-federal-aprova-lei-que-equipara-atos-de-faccoes-a-crimes-de-terrorismo\/"]}]},{"@type":"ImageObject","inLanguage":"pt-BR","@id":"https:\/\/cleitonpinheiro.com.br\/site\/comissao-do-senado-federal-aprova-lei-que-equipara-atos-de-faccoes-a-crimes-de-terrorismo\/#primaryimage","url":"","contentUrl":""},{"@type":"BreadcrumbList","@id":"https:\/\/cleitonpinheiro.com.br\/site\/comissao-do-senado-federal-aprova-lei-que-equipara-atos-de-faccoes-a-crimes-de-terrorismo\/#breadcrumb","itemListElement":[{"@type":"ListItem","position":1,"name":"In\u00edcio","item":"https:\/\/cleitonpinheiro.com.br\/site\/"},{"@type":"ListItem","position":2,"name":"Mais r\u00edgido: Comiss\u00e3o do Senado aprova Lei que equipara atos de fac\u00e7\u00f5es criminosas ao terrorismo"}]},{"@type":"WebSite","@id":"https:\/\/cleitonpinheiro.com.br\/site\/#website","url":"https:\/\/cleitonpinheiro.com.br\/site\/","name":"PORTAL DE NOT\u00cdCIAS CLEITON PINHEIRO","description":"FALANDO A VERDADE","publisher":{"@id":"https:\/\/cleitonpinheiro.com.br\/site\/#organization"},"potentialAction":[{"@type":"SearchAction","target":{"@type":"EntryPoint","urlTemplate":"https:\/\/cleitonpinheiro.com.br\/site\/?s={search_term_string}"},"query-input":{"@type":"PropertyValueSpecification","valueRequired":true,"valueName":"search_term_string"}}],"inLanguage":"pt-BR"},{"@type":"Organization","@id":"https:\/\/cleitonpinheiro.com.br\/site\/#organization","name":"CPNOT\u00cdCIAS","url":"https:\/\/cleitonpinheiro.com.br\/site\/","logo":{"@type":"ImageObject","inLanguage":"pt-BR","@id":"https:\/\/cleitonpinheiro.com.br\/site\/#\/schema\/logo\/image\/","url":"https:\/\/cleitonpinheiro.com.br\/site\/wp-content\/uploads\/2022\/08\/Logo-pequena-2.png","contentUrl":"https:\/\/cleitonpinheiro.com.br\/site\/wp-content\/uploads\/2022\/08\/Logo-pequena-2.png","width":500,"height":500,"caption":"CPNOT\u00cdCIAS"},"image":{"@id":"https:\/\/cleitonpinheiro.com.br\/site\/#\/schema\/logo\/image\/"},"sameAs":["https:\/\/www.facebook.com\/portalcpnoticias\/"]},{"@type":"Person","@id":"https:\/\/cleitonpinheiro.com.br\/site\/#\/schema\/person\/aac6d7f311e80c43042e98a900b03cd8","name":"Dermival Pereira","image":{"@type":"ImageObject","inLanguage":"pt-BR","@id":"https:\/\/cleitonpinheiro.com.br\/site\/#\/schema\/person\/image\/","url":"https:\/\/secure.gravatar.com\/avatar\/cfaebf3742d6bf8db728bcba3eed6bee37b02337a2e6c822994f20ca72a3784d?s=96&r=g","contentUrl":"https:\/\/secure.gravatar.com\/avatar\/cfaebf3742d6bf8db728bcba3eed6bee37b02337a2e6c822994f20ca72a3784d?s=96&r=g","caption":"Dermival Pereira"},"url":"https:\/\/cleitonpinheiro.com.br\/site\/author\/dermival\/"}]}},"views":227,"_links":{"self":[{"href":"https:\/\/cleitonpinheiro.com.br\/site\/wp-json\/wp\/v2\/posts\/71043","targetHints":{"allow":["GET"]}}],"collection":[{"href":"https:\/\/cleitonpinheiro.com.br\/site\/wp-json\/wp\/v2\/posts"}],"about":[{"href":"https:\/\/cleitonpinheiro.com.br\/site\/wp-json\/wp\/v2\/types\/post"}],"author":[{"embeddable":true,"href":"https:\/\/cleitonpinheiro.com.br\/site\/wp-json\/wp\/v2\/users\/4"}],"replies":[{"embeddable":true,"href":"https:\/\/cleitonpinheiro.com.br\/site\/wp-json\/wp\/v2\/comments?post=71043"}],"version-history":[{"count":6,"href":"https:\/\/cleitonpinheiro.com.br\/site\/wp-json\/wp\/v2\/posts\/71043\/revisions"}],"predecessor-version":[{"id":71052,"href":"https:\/\/cleitonpinheiro.com.br\/site\/wp-json\/wp\/v2\/posts\/71043\/revisions\/71052"}],"wp:attachment":[{"href":"https:\/\/cleitonpinheiro.com.br\/site\/wp-json\/wp\/v2\/media?parent=71043"}],"wp:term":[{"taxonomy":"category","embeddable":true,"href":"https:\/\/cleitonpinheiro.com.br\/site\/wp-json\/wp\/v2\/categories?post=71043"},{"taxonomy":"post_tag","embeddable":true,"href":"https:\/\/cleitonpinheiro.com.br\/site\/wp-json\/wp\/v2\/tags?post=71043"}],"curies":[{"name":"wp","href":"https:\/\/api.w.org\/{rel}","templated":true}]}}