{"id":71056,"date":"2023-05-11T09:59:04","date_gmt":"2023-05-11T12:59:04","guid":{"rendered":"https:\/\/cleitonpinheiro.com.br\/site\/?p=71056"},"modified":"2023-05-11T09:59:09","modified_gmt":"2023-05-11T12:59:09","slug":"pf-faz-buscas-em-nova-fase-da-operacao-contra-envolvidos-nos-ataques-aos-poderes-em-brasilia","status":"publish","type":"post","link":"https:\/\/cleitonpinheiro.com.br\/site\/pf-faz-buscas-em-nova-fase-da-operacao-contra-envolvidos-nos-ataques-aos-poderes-em-brasilia\/","title":{"rendered":"PF faz buscas em nova fase da opera\u00e7\u00e3o contra envolvidos nos ataques aos poderes em Bras\u00edlia"},"content":{"rendered":"\n<figure class=\"wp-block-image size-full is-resized\"><img fetchpriority=\"high\" decoding=\"async\" src=\"https:\/\/cleitonpinheiro.com.br\/site\/wp-content\/uploads\/2023\/05\/Design-sem-nome-2023-05-11T095705-compressed.jpg\" alt=\"\" class=\"wp-image-71057\" width=\"1023\" height=\"614\"\/><figcaption class=\"wp-element-caption\">Ataques a pr\u00e9dios p\u00fablicos ocorreram em  8 de janeiro deste ano &#8211; Foto: Evarista Sa\/AFP<\/figcaption><\/figure>\n\n\n\n<p>A Pol\u00edcia Federal cumprem nesta quinta-feira, 11, mais 22 mandados de busca e apreens\u00e3o relacionados a suspeitos de financiar os atos golpistas do dia 8 de janeiro. As buscas acontecem em Mato Grosso do Sul, S\u00e3o Paulo e Paran\u00e1. Segundo a PF, n\u00e3o h\u00e1 mandados de pris\u00e3o sendo cumpridos nesta fase da opera\u00e7\u00e3o.<\/p>\n\n\n\n<p>Esta \u00e9 a 11\u00aa fase da opera\u00e7\u00e3o Lesa P\u00e1tria, iniciada ainda em janeiro para identificar e reunir ind\u00edcios contra suspeitos de agir, financiar e estimular os atos golpistas que depredaram as sedes dos tr\u00eas poderes no in\u00edcio do ano. Os nomes dos alvos e as cidades em que os mandados s\u00e3o cumpridos n\u00e3o foram divulgados.<\/p>\n\n\n\n<p>A TV Globo apurou que h\u00e1 empres\u00e1rios, produtores rurais e CACs (colecionadores de armas, atiradores ou ca\u00e7adores esportivos) entre os investigados citados na opera\u00e7\u00e3o desta quarta.<\/p>\n\n\n\n<p>No Mato Grosso do Sul, um dos alvos \u00e9 o empres\u00e1rio Adoilto Fernandes Coronel, de Maracaju (MS). Ele j\u00e1 constava como suposto financiador dos atos em uma lista divulgada pela Advocacia-Geral da Uni\u00e3o em fevereiro.<\/p>\n\n\n\n<p>Conforme publicado no site da PF, a Justi\u00e7a determinou o bloqueio de bens, ativos e valores dos investigados at\u00e9 o limite de R$ 40 milh\u00f5es. Esse montante pode ser usado, em caso de condena\u00e7\u00e3o, para cobrir os danos ao patrim\u00f4nio p\u00fablico e ressarcir o Estado. Em fases anteriores da Lesa P\u00e1tria, a Justi\u00e7a tamb\u00e9m determinou bloqueios financeiros de outros supostos envolvidos nas a\u00e7\u00f5es.<\/p>\n\n\n\n<p><strong>Ainda de acordo com a PF, nas dez etapas anteriores da Opera\u00e7\u00e3o Lesa P\u00e1tria, foram cumpridos:<\/strong><\/p>\n\n\n\n<ul class=\"wp-block-list\">\n<li><strong>65&nbsp;<\/strong>mandados de pris\u00e3o preventiva (sem prazo definido);<\/li>\n\n\n\n<li><strong>4<\/strong>&nbsp;mandados de pris\u00e3o tempor\u00e1ria (com prazo determinado);<\/li>\n\n\n\n<li><strong>174&nbsp;<\/strong>mandados de busca e apreens\u00e3o;<\/li>\n\n\n\n<li><strong>17&nbsp;<\/strong>instaura\u00e7\u00f5es de inqu\u00e9rito policial.<\/li>\n<\/ul>\n\n\n\n<p><\/p>\n\n\n\n<p><\/p>\n","protected":false},"excerpt":{"rendered":"<p>A Pol\u00edcia Federal cumprem nesta quinta-feira, 11, mais 22 mandados de busca e apreens\u00e3o relacionados a suspeitos de financiar os atos golpistas do dia 8 de janeiro. As buscas acontecem em Mato Grosso do Sul, S\u00e3o Paulo e Paran\u00e1. Segundo a PF, n\u00e3o h\u00e1 mandados de pris\u00e3o sendo cumpridos nesta fase da opera\u00e7\u00e3o. Esta \u00e9 [&hellip;]<\/p>\n","protected":false},"author":4,"featured_media":0,"comment_status":"open","ping_status":"open","sticky":false,"template":"","format":"standard","meta":{"_acf_changed":false,"footnotes":""},"categories":[19,898],"tags":[],"class_list":["post-71056","post","type-post","status-publish","format-standard","hentry","category-brasil-mundo","category-manchete-segundaria"],"acf":[],"yoast_head":"<!-- This site is optimized with the Yoast SEO plugin v24.4 - https:\/\/yoast.com\/wordpress\/plugins\/seo\/ -->\n<title>PF faz buscas em nova fase da opera\u00e7\u00e3o contra envolvidos nos ataques aos poderes em Bras\u00edlia - PORTAL DE NOT\u00cdCIAS CLEITON PINHEIRO<\/title>\n<meta name=\"robots\" content=\"index, follow, max-snippet:-1, max-image-preview:large, max-video-preview:-1\" \/>\n<link rel=\"canonical\" href=\"https:\/\/cleitonpinheiro.com.br\/site\/pf-faz-buscas-em-nova-fase-da-operacao-contra-envolvidos-nos-ataques-aos-poderes-em-brasilia\/\" \/>\n<meta property=\"og:locale\" content=\"pt_BR\" \/>\n<meta property=\"og:type\" content=\"article\" \/>\n<meta property=\"og:title\" content=\"PF faz buscas em nova fase da opera\u00e7\u00e3o contra envolvidos nos ataques aos poderes em Bras\u00edlia - PORTAL DE NOT\u00cdCIAS CLEITON PINHEIRO\" \/>\n<meta property=\"og:description\" content=\"A Pol\u00edcia Federal cumprem nesta quinta-feira, 11, mais 22 mandados de busca e apreens\u00e3o relacionados a suspeitos de financiar os atos golpistas do dia 8 de janeiro. As buscas acontecem em Mato Grosso do Sul, S\u00e3o Paulo e Paran\u00e1. Segundo a PF, n\u00e3o h\u00e1 mandados de pris\u00e3o sendo cumpridos nesta fase da opera\u00e7\u00e3o. Esta \u00e9 [&hellip;]\" \/>\n<meta property=\"og:url\" content=\"https:\/\/cleitonpinheiro.com.br\/site\/pf-faz-buscas-em-nova-fase-da-operacao-contra-envolvidos-nos-ataques-aos-poderes-em-brasilia\/\" \/>\n<meta property=\"og:site_name\" content=\"PORTAL DE NOT\u00cdCIAS CLEITON PINHEIRO\" \/>\n<meta property=\"article:publisher\" content=\"https:\/\/www.facebook.com\/portalcpnoticias\/\" \/>\n<meta property=\"article:published_time\" content=\"2023-05-11T12:59:04+00:00\" \/>\n<meta property=\"article:modified_time\" content=\"2023-05-11T12:59:09+00:00\" \/>\n<meta property=\"og:image\" content=\"https:\/\/cleitonpinheiro.com.br\/site\/wp-content\/uploads\/2023\/05\/Design-sem-nome-2023-05-11T095705-compressed.jpg\" \/>\n\t<meta property=\"og:image:width\" content=\"750\" \/>\n\t<meta property=\"og:image:height\" content=\"450\" \/>\n\t<meta property=\"og:image:type\" content=\"image\/jpeg\" \/>\n<meta name=\"author\" content=\"Dermival Pereira\" \/>\n<meta name=\"twitter:card\" content=\"summary_large_image\" \/>\n<meta name=\"twitter:label1\" content=\"Escrito por\" \/>\n\t<meta name=\"twitter:data1\" content=\"Dermival Pereira\" \/>\n\t<meta name=\"twitter:label2\" content=\"Est. tempo de leitura\" \/>\n\t<meta name=\"twitter:data2\" content=\"2 minutos\" \/>\n<script type=\"application\/ld+json\" class=\"yoast-schema-graph\">{\"@context\":\"https:\/\/schema.org\",\"@graph\":[{\"@type\":\"Article\",\"@id\":\"https:\/\/cleitonpinheiro.com.br\/site\/pf-faz-buscas-em-nova-fase-da-operacao-contra-envolvidos-nos-ataques-aos-poderes-em-brasilia\/#article\",\"isPartOf\":{\"@id\":\"https:\/\/cleitonpinheiro.com.br\/site\/pf-faz-buscas-em-nova-fase-da-operacao-contra-envolvidos-nos-ataques-aos-poderes-em-brasilia\/\"},\"author\":{\"name\":\"Dermival Pereira\",\"@id\":\"https:\/\/cleitonpinheiro.com.br\/site\/#\/schema\/person\/aac6d7f311e80c43042e98a900b03cd8\"},\"headline\":\"PF faz buscas em nova fase da opera\u00e7\u00e3o contra envolvidos nos ataques aos poderes em Bras\u00edlia\",\"datePublished\":\"2023-05-11T12:59:04+00:00\",\"dateModified\":\"2023-05-11T12:59:09+00:00\",\"mainEntityOfPage\":{\"@id\":\"https:\/\/cleitonpinheiro.com.br\/site\/pf-faz-buscas-em-nova-fase-da-operacao-contra-envolvidos-nos-ataques-aos-poderes-em-brasilia\/\"},\"wordCount\":338,\"commentCount\":0,\"publisher\":{\"@id\":\"https:\/\/cleitonpinheiro.com.br\/site\/#organization\"},\"image\":{\"@id\":\"https:\/\/cleitonpinheiro.com.br\/site\/pf-faz-buscas-em-nova-fase-da-operacao-contra-envolvidos-nos-ataques-aos-poderes-em-brasilia\/#primaryimage\"},\"thumbnailUrl\":\"https:\/\/cleitonpinheiro.com.br\/site\/wp-content\/uploads\/2023\/05\/Design-sem-nome-2023-05-11T095705-compressed.jpg\",\"articleSection\":[\"BRASIL \/ MUNDO\",\"MANCHETE SEGUND\u00c1RIA\"],\"inLanguage\":\"pt-BR\",\"potentialAction\":[{\"@type\":\"CommentAction\",\"name\":\"Comment\",\"target\":[\"https:\/\/cleitonpinheiro.com.br\/site\/pf-faz-buscas-em-nova-fase-da-operacao-contra-envolvidos-nos-ataques-aos-poderes-em-brasilia\/#respond\"]}]},{\"@type\":\"WebPage\",\"@id\":\"https:\/\/cleitonpinheiro.com.br\/site\/pf-faz-buscas-em-nova-fase-da-operacao-contra-envolvidos-nos-ataques-aos-poderes-em-brasilia\/\",\"url\":\"https:\/\/cleitonpinheiro.com.br\/site\/pf-faz-buscas-em-nova-fase-da-operacao-contra-envolvidos-nos-ataques-aos-poderes-em-brasilia\/\",\"name\":\"PF faz buscas em nova fase da opera\u00e7\u00e3o contra envolvidos nos ataques aos poderes em Bras\u00edlia - PORTAL DE NOT\u00cdCIAS CLEITON PINHEIRO\",\"isPartOf\":{\"@id\":\"https:\/\/cleitonpinheiro.com.br\/site\/#website\"},\"primaryImageOfPage\":{\"@id\":\"https:\/\/cleitonpinheiro.com.br\/site\/pf-faz-buscas-em-nova-fase-da-operacao-contra-envolvidos-nos-ataques-aos-poderes-em-brasilia\/#primaryimage\"},\"image\":{\"@id\":\"https:\/\/cleitonpinheiro.com.br\/site\/pf-faz-buscas-em-nova-fase-da-operacao-contra-envolvidos-nos-ataques-aos-poderes-em-brasilia\/#primaryimage\"},\"thumbnailUrl\":\"https:\/\/cleitonpinheiro.com.br\/site\/wp-content\/uploads\/2023\/05\/Design-sem-nome-2023-05-11T095705-compressed.jpg\",\"datePublished\":\"2023-05-11T12:59:04+00:00\",\"dateModified\":\"2023-05-11T12:59:09+00:00\",\"breadcrumb\":{\"@id\":\"https:\/\/cleitonpinheiro.com.br\/site\/pf-faz-buscas-em-nova-fase-da-operacao-contra-envolvidos-nos-ataques-aos-poderes-em-brasilia\/#breadcrumb\"},\"inLanguage\":\"pt-BR\",\"potentialAction\":[{\"@type\":\"ReadAction\",\"target\":[\"https:\/\/cleitonpinheiro.com.br\/site\/pf-faz-buscas-em-nova-fase-da-operacao-contra-envolvidos-nos-ataques-aos-poderes-em-brasilia\/\"]}]},{\"@type\":\"ImageObject\",\"inLanguage\":\"pt-BR\",\"@id\":\"https:\/\/cleitonpinheiro.com.br\/site\/pf-faz-buscas-em-nova-fase-da-operacao-contra-envolvidos-nos-ataques-aos-poderes-em-brasilia\/#primaryimage\",\"url\":\"\",\"contentUrl\":\"\"},{\"@type\":\"BreadcrumbList\",\"@id\":\"https:\/\/cleitonpinheiro.com.br\/site\/pf-faz-buscas-em-nova-fase-da-operacao-contra-envolvidos-nos-ataques-aos-poderes-em-brasilia\/#breadcrumb\",\"itemListElement\":[{\"@type\":\"ListItem\",\"position\":1,\"name\":\"In\u00edcio\",\"item\":\"https:\/\/cleitonpinheiro.com.br\/site\/\"},{\"@type\":\"ListItem\",\"position\":2,\"name\":\"PF faz buscas em nova fase da opera\u00e7\u00e3o contra envolvidos nos ataques aos poderes em Bras\u00edlia\"}]},{\"@type\":\"WebSite\",\"@id\":\"https:\/\/cleitonpinheiro.com.br\/site\/#website\",\"url\":\"https:\/\/cleitonpinheiro.com.br\/site\/\",\"name\":\"PORTAL DE NOT\u00cdCIAS CLEITON PINHEIRO\",\"description\":\"FALANDO A VERDADE\",\"publisher\":{\"@id\":\"https:\/\/cleitonpinheiro.com.br\/site\/#organization\"},\"potentialAction\":[{\"@type\":\"SearchAction\",\"target\":{\"@type\":\"EntryPoint\",\"urlTemplate\":\"https:\/\/cleitonpinheiro.com.br\/site\/?s={search_term_string}\"},\"query-input\":{\"@type\":\"PropertyValueSpecification\",\"valueRequired\":true,\"valueName\":\"search_term_string\"}}],\"inLanguage\":\"pt-BR\"},{\"@type\":\"Organization\",\"@id\":\"https:\/\/cleitonpinheiro.com.br\/site\/#organization\",\"name\":\"CPNOT\u00cdCIAS\",\"url\":\"https:\/\/cleitonpinheiro.com.br\/site\/\",\"logo\":{\"@type\":\"ImageObject\",\"inLanguage\":\"pt-BR\",\"@id\":\"https:\/\/cleitonpinheiro.com.br\/site\/#\/schema\/logo\/image\/\",\"url\":\"https:\/\/cleitonpinheiro.com.br\/site\/wp-content\/uploads\/2022\/08\/Logo-pequena-2.png\",\"contentUrl\":\"https:\/\/cleitonpinheiro.com.br\/site\/wp-content\/uploads\/2022\/08\/Logo-pequena-2.png\",\"width\":500,\"height\":500,\"caption\":\"CPNOT\u00cdCIAS\"},\"image\":{\"@id\":\"https:\/\/cleitonpinheiro.com.br\/site\/#\/schema\/logo\/image\/\"},\"sameAs\":[\"https:\/\/www.facebook.com\/portalcpnoticias\/\"]},{\"@type\":\"Person\",\"@id\":\"https:\/\/cleitonpinheiro.com.br\/site\/#\/schema\/person\/aac6d7f311e80c43042e98a900b03cd8\",\"name\":\"Dermival Pereira\",\"image\":{\"@type\":\"ImageObject\",\"inLanguage\":\"pt-BR\",\"@id\":\"https:\/\/cleitonpinheiro.com.br\/site\/#\/schema\/person\/image\/\",\"url\":\"https:\/\/secure.gravatar.com\/avatar\/cfaebf3742d6bf8db728bcba3eed6bee37b02337a2e6c822994f20ca72a3784d?s=96&r=g\",\"contentUrl\":\"https:\/\/secure.gravatar.com\/avatar\/cfaebf3742d6bf8db728bcba3eed6bee37b02337a2e6c822994f20ca72a3784d?s=96&r=g\",\"caption\":\"Dermival Pereira\"},\"url\":\"https:\/\/cleitonpinheiro.com.br\/site\/author\/dermival\/\"}]}<\/script>\n<!-- \/ Yoast SEO plugin. -->","yoast_head_json":{"title":"PF faz buscas em nova fase da opera\u00e7\u00e3o contra envolvidos nos ataques aos poderes em Bras\u00edlia - PORTAL DE NOT\u00cdCIAS CLEITON PINHEIRO","robots":{"index":"index","follow":"follow","max-snippet":"max-snippet:-1","max-image-preview":"max-image-preview:large","max-video-preview":"max-video-preview:-1"},"canonical":"https:\/\/cleitonpinheiro.com.br\/site\/pf-faz-buscas-em-nova-fase-da-operacao-contra-envolvidos-nos-ataques-aos-poderes-em-brasilia\/","og_locale":"pt_BR","og_type":"article","og_title":"PF faz buscas em nova fase da opera\u00e7\u00e3o contra envolvidos nos ataques aos poderes em Bras\u00edlia - PORTAL DE NOT\u00cdCIAS CLEITON PINHEIRO","og_description":"A Pol\u00edcia Federal cumprem nesta quinta-feira, 11, mais 22 mandados de busca e apreens\u00e3o relacionados a suspeitos de financiar os atos golpistas do dia 8 de janeiro. As buscas acontecem em Mato Grosso do Sul, S\u00e3o Paulo e Paran\u00e1. Segundo a PF, n\u00e3o h\u00e1 mandados de pris\u00e3o sendo cumpridos nesta fase da opera\u00e7\u00e3o. Esta \u00e9 [&hellip;]","og_url":"https:\/\/cleitonpinheiro.com.br\/site\/pf-faz-buscas-em-nova-fase-da-operacao-contra-envolvidos-nos-ataques-aos-poderes-em-brasilia\/","og_site_name":"PORTAL DE NOT\u00cdCIAS CLEITON PINHEIRO","article_publisher":"https:\/\/www.facebook.com\/portalcpnoticias\/","article_published_time":"2023-05-11T12:59:04+00:00","article_modified_time":"2023-05-11T12:59:09+00:00","og_image":[{"width":750,"height":450,"url":"https:\/\/cleitonpinheiro.com.br\/site\/wp-content\/uploads\/2023\/05\/Design-sem-nome-2023-05-11T095705-compressed.jpg","type":"image\/jpeg"}],"author":"Dermival Pereira","twitter_card":"summary_large_image","twitter_misc":{"Escrito por":"Dermival Pereira","Est. tempo de leitura":"2 minutos"},"schema":{"@context":"https:\/\/schema.org","@graph":[{"@type":"Article","@id":"https:\/\/cleitonpinheiro.com.br\/site\/pf-faz-buscas-em-nova-fase-da-operacao-contra-envolvidos-nos-ataques-aos-poderes-em-brasilia\/#article","isPartOf":{"@id":"https:\/\/cleitonpinheiro.com.br\/site\/pf-faz-buscas-em-nova-fase-da-operacao-contra-envolvidos-nos-ataques-aos-poderes-em-brasilia\/"},"author":{"name":"Dermival Pereira","@id":"https:\/\/cleitonpinheiro.com.br\/site\/#\/schema\/person\/aac6d7f311e80c43042e98a900b03cd8"},"headline":"PF faz buscas em nova fase da opera\u00e7\u00e3o contra envolvidos nos ataques aos poderes em Bras\u00edlia","datePublished":"2023-05-11T12:59:04+00:00","dateModified":"2023-05-11T12:59:09+00:00","mainEntityOfPage":{"@id":"https:\/\/cleitonpinheiro.com.br\/site\/pf-faz-buscas-em-nova-fase-da-operacao-contra-envolvidos-nos-ataques-aos-poderes-em-brasilia\/"},"wordCount":338,"commentCount":0,"publisher":{"@id":"https:\/\/cleitonpinheiro.com.br\/site\/#organization"},"image":{"@id":"https:\/\/cleitonpinheiro.com.br\/site\/pf-faz-buscas-em-nova-fase-da-operacao-contra-envolvidos-nos-ataques-aos-poderes-em-brasilia\/#primaryimage"},"thumbnailUrl":"https:\/\/cleitonpinheiro.com.br\/site\/wp-content\/uploads\/2023\/05\/Design-sem-nome-2023-05-11T095705-compressed.jpg","articleSection":["BRASIL \/ MUNDO","MANCHETE SEGUND\u00c1RIA"],"inLanguage":"pt-BR","potentialAction":[{"@type":"CommentAction","name":"Comment","target":["https:\/\/cleitonpinheiro.com.br\/site\/pf-faz-buscas-em-nova-fase-da-operacao-contra-envolvidos-nos-ataques-aos-poderes-em-brasilia\/#respond"]}]},{"@type":"WebPage","@id":"https:\/\/cleitonpinheiro.com.br\/site\/pf-faz-buscas-em-nova-fase-da-operacao-contra-envolvidos-nos-ataques-aos-poderes-em-brasilia\/","url":"https:\/\/cleitonpinheiro.com.br\/site\/pf-faz-buscas-em-nova-fase-da-operacao-contra-envolvidos-nos-ataques-aos-poderes-em-brasilia\/","name":"PF faz buscas em nova fase da opera\u00e7\u00e3o contra envolvidos nos ataques aos poderes em Bras\u00edlia - PORTAL DE NOT\u00cdCIAS CLEITON PINHEIRO","isPartOf":{"@id":"https:\/\/cleitonpinheiro.com.br\/site\/#website"},"primaryImageOfPage":{"@id":"https:\/\/cleitonpinheiro.com.br\/site\/pf-faz-buscas-em-nova-fase-da-operacao-contra-envolvidos-nos-ataques-aos-poderes-em-brasilia\/#primaryimage"},"image":{"@id":"https:\/\/cleitonpinheiro.com.br\/site\/pf-faz-buscas-em-nova-fase-da-operacao-contra-envolvidos-nos-ataques-aos-poderes-em-brasilia\/#primaryimage"},"thumbnailUrl":"https:\/\/cleitonpinheiro.com.br\/site\/wp-content\/uploads\/2023\/05\/Design-sem-nome-2023-05-11T095705-compressed.jpg","datePublished":"2023-05-11T12:59:04+00:00","dateModified":"2023-05-11T12:59:09+00:00","breadcrumb":{"@id":"https:\/\/cleitonpinheiro.com.br\/site\/pf-faz-buscas-em-nova-fase-da-operacao-contra-envolvidos-nos-ataques-aos-poderes-em-brasilia\/#breadcrumb"},"inLanguage":"pt-BR","potentialAction":[{"@type":"ReadAction","target":["https:\/\/cleitonpinheiro.com.br\/site\/pf-faz-buscas-em-nova-fase-da-operacao-contra-envolvidos-nos-ataques-aos-poderes-em-brasilia\/"]}]},{"@type":"ImageObject","inLanguage":"pt-BR","@id":"https:\/\/cleitonpinheiro.com.br\/site\/pf-faz-buscas-em-nova-fase-da-operacao-contra-envolvidos-nos-ataques-aos-poderes-em-brasilia\/#primaryimage","url":"","contentUrl":""},{"@type":"BreadcrumbList","@id":"https:\/\/cleitonpinheiro.com.br\/site\/pf-faz-buscas-em-nova-fase-da-operacao-contra-envolvidos-nos-ataques-aos-poderes-em-brasilia\/#breadcrumb","itemListElement":[{"@type":"ListItem","position":1,"name":"In\u00edcio","item":"https:\/\/cleitonpinheiro.com.br\/site\/"},{"@type":"ListItem","position":2,"name":"PF faz buscas em nova fase da opera\u00e7\u00e3o contra envolvidos nos ataques aos poderes em Bras\u00edlia"}]},{"@type":"WebSite","@id":"https:\/\/cleitonpinheiro.com.br\/site\/#website","url":"https:\/\/cleitonpinheiro.com.br\/site\/","name":"PORTAL DE NOT\u00cdCIAS CLEITON PINHEIRO","description":"FALANDO A VERDADE","publisher":{"@id":"https:\/\/cleitonpinheiro.com.br\/site\/#organization"},"potentialAction":[{"@type":"SearchAction","target":{"@type":"EntryPoint","urlTemplate":"https:\/\/cleitonpinheiro.com.br\/site\/?s={search_term_string}"},"query-input":{"@type":"PropertyValueSpecification","valueRequired":true,"valueName":"search_term_string"}}],"inLanguage":"pt-BR"},{"@type":"Organization","@id":"https:\/\/cleitonpinheiro.com.br\/site\/#organization","name":"CPNOT\u00cdCIAS","url":"https:\/\/cleitonpinheiro.com.br\/site\/","logo":{"@type":"ImageObject","inLanguage":"pt-BR","@id":"https:\/\/cleitonpinheiro.com.br\/site\/#\/schema\/logo\/image\/","url":"https:\/\/cleitonpinheiro.com.br\/site\/wp-content\/uploads\/2022\/08\/Logo-pequena-2.png","contentUrl":"https:\/\/cleitonpinheiro.com.br\/site\/wp-content\/uploads\/2022\/08\/Logo-pequena-2.png","width":500,"height":500,"caption":"CPNOT\u00cdCIAS"},"image":{"@id":"https:\/\/cleitonpinheiro.com.br\/site\/#\/schema\/logo\/image\/"},"sameAs":["https:\/\/www.facebook.com\/portalcpnoticias\/"]},{"@type":"Person","@id":"https:\/\/cleitonpinheiro.com.br\/site\/#\/schema\/person\/aac6d7f311e80c43042e98a900b03cd8","name":"Dermival Pereira","image":{"@type":"ImageObject","inLanguage":"pt-BR","@id":"https:\/\/cleitonpinheiro.com.br\/site\/#\/schema\/person\/image\/","url":"https:\/\/secure.gravatar.com\/avatar\/cfaebf3742d6bf8db728bcba3eed6bee37b02337a2e6c822994f20ca72a3784d?s=96&r=g","contentUrl":"https:\/\/secure.gravatar.com\/avatar\/cfaebf3742d6bf8db728bcba3eed6bee37b02337a2e6c822994f20ca72a3784d?s=96&r=g","caption":"Dermival Pereira"},"url":"https:\/\/cleitonpinheiro.com.br\/site\/author\/dermival\/"}]}},"views":256,"_links":{"self":[{"href":"https:\/\/cleitonpinheiro.com.br\/site\/wp-json\/wp\/v2\/posts\/71056","targetHints":{"allow":["GET"]}}],"collection":[{"href":"https:\/\/cleitonpinheiro.com.br\/site\/wp-json\/wp\/v2\/posts"}],"about":[{"href":"https:\/\/cleitonpinheiro.com.br\/site\/wp-json\/wp\/v2\/types\/post"}],"author":[{"embeddable":true,"href":"https:\/\/cleitonpinheiro.com.br\/site\/wp-json\/wp\/v2\/users\/4"}],"replies":[{"embeddable":true,"href":"https:\/\/cleitonpinheiro.com.br\/site\/wp-json\/wp\/v2\/comments?post=71056"}],"version-history":[{"count":1,"href":"https:\/\/cleitonpinheiro.com.br\/site\/wp-json\/wp\/v2\/posts\/71056\/revisions"}],"predecessor-version":[{"id":71058,"href":"https:\/\/cleitonpinheiro.com.br\/site\/wp-json\/wp\/v2\/posts\/71056\/revisions\/71058"}],"wp:attachment":[{"href":"https:\/\/cleitonpinheiro.com.br\/site\/wp-json\/wp\/v2\/media?parent=71056"}],"wp:term":[{"taxonomy":"category","embeddable":true,"href":"https:\/\/cleitonpinheiro.com.br\/site\/wp-json\/wp\/v2\/categories?post=71056"},{"taxonomy":"post_tag","embeddable":true,"href":"https:\/\/cleitonpinheiro.com.br\/site\/wp-json\/wp\/v2\/tags?post=71056"}],"curies":[{"name":"wp","href":"https:\/\/api.w.org\/{rel}","templated":true}]}}