{"id":71069,"date":"2023-05-11T16:08:34","date_gmt":"2023-05-11T19:08:34","guid":{"rendered":"https:\/\/cleitonpinheiro.com.br\/site\/?p=71069"},"modified":"2023-05-11T16:09:10","modified_gmt":"2023-05-11T19:09:10","slug":"iel-divulga-oportunidade-de-estagio-em-direito-para-o-tribunal-de-justica-do-tocantins","status":"publish","type":"post","link":"https:\/\/cleitonpinheiro.com.br\/site\/iel-divulga-oportunidade-de-estagio-em-direito-para-o-tribunal-de-justica-do-tocantins\/","title":{"rendered":"\u00a0IEL divulga cinco oportunidade de est\u00e1gio em Direito para o Tribunal de Justi\u00e7a do Tocantins"},"content":{"rendered":"\n<figure class=\"wp-block-image size-full is-resized\"><img fetchpriority=\"high\" decoding=\"async\" src=\"https:\/\/cleitonpinheiro.com.br\/site\/wp-content\/uploads\/2023\/05\/Design-sem-nome-2023-05-11T160631-compressed.jpg\" alt=\"\" class=\"wp-image-71070\" width=\"1020\" height=\"612\"\/><figcaption class=\"wp-element-caption\">Foto: Ascom\/Divulga\u00e7\u00e3o<\/figcaption><\/figure>\n\n\n\n<p>O Instituto Euvaldo Lodi (IEL) do Tocantins, em parceria com o N\u00facleo de Apoio \u00e0s Comarcas (NACOM) do Tribunal de Justi\u00e7a do Estado Tocantins (TJ-TO), divulga cinco vagas de est\u00e1gio na cidade de Palmas, para estudantes de Direito, que cursam do 3\u00ba ao 9\u00ba per\u00edodo. As inscri\u00e7\u00f5es ocorrem de 12 de maio e seguem at\u00e9 02 de junho.<\/p>\n\n\n\n<p>Os interessados podem conferir o edital&nbsp;&nbsp;nos sites do TJ-TO&nbsp;<a href=\"https:\/\/www.tjto.jus.br\/nacom\/processo-seletivo\/2023selecao-nacom\" target=\"_blank\" rel=\"noreferrer noopener\">https:\/\/www.tjto.jus.br\/nacom\/processo-seletivo\/2023selecao-nacom<\/a>&nbsp;e do IEL TO&nbsp;<a href=\"http:\/\/www.iel-to.com.br\/Edital.aspx?c=60b9e0b6-26a6-4cbb-a6a6-72dd1c1871c7\" target=\"_blank\" rel=\"noreferrer noopener\">http:\/\/www.iel-to.com.br\/Edital.aspx?c=60b9e0b6-26a6-4cbb-a6a6-72dd1c1871c7<\/a>.&nbsp;Os benef\u00edcios das vagas s\u00e3o de bolsa de R$ 1.000,00 e R$ 200,00 de aux\u00edlio transporte.<\/p>\n\n\n\n<p>A sele\u00e7\u00e3o ser\u00e1 realizada em tr\u00eas etapas: por meio de an\u00e1lise documental; aplica\u00e7\u00e3o de prova te\u00f3rica e pr\u00e1tica; e entrevista. As vagas ofertadas ser\u00e3o para atua\u00e7\u00e3o na Equipe de Apoio e Pr\u00e1tica Jur\u00eddica (EAPJ), com a possibilidade de remanejamento dentro dos setores do N\u00facleo, cart\u00f3rio e N\u00facleos de Justi\u00e7a.<\/p>\n\n\n\n<p><strong>DA INSCRI\u00c7\u00c3O<\/strong><\/p>\n\n\n\n<p>Os estudantes interessados em participar do processo seletivo dever\u00e3o fazer a inscri\u00e7\u00e3o encaminhando c\u00f3pias do RG, CPF, hist\u00f3rico de notas completo e atualizado, e o requerimento de inscri\u00e7\u00e3o preenchido para o e-mail:\u00a0<a href=\"mailto:estagiotjto@sistemafieto.com.br\" target=\"_blank\" rel=\"noreferrer noopener\">estagiotjto@sistemafieto.com.br<\/a>\u00a0\u00a0identificando o assunto: \u201cProcesso Seletivo IEL N\u00ba 02\/2023 \u2013 NACOM &#8211; TJTO\u201d. <em><strong>(Fonte: Ascom do IEL Tocantins).<\/strong><\/em><\/p>\n","protected":false},"excerpt":{"rendered":"<p>O Instituto Euvaldo Lodi (IEL) do Tocantins, em parceria com o N\u00facleo de Apoio \u00e0s Comarcas (NACOM) do Tribunal de Justi\u00e7a do Estado Tocantins (TJ-TO), divulga cinco vagas de est\u00e1gio na cidade de Palmas, para estudantes de Direito, que cursam do 3\u00ba ao 9\u00ba per\u00edodo. As inscri\u00e7\u00f5es ocorrem de 12 de maio e seguem at\u00e9 [&hellip;]<\/p>\n","protected":false},"author":4,"featured_media":0,"comment_status":"open","ping_status":"open","sticky":false,"template":"","format":"standard","meta":{"_acf_changed":false,"footnotes":""},"categories":[8,898],"tags":[],"class_list":["post-71069","post","type-post","status-publish","format-standard","hentry","category-estado","category-manchete-segundaria"],"acf":[],"yoast_head":"<!-- This site is optimized with the Yoast SEO plugin v24.4 - https:\/\/yoast.com\/wordpress\/plugins\/seo\/ -->\n<title>\u00a0IEL divulga cinco oportunidade de est\u00e1gio em Direito para o Tribunal de Justi\u00e7a do Tocantins - PORTAL DE NOT\u00cdCIAS CLEITON PINHEIRO<\/title>\n<meta name=\"robots\" content=\"index, follow, max-snippet:-1, max-image-preview:large, max-video-preview:-1\" \/>\n<link rel=\"canonical\" href=\"https:\/\/cleitonpinheiro.com.br\/site\/iel-divulga-oportunidade-de-estagio-em-direito-para-o-tribunal-de-justica-do-tocantins\/\" \/>\n<meta property=\"og:locale\" content=\"pt_BR\" \/>\n<meta property=\"og:type\" content=\"article\" \/>\n<meta property=\"og:title\" content=\"\u00a0IEL divulga cinco oportunidade de est\u00e1gio em Direito para o Tribunal de Justi\u00e7a do Tocantins - PORTAL DE NOT\u00cdCIAS CLEITON PINHEIRO\" \/>\n<meta property=\"og:description\" content=\"O Instituto Euvaldo Lodi (IEL) do Tocantins, em parceria com o N\u00facleo de Apoio \u00e0s Comarcas (NACOM) do Tribunal de Justi\u00e7a do Estado Tocantins (TJ-TO), divulga cinco vagas de est\u00e1gio na cidade de Palmas, para estudantes de Direito, que cursam do 3\u00ba ao 9\u00ba per\u00edodo. As inscri\u00e7\u00f5es ocorrem de 12 de maio e seguem at\u00e9 [&hellip;]\" \/>\n<meta property=\"og:url\" content=\"https:\/\/cleitonpinheiro.com.br\/site\/iel-divulga-oportunidade-de-estagio-em-direito-para-o-tribunal-de-justica-do-tocantins\/\" \/>\n<meta property=\"og:site_name\" content=\"PORTAL DE NOT\u00cdCIAS CLEITON PINHEIRO\" \/>\n<meta property=\"article:publisher\" content=\"https:\/\/www.facebook.com\/portalcpnoticias\/\" \/>\n<meta property=\"article:published_time\" content=\"2023-05-11T19:08:34+00:00\" \/>\n<meta property=\"article:modified_time\" content=\"2023-05-11T19:09:10+00:00\" \/>\n<meta property=\"og:image\" content=\"https:\/\/cleitonpinheiro.com.br\/site\/wp-content\/uploads\/2023\/05\/Design-sem-nome-2023-05-11T160631-compressed.jpg\" \/>\n\t<meta property=\"og:image:width\" content=\"750\" \/>\n\t<meta property=\"og:image:height\" content=\"450\" \/>\n\t<meta property=\"og:image:type\" content=\"image\/jpeg\" \/>\n<meta name=\"author\" content=\"Dermival Pereira\" \/>\n<meta name=\"twitter:card\" content=\"summary_large_image\" \/>\n<meta name=\"twitter:label1\" content=\"Escrito por\" \/>\n\t<meta name=\"twitter:data1\" content=\"Dermival Pereira\" \/>\n\t<meta name=\"twitter:label2\" content=\"Est. tempo de leitura\" \/>\n\t<meta name=\"twitter:data2\" content=\"2 minutos\" \/>\n<script type=\"application\/ld+json\" class=\"yoast-schema-graph\">{\"@context\":\"https:\/\/schema.org\",\"@graph\":[{\"@type\":\"Article\",\"@id\":\"https:\/\/cleitonpinheiro.com.br\/site\/iel-divulga-oportunidade-de-estagio-em-direito-para-o-tribunal-de-justica-do-tocantins\/#article\",\"isPartOf\":{\"@id\":\"https:\/\/cleitonpinheiro.com.br\/site\/iel-divulga-oportunidade-de-estagio-em-direito-para-o-tribunal-de-justica-do-tocantins\/\"},\"author\":{\"name\":\"Dermival Pereira\",\"@id\":\"https:\/\/cleitonpinheiro.com.br\/site\/#\/schema\/person\/aac6d7f311e80c43042e98a900b03cd8\"},\"headline\":\"\u00a0IEL divulga cinco oportunidade de est\u00e1gio em Direito para o Tribunal de Justi\u00e7a do Tocantins\",\"datePublished\":\"2023-05-11T19:08:34+00:00\",\"dateModified\":\"2023-05-11T19:09:10+00:00\",\"mainEntityOfPage\":{\"@id\":\"https:\/\/cleitonpinheiro.com.br\/site\/iel-divulga-oportunidade-de-estagio-em-direito-para-o-tribunal-de-justica-do-tocantins\/\"},\"wordCount\":267,\"commentCount\":0,\"publisher\":{\"@id\":\"https:\/\/cleitonpinheiro.com.br\/site\/#organization\"},\"image\":{\"@id\":\"https:\/\/cleitonpinheiro.com.br\/site\/iel-divulga-oportunidade-de-estagio-em-direito-para-o-tribunal-de-justica-do-tocantins\/#primaryimage\"},\"thumbnailUrl\":\"https:\/\/cleitonpinheiro.com.br\/site\/wp-content\/uploads\/2023\/05\/Design-sem-nome-2023-05-11T160631-compressed.jpg\",\"articleSection\":[\"ESTADO\",\"MANCHETE SEGUND\u00c1RIA\"],\"inLanguage\":\"pt-BR\",\"potentialAction\":[{\"@type\":\"CommentAction\",\"name\":\"Comment\",\"target\":[\"https:\/\/cleitonpinheiro.com.br\/site\/iel-divulga-oportunidade-de-estagio-em-direito-para-o-tribunal-de-justica-do-tocantins\/#respond\"]}]},{\"@type\":\"WebPage\",\"@id\":\"https:\/\/cleitonpinheiro.com.br\/site\/iel-divulga-oportunidade-de-estagio-em-direito-para-o-tribunal-de-justica-do-tocantins\/\",\"url\":\"https:\/\/cleitonpinheiro.com.br\/site\/iel-divulga-oportunidade-de-estagio-em-direito-para-o-tribunal-de-justica-do-tocantins\/\",\"name\":\"\u00a0IEL divulga cinco oportunidade de est\u00e1gio em Direito para o Tribunal de Justi\u00e7a do Tocantins - PORTAL DE NOT\u00cdCIAS CLEITON PINHEIRO\",\"isPartOf\":{\"@id\":\"https:\/\/cleitonpinheiro.com.br\/site\/#website\"},\"primaryImageOfPage\":{\"@id\":\"https:\/\/cleitonpinheiro.com.br\/site\/iel-divulga-oportunidade-de-estagio-em-direito-para-o-tribunal-de-justica-do-tocantins\/#primaryimage\"},\"image\":{\"@id\":\"https:\/\/cleitonpinheiro.com.br\/site\/iel-divulga-oportunidade-de-estagio-em-direito-para-o-tribunal-de-justica-do-tocantins\/#primaryimage\"},\"thumbnailUrl\":\"https:\/\/cleitonpinheiro.com.br\/site\/wp-content\/uploads\/2023\/05\/Design-sem-nome-2023-05-11T160631-compressed.jpg\",\"datePublished\":\"2023-05-11T19:08:34+00:00\",\"dateModified\":\"2023-05-11T19:09:10+00:00\",\"breadcrumb\":{\"@id\":\"https:\/\/cleitonpinheiro.com.br\/site\/iel-divulga-oportunidade-de-estagio-em-direito-para-o-tribunal-de-justica-do-tocantins\/#breadcrumb\"},\"inLanguage\":\"pt-BR\",\"potentialAction\":[{\"@type\":\"ReadAction\",\"target\":[\"https:\/\/cleitonpinheiro.com.br\/site\/iel-divulga-oportunidade-de-estagio-em-direito-para-o-tribunal-de-justica-do-tocantins\/\"]}]},{\"@type\":\"ImageObject\",\"inLanguage\":\"pt-BR\",\"@id\":\"https:\/\/cleitonpinheiro.com.br\/site\/iel-divulga-oportunidade-de-estagio-em-direito-para-o-tribunal-de-justica-do-tocantins\/#primaryimage\",\"url\":\"\",\"contentUrl\":\"\"},{\"@type\":\"BreadcrumbList\",\"@id\":\"https:\/\/cleitonpinheiro.com.br\/site\/iel-divulga-oportunidade-de-estagio-em-direito-para-o-tribunal-de-justica-do-tocantins\/#breadcrumb\",\"itemListElement\":[{\"@type\":\"ListItem\",\"position\":1,\"name\":\"In\u00edcio\",\"item\":\"https:\/\/cleitonpinheiro.com.br\/site\/\"},{\"@type\":\"ListItem\",\"position\":2,\"name\":\"\u00a0IEL divulga cinco oportunidade de est\u00e1gio em Direito para o Tribunal de Justi\u00e7a do Tocantins\"}]},{\"@type\":\"WebSite\",\"@id\":\"https:\/\/cleitonpinheiro.com.br\/site\/#website\",\"url\":\"https:\/\/cleitonpinheiro.com.br\/site\/\",\"name\":\"PORTAL DE NOT\u00cdCIAS CLEITON PINHEIRO\",\"description\":\"FALANDO A VERDADE\",\"publisher\":{\"@id\":\"https:\/\/cleitonpinheiro.com.br\/site\/#organization\"},\"potentialAction\":[{\"@type\":\"SearchAction\",\"target\":{\"@type\":\"EntryPoint\",\"urlTemplate\":\"https:\/\/cleitonpinheiro.com.br\/site\/?s={search_term_string}\"},\"query-input\":{\"@type\":\"PropertyValueSpecification\",\"valueRequired\":true,\"valueName\":\"search_term_string\"}}],\"inLanguage\":\"pt-BR\"},{\"@type\":\"Organization\",\"@id\":\"https:\/\/cleitonpinheiro.com.br\/site\/#organization\",\"name\":\"CPNOT\u00cdCIAS\",\"url\":\"https:\/\/cleitonpinheiro.com.br\/site\/\",\"logo\":{\"@type\":\"ImageObject\",\"inLanguage\":\"pt-BR\",\"@id\":\"https:\/\/cleitonpinheiro.com.br\/site\/#\/schema\/logo\/image\/\",\"url\":\"https:\/\/cleitonpinheiro.com.br\/site\/wp-content\/uploads\/2022\/08\/Logo-pequena-2.png\",\"contentUrl\":\"https:\/\/cleitonpinheiro.com.br\/site\/wp-content\/uploads\/2022\/08\/Logo-pequena-2.png\",\"width\":500,\"height\":500,\"caption\":\"CPNOT\u00cdCIAS\"},\"image\":{\"@id\":\"https:\/\/cleitonpinheiro.com.br\/site\/#\/schema\/logo\/image\/\"},\"sameAs\":[\"https:\/\/www.facebook.com\/portalcpnoticias\/\"]},{\"@type\":\"Person\",\"@id\":\"https:\/\/cleitonpinheiro.com.br\/site\/#\/schema\/person\/aac6d7f311e80c43042e98a900b03cd8\",\"name\":\"Dermival Pereira\",\"image\":{\"@type\":\"ImageObject\",\"inLanguage\":\"pt-BR\",\"@id\":\"https:\/\/cleitonpinheiro.com.br\/site\/#\/schema\/person\/image\/\",\"url\":\"https:\/\/secure.gravatar.com\/avatar\/cfaebf3742d6bf8db728bcba3eed6bee37b02337a2e6c822994f20ca72a3784d?s=96&r=g\",\"contentUrl\":\"https:\/\/secure.gravatar.com\/avatar\/cfaebf3742d6bf8db728bcba3eed6bee37b02337a2e6c822994f20ca72a3784d?s=96&r=g\",\"caption\":\"Dermival Pereira\"},\"url\":\"https:\/\/cleitonpinheiro.com.br\/site\/author\/dermival\/\"}]}<\/script>\n<!-- \/ Yoast SEO plugin. -->","yoast_head_json":{"title":"\u00a0IEL divulga cinco oportunidade de est\u00e1gio em Direito para o Tribunal de Justi\u00e7a do Tocantins - PORTAL DE NOT\u00cdCIAS CLEITON PINHEIRO","robots":{"index":"index","follow":"follow","max-snippet":"max-snippet:-1","max-image-preview":"max-image-preview:large","max-video-preview":"max-video-preview:-1"},"canonical":"https:\/\/cleitonpinheiro.com.br\/site\/iel-divulga-oportunidade-de-estagio-em-direito-para-o-tribunal-de-justica-do-tocantins\/","og_locale":"pt_BR","og_type":"article","og_title":"\u00a0IEL divulga cinco oportunidade de est\u00e1gio em Direito para o Tribunal de Justi\u00e7a do Tocantins - PORTAL DE NOT\u00cdCIAS CLEITON PINHEIRO","og_description":"O Instituto Euvaldo Lodi (IEL) do Tocantins, em parceria com o N\u00facleo de Apoio \u00e0s Comarcas (NACOM) do Tribunal de Justi\u00e7a do Estado Tocantins (TJ-TO), divulga cinco vagas de est\u00e1gio na cidade de Palmas, para estudantes de Direito, que cursam do 3\u00ba ao 9\u00ba per\u00edodo. As inscri\u00e7\u00f5es ocorrem de 12 de maio e seguem at\u00e9 [&hellip;]","og_url":"https:\/\/cleitonpinheiro.com.br\/site\/iel-divulga-oportunidade-de-estagio-em-direito-para-o-tribunal-de-justica-do-tocantins\/","og_site_name":"PORTAL DE NOT\u00cdCIAS CLEITON PINHEIRO","article_publisher":"https:\/\/www.facebook.com\/portalcpnoticias\/","article_published_time":"2023-05-11T19:08:34+00:00","article_modified_time":"2023-05-11T19:09:10+00:00","og_image":[{"width":750,"height":450,"url":"https:\/\/cleitonpinheiro.com.br\/site\/wp-content\/uploads\/2023\/05\/Design-sem-nome-2023-05-11T160631-compressed.jpg","type":"image\/jpeg"}],"author":"Dermival Pereira","twitter_card":"summary_large_image","twitter_misc":{"Escrito por":"Dermival Pereira","Est. tempo de leitura":"2 minutos"},"schema":{"@context":"https:\/\/schema.org","@graph":[{"@type":"Article","@id":"https:\/\/cleitonpinheiro.com.br\/site\/iel-divulga-oportunidade-de-estagio-em-direito-para-o-tribunal-de-justica-do-tocantins\/#article","isPartOf":{"@id":"https:\/\/cleitonpinheiro.com.br\/site\/iel-divulga-oportunidade-de-estagio-em-direito-para-o-tribunal-de-justica-do-tocantins\/"},"author":{"name":"Dermival Pereira","@id":"https:\/\/cleitonpinheiro.com.br\/site\/#\/schema\/person\/aac6d7f311e80c43042e98a900b03cd8"},"headline":"\u00a0IEL divulga cinco oportunidade de est\u00e1gio em Direito para o Tribunal de Justi\u00e7a do Tocantins","datePublished":"2023-05-11T19:08:34+00:00","dateModified":"2023-05-11T19:09:10+00:00","mainEntityOfPage":{"@id":"https:\/\/cleitonpinheiro.com.br\/site\/iel-divulga-oportunidade-de-estagio-em-direito-para-o-tribunal-de-justica-do-tocantins\/"},"wordCount":267,"commentCount":0,"publisher":{"@id":"https:\/\/cleitonpinheiro.com.br\/site\/#organization"},"image":{"@id":"https:\/\/cleitonpinheiro.com.br\/site\/iel-divulga-oportunidade-de-estagio-em-direito-para-o-tribunal-de-justica-do-tocantins\/#primaryimage"},"thumbnailUrl":"https:\/\/cleitonpinheiro.com.br\/site\/wp-content\/uploads\/2023\/05\/Design-sem-nome-2023-05-11T160631-compressed.jpg","articleSection":["ESTADO","MANCHETE SEGUND\u00c1RIA"],"inLanguage":"pt-BR","potentialAction":[{"@type":"CommentAction","name":"Comment","target":["https:\/\/cleitonpinheiro.com.br\/site\/iel-divulga-oportunidade-de-estagio-em-direito-para-o-tribunal-de-justica-do-tocantins\/#respond"]}]},{"@type":"WebPage","@id":"https:\/\/cleitonpinheiro.com.br\/site\/iel-divulga-oportunidade-de-estagio-em-direito-para-o-tribunal-de-justica-do-tocantins\/","url":"https:\/\/cleitonpinheiro.com.br\/site\/iel-divulga-oportunidade-de-estagio-em-direito-para-o-tribunal-de-justica-do-tocantins\/","name":"\u00a0IEL divulga cinco oportunidade de est\u00e1gio em Direito para o Tribunal de Justi\u00e7a do Tocantins - PORTAL DE NOT\u00cdCIAS CLEITON PINHEIRO","isPartOf":{"@id":"https:\/\/cleitonpinheiro.com.br\/site\/#website"},"primaryImageOfPage":{"@id":"https:\/\/cleitonpinheiro.com.br\/site\/iel-divulga-oportunidade-de-estagio-em-direito-para-o-tribunal-de-justica-do-tocantins\/#primaryimage"},"image":{"@id":"https:\/\/cleitonpinheiro.com.br\/site\/iel-divulga-oportunidade-de-estagio-em-direito-para-o-tribunal-de-justica-do-tocantins\/#primaryimage"},"thumbnailUrl":"https:\/\/cleitonpinheiro.com.br\/site\/wp-content\/uploads\/2023\/05\/Design-sem-nome-2023-05-11T160631-compressed.jpg","datePublished":"2023-05-11T19:08:34+00:00","dateModified":"2023-05-11T19:09:10+00:00","breadcrumb":{"@id":"https:\/\/cleitonpinheiro.com.br\/site\/iel-divulga-oportunidade-de-estagio-em-direito-para-o-tribunal-de-justica-do-tocantins\/#breadcrumb"},"inLanguage":"pt-BR","potentialAction":[{"@type":"ReadAction","target":["https:\/\/cleitonpinheiro.com.br\/site\/iel-divulga-oportunidade-de-estagio-em-direito-para-o-tribunal-de-justica-do-tocantins\/"]}]},{"@type":"ImageObject","inLanguage":"pt-BR","@id":"https:\/\/cleitonpinheiro.com.br\/site\/iel-divulga-oportunidade-de-estagio-em-direito-para-o-tribunal-de-justica-do-tocantins\/#primaryimage","url":"","contentUrl":""},{"@type":"BreadcrumbList","@id":"https:\/\/cleitonpinheiro.com.br\/site\/iel-divulga-oportunidade-de-estagio-em-direito-para-o-tribunal-de-justica-do-tocantins\/#breadcrumb","itemListElement":[{"@type":"ListItem","position":1,"name":"In\u00edcio","item":"https:\/\/cleitonpinheiro.com.br\/site\/"},{"@type":"ListItem","position":2,"name":"\u00a0IEL divulga cinco oportunidade de est\u00e1gio em Direito para o Tribunal de Justi\u00e7a do Tocantins"}]},{"@type":"WebSite","@id":"https:\/\/cleitonpinheiro.com.br\/site\/#website","url":"https:\/\/cleitonpinheiro.com.br\/site\/","name":"PORTAL DE NOT\u00cdCIAS CLEITON PINHEIRO","description":"FALANDO A VERDADE","publisher":{"@id":"https:\/\/cleitonpinheiro.com.br\/site\/#organization"},"potentialAction":[{"@type":"SearchAction","target":{"@type":"EntryPoint","urlTemplate":"https:\/\/cleitonpinheiro.com.br\/site\/?s={search_term_string}"},"query-input":{"@type":"PropertyValueSpecification","valueRequired":true,"valueName":"search_term_string"}}],"inLanguage":"pt-BR"},{"@type":"Organization","@id":"https:\/\/cleitonpinheiro.com.br\/site\/#organization","name":"CPNOT\u00cdCIAS","url":"https:\/\/cleitonpinheiro.com.br\/site\/","logo":{"@type":"ImageObject","inLanguage":"pt-BR","@id":"https:\/\/cleitonpinheiro.com.br\/site\/#\/schema\/logo\/image\/","url":"https:\/\/cleitonpinheiro.com.br\/site\/wp-content\/uploads\/2022\/08\/Logo-pequena-2.png","contentUrl":"https:\/\/cleitonpinheiro.com.br\/site\/wp-content\/uploads\/2022\/08\/Logo-pequena-2.png","width":500,"height":500,"caption":"CPNOT\u00cdCIAS"},"image":{"@id":"https:\/\/cleitonpinheiro.com.br\/site\/#\/schema\/logo\/image\/"},"sameAs":["https:\/\/www.facebook.com\/portalcpnoticias\/"]},{"@type":"Person","@id":"https:\/\/cleitonpinheiro.com.br\/site\/#\/schema\/person\/aac6d7f311e80c43042e98a900b03cd8","name":"Dermival Pereira","image":{"@type":"ImageObject","inLanguage":"pt-BR","@id":"https:\/\/cleitonpinheiro.com.br\/site\/#\/schema\/person\/image\/","url":"https:\/\/secure.gravatar.com\/avatar\/cfaebf3742d6bf8db728bcba3eed6bee37b02337a2e6c822994f20ca72a3784d?s=96&r=g","contentUrl":"https:\/\/secure.gravatar.com\/avatar\/cfaebf3742d6bf8db728bcba3eed6bee37b02337a2e6c822994f20ca72a3784d?s=96&r=g","caption":"Dermival Pereira"},"url":"https:\/\/cleitonpinheiro.com.br\/site\/author\/dermival\/"}]}},"views":265,"_links":{"self":[{"href":"https:\/\/cleitonpinheiro.com.br\/site\/wp-json\/wp\/v2\/posts\/71069","targetHints":{"allow":["GET"]}}],"collection":[{"href":"https:\/\/cleitonpinheiro.com.br\/site\/wp-json\/wp\/v2\/posts"}],"about":[{"href":"https:\/\/cleitonpinheiro.com.br\/site\/wp-json\/wp\/v2\/types\/post"}],"author":[{"embeddable":true,"href":"https:\/\/cleitonpinheiro.com.br\/site\/wp-json\/wp\/v2\/users\/4"}],"replies":[{"embeddable":true,"href":"https:\/\/cleitonpinheiro.com.br\/site\/wp-json\/wp\/v2\/comments?post=71069"}],"version-history":[{"count":2,"href":"https:\/\/cleitonpinheiro.com.br\/site\/wp-json\/wp\/v2\/posts\/71069\/revisions"}],"predecessor-version":[{"id":71072,"href":"https:\/\/cleitonpinheiro.com.br\/site\/wp-json\/wp\/v2\/posts\/71069\/revisions\/71072"}],"wp:attachment":[{"href":"https:\/\/cleitonpinheiro.com.br\/site\/wp-json\/wp\/v2\/media?parent=71069"}],"wp:term":[{"taxonomy":"category","embeddable":true,"href":"https:\/\/cleitonpinheiro.com.br\/site\/wp-json\/wp\/v2\/categories?post=71069"},{"taxonomy":"post_tag","embeddable":true,"href":"https:\/\/cleitonpinheiro.com.br\/site\/wp-json\/wp\/v2\/tags?post=71069"}],"curies":[{"name":"wp","href":"https:\/\/api.w.org\/{rel}","templated":true}]}}