{"id":71082,"date":"2023-05-11T17:42:44","date_gmt":"2023-05-11T20:42:44","guid":{"rendered":"https:\/\/cleitonpinheiro.com.br\/site\/?p=71082"},"modified":"2023-05-12T10:51:50","modified_gmt":"2023-05-12T13:51:50","slug":"ajusp-to-diz-que-progressoes-anunciadas-por-wanderlei-barbosa-estavam-pendentes-e-sao-referentes-ao-periodo-de-2008-a-2020","status":"publish","type":"post","link":"https:\/\/cleitonpinheiro.com.br\/site\/ajusp-to-diz-que-progressoes-anunciadas-por-wanderlei-barbosa-estavam-pendentes-e-sao-referentes-ao-periodo-de-2008-a-2020\/","title":{"rendered":"AJUSP-TO diz que progress\u00f5es anunciadas por Wanderlei Barbosa estavam pendentes e s\u00e3o referentes ao per\u00edodo de 2008 a 2020"},"content":{"rendered":"\n<figure class=\"wp-block-image size-full is-resized\"><img fetchpriority=\"high\" decoding=\"async\" src=\"https:\/\/cleitonpinheiro.com.br\/site\/wp-content\/uploads\/2023\/04\/Design-sem-nome-2023-04-18T154610-compressed.jpg\" alt=\"\" class=\"wp-image-70313\" width=\"1021\" height=\"613\"\/><\/figure>\n\n\n\n<p>O presidente da Associa\u00e7\u00e3o de Assist\u00eancia Jur\u00eddica dos Servidores P\u00fablicos do Tocantins (AJUSP-TO), Cleiton Pinheiro, disse agora a pouco, que as 5.393 progress\u00f5es anunciadas pelo Governo do Tocantins aos servidores p\u00fablicos s\u00e3o referentes ao per\u00edodo de 2008 a dezembro de 2020, que estavam pendentes.<\/p>\n\n\n\n<p>Conforme Pinheiro, \u2018em 2020 quando as progress\u00f5es foram concedidas referentes a esse per\u00edodo, muitos servidores ficaram com pend\u00eancias e foi aberto um prazo de 60 dias para estes servidores regularizassem a situa\u00e7\u00e3o. Agora, com tudo certo, o Governo vai conceder esse direito j\u00e1 adquirido pelos servidores, mas n\u00e3o tem nenhuma progress\u00e3o referente aos anos de 2021 a 2023\u2019, afirmou o presidente da AJUSP-TO.<br><br>Conforme o presidente da AJUSP-TO, o Governo do Tocantins deve retificar a informa\u00e7\u00e3o sobre as progress\u00f5es a serem concedidas, e explicar a quais per\u00edodos elas ser referem.<\/p>\n\n\n\n<p><strong>Entenda<\/strong><\/p>\n\n\n\n<p>O Governo do Tocantins, por meio da Secretaria de Estado da Administra\u00e7\u00e3o (Secad), anunciou que vai publicar ainda nesta quinta-feira, 11, no Di\u00e1rio Oficial do Estado, 5.393 progress\u00f5es funcionais de servidores dos diversos quadros do poder Executivo.<\/p>\n\n\n\n<p>O governador Wanderlei Barbosa comentou o assunto. \u201cEstamos trabalhando incansavelmente para que os direitos dos servidores sejam assegurados, nossa gest\u00e3o vem seguindo uma const\u00e2ncia de modo que todos os servidores sejam contemplados, obviamente, de forma respons\u00e1vel, prudente e dentro da Lei de Responsabilidade Fiscal, tudo isso gra\u00e7as ao planejamento do grupo gestor\u201d, frisou o governador.<\/p>\n\n\n\n<p><strong>Progress\u00f5es<\/strong><\/p>\n\n\n\n<p>Segundo o Governo, entre dezembro de 2021 e fevereiro de 2022, foram 7.622 progress\u00f5es concedidas; em abril de 2022, o quantitativo foi de 28.045; j\u00e1 no m\u00eas seguinte, maio, mais 5.310 progress\u00f5es foram garantidas; em junho de 2022, mais 4.875 servidores foram contemplados com o direito adquirido. S\u00e3o efetivos dos quadros da Educa\u00e7\u00e3o, da Pol\u00edcia Civil, da Sa\u00fade, da Adapec, do Naturatins, do Ruraltins, dentre outros.<\/p>\n","protected":false},"excerpt":{"rendered":"<p>O presidente da Associa\u00e7\u00e3o de Assist\u00eancia Jur\u00eddica dos Servidores P\u00fablicos do Tocantins (AJUSP-TO), Cleiton Pinheiro, disse agora a pouco, que as 5.393 progress\u00f5es anunciadas pelo Governo do Tocantins aos servidores p\u00fablicos s\u00e3o referentes ao per\u00edodo de 2008 a dezembro de 2020, que estavam pendentes. Conforme Pinheiro, \u2018em 2020 quando as progress\u00f5es foram concedidas referentes a [&hellip;]<\/p>\n","protected":false},"author":4,"featured_media":0,"comment_status":"open","ping_status":"open","sticky":false,"template":"","format":"standard","meta":{"_acf_changed":false,"footnotes":""},"categories":[25,898],"tags":[],"class_list":["post-71082","post","type-post","status-publish","format-standard","hentry","category-funcionalismo","category-manchete-segundaria"],"acf":[],"yoast_head":"<!-- This site is optimized with the Yoast SEO plugin v24.4 - https:\/\/yoast.com\/wordpress\/plugins\/seo\/ -->\n<title>AJUSP-TO diz que progress\u00f5es anunciadas por Wanderlei Barbosa estavam pendentes e s\u00e3o referentes ao per\u00edodo de 2008 a 2020 - PORTAL DE NOT\u00cdCIAS CLEITON PINHEIRO<\/title>\n<meta name=\"robots\" content=\"index, follow, max-snippet:-1, max-image-preview:large, max-video-preview:-1\" \/>\n<link rel=\"canonical\" href=\"https:\/\/cleitonpinheiro.com.br\/site\/ajusp-to-diz-que-progressoes-anunciadas-por-wanderlei-barbosa-estavam-pendentes-e-sao-referentes-ao-periodo-de-2008-a-2020\/\" \/>\n<meta property=\"og:locale\" content=\"pt_BR\" \/>\n<meta property=\"og:type\" content=\"article\" \/>\n<meta property=\"og:title\" content=\"AJUSP-TO diz que progress\u00f5es anunciadas por Wanderlei Barbosa estavam pendentes e s\u00e3o referentes ao per\u00edodo de 2008 a 2020 - PORTAL DE NOT\u00cdCIAS CLEITON PINHEIRO\" \/>\n<meta property=\"og:description\" content=\"O presidente da Associa\u00e7\u00e3o de Assist\u00eancia Jur\u00eddica dos Servidores P\u00fablicos do Tocantins (AJUSP-TO), Cleiton Pinheiro, disse agora a pouco, que as 5.393 progress\u00f5es anunciadas pelo Governo do Tocantins aos servidores p\u00fablicos s\u00e3o referentes ao per\u00edodo de 2008 a dezembro de 2020, que estavam pendentes. Conforme Pinheiro, \u2018em 2020 quando as progress\u00f5es foram concedidas referentes a [&hellip;]\" \/>\n<meta property=\"og:url\" content=\"https:\/\/cleitonpinheiro.com.br\/site\/ajusp-to-diz-que-progressoes-anunciadas-por-wanderlei-barbosa-estavam-pendentes-e-sao-referentes-ao-periodo-de-2008-a-2020\/\" \/>\n<meta property=\"og:site_name\" content=\"PORTAL DE NOT\u00cdCIAS CLEITON PINHEIRO\" \/>\n<meta property=\"article:publisher\" content=\"https:\/\/www.facebook.com\/portalcpnoticias\/\" \/>\n<meta property=\"article:published_time\" content=\"2023-05-11T20:42:44+00:00\" \/>\n<meta property=\"article:modified_time\" content=\"2023-05-12T13:51:50+00:00\" \/>\n<meta property=\"og:image\" content=\"https:\/\/cleitonpinheiro.com.br\/site\/wp-content\/uploads\/2023\/04\/Design-sem-nome-2023-04-18T154610-compressed.jpg\" \/>\n\t<meta property=\"og:image:width\" content=\"750\" \/>\n\t<meta property=\"og:image:height\" content=\"450\" \/>\n\t<meta property=\"og:image:type\" content=\"image\/jpeg\" \/>\n<meta name=\"author\" content=\"Dermival Pereira\" \/>\n<meta name=\"twitter:card\" content=\"summary_large_image\" \/>\n<meta name=\"twitter:label1\" content=\"Escrito por\" \/>\n\t<meta name=\"twitter:data1\" content=\"Dermival Pereira\" \/>\n\t<meta name=\"twitter:label2\" content=\"Est. tempo de leitura\" \/>\n\t<meta name=\"twitter:data2\" content=\"2 minutos\" \/>\n<script type=\"application\/ld+json\" class=\"yoast-schema-graph\">{\"@context\":\"https:\/\/schema.org\",\"@graph\":[{\"@type\":\"Article\",\"@id\":\"https:\/\/cleitonpinheiro.com.br\/site\/ajusp-to-diz-que-progressoes-anunciadas-por-wanderlei-barbosa-estavam-pendentes-e-sao-referentes-ao-periodo-de-2008-a-2020\/#article\",\"isPartOf\":{\"@id\":\"https:\/\/cleitonpinheiro.com.br\/site\/ajusp-to-diz-que-progressoes-anunciadas-por-wanderlei-barbosa-estavam-pendentes-e-sao-referentes-ao-periodo-de-2008-a-2020\/\"},\"author\":{\"name\":\"Dermival Pereira\",\"@id\":\"https:\/\/cleitonpinheiro.com.br\/site\/#\/schema\/person\/aac6d7f311e80c43042e98a900b03cd8\"},\"headline\":\"AJUSP-TO diz que progress\u00f5es anunciadas por Wanderlei Barbosa estavam pendentes e s\u00e3o referentes ao per\u00edodo de 2008 a 2020\",\"datePublished\":\"2023-05-11T20:42:44+00:00\",\"dateModified\":\"2023-05-12T13:51:50+00:00\",\"mainEntityOfPage\":{\"@id\":\"https:\/\/cleitonpinheiro.com.br\/site\/ajusp-to-diz-que-progressoes-anunciadas-por-wanderlei-barbosa-estavam-pendentes-e-sao-referentes-ao-periodo-de-2008-a-2020\/\"},\"wordCount\":329,\"commentCount\":0,\"publisher\":{\"@id\":\"https:\/\/cleitonpinheiro.com.br\/site\/#organization\"},\"image\":{\"@id\":\"https:\/\/cleitonpinheiro.com.br\/site\/ajusp-to-diz-que-progressoes-anunciadas-por-wanderlei-barbosa-estavam-pendentes-e-sao-referentes-ao-periodo-de-2008-a-2020\/#primaryimage\"},\"thumbnailUrl\":\"https:\/\/cleitonpinheiro.com.br\/site\/wp-content\/uploads\/2023\/04\/Design-sem-nome-2023-04-18T154610-compressed.jpg\",\"articleSection\":[\"FUNCIONALISMO\",\"MANCHETE SEGUND\u00c1RIA\"],\"inLanguage\":\"pt-BR\",\"potentialAction\":[{\"@type\":\"CommentAction\",\"name\":\"Comment\",\"target\":[\"https:\/\/cleitonpinheiro.com.br\/site\/ajusp-to-diz-que-progressoes-anunciadas-por-wanderlei-barbosa-estavam-pendentes-e-sao-referentes-ao-periodo-de-2008-a-2020\/#respond\"]}]},{\"@type\":\"WebPage\",\"@id\":\"https:\/\/cleitonpinheiro.com.br\/site\/ajusp-to-diz-que-progressoes-anunciadas-por-wanderlei-barbosa-estavam-pendentes-e-sao-referentes-ao-periodo-de-2008-a-2020\/\",\"url\":\"https:\/\/cleitonpinheiro.com.br\/site\/ajusp-to-diz-que-progressoes-anunciadas-por-wanderlei-barbosa-estavam-pendentes-e-sao-referentes-ao-periodo-de-2008-a-2020\/\",\"name\":\"AJUSP-TO diz que progress\u00f5es anunciadas por Wanderlei Barbosa estavam pendentes e s\u00e3o referentes ao per\u00edodo de 2008 a 2020 - PORTAL DE NOT\u00cdCIAS CLEITON PINHEIRO\",\"isPartOf\":{\"@id\":\"https:\/\/cleitonpinheiro.com.br\/site\/#website\"},\"primaryImageOfPage\":{\"@id\":\"https:\/\/cleitonpinheiro.com.br\/site\/ajusp-to-diz-que-progressoes-anunciadas-por-wanderlei-barbosa-estavam-pendentes-e-sao-referentes-ao-periodo-de-2008-a-2020\/#primaryimage\"},\"image\":{\"@id\":\"https:\/\/cleitonpinheiro.com.br\/site\/ajusp-to-diz-que-progressoes-anunciadas-por-wanderlei-barbosa-estavam-pendentes-e-sao-referentes-ao-periodo-de-2008-a-2020\/#primaryimage\"},\"thumbnailUrl\":\"https:\/\/cleitonpinheiro.com.br\/site\/wp-content\/uploads\/2023\/04\/Design-sem-nome-2023-04-18T154610-compressed.jpg\",\"datePublished\":\"2023-05-11T20:42:44+00:00\",\"dateModified\":\"2023-05-12T13:51:50+00:00\",\"breadcrumb\":{\"@id\":\"https:\/\/cleitonpinheiro.com.br\/site\/ajusp-to-diz-que-progressoes-anunciadas-por-wanderlei-barbosa-estavam-pendentes-e-sao-referentes-ao-periodo-de-2008-a-2020\/#breadcrumb\"},\"inLanguage\":\"pt-BR\",\"potentialAction\":[{\"@type\":\"ReadAction\",\"target\":[\"https:\/\/cleitonpinheiro.com.br\/site\/ajusp-to-diz-que-progressoes-anunciadas-por-wanderlei-barbosa-estavam-pendentes-e-sao-referentes-ao-periodo-de-2008-a-2020\/\"]}]},{\"@type\":\"ImageObject\",\"inLanguage\":\"pt-BR\",\"@id\":\"https:\/\/cleitonpinheiro.com.br\/site\/ajusp-to-diz-que-progressoes-anunciadas-por-wanderlei-barbosa-estavam-pendentes-e-sao-referentes-ao-periodo-de-2008-a-2020\/#primaryimage\",\"url\":\"\",\"contentUrl\":\"\"},{\"@type\":\"BreadcrumbList\",\"@id\":\"https:\/\/cleitonpinheiro.com.br\/site\/ajusp-to-diz-que-progressoes-anunciadas-por-wanderlei-barbosa-estavam-pendentes-e-sao-referentes-ao-periodo-de-2008-a-2020\/#breadcrumb\",\"itemListElement\":[{\"@type\":\"ListItem\",\"position\":1,\"name\":\"In\u00edcio\",\"item\":\"https:\/\/cleitonpinheiro.com.br\/site\/\"},{\"@type\":\"ListItem\",\"position\":2,\"name\":\"AJUSP-TO diz que progress\u00f5es anunciadas por Wanderlei Barbosa estavam pendentes e s\u00e3o referentes ao per\u00edodo de 2008 a 2020\"}]},{\"@type\":\"WebSite\",\"@id\":\"https:\/\/cleitonpinheiro.com.br\/site\/#website\",\"url\":\"https:\/\/cleitonpinheiro.com.br\/site\/\",\"name\":\"PORTAL DE NOT\u00cdCIAS CLEITON PINHEIRO\",\"description\":\"FALANDO A VERDADE\",\"publisher\":{\"@id\":\"https:\/\/cleitonpinheiro.com.br\/site\/#organization\"},\"potentialAction\":[{\"@type\":\"SearchAction\",\"target\":{\"@type\":\"EntryPoint\",\"urlTemplate\":\"https:\/\/cleitonpinheiro.com.br\/site\/?s={search_term_string}\"},\"query-input\":{\"@type\":\"PropertyValueSpecification\",\"valueRequired\":true,\"valueName\":\"search_term_string\"}}],\"inLanguage\":\"pt-BR\"},{\"@type\":\"Organization\",\"@id\":\"https:\/\/cleitonpinheiro.com.br\/site\/#organization\",\"name\":\"CPNOT\u00cdCIAS\",\"url\":\"https:\/\/cleitonpinheiro.com.br\/site\/\",\"logo\":{\"@type\":\"ImageObject\",\"inLanguage\":\"pt-BR\",\"@id\":\"https:\/\/cleitonpinheiro.com.br\/site\/#\/schema\/logo\/image\/\",\"url\":\"https:\/\/cleitonpinheiro.com.br\/site\/wp-content\/uploads\/2022\/08\/Logo-pequena-2.png\",\"contentUrl\":\"https:\/\/cleitonpinheiro.com.br\/site\/wp-content\/uploads\/2022\/08\/Logo-pequena-2.png\",\"width\":500,\"height\":500,\"caption\":\"CPNOT\u00cdCIAS\"},\"image\":{\"@id\":\"https:\/\/cleitonpinheiro.com.br\/site\/#\/schema\/logo\/image\/\"},\"sameAs\":[\"https:\/\/www.facebook.com\/portalcpnoticias\/\"]},{\"@type\":\"Person\",\"@id\":\"https:\/\/cleitonpinheiro.com.br\/site\/#\/schema\/person\/aac6d7f311e80c43042e98a900b03cd8\",\"name\":\"Dermival Pereira\",\"image\":{\"@type\":\"ImageObject\",\"inLanguage\":\"pt-BR\",\"@id\":\"https:\/\/cleitonpinheiro.com.br\/site\/#\/schema\/person\/image\/\",\"url\":\"https:\/\/secure.gravatar.com\/avatar\/cfaebf3742d6bf8db728bcba3eed6bee37b02337a2e6c822994f20ca72a3784d?s=96&r=g\",\"contentUrl\":\"https:\/\/secure.gravatar.com\/avatar\/cfaebf3742d6bf8db728bcba3eed6bee37b02337a2e6c822994f20ca72a3784d?s=96&r=g\",\"caption\":\"Dermival Pereira\"},\"url\":\"https:\/\/cleitonpinheiro.com.br\/site\/author\/dermival\/\"}]}<\/script>\n<!-- \/ Yoast SEO plugin. -->","yoast_head_json":{"title":"AJUSP-TO diz que progress\u00f5es anunciadas por Wanderlei Barbosa estavam pendentes e s\u00e3o referentes ao per\u00edodo de 2008 a 2020 - PORTAL DE NOT\u00cdCIAS CLEITON PINHEIRO","robots":{"index":"index","follow":"follow","max-snippet":"max-snippet:-1","max-image-preview":"max-image-preview:large","max-video-preview":"max-video-preview:-1"},"canonical":"https:\/\/cleitonpinheiro.com.br\/site\/ajusp-to-diz-que-progressoes-anunciadas-por-wanderlei-barbosa-estavam-pendentes-e-sao-referentes-ao-periodo-de-2008-a-2020\/","og_locale":"pt_BR","og_type":"article","og_title":"AJUSP-TO diz que progress\u00f5es anunciadas por Wanderlei Barbosa estavam pendentes e s\u00e3o referentes ao per\u00edodo de 2008 a 2020 - PORTAL DE NOT\u00cdCIAS CLEITON PINHEIRO","og_description":"O presidente da Associa\u00e7\u00e3o de Assist\u00eancia Jur\u00eddica dos Servidores P\u00fablicos do Tocantins (AJUSP-TO), Cleiton Pinheiro, disse agora a pouco, que as 5.393 progress\u00f5es anunciadas pelo Governo do Tocantins aos servidores p\u00fablicos s\u00e3o referentes ao per\u00edodo de 2008 a dezembro de 2020, que estavam pendentes. Conforme Pinheiro, \u2018em 2020 quando as progress\u00f5es foram concedidas referentes a [&hellip;]","og_url":"https:\/\/cleitonpinheiro.com.br\/site\/ajusp-to-diz-que-progressoes-anunciadas-por-wanderlei-barbosa-estavam-pendentes-e-sao-referentes-ao-periodo-de-2008-a-2020\/","og_site_name":"PORTAL DE NOT\u00cdCIAS CLEITON PINHEIRO","article_publisher":"https:\/\/www.facebook.com\/portalcpnoticias\/","article_published_time":"2023-05-11T20:42:44+00:00","article_modified_time":"2023-05-12T13:51:50+00:00","og_image":[{"width":750,"height":450,"url":"https:\/\/cleitonpinheiro.com.br\/site\/wp-content\/uploads\/2023\/04\/Design-sem-nome-2023-04-18T154610-compressed.jpg","type":"image\/jpeg"}],"author":"Dermival Pereira","twitter_card":"summary_large_image","twitter_misc":{"Escrito por":"Dermival Pereira","Est. tempo de leitura":"2 minutos"},"schema":{"@context":"https:\/\/schema.org","@graph":[{"@type":"Article","@id":"https:\/\/cleitonpinheiro.com.br\/site\/ajusp-to-diz-que-progressoes-anunciadas-por-wanderlei-barbosa-estavam-pendentes-e-sao-referentes-ao-periodo-de-2008-a-2020\/#article","isPartOf":{"@id":"https:\/\/cleitonpinheiro.com.br\/site\/ajusp-to-diz-que-progressoes-anunciadas-por-wanderlei-barbosa-estavam-pendentes-e-sao-referentes-ao-periodo-de-2008-a-2020\/"},"author":{"name":"Dermival Pereira","@id":"https:\/\/cleitonpinheiro.com.br\/site\/#\/schema\/person\/aac6d7f311e80c43042e98a900b03cd8"},"headline":"AJUSP-TO diz que progress\u00f5es anunciadas por Wanderlei Barbosa estavam pendentes e s\u00e3o referentes ao per\u00edodo de 2008 a 2020","datePublished":"2023-05-11T20:42:44+00:00","dateModified":"2023-05-12T13:51:50+00:00","mainEntityOfPage":{"@id":"https:\/\/cleitonpinheiro.com.br\/site\/ajusp-to-diz-que-progressoes-anunciadas-por-wanderlei-barbosa-estavam-pendentes-e-sao-referentes-ao-periodo-de-2008-a-2020\/"},"wordCount":329,"commentCount":0,"publisher":{"@id":"https:\/\/cleitonpinheiro.com.br\/site\/#organization"},"image":{"@id":"https:\/\/cleitonpinheiro.com.br\/site\/ajusp-to-diz-que-progressoes-anunciadas-por-wanderlei-barbosa-estavam-pendentes-e-sao-referentes-ao-periodo-de-2008-a-2020\/#primaryimage"},"thumbnailUrl":"https:\/\/cleitonpinheiro.com.br\/site\/wp-content\/uploads\/2023\/04\/Design-sem-nome-2023-04-18T154610-compressed.jpg","articleSection":["FUNCIONALISMO","MANCHETE SEGUND\u00c1RIA"],"inLanguage":"pt-BR","potentialAction":[{"@type":"CommentAction","name":"Comment","target":["https:\/\/cleitonpinheiro.com.br\/site\/ajusp-to-diz-que-progressoes-anunciadas-por-wanderlei-barbosa-estavam-pendentes-e-sao-referentes-ao-periodo-de-2008-a-2020\/#respond"]}]},{"@type":"WebPage","@id":"https:\/\/cleitonpinheiro.com.br\/site\/ajusp-to-diz-que-progressoes-anunciadas-por-wanderlei-barbosa-estavam-pendentes-e-sao-referentes-ao-periodo-de-2008-a-2020\/","url":"https:\/\/cleitonpinheiro.com.br\/site\/ajusp-to-diz-que-progressoes-anunciadas-por-wanderlei-barbosa-estavam-pendentes-e-sao-referentes-ao-periodo-de-2008-a-2020\/","name":"AJUSP-TO diz que progress\u00f5es anunciadas por Wanderlei Barbosa estavam pendentes e s\u00e3o referentes ao per\u00edodo de 2008 a 2020 - PORTAL DE NOT\u00cdCIAS CLEITON PINHEIRO","isPartOf":{"@id":"https:\/\/cleitonpinheiro.com.br\/site\/#website"},"primaryImageOfPage":{"@id":"https:\/\/cleitonpinheiro.com.br\/site\/ajusp-to-diz-que-progressoes-anunciadas-por-wanderlei-barbosa-estavam-pendentes-e-sao-referentes-ao-periodo-de-2008-a-2020\/#primaryimage"},"image":{"@id":"https:\/\/cleitonpinheiro.com.br\/site\/ajusp-to-diz-que-progressoes-anunciadas-por-wanderlei-barbosa-estavam-pendentes-e-sao-referentes-ao-periodo-de-2008-a-2020\/#primaryimage"},"thumbnailUrl":"https:\/\/cleitonpinheiro.com.br\/site\/wp-content\/uploads\/2023\/04\/Design-sem-nome-2023-04-18T154610-compressed.jpg","datePublished":"2023-05-11T20:42:44+00:00","dateModified":"2023-05-12T13:51:50+00:00","breadcrumb":{"@id":"https:\/\/cleitonpinheiro.com.br\/site\/ajusp-to-diz-que-progressoes-anunciadas-por-wanderlei-barbosa-estavam-pendentes-e-sao-referentes-ao-periodo-de-2008-a-2020\/#breadcrumb"},"inLanguage":"pt-BR","potentialAction":[{"@type":"ReadAction","target":["https:\/\/cleitonpinheiro.com.br\/site\/ajusp-to-diz-que-progressoes-anunciadas-por-wanderlei-barbosa-estavam-pendentes-e-sao-referentes-ao-periodo-de-2008-a-2020\/"]}]},{"@type":"ImageObject","inLanguage":"pt-BR","@id":"https:\/\/cleitonpinheiro.com.br\/site\/ajusp-to-diz-que-progressoes-anunciadas-por-wanderlei-barbosa-estavam-pendentes-e-sao-referentes-ao-periodo-de-2008-a-2020\/#primaryimage","url":"","contentUrl":""},{"@type":"BreadcrumbList","@id":"https:\/\/cleitonpinheiro.com.br\/site\/ajusp-to-diz-que-progressoes-anunciadas-por-wanderlei-barbosa-estavam-pendentes-e-sao-referentes-ao-periodo-de-2008-a-2020\/#breadcrumb","itemListElement":[{"@type":"ListItem","position":1,"name":"In\u00edcio","item":"https:\/\/cleitonpinheiro.com.br\/site\/"},{"@type":"ListItem","position":2,"name":"AJUSP-TO diz que progress\u00f5es anunciadas por Wanderlei Barbosa estavam pendentes e s\u00e3o referentes ao per\u00edodo de 2008 a 2020"}]},{"@type":"WebSite","@id":"https:\/\/cleitonpinheiro.com.br\/site\/#website","url":"https:\/\/cleitonpinheiro.com.br\/site\/","name":"PORTAL DE NOT\u00cdCIAS CLEITON PINHEIRO","description":"FALANDO A VERDADE","publisher":{"@id":"https:\/\/cleitonpinheiro.com.br\/site\/#organization"},"potentialAction":[{"@type":"SearchAction","target":{"@type":"EntryPoint","urlTemplate":"https:\/\/cleitonpinheiro.com.br\/site\/?s={search_term_string}"},"query-input":{"@type":"PropertyValueSpecification","valueRequired":true,"valueName":"search_term_string"}}],"inLanguage":"pt-BR"},{"@type":"Organization","@id":"https:\/\/cleitonpinheiro.com.br\/site\/#organization","name":"CPNOT\u00cdCIAS","url":"https:\/\/cleitonpinheiro.com.br\/site\/","logo":{"@type":"ImageObject","inLanguage":"pt-BR","@id":"https:\/\/cleitonpinheiro.com.br\/site\/#\/schema\/logo\/image\/","url":"https:\/\/cleitonpinheiro.com.br\/site\/wp-content\/uploads\/2022\/08\/Logo-pequena-2.png","contentUrl":"https:\/\/cleitonpinheiro.com.br\/site\/wp-content\/uploads\/2022\/08\/Logo-pequena-2.png","width":500,"height":500,"caption":"CPNOT\u00cdCIAS"},"image":{"@id":"https:\/\/cleitonpinheiro.com.br\/site\/#\/schema\/logo\/image\/"},"sameAs":["https:\/\/www.facebook.com\/portalcpnoticias\/"]},{"@type":"Person","@id":"https:\/\/cleitonpinheiro.com.br\/site\/#\/schema\/person\/aac6d7f311e80c43042e98a900b03cd8","name":"Dermival Pereira","image":{"@type":"ImageObject","inLanguage":"pt-BR","@id":"https:\/\/cleitonpinheiro.com.br\/site\/#\/schema\/person\/image\/","url":"https:\/\/secure.gravatar.com\/avatar\/cfaebf3742d6bf8db728bcba3eed6bee37b02337a2e6c822994f20ca72a3784d?s=96&r=g","contentUrl":"https:\/\/secure.gravatar.com\/avatar\/cfaebf3742d6bf8db728bcba3eed6bee37b02337a2e6c822994f20ca72a3784d?s=96&r=g","caption":"Dermival Pereira"},"url":"https:\/\/cleitonpinheiro.com.br\/site\/author\/dermival\/"}]}},"views":1491,"_links":{"self":[{"href":"https:\/\/cleitonpinheiro.com.br\/site\/wp-json\/wp\/v2\/posts\/71082","targetHints":{"allow":["GET"]}}],"collection":[{"href":"https:\/\/cleitonpinheiro.com.br\/site\/wp-json\/wp\/v2\/posts"}],"about":[{"href":"https:\/\/cleitonpinheiro.com.br\/site\/wp-json\/wp\/v2\/types\/post"}],"author":[{"embeddable":true,"href":"https:\/\/cleitonpinheiro.com.br\/site\/wp-json\/wp\/v2\/users\/4"}],"replies":[{"embeddable":true,"href":"https:\/\/cleitonpinheiro.com.br\/site\/wp-json\/wp\/v2\/comments?post=71082"}],"version-history":[{"count":1,"href":"https:\/\/cleitonpinheiro.com.br\/site\/wp-json\/wp\/v2\/posts\/71082\/revisions"}],"predecessor-version":[{"id":71083,"href":"https:\/\/cleitonpinheiro.com.br\/site\/wp-json\/wp\/v2\/posts\/71082\/revisions\/71083"}],"wp:attachment":[{"href":"https:\/\/cleitonpinheiro.com.br\/site\/wp-json\/wp\/v2\/media?parent=71082"}],"wp:term":[{"taxonomy":"category","embeddable":true,"href":"https:\/\/cleitonpinheiro.com.br\/site\/wp-json\/wp\/v2\/categories?post=71082"},{"taxonomy":"post_tag","embeddable":true,"href":"https:\/\/cleitonpinheiro.com.br\/site\/wp-json\/wp\/v2\/tags?post=71082"}],"curies":[{"name":"wp","href":"https:\/\/api.w.org\/{rel}","templated":true}]}}