{"id":71084,"date":"2023-05-11T16:47:17","date_gmt":"2023-05-11T19:47:17","guid":{"rendered":"https:\/\/cleitonpinheiro.com.br\/site\/?p=71084"},"modified":"2023-05-12T10:54:49","modified_gmt":"2023-05-12T13:54:49","slug":"dia-das-maes-data-estimula-reflexao-sobre-as-lutas-e-desafios-das-maes-de-pessoas-com-deficiencia","status":"publish","type":"post","link":"https:\/\/cleitonpinheiro.com.br\/site\/dia-das-maes-data-estimula-reflexao-sobre-as-lutas-e-desafios-das-maes-de-pessoas-com-deficiencia\/","title":{"rendered":"Dia das M\u00e3es: data estimula reflex\u00e3o sobre as lutas e desafios das m\u00e3es de pessoas com defici\u00eancia"},"content":{"rendered":"\n<figure class=\"wp-block-image size-full is-resized\"><img fetchpriority=\"high\" decoding=\"async\" src=\"https:\/\/cleitonpinheiro.com.br\/site\/wp-content\/uploads\/2023\/05\/Design-sem-nome-2023-05-12T093300-compressed.jpg\" alt=\"\" class=\"wp-image-71085\" width=\"1019\" height=\"611\"\/><figcaption class=\"wp-element-caption\">Foto ilustrativa &#8211; Divulga\u00e7\u00e3o<\/figcaption><\/figure>\n\n\n\n<p>Ser m\u00e3e de uma crian\u00e7a com defici\u00eancia \u00e9 sin\u00f4nimo de uma vida de lutas e desafios, que envolve amor, paci\u00eancia, dedica\u00e7\u00e3o e a supera\u00e7\u00e3o de muitos obst\u00e1culos. E o Dia das M\u00e3es, comemorado neste domingo, serve tamb\u00e9m para lembrarmos das batalhas que essas hero\u00ednas, guerreiras, enfrentam diariamente &#8211; adjetivos e qualidades que mostram a for\u00e7a dessas mulheres, mas que n\u00e3o podem omitir as reais dificuldades que elas verdadeiramente enfrentam para criar cidad\u00e3os com necessidades especiais.<\/p>\n\n\n\n<p>\u00c9 uma rotina intensa de cuidados com os filhos, na \u00e1rea de sa\u00fade, educa\u00e7\u00e3o, de acessibilidade e de inser\u00e7\u00e3o social. Muitas precisam lidar com a falta de estrutura em escolas, hospitais, creches, e ainda sofrem com o preconceito da sociedade em rela\u00e7\u00e3o a seus filhos \u2018diferentes\u2019, em diversas situa\u00e7\u00f5es do dia a dia. E se j\u00e1 n\u00e3o bastassem todas essas barreiras, a maioria das m\u00e3es ainda precisa abrir m\u00e3o da vida profissional e de projetos pessoais para cuidar dos filhos com defici\u00eancia, o que pode implicar em dificuldades financeiras e emocionais, para toda a fam\u00edlia. Muitas, inclusive, lutam sozinhas contra a falta de acolhimento e de pol\u00edticas p\u00fablicas.<\/p>\n\n\n\n<p>O Defensor P\u00fablico Federal Andr\u00e9 Naves, especialista em Direitos Humanos e Inclus\u00e3o, aproveitou o Dia das M\u00e3es para pedir a aprova\u00e7\u00e3o de dois Projetos de Lei: 192\/21 e 3022\/20, ambos em tramita\u00e7\u00e3o na C\u00e2mara Federal, que asseguram direitos previdenci\u00e1rios \u00e0s m\u00e3es de PcDs. \u201cA aprova\u00e7\u00e3o desses projetos \u00e9 fundamental para garantir mais seguran\u00e7a \u00e0s m\u00e3es que dedicam suas vidas a cuidar de seus filhos com defici\u00eancia. Afinal, elas muitas vezes precisam abandonar suas carreiras e dedicam toda aten\u00e7\u00e3o e cuidado aos filhos. \u00c9 justo que tenham direito a benef\u00edcios previdenci\u00e1rios que garantam sua sobreviv\u00eancia e qualidade de vida\u201d, defende Naves.<\/p>\n\n\n\n<p>Pesquisa Nacional de Sa\u00fade (PNS), divulgada pelo IBGE em 2021, revelou que h\u00e1 no Brasil 17,3 milh\u00f5es de pessoas acima de dois anos de idade com algum tipo de defici\u00eancia, o que corresponde a 8,4% da popula\u00e7\u00e3o. Segundo a pesquisa, dois em cada tr\u00eas brasileiros adultos PcDs &#8211; ou 67% deles &#8211; n\u00e3o frequentaram a escola ou t\u00eam o ensino fundamental incompleto. Isso acontece, na maioria dos casos, porque as m\u00e3es de crian\u00e7as com algum tipo de defici\u00eancia ainda sofrem in\u00fameras barreiras \u00e0 inclus\u00e3o educacional de seus filhos, justificadas pela falta de estrutura escolar, pessoal treinado ou pedagogia adequada.<\/p>\n\n\n\n<p>E enquanto mais pol\u00edticas p\u00fablicas n\u00e3o s\u00e3o institu\u00eddas no pa\u00eds em apoio \u00e0s pessoas com defici\u00eancia e suas fam\u00edlias, a rede de entidades beneficentes que existe em todo o pa\u00eds cumpre um papel fundamental. Em S\u00e3o Paulo, o Grupo Chaverim, por exemplo, promove a socializa\u00e7\u00e3o de indiv\u00edduos com defici\u00eancia intelectual e psicossocial, por meio de atividades socioculturais, esportivas e de lazer.<\/p>\n\n\n\n<p>Um dos frequentadores do Grupo Chaverim \u00e9 David Goldzveig, de 30 anos, portador de S\u00edndrome de Down e que recentemente tamb\u00e9m foi diagnosticado com Autismo. Sua m\u00e3e, Sandra, de 67 anos, \u00e9 muito grata \u00e0 institui\u00e7\u00e3o. \u201cMinha luta \u00e9 desde sempre. Eu j\u00e1 procurava escola para o David ao fim de minha licen\u00e7a-maternidade, mas nenhuma queria ficar com ele. At\u00e9 que eu consegui vaga na escola de minha primeira filha. Mesmo assim, no ber\u00e7\u00e1rio da escola, me deparei com o preconceito de outras m\u00e3es, que tinham medo de que a defici\u00eancia \u2018pegasse\u2019 nos filhos delas. Teve m\u00e3e at\u00e9 que quis tirar o filho do col\u00e9gio. Entre lutas, terapias e consultas, fui encontrando um caminho de cuidados para o meu filho. S\u00e3o muitas experi\u00eancias, hist\u00f3rias e emo\u00e7\u00f5es. O suporte do Grupo Chaverim foi fundamental para o David, que hoje trabalha, ainda sem carteira assinada, mas em forma de \u2018viv\u00eancia\u2019, em uma creche de cachorros\u201d, contou ela.<\/p>\n\n\n\n<p>\u201cO fato \u00e9 que a realidade \u00e9 pesada para muitas dessas mulheres, que sofrem de cansa\u00e7o e sobrecarga emocional. Falta empatia de quem est\u00e1 ao redor e, principalmente, do poder p\u00fablico. Por isso, neste Dia das M\u00e3es, \u00e9 preciso lembrar das m\u00e3es de pessoas com defici\u00eancia, a fim de&nbsp;combatermos o preconceito e a exclus\u00e3o social\u201d, conclui Andr\u00e9 Naves.<\/p>\n","protected":false},"excerpt":{"rendered":"<p>Ser m\u00e3e de uma crian\u00e7a com defici\u00eancia \u00e9 sin\u00f4nimo de uma vida de lutas e desafios, que envolve amor, paci\u00eancia, dedica\u00e7\u00e3o e a supera\u00e7\u00e3o de muitos obst\u00e1culos. E o Dia das M\u00e3es, comemorado neste domingo, serve tamb\u00e9m para lembrarmos das batalhas que essas hero\u00ednas, guerreiras, enfrentam diariamente &#8211; adjetivos e qualidades que mostram a for\u00e7a [&hellip;]<\/p>\n","protected":false},"author":4,"featured_media":0,"comment_status":"open","ping_status":"open","sticky":false,"template":"","format":"standard","meta":{"_acf_changed":false,"footnotes":""},"categories":[19,898],"tags":[],"class_list":["post-71084","post","type-post","status-publish","format-standard","hentry","category-brasil-mundo","category-manchete-segundaria"],"acf":[],"yoast_head":"<!-- This site is optimized with the Yoast SEO plugin v24.4 - https:\/\/yoast.com\/wordpress\/plugins\/seo\/ -->\n<title>Dia das M\u00e3es: data estimula reflex\u00e3o sobre as lutas e desafios das m\u00e3es de pessoas com defici\u00eancia - PORTAL DE NOT\u00cdCIAS CLEITON PINHEIRO<\/title>\n<meta name=\"robots\" content=\"index, follow, max-snippet:-1, max-image-preview:large, max-video-preview:-1\" \/>\n<link rel=\"canonical\" href=\"https:\/\/cleitonpinheiro.com.br\/site\/dia-das-maes-data-estimula-reflexao-sobre-as-lutas-e-desafios-das-maes-de-pessoas-com-deficiencia\/\" \/>\n<meta property=\"og:locale\" content=\"pt_BR\" \/>\n<meta property=\"og:type\" content=\"article\" \/>\n<meta property=\"og:title\" content=\"Dia das M\u00e3es: data estimula reflex\u00e3o sobre as lutas e desafios das m\u00e3es de pessoas com defici\u00eancia - PORTAL DE NOT\u00cdCIAS CLEITON PINHEIRO\" \/>\n<meta property=\"og:description\" content=\"Ser m\u00e3e de uma crian\u00e7a com defici\u00eancia \u00e9 sin\u00f4nimo de uma vida de lutas e desafios, que envolve amor, paci\u00eancia, dedica\u00e7\u00e3o e a supera\u00e7\u00e3o de muitos obst\u00e1culos. E o Dia das M\u00e3es, comemorado neste domingo, serve tamb\u00e9m para lembrarmos das batalhas que essas hero\u00ednas, guerreiras, enfrentam diariamente &#8211; adjetivos e qualidades que mostram a for\u00e7a [&hellip;]\" \/>\n<meta property=\"og:url\" content=\"https:\/\/cleitonpinheiro.com.br\/site\/dia-das-maes-data-estimula-reflexao-sobre-as-lutas-e-desafios-das-maes-de-pessoas-com-deficiencia\/\" \/>\n<meta property=\"og:site_name\" content=\"PORTAL DE NOT\u00cdCIAS CLEITON PINHEIRO\" \/>\n<meta property=\"article:publisher\" content=\"https:\/\/www.facebook.com\/portalcpnoticias\/\" \/>\n<meta property=\"article:published_time\" content=\"2023-05-11T19:47:17+00:00\" \/>\n<meta property=\"article:modified_time\" content=\"2023-05-12T13:54:49+00:00\" \/>\n<meta property=\"og:image\" content=\"https:\/\/cleitonpinheiro.com.br\/site\/wp-content\/uploads\/2023\/05\/Design-sem-nome-2023-05-12T093300-compressed.jpg\" \/>\n\t<meta property=\"og:image:width\" content=\"750\" \/>\n\t<meta property=\"og:image:height\" content=\"450\" \/>\n\t<meta property=\"og:image:type\" content=\"image\/jpeg\" \/>\n<meta name=\"author\" content=\"Dermival Pereira\" \/>\n<meta name=\"twitter:card\" content=\"summary_large_image\" \/>\n<meta name=\"twitter:label1\" content=\"Escrito por\" \/>\n\t<meta name=\"twitter:data1\" content=\"Dermival Pereira\" \/>\n\t<meta name=\"twitter:label2\" content=\"Est. tempo de leitura\" \/>\n\t<meta name=\"twitter:data2\" content=\"4 minutos\" \/>\n<script type=\"application\/ld+json\" class=\"yoast-schema-graph\">{\"@context\":\"https:\/\/schema.org\",\"@graph\":[{\"@type\":\"Article\",\"@id\":\"https:\/\/cleitonpinheiro.com.br\/site\/dia-das-maes-data-estimula-reflexao-sobre-as-lutas-e-desafios-das-maes-de-pessoas-com-deficiencia\/#article\",\"isPartOf\":{\"@id\":\"https:\/\/cleitonpinheiro.com.br\/site\/dia-das-maes-data-estimula-reflexao-sobre-as-lutas-e-desafios-das-maes-de-pessoas-com-deficiencia\/\"},\"author\":{\"name\":\"Dermival Pereira\",\"@id\":\"https:\/\/cleitonpinheiro.com.br\/site\/#\/schema\/person\/aac6d7f311e80c43042e98a900b03cd8\"},\"headline\":\"Dia das M\u00e3es: data estimula reflex\u00e3o sobre as lutas e desafios das m\u00e3es de pessoas com defici\u00eancia\",\"datePublished\":\"2023-05-11T19:47:17+00:00\",\"dateModified\":\"2023-05-12T13:54:49+00:00\",\"mainEntityOfPage\":{\"@id\":\"https:\/\/cleitonpinheiro.com.br\/site\/dia-das-maes-data-estimula-reflexao-sobre-as-lutas-e-desafios-das-maes-de-pessoas-com-deficiencia\/\"},\"wordCount\":752,\"commentCount\":0,\"publisher\":{\"@id\":\"https:\/\/cleitonpinheiro.com.br\/site\/#organization\"},\"image\":{\"@id\":\"https:\/\/cleitonpinheiro.com.br\/site\/dia-das-maes-data-estimula-reflexao-sobre-as-lutas-e-desafios-das-maes-de-pessoas-com-deficiencia\/#primaryimage\"},\"thumbnailUrl\":\"https:\/\/cleitonpinheiro.com.br\/site\/wp-content\/uploads\/2023\/05\/Design-sem-nome-2023-05-12T093300-compressed.jpg\",\"articleSection\":[\"BRASIL \/ MUNDO\",\"MANCHETE SEGUND\u00c1RIA\"],\"inLanguage\":\"pt-BR\",\"potentialAction\":[{\"@type\":\"CommentAction\",\"name\":\"Comment\",\"target\":[\"https:\/\/cleitonpinheiro.com.br\/site\/dia-das-maes-data-estimula-reflexao-sobre-as-lutas-e-desafios-das-maes-de-pessoas-com-deficiencia\/#respond\"]}]},{\"@type\":\"WebPage\",\"@id\":\"https:\/\/cleitonpinheiro.com.br\/site\/dia-das-maes-data-estimula-reflexao-sobre-as-lutas-e-desafios-das-maes-de-pessoas-com-deficiencia\/\",\"url\":\"https:\/\/cleitonpinheiro.com.br\/site\/dia-das-maes-data-estimula-reflexao-sobre-as-lutas-e-desafios-das-maes-de-pessoas-com-deficiencia\/\",\"name\":\"Dia das M\u00e3es: data estimula reflex\u00e3o sobre as lutas e desafios das m\u00e3es de pessoas com defici\u00eancia - PORTAL DE NOT\u00cdCIAS CLEITON PINHEIRO\",\"isPartOf\":{\"@id\":\"https:\/\/cleitonpinheiro.com.br\/site\/#website\"},\"primaryImageOfPage\":{\"@id\":\"https:\/\/cleitonpinheiro.com.br\/site\/dia-das-maes-data-estimula-reflexao-sobre-as-lutas-e-desafios-das-maes-de-pessoas-com-deficiencia\/#primaryimage\"},\"image\":{\"@id\":\"https:\/\/cleitonpinheiro.com.br\/site\/dia-das-maes-data-estimula-reflexao-sobre-as-lutas-e-desafios-das-maes-de-pessoas-com-deficiencia\/#primaryimage\"},\"thumbnailUrl\":\"https:\/\/cleitonpinheiro.com.br\/site\/wp-content\/uploads\/2023\/05\/Design-sem-nome-2023-05-12T093300-compressed.jpg\",\"datePublished\":\"2023-05-11T19:47:17+00:00\",\"dateModified\":\"2023-05-12T13:54:49+00:00\",\"breadcrumb\":{\"@id\":\"https:\/\/cleitonpinheiro.com.br\/site\/dia-das-maes-data-estimula-reflexao-sobre-as-lutas-e-desafios-das-maes-de-pessoas-com-deficiencia\/#breadcrumb\"},\"inLanguage\":\"pt-BR\",\"potentialAction\":[{\"@type\":\"ReadAction\",\"target\":[\"https:\/\/cleitonpinheiro.com.br\/site\/dia-das-maes-data-estimula-reflexao-sobre-as-lutas-e-desafios-das-maes-de-pessoas-com-deficiencia\/\"]}]},{\"@type\":\"ImageObject\",\"inLanguage\":\"pt-BR\",\"@id\":\"https:\/\/cleitonpinheiro.com.br\/site\/dia-das-maes-data-estimula-reflexao-sobre-as-lutas-e-desafios-das-maes-de-pessoas-com-deficiencia\/#primaryimage\",\"url\":\"\",\"contentUrl\":\"\"},{\"@type\":\"BreadcrumbList\",\"@id\":\"https:\/\/cleitonpinheiro.com.br\/site\/dia-das-maes-data-estimula-reflexao-sobre-as-lutas-e-desafios-das-maes-de-pessoas-com-deficiencia\/#breadcrumb\",\"itemListElement\":[{\"@type\":\"ListItem\",\"position\":1,\"name\":\"In\u00edcio\",\"item\":\"https:\/\/cleitonpinheiro.com.br\/site\/\"},{\"@type\":\"ListItem\",\"position\":2,\"name\":\"Dia das M\u00e3es: data estimula reflex\u00e3o sobre as lutas e desafios das m\u00e3es de pessoas com defici\u00eancia\"}]},{\"@type\":\"WebSite\",\"@id\":\"https:\/\/cleitonpinheiro.com.br\/site\/#website\",\"url\":\"https:\/\/cleitonpinheiro.com.br\/site\/\",\"name\":\"PORTAL DE NOT\u00cdCIAS CLEITON PINHEIRO\",\"description\":\"FALANDO A VERDADE\",\"publisher\":{\"@id\":\"https:\/\/cleitonpinheiro.com.br\/site\/#organization\"},\"potentialAction\":[{\"@type\":\"SearchAction\",\"target\":{\"@type\":\"EntryPoint\",\"urlTemplate\":\"https:\/\/cleitonpinheiro.com.br\/site\/?s={search_term_string}\"},\"query-input\":{\"@type\":\"PropertyValueSpecification\",\"valueRequired\":true,\"valueName\":\"search_term_string\"}}],\"inLanguage\":\"pt-BR\"},{\"@type\":\"Organization\",\"@id\":\"https:\/\/cleitonpinheiro.com.br\/site\/#organization\",\"name\":\"CPNOT\u00cdCIAS\",\"url\":\"https:\/\/cleitonpinheiro.com.br\/site\/\",\"logo\":{\"@type\":\"ImageObject\",\"inLanguage\":\"pt-BR\",\"@id\":\"https:\/\/cleitonpinheiro.com.br\/site\/#\/schema\/logo\/image\/\",\"url\":\"https:\/\/cleitonpinheiro.com.br\/site\/wp-content\/uploads\/2022\/08\/Logo-pequena-2.png\",\"contentUrl\":\"https:\/\/cleitonpinheiro.com.br\/site\/wp-content\/uploads\/2022\/08\/Logo-pequena-2.png\",\"width\":500,\"height\":500,\"caption\":\"CPNOT\u00cdCIAS\"},\"image\":{\"@id\":\"https:\/\/cleitonpinheiro.com.br\/site\/#\/schema\/logo\/image\/\"},\"sameAs\":[\"https:\/\/www.facebook.com\/portalcpnoticias\/\"]},{\"@type\":\"Person\",\"@id\":\"https:\/\/cleitonpinheiro.com.br\/site\/#\/schema\/person\/aac6d7f311e80c43042e98a900b03cd8\",\"name\":\"Dermival Pereira\",\"image\":{\"@type\":\"ImageObject\",\"inLanguage\":\"pt-BR\",\"@id\":\"https:\/\/cleitonpinheiro.com.br\/site\/#\/schema\/person\/image\/\",\"url\":\"https:\/\/secure.gravatar.com\/avatar\/cfaebf3742d6bf8db728bcba3eed6bee37b02337a2e6c822994f20ca72a3784d?s=96&r=g\",\"contentUrl\":\"https:\/\/secure.gravatar.com\/avatar\/cfaebf3742d6bf8db728bcba3eed6bee37b02337a2e6c822994f20ca72a3784d?s=96&r=g\",\"caption\":\"Dermival Pereira\"},\"url\":\"https:\/\/cleitonpinheiro.com.br\/site\/author\/dermival\/\"}]}<\/script>\n<!-- \/ Yoast SEO plugin. -->","yoast_head_json":{"title":"Dia das M\u00e3es: data estimula reflex\u00e3o sobre as lutas e desafios das m\u00e3es de pessoas com defici\u00eancia - PORTAL DE NOT\u00cdCIAS CLEITON PINHEIRO","robots":{"index":"index","follow":"follow","max-snippet":"max-snippet:-1","max-image-preview":"max-image-preview:large","max-video-preview":"max-video-preview:-1"},"canonical":"https:\/\/cleitonpinheiro.com.br\/site\/dia-das-maes-data-estimula-reflexao-sobre-as-lutas-e-desafios-das-maes-de-pessoas-com-deficiencia\/","og_locale":"pt_BR","og_type":"article","og_title":"Dia das M\u00e3es: data estimula reflex\u00e3o sobre as lutas e desafios das m\u00e3es de pessoas com defici\u00eancia - PORTAL DE NOT\u00cdCIAS CLEITON PINHEIRO","og_description":"Ser m\u00e3e de uma crian\u00e7a com defici\u00eancia \u00e9 sin\u00f4nimo de uma vida de lutas e desafios, que envolve amor, paci\u00eancia, dedica\u00e7\u00e3o e a supera\u00e7\u00e3o de muitos obst\u00e1culos. E o Dia das M\u00e3es, comemorado neste domingo, serve tamb\u00e9m para lembrarmos das batalhas que essas hero\u00ednas, guerreiras, enfrentam diariamente &#8211; adjetivos e qualidades que mostram a for\u00e7a [&hellip;]","og_url":"https:\/\/cleitonpinheiro.com.br\/site\/dia-das-maes-data-estimula-reflexao-sobre-as-lutas-e-desafios-das-maes-de-pessoas-com-deficiencia\/","og_site_name":"PORTAL DE NOT\u00cdCIAS CLEITON PINHEIRO","article_publisher":"https:\/\/www.facebook.com\/portalcpnoticias\/","article_published_time":"2023-05-11T19:47:17+00:00","article_modified_time":"2023-05-12T13:54:49+00:00","og_image":[{"width":750,"height":450,"url":"https:\/\/cleitonpinheiro.com.br\/site\/wp-content\/uploads\/2023\/05\/Design-sem-nome-2023-05-12T093300-compressed.jpg","type":"image\/jpeg"}],"author":"Dermival Pereira","twitter_card":"summary_large_image","twitter_misc":{"Escrito por":"Dermival Pereira","Est. tempo de leitura":"4 minutos"},"schema":{"@context":"https:\/\/schema.org","@graph":[{"@type":"Article","@id":"https:\/\/cleitonpinheiro.com.br\/site\/dia-das-maes-data-estimula-reflexao-sobre-as-lutas-e-desafios-das-maes-de-pessoas-com-deficiencia\/#article","isPartOf":{"@id":"https:\/\/cleitonpinheiro.com.br\/site\/dia-das-maes-data-estimula-reflexao-sobre-as-lutas-e-desafios-das-maes-de-pessoas-com-deficiencia\/"},"author":{"name":"Dermival Pereira","@id":"https:\/\/cleitonpinheiro.com.br\/site\/#\/schema\/person\/aac6d7f311e80c43042e98a900b03cd8"},"headline":"Dia das M\u00e3es: data estimula reflex\u00e3o sobre as lutas e desafios das m\u00e3es de pessoas com defici\u00eancia","datePublished":"2023-05-11T19:47:17+00:00","dateModified":"2023-05-12T13:54:49+00:00","mainEntityOfPage":{"@id":"https:\/\/cleitonpinheiro.com.br\/site\/dia-das-maes-data-estimula-reflexao-sobre-as-lutas-e-desafios-das-maes-de-pessoas-com-deficiencia\/"},"wordCount":752,"commentCount":0,"publisher":{"@id":"https:\/\/cleitonpinheiro.com.br\/site\/#organization"},"image":{"@id":"https:\/\/cleitonpinheiro.com.br\/site\/dia-das-maes-data-estimula-reflexao-sobre-as-lutas-e-desafios-das-maes-de-pessoas-com-deficiencia\/#primaryimage"},"thumbnailUrl":"https:\/\/cleitonpinheiro.com.br\/site\/wp-content\/uploads\/2023\/05\/Design-sem-nome-2023-05-12T093300-compressed.jpg","articleSection":["BRASIL \/ MUNDO","MANCHETE SEGUND\u00c1RIA"],"inLanguage":"pt-BR","potentialAction":[{"@type":"CommentAction","name":"Comment","target":["https:\/\/cleitonpinheiro.com.br\/site\/dia-das-maes-data-estimula-reflexao-sobre-as-lutas-e-desafios-das-maes-de-pessoas-com-deficiencia\/#respond"]}]},{"@type":"WebPage","@id":"https:\/\/cleitonpinheiro.com.br\/site\/dia-das-maes-data-estimula-reflexao-sobre-as-lutas-e-desafios-das-maes-de-pessoas-com-deficiencia\/","url":"https:\/\/cleitonpinheiro.com.br\/site\/dia-das-maes-data-estimula-reflexao-sobre-as-lutas-e-desafios-das-maes-de-pessoas-com-deficiencia\/","name":"Dia das M\u00e3es: data estimula reflex\u00e3o sobre as lutas e desafios das m\u00e3es de pessoas com defici\u00eancia - PORTAL DE NOT\u00cdCIAS CLEITON PINHEIRO","isPartOf":{"@id":"https:\/\/cleitonpinheiro.com.br\/site\/#website"},"primaryImageOfPage":{"@id":"https:\/\/cleitonpinheiro.com.br\/site\/dia-das-maes-data-estimula-reflexao-sobre-as-lutas-e-desafios-das-maes-de-pessoas-com-deficiencia\/#primaryimage"},"image":{"@id":"https:\/\/cleitonpinheiro.com.br\/site\/dia-das-maes-data-estimula-reflexao-sobre-as-lutas-e-desafios-das-maes-de-pessoas-com-deficiencia\/#primaryimage"},"thumbnailUrl":"https:\/\/cleitonpinheiro.com.br\/site\/wp-content\/uploads\/2023\/05\/Design-sem-nome-2023-05-12T093300-compressed.jpg","datePublished":"2023-05-11T19:47:17+00:00","dateModified":"2023-05-12T13:54:49+00:00","breadcrumb":{"@id":"https:\/\/cleitonpinheiro.com.br\/site\/dia-das-maes-data-estimula-reflexao-sobre-as-lutas-e-desafios-das-maes-de-pessoas-com-deficiencia\/#breadcrumb"},"inLanguage":"pt-BR","potentialAction":[{"@type":"ReadAction","target":["https:\/\/cleitonpinheiro.com.br\/site\/dia-das-maes-data-estimula-reflexao-sobre-as-lutas-e-desafios-das-maes-de-pessoas-com-deficiencia\/"]}]},{"@type":"ImageObject","inLanguage":"pt-BR","@id":"https:\/\/cleitonpinheiro.com.br\/site\/dia-das-maes-data-estimula-reflexao-sobre-as-lutas-e-desafios-das-maes-de-pessoas-com-deficiencia\/#primaryimage","url":"","contentUrl":""},{"@type":"BreadcrumbList","@id":"https:\/\/cleitonpinheiro.com.br\/site\/dia-das-maes-data-estimula-reflexao-sobre-as-lutas-e-desafios-das-maes-de-pessoas-com-deficiencia\/#breadcrumb","itemListElement":[{"@type":"ListItem","position":1,"name":"In\u00edcio","item":"https:\/\/cleitonpinheiro.com.br\/site\/"},{"@type":"ListItem","position":2,"name":"Dia das M\u00e3es: data estimula reflex\u00e3o sobre as lutas e desafios das m\u00e3es de pessoas com defici\u00eancia"}]},{"@type":"WebSite","@id":"https:\/\/cleitonpinheiro.com.br\/site\/#website","url":"https:\/\/cleitonpinheiro.com.br\/site\/","name":"PORTAL DE NOT\u00cdCIAS CLEITON PINHEIRO","description":"FALANDO A VERDADE","publisher":{"@id":"https:\/\/cleitonpinheiro.com.br\/site\/#organization"},"potentialAction":[{"@type":"SearchAction","target":{"@type":"EntryPoint","urlTemplate":"https:\/\/cleitonpinheiro.com.br\/site\/?s={search_term_string}"},"query-input":{"@type":"PropertyValueSpecification","valueRequired":true,"valueName":"search_term_string"}}],"inLanguage":"pt-BR"},{"@type":"Organization","@id":"https:\/\/cleitonpinheiro.com.br\/site\/#organization","name":"CPNOT\u00cdCIAS","url":"https:\/\/cleitonpinheiro.com.br\/site\/","logo":{"@type":"ImageObject","inLanguage":"pt-BR","@id":"https:\/\/cleitonpinheiro.com.br\/site\/#\/schema\/logo\/image\/","url":"https:\/\/cleitonpinheiro.com.br\/site\/wp-content\/uploads\/2022\/08\/Logo-pequena-2.png","contentUrl":"https:\/\/cleitonpinheiro.com.br\/site\/wp-content\/uploads\/2022\/08\/Logo-pequena-2.png","width":500,"height":500,"caption":"CPNOT\u00cdCIAS"},"image":{"@id":"https:\/\/cleitonpinheiro.com.br\/site\/#\/schema\/logo\/image\/"},"sameAs":["https:\/\/www.facebook.com\/portalcpnoticias\/"]},{"@type":"Person","@id":"https:\/\/cleitonpinheiro.com.br\/site\/#\/schema\/person\/aac6d7f311e80c43042e98a900b03cd8","name":"Dermival Pereira","image":{"@type":"ImageObject","inLanguage":"pt-BR","@id":"https:\/\/cleitonpinheiro.com.br\/site\/#\/schema\/person\/image\/","url":"https:\/\/secure.gravatar.com\/avatar\/cfaebf3742d6bf8db728bcba3eed6bee37b02337a2e6c822994f20ca72a3784d?s=96&r=g","contentUrl":"https:\/\/secure.gravatar.com\/avatar\/cfaebf3742d6bf8db728bcba3eed6bee37b02337a2e6c822994f20ca72a3784d?s=96&r=g","caption":"Dermival Pereira"},"url":"https:\/\/cleitonpinheiro.com.br\/site\/author\/dermival\/"}]}},"views":229,"_links":{"self":[{"href":"https:\/\/cleitonpinheiro.com.br\/site\/wp-json\/wp\/v2\/posts\/71084","targetHints":{"allow":["GET"]}}],"collection":[{"href":"https:\/\/cleitonpinheiro.com.br\/site\/wp-json\/wp\/v2\/posts"}],"about":[{"href":"https:\/\/cleitonpinheiro.com.br\/site\/wp-json\/wp\/v2\/types\/post"}],"author":[{"embeddable":true,"href":"https:\/\/cleitonpinheiro.com.br\/site\/wp-json\/wp\/v2\/users\/4"}],"replies":[{"embeddable":true,"href":"https:\/\/cleitonpinheiro.com.br\/site\/wp-json\/wp\/v2\/comments?post=71084"}],"version-history":[{"count":1,"href":"https:\/\/cleitonpinheiro.com.br\/site\/wp-json\/wp\/v2\/posts\/71084\/revisions"}],"predecessor-version":[{"id":71086,"href":"https:\/\/cleitonpinheiro.com.br\/site\/wp-json\/wp\/v2\/posts\/71084\/revisions\/71086"}],"wp:attachment":[{"href":"https:\/\/cleitonpinheiro.com.br\/site\/wp-json\/wp\/v2\/media?parent=71084"}],"wp:term":[{"taxonomy":"category","embeddable":true,"href":"https:\/\/cleitonpinheiro.com.br\/site\/wp-json\/wp\/v2\/categories?post=71084"},{"taxonomy":"post_tag","embeddable":true,"href":"https:\/\/cleitonpinheiro.com.br\/site\/wp-json\/wp\/v2\/tags?post=71084"}],"curies":[{"name":"wp","href":"https:\/\/api.w.org\/{rel}","templated":true}]}}