{"id":71099,"date":"2023-05-12T11:11:53","date_gmt":"2023-05-12T14:11:53","guid":{"rendered":"https:\/\/cleitonpinheiro.com.br\/site\/?p=71099"},"modified":"2023-05-12T11:12:20","modified_gmt":"2023-05-12T14:12:20","slug":"deputado-mario-frias-xinga-e-toma-celular-de-jornalista-na-camara","status":"publish","type":"post","link":"https:\/\/cleitonpinheiro.com.br\/site\/deputado-mario-frias-xinga-e-toma-celular-de-jornalista-na-camara\/","title":{"rendered":"Deputado Mario Frias xinga e toma celular de jornalista na C\u00e2mara"},"content":{"rendered":"\n<figure class=\"wp-block-image size-full is-resized\"><img fetchpriority=\"high\" decoding=\"async\" src=\"https:\/\/cleitonpinheiro.com.br\/site\/wp-content\/uploads\/2023\/05\/Design-sem-nome-2023-05-12T110555-compressed.jpg\" alt=\"\" class=\"wp-image-71100\" width=\"1019\" height=\"611\"\/><figcaption class=\"wp-element-caption\">Mario Frias foi filmado tirando celular da m\u00e3o de Guga Noblat &#8211; <small>Foto: Reprodu\u00e7\u00e3o\/Twitter<\/small><\/figcaption><\/figure>\n\n\n\n<p>O deputado federal e ex-secret\u00e1rio especial de Cultura Mario Frias (PL-SP) foi filmado xingando e tomando o celular do jornalista Guga Noblat em audi\u00eancia da Comiss\u00e3o de Comunica\u00e7\u00e3o da C\u00e2mara dos Deputados, na\u00a0quinta-feira, 11.\u00a0 <em><strong>As informa\u00e7\u00f5es s\u00e3o do Portal Terra.<\/strong><\/em><\/p>\n\n\n\n<p>\u201cSabia que tu era o an\u00e3ozinho\u201d, diz Frias a Noblat enquanto \u00e9 filmado e, em seguida, pega o celular do jornalista. <\/p>\n\n\n\n<p>Guga Noblat compartilhou o v\u00eddeo no Twitter e escreveu: \u201cO clima t\u00e1 ficando gostoso aqui dentro da Comiss\u00e3o de Comunica\u00e7\u00e3o. Deputado M\u00e1rio Frias acaba de me agredir. Primeiro me chamou de \u2018an\u00e3o\u2019, a\u00ed quando fui grava-lo me ofendendo, ele arrancou meu celular da minha m\u00e3o. Fica frio, M\u00e1rio.&#8221;<\/p>\n\n\n\n<p>Em outro v\u00eddeo publicado por Noblat, ele questiona o deputado sobre o que foi dito: \u201cDeputado, o senhor me chamou de an\u00e3o e tomou meu celular? Me chamou de an\u00e3o de gra\u00e7a, sendo que eu nem tinha falado com ele. Fica nervosinho, olha o Frias. Fica mais frio!\u201d, disse sem ter resposta do deputado.<\/p>\n\n\n\n<p>Nas redes sociais, o jornalista\u00a0escreveu confirmando o que foi dito no v\u00eddeo. \u201cEu sequer tinha me dirigido ao M\u00e1rio Frias. Ele veio para cima de mim com ofensas porque no ano passado eu o entrevistei no<em>\u00a0Morning Show<\/em>\u00a0[programa da Jovem Pan] e abordei quest\u00f5es sobre suspeitas de corrup\u00e7\u00e3o contra ele, como n\u00e3o soube responder, est\u00e1 no \u00f3dio at\u00e9 hoje pelo visto.&#8221;<\/p>\n\n\n\n<p>Em um v\u00eddeo gravado por uma terceira pessoa, \u00e9 poss\u00edvel ver o momento em que Frias xinga Noblat e toma o celular dele. \u201cAinda bem que o M\u00e1rio Frias \u00e9 um p\u00e9ssimo ator e ningu\u00e9m acredita nele. Mais um v\u00eddeo do Frias tomando&nbsp;meu celular&nbsp; depois de me ofender de gra\u00e7a, sem que eu tivesse me dirigido a ele\u201d, escreveu Noblat&nbsp;no Twitter. Mario Frias ainda n\u00e3o se pronunciou sobre o epis\u00f3dio.<\/p>\n\n\n\n<p>A confus\u00e3o aconteceu durante a audi\u00eancia que definiu a cria\u00e7\u00e3o de uma Subcomiss\u00e3o Especial sobre o Combate \u00e0 Censura, que ser\u00e1 composta pela oposi\u00e7\u00e3o ao governo Lula na C\u00e2mara.<\/p>\n\n\n\n<p>O grupo \u00e9 formado por Mario Frias, Gustavo Gayer (PL-GO), Filipe Barros (PL-PR), Julia Zanatta (PL-SC) e Nikolas Ferreira (PL-MG), que ser\u00e1 relator.<\/p>\n\n\n\n<figure class=\"wp-block-embed is-type-rich is-provider-twitter wp-block-embed-twitter\"><div class=\"wp-block-embed__wrapper\">\n<blockquote class=\"twitter-tweet\" data-width=\"550\" data-dnt=\"true\"><p lang=\"pt\" dir=\"ltr\">O clima t\u00e1 ficando gostoso aqui dentro da Comiss\u00e3o de Comunica\u00e7\u00e3o. Deputado M\u00e1rio Frias acaba de me agredir. Primeiro me chamou de \u201can\u00e3o\u201d, a\u00ed quando fui grava-lo me ofendendo, ele arrancou meu celular da minha m\u00e3o. Fica frio, M\u00e1rio. <a href=\"https:\/\/t.co\/DR7U3GKp0e\">pic.twitter.com\/DR7U3GKp0e<\/a><\/p>&mdash; GugaNoblat (@GugaNoblat) <a href=\"https:\/\/twitter.com\/GugaNoblat\/status\/1656716234631544852?ref_src=twsrc%5Etfw\">May 11, 2023<\/a><\/blockquote><script async src=\"https:\/\/platform.twitter.com\/widgets.js\" charset=\"utf-8\"><\/script>\n<\/div><\/figure>\n\n\n\n<figure class=\"wp-block-embed is-type-rich is-provider-twitter wp-block-embed-twitter\"><div class=\"wp-block-embed__wrapper\">\n<blockquote class=\"twitter-tweet\" data-width=\"550\" data-dnt=\"true\"><p lang=\"pt\" dir=\"ltr\">Eu sequer tinha me dirigido ao M\u00e1rio Frias. Ele veio para cima de mim com ofensas pq no ano passado eu o entrevistei no Morning Show e abordei quest\u00f5es sobre suspeitas de corrup\u00e7\u00e3o contra ele, como n\u00e3o soube responder, est\u00e1 no \u00f3dio at\u00e9 hoje pelo visto. <a href=\"https:\/\/t.co\/fcjpAgPGxf\">pic.twitter.com\/fcjpAgPGxf<\/a><\/p>&mdash; GugaNoblat (@GugaNoblat) <a href=\"https:\/\/twitter.com\/GugaNoblat\/status\/1656734232046075921?ref_src=twsrc%5Etfw\">May 11, 2023<\/a><\/blockquote><script async src=\"https:\/\/platform.twitter.com\/widgets.js\" charset=\"utf-8\"><\/script>\n<\/div><\/figure>\n\n\n\n<figure class=\"wp-block-embed is-type-rich is-provider-twitter wp-block-embed-twitter\"><div class=\"wp-block-embed__wrapper\">\n<blockquote class=\"twitter-tweet\" data-width=\"550\" data-dnt=\"true\"><p lang=\"pt\" dir=\"ltr\">Ainda bem que o M\u00e1rio Frias \u00e9 um p\u00e9ssimo ator e ningu\u00e9m acredita nele. Mais um v\u00eddeo do Frias tomando <br>meu celular  depois de me ofender de gra\u00e7a, sem que eu tivesse me dirigido a ele. <a href=\"https:\/\/t.co\/wOy4wJdbuE\">pic.twitter.com\/wOy4wJdbuE<\/a><\/p>&mdash; GugaNoblat (@GugaNoblat) <a href=\"https:\/\/twitter.com\/GugaNoblat\/status\/1656801618338234368?ref_src=twsrc%5Etfw\">May 11, 2023<\/a><\/blockquote><script async src=\"https:\/\/platform.twitter.com\/widgets.js\" charset=\"utf-8\"><\/script>\n<\/div><\/figure>\n","protected":false},"excerpt":{"rendered":"<p>O deputado federal e ex-secret\u00e1rio especial de Cultura Mario Frias (PL-SP) foi filmado xingando e tomando o celular do jornalista Guga Noblat em audi\u00eancia da Comiss\u00e3o de Comunica\u00e7\u00e3o da C\u00e2mara dos Deputados, na\u00a0quinta-feira, 11.\u00a0 As informa\u00e7\u00f5es s\u00e3o do Portal Terra. \u201cSabia que tu era o an\u00e3ozinho\u201d, diz Frias a Noblat enquanto \u00e9 filmado e, em [&hellip;]<\/p>\n","protected":false},"author":4,"featured_media":0,"comment_status":"open","ping_status":"open","sticky":false,"template":"","format":"standard","meta":{"_acf_changed":false,"footnotes":""},"categories":[20,23],"tags":[],"class_list":["post-71099","post","type-post","status-publish","format-standard","hentry","category-noticias-em-destaque","category-politica"],"acf":[],"yoast_head":"<!-- This site is optimized with the Yoast SEO plugin v24.4 - https:\/\/yoast.com\/wordpress\/plugins\/seo\/ -->\n<title>Deputado Mario Frias xinga e toma celular de jornalista na C\u00e2mara - PORTAL DE NOT\u00cdCIAS CLEITON PINHEIRO<\/title>\n<meta name=\"robots\" content=\"index, follow, max-snippet:-1, max-image-preview:large, max-video-preview:-1\" \/>\n<link rel=\"canonical\" href=\"https:\/\/cleitonpinheiro.com.br\/site\/deputado-mario-frias-xinga-e-toma-celular-de-jornalista-na-camara\/\" \/>\n<meta property=\"og:locale\" content=\"pt_BR\" \/>\n<meta property=\"og:type\" content=\"article\" \/>\n<meta property=\"og:title\" content=\"Deputado Mario Frias xinga e toma celular de jornalista na C\u00e2mara - PORTAL DE NOT\u00cdCIAS CLEITON PINHEIRO\" \/>\n<meta property=\"og:description\" content=\"O deputado federal e ex-secret\u00e1rio especial de Cultura Mario Frias (PL-SP) foi filmado xingando e tomando o celular do jornalista Guga Noblat em audi\u00eancia da Comiss\u00e3o de Comunica\u00e7\u00e3o da C\u00e2mara dos Deputados, na\u00a0quinta-feira, 11.\u00a0 As informa\u00e7\u00f5es s\u00e3o do Portal Terra. \u201cSabia que tu era o an\u00e3ozinho\u201d, diz Frias a Noblat enquanto \u00e9 filmado e, em [&hellip;]\" \/>\n<meta property=\"og:url\" content=\"https:\/\/cleitonpinheiro.com.br\/site\/deputado-mario-frias-xinga-e-toma-celular-de-jornalista-na-camara\/\" \/>\n<meta property=\"og:site_name\" content=\"PORTAL DE NOT\u00cdCIAS CLEITON PINHEIRO\" \/>\n<meta property=\"article:publisher\" content=\"https:\/\/www.facebook.com\/portalcpnoticias\/\" \/>\n<meta property=\"article:published_time\" content=\"2023-05-12T14:11:53+00:00\" \/>\n<meta property=\"article:modified_time\" content=\"2023-05-12T14:12:20+00:00\" \/>\n<meta property=\"og:image\" content=\"https:\/\/cleitonpinheiro.com.br\/site\/wp-content\/uploads\/2023\/05\/Design-sem-nome-2023-05-12T110555-compressed.jpg\" \/>\n\t<meta property=\"og:image:width\" content=\"750\" \/>\n\t<meta property=\"og:image:height\" content=\"450\" \/>\n\t<meta property=\"og:image:type\" content=\"image\/jpeg\" \/>\n<meta name=\"author\" content=\"Dermival Pereira\" \/>\n<meta name=\"twitter:card\" content=\"summary_large_image\" \/>\n<meta name=\"twitter:label1\" content=\"Escrito por\" \/>\n\t<meta name=\"twitter:data1\" content=\"Dermival Pereira\" \/>\n\t<meta name=\"twitter:label2\" content=\"Est. tempo de leitura\" \/>\n\t<meta name=\"twitter:data2\" content=\"3 minutos\" \/>\n<script type=\"application\/ld+json\" class=\"yoast-schema-graph\">{\"@context\":\"https:\/\/schema.org\",\"@graph\":[{\"@type\":\"Article\",\"@id\":\"https:\/\/cleitonpinheiro.com.br\/site\/deputado-mario-frias-xinga-e-toma-celular-de-jornalista-na-camara\/#article\",\"isPartOf\":{\"@id\":\"https:\/\/cleitonpinheiro.com.br\/site\/deputado-mario-frias-xinga-e-toma-celular-de-jornalista-na-camara\/\"},\"author\":{\"name\":\"Dermival Pereira\",\"@id\":\"https:\/\/cleitonpinheiro.com.br\/site\/#\/schema\/person\/aac6d7f311e80c43042e98a900b03cd8\"},\"headline\":\"Deputado Mario Frias xinga e toma celular de jornalista na C\u00e2mara\",\"datePublished\":\"2023-05-12T14:11:53+00:00\",\"dateModified\":\"2023-05-12T14:12:20+00:00\",\"mainEntityOfPage\":{\"@id\":\"https:\/\/cleitonpinheiro.com.br\/site\/deputado-mario-frias-xinga-e-toma-celular-de-jornalista-na-camara\/\"},\"wordCount\":434,\"commentCount\":0,\"publisher\":{\"@id\":\"https:\/\/cleitonpinheiro.com.br\/site\/#organization\"},\"image\":{\"@id\":\"https:\/\/cleitonpinheiro.com.br\/site\/deputado-mario-frias-xinga-e-toma-celular-de-jornalista-na-camara\/#primaryimage\"},\"thumbnailUrl\":\"https:\/\/cleitonpinheiro.com.br\/site\/wp-content\/uploads\/2023\/05\/Design-sem-nome-2023-05-12T110555-compressed.jpg\",\"articleSection\":[\"NOT\u00cdCIAS EM DESTAQUE\",\"POL\u00cdTICA\"],\"inLanguage\":\"pt-BR\",\"potentialAction\":[{\"@type\":\"CommentAction\",\"name\":\"Comment\",\"target\":[\"https:\/\/cleitonpinheiro.com.br\/site\/deputado-mario-frias-xinga-e-toma-celular-de-jornalista-na-camara\/#respond\"]}]},{\"@type\":\"WebPage\",\"@id\":\"https:\/\/cleitonpinheiro.com.br\/site\/deputado-mario-frias-xinga-e-toma-celular-de-jornalista-na-camara\/\",\"url\":\"https:\/\/cleitonpinheiro.com.br\/site\/deputado-mario-frias-xinga-e-toma-celular-de-jornalista-na-camara\/\",\"name\":\"Deputado Mario Frias xinga e toma celular de jornalista na C\u00e2mara - PORTAL DE NOT\u00cdCIAS CLEITON PINHEIRO\",\"isPartOf\":{\"@id\":\"https:\/\/cleitonpinheiro.com.br\/site\/#website\"},\"primaryImageOfPage\":{\"@id\":\"https:\/\/cleitonpinheiro.com.br\/site\/deputado-mario-frias-xinga-e-toma-celular-de-jornalista-na-camara\/#primaryimage\"},\"image\":{\"@id\":\"https:\/\/cleitonpinheiro.com.br\/site\/deputado-mario-frias-xinga-e-toma-celular-de-jornalista-na-camara\/#primaryimage\"},\"thumbnailUrl\":\"https:\/\/cleitonpinheiro.com.br\/site\/wp-content\/uploads\/2023\/05\/Design-sem-nome-2023-05-12T110555-compressed.jpg\",\"datePublished\":\"2023-05-12T14:11:53+00:00\",\"dateModified\":\"2023-05-12T14:12:20+00:00\",\"breadcrumb\":{\"@id\":\"https:\/\/cleitonpinheiro.com.br\/site\/deputado-mario-frias-xinga-e-toma-celular-de-jornalista-na-camara\/#breadcrumb\"},\"inLanguage\":\"pt-BR\",\"potentialAction\":[{\"@type\":\"ReadAction\",\"target\":[\"https:\/\/cleitonpinheiro.com.br\/site\/deputado-mario-frias-xinga-e-toma-celular-de-jornalista-na-camara\/\"]}]},{\"@type\":\"ImageObject\",\"inLanguage\":\"pt-BR\",\"@id\":\"https:\/\/cleitonpinheiro.com.br\/site\/deputado-mario-frias-xinga-e-toma-celular-de-jornalista-na-camara\/#primaryimage\",\"url\":\"\",\"contentUrl\":\"\"},{\"@type\":\"BreadcrumbList\",\"@id\":\"https:\/\/cleitonpinheiro.com.br\/site\/deputado-mario-frias-xinga-e-toma-celular-de-jornalista-na-camara\/#breadcrumb\",\"itemListElement\":[{\"@type\":\"ListItem\",\"position\":1,\"name\":\"In\u00edcio\",\"item\":\"https:\/\/cleitonpinheiro.com.br\/site\/\"},{\"@type\":\"ListItem\",\"position\":2,\"name\":\"Deputado Mario Frias xinga e toma celular de jornalista na C\u00e2mara\"}]},{\"@type\":\"WebSite\",\"@id\":\"https:\/\/cleitonpinheiro.com.br\/site\/#website\",\"url\":\"https:\/\/cleitonpinheiro.com.br\/site\/\",\"name\":\"PORTAL DE NOT\u00cdCIAS CLEITON PINHEIRO\",\"description\":\"FALANDO A VERDADE\",\"publisher\":{\"@id\":\"https:\/\/cleitonpinheiro.com.br\/site\/#organization\"},\"potentialAction\":[{\"@type\":\"SearchAction\",\"target\":{\"@type\":\"EntryPoint\",\"urlTemplate\":\"https:\/\/cleitonpinheiro.com.br\/site\/?s={search_term_string}\"},\"query-input\":{\"@type\":\"PropertyValueSpecification\",\"valueRequired\":true,\"valueName\":\"search_term_string\"}}],\"inLanguage\":\"pt-BR\"},{\"@type\":\"Organization\",\"@id\":\"https:\/\/cleitonpinheiro.com.br\/site\/#organization\",\"name\":\"CPNOT\u00cdCIAS\",\"url\":\"https:\/\/cleitonpinheiro.com.br\/site\/\",\"logo\":{\"@type\":\"ImageObject\",\"inLanguage\":\"pt-BR\",\"@id\":\"https:\/\/cleitonpinheiro.com.br\/site\/#\/schema\/logo\/image\/\",\"url\":\"https:\/\/cleitonpinheiro.com.br\/site\/wp-content\/uploads\/2022\/08\/Logo-pequena-2.png\",\"contentUrl\":\"https:\/\/cleitonpinheiro.com.br\/site\/wp-content\/uploads\/2022\/08\/Logo-pequena-2.png\",\"width\":500,\"height\":500,\"caption\":\"CPNOT\u00cdCIAS\"},\"image\":{\"@id\":\"https:\/\/cleitonpinheiro.com.br\/site\/#\/schema\/logo\/image\/\"},\"sameAs\":[\"https:\/\/www.facebook.com\/portalcpnoticias\/\"]},{\"@type\":\"Person\",\"@id\":\"https:\/\/cleitonpinheiro.com.br\/site\/#\/schema\/person\/aac6d7f311e80c43042e98a900b03cd8\",\"name\":\"Dermival Pereira\",\"image\":{\"@type\":\"ImageObject\",\"inLanguage\":\"pt-BR\",\"@id\":\"https:\/\/cleitonpinheiro.com.br\/site\/#\/schema\/person\/image\/\",\"url\":\"https:\/\/secure.gravatar.com\/avatar\/cfaebf3742d6bf8db728bcba3eed6bee37b02337a2e6c822994f20ca72a3784d?s=96&r=g\",\"contentUrl\":\"https:\/\/secure.gravatar.com\/avatar\/cfaebf3742d6bf8db728bcba3eed6bee37b02337a2e6c822994f20ca72a3784d?s=96&r=g\",\"caption\":\"Dermival Pereira\"},\"url\":\"https:\/\/cleitonpinheiro.com.br\/site\/author\/dermival\/\"}]}<\/script>\n<!-- \/ Yoast SEO plugin. -->","yoast_head_json":{"title":"Deputado Mario Frias xinga e toma celular de jornalista na C\u00e2mara - PORTAL DE NOT\u00cdCIAS CLEITON PINHEIRO","robots":{"index":"index","follow":"follow","max-snippet":"max-snippet:-1","max-image-preview":"max-image-preview:large","max-video-preview":"max-video-preview:-1"},"canonical":"https:\/\/cleitonpinheiro.com.br\/site\/deputado-mario-frias-xinga-e-toma-celular-de-jornalista-na-camara\/","og_locale":"pt_BR","og_type":"article","og_title":"Deputado Mario Frias xinga e toma celular de jornalista na C\u00e2mara - PORTAL DE NOT\u00cdCIAS CLEITON PINHEIRO","og_description":"O deputado federal e ex-secret\u00e1rio especial de Cultura Mario Frias (PL-SP) foi filmado xingando e tomando o celular do jornalista Guga Noblat em audi\u00eancia da Comiss\u00e3o de Comunica\u00e7\u00e3o da C\u00e2mara dos Deputados, na\u00a0quinta-feira, 11.\u00a0 As informa\u00e7\u00f5es s\u00e3o do Portal Terra. \u201cSabia que tu era o an\u00e3ozinho\u201d, diz Frias a Noblat enquanto \u00e9 filmado e, em [&hellip;]","og_url":"https:\/\/cleitonpinheiro.com.br\/site\/deputado-mario-frias-xinga-e-toma-celular-de-jornalista-na-camara\/","og_site_name":"PORTAL DE NOT\u00cdCIAS CLEITON PINHEIRO","article_publisher":"https:\/\/www.facebook.com\/portalcpnoticias\/","article_published_time":"2023-05-12T14:11:53+00:00","article_modified_time":"2023-05-12T14:12:20+00:00","og_image":[{"width":750,"height":450,"url":"https:\/\/cleitonpinheiro.com.br\/site\/wp-content\/uploads\/2023\/05\/Design-sem-nome-2023-05-12T110555-compressed.jpg","type":"image\/jpeg"}],"author":"Dermival Pereira","twitter_card":"summary_large_image","twitter_misc":{"Escrito por":"Dermival Pereira","Est. tempo de leitura":"3 minutos"},"schema":{"@context":"https:\/\/schema.org","@graph":[{"@type":"Article","@id":"https:\/\/cleitonpinheiro.com.br\/site\/deputado-mario-frias-xinga-e-toma-celular-de-jornalista-na-camara\/#article","isPartOf":{"@id":"https:\/\/cleitonpinheiro.com.br\/site\/deputado-mario-frias-xinga-e-toma-celular-de-jornalista-na-camara\/"},"author":{"name":"Dermival Pereira","@id":"https:\/\/cleitonpinheiro.com.br\/site\/#\/schema\/person\/aac6d7f311e80c43042e98a900b03cd8"},"headline":"Deputado Mario Frias xinga e toma celular de jornalista na C\u00e2mara","datePublished":"2023-05-12T14:11:53+00:00","dateModified":"2023-05-12T14:12:20+00:00","mainEntityOfPage":{"@id":"https:\/\/cleitonpinheiro.com.br\/site\/deputado-mario-frias-xinga-e-toma-celular-de-jornalista-na-camara\/"},"wordCount":434,"commentCount":0,"publisher":{"@id":"https:\/\/cleitonpinheiro.com.br\/site\/#organization"},"image":{"@id":"https:\/\/cleitonpinheiro.com.br\/site\/deputado-mario-frias-xinga-e-toma-celular-de-jornalista-na-camara\/#primaryimage"},"thumbnailUrl":"https:\/\/cleitonpinheiro.com.br\/site\/wp-content\/uploads\/2023\/05\/Design-sem-nome-2023-05-12T110555-compressed.jpg","articleSection":["NOT\u00cdCIAS EM DESTAQUE","POL\u00cdTICA"],"inLanguage":"pt-BR","potentialAction":[{"@type":"CommentAction","name":"Comment","target":["https:\/\/cleitonpinheiro.com.br\/site\/deputado-mario-frias-xinga-e-toma-celular-de-jornalista-na-camara\/#respond"]}]},{"@type":"WebPage","@id":"https:\/\/cleitonpinheiro.com.br\/site\/deputado-mario-frias-xinga-e-toma-celular-de-jornalista-na-camara\/","url":"https:\/\/cleitonpinheiro.com.br\/site\/deputado-mario-frias-xinga-e-toma-celular-de-jornalista-na-camara\/","name":"Deputado Mario Frias xinga e toma celular de jornalista na C\u00e2mara - PORTAL DE NOT\u00cdCIAS CLEITON PINHEIRO","isPartOf":{"@id":"https:\/\/cleitonpinheiro.com.br\/site\/#website"},"primaryImageOfPage":{"@id":"https:\/\/cleitonpinheiro.com.br\/site\/deputado-mario-frias-xinga-e-toma-celular-de-jornalista-na-camara\/#primaryimage"},"image":{"@id":"https:\/\/cleitonpinheiro.com.br\/site\/deputado-mario-frias-xinga-e-toma-celular-de-jornalista-na-camara\/#primaryimage"},"thumbnailUrl":"https:\/\/cleitonpinheiro.com.br\/site\/wp-content\/uploads\/2023\/05\/Design-sem-nome-2023-05-12T110555-compressed.jpg","datePublished":"2023-05-12T14:11:53+00:00","dateModified":"2023-05-12T14:12:20+00:00","breadcrumb":{"@id":"https:\/\/cleitonpinheiro.com.br\/site\/deputado-mario-frias-xinga-e-toma-celular-de-jornalista-na-camara\/#breadcrumb"},"inLanguage":"pt-BR","potentialAction":[{"@type":"ReadAction","target":["https:\/\/cleitonpinheiro.com.br\/site\/deputado-mario-frias-xinga-e-toma-celular-de-jornalista-na-camara\/"]}]},{"@type":"ImageObject","inLanguage":"pt-BR","@id":"https:\/\/cleitonpinheiro.com.br\/site\/deputado-mario-frias-xinga-e-toma-celular-de-jornalista-na-camara\/#primaryimage","url":"","contentUrl":""},{"@type":"BreadcrumbList","@id":"https:\/\/cleitonpinheiro.com.br\/site\/deputado-mario-frias-xinga-e-toma-celular-de-jornalista-na-camara\/#breadcrumb","itemListElement":[{"@type":"ListItem","position":1,"name":"In\u00edcio","item":"https:\/\/cleitonpinheiro.com.br\/site\/"},{"@type":"ListItem","position":2,"name":"Deputado Mario Frias xinga e toma celular de jornalista na C\u00e2mara"}]},{"@type":"WebSite","@id":"https:\/\/cleitonpinheiro.com.br\/site\/#website","url":"https:\/\/cleitonpinheiro.com.br\/site\/","name":"PORTAL DE NOT\u00cdCIAS CLEITON PINHEIRO","description":"FALANDO A VERDADE","publisher":{"@id":"https:\/\/cleitonpinheiro.com.br\/site\/#organization"},"potentialAction":[{"@type":"SearchAction","target":{"@type":"EntryPoint","urlTemplate":"https:\/\/cleitonpinheiro.com.br\/site\/?s={search_term_string}"},"query-input":{"@type":"PropertyValueSpecification","valueRequired":true,"valueName":"search_term_string"}}],"inLanguage":"pt-BR"},{"@type":"Organization","@id":"https:\/\/cleitonpinheiro.com.br\/site\/#organization","name":"CPNOT\u00cdCIAS","url":"https:\/\/cleitonpinheiro.com.br\/site\/","logo":{"@type":"ImageObject","inLanguage":"pt-BR","@id":"https:\/\/cleitonpinheiro.com.br\/site\/#\/schema\/logo\/image\/","url":"https:\/\/cleitonpinheiro.com.br\/site\/wp-content\/uploads\/2022\/08\/Logo-pequena-2.png","contentUrl":"https:\/\/cleitonpinheiro.com.br\/site\/wp-content\/uploads\/2022\/08\/Logo-pequena-2.png","width":500,"height":500,"caption":"CPNOT\u00cdCIAS"},"image":{"@id":"https:\/\/cleitonpinheiro.com.br\/site\/#\/schema\/logo\/image\/"},"sameAs":["https:\/\/www.facebook.com\/portalcpnoticias\/"]},{"@type":"Person","@id":"https:\/\/cleitonpinheiro.com.br\/site\/#\/schema\/person\/aac6d7f311e80c43042e98a900b03cd8","name":"Dermival Pereira","image":{"@type":"ImageObject","inLanguage":"pt-BR","@id":"https:\/\/cleitonpinheiro.com.br\/site\/#\/schema\/person\/image\/","url":"https:\/\/secure.gravatar.com\/avatar\/cfaebf3742d6bf8db728bcba3eed6bee37b02337a2e6c822994f20ca72a3784d?s=96&r=g","contentUrl":"https:\/\/secure.gravatar.com\/avatar\/cfaebf3742d6bf8db728bcba3eed6bee37b02337a2e6c822994f20ca72a3784d?s=96&r=g","caption":"Dermival Pereira"},"url":"https:\/\/cleitonpinheiro.com.br\/site\/author\/dermival\/"}]}},"views":402,"_links":{"self":[{"href":"https:\/\/cleitonpinheiro.com.br\/site\/wp-json\/wp\/v2\/posts\/71099","targetHints":{"allow":["GET"]}}],"collection":[{"href":"https:\/\/cleitonpinheiro.com.br\/site\/wp-json\/wp\/v2\/posts"}],"about":[{"href":"https:\/\/cleitonpinheiro.com.br\/site\/wp-json\/wp\/v2\/types\/post"}],"author":[{"embeddable":true,"href":"https:\/\/cleitonpinheiro.com.br\/site\/wp-json\/wp\/v2\/users\/4"}],"replies":[{"embeddable":true,"href":"https:\/\/cleitonpinheiro.com.br\/site\/wp-json\/wp\/v2\/comments?post=71099"}],"version-history":[{"count":1,"href":"https:\/\/cleitonpinheiro.com.br\/site\/wp-json\/wp\/v2\/posts\/71099\/revisions"}],"predecessor-version":[{"id":71101,"href":"https:\/\/cleitonpinheiro.com.br\/site\/wp-json\/wp\/v2\/posts\/71099\/revisions\/71101"}],"wp:attachment":[{"href":"https:\/\/cleitonpinheiro.com.br\/site\/wp-json\/wp\/v2\/media?parent=71099"}],"wp:term":[{"taxonomy":"category","embeddable":true,"href":"https:\/\/cleitonpinheiro.com.br\/site\/wp-json\/wp\/v2\/categories?post=71099"},{"taxonomy":"post_tag","embeddable":true,"href":"https:\/\/cleitonpinheiro.com.br\/site\/wp-json\/wp\/v2\/tags?post=71099"}],"curies":[{"name":"wp","href":"https:\/\/api.w.org\/{rel}","templated":true}]}}