{"id":71114,"date":"2023-05-12T15:43:20","date_gmt":"2023-05-12T18:43:20","guid":{"rendered":"https:\/\/cleitonpinheiro.com.br\/site\/?p=71114"},"modified":"2023-05-12T15:43:41","modified_gmt":"2023-05-12T18:43:41","slug":"pgr-gasta-r-900-mil-por-ano-com-vinte-lavadores-de-carro-e-carregadores-de-moveis","status":"publish","type":"post","link":"https:\/\/cleitonpinheiro.com.br\/site\/pgr-gasta-r-900-mil-por-ano-com-vinte-lavadores-de-carro-e-carregadores-de-moveis\/","title":{"rendered":"PGR gasta R$ 900 mil por ano com vinte lavadores de carro e carregadores de m\u00f3veis"},"content":{"rendered":"\n<figure class=\"wp-block-image size-full is-resized\"><img fetchpriority=\"high\" decoding=\"async\" src=\"https:\/\/cleitonpinheiro.com.br\/site\/wp-content\/uploads\/2023\/05\/Design-sem-nome-2023-05-12T154034-compressed.jpg\" alt=\"\" class=\"wp-image-71115\" width=\"1013\" height=\"608\"\/><figcaption class=\"wp-element-caption\">Foto: Poder360<\/figcaption><\/figure>\n\n\n\n<p>A Procuradoria-Geral da Rep\u00fablica (<a href=\"https:\/\/www.terra.com.br\/noticias\/brasil\/politica\/pgr-denuncia-mais-100-radicais-por-atos-golpistas-agora-ja-sao-1037-denunciados,a00f4754032a3ec72d5711be4f22226c1pwtgtca.html\">PGR<\/a>) utiliza um montante de R$ 878 mil por ano para manter quatro funcion\u00e1rios \u00e0 disposi\u00e7\u00e3o exclusiva dos procuradores e subprocuradores. Eles s\u00e3o respons\u00e1veis por realizar a limpeza constante da frota de ve\u00edculos utilizada pelos integrantes do Minist\u00e9rio P\u00fablico, o que inclui um &#8220;lavador de carro oficial&#8221; contratado para o servi\u00e7o.<\/p>\n\n\n\n<p>As informa\u00e7\u00f5es foram divulgadas pelo jornal\u00a0<em>O Estado de S.Paulo<\/em>.\u00a0Segundo a publica\u00e7\u00e3o, a PGR\u00a0 tamb\u00e9m disp\u00f5e de 15 profissionais para a fun\u00e7\u00e3o de &#8220;carregador de m\u00f3veis&#8221;. Todos os funcion\u00e1rios citados t\u00eam um sal\u00e1rio de aproximadamente R$ 3,9 mil.<\/p>\n\n\n\n<p>Os funcion\u00e1rios contratados pela PGR para realizar a lavagem dos carros oficiais t\u00eam uma carga hor\u00e1ria de trabalho de 8 horas por dia, dedicadas exclusivamente a essa atividade. Documenta\u00e7\u00e3o da PGR detalha que os contratados t\u00eam como atribui\u00e7\u00e3o realizar a lavagem externa e limpeza interna dos ve\u00edculos oficiais, compreendendo as atividades de higieniza\u00e7\u00e3o de interiores, polimento de pintura e secagem, quando necess\u00e1rias.<\/p>\n\n\n\n<p>A frota da PGR \u00e9 composta por 80 carros modelo Novo Cruze Sedan.<\/p>\n\n\n\n<h3 class=\"wp-block-heading\"><strong>Regras para contrata\u00e7\u00e3o<\/strong><\/h3>\n\n\n\n<p>O contrato de presta\u00e7\u00e3o de servi\u00e7os terceirizados foi feito atrav\u00e9s de uma empresa privada selecionada por meio de um processo de licita\u00e7\u00e3o. Al\u00e9m das atividades de lavagem de carros e carregamento de m\u00f3veis, o contrato de presta\u00e7\u00e3o de servi\u00e7os terceirizados tamb\u00e9m prev\u00ea que a empresa contratada deve fornecer pessoal para desempenhar outras fun\u00e7\u00f5es administrativas na PGR, como operador de telemarketing, ascensorista e operador de m\u00e1quina copiadora.<\/p>\n\n\n\n<p>A legisla\u00e7\u00e3o vigente determina que a contrata\u00e7\u00e3o de\u00a0lavador de carro oficial requer ensino fundamental completo ou comprovante de\u00a0experi\u00eancia anterior em carteira assinada. A empresa terceirizada respons\u00e1vel por esses servi\u00e7os deve fornecer equipamentos adequados, como aspirador de p\u00f3 e lavadora de alta press\u00e3o, e manter estoque de produtos de limpeza, incluindo um spray &#8220;aromatizante tipo bom-ar&#8221; que n\u00e3o contenha g\u00e1s CFC.<\/p>\n\n\n\n<p>Esses recursos s\u00e3o utilizados para executar o servi\u00e7o de lavagem externa e limpeza interna dos ve\u00edculos oficiais da PGR, que \u00e9 realizado de forma constante pelos contratados.<\/p>\n\n\n\n<h3 class=\"wp-block-heading\"><strong>Ascensoristas<\/strong><\/h3>\n\n\n\n<p>At\u00e9 dezembro do ano passado, as vagas de ascensoristas, com sal\u00e1rio de R$ 3,8 mil mensais, estavam previstas em termos contratuais assinados pela PGR. No entanto, seis vagas foram substitu\u00eddas por postos de auxiliar administrativo a partir de 18 de janeiro de 2023.&nbsp;<\/p>\n\n\n\n<p>Em 2020, a PGR assinou contrato com uma empresa prestadora de servi\u00e7os que oferece m\u00e3o de obra para diversas fun\u00e7\u00f5es, incluindo a de lavadores de carro. Esse contrato j\u00e1 foi renovado tr\u00eas&nbsp;vezes e atualmente est\u00e1 avaliado em R$ 5,9 milh\u00f5es para manter 119 trabalhadores terceirizados na PGR.<\/p>\n\n\n\n<p>A PGR tamb\u00e9m possui funcion\u00e1rios com o cargo de &#8220;carregador de m\u00f3veis&#8221;, com um total de 10 trabalhadores e um custo mensal de R$ 35 mil. Na Procuradoria da Rep\u00fablica no Distrito Federal (PRDF), h\u00e1 cinco funcion\u00e1rios exercendo a mesma fun\u00e7\u00e3o. O contrato com a empresa fornecedora desses profissionais foi assinado em 2020 e tem dura\u00e7\u00e3o at\u00e9 2025.<\/p>\n\n\n\n<h2 class=\"wp-block-heading\"><strong>O que diz a PGR<\/strong><\/h2>\n\n\n\n<p>Ao ser questionada pelo&nbsp;<em>Estad\u00e3o<\/em>, a PGR afirmou que a contrata\u00e7\u00e3o dos lavadores de carros \u00e9 necess\u00e1ria, visto que a institui\u00e7\u00e3o possui uma frota de ve\u00edculos que, assim como qualquer outro bem p\u00fablico, demanda manuten\u00e7\u00e3o e limpeza.<\/p>\n\n\n\n<p>Em rela\u00e7\u00e3o aos carregadores de m\u00f3veis, a contrata\u00e7\u00e3o se justifica pela necessidade de transportar regularmente m\u00f3veis de um ambiente para outro, seja para armazen\u00e1-los em um galp\u00e3o ou para repar\u00e1-los e reutiliz\u00e1-los. Isso ocorre em fun\u00e7\u00e3o das necessidades de uso, ocupa\u00e7\u00e3o de espa\u00e7os e reformas, o que demanda a contrata\u00e7\u00e3o de profissionais para desempenhar essa atividade.<\/p>\n","protected":false},"excerpt":{"rendered":"<p>A Procuradoria-Geral da Rep\u00fablica (PGR) utiliza um montante de R$ 878 mil por ano para manter quatro funcion\u00e1rios \u00e0 disposi\u00e7\u00e3o exclusiva dos procuradores e subprocuradores. Eles s\u00e3o respons\u00e1veis por realizar a limpeza constante da frota de ve\u00edculos utilizada pelos integrantes do Minist\u00e9rio P\u00fablico, o que inclui um &#8220;lavador de carro oficial&#8221; contratado para o servi\u00e7o. [&hellip;]<\/p>\n","protected":false},"author":4,"featured_media":0,"comment_status":"open","ping_status":"open","sticky":false,"template":"","format":"standard","meta":{"_acf_changed":false,"footnotes":""},"categories":[19,898],"tags":[],"class_list":["post-71114","post","type-post","status-publish","format-standard","hentry","category-brasil-mundo","category-manchete-segundaria"],"acf":[],"yoast_head":"<!-- This site is optimized with the Yoast SEO plugin v24.4 - https:\/\/yoast.com\/wordpress\/plugins\/seo\/ -->\n<title>PGR gasta R$ 900 mil por ano com vinte lavadores de carro e carregadores de m\u00f3veis - PORTAL DE NOT\u00cdCIAS CLEITON PINHEIRO<\/title>\n<meta name=\"robots\" content=\"index, follow, max-snippet:-1, max-image-preview:large, max-video-preview:-1\" \/>\n<link rel=\"canonical\" href=\"https:\/\/cleitonpinheiro.com.br\/site\/pgr-gasta-r-900-mil-por-ano-com-vinte-lavadores-de-carro-e-carregadores-de-moveis\/\" \/>\n<meta property=\"og:locale\" content=\"pt_BR\" \/>\n<meta property=\"og:type\" content=\"article\" \/>\n<meta property=\"og:title\" content=\"PGR gasta R$ 900 mil por ano com vinte lavadores de carro e carregadores de m\u00f3veis - PORTAL DE NOT\u00cdCIAS CLEITON PINHEIRO\" \/>\n<meta property=\"og:description\" content=\"A Procuradoria-Geral da Rep\u00fablica (PGR) utiliza um montante de R$ 878 mil por ano para manter quatro funcion\u00e1rios \u00e0 disposi\u00e7\u00e3o exclusiva dos procuradores e subprocuradores. Eles s\u00e3o respons\u00e1veis por realizar a limpeza constante da frota de ve\u00edculos utilizada pelos integrantes do Minist\u00e9rio P\u00fablico, o que inclui um &#8220;lavador de carro oficial&#8221; contratado para o servi\u00e7o. [&hellip;]\" \/>\n<meta property=\"og:url\" content=\"https:\/\/cleitonpinheiro.com.br\/site\/pgr-gasta-r-900-mil-por-ano-com-vinte-lavadores-de-carro-e-carregadores-de-moveis\/\" \/>\n<meta property=\"og:site_name\" content=\"PORTAL DE NOT\u00cdCIAS CLEITON PINHEIRO\" \/>\n<meta property=\"article:publisher\" content=\"https:\/\/www.facebook.com\/portalcpnoticias\/\" \/>\n<meta property=\"article:published_time\" content=\"2023-05-12T18:43:20+00:00\" \/>\n<meta property=\"article:modified_time\" content=\"2023-05-12T18:43:41+00:00\" \/>\n<meta property=\"og:image\" content=\"https:\/\/cleitonpinheiro.com.br\/site\/wp-content\/uploads\/2023\/05\/Design-sem-nome-2023-05-12T154034-compressed.jpg\" \/>\n\t<meta property=\"og:image:width\" content=\"750\" \/>\n\t<meta property=\"og:image:height\" content=\"450\" \/>\n\t<meta property=\"og:image:type\" content=\"image\/jpeg\" \/>\n<meta name=\"author\" content=\"Dermival Pereira\" \/>\n<meta name=\"twitter:card\" content=\"summary_large_image\" \/>\n<meta name=\"twitter:label1\" content=\"Escrito por\" \/>\n\t<meta name=\"twitter:data1\" content=\"Dermival Pereira\" \/>\n\t<meta name=\"twitter:label2\" content=\"Est. tempo de leitura\" \/>\n\t<meta name=\"twitter:data2\" content=\"4 minutos\" \/>\n<script type=\"application\/ld+json\" class=\"yoast-schema-graph\">{\"@context\":\"https:\/\/schema.org\",\"@graph\":[{\"@type\":\"Article\",\"@id\":\"https:\/\/cleitonpinheiro.com.br\/site\/pgr-gasta-r-900-mil-por-ano-com-vinte-lavadores-de-carro-e-carregadores-de-moveis\/#article\",\"isPartOf\":{\"@id\":\"https:\/\/cleitonpinheiro.com.br\/site\/pgr-gasta-r-900-mil-por-ano-com-vinte-lavadores-de-carro-e-carregadores-de-moveis\/\"},\"author\":{\"name\":\"Dermival Pereira\",\"@id\":\"https:\/\/cleitonpinheiro.com.br\/site\/#\/schema\/person\/aac6d7f311e80c43042e98a900b03cd8\"},\"headline\":\"PGR gasta R$ 900 mil por ano com vinte lavadores de carro e carregadores de m\u00f3veis\",\"datePublished\":\"2023-05-12T18:43:20+00:00\",\"dateModified\":\"2023-05-12T18:43:41+00:00\",\"mainEntityOfPage\":{\"@id\":\"https:\/\/cleitonpinheiro.com.br\/site\/pgr-gasta-r-900-mil-por-ano-com-vinte-lavadores-de-carro-e-carregadores-de-moveis\/\"},\"wordCount\":661,\"commentCount\":0,\"publisher\":{\"@id\":\"https:\/\/cleitonpinheiro.com.br\/site\/#organization\"},\"image\":{\"@id\":\"https:\/\/cleitonpinheiro.com.br\/site\/pgr-gasta-r-900-mil-por-ano-com-vinte-lavadores-de-carro-e-carregadores-de-moveis\/#primaryimage\"},\"thumbnailUrl\":\"https:\/\/cleitonpinheiro.com.br\/site\/wp-content\/uploads\/2023\/05\/Design-sem-nome-2023-05-12T154034-compressed.jpg\",\"articleSection\":[\"BRASIL \/ MUNDO\",\"MANCHETE SEGUND\u00c1RIA\"],\"inLanguage\":\"pt-BR\",\"potentialAction\":[{\"@type\":\"CommentAction\",\"name\":\"Comment\",\"target\":[\"https:\/\/cleitonpinheiro.com.br\/site\/pgr-gasta-r-900-mil-por-ano-com-vinte-lavadores-de-carro-e-carregadores-de-moveis\/#respond\"]}]},{\"@type\":\"WebPage\",\"@id\":\"https:\/\/cleitonpinheiro.com.br\/site\/pgr-gasta-r-900-mil-por-ano-com-vinte-lavadores-de-carro-e-carregadores-de-moveis\/\",\"url\":\"https:\/\/cleitonpinheiro.com.br\/site\/pgr-gasta-r-900-mil-por-ano-com-vinte-lavadores-de-carro-e-carregadores-de-moveis\/\",\"name\":\"PGR gasta R$ 900 mil por ano com vinte lavadores de carro e carregadores de m\u00f3veis - PORTAL DE NOT\u00cdCIAS CLEITON PINHEIRO\",\"isPartOf\":{\"@id\":\"https:\/\/cleitonpinheiro.com.br\/site\/#website\"},\"primaryImageOfPage\":{\"@id\":\"https:\/\/cleitonpinheiro.com.br\/site\/pgr-gasta-r-900-mil-por-ano-com-vinte-lavadores-de-carro-e-carregadores-de-moveis\/#primaryimage\"},\"image\":{\"@id\":\"https:\/\/cleitonpinheiro.com.br\/site\/pgr-gasta-r-900-mil-por-ano-com-vinte-lavadores-de-carro-e-carregadores-de-moveis\/#primaryimage\"},\"thumbnailUrl\":\"https:\/\/cleitonpinheiro.com.br\/site\/wp-content\/uploads\/2023\/05\/Design-sem-nome-2023-05-12T154034-compressed.jpg\",\"datePublished\":\"2023-05-12T18:43:20+00:00\",\"dateModified\":\"2023-05-12T18:43:41+00:00\",\"breadcrumb\":{\"@id\":\"https:\/\/cleitonpinheiro.com.br\/site\/pgr-gasta-r-900-mil-por-ano-com-vinte-lavadores-de-carro-e-carregadores-de-moveis\/#breadcrumb\"},\"inLanguage\":\"pt-BR\",\"potentialAction\":[{\"@type\":\"ReadAction\",\"target\":[\"https:\/\/cleitonpinheiro.com.br\/site\/pgr-gasta-r-900-mil-por-ano-com-vinte-lavadores-de-carro-e-carregadores-de-moveis\/\"]}]},{\"@type\":\"ImageObject\",\"inLanguage\":\"pt-BR\",\"@id\":\"https:\/\/cleitonpinheiro.com.br\/site\/pgr-gasta-r-900-mil-por-ano-com-vinte-lavadores-de-carro-e-carregadores-de-moveis\/#primaryimage\",\"url\":\"\",\"contentUrl\":\"\"},{\"@type\":\"BreadcrumbList\",\"@id\":\"https:\/\/cleitonpinheiro.com.br\/site\/pgr-gasta-r-900-mil-por-ano-com-vinte-lavadores-de-carro-e-carregadores-de-moveis\/#breadcrumb\",\"itemListElement\":[{\"@type\":\"ListItem\",\"position\":1,\"name\":\"In\u00edcio\",\"item\":\"https:\/\/cleitonpinheiro.com.br\/site\/\"},{\"@type\":\"ListItem\",\"position\":2,\"name\":\"PGR gasta R$ 900 mil por ano com vinte lavadores de carro e carregadores de m\u00f3veis\"}]},{\"@type\":\"WebSite\",\"@id\":\"https:\/\/cleitonpinheiro.com.br\/site\/#website\",\"url\":\"https:\/\/cleitonpinheiro.com.br\/site\/\",\"name\":\"PORTAL DE NOT\u00cdCIAS CLEITON PINHEIRO\",\"description\":\"FALANDO A VERDADE\",\"publisher\":{\"@id\":\"https:\/\/cleitonpinheiro.com.br\/site\/#organization\"},\"potentialAction\":[{\"@type\":\"SearchAction\",\"target\":{\"@type\":\"EntryPoint\",\"urlTemplate\":\"https:\/\/cleitonpinheiro.com.br\/site\/?s={search_term_string}\"},\"query-input\":{\"@type\":\"PropertyValueSpecification\",\"valueRequired\":true,\"valueName\":\"search_term_string\"}}],\"inLanguage\":\"pt-BR\"},{\"@type\":\"Organization\",\"@id\":\"https:\/\/cleitonpinheiro.com.br\/site\/#organization\",\"name\":\"CPNOT\u00cdCIAS\",\"url\":\"https:\/\/cleitonpinheiro.com.br\/site\/\",\"logo\":{\"@type\":\"ImageObject\",\"inLanguage\":\"pt-BR\",\"@id\":\"https:\/\/cleitonpinheiro.com.br\/site\/#\/schema\/logo\/image\/\",\"url\":\"https:\/\/cleitonpinheiro.com.br\/site\/wp-content\/uploads\/2022\/08\/Logo-pequena-2.png\",\"contentUrl\":\"https:\/\/cleitonpinheiro.com.br\/site\/wp-content\/uploads\/2022\/08\/Logo-pequena-2.png\",\"width\":500,\"height\":500,\"caption\":\"CPNOT\u00cdCIAS\"},\"image\":{\"@id\":\"https:\/\/cleitonpinheiro.com.br\/site\/#\/schema\/logo\/image\/\"},\"sameAs\":[\"https:\/\/www.facebook.com\/portalcpnoticias\/\"]},{\"@type\":\"Person\",\"@id\":\"https:\/\/cleitonpinheiro.com.br\/site\/#\/schema\/person\/aac6d7f311e80c43042e98a900b03cd8\",\"name\":\"Dermival Pereira\",\"image\":{\"@type\":\"ImageObject\",\"inLanguage\":\"pt-BR\",\"@id\":\"https:\/\/cleitonpinheiro.com.br\/site\/#\/schema\/person\/image\/\",\"url\":\"https:\/\/secure.gravatar.com\/avatar\/cfaebf3742d6bf8db728bcba3eed6bee37b02337a2e6c822994f20ca72a3784d?s=96&r=g\",\"contentUrl\":\"https:\/\/secure.gravatar.com\/avatar\/cfaebf3742d6bf8db728bcba3eed6bee37b02337a2e6c822994f20ca72a3784d?s=96&r=g\",\"caption\":\"Dermival Pereira\"},\"url\":\"https:\/\/cleitonpinheiro.com.br\/site\/author\/dermival\/\"}]}<\/script>\n<!-- \/ Yoast SEO plugin. -->","yoast_head_json":{"title":"PGR gasta R$ 900 mil por ano com vinte lavadores de carro e carregadores de m\u00f3veis - PORTAL DE NOT\u00cdCIAS CLEITON PINHEIRO","robots":{"index":"index","follow":"follow","max-snippet":"max-snippet:-1","max-image-preview":"max-image-preview:large","max-video-preview":"max-video-preview:-1"},"canonical":"https:\/\/cleitonpinheiro.com.br\/site\/pgr-gasta-r-900-mil-por-ano-com-vinte-lavadores-de-carro-e-carregadores-de-moveis\/","og_locale":"pt_BR","og_type":"article","og_title":"PGR gasta R$ 900 mil por ano com vinte lavadores de carro e carregadores de m\u00f3veis - PORTAL DE NOT\u00cdCIAS CLEITON PINHEIRO","og_description":"A Procuradoria-Geral da Rep\u00fablica (PGR) utiliza um montante de R$ 878 mil por ano para manter quatro funcion\u00e1rios \u00e0 disposi\u00e7\u00e3o exclusiva dos procuradores e subprocuradores. Eles s\u00e3o respons\u00e1veis por realizar a limpeza constante da frota de ve\u00edculos utilizada pelos integrantes do Minist\u00e9rio P\u00fablico, o que inclui um &#8220;lavador de carro oficial&#8221; contratado para o servi\u00e7o. [&hellip;]","og_url":"https:\/\/cleitonpinheiro.com.br\/site\/pgr-gasta-r-900-mil-por-ano-com-vinte-lavadores-de-carro-e-carregadores-de-moveis\/","og_site_name":"PORTAL DE NOT\u00cdCIAS CLEITON PINHEIRO","article_publisher":"https:\/\/www.facebook.com\/portalcpnoticias\/","article_published_time":"2023-05-12T18:43:20+00:00","article_modified_time":"2023-05-12T18:43:41+00:00","og_image":[{"width":750,"height":450,"url":"https:\/\/cleitonpinheiro.com.br\/site\/wp-content\/uploads\/2023\/05\/Design-sem-nome-2023-05-12T154034-compressed.jpg","type":"image\/jpeg"}],"author":"Dermival Pereira","twitter_card":"summary_large_image","twitter_misc":{"Escrito por":"Dermival Pereira","Est. tempo de leitura":"4 minutos"},"schema":{"@context":"https:\/\/schema.org","@graph":[{"@type":"Article","@id":"https:\/\/cleitonpinheiro.com.br\/site\/pgr-gasta-r-900-mil-por-ano-com-vinte-lavadores-de-carro-e-carregadores-de-moveis\/#article","isPartOf":{"@id":"https:\/\/cleitonpinheiro.com.br\/site\/pgr-gasta-r-900-mil-por-ano-com-vinte-lavadores-de-carro-e-carregadores-de-moveis\/"},"author":{"name":"Dermival Pereira","@id":"https:\/\/cleitonpinheiro.com.br\/site\/#\/schema\/person\/aac6d7f311e80c43042e98a900b03cd8"},"headline":"PGR gasta R$ 900 mil por ano com vinte lavadores de carro e carregadores de m\u00f3veis","datePublished":"2023-05-12T18:43:20+00:00","dateModified":"2023-05-12T18:43:41+00:00","mainEntityOfPage":{"@id":"https:\/\/cleitonpinheiro.com.br\/site\/pgr-gasta-r-900-mil-por-ano-com-vinte-lavadores-de-carro-e-carregadores-de-moveis\/"},"wordCount":661,"commentCount":0,"publisher":{"@id":"https:\/\/cleitonpinheiro.com.br\/site\/#organization"},"image":{"@id":"https:\/\/cleitonpinheiro.com.br\/site\/pgr-gasta-r-900-mil-por-ano-com-vinte-lavadores-de-carro-e-carregadores-de-moveis\/#primaryimage"},"thumbnailUrl":"https:\/\/cleitonpinheiro.com.br\/site\/wp-content\/uploads\/2023\/05\/Design-sem-nome-2023-05-12T154034-compressed.jpg","articleSection":["BRASIL \/ MUNDO","MANCHETE SEGUND\u00c1RIA"],"inLanguage":"pt-BR","potentialAction":[{"@type":"CommentAction","name":"Comment","target":["https:\/\/cleitonpinheiro.com.br\/site\/pgr-gasta-r-900-mil-por-ano-com-vinte-lavadores-de-carro-e-carregadores-de-moveis\/#respond"]}]},{"@type":"WebPage","@id":"https:\/\/cleitonpinheiro.com.br\/site\/pgr-gasta-r-900-mil-por-ano-com-vinte-lavadores-de-carro-e-carregadores-de-moveis\/","url":"https:\/\/cleitonpinheiro.com.br\/site\/pgr-gasta-r-900-mil-por-ano-com-vinte-lavadores-de-carro-e-carregadores-de-moveis\/","name":"PGR gasta R$ 900 mil por ano com vinte lavadores de carro e carregadores de m\u00f3veis - PORTAL DE NOT\u00cdCIAS CLEITON PINHEIRO","isPartOf":{"@id":"https:\/\/cleitonpinheiro.com.br\/site\/#website"},"primaryImageOfPage":{"@id":"https:\/\/cleitonpinheiro.com.br\/site\/pgr-gasta-r-900-mil-por-ano-com-vinte-lavadores-de-carro-e-carregadores-de-moveis\/#primaryimage"},"image":{"@id":"https:\/\/cleitonpinheiro.com.br\/site\/pgr-gasta-r-900-mil-por-ano-com-vinte-lavadores-de-carro-e-carregadores-de-moveis\/#primaryimage"},"thumbnailUrl":"https:\/\/cleitonpinheiro.com.br\/site\/wp-content\/uploads\/2023\/05\/Design-sem-nome-2023-05-12T154034-compressed.jpg","datePublished":"2023-05-12T18:43:20+00:00","dateModified":"2023-05-12T18:43:41+00:00","breadcrumb":{"@id":"https:\/\/cleitonpinheiro.com.br\/site\/pgr-gasta-r-900-mil-por-ano-com-vinte-lavadores-de-carro-e-carregadores-de-moveis\/#breadcrumb"},"inLanguage":"pt-BR","potentialAction":[{"@type":"ReadAction","target":["https:\/\/cleitonpinheiro.com.br\/site\/pgr-gasta-r-900-mil-por-ano-com-vinte-lavadores-de-carro-e-carregadores-de-moveis\/"]}]},{"@type":"ImageObject","inLanguage":"pt-BR","@id":"https:\/\/cleitonpinheiro.com.br\/site\/pgr-gasta-r-900-mil-por-ano-com-vinte-lavadores-de-carro-e-carregadores-de-moveis\/#primaryimage","url":"","contentUrl":""},{"@type":"BreadcrumbList","@id":"https:\/\/cleitonpinheiro.com.br\/site\/pgr-gasta-r-900-mil-por-ano-com-vinte-lavadores-de-carro-e-carregadores-de-moveis\/#breadcrumb","itemListElement":[{"@type":"ListItem","position":1,"name":"In\u00edcio","item":"https:\/\/cleitonpinheiro.com.br\/site\/"},{"@type":"ListItem","position":2,"name":"PGR gasta R$ 900 mil por ano com vinte lavadores de carro e carregadores de m\u00f3veis"}]},{"@type":"WebSite","@id":"https:\/\/cleitonpinheiro.com.br\/site\/#website","url":"https:\/\/cleitonpinheiro.com.br\/site\/","name":"PORTAL DE NOT\u00cdCIAS CLEITON PINHEIRO","description":"FALANDO A VERDADE","publisher":{"@id":"https:\/\/cleitonpinheiro.com.br\/site\/#organization"},"potentialAction":[{"@type":"SearchAction","target":{"@type":"EntryPoint","urlTemplate":"https:\/\/cleitonpinheiro.com.br\/site\/?s={search_term_string}"},"query-input":{"@type":"PropertyValueSpecification","valueRequired":true,"valueName":"search_term_string"}}],"inLanguage":"pt-BR"},{"@type":"Organization","@id":"https:\/\/cleitonpinheiro.com.br\/site\/#organization","name":"CPNOT\u00cdCIAS","url":"https:\/\/cleitonpinheiro.com.br\/site\/","logo":{"@type":"ImageObject","inLanguage":"pt-BR","@id":"https:\/\/cleitonpinheiro.com.br\/site\/#\/schema\/logo\/image\/","url":"https:\/\/cleitonpinheiro.com.br\/site\/wp-content\/uploads\/2022\/08\/Logo-pequena-2.png","contentUrl":"https:\/\/cleitonpinheiro.com.br\/site\/wp-content\/uploads\/2022\/08\/Logo-pequena-2.png","width":500,"height":500,"caption":"CPNOT\u00cdCIAS"},"image":{"@id":"https:\/\/cleitonpinheiro.com.br\/site\/#\/schema\/logo\/image\/"},"sameAs":["https:\/\/www.facebook.com\/portalcpnoticias\/"]},{"@type":"Person","@id":"https:\/\/cleitonpinheiro.com.br\/site\/#\/schema\/person\/aac6d7f311e80c43042e98a900b03cd8","name":"Dermival Pereira","image":{"@type":"ImageObject","inLanguage":"pt-BR","@id":"https:\/\/cleitonpinheiro.com.br\/site\/#\/schema\/person\/image\/","url":"https:\/\/secure.gravatar.com\/avatar\/cfaebf3742d6bf8db728bcba3eed6bee37b02337a2e6c822994f20ca72a3784d?s=96&r=g","contentUrl":"https:\/\/secure.gravatar.com\/avatar\/cfaebf3742d6bf8db728bcba3eed6bee37b02337a2e6c822994f20ca72a3784d?s=96&r=g","caption":"Dermival Pereira"},"url":"https:\/\/cleitonpinheiro.com.br\/site\/author\/dermival\/"}]}},"views":240,"_links":{"self":[{"href":"https:\/\/cleitonpinheiro.com.br\/site\/wp-json\/wp\/v2\/posts\/71114","targetHints":{"allow":["GET"]}}],"collection":[{"href":"https:\/\/cleitonpinheiro.com.br\/site\/wp-json\/wp\/v2\/posts"}],"about":[{"href":"https:\/\/cleitonpinheiro.com.br\/site\/wp-json\/wp\/v2\/types\/post"}],"author":[{"embeddable":true,"href":"https:\/\/cleitonpinheiro.com.br\/site\/wp-json\/wp\/v2\/users\/4"}],"replies":[{"embeddable":true,"href":"https:\/\/cleitonpinheiro.com.br\/site\/wp-json\/wp\/v2\/comments?post=71114"}],"version-history":[{"count":2,"href":"https:\/\/cleitonpinheiro.com.br\/site\/wp-json\/wp\/v2\/posts\/71114\/revisions"}],"predecessor-version":[{"id":71117,"href":"https:\/\/cleitonpinheiro.com.br\/site\/wp-json\/wp\/v2\/posts\/71114\/revisions\/71117"}],"wp:attachment":[{"href":"https:\/\/cleitonpinheiro.com.br\/site\/wp-json\/wp\/v2\/media?parent=71114"}],"wp:term":[{"taxonomy":"category","embeddable":true,"href":"https:\/\/cleitonpinheiro.com.br\/site\/wp-json\/wp\/v2\/categories?post=71114"},{"taxonomy":"post_tag","embeddable":true,"href":"https:\/\/cleitonpinheiro.com.br\/site\/wp-json\/wp\/v2\/tags?post=71114"}],"curies":[{"name":"wp","href":"https:\/\/api.w.org\/{rel}","templated":true}]}}