{"id":71123,"date":"2023-05-18T11:32:27","date_gmt":"2023-05-18T14:32:27","guid":{"rendered":"https:\/\/cleitonpinheiro.com.br\/site\/?p=71123"},"modified":"2023-05-18T15:29:24","modified_gmt":"2023-05-18T18:29:24","slug":"taxa-de-desemprego-sobe-em-15-estados-e-no-distrito-federal-e-vai-a-88-no-1o-trimestre","status":"publish","type":"post","link":"https:\/\/cleitonpinheiro.com.br\/site\/taxa-de-desemprego-sobe-em-15-estados-e-no-distrito-federal-e-vai-a-88-no-1o-trimestre\/","title":{"rendered":"Taxa de desemprego sobe em 15 Estados e no Distrito Federal e vai a 8,8% no 1\u00ba trimestre"},"content":{"rendered":"\n<figure class=\"wp-block-image size-full is-resized\"><img fetchpriority=\"high\" decoding=\"async\" src=\"https:\/\/cleitonpinheiro.com.br\/site\/wp-content\/uploads\/2023\/05\/Design-sem-nome-compressed.jpg\" alt=\"\" class=\"wp-image-71124\" width=\"1113\" height=\"668\"\/><figcaption class=\"wp-element-caption\">Foto: Marcello Casal Jr\/Ag\u00eancia Brasil \/ Estad\u00e3o<\/figcaption><\/figure>\n\n\n\n<p>A taxa de\u00a0<strong>desemprego\u00a0<\/strong>registrou um crescimento no\u00a0<strong>Brasil\u00a0<\/strong>no trimestre encerrado em mar\u00e7o. Segundo dados divulgados nesta quinta-feira, 18, pelo\u00a0<strong>IBGE<\/strong>, o n\u00famero chegou a 8,8%, um aumento de 0,9 ponto porcentual em rela\u00e7\u00e3o ao fim do ano passado, quando ficou em 7,9%. <em>As inforam\u00e7\u00f5es s\u00e3o do Portal Terra.<\/em><\/p>\n\n\n\n<p>De acordo com o instituto, em rela\u00e7\u00e3o ao trimestre encerrado em dezembro, o desemprego aumentou em 15 Estados e no\u00a0<strong>Distrito Federal<\/strong>, mantendo-se est\u00e1vel nas outras 11 unidades da federa\u00e7\u00e3o.<\/p>\n\n\n\n<p>As maiores taxas de desocupa\u00e7\u00e3o, de acordo com o IBGE, foram da&nbsp;<strong>Bahia&nbsp;<\/strong>(14,4%),&nbsp;<strong>Pernambuco&nbsp;<\/strong>(14,1%) e&nbsp;<strong>Amap\u00e1&nbsp;<\/strong>(12,2%), e as menores, de&nbsp;<strong>Rond\u00f4nia&nbsp;<\/strong>(3,2%),&nbsp;<strong>Santa Catarina<\/strong>&nbsp;(3,8%) e&nbsp;<strong>Mato Grosso<\/strong>&nbsp;(4,5%).<\/p>\n\n\n\n<p>Os dados mostram ainda que, no primeiro trimestre do ano, havia 2,2 milh\u00f5es de pessoas que procuravam trabalho durante dois anos ou mais. Esse contingente se reduziu em 35,3% frente ao \u00faltimo trimestre de 2022, quando 3,5 milh\u00f5es de pessoas buscavam trabalho por dois anos ou mais, diz a nota do IBGE.<\/p>\n\n\n\n<p>A taxa de informalidade para o Brasil foi de 39% da popula\u00e7\u00e3o ocupada. As maiores taxas ficaram com&nbsp;<strong>Par\u00e1&nbsp;<\/strong>(59,6%),&nbsp;<strong>Amazonas&nbsp;<\/strong>(57,2%) e&nbsp;<strong>Maranh\u00e3o&nbsp;<\/strong>(56,5%) e as menores, com Santa Catarina (26,1%), Distrito Federal (30,3%) e<strong>&nbsp;S\u00e3o Paulo<\/strong>&nbsp;(30,6%).<\/p>\n\n\n\n<p>Segundo os dados do IBGE, o rendimento m\u00e9dio real mensal habitual foi de R$ 2.880, ficando est\u00e1vel frente ao quarto trimestre de 2022 (R$ 2.861) e crescendo ante o mesmo trimestre de 2022 (R$ 2.682). No trimestre, todas as regi\u00f5es apresentaram estabilidade, com exce\u00e7\u00e3o do Nordeste (R$ 1.979), onde houve aumento. Na compara\u00e7\u00e3o anual, houve expans\u00e3o em todas as regi\u00f5es. <\/p>\n\n\n\n<p><\/p>\n","protected":false},"excerpt":{"rendered":"<p>A taxa de\u00a0desemprego\u00a0registrou um crescimento no\u00a0Brasil\u00a0no trimestre encerrado em mar\u00e7o. Segundo dados divulgados nesta quinta-feira, 18, pelo\u00a0IBGE, o n\u00famero chegou a 8,8%, um aumento de 0,9 ponto porcentual em rela\u00e7\u00e3o ao fim do ano passado, quando ficou em 7,9%. As inforam\u00e7\u00f5es s\u00e3o do Portal Terra. De acordo com o instituto, em rela\u00e7\u00e3o ao trimestre encerrado [&hellip;]<\/p>\n","protected":false},"author":9,"featured_media":0,"comment_status":"open","ping_status":"open","sticky":false,"template":"","format":"standard","meta":{"_acf_changed":false,"footnotes":""},"categories":[19,898],"tags":[],"class_list":["post-71123","post","type-post","status-publish","format-standard","hentry","category-brasil-mundo","category-manchete-segundaria"],"acf":[],"yoast_head":"<!-- This site is optimized with the Yoast SEO plugin v24.4 - https:\/\/yoast.com\/wordpress\/plugins\/seo\/ -->\n<title>Taxa de desemprego sobe em 15 Estados e no Distrito Federal e vai a 8,8% no 1\u00ba trimestre - PORTAL DE NOT\u00cdCIAS CLEITON PINHEIRO<\/title>\n<meta name=\"robots\" content=\"index, follow, max-snippet:-1, max-image-preview:large, max-video-preview:-1\" \/>\n<link rel=\"canonical\" href=\"https:\/\/cleitonpinheiro.com.br\/site\/taxa-de-desemprego-sobe-em-15-estados-e-no-distrito-federal-e-vai-a-88-no-1o-trimestre\/\" \/>\n<meta property=\"og:locale\" content=\"pt_BR\" \/>\n<meta property=\"og:type\" content=\"article\" \/>\n<meta property=\"og:title\" content=\"Taxa de desemprego sobe em 15 Estados e no Distrito Federal e vai a 8,8% no 1\u00ba trimestre - PORTAL DE NOT\u00cdCIAS CLEITON PINHEIRO\" \/>\n<meta property=\"og:description\" content=\"A taxa de\u00a0desemprego\u00a0registrou um crescimento no\u00a0Brasil\u00a0no trimestre encerrado em mar\u00e7o. Segundo dados divulgados nesta quinta-feira, 18, pelo\u00a0IBGE, o n\u00famero chegou a 8,8%, um aumento de 0,9 ponto porcentual em rela\u00e7\u00e3o ao fim do ano passado, quando ficou em 7,9%. As inforam\u00e7\u00f5es s\u00e3o do Portal Terra. De acordo com o instituto, em rela\u00e7\u00e3o ao trimestre encerrado [&hellip;]\" \/>\n<meta property=\"og:url\" content=\"https:\/\/cleitonpinheiro.com.br\/site\/taxa-de-desemprego-sobe-em-15-estados-e-no-distrito-federal-e-vai-a-88-no-1o-trimestre\/\" \/>\n<meta property=\"og:site_name\" content=\"PORTAL DE NOT\u00cdCIAS CLEITON PINHEIRO\" \/>\n<meta property=\"article:publisher\" content=\"https:\/\/www.facebook.com\/portalcpnoticias\/\" \/>\n<meta property=\"article:published_time\" content=\"2023-05-18T14:32:27+00:00\" \/>\n<meta property=\"article:modified_time\" content=\"2023-05-18T18:29:24+00:00\" \/>\n<meta property=\"og:image\" content=\"https:\/\/cleitonpinheiro.com.br\/site\/wp-content\/uploads\/2023\/05\/Design-sem-nome-compressed.jpg\" \/>\n\t<meta property=\"og:image:width\" content=\"750\" \/>\n\t<meta property=\"og:image:height\" content=\"450\" \/>\n\t<meta property=\"og:image:type\" content=\"image\/jpeg\" \/>\n<meta name=\"author\" content=\"RGF Sistemas\" \/>\n<meta name=\"twitter:card\" content=\"summary_large_image\" \/>\n<meta name=\"twitter:label1\" content=\"Escrito por\" \/>\n\t<meta name=\"twitter:data1\" content=\"RGF Sistemas\" \/>\n\t<meta name=\"twitter:label2\" content=\"Est. tempo de leitura\" \/>\n\t<meta name=\"twitter:data2\" content=\"2 minutos\" \/>\n<script type=\"application\/ld+json\" class=\"yoast-schema-graph\">{\"@context\":\"https:\/\/schema.org\",\"@graph\":[{\"@type\":\"Article\",\"@id\":\"https:\/\/cleitonpinheiro.com.br\/site\/taxa-de-desemprego-sobe-em-15-estados-e-no-distrito-federal-e-vai-a-88-no-1o-trimestre\/#article\",\"isPartOf\":{\"@id\":\"https:\/\/cleitonpinheiro.com.br\/site\/taxa-de-desemprego-sobe-em-15-estados-e-no-distrito-federal-e-vai-a-88-no-1o-trimestre\/\"},\"author\":{\"name\":\"RGF Sistemas\",\"@id\":\"https:\/\/cleitonpinheiro.com.br\/site\/#\/schema\/person\/b7621891c193194dd412fdc1ff9b2b41\"},\"headline\":\"Taxa de desemprego sobe em 15 Estados e no Distrito Federal e vai a 8,8% no 1\u00ba trimestre\",\"datePublished\":\"2023-05-18T14:32:27+00:00\",\"dateModified\":\"2023-05-18T18:29:24+00:00\",\"mainEntityOfPage\":{\"@id\":\"https:\/\/cleitonpinheiro.com.br\/site\/taxa-de-desemprego-sobe-em-15-estados-e-no-distrito-federal-e-vai-a-88-no-1o-trimestre\/\"},\"wordCount\":300,\"commentCount\":0,\"publisher\":{\"@id\":\"https:\/\/cleitonpinheiro.com.br\/site\/#organization\"},\"image\":{\"@id\":\"https:\/\/cleitonpinheiro.com.br\/site\/taxa-de-desemprego-sobe-em-15-estados-e-no-distrito-federal-e-vai-a-88-no-1o-trimestre\/#primaryimage\"},\"thumbnailUrl\":\"https:\/\/cleitonpinheiro.com.br\/site\/wp-content\/uploads\/2023\/05\/Design-sem-nome-compressed.jpg\",\"articleSection\":[\"BRASIL \/ MUNDO\",\"MANCHETE SEGUND\u00c1RIA\"],\"inLanguage\":\"pt-BR\",\"potentialAction\":[{\"@type\":\"CommentAction\",\"name\":\"Comment\",\"target\":[\"https:\/\/cleitonpinheiro.com.br\/site\/taxa-de-desemprego-sobe-em-15-estados-e-no-distrito-federal-e-vai-a-88-no-1o-trimestre\/#respond\"]}]},{\"@type\":\"WebPage\",\"@id\":\"https:\/\/cleitonpinheiro.com.br\/site\/taxa-de-desemprego-sobe-em-15-estados-e-no-distrito-federal-e-vai-a-88-no-1o-trimestre\/\",\"url\":\"https:\/\/cleitonpinheiro.com.br\/site\/taxa-de-desemprego-sobe-em-15-estados-e-no-distrito-federal-e-vai-a-88-no-1o-trimestre\/\",\"name\":\"Taxa de desemprego sobe em 15 Estados e no Distrito Federal e vai a 8,8% no 1\u00ba trimestre - PORTAL DE NOT\u00cdCIAS CLEITON PINHEIRO\",\"isPartOf\":{\"@id\":\"https:\/\/cleitonpinheiro.com.br\/site\/#website\"},\"primaryImageOfPage\":{\"@id\":\"https:\/\/cleitonpinheiro.com.br\/site\/taxa-de-desemprego-sobe-em-15-estados-e-no-distrito-federal-e-vai-a-88-no-1o-trimestre\/#primaryimage\"},\"image\":{\"@id\":\"https:\/\/cleitonpinheiro.com.br\/site\/taxa-de-desemprego-sobe-em-15-estados-e-no-distrito-federal-e-vai-a-88-no-1o-trimestre\/#primaryimage\"},\"thumbnailUrl\":\"https:\/\/cleitonpinheiro.com.br\/site\/wp-content\/uploads\/2023\/05\/Design-sem-nome-compressed.jpg\",\"datePublished\":\"2023-05-18T14:32:27+00:00\",\"dateModified\":\"2023-05-18T18:29:24+00:00\",\"breadcrumb\":{\"@id\":\"https:\/\/cleitonpinheiro.com.br\/site\/taxa-de-desemprego-sobe-em-15-estados-e-no-distrito-federal-e-vai-a-88-no-1o-trimestre\/#breadcrumb\"},\"inLanguage\":\"pt-BR\",\"potentialAction\":[{\"@type\":\"ReadAction\",\"target\":[\"https:\/\/cleitonpinheiro.com.br\/site\/taxa-de-desemprego-sobe-em-15-estados-e-no-distrito-federal-e-vai-a-88-no-1o-trimestre\/\"]}]},{\"@type\":\"ImageObject\",\"inLanguage\":\"pt-BR\",\"@id\":\"https:\/\/cleitonpinheiro.com.br\/site\/taxa-de-desemprego-sobe-em-15-estados-e-no-distrito-federal-e-vai-a-88-no-1o-trimestre\/#primaryimage\",\"url\":\"\",\"contentUrl\":\"\"},{\"@type\":\"BreadcrumbList\",\"@id\":\"https:\/\/cleitonpinheiro.com.br\/site\/taxa-de-desemprego-sobe-em-15-estados-e-no-distrito-federal-e-vai-a-88-no-1o-trimestre\/#breadcrumb\",\"itemListElement\":[{\"@type\":\"ListItem\",\"position\":1,\"name\":\"In\u00edcio\",\"item\":\"https:\/\/cleitonpinheiro.com.br\/site\/\"},{\"@type\":\"ListItem\",\"position\":2,\"name\":\"Taxa de desemprego sobe em 15 Estados e no Distrito Federal e vai a 8,8% no 1\u00ba trimestre\"}]},{\"@type\":\"WebSite\",\"@id\":\"https:\/\/cleitonpinheiro.com.br\/site\/#website\",\"url\":\"https:\/\/cleitonpinheiro.com.br\/site\/\",\"name\":\"PORTAL DE NOT\u00cdCIAS CLEITON PINHEIRO\",\"description\":\"FALANDO A VERDADE\",\"publisher\":{\"@id\":\"https:\/\/cleitonpinheiro.com.br\/site\/#organization\"},\"potentialAction\":[{\"@type\":\"SearchAction\",\"target\":{\"@type\":\"EntryPoint\",\"urlTemplate\":\"https:\/\/cleitonpinheiro.com.br\/site\/?s={search_term_string}\"},\"query-input\":{\"@type\":\"PropertyValueSpecification\",\"valueRequired\":true,\"valueName\":\"search_term_string\"}}],\"inLanguage\":\"pt-BR\"},{\"@type\":\"Organization\",\"@id\":\"https:\/\/cleitonpinheiro.com.br\/site\/#organization\",\"name\":\"CPNOT\u00cdCIAS\",\"url\":\"https:\/\/cleitonpinheiro.com.br\/site\/\",\"logo\":{\"@type\":\"ImageObject\",\"inLanguage\":\"pt-BR\",\"@id\":\"https:\/\/cleitonpinheiro.com.br\/site\/#\/schema\/logo\/image\/\",\"url\":\"https:\/\/cleitonpinheiro.com.br\/site\/wp-content\/uploads\/2022\/08\/Logo-pequena-2.png\",\"contentUrl\":\"https:\/\/cleitonpinheiro.com.br\/site\/wp-content\/uploads\/2022\/08\/Logo-pequena-2.png\",\"width\":500,\"height\":500,\"caption\":\"CPNOT\u00cdCIAS\"},\"image\":{\"@id\":\"https:\/\/cleitonpinheiro.com.br\/site\/#\/schema\/logo\/image\/\"},\"sameAs\":[\"https:\/\/www.facebook.com\/portalcpnoticias\/\"]},{\"@type\":\"Person\",\"@id\":\"https:\/\/cleitonpinheiro.com.br\/site\/#\/schema\/person\/b7621891c193194dd412fdc1ff9b2b41\",\"name\":\"RGF Sistemas\",\"image\":{\"@type\":\"ImageObject\",\"inLanguage\":\"pt-BR\",\"@id\":\"https:\/\/cleitonpinheiro.com.br\/site\/#\/schema\/person\/image\/\",\"url\":\"https:\/\/secure.gravatar.com\/avatar\/59e110c11e5eecf4636340abed101b4cddb70ca9f64acab0fe8863bcc0a66b2d?s=96&r=g\",\"contentUrl\":\"https:\/\/secure.gravatar.com\/avatar\/59e110c11e5eecf4636340abed101b4cddb70ca9f64acab0fe8863bcc0a66b2d?s=96&r=g\",\"caption\":\"RGF Sistemas\"},\"url\":\"https:\/\/cleitonpinheiro.com.br\/site\/author\/rgfsite\/\"}]}<\/script>\n<!-- \/ Yoast SEO plugin. -->","yoast_head_json":{"title":"Taxa de desemprego sobe em 15 Estados e no Distrito Federal e vai a 8,8% no 1\u00ba trimestre - PORTAL DE NOT\u00cdCIAS CLEITON PINHEIRO","robots":{"index":"index","follow":"follow","max-snippet":"max-snippet:-1","max-image-preview":"max-image-preview:large","max-video-preview":"max-video-preview:-1"},"canonical":"https:\/\/cleitonpinheiro.com.br\/site\/taxa-de-desemprego-sobe-em-15-estados-e-no-distrito-federal-e-vai-a-88-no-1o-trimestre\/","og_locale":"pt_BR","og_type":"article","og_title":"Taxa de desemprego sobe em 15 Estados e no Distrito Federal e vai a 8,8% no 1\u00ba trimestre - PORTAL DE NOT\u00cdCIAS CLEITON PINHEIRO","og_description":"A taxa de\u00a0desemprego\u00a0registrou um crescimento no\u00a0Brasil\u00a0no trimestre encerrado em mar\u00e7o. Segundo dados divulgados nesta quinta-feira, 18, pelo\u00a0IBGE, o n\u00famero chegou a 8,8%, um aumento de 0,9 ponto porcentual em rela\u00e7\u00e3o ao fim do ano passado, quando ficou em 7,9%. As inforam\u00e7\u00f5es s\u00e3o do Portal Terra. De acordo com o instituto, em rela\u00e7\u00e3o ao trimestre encerrado [&hellip;]","og_url":"https:\/\/cleitonpinheiro.com.br\/site\/taxa-de-desemprego-sobe-em-15-estados-e-no-distrito-federal-e-vai-a-88-no-1o-trimestre\/","og_site_name":"PORTAL DE NOT\u00cdCIAS CLEITON PINHEIRO","article_publisher":"https:\/\/www.facebook.com\/portalcpnoticias\/","article_published_time":"2023-05-18T14:32:27+00:00","article_modified_time":"2023-05-18T18:29:24+00:00","og_image":[{"width":750,"height":450,"url":"https:\/\/cleitonpinheiro.com.br\/site\/wp-content\/uploads\/2023\/05\/Design-sem-nome-compressed.jpg","type":"image\/jpeg"}],"author":"RGF Sistemas","twitter_card":"summary_large_image","twitter_misc":{"Escrito por":"RGF Sistemas","Est. tempo de leitura":"2 minutos"},"schema":{"@context":"https:\/\/schema.org","@graph":[{"@type":"Article","@id":"https:\/\/cleitonpinheiro.com.br\/site\/taxa-de-desemprego-sobe-em-15-estados-e-no-distrito-federal-e-vai-a-88-no-1o-trimestre\/#article","isPartOf":{"@id":"https:\/\/cleitonpinheiro.com.br\/site\/taxa-de-desemprego-sobe-em-15-estados-e-no-distrito-federal-e-vai-a-88-no-1o-trimestre\/"},"author":{"name":"RGF Sistemas","@id":"https:\/\/cleitonpinheiro.com.br\/site\/#\/schema\/person\/b7621891c193194dd412fdc1ff9b2b41"},"headline":"Taxa de desemprego sobe em 15 Estados e no Distrito Federal e vai a 8,8% no 1\u00ba trimestre","datePublished":"2023-05-18T14:32:27+00:00","dateModified":"2023-05-18T18:29:24+00:00","mainEntityOfPage":{"@id":"https:\/\/cleitonpinheiro.com.br\/site\/taxa-de-desemprego-sobe-em-15-estados-e-no-distrito-federal-e-vai-a-88-no-1o-trimestre\/"},"wordCount":300,"commentCount":0,"publisher":{"@id":"https:\/\/cleitonpinheiro.com.br\/site\/#organization"},"image":{"@id":"https:\/\/cleitonpinheiro.com.br\/site\/taxa-de-desemprego-sobe-em-15-estados-e-no-distrito-federal-e-vai-a-88-no-1o-trimestre\/#primaryimage"},"thumbnailUrl":"https:\/\/cleitonpinheiro.com.br\/site\/wp-content\/uploads\/2023\/05\/Design-sem-nome-compressed.jpg","articleSection":["BRASIL \/ MUNDO","MANCHETE SEGUND\u00c1RIA"],"inLanguage":"pt-BR","potentialAction":[{"@type":"CommentAction","name":"Comment","target":["https:\/\/cleitonpinheiro.com.br\/site\/taxa-de-desemprego-sobe-em-15-estados-e-no-distrito-federal-e-vai-a-88-no-1o-trimestre\/#respond"]}]},{"@type":"WebPage","@id":"https:\/\/cleitonpinheiro.com.br\/site\/taxa-de-desemprego-sobe-em-15-estados-e-no-distrito-federal-e-vai-a-88-no-1o-trimestre\/","url":"https:\/\/cleitonpinheiro.com.br\/site\/taxa-de-desemprego-sobe-em-15-estados-e-no-distrito-federal-e-vai-a-88-no-1o-trimestre\/","name":"Taxa de desemprego sobe em 15 Estados e no Distrito Federal e vai a 8,8% no 1\u00ba trimestre - PORTAL DE NOT\u00cdCIAS CLEITON PINHEIRO","isPartOf":{"@id":"https:\/\/cleitonpinheiro.com.br\/site\/#website"},"primaryImageOfPage":{"@id":"https:\/\/cleitonpinheiro.com.br\/site\/taxa-de-desemprego-sobe-em-15-estados-e-no-distrito-federal-e-vai-a-88-no-1o-trimestre\/#primaryimage"},"image":{"@id":"https:\/\/cleitonpinheiro.com.br\/site\/taxa-de-desemprego-sobe-em-15-estados-e-no-distrito-federal-e-vai-a-88-no-1o-trimestre\/#primaryimage"},"thumbnailUrl":"https:\/\/cleitonpinheiro.com.br\/site\/wp-content\/uploads\/2023\/05\/Design-sem-nome-compressed.jpg","datePublished":"2023-05-18T14:32:27+00:00","dateModified":"2023-05-18T18:29:24+00:00","breadcrumb":{"@id":"https:\/\/cleitonpinheiro.com.br\/site\/taxa-de-desemprego-sobe-em-15-estados-e-no-distrito-federal-e-vai-a-88-no-1o-trimestre\/#breadcrumb"},"inLanguage":"pt-BR","potentialAction":[{"@type":"ReadAction","target":["https:\/\/cleitonpinheiro.com.br\/site\/taxa-de-desemprego-sobe-em-15-estados-e-no-distrito-federal-e-vai-a-88-no-1o-trimestre\/"]}]},{"@type":"ImageObject","inLanguage":"pt-BR","@id":"https:\/\/cleitonpinheiro.com.br\/site\/taxa-de-desemprego-sobe-em-15-estados-e-no-distrito-federal-e-vai-a-88-no-1o-trimestre\/#primaryimage","url":"","contentUrl":""},{"@type":"BreadcrumbList","@id":"https:\/\/cleitonpinheiro.com.br\/site\/taxa-de-desemprego-sobe-em-15-estados-e-no-distrito-federal-e-vai-a-88-no-1o-trimestre\/#breadcrumb","itemListElement":[{"@type":"ListItem","position":1,"name":"In\u00edcio","item":"https:\/\/cleitonpinheiro.com.br\/site\/"},{"@type":"ListItem","position":2,"name":"Taxa de desemprego sobe em 15 Estados e no Distrito Federal e vai a 8,8% no 1\u00ba trimestre"}]},{"@type":"WebSite","@id":"https:\/\/cleitonpinheiro.com.br\/site\/#website","url":"https:\/\/cleitonpinheiro.com.br\/site\/","name":"PORTAL DE NOT\u00cdCIAS CLEITON PINHEIRO","description":"FALANDO A VERDADE","publisher":{"@id":"https:\/\/cleitonpinheiro.com.br\/site\/#organization"},"potentialAction":[{"@type":"SearchAction","target":{"@type":"EntryPoint","urlTemplate":"https:\/\/cleitonpinheiro.com.br\/site\/?s={search_term_string}"},"query-input":{"@type":"PropertyValueSpecification","valueRequired":true,"valueName":"search_term_string"}}],"inLanguage":"pt-BR"},{"@type":"Organization","@id":"https:\/\/cleitonpinheiro.com.br\/site\/#organization","name":"CPNOT\u00cdCIAS","url":"https:\/\/cleitonpinheiro.com.br\/site\/","logo":{"@type":"ImageObject","inLanguage":"pt-BR","@id":"https:\/\/cleitonpinheiro.com.br\/site\/#\/schema\/logo\/image\/","url":"https:\/\/cleitonpinheiro.com.br\/site\/wp-content\/uploads\/2022\/08\/Logo-pequena-2.png","contentUrl":"https:\/\/cleitonpinheiro.com.br\/site\/wp-content\/uploads\/2022\/08\/Logo-pequena-2.png","width":500,"height":500,"caption":"CPNOT\u00cdCIAS"},"image":{"@id":"https:\/\/cleitonpinheiro.com.br\/site\/#\/schema\/logo\/image\/"},"sameAs":["https:\/\/www.facebook.com\/portalcpnoticias\/"]},{"@type":"Person","@id":"https:\/\/cleitonpinheiro.com.br\/site\/#\/schema\/person\/b7621891c193194dd412fdc1ff9b2b41","name":"RGF Sistemas","image":{"@type":"ImageObject","inLanguage":"pt-BR","@id":"https:\/\/cleitonpinheiro.com.br\/site\/#\/schema\/person\/image\/","url":"https:\/\/secure.gravatar.com\/avatar\/59e110c11e5eecf4636340abed101b4cddb70ca9f64acab0fe8863bcc0a66b2d?s=96&r=g","contentUrl":"https:\/\/secure.gravatar.com\/avatar\/59e110c11e5eecf4636340abed101b4cddb70ca9f64acab0fe8863bcc0a66b2d?s=96&r=g","caption":"RGF Sistemas"},"url":"https:\/\/cleitonpinheiro.com.br\/site\/author\/rgfsite\/"}]}},"views":267,"_links":{"self":[{"href":"https:\/\/cleitonpinheiro.com.br\/site\/wp-json\/wp\/v2\/posts\/71123","targetHints":{"allow":["GET"]}}],"collection":[{"href":"https:\/\/cleitonpinheiro.com.br\/site\/wp-json\/wp\/v2\/posts"}],"about":[{"href":"https:\/\/cleitonpinheiro.com.br\/site\/wp-json\/wp\/v2\/types\/post"}],"author":[{"embeddable":true,"href":"https:\/\/cleitonpinheiro.com.br\/site\/wp-json\/wp\/v2\/users\/9"}],"replies":[{"embeddable":true,"href":"https:\/\/cleitonpinheiro.com.br\/site\/wp-json\/wp\/v2\/comments?post=71123"}],"version-history":[{"count":2,"href":"https:\/\/cleitonpinheiro.com.br\/site\/wp-json\/wp\/v2\/posts\/71123\/revisions"}],"predecessor-version":[{"id":71126,"href":"https:\/\/cleitonpinheiro.com.br\/site\/wp-json\/wp\/v2\/posts\/71123\/revisions\/71126"}],"wp:attachment":[{"href":"https:\/\/cleitonpinheiro.com.br\/site\/wp-json\/wp\/v2\/media?parent=71123"}],"wp:term":[{"taxonomy":"category","embeddable":true,"href":"https:\/\/cleitonpinheiro.com.br\/site\/wp-json\/wp\/v2\/categories?post=71123"},{"taxonomy":"post_tag","embeddable":true,"href":"https:\/\/cleitonpinheiro.com.br\/site\/wp-json\/wp\/v2\/tags?post=71123"}],"curies":[{"name":"wp","href":"https:\/\/api.w.org\/{rel}","templated":true}]}}