{"id":71127,"date":"2023-05-18T15:12:14","date_gmt":"2023-05-18T18:12:14","guid":{"rendered":"https:\/\/cleitonpinheiro.com.br\/site\/?p=71127"},"modified":"2023-05-19T14:43:23","modified_gmt":"2023-05-19T17:43:23","slug":"caso-uhe-monte-santo-ministerio-publico-instaura-inquerito-para-investigar-uso-de-servidores-contratados-pelo-naturatins-para-emitir-licencas-ambientais","status":"publish","type":"post","link":"https:\/\/cleitonpinheiro.com.br\/site\/caso-uhe-monte-santo-ministerio-publico-instaura-inquerito-para-investigar-uso-de-servidores-contratados-pelo-naturatins-para-emitir-licencas-ambientais\/","title":{"rendered":"UHE Monte Santo: Minist\u00e9rio P\u00fablico  abre Inqu\u00e9rito para investigar uso de servidores contratados para emitir licen\u00e7as ambientais no Instituto Naturatins"},"content":{"rendered":"\n<figure class=\"wp-block-image size-full is-resized\"><img fetchpriority=\"high\" decoding=\"async\" src=\"https:\/\/cleitonpinheiro.com.br\/site\/wp-content\/uploads\/2023\/05\/Design-sem-nome-1-compressed.jpg\" alt=\"\" class=\"wp-image-71151\" width=\"1018\" height=\"611\"\/><\/figure>\n\n\n\n<p>O Minist\u00e9rio P\u00fablico Estadual (MPTO), por interm\u00e9dio da 9\u00aa Promotoria de Justi\u00e7a da Capital, instaurou Inqu\u00e9rito Civil P\u00fablico para investigar o uso de servidores contratados pelo Instituto Natureza do Tocantins (Naturatins), em fun\u00e7\u00f5es que seriam exclusivas de servidores efetivos com capacita\u00e7\u00e3o t\u00e9cnica. O caso envolve o processo de Licenciamento da Usina Hidrel\u00e9trica Monte Santo (UHE),&nbsp;prevista para ser constru\u00edda no Rio do Sono entre os munic\u00edpios de Novo Acordo e Rio Sono.<\/p>\n\n\n\n<p>Como mostrou a reportagem do <strong><em>CP Not\u00edcias<\/em><\/strong>, o processo vem sendo questionando por moradores da regi\u00e3o porque a Licen\u00e7a Pr\u00e9via (LP), como tamb\u00e9m sua renova\u00e7\u00e3o at\u00e9 2024, e de Outorga da \u00c1gua foram expedidas com Parecer Jur\u00eddico do \u00f3rg\u00e3o feito por servidores comissionados. <strong><u>O \u00f3rg\u00e3o foi procurado via Secom para se manifestar sobre o assunto, mas n\u00e3o houve resposta. O espa\u00e7o segue aberto aos esclarecimentos.<\/u><\/strong><\/p>\n\n\n\n<p>No procedimento aberto pelo promotor Vinicius de Oliveira e Silva, da 9\u00aa promotoria de Justi\u00e7a da Capital, em que a reportagem teve acesso, O MPTO lembra que foi noticiado que as formas de contratos de admiss\u00e3o feitos pelo Naturatins est\u00e3o sendo feitos em total disson\u00e2ncia com a Constitui\u00e7\u00e3o Federal e da Lei 8.745\/1933 e princ\u00edpios da Administra\u00e7\u00e3o P\u00fablica.<\/p>\n\n\n\n<p>O MPTO diz, no Inqu\u00e9rito, que foi narrado que as contrata\u00e7\u00f5es s\u00e3o feitas de forma totalmente parcial para atender solicita\u00e7\u00f5es e indica\u00e7\u00f5es pol\u00edticas de amigos da gest\u00e3o, trazendo preju\u00edzos ao meio ambiente com in\u00fameros contratos tempor\u00e1rios, com servidores sem capacidade t\u00e9cnica necess\u00e1ria para desempenhar as fun\u00e7\u00f5es, visto que esses servidores sofrem ass\u00e9dio moral e press\u00e3o para a emiss\u00e3o de licen\u00e7as ambientais, comprometendo a integridade e a legalidades dos processos administrativos.<\/p>\n\n\n\n<p>No documento, o MPTO requer ao presidente do Naturatins, Renato Jaime, que informe, o quantitativo de servidores efetivos, comissionados e contratos tempor\u00e1rios no instituto, bem como sua rela\u00e7\u00e3o nominal de todos os servidores ativos descriminando quais s\u00e3o os efetivos, tempor\u00e1rios e comissionados.<\/p>\n\n\n\n<p>Que seja demonstrado de modo expresso e motivado quais s\u00e3o as situa\u00e7\u00f5es incomuns, excepcionais ou urgentes de necessidade transit\u00f3ria que justificam a contrata\u00e7\u00e3o dos servidores tempor\u00e1rios. O \u00f3rg\u00e3o tamb\u00e9m ter\u00e1 que expor quais s\u00e3o os crit\u00e9rios de sele\u00e7\u00e3o para a contrata\u00e7\u00e3o de servidor tempor\u00e1rio esclarecendo como \u00e9 feito o processo de sele\u00e7\u00e3o, se \u00e9 amplamente divulgado, orientado pelos princ\u00edpios retores da administra\u00e7\u00e3o p\u00fablica, se \u00e9 respeitado a impessoalidade, isonomia, moralidade e publicidade.<\/p>\n\n\n\n<p>Por fim, o promotor quer que o presidente do Naturatins explique as motiva\u00e7\u00f5es de n\u00e3o realizar concursos p\u00fablico para provimentos de cargos ocupados por servidores tempor\u00e1rios e comissionados. Que seja fornecido a rela\u00e7\u00e3o de cargos vagos e elucidada as motiva\u00e7\u00f5es de n\u00e3o realizar.<br><strong><br>Entenda<\/strong><\/p>\n\n\n\n<p>A reportagem apurou junto a uma fonte ligada ao Naturatins, que um servidor contratado por indica\u00e7\u00e3o pol\u00edtica e sem conhecimento t\u00e9cnico, emitiu sozinho, o Parecer favor\u00e1vel ao restabelecimento do prazo da Licen\u00e7a Pr\u00e9via requerida pela empresa Ecbrasil \u2013 Energias Complementares do Brasil Gera\u00e7\u00e3o de Energia El\u00e9trica S.A, \u00a0para a constru\u00e7\u00e3o da UHE Monte Santo, e estendeu a validade do documento at\u00e9 o ano de 2024. Ainda segundo a fonte, depois que os servidores t\u00e9cnicos efetivos foram substitu\u00eddos no processo, tudo foi autorizado pelo \u00f3rg\u00e3o e sem ressalvas.<\/p>\n\n\n\n<p><strong><u>Pela Lei Estadual N\u00ba 261\/1991 (arts. 67 a 69), somente servidores efetivos com capacidade t\u00e9cnica devem analisar e expedir esse tipo de licen\u00e7a (no caso do Naturatins esse trabalho deve ser feito por inspetores da \u00e1rea). Por isso, segundo a fonte, a Licen\u00e7a \u00e9 question\u00e1vel e passiva de anula\u00e7\u00e3o.<\/u><\/strong><\/p>\n\n\n\n<p>A fonte que denunciou a suposta inger\u00eancia pol\u00edtica no processo disse que \u2018conforme a legisla\u00e7\u00e3o ambiental, todo empreendimento de grande porte deve apresentar EIA\/Rima ao \u00f3rg\u00e3o ambiental para a obten\u00e7\u00e3o de licen\u00e7as ambientais. Por ser um estudo com grande quantidade de informa\u00e7\u00f5es, contemplando o meio f\u00edsico, bi\u00f3tico e socioecon\u00f4mico, esse estudo deve ser analisado e posteriormente acompanhado por equipe t\u00e9cnica multidisciplinar\u2019.<\/p>\n\n\n\n<p>A fonte relatou que \u2018a princ\u00edpio, cinco t\u00e9cnicos efetivos fizeram a an\u00e1lise dos estudos e aprovaram a emiss\u00e3o da Licen\u00e7a Pr\u00e9via, contudo com condicionantes, com validade de apenas 3 anos, no \u00faltimo Governo de Marcelo Miranda (MDB), que tinha como presidente Herbert Brito Barros (O Buti).&nbsp; Depois disso, em 2017, houve a decis\u00e3o judicial determinando a suspens\u00e3o da Licen\u00e7a Pr\u00e9via emitida (LP), em A\u00e7\u00e3o Popular movida por integrantes do Movimento N\u00e3o a UHE Monte Santo.<\/p>\n\n\n\n<p>O processo judicial foi encerrado em 2021, com decis\u00e3o favor\u00e1vel a empresa, e j\u00e1 no <strong><u>Governo de Wanderlei Barbosa (Republicanos<\/u><\/strong>), gest\u00e3o do presidente <strong><u>Renato Jaime<\/u><\/strong>, o Naturatins emitiu a Outorga da \u00c1gua&nbsp; no dia 22 de fevereiro de deste ano, gerando questionamentos e indigna\u00e7\u00e3o dos moradores da regi\u00e3o.<\/p>\n","protected":false},"excerpt":{"rendered":"<p>O Minist\u00e9rio P\u00fablico Estadual (MPTO), por interm\u00e9dio da 9\u00aa Promotoria de Justi\u00e7a da Capital, instaurou Inqu\u00e9rito Civil P\u00fablico para investigar o uso de servidores contratados pelo Instituto Natureza do Tocantins (Naturatins), em fun\u00e7\u00f5es que seriam exclusivas de servidores efetivos com capacita\u00e7\u00e3o t\u00e9cnica. O caso envolve o processo de Licenciamento da Usina Hidrel\u00e9trica Monte Santo (UHE),&nbsp;prevista [&hellip;]<\/p>\n","protected":false},"author":4,"featured_media":0,"comment_status":"open","ping_status":"open","sticky":false,"template":"","format":"standard","meta":{"_acf_changed":false,"footnotes":""},"categories":[8,898],"tags":[],"class_list":["post-71127","post","type-post","status-publish","format-standard","hentry","category-estado","category-manchete-segundaria"],"acf":[],"yoast_head":"<!-- This site is optimized with the Yoast SEO plugin v24.4 - https:\/\/yoast.com\/wordpress\/plugins\/seo\/ -->\n<title>UHE Monte Santo: Minist\u00e9rio P\u00fablico abre Inqu\u00e9rito para investigar uso de servidores contratados para emitir licen\u00e7as ambientais no Instituto Naturatins - PORTAL DE NOT\u00cdCIAS CLEITON PINHEIRO<\/title>\n<meta name=\"robots\" content=\"index, follow, max-snippet:-1, max-image-preview:large, max-video-preview:-1\" \/>\n<link rel=\"canonical\" href=\"https:\/\/cleitonpinheiro.com.br\/site\/caso-uhe-monte-santo-ministerio-publico-instaura-inquerito-para-investigar-uso-de-servidores-contratados-pelo-naturatins-para-emitir-licencas-ambientais\/\" \/>\n<meta property=\"og:locale\" content=\"pt_BR\" \/>\n<meta property=\"og:type\" content=\"article\" \/>\n<meta property=\"og:title\" content=\"UHE Monte Santo: Minist\u00e9rio P\u00fablico abre Inqu\u00e9rito para investigar uso de servidores contratados para emitir licen\u00e7as ambientais no Instituto Naturatins - PORTAL DE NOT\u00cdCIAS CLEITON PINHEIRO\" \/>\n<meta property=\"og:description\" content=\"O Minist\u00e9rio P\u00fablico Estadual (MPTO), por interm\u00e9dio da 9\u00aa Promotoria de Justi\u00e7a da Capital, instaurou Inqu\u00e9rito Civil P\u00fablico para investigar o uso de servidores contratados pelo Instituto Natureza do Tocantins (Naturatins), em fun\u00e7\u00f5es que seriam exclusivas de servidores efetivos com capacita\u00e7\u00e3o t\u00e9cnica. O caso envolve o processo de Licenciamento da Usina Hidrel\u00e9trica Monte Santo (UHE),&nbsp;prevista [&hellip;]\" \/>\n<meta property=\"og:url\" content=\"https:\/\/cleitonpinheiro.com.br\/site\/caso-uhe-monte-santo-ministerio-publico-instaura-inquerito-para-investigar-uso-de-servidores-contratados-pelo-naturatins-para-emitir-licencas-ambientais\/\" \/>\n<meta property=\"og:site_name\" content=\"PORTAL DE NOT\u00cdCIAS CLEITON PINHEIRO\" \/>\n<meta property=\"article:publisher\" content=\"https:\/\/www.facebook.com\/portalcpnoticias\/\" \/>\n<meta property=\"article:published_time\" content=\"2023-05-18T18:12:14+00:00\" \/>\n<meta property=\"article:modified_time\" content=\"2023-05-19T17:43:23+00:00\" \/>\n<meta property=\"og:image\" content=\"https:\/\/cleitonpinheiro.com.br\/site\/wp-content\/uploads\/2023\/05\/Design-sem-nome-1-compressed.jpg\" \/>\n\t<meta property=\"og:image:width\" content=\"750\" \/>\n\t<meta property=\"og:image:height\" content=\"450\" \/>\n\t<meta property=\"og:image:type\" content=\"image\/jpeg\" \/>\n<meta name=\"author\" content=\"Dermival Pereira\" \/>\n<meta name=\"twitter:card\" content=\"summary_large_image\" \/>\n<meta name=\"twitter:label1\" content=\"Escrito por\" \/>\n\t<meta name=\"twitter:data1\" content=\"Dermival Pereira\" \/>\n\t<meta name=\"twitter:label2\" content=\"Est. tempo de leitura\" \/>\n\t<meta name=\"twitter:data2\" content=\"5 minutos\" \/>\n<script type=\"application\/ld+json\" class=\"yoast-schema-graph\">{\"@context\":\"https:\/\/schema.org\",\"@graph\":[{\"@type\":\"Article\",\"@id\":\"https:\/\/cleitonpinheiro.com.br\/site\/caso-uhe-monte-santo-ministerio-publico-instaura-inquerito-para-investigar-uso-de-servidores-contratados-pelo-naturatins-para-emitir-licencas-ambientais\/#article\",\"isPartOf\":{\"@id\":\"https:\/\/cleitonpinheiro.com.br\/site\/caso-uhe-monte-santo-ministerio-publico-instaura-inquerito-para-investigar-uso-de-servidores-contratados-pelo-naturatins-para-emitir-licencas-ambientais\/\"},\"author\":{\"name\":\"Dermival Pereira\",\"@id\":\"https:\/\/cleitonpinheiro.com.br\/site\/#\/schema\/person\/aac6d7f311e80c43042e98a900b03cd8\"},\"headline\":\"UHE Monte Santo: Minist\u00e9rio P\u00fablico abre Inqu\u00e9rito para investigar uso de servidores contratados para emitir licen\u00e7as ambientais no Instituto Naturatins\",\"datePublished\":\"2023-05-18T18:12:14+00:00\",\"dateModified\":\"2023-05-19T17:43:23+00:00\",\"mainEntityOfPage\":{\"@id\":\"https:\/\/cleitonpinheiro.com.br\/site\/caso-uhe-monte-santo-ministerio-publico-instaura-inquerito-para-investigar-uso-de-servidores-contratados-pelo-naturatins-para-emitir-licencas-ambientais\/\"},\"wordCount\":875,\"commentCount\":4,\"publisher\":{\"@id\":\"https:\/\/cleitonpinheiro.com.br\/site\/#organization\"},\"image\":{\"@id\":\"https:\/\/cleitonpinheiro.com.br\/site\/caso-uhe-monte-santo-ministerio-publico-instaura-inquerito-para-investigar-uso-de-servidores-contratados-pelo-naturatins-para-emitir-licencas-ambientais\/#primaryimage\"},\"thumbnailUrl\":\"https:\/\/cleitonpinheiro.com.br\/site\/wp-content\/uploads\/2023\/05\/Design-sem-nome-1-compressed.jpg\",\"articleSection\":[\"ESTADO\",\"MANCHETE SEGUND\u00c1RIA\"],\"inLanguage\":\"pt-BR\",\"potentialAction\":[{\"@type\":\"CommentAction\",\"name\":\"Comment\",\"target\":[\"https:\/\/cleitonpinheiro.com.br\/site\/caso-uhe-monte-santo-ministerio-publico-instaura-inquerito-para-investigar-uso-de-servidores-contratados-pelo-naturatins-para-emitir-licencas-ambientais\/#respond\"]}]},{\"@type\":\"WebPage\",\"@id\":\"https:\/\/cleitonpinheiro.com.br\/site\/caso-uhe-monte-santo-ministerio-publico-instaura-inquerito-para-investigar-uso-de-servidores-contratados-pelo-naturatins-para-emitir-licencas-ambientais\/\",\"url\":\"https:\/\/cleitonpinheiro.com.br\/site\/caso-uhe-monte-santo-ministerio-publico-instaura-inquerito-para-investigar-uso-de-servidores-contratados-pelo-naturatins-para-emitir-licencas-ambientais\/\",\"name\":\"UHE Monte Santo: Minist\u00e9rio P\u00fablico abre Inqu\u00e9rito para investigar uso de servidores contratados para emitir licen\u00e7as ambientais no Instituto Naturatins - PORTAL DE NOT\u00cdCIAS CLEITON PINHEIRO\",\"isPartOf\":{\"@id\":\"https:\/\/cleitonpinheiro.com.br\/site\/#website\"},\"primaryImageOfPage\":{\"@id\":\"https:\/\/cleitonpinheiro.com.br\/site\/caso-uhe-monte-santo-ministerio-publico-instaura-inquerito-para-investigar-uso-de-servidores-contratados-pelo-naturatins-para-emitir-licencas-ambientais\/#primaryimage\"},\"image\":{\"@id\":\"https:\/\/cleitonpinheiro.com.br\/site\/caso-uhe-monte-santo-ministerio-publico-instaura-inquerito-para-investigar-uso-de-servidores-contratados-pelo-naturatins-para-emitir-licencas-ambientais\/#primaryimage\"},\"thumbnailUrl\":\"https:\/\/cleitonpinheiro.com.br\/site\/wp-content\/uploads\/2023\/05\/Design-sem-nome-1-compressed.jpg\",\"datePublished\":\"2023-05-18T18:12:14+00:00\",\"dateModified\":\"2023-05-19T17:43:23+00:00\",\"breadcrumb\":{\"@id\":\"https:\/\/cleitonpinheiro.com.br\/site\/caso-uhe-monte-santo-ministerio-publico-instaura-inquerito-para-investigar-uso-de-servidores-contratados-pelo-naturatins-para-emitir-licencas-ambientais\/#breadcrumb\"},\"inLanguage\":\"pt-BR\",\"potentialAction\":[{\"@type\":\"ReadAction\",\"target\":[\"https:\/\/cleitonpinheiro.com.br\/site\/caso-uhe-monte-santo-ministerio-publico-instaura-inquerito-para-investigar-uso-de-servidores-contratados-pelo-naturatins-para-emitir-licencas-ambientais\/\"]}]},{\"@type\":\"ImageObject\",\"inLanguage\":\"pt-BR\",\"@id\":\"https:\/\/cleitonpinheiro.com.br\/site\/caso-uhe-monte-santo-ministerio-publico-instaura-inquerito-para-investigar-uso-de-servidores-contratados-pelo-naturatins-para-emitir-licencas-ambientais\/#primaryimage\",\"url\":\"\",\"contentUrl\":\"\"},{\"@type\":\"BreadcrumbList\",\"@id\":\"https:\/\/cleitonpinheiro.com.br\/site\/caso-uhe-monte-santo-ministerio-publico-instaura-inquerito-para-investigar-uso-de-servidores-contratados-pelo-naturatins-para-emitir-licencas-ambientais\/#breadcrumb\",\"itemListElement\":[{\"@type\":\"ListItem\",\"position\":1,\"name\":\"In\u00edcio\",\"item\":\"https:\/\/cleitonpinheiro.com.br\/site\/\"},{\"@type\":\"ListItem\",\"position\":2,\"name\":\"UHE Monte Santo: Minist\u00e9rio P\u00fablico abre Inqu\u00e9rito para investigar uso de servidores contratados para emitir licen\u00e7as ambientais no Instituto Naturatins\"}]},{\"@type\":\"WebSite\",\"@id\":\"https:\/\/cleitonpinheiro.com.br\/site\/#website\",\"url\":\"https:\/\/cleitonpinheiro.com.br\/site\/\",\"name\":\"PORTAL DE NOT\u00cdCIAS CLEITON PINHEIRO\",\"description\":\"FALANDO A VERDADE\",\"publisher\":{\"@id\":\"https:\/\/cleitonpinheiro.com.br\/site\/#organization\"},\"potentialAction\":[{\"@type\":\"SearchAction\",\"target\":{\"@type\":\"EntryPoint\",\"urlTemplate\":\"https:\/\/cleitonpinheiro.com.br\/site\/?s={search_term_string}\"},\"query-input\":{\"@type\":\"PropertyValueSpecification\",\"valueRequired\":true,\"valueName\":\"search_term_string\"}}],\"inLanguage\":\"pt-BR\"},{\"@type\":\"Organization\",\"@id\":\"https:\/\/cleitonpinheiro.com.br\/site\/#organization\",\"name\":\"CPNOT\u00cdCIAS\",\"url\":\"https:\/\/cleitonpinheiro.com.br\/site\/\",\"logo\":{\"@type\":\"ImageObject\",\"inLanguage\":\"pt-BR\",\"@id\":\"https:\/\/cleitonpinheiro.com.br\/site\/#\/schema\/logo\/image\/\",\"url\":\"https:\/\/cleitonpinheiro.com.br\/site\/wp-content\/uploads\/2022\/08\/Logo-pequena-2.png\",\"contentUrl\":\"https:\/\/cleitonpinheiro.com.br\/site\/wp-content\/uploads\/2022\/08\/Logo-pequena-2.png\",\"width\":500,\"height\":500,\"caption\":\"CPNOT\u00cdCIAS\"},\"image\":{\"@id\":\"https:\/\/cleitonpinheiro.com.br\/site\/#\/schema\/logo\/image\/\"},\"sameAs\":[\"https:\/\/www.facebook.com\/portalcpnoticias\/\"]},{\"@type\":\"Person\",\"@id\":\"https:\/\/cleitonpinheiro.com.br\/site\/#\/schema\/person\/aac6d7f311e80c43042e98a900b03cd8\",\"name\":\"Dermival Pereira\",\"image\":{\"@type\":\"ImageObject\",\"inLanguage\":\"pt-BR\",\"@id\":\"https:\/\/cleitonpinheiro.com.br\/site\/#\/schema\/person\/image\/\",\"url\":\"https:\/\/secure.gravatar.com\/avatar\/cfaebf3742d6bf8db728bcba3eed6bee37b02337a2e6c822994f20ca72a3784d?s=96&r=g\",\"contentUrl\":\"https:\/\/secure.gravatar.com\/avatar\/cfaebf3742d6bf8db728bcba3eed6bee37b02337a2e6c822994f20ca72a3784d?s=96&r=g\",\"caption\":\"Dermival Pereira\"},\"url\":\"https:\/\/cleitonpinheiro.com.br\/site\/author\/dermival\/\"}]}<\/script>\n<!-- \/ Yoast SEO plugin. -->","yoast_head_json":{"title":"UHE Monte Santo: Minist\u00e9rio P\u00fablico abre Inqu\u00e9rito para investigar uso de servidores contratados para emitir licen\u00e7as ambientais no Instituto Naturatins - PORTAL DE NOT\u00cdCIAS CLEITON PINHEIRO","robots":{"index":"index","follow":"follow","max-snippet":"max-snippet:-1","max-image-preview":"max-image-preview:large","max-video-preview":"max-video-preview:-1"},"canonical":"https:\/\/cleitonpinheiro.com.br\/site\/caso-uhe-monte-santo-ministerio-publico-instaura-inquerito-para-investigar-uso-de-servidores-contratados-pelo-naturatins-para-emitir-licencas-ambientais\/","og_locale":"pt_BR","og_type":"article","og_title":"UHE Monte Santo: Minist\u00e9rio P\u00fablico abre Inqu\u00e9rito para investigar uso de servidores contratados para emitir licen\u00e7as ambientais no Instituto Naturatins - PORTAL DE NOT\u00cdCIAS CLEITON PINHEIRO","og_description":"O Minist\u00e9rio P\u00fablico Estadual (MPTO), por interm\u00e9dio da 9\u00aa Promotoria de Justi\u00e7a da Capital, instaurou Inqu\u00e9rito Civil P\u00fablico para investigar o uso de servidores contratados pelo Instituto Natureza do Tocantins (Naturatins), em fun\u00e7\u00f5es que seriam exclusivas de servidores efetivos com capacita\u00e7\u00e3o t\u00e9cnica. O caso envolve o processo de Licenciamento da Usina Hidrel\u00e9trica Monte Santo (UHE),&nbsp;prevista [&hellip;]","og_url":"https:\/\/cleitonpinheiro.com.br\/site\/caso-uhe-monte-santo-ministerio-publico-instaura-inquerito-para-investigar-uso-de-servidores-contratados-pelo-naturatins-para-emitir-licencas-ambientais\/","og_site_name":"PORTAL DE NOT\u00cdCIAS CLEITON PINHEIRO","article_publisher":"https:\/\/www.facebook.com\/portalcpnoticias\/","article_published_time":"2023-05-18T18:12:14+00:00","article_modified_time":"2023-05-19T17:43:23+00:00","og_image":[{"width":750,"height":450,"url":"https:\/\/cleitonpinheiro.com.br\/site\/wp-content\/uploads\/2023\/05\/Design-sem-nome-1-compressed.jpg","type":"image\/jpeg"}],"author":"Dermival Pereira","twitter_card":"summary_large_image","twitter_misc":{"Escrito por":"Dermival Pereira","Est. tempo de leitura":"5 minutos"},"schema":{"@context":"https:\/\/schema.org","@graph":[{"@type":"Article","@id":"https:\/\/cleitonpinheiro.com.br\/site\/caso-uhe-monte-santo-ministerio-publico-instaura-inquerito-para-investigar-uso-de-servidores-contratados-pelo-naturatins-para-emitir-licencas-ambientais\/#article","isPartOf":{"@id":"https:\/\/cleitonpinheiro.com.br\/site\/caso-uhe-monte-santo-ministerio-publico-instaura-inquerito-para-investigar-uso-de-servidores-contratados-pelo-naturatins-para-emitir-licencas-ambientais\/"},"author":{"name":"Dermival Pereira","@id":"https:\/\/cleitonpinheiro.com.br\/site\/#\/schema\/person\/aac6d7f311e80c43042e98a900b03cd8"},"headline":"UHE Monte Santo: Minist\u00e9rio P\u00fablico abre Inqu\u00e9rito para investigar uso de servidores contratados para emitir licen\u00e7as ambientais no Instituto Naturatins","datePublished":"2023-05-18T18:12:14+00:00","dateModified":"2023-05-19T17:43:23+00:00","mainEntityOfPage":{"@id":"https:\/\/cleitonpinheiro.com.br\/site\/caso-uhe-monte-santo-ministerio-publico-instaura-inquerito-para-investigar-uso-de-servidores-contratados-pelo-naturatins-para-emitir-licencas-ambientais\/"},"wordCount":875,"commentCount":4,"publisher":{"@id":"https:\/\/cleitonpinheiro.com.br\/site\/#organization"},"image":{"@id":"https:\/\/cleitonpinheiro.com.br\/site\/caso-uhe-monte-santo-ministerio-publico-instaura-inquerito-para-investigar-uso-de-servidores-contratados-pelo-naturatins-para-emitir-licencas-ambientais\/#primaryimage"},"thumbnailUrl":"https:\/\/cleitonpinheiro.com.br\/site\/wp-content\/uploads\/2023\/05\/Design-sem-nome-1-compressed.jpg","articleSection":["ESTADO","MANCHETE SEGUND\u00c1RIA"],"inLanguage":"pt-BR","potentialAction":[{"@type":"CommentAction","name":"Comment","target":["https:\/\/cleitonpinheiro.com.br\/site\/caso-uhe-monte-santo-ministerio-publico-instaura-inquerito-para-investigar-uso-de-servidores-contratados-pelo-naturatins-para-emitir-licencas-ambientais\/#respond"]}]},{"@type":"WebPage","@id":"https:\/\/cleitonpinheiro.com.br\/site\/caso-uhe-monte-santo-ministerio-publico-instaura-inquerito-para-investigar-uso-de-servidores-contratados-pelo-naturatins-para-emitir-licencas-ambientais\/","url":"https:\/\/cleitonpinheiro.com.br\/site\/caso-uhe-monte-santo-ministerio-publico-instaura-inquerito-para-investigar-uso-de-servidores-contratados-pelo-naturatins-para-emitir-licencas-ambientais\/","name":"UHE Monte Santo: Minist\u00e9rio P\u00fablico abre Inqu\u00e9rito para investigar uso de servidores contratados para emitir licen\u00e7as ambientais no Instituto Naturatins - PORTAL DE NOT\u00cdCIAS CLEITON PINHEIRO","isPartOf":{"@id":"https:\/\/cleitonpinheiro.com.br\/site\/#website"},"primaryImageOfPage":{"@id":"https:\/\/cleitonpinheiro.com.br\/site\/caso-uhe-monte-santo-ministerio-publico-instaura-inquerito-para-investigar-uso-de-servidores-contratados-pelo-naturatins-para-emitir-licencas-ambientais\/#primaryimage"},"image":{"@id":"https:\/\/cleitonpinheiro.com.br\/site\/caso-uhe-monte-santo-ministerio-publico-instaura-inquerito-para-investigar-uso-de-servidores-contratados-pelo-naturatins-para-emitir-licencas-ambientais\/#primaryimage"},"thumbnailUrl":"https:\/\/cleitonpinheiro.com.br\/site\/wp-content\/uploads\/2023\/05\/Design-sem-nome-1-compressed.jpg","datePublished":"2023-05-18T18:12:14+00:00","dateModified":"2023-05-19T17:43:23+00:00","breadcrumb":{"@id":"https:\/\/cleitonpinheiro.com.br\/site\/caso-uhe-monte-santo-ministerio-publico-instaura-inquerito-para-investigar-uso-de-servidores-contratados-pelo-naturatins-para-emitir-licencas-ambientais\/#breadcrumb"},"inLanguage":"pt-BR","potentialAction":[{"@type":"ReadAction","target":["https:\/\/cleitonpinheiro.com.br\/site\/caso-uhe-monte-santo-ministerio-publico-instaura-inquerito-para-investigar-uso-de-servidores-contratados-pelo-naturatins-para-emitir-licencas-ambientais\/"]}]},{"@type":"ImageObject","inLanguage":"pt-BR","@id":"https:\/\/cleitonpinheiro.com.br\/site\/caso-uhe-monte-santo-ministerio-publico-instaura-inquerito-para-investigar-uso-de-servidores-contratados-pelo-naturatins-para-emitir-licencas-ambientais\/#primaryimage","url":"","contentUrl":""},{"@type":"BreadcrumbList","@id":"https:\/\/cleitonpinheiro.com.br\/site\/caso-uhe-monte-santo-ministerio-publico-instaura-inquerito-para-investigar-uso-de-servidores-contratados-pelo-naturatins-para-emitir-licencas-ambientais\/#breadcrumb","itemListElement":[{"@type":"ListItem","position":1,"name":"In\u00edcio","item":"https:\/\/cleitonpinheiro.com.br\/site\/"},{"@type":"ListItem","position":2,"name":"UHE Monte Santo: Minist\u00e9rio P\u00fablico abre Inqu\u00e9rito para investigar uso de servidores contratados para emitir licen\u00e7as ambientais no Instituto Naturatins"}]},{"@type":"WebSite","@id":"https:\/\/cleitonpinheiro.com.br\/site\/#website","url":"https:\/\/cleitonpinheiro.com.br\/site\/","name":"PORTAL DE NOT\u00cdCIAS CLEITON PINHEIRO","description":"FALANDO A VERDADE","publisher":{"@id":"https:\/\/cleitonpinheiro.com.br\/site\/#organization"},"potentialAction":[{"@type":"SearchAction","target":{"@type":"EntryPoint","urlTemplate":"https:\/\/cleitonpinheiro.com.br\/site\/?s={search_term_string}"},"query-input":{"@type":"PropertyValueSpecification","valueRequired":true,"valueName":"search_term_string"}}],"inLanguage":"pt-BR"},{"@type":"Organization","@id":"https:\/\/cleitonpinheiro.com.br\/site\/#organization","name":"CPNOT\u00cdCIAS","url":"https:\/\/cleitonpinheiro.com.br\/site\/","logo":{"@type":"ImageObject","inLanguage":"pt-BR","@id":"https:\/\/cleitonpinheiro.com.br\/site\/#\/schema\/logo\/image\/","url":"https:\/\/cleitonpinheiro.com.br\/site\/wp-content\/uploads\/2022\/08\/Logo-pequena-2.png","contentUrl":"https:\/\/cleitonpinheiro.com.br\/site\/wp-content\/uploads\/2022\/08\/Logo-pequena-2.png","width":500,"height":500,"caption":"CPNOT\u00cdCIAS"},"image":{"@id":"https:\/\/cleitonpinheiro.com.br\/site\/#\/schema\/logo\/image\/"},"sameAs":["https:\/\/www.facebook.com\/portalcpnoticias\/"]},{"@type":"Person","@id":"https:\/\/cleitonpinheiro.com.br\/site\/#\/schema\/person\/aac6d7f311e80c43042e98a900b03cd8","name":"Dermival Pereira","image":{"@type":"ImageObject","inLanguage":"pt-BR","@id":"https:\/\/cleitonpinheiro.com.br\/site\/#\/schema\/person\/image\/","url":"https:\/\/secure.gravatar.com\/avatar\/cfaebf3742d6bf8db728bcba3eed6bee37b02337a2e6c822994f20ca72a3784d?s=96&r=g","contentUrl":"https:\/\/secure.gravatar.com\/avatar\/cfaebf3742d6bf8db728bcba3eed6bee37b02337a2e6c822994f20ca72a3784d?s=96&r=g","caption":"Dermival Pereira"},"url":"https:\/\/cleitonpinheiro.com.br\/site\/author\/dermival\/"}]}},"views":452,"_links":{"self":[{"href":"https:\/\/cleitonpinheiro.com.br\/site\/wp-json\/wp\/v2\/posts\/71127","targetHints":{"allow":["GET"]}}],"collection":[{"href":"https:\/\/cleitonpinheiro.com.br\/site\/wp-json\/wp\/v2\/posts"}],"about":[{"href":"https:\/\/cleitonpinheiro.com.br\/site\/wp-json\/wp\/v2\/types\/post"}],"author":[{"embeddable":true,"href":"https:\/\/cleitonpinheiro.com.br\/site\/wp-json\/wp\/v2\/users\/4"}],"replies":[{"embeddable":true,"href":"https:\/\/cleitonpinheiro.com.br\/site\/wp-json\/wp\/v2\/comments?post=71127"}],"version-history":[{"count":20,"href":"https:\/\/cleitonpinheiro.com.br\/site\/wp-json\/wp\/v2\/posts\/71127\/revisions"}],"predecessor-version":[{"id":71152,"href":"https:\/\/cleitonpinheiro.com.br\/site\/wp-json\/wp\/v2\/posts\/71127\/revisions\/71152"}],"wp:attachment":[{"href":"https:\/\/cleitonpinheiro.com.br\/site\/wp-json\/wp\/v2\/media?parent=71127"}],"wp:term":[{"taxonomy":"category","embeddable":true,"href":"https:\/\/cleitonpinheiro.com.br\/site\/wp-json\/wp\/v2\/categories?post=71127"},{"taxonomy":"post_tag","embeddable":true,"href":"https:\/\/cleitonpinheiro.com.br\/site\/wp-json\/wp\/v2\/tags?post=71127"}],"curies":[{"name":"wp","href":"https:\/\/api.w.org\/{rel}","templated":true}]}}