{"id":71164,"date":"2023-05-18T16:01:10","date_gmt":"2023-05-18T19:01:10","guid":{"rendered":"https:\/\/cleitonpinheiro.com.br\/site\/?p=71164"},"modified":"2023-05-18T16:01:32","modified_gmt":"2023-05-18T19:01:32","slug":"a-partir-de-hoje-rede-transformar-seleciona-projetos-de-protecao-do-bioma-amazonico","status":"publish","type":"post","link":"https:\/\/cleitonpinheiro.com.br\/site\/a-partir-de-hoje-rede-transformar-seleciona-projetos-de-protecao-do-bioma-amazonico\/","title":{"rendered":"A partir de hoje: Rede Transformar seleciona projetos de prote\u00e7\u00e3o do bioma Amaz\u00f4nico"},"content":{"rendered":"\n<figure class=\"wp-block-image size-full is-resized\"><img fetchpriority=\"high\" decoding=\"async\" src=\"https:\/\/cleitonpinheiro.com.br\/site\/wp-content\/uploads\/2023\/05\/ac2f1804-8733-4174-bdb4-8afdd39f450d-compressed.jpg\" alt=\"\" class=\"wp-image-71165\" width=\"1017\" height=\"677\"\/><\/figure>\n\n\n\n<p>A partir de hoje, dia 18 de maio, est\u00e3o abertas as inscri\u00e7\u00f5es para sele\u00e7\u00e3o de projetos voltados \u00e0 preserva\u00e7\u00e3o do bioma Amaz\u00f4nico da Rede Transformar, uma iniciativa plural e multissetorial que re\u00fane empresas, para promover o desenvolvimento de comunidades. A sele\u00e7\u00e3o dos projetos tem como objetivo acelerar iniciativas de prote\u00e7\u00e3o da Floresta Amaz\u00f4nica realizadas nos estados do Par\u00e1, Tocantins e Amazonas.<\/p>\n\n\n\n<p>As inscri\u00e7\u00f5es para participar da sele\u00e7\u00e3o poder\u00e3o ser realizadas at\u00e9 o dia 7 de junho. O edital da sele\u00e7\u00e3o da Rede Transformar e o link para inscri\u00e7\u00e3o estar\u00e3o dispon\u00edveis na se\u00e7\u00e3o \u201cFloresta em P\u00e9\u201d do site http:\/\/editalflorestaempe.prosas.com.br. Podem se inscrever neg\u00f3cios e\/ou iniciativas que executam projetos alinhados \u00e0s tem\u00e1ticas de bioeconomia, desenvolvimento local, educa\u00e7\u00e3o, gera\u00e7\u00e3o de renda, inova\u00e7\u00e3o e tecnologia, e sustentabilidade. A expectativa \u00e9 de que os projetos selecionados possam gerar renda nas comunidades e auxiliar na manuten\u00e7\u00e3o dos ativos florestais.<\/p>\n\n\n\n<p>Sobre a Rede Transformar<br>A Rede Transformar \u00e9 uma iniciativa da Votorantim Cimentos que re\u00fane parceiros com o objetivo de gerar impacto social positivo nas \u00e1reas de habita\u00e7\u00e3o e conserva\u00e7\u00e3o de florestas. Em habita\u00e7\u00e3o, atua para minimizar o d\u00e9ficit habitacional brasileiro por meio da realiza\u00e7\u00e3o de reformas de casas insalubres de fam\u00edlias de baixa renda. Alinhada com a agenda global de redu\u00e7\u00e3o das emiss\u00f5es de CO2, a frente floresta em p\u00e9 fomenta o desenvolvimento de neg\u00f3cios em bioeconomia, gerando emprego, renda e contribuindo para a preserva\u00e7\u00e3o dos ecossistemas e da biodiversidade.<\/p>\n","protected":false},"excerpt":{"rendered":"<p>A partir de hoje, dia 18 de maio, est\u00e3o abertas as inscri\u00e7\u00f5es para sele\u00e7\u00e3o de projetos voltados \u00e0 preserva\u00e7\u00e3o do bioma Amaz\u00f4nico da Rede Transformar, uma iniciativa plural e multissetorial que re\u00fane empresas, para promover o desenvolvimento de comunidades. A sele\u00e7\u00e3o dos projetos tem como objetivo acelerar iniciativas de prote\u00e7\u00e3o da Floresta Amaz\u00f4nica realizadas nos [&hellip;]<\/p>\n","protected":false},"author":6,"featured_media":0,"comment_status":"open","ping_status":"open","sticky":false,"template":"","format":"standard","meta":{"_acf_changed":false,"footnotes":""},"categories":[19,898],"tags":[],"class_list":["post-71164","post","type-post","status-publish","format-standard","hentry","category-brasil-mundo","category-manchete-segundaria"],"acf":[],"yoast_head":"<!-- This site is optimized with the Yoast SEO plugin v24.4 - https:\/\/yoast.com\/wordpress\/plugins\/seo\/ -->\n<title>A partir de hoje: Rede Transformar seleciona projetos de prote\u00e7\u00e3o do bioma Amaz\u00f4nico - PORTAL DE NOT\u00cdCIAS CLEITON PINHEIRO<\/title>\n<meta name=\"robots\" content=\"index, follow, max-snippet:-1, max-image-preview:large, max-video-preview:-1\" \/>\n<link rel=\"canonical\" href=\"https:\/\/cleitonpinheiro.com.br\/site\/a-partir-de-hoje-rede-transformar-seleciona-projetos-de-protecao-do-bioma-amazonico\/\" \/>\n<meta property=\"og:locale\" content=\"pt_BR\" \/>\n<meta property=\"og:type\" content=\"article\" \/>\n<meta property=\"og:title\" content=\"A partir de hoje: Rede Transformar seleciona projetos de prote\u00e7\u00e3o do bioma Amaz\u00f4nico - PORTAL DE NOT\u00cdCIAS CLEITON PINHEIRO\" \/>\n<meta property=\"og:description\" content=\"A partir de hoje, dia 18 de maio, est\u00e3o abertas as inscri\u00e7\u00f5es para sele\u00e7\u00e3o de projetos voltados \u00e0 preserva\u00e7\u00e3o do bioma Amaz\u00f4nico da Rede Transformar, uma iniciativa plural e multissetorial que re\u00fane empresas, para promover o desenvolvimento de comunidades. A sele\u00e7\u00e3o dos projetos tem como objetivo acelerar iniciativas de prote\u00e7\u00e3o da Floresta Amaz\u00f4nica realizadas nos [&hellip;]\" \/>\n<meta property=\"og:url\" content=\"https:\/\/cleitonpinheiro.com.br\/site\/a-partir-de-hoje-rede-transformar-seleciona-projetos-de-protecao-do-bioma-amazonico\/\" \/>\n<meta property=\"og:site_name\" content=\"PORTAL DE NOT\u00cdCIAS CLEITON PINHEIRO\" \/>\n<meta property=\"article:publisher\" content=\"https:\/\/www.facebook.com\/portalcpnoticias\/\" \/>\n<meta property=\"article:published_time\" content=\"2023-05-18T19:01:10+00:00\" \/>\n<meta property=\"article:modified_time\" content=\"2023-05-18T19:01:32+00:00\" \/>\n<meta property=\"og:image\" content=\"https:\/\/cleitonpinheiro.com.br\/site\/wp-content\/uploads\/2023\/05\/ac2f1804-8733-4174-bdb4-8afdd39f450d-compressed.jpg\" \/>\n\t<meta property=\"og:image:width\" content=\"1600\" \/>\n\t<meta property=\"og:image:height\" content=\"1066\" \/>\n\t<meta property=\"og:image:type\" content=\"image\/jpeg\" \/>\n<meta name=\"author\" content=\"Aline S\u00eane\" \/>\n<meta name=\"twitter:card\" content=\"summary_large_image\" \/>\n<meta name=\"twitter:label1\" content=\"Escrito por\" \/>\n\t<meta name=\"twitter:data1\" content=\"Aline S\u00eane\" \/>\n\t<meta name=\"twitter:label2\" content=\"Est. tempo de leitura\" \/>\n\t<meta name=\"twitter:data2\" content=\"2 minutos\" \/>\n<script type=\"application\/ld+json\" class=\"yoast-schema-graph\">{\"@context\":\"https:\/\/schema.org\",\"@graph\":[{\"@type\":\"Article\",\"@id\":\"https:\/\/cleitonpinheiro.com.br\/site\/a-partir-de-hoje-rede-transformar-seleciona-projetos-de-protecao-do-bioma-amazonico\/#article\",\"isPartOf\":{\"@id\":\"https:\/\/cleitonpinheiro.com.br\/site\/a-partir-de-hoje-rede-transformar-seleciona-projetos-de-protecao-do-bioma-amazonico\/\"},\"author\":{\"name\":\"Aline S\u00eane\",\"@id\":\"https:\/\/cleitonpinheiro.com.br\/site\/#\/schema\/person\/fb5b70a4efda610efc234c60abf2e241\"},\"headline\":\"A partir de hoje: Rede Transformar seleciona projetos de prote\u00e7\u00e3o do bioma Amaz\u00f4nico\",\"datePublished\":\"2023-05-18T19:01:10+00:00\",\"dateModified\":\"2023-05-18T19:01:32+00:00\",\"mainEntityOfPage\":{\"@id\":\"https:\/\/cleitonpinheiro.com.br\/site\/a-partir-de-hoje-rede-transformar-seleciona-projetos-de-protecao-do-bioma-amazonico\/\"},\"wordCount\":282,\"commentCount\":1,\"publisher\":{\"@id\":\"https:\/\/cleitonpinheiro.com.br\/site\/#organization\"},\"image\":{\"@id\":\"https:\/\/cleitonpinheiro.com.br\/site\/a-partir-de-hoje-rede-transformar-seleciona-projetos-de-protecao-do-bioma-amazonico\/#primaryimage\"},\"thumbnailUrl\":\"https:\/\/cleitonpinheiro.com.br\/site\/wp-content\/uploads\/2023\/05\/ac2f1804-8733-4174-bdb4-8afdd39f450d-compressed.jpg\",\"articleSection\":[\"BRASIL \/ MUNDO\",\"MANCHETE SEGUND\u00c1RIA\"],\"inLanguage\":\"pt-BR\",\"potentialAction\":[{\"@type\":\"CommentAction\",\"name\":\"Comment\",\"target\":[\"https:\/\/cleitonpinheiro.com.br\/site\/a-partir-de-hoje-rede-transformar-seleciona-projetos-de-protecao-do-bioma-amazonico\/#respond\"]}]},{\"@type\":\"WebPage\",\"@id\":\"https:\/\/cleitonpinheiro.com.br\/site\/a-partir-de-hoje-rede-transformar-seleciona-projetos-de-protecao-do-bioma-amazonico\/\",\"url\":\"https:\/\/cleitonpinheiro.com.br\/site\/a-partir-de-hoje-rede-transformar-seleciona-projetos-de-protecao-do-bioma-amazonico\/\",\"name\":\"A partir de hoje: Rede Transformar seleciona projetos de prote\u00e7\u00e3o do bioma Amaz\u00f4nico - PORTAL DE NOT\u00cdCIAS CLEITON PINHEIRO\",\"isPartOf\":{\"@id\":\"https:\/\/cleitonpinheiro.com.br\/site\/#website\"},\"primaryImageOfPage\":{\"@id\":\"https:\/\/cleitonpinheiro.com.br\/site\/a-partir-de-hoje-rede-transformar-seleciona-projetos-de-protecao-do-bioma-amazonico\/#primaryimage\"},\"image\":{\"@id\":\"https:\/\/cleitonpinheiro.com.br\/site\/a-partir-de-hoje-rede-transformar-seleciona-projetos-de-protecao-do-bioma-amazonico\/#primaryimage\"},\"thumbnailUrl\":\"https:\/\/cleitonpinheiro.com.br\/site\/wp-content\/uploads\/2023\/05\/ac2f1804-8733-4174-bdb4-8afdd39f450d-compressed.jpg\",\"datePublished\":\"2023-05-18T19:01:10+00:00\",\"dateModified\":\"2023-05-18T19:01:32+00:00\",\"breadcrumb\":{\"@id\":\"https:\/\/cleitonpinheiro.com.br\/site\/a-partir-de-hoje-rede-transformar-seleciona-projetos-de-protecao-do-bioma-amazonico\/#breadcrumb\"},\"inLanguage\":\"pt-BR\",\"potentialAction\":[{\"@type\":\"ReadAction\",\"target\":[\"https:\/\/cleitonpinheiro.com.br\/site\/a-partir-de-hoje-rede-transformar-seleciona-projetos-de-protecao-do-bioma-amazonico\/\"]}]},{\"@type\":\"ImageObject\",\"inLanguage\":\"pt-BR\",\"@id\":\"https:\/\/cleitonpinheiro.com.br\/site\/a-partir-de-hoje-rede-transformar-seleciona-projetos-de-protecao-do-bioma-amazonico\/#primaryimage\",\"url\":\"\",\"contentUrl\":\"\"},{\"@type\":\"BreadcrumbList\",\"@id\":\"https:\/\/cleitonpinheiro.com.br\/site\/a-partir-de-hoje-rede-transformar-seleciona-projetos-de-protecao-do-bioma-amazonico\/#breadcrumb\",\"itemListElement\":[{\"@type\":\"ListItem\",\"position\":1,\"name\":\"In\u00edcio\",\"item\":\"https:\/\/cleitonpinheiro.com.br\/site\/\"},{\"@type\":\"ListItem\",\"position\":2,\"name\":\"A partir de hoje: Rede Transformar seleciona projetos de prote\u00e7\u00e3o do bioma Amaz\u00f4nico\"}]},{\"@type\":\"WebSite\",\"@id\":\"https:\/\/cleitonpinheiro.com.br\/site\/#website\",\"url\":\"https:\/\/cleitonpinheiro.com.br\/site\/\",\"name\":\"PORTAL DE NOT\u00cdCIAS CLEITON PINHEIRO\",\"description\":\"FALANDO A VERDADE\",\"publisher\":{\"@id\":\"https:\/\/cleitonpinheiro.com.br\/site\/#organization\"},\"potentialAction\":[{\"@type\":\"SearchAction\",\"target\":{\"@type\":\"EntryPoint\",\"urlTemplate\":\"https:\/\/cleitonpinheiro.com.br\/site\/?s={search_term_string}\"},\"query-input\":{\"@type\":\"PropertyValueSpecification\",\"valueRequired\":true,\"valueName\":\"search_term_string\"}}],\"inLanguage\":\"pt-BR\"},{\"@type\":\"Organization\",\"@id\":\"https:\/\/cleitonpinheiro.com.br\/site\/#organization\",\"name\":\"CPNOT\u00cdCIAS\",\"url\":\"https:\/\/cleitonpinheiro.com.br\/site\/\",\"logo\":{\"@type\":\"ImageObject\",\"inLanguage\":\"pt-BR\",\"@id\":\"https:\/\/cleitonpinheiro.com.br\/site\/#\/schema\/logo\/image\/\",\"url\":\"https:\/\/cleitonpinheiro.com.br\/site\/wp-content\/uploads\/2022\/08\/Logo-pequena-2.png\",\"contentUrl\":\"https:\/\/cleitonpinheiro.com.br\/site\/wp-content\/uploads\/2022\/08\/Logo-pequena-2.png\",\"width\":500,\"height\":500,\"caption\":\"CPNOT\u00cdCIAS\"},\"image\":{\"@id\":\"https:\/\/cleitonpinheiro.com.br\/site\/#\/schema\/logo\/image\/\"},\"sameAs\":[\"https:\/\/www.facebook.com\/portalcpnoticias\/\"]},{\"@type\":\"Person\",\"@id\":\"https:\/\/cleitonpinheiro.com.br\/site\/#\/schema\/person\/fb5b70a4efda610efc234c60abf2e241\",\"name\":\"Aline S\u00eane\",\"image\":{\"@type\":\"ImageObject\",\"inLanguage\":\"pt-BR\",\"@id\":\"https:\/\/cleitonpinheiro.com.br\/site\/#\/schema\/person\/image\/\",\"url\":\"https:\/\/secure.gravatar.com\/avatar\/371f872d5c0d1dc15d0ff5bc6c3cdf52c62231d7e826fc0eb77c36c1ced02041?s=96&r=g\",\"contentUrl\":\"https:\/\/secure.gravatar.com\/avatar\/371f872d5c0d1dc15d0ff5bc6c3cdf52c62231d7e826fc0eb77c36c1ced02041?s=96&r=g\",\"caption\":\"Aline S\u00eane\"},\"url\":\"https:\/\/cleitonpinheiro.com.br\/site\/author\/aline\/\"}]}<\/script>\n<!-- \/ Yoast SEO plugin. -->","yoast_head_json":{"title":"A partir de hoje: Rede Transformar seleciona projetos de prote\u00e7\u00e3o do bioma Amaz\u00f4nico - PORTAL DE NOT\u00cdCIAS CLEITON PINHEIRO","robots":{"index":"index","follow":"follow","max-snippet":"max-snippet:-1","max-image-preview":"max-image-preview:large","max-video-preview":"max-video-preview:-1"},"canonical":"https:\/\/cleitonpinheiro.com.br\/site\/a-partir-de-hoje-rede-transformar-seleciona-projetos-de-protecao-do-bioma-amazonico\/","og_locale":"pt_BR","og_type":"article","og_title":"A partir de hoje: Rede Transformar seleciona projetos de prote\u00e7\u00e3o do bioma Amaz\u00f4nico - PORTAL DE NOT\u00cdCIAS CLEITON PINHEIRO","og_description":"A partir de hoje, dia 18 de maio, est\u00e3o abertas as inscri\u00e7\u00f5es para sele\u00e7\u00e3o de projetos voltados \u00e0 preserva\u00e7\u00e3o do bioma Amaz\u00f4nico da Rede Transformar, uma iniciativa plural e multissetorial que re\u00fane empresas, para promover o desenvolvimento de comunidades. A sele\u00e7\u00e3o dos projetos tem como objetivo acelerar iniciativas de prote\u00e7\u00e3o da Floresta Amaz\u00f4nica realizadas nos [&hellip;]","og_url":"https:\/\/cleitonpinheiro.com.br\/site\/a-partir-de-hoje-rede-transformar-seleciona-projetos-de-protecao-do-bioma-amazonico\/","og_site_name":"PORTAL DE NOT\u00cdCIAS CLEITON PINHEIRO","article_publisher":"https:\/\/www.facebook.com\/portalcpnoticias\/","article_published_time":"2023-05-18T19:01:10+00:00","article_modified_time":"2023-05-18T19:01:32+00:00","og_image":[{"width":1600,"height":1066,"url":"https:\/\/cleitonpinheiro.com.br\/site\/wp-content\/uploads\/2023\/05\/ac2f1804-8733-4174-bdb4-8afdd39f450d-compressed.jpg","type":"image\/jpeg"}],"author":"Aline S\u00eane","twitter_card":"summary_large_image","twitter_misc":{"Escrito por":"Aline S\u00eane","Est. tempo de leitura":"2 minutos"},"schema":{"@context":"https:\/\/schema.org","@graph":[{"@type":"Article","@id":"https:\/\/cleitonpinheiro.com.br\/site\/a-partir-de-hoje-rede-transformar-seleciona-projetos-de-protecao-do-bioma-amazonico\/#article","isPartOf":{"@id":"https:\/\/cleitonpinheiro.com.br\/site\/a-partir-de-hoje-rede-transformar-seleciona-projetos-de-protecao-do-bioma-amazonico\/"},"author":{"name":"Aline S\u00eane","@id":"https:\/\/cleitonpinheiro.com.br\/site\/#\/schema\/person\/fb5b70a4efda610efc234c60abf2e241"},"headline":"A partir de hoje: Rede Transformar seleciona projetos de prote\u00e7\u00e3o do bioma Amaz\u00f4nico","datePublished":"2023-05-18T19:01:10+00:00","dateModified":"2023-05-18T19:01:32+00:00","mainEntityOfPage":{"@id":"https:\/\/cleitonpinheiro.com.br\/site\/a-partir-de-hoje-rede-transformar-seleciona-projetos-de-protecao-do-bioma-amazonico\/"},"wordCount":282,"commentCount":1,"publisher":{"@id":"https:\/\/cleitonpinheiro.com.br\/site\/#organization"},"image":{"@id":"https:\/\/cleitonpinheiro.com.br\/site\/a-partir-de-hoje-rede-transformar-seleciona-projetos-de-protecao-do-bioma-amazonico\/#primaryimage"},"thumbnailUrl":"https:\/\/cleitonpinheiro.com.br\/site\/wp-content\/uploads\/2023\/05\/ac2f1804-8733-4174-bdb4-8afdd39f450d-compressed.jpg","articleSection":["BRASIL \/ MUNDO","MANCHETE SEGUND\u00c1RIA"],"inLanguage":"pt-BR","potentialAction":[{"@type":"CommentAction","name":"Comment","target":["https:\/\/cleitonpinheiro.com.br\/site\/a-partir-de-hoje-rede-transformar-seleciona-projetos-de-protecao-do-bioma-amazonico\/#respond"]}]},{"@type":"WebPage","@id":"https:\/\/cleitonpinheiro.com.br\/site\/a-partir-de-hoje-rede-transformar-seleciona-projetos-de-protecao-do-bioma-amazonico\/","url":"https:\/\/cleitonpinheiro.com.br\/site\/a-partir-de-hoje-rede-transformar-seleciona-projetos-de-protecao-do-bioma-amazonico\/","name":"A partir de hoje: Rede Transformar seleciona projetos de prote\u00e7\u00e3o do bioma Amaz\u00f4nico - PORTAL DE NOT\u00cdCIAS CLEITON PINHEIRO","isPartOf":{"@id":"https:\/\/cleitonpinheiro.com.br\/site\/#website"},"primaryImageOfPage":{"@id":"https:\/\/cleitonpinheiro.com.br\/site\/a-partir-de-hoje-rede-transformar-seleciona-projetos-de-protecao-do-bioma-amazonico\/#primaryimage"},"image":{"@id":"https:\/\/cleitonpinheiro.com.br\/site\/a-partir-de-hoje-rede-transformar-seleciona-projetos-de-protecao-do-bioma-amazonico\/#primaryimage"},"thumbnailUrl":"https:\/\/cleitonpinheiro.com.br\/site\/wp-content\/uploads\/2023\/05\/ac2f1804-8733-4174-bdb4-8afdd39f450d-compressed.jpg","datePublished":"2023-05-18T19:01:10+00:00","dateModified":"2023-05-18T19:01:32+00:00","breadcrumb":{"@id":"https:\/\/cleitonpinheiro.com.br\/site\/a-partir-de-hoje-rede-transformar-seleciona-projetos-de-protecao-do-bioma-amazonico\/#breadcrumb"},"inLanguage":"pt-BR","potentialAction":[{"@type":"ReadAction","target":["https:\/\/cleitonpinheiro.com.br\/site\/a-partir-de-hoje-rede-transformar-seleciona-projetos-de-protecao-do-bioma-amazonico\/"]}]},{"@type":"ImageObject","inLanguage":"pt-BR","@id":"https:\/\/cleitonpinheiro.com.br\/site\/a-partir-de-hoje-rede-transformar-seleciona-projetos-de-protecao-do-bioma-amazonico\/#primaryimage","url":"","contentUrl":""},{"@type":"BreadcrumbList","@id":"https:\/\/cleitonpinheiro.com.br\/site\/a-partir-de-hoje-rede-transformar-seleciona-projetos-de-protecao-do-bioma-amazonico\/#breadcrumb","itemListElement":[{"@type":"ListItem","position":1,"name":"In\u00edcio","item":"https:\/\/cleitonpinheiro.com.br\/site\/"},{"@type":"ListItem","position":2,"name":"A partir de hoje: Rede Transformar seleciona projetos de prote\u00e7\u00e3o do bioma Amaz\u00f4nico"}]},{"@type":"WebSite","@id":"https:\/\/cleitonpinheiro.com.br\/site\/#website","url":"https:\/\/cleitonpinheiro.com.br\/site\/","name":"PORTAL DE NOT\u00cdCIAS CLEITON PINHEIRO","description":"FALANDO A VERDADE","publisher":{"@id":"https:\/\/cleitonpinheiro.com.br\/site\/#organization"},"potentialAction":[{"@type":"SearchAction","target":{"@type":"EntryPoint","urlTemplate":"https:\/\/cleitonpinheiro.com.br\/site\/?s={search_term_string}"},"query-input":{"@type":"PropertyValueSpecification","valueRequired":true,"valueName":"search_term_string"}}],"inLanguage":"pt-BR"},{"@type":"Organization","@id":"https:\/\/cleitonpinheiro.com.br\/site\/#organization","name":"CPNOT\u00cdCIAS","url":"https:\/\/cleitonpinheiro.com.br\/site\/","logo":{"@type":"ImageObject","inLanguage":"pt-BR","@id":"https:\/\/cleitonpinheiro.com.br\/site\/#\/schema\/logo\/image\/","url":"https:\/\/cleitonpinheiro.com.br\/site\/wp-content\/uploads\/2022\/08\/Logo-pequena-2.png","contentUrl":"https:\/\/cleitonpinheiro.com.br\/site\/wp-content\/uploads\/2022\/08\/Logo-pequena-2.png","width":500,"height":500,"caption":"CPNOT\u00cdCIAS"},"image":{"@id":"https:\/\/cleitonpinheiro.com.br\/site\/#\/schema\/logo\/image\/"},"sameAs":["https:\/\/www.facebook.com\/portalcpnoticias\/"]},{"@type":"Person","@id":"https:\/\/cleitonpinheiro.com.br\/site\/#\/schema\/person\/fb5b70a4efda610efc234c60abf2e241","name":"Aline S\u00eane","image":{"@type":"ImageObject","inLanguage":"pt-BR","@id":"https:\/\/cleitonpinheiro.com.br\/site\/#\/schema\/person\/image\/","url":"https:\/\/secure.gravatar.com\/avatar\/371f872d5c0d1dc15d0ff5bc6c3cdf52c62231d7e826fc0eb77c36c1ced02041?s=96&r=g","contentUrl":"https:\/\/secure.gravatar.com\/avatar\/371f872d5c0d1dc15d0ff5bc6c3cdf52c62231d7e826fc0eb77c36c1ced02041?s=96&r=g","caption":"Aline S\u00eane"},"url":"https:\/\/cleitonpinheiro.com.br\/site\/author\/aline\/"}]}},"views":294,"_links":{"self":[{"href":"https:\/\/cleitonpinheiro.com.br\/site\/wp-json\/wp\/v2\/posts\/71164","targetHints":{"allow":["GET"]}}],"collection":[{"href":"https:\/\/cleitonpinheiro.com.br\/site\/wp-json\/wp\/v2\/posts"}],"about":[{"href":"https:\/\/cleitonpinheiro.com.br\/site\/wp-json\/wp\/v2\/types\/post"}],"author":[{"embeddable":true,"href":"https:\/\/cleitonpinheiro.com.br\/site\/wp-json\/wp\/v2\/users\/6"}],"replies":[{"embeddable":true,"href":"https:\/\/cleitonpinheiro.com.br\/site\/wp-json\/wp\/v2\/comments?post=71164"}],"version-history":[{"count":1,"href":"https:\/\/cleitonpinheiro.com.br\/site\/wp-json\/wp\/v2\/posts\/71164\/revisions"}],"predecessor-version":[{"id":71166,"href":"https:\/\/cleitonpinheiro.com.br\/site\/wp-json\/wp\/v2\/posts\/71164\/revisions\/71166"}],"wp:attachment":[{"href":"https:\/\/cleitonpinheiro.com.br\/site\/wp-json\/wp\/v2\/media?parent=71164"}],"wp:term":[{"taxonomy":"category","embeddable":true,"href":"https:\/\/cleitonpinheiro.com.br\/site\/wp-json\/wp\/v2\/categories?post=71164"},{"taxonomy":"post_tag","embeddable":true,"href":"https:\/\/cleitonpinheiro.com.br\/site\/wp-json\/wp\/v2\/tags?post=71164"}],"curies":[{"name":"wp","href":"https:\/\/api.w.org\/{rel}","templated":true}]}}