{"id":71223,"date":"2023-05-22T10:24:37","date_gmt":"2023-05-22T13:24:37","guid":{"rendered":"https:\/\/cleitonpinheiro.com.br\/site\/?p=71223"},"modified":"2023-05-23T10:40:05","modified_gmt":"2023-05-23T13:40:05","slug":"servidores-da-saude-e-do-quadro-geral-do-municipio-de-porto-nacional-irao-as-ruas-nesta-segunda-cobrar-o-cumprimento-dos-seus-direitos","status":"publish","type":"post","link":"https:\/\/cleitonpinheiro.com.br\/site\/servidores-da-saude-e-do-quadro-geral-do-municipio-de-porto-nacional-irao-as-ruas-nesta-segunda-cobrar-o-cumprimento-dos-seus-direitos\/","title":{"rendered":"Servidores da Sa\u00fade e do Quadro Geral do munic\u00edpio de Porto Nacional ir\u00e3o as ruas nesta segunda cobrar o cumprimento dos seus direitos"},"content":{"rendered":"\n<figure class=\"wp-block-image size-full is-resized\"><img fetchpriority=\"high\" decoding=\"async\" src=\"https:\/\/cleitonpinheiro.com.br\/site\/wp-content\/uploads\/2023\/05\/Design-sem-nome-17-compressed.jpg\" alt=\"\" class=\"wp-image-71224\" width=\"1091\" height=\"655\"\/><\/figure>\n\n\n\n<p>Os servidores da sa\u00fade e do quadro geral do munic\u00edpio de Porto Nacional est\u00e3o organizando um grande ato para a pr\u00f3xima segunda-feira 22 de maio. Segundo a Associa\u00e7\u00e3o dos Servidores P\u00fablicos Municipais no Estado do Tocantins ( ASPMET) essa medida est\u00e1 sendo tomada devido a falta de solu\u00e7\u00e3o na garantia dos direitos dos Servidores do munic\u00edpio.<\/p>\n\n\n\n<p>A entidade afirma que h\u00e1 mais de dois anos vem discutindo com a gest\u00e3o municipal algumas situa\u00e7\u00f5es que precisam ser corrigidas para que os servidores tenham seus direitos respeitados.<br>O ato ter\u00e1 como pautas principal.<\/p>\n\n\n\n<p>*A implementa\u00e7\u00e3o do laudo de insalubridade<br>*O pagamento da data base do ano de 2021 para os servidores do quadro geral.<br>*A publica\u00e7\u00e3o do decreto com chamamento para apresenta\u00e7\u00e3o dos cursos para aqueles servidores que ter\u00e3o direito \u00e0 progress\u00e3o vertical e tamb\u00e9m o pagamento das progress\u00f5es horizontal.<\/p>\n\n\n\n<ul class=\"wp-block-list\">\n<li>Reformula\u00e7\u00f5es dos PCCR da sa\u00fade e do quadro geral.<br>&#8221; Estamos e estaremos sempre abertos ao di\u00e1logo mas chegou o momento de tomar medidas mais duras porque todo di\u00e1logo chegar a uma solu\u00e7\u00e3o e at\u00e9 o momento n\u00e3o vimos nenhuma solu\u00e7\u00e3o concreta. Por isso iremos fazer esse ato p\u00fablico em frente \u00e0 prefeitura municipal para mostrar o nosso descontentamento com essa falta de solu\u00e7\u00e3o. Adotaremos todas as medidas cab\u00edveis para fazer com que o direito dos nossos associados sejam respeitados&#8221; disse Ronaldo Sergio o presidente da ASPMET. <em><strong>(Texto e foto de autoria da Aspmet, sem edi\u00e7\u00e3o).<\/strong><\/em><\/li>\n<\/ul>\n","protected":false},"excerpt":{"rendered":"<p>Os servidores da sa\u00fade e do quadro geral do munic\u00edpio de Porto Nacional est\u00e3o organizando um grande ato para a pr\u00f3xima segunda-feira 22 de maio. Segundo a Associa\u00e7\u00e3o dos Servidores P\u00fablicos Municipais no Estado do Tocantins ( ASPMET) essa medida est\u00e1 sendo tomada devido a falta de solu\u00e7\u00e3o na garantia dos direitos dos Servidores do [&hellip;]<\/p>\n","protected":false},"author":9,"featured_media":0,"comment_status":"open","ping_status":"open","sticky":false,"template":"","format":"standard","meta":{"_acf_changed":false,"footnotes":""},"categories":[25,21],"tags":[],"class_list":["post-71223","post","type-post","status-publish","format-standard","hentry","category-funcionalismo","category-todas-noticias"],"acf":[],"yoast_head":"<!-- This site is optimized with the Yoast SEO plugin v24.4 - https:\/\/yoast.com\/wordpress\/plugins\/seo\/ -->\n<title>Servidores da Sa\u00fade e do Quadro Geral do munic\u00edpio de Porto Nacional ir\u00e3o as ruas nesta segunda cobrar o cumprimento dos seus direitos - PORTAL DE NOT\u00cdCIAS CLEITON PINHEIRO<\/title>\n<meta name=\"robots\" content=\"index, follow, max-snippet:-1, max-image-preview:large, max-video-preview:-1\" \/>\n<link rel=\"canonical\" href=\"https:\/\/cleitonpinheiro.com.br\/site\/servidores-da-saude-e-do-quadro-geral-do-municipio-de-porto-nacional-irao-as-ruas-nesta-segunda-cobrar-o-cumprimento-dos-seus-direitos\/\" \/>\n<meta property=\"og:locale\" content=\"pt_BR\" \/>\n<meta property=\"og:type\" content=\"article\" \/>\n<meta property=\"og:title\" content=\"Servidores da Sa\u00fade e do Quadro Geral do munic\u00edpio de Porto Nacional ir\u00e3o as ruas nesta segunda cobrar o cumprimento dos seus direitos - PORTAL DE NOT\u00cdCIAS CLEITON PINHEIRO\" \/>\n<meta property=\"og:description\" content=\"Os servidores da sa\u00fade e do quadro geral do munic\u00edpio de Porto Nacional est\u00e3o organizando um grande ato para a pr\u00f3xima segunda-feira 22 de maio. Segundo a Associa\u00e7\u00e3o dos Servidores P\u00fablicos Municipais no Estado do Tocantins ( ASPMET) essa medida est\u00e1 sendo tomada devido a falta de solu\u00e7\u00e3o na garantia dos direitos dos Servidores do [&hellip;]\" \/>\n<meta property=\"og:url\" content=\"https:\/\/cleitonpinheiro.com.br\/site\/servidores-da-saude-e-do-quadro-geral-do-municipio-de-porto-nacional-irao-as-ruas-nesta-segunda-cobrar-o-cumprimento-dos-seus-direitos\/\" \/>\n<meta property=\"og:site_name\" content=\"PORTAL DE NOT\u00cdCIAS CLEITON PINHEIRO\" \/>\n<meta property=\"article:publisher\" content=\"https:\/\/www.facebook.com\/portalcpnoticias\/\" \/>\n<meta property=\"article:published_time\" content=\"2023-05-22T13:24:37+00:00\" \/>\n<meta property=\"article:modified_time\" content=\"2023-05-23T13:40:05+00:00\" \/>\n<meta property=\"og:image\" content=\"https:\/\/cleitonpinheiro.com.br\/site\/wp-content\/uploads\/2023\/05\/Design-sem-nome-17-compressed.jpg\" \/>\n\t<meta property=\"og:image:width\" content=\"750\" \/>\n\t<meta property=\"og:image:height\" content=\"450\" \/>\n\t<meta property=\"og:image:type\" content=\"image\/jpeg\" \/>\n<meta name=\"author\" content=\"RGF Sistemas\" \/>\n<meta name=\"twitter:card\" content=\"summary_large_image\" \/>\n<meta name=\"twitter:label1\" content=\"Escrito por\" \/>\n\t<meta name=\"twitter:data1\" content=\"RGF Sistemas\" \/>\n\t<meta name=\"twitter:label2\" content=\"Est. tempo de leitura\" \/>\n\t<meta name=\"twitter:data2\" content=\"2 minutos\" \/>\n<script type=\"application\/ld+json\" class=\"yoast-schema-graph\">{\"@context\":\"https:\/\/schema.org\",\"@graph\":[{\"@type\":\"Article\",\"@id\":\"https:\/\/cleitonpinheiro.com.br\/site\/servidores-da-saude-e-do-quadro-geral-do-municipio-de-porto-nacional-irao-as-ruas-nesta-segunda-cobrar-o-cumprimento-dos-seus-direitos\/#article\",\"isPartOf\":{\"@id\":\"https:\/\/cleitonpinheiro.com.br\/site\/servidores-da-saude-e-do-quadro-geral-do-municipio-de-porto-nacional-irao-as-ruas-nesta-segunda-cobrar-o-cumprimento-dos-seus-direitos\/\"},\"author\":{\"name\":\"RGF Sistemas\",\"@id\":\"https:\/\/cleitonpinheiro.com.br\/site\/#\/schema\/person\/b7621891c193194dd412fdc1ff9b2b41\"},\"headline\":\"Servidores da Sa\u00fade e do Quadro Geral do munic\u00edpio de Porto Nacional ir\u00e3o as ruas nesta segunda cobrar o cumprimento dos seus direitos\",\"datePublished\":\"2023-05-22T13:24:37+00:00\",\"dateModified\":\"2023-05-23T13:40:05+00:00\",\"mainEntityOfPage\":{\"@id\":\"https:\/\/cleitonpinheiro.com.br\/site\/servidores-da-saude-e-do-quadro-geral-do-municipio-de-porto-nacional-irao-as-ruas-nesta-segunda-cobrar-o-cumprimento-dos-seus-direitos\/\"},\"wordCount\":282,\"commentCount\":0,\"publisher\":{\"@id\":\"https:\/\/cleitonpinheiro.com.br\/site\/#organization\"},\"image\":{\"@id\":\"https:\/\/cleitonpinheiro.com.br\/site\/servidores-da-saude-e-do-quadro-geral-do-municipio-de-porto-nacional-irao-as-ruas-nesta-segunda-cobrar-o-cumprimento-dos-seus-direitos\/#primaryimage\"},\"thumbnailUrl\":\"https:\/\/cleitonpinheiro.com.br\/site\/wp-content\/uploads\/2023\/05\/Design-sem-nome-17-compressed.jpg\",\"articleSection\":[\"FUNCIONALISMO\",\"TODAS NOTICIAS\"],\"inLanguage\":\"pt-BR\",\"potentialAction\":[{\"@type\":\"CommentAction\",\"name\":\"Comment\",\"target\":[\"https:\/\/cleitonpinheiro.com.br\/site\/servidores-da-saude-e-do-quadro-geral-do-municipio-de-porto-nacional-irao-as-ruas-nesta-segunda-cobrar-o-cumprimento-dos-seus-direitos\/#respond\"]}]},{\"@type\":\"WebPage\",\"@id\":\"https:\/\/cleitonpinheiro.com.br\/site\/servidores-da-saude-e-do-quadro-geral-do-municipio-de-porto-nacional-irao-as-ruas-nesta-segunda-cobrar-o-cumprimento-dos-seus-direitos\/\",\"url\":\"https:\/\/cleitonpinheiro.com.br\/site\/servidores-da-saude-e-do-quadro-geral-do-municipio-de-porto-nacional-irao-as-ruas-nesta-segunda-cobrar-o-cumprimento-dos-seus-direitos\/\",\"name\":\"Servidores da Sa\u00fade e do Quadro Geral do munic\u00edpio de Porto Nacional ir\u00e3o as ruas nesta segunda cobrar o cumprimento dos seus direitos - PORTAL DE NOT\u00cdCIAS CLEITON PINHEIRO\",\"isPartOf\":{\"@id\":\"https:\/\/cleitonpinheiro.com.br\/site\/#website\"},\"primaryImageOfPage\":{\"@id\":\"https:\/\/cleitonpinheiro.com.br\/site\/servidores-da-saude-e-do-quadro-geral-do-municipio-de-porto-nacional-irao-as-ruas-nesta-segunda-cobrar-o-cumprimento-dos-seus-direitos\/#primaryimage\"},\"image\":{\"@id\":\"https:\/\/cleitonpinheiro.com.br\/site\/servidores-da-saude-e-do-quadro-geral-do-municipio-de-porto-nacional-irao-as-ruas-nesta-segunda-cobrar-o-cumprimento-dos-seus-direitos\/#primaryimage\"},\"thumbnailUrl\":\"https:\/\/cleitonpinheiro.com.br\/site\/wp-content\/uploads\/2023\/05\/Design-sem-nome-17-compressed.jpg\",\"datePublished\":\"2023-05-22T13:24:37+00:00\",\"dateModified\":\"2023-05-23T13:40:05+00:00\",\"breadcrumb\":{\"@id\":\"https:\/\/cleitonpinheiro.com.br\/site\/servidores-da-saude-e-do-quadro-geral-do-municipio-de-porto-nacional-irao-as-ruas-nesta-segunda-cobrar-o-cumprimento-dos-seus-direitos\/#breadcrumb\"},\"inLanguage\":\"pt-BR\",\"potentialAction\":[{\"@type\":\"ReadAction\",\"target\":[\"https:\/\/cleitonpinheiro.com.br\/site\/servidores-da-saude-e-do-quadro-geral-do-municipio-de-porto-nacional-irao-as-ruas-nesta-segunda-cobrar-o-cumprimento-dos-seus-direitos\/\"]}]},{\"@type\":\"ImageObject\",\"inLanguage\":\"pt-BR\",\"@id\":\"https:\/\/cleitonpinheiro.com.br\/site\/servidores-da-saude-e-do-quadro-geral-do-municipio-de-porto-nacional-irao-as-ruas-nesta-segunda-cobrar-o-cumprimento-dos-seus-direitos\/#primaryimage\",\"url\":\"\",\"contentUrl\":\"\"},{\"@type\":\"BreadcrumbList\",\"@id\":\"https:\/\/cleitonpinheiro.com.br\/site\/servidores-da-saude-e-do-quadro-geral-do-municipio-de-porto-nacional-irao-as-ruas-nesta-segunda-cobrar-o-cumprimento-dos-seus-direitos\/#breadcrumb\",\"itemListElement\":[{\"@type\":\"ListItem\",\"position\":1,\"name\":\"In\u00edcio\",\"item\":\"https:\/\/cleitonpinheiro.com.br\/site\/\"},{\"@type\":\"ListItem\",\"position\":2,\"name\":\"Servidores da Sa\u00fade e do Quadro Geral do munic\u00edpio de Porto Nacional ir\u00e3o as ruas nesta segunda cobrar o cumprimento dos seus direitos\"}]},{\"@type\":\"WebSite\",\"@id\":\"https:\/\/cleitonpinheiro.com.br\/site\/#website\",\"url\":\"https:\/\/cleitonpinheiro.com.br\/site\/\",\"name\":\"PORTAL DE NOT\u00cdCIAS CLEITON PINHEIRO\",\"description\":\"FALANDO A VERDADE\",\"publisher\":{\"@id\":\"https:\/\/cleitonpinheiro.com.br\/site\/#organization\"},\"potentialAction\":[{\"@type\":\"SearchAction\",\"target\":{\"@type\":\"EntryPoint\",\"urlTemplate\":\"https:\/\/cleitonpinheiro.com.br\/site\/?s={search_term_string}\"},\"query-input\":{\"@type\":\"PropertyValueSpecification\",\"valueRequired\":true,\"valueName\":\"search_term_string\"}}],\"inLanguage\":\"pt-BR\"},{\"@type\":\"Organization\",\"@id\":\"https:\/\/cleitonpinheiro.com.br\/site\/#organization\",\"name\":\"CPNOT\u00cdCIAS\",\"url\":\"https:\/\/cleitonpinheiro.com.br\/site\/\",\"logo\":{\"@type\":\"ImageObject\",\"inLanguage\":\"pt-BR\",\"@id\":\"https:\/\/cleitonpinheiro.com.br\/site\/#\/schema\/logo\/image\/\",\"url\":\"https:\/\/cleitonpinheiro.com.br\/site\/wp-content\/uploads\/2022\/08\/Logo-pequena-2.png\",\"contentUrl\":\"https:\/\/cleitonpinheiro.com.br\/site\/wp-content\/uploads\/2022\/08\/Logo-pequena-2.png\",\"width\":500,\"height\":500,\"caption\":\"CPNOT\u00cdCIAS\"},\"image\":{\"@id\":\"https:\/\/cleitonpinheiro.com.br\/site\/#\/schema\/logo\/image\/\"},\"sameAs\":[\"https:\/\/www.facebook.com\/portalcpnoticias\/\"]},{\"@type\":\"Person\",\"@id\":\"https:\/\/cleitonpinheiro.com.br\/site\/#\/schema\/person\/b7621891c193194dd412fdc1ff9b2b41\",\"name\":\"RGF Sistemas\",\"image\":{\"@type\":\"ImageObject\",\"inLanguage\":\"pt-BR\",\"@id\":\"https:\/\/cleitonpinheiro.com.br\/site\/#\/schema\/person\/image\/\",\"url\":\"https:\/\/secure.gravatar.com\/avatar\/59e110c11e5eecf4636340abed101b4cddb70ca9f64acab0fe8863bcc0a66b2d?s=96&r=g\",\"contentUrl\":\"https:\/\/secure.gravatar.com\/avatar\/59e110c11e5eecf4636340abed101b4cddb70ca9f64acab0fe8863bcc0a66b2d?s=96&r=g\",\"caption\":\"RGF Sistemas\"},\"url\":\"https:\/\/cleitonpinheiro.com.br\/site\/author\/rgfsite\/\"}]}<\/script>\n<!-- \/ Yoast SEO plugin. -->","yoast_head_json":{"title":"Servidores da Sa\u00fade e do Quadro Geral do munic\u00edpio de Porto Nacional ir\u00e3o as ruas nesta segunda cobrar o cumprimento dos seus direitos - PORTAL DE NOT\u00cdCIAS CLEITON PINHEIRO","robots":{"index":"index","follow":"follow","max-snippet":"max-snippet:-1","max-image-preview":"max-image-preview:large","max-video-preview":"max-video-preview:-1"},"canonical":"https:\/\/cleitonpinheiro.com.br\/site\/servidores-da-saude-e-do-quadro-geral-do-municipio-de-porto-nacional-irao-as-ruas-nesta-segunda-cobrar-o-cumprimento-dos-seus-direitos\/","og_locale":"pt_BR","og_type":"article","og_title":"Servidores da Sa\u00fade e do Quadro Geral do munic\u00edpio de Porto Nacional ir\u00e3o as ruas nesta segunda cobrar o cumprimento dos seus direitos - PORTAL DE NOT\u00cdCIAS CLEITON PINHEIRO","og_description":"Os servidores da sa\u00fade e do quadro geral do munic\u00edpio de Porto Nacional est\u00e3o organizando um grande ato para a pr\u00f3xima segunda-feira 22 de maio. Segundo a Associa\u00e7\u00e3o dos Servidores P\u00fablicos Municipais no Estado do Tocantins ( ASPMET) essa medida est\u00e1 sendo tomada devido a falta de solu\u00e7\u00e3o na garantia dos direitos dos Servidores do [&hellip;]","og_url":"https:\/\/cleitonpinheiro.com.br\/site\/servidores-da-saude-e-do-quadro-geral-do-municipio-de-porto-nacional-irao-as-ruas-nesta-segunda-cobrar-o-cumprimento-dos-seus-direitos\/","og_site_name":"PORTAL DE NOT\u00cdCIAS CLEITON PINHEIRO","article_publisher":"https:\/\/www.facebook.com\/portalcpnoticias\/","article_published_time":"2023-05-22T13:24:37+00:00","article_modified_time":"2023-05-23T13:40:05+00:00","og_image":[{"width":750,"height":450,"url":"https:\/\/cleitonpinheiro.com.br\/site\/wp-content\/uploads\/2023\/05\/Design-sem-nome-17-compressed.jpg","type":"image\/jpeg"}],"author":"RGF Sistemas","twitter_card":"summary_large_image","twitter_misc":{"Escrito por":"RGF Sistemas","Est. tempo de leitura":"2 minutos"},"schema":{"@context":"https:\/\/schema.org","@graph":[{"@type":"Article","@id":"https:\/\/cleitonpinheiro.com.br\/site\/servidores-da-saude-e-do-quadro-geral-do-municipio-de-porto-nacional-irao-as-ruas-nesta-segunda-cobrar-o-cumprimento-dos-seus-direitos\/#article","isPartOf":{"@id":"https:\/\/cleitonpinheiro.com.br\/site\/servidores-da-saude-e-do-quadro-geral-do-municipio-de-porto-nacional-irao-as-ruas-nesta-segunda-cobrar-o-cumprimento-dos-seus-direitos\/"},"author":{"name":"RGF Sistemas","@id":"https:\/\/cleitonpinheiro.com.br\/site\/#\/schema\/person\/b7621891c193194dd412fdc1ff9b2b41"},"headline":"Servidores da Sa\u00fade e do Quadro Geral do munic\u00edpio de Porto Nacional ir\u00e3o as ruas nesta segunda cobrar o cumprimento dos seus direitos","datePublished":"2023-05-22T13:24:37+00:00","dateModified":"2023-05-23T13:40:05+00:00","mainEntityOfPage":{"@id":"https:\/\/cleitonpinheiro.com.br\/site\/servidores-da-saude-e-do-quadro-geral-do-municipio-de-porto-nacional-irao-as-ruas-nesta-segunda-cobrar-o-cumprimento-dos-seus-direitos\/"},"wordCount":282,"commentCount":0,"publisher":{"@id":"https:\/\/cleitonpinheiro.com.br\/site\/#organization"},"image":{"@id":"https:\/\/cleitonpinheiro.com.br\/site\/servidores-da-saude-e-do-quadro-geral-do-municipio-de-porto-nacional-irao-as-ruas-nesta-segunda-cobrar-o-cumprimento-dos-seus-direitos\/#primaryimage"},"thumbnailUrl":"https:\/\/cleitonpinheiro.com.br\/site\/wp-content\/uploads\/2023\/05\/Design-sem-nome-17-compressed.jpg","articleSection":["FUNCIONALISMO","TODAS NOTICIAS"],"inLanguage":"pt-BR","potentialAction":[{"@type":"CommentAction","name":"Comment","target":["https:\/\/cleitonpinheiro.com.br\/site\/servidores-da-saude-e-do-quadro-geral-do-municipio-de-porto-nacional-irao-as-ruas-nesta-segunda-cobrar-o-cumprimento-dos-seus-direitos\/#respond"]}]},{"@type":"WebPage","@id":"https:\/\/cleitonpinheiro.com.br\/site\/servidores-da-saude-e-do-quadro-geral-do-municipio-de-porto-nacional-irao-as-ruas-nesta-segunda-cobrar-o-cumprimento-dos-seus-direitos\/","url":"https:\/\/cleitonpinheiro.com.br\/site\/servidores-da-saude-e-do-quadro-geral-do-municipio-de-porto-nacional-irao-as-ruas-nesta-segunda-cobrar-o-cumprimento-dos-seus-direitos\/","name":"Servidores da Sa\u00fade e do Quadro Geral do munic\u00edpio de Porto Nacional ir\u00e3o as ruas nesta segunda cobrar o cumprimento dos seus direitos - PORTAL DE NOT\u00cdCIAS CLEITON PINHEIRO","isPartOf":{"@id":"https:\/\/cleitonpinheiro.com.br\/site\/#website"},"primaryImageOfPage":{"@id":"https:\/\/cleitonpinheiro.com.br\/site\/servidores-da-saude-e-do-quadro-geral-do-municipio-de-porto-nacional-irao-as-ruas-nesta-segunda-cobrar-o-cumprimento-dos-seus-direitos\/#primaryimage"},"image":{"@id":"https:\/\/cleitonpinheiro.com.br\/site\/servidores-da-saude-e-do-quadro-geral-do-municipio-de-porto-nacional-irao-as-ruas-nesta-segunda-cobrar-o-cumprimento-dos-seus-direitos\/#primaryimage"},"thumbnailUrl":"https:\/\/cleitonpinheiro.com.br\/site\/wp-content\/uploads\/2023\/05\/Design-sem-nome-17-compressed.jpg","datePublished":"2023-05-22T13:24:37+00:00","dateModified":"2023-05-23T13:40:05+00:00","breadcrumb":{"@id":"https:\/\/cleitonpinheiro.com.br\/site\/servidores-da-saude-e-do-quadro-geral-do-municipio-de-porto-nacional-irao-as-ruas-nesta-segunda-cobrar-o-cumprimento-dos-seus-direitos\/#breadcrumb"},"inLanguage":"pt-BR","potentialAction":[{"@type":"ReadAction","target":["https:\/\/cleitonpinheiro.com.br\/site\/servidores-da-saude-e-do-quadro-geral-do-municipio-de-porto-nacional-irao-as-ruas-nesta-segunda-cobrar-o-cumprimento-dos-seus-direitos\/"]}]},{"@type":"ImageObject","inLanguage":"pt-BR","@id":"https:\/\/cleitonpinheiro.com.br\/site\/servidores-da-saude-e-do-quadro-geral-do-municipio-de-porto-nacional-irao-as-ruas-nesta-segunda-cobrar-o-cumprimento-dos-seus-direitos\/#primaryimage","url":"","contentUrl":""},{"@type":"BreadcrumbList","@id":"https:\/\/cleitonpinheiro.com.br\/site\/servidores-da-saude-e-do-quadro-geral-do-municipio-de-porto-nacional-irao-as-ruas-nesta-segunda-cobrar-o-cumprimento-dos-seus-direitos\/#breadcrumb","itemListElement":[{"@type":"ListItem","position":1,"name":"In\u00edcio","item":"https:\/\/cleitonpinheiro.com.br\/site\/"},{"@type":"ListItem","position":2,"name":"Servidores da Sa\u00fade e do Quadro Geral do munic\u00edpio de Porto Nacional ir\u00e3o as ruas nesta segunda cobrar o cumprimento dos seus direitos"}]},{"@type":"WebSite","@id":"https:\/\/cleitonpinheiro.com.br\/site\/#website","url":"https:\/\/cleitonpinheiro.com.br\/site\/","name":"PORTAL DE NOT\u00cdCIAS CLEITON PINHEIRO","description":"FALANDO A VERDADE","publisher":{"@id":"https:\/\/cleitonpinheiro.com.br\/site\/#organization"},"potentialAction":[{"@type":"SearchAction","target":{"@type":"EntryPoint","urlTemplate":"https:\/\/cleitonpinheiro.com.br\/site\/?s={search_term_string}"},"query-input":{"@type":"PropertyValueSpecification","valueRequired":true,"valueName":"search_term_string"}}],"inLanguage":"pt-BR"},{"@type":"Organization","@id":"https:\/\/cleitonpinheiro.com.br\/site\/#organization","name":"CPNOT\u00cdCIAS","url":"https:\/\/cleitonpinheiro.com.br\/site\/","logo":{"@type":"ImageObject","inLanguage":"pt-BR","@id":"https:\/\/cleitonpinheiro.com.br\/site\/#\/schema\/logo\/image\/","url":"https:\/\/cleitonpinheiro.com.br\/site\/wp-content\/uploads\/2022\/08\/Logo-pequena-2.png","contentUrl":"https:\/\/cleitonpinheiro.com.br\/site\/wp-content\/uploads\/2022\/08\/Logo-pequena-2.png","width":500,"height":500,"caption":"CPNOT\u00cdCIAS"},"image":{"@id":"https:\/\/cleitonpinheiro.com.br\/site\/#\/schema\/logo\/image\/"},"sameAs":["https:\/\/www.facebook.com\/portalcpnoticias\/"]},{"@type":"Person","@id":"https:\/\/cleitonpinheiro.com.br\/site\/#\/schema\/person\/b7621891c193194dd412fdc1ff9b2b41","name":"RGF Sistemas","image":{"@type":"ImageObject","inLanguage":"pt-BR","@id":"https:\/\/cleitonpinheiro.com.br\/site\/#\/schema\/person\/image\/","url":"https:\/\/secure.gravatar.com\/avatar\/59e110c11e5eecf4636340abed101b4cddb70ca9f64acab0fe8863bcc0a66b2d?s=96&r=g","contentUrl":"https:\/\/secure.gravatar.com\/avatar\/59e110c11e5eecf4636340abed101b4cddb70ca9f64acab0fe8863bcc0a66b2d?s=96&r=g","caption":"RGF Sistemas"},"url":"https:\/\/cleitonpinheiro.com.br\/site\/author\/rgfsite\/"}]}},"views":340,"_links":{"self":[{"href":"https:\/\/cleitonpinheiro.com.br\/site\/wp-json\/wp\/v2\/posts\/71223","targetHints":{"allow":["GET"]}}],"collection":[{"href":"https:\/\/cleitonpinheiro.com.br\/site\/wp-json\/wp\/v2\/posts"}],"about":[{"href":"https:\/\/cleitonpinheiro.com.br\/site\/wp-json\/wp\/v2\/types\/post"}],"author":[{"embeddable":true,"href":"https:\/\/cleitonpinheiro.com.br\/site\/wp-json\/wp\/v2\/users\/9"}],"replies":[{"embeddable":true,"href":"https:\/\/cleitonpinheiro.com.br\/site\/wp-json\/wp\/v2\/comments?post=71223"}],"version-history":[{"count":1,"href":"https:\/\/cleitonpinheiro.com.br\/site\/wp-json\/wp\/v2\/posts\/71223\/revisions"}],"predecessor-version":[{"id":71225,"href":"https:\/\/cleitonpinheiro.com.br\/site\/wp-json\/wp\/v2\/posts\/71223\/revisions\/71225"}],"wp:attachment":[{"href":"https:\/\/cleitonpinheiro.com.br\/site\/wp-json\/wp\/v2\/media?parent=71223"}],"wp:term":[{"taxonomy":"category","embeddable":true,"href":"https:\/\/cleitonpinheiro.com.br\/site\/wp-json\/wp\/v2\/categories?post=71223"},{"taxonomy":"post_tag","embeddable":true,"href":"https:\/\/cleitonpinheiro.com.br\/site\/wp-json\/wp\/v2\/tags?post=71223"}],"curies":[{"name":"wp","href":"https:\/\/api.w.org\/{rel}","templated":true}]}}