{"id":71226,"date":"2023-05-22T14:13:02","date_gmt":"2023-05-22T17:13:02","guid":{"rendered":"https:\/\/cleitonpinheiro.com.br\/site\/?p=71226"},"modified":"2023-05-23T10:39:47","modified_gmt":"2023-05-23T13:39:47","slug":"servidores-da-prefeitura-municipal-de-porto-nacional-protestam-por-garantia-de-direitos","status":"publish","type":"post","link":"https:\/\/cleitonpinheiro.com.br\/site\/servidores-da-prefeitura-municipal-de-porto-nacional-protestam-por-garantia-de-direitos\/","title":{"rendered":"Servidores da prefeitura municipal de Porto Nacional protestam por garantia de direitos"},"content":{"rendered":"\n<figure class=\"wp-block-image size-full is-resized\"><img fetchpriority=\"high\" decoding=\"async\" src=\"https:\/\/cleitonpinheiro.com.br\/site\/wp-content\/uploads\/2023\/05\/Design-sem-nome-18-compressed.jpg\" alt=\"\" class=\"wp-image-71227\" width=\"917\" height=\"550\"\/><\/figure>\n\n\n\n<p>Na manh\u00e3 desta segunda-feira, 22 de maio, os servidores municipais de Porto Nacional, estiveram reunidos em ato realizado na regi\u00e3o central da cidade. Na ocasi\u00e3o, participaram trabalhadores da sa\u00fade, quadro geral, dentre outras \u00e1reas.<\/p>\n\n\n\n<p>Ronaldo S\u00e9rgio, presidente da Associa\u00e7\u00e3o dos Servidores P\u00fablicos Municipais do Estado do Tocantins (ASPMET), falou sobre a iniciativa. &#8220;Nosso intuito com esse ato com esse grande ato em defesa dos direitos dos servidores do munic\u00edpio, \u00e9 garantir o cumprimento da lei. Estamos \u00e0 v\u00e1rios anos buscando dialogar para que direitos como insalubridade, progress\u00f5es, data-base e fossem pagos, e a reformula\u00e7\u00e3o do PCCR fosse feita, mas sem sucesso at\u00e9 o momento. Foram v\u00e1rias reuni\u00f5es com o gestor municipal, mas nada de concreto foi decidido, diante disso decidimos vir \u00e0s ruas para reivindicar aquilo que \u00e9 direito do servidor municipal. Vamos fazer dessa luta um momento hist\u00f3rico em Porto Nacional\u201d, concluiu.<\/p>\n\n\n\n<p>Ronaldo refor\u00e7ou ainda que a Associa\u00e7\u00e3o se manter\u00e1 firme e vigilante para certificar que todos os direitos dos servidores sejam garantidos. <em><strong>(Texto e foto de autoria da Aspmet, sem edi\u00e7\u00e3o).<\/strong><\/em><\/p>\n","protected":false},"excerpt":{"rendered":"<p>Na manh\u00e3 desta segunda-feira, 22 de maio, os servidores municipais de Porto Nacional, estiveram reunidos em ato realizado na regi\u00e3o central da cidade. Na ocasi\u00e3o, participaram trabalhadores da sa\u00fade, quadro geral, dentre outras \u00e1reas. Ronaldo S\u00e9rgio, presidente da Associa\u00e7\u00e3o dos Servidores P\u00fablicos Municipais do Estado do Tocantins (ASPMET), falou sobre a iniciativa. &#8220;Nosso intuito com [&hellip;]<\/p>\n","protected":false},"author":4,"featured_media":0,"comment_status":"open","ping_status":"open","sticky":false,"template":"","format":"standard","meta":{"_acf_changed":false,"footnotes":""},"categories":[25,21],"tags":[],"class_list":["post-71226","post","type-post","status-publish","format-standard","hentry","category-funcionalismo","category-todas-noticias"],"acf":[],"yoast_head":"<!-- This site is optimized with the Yoast SEO plugin v24.4 - https:\/\/yoast.com\/wordpress\/plugins\/seo\/ -->\n<title>Servidores da prefeitura municipal de Porto Nacional protestam por garantia de direitos - PORTAL DE NOT\u00cdCIAS CLEITON PINHEIRO<\/title>\n<meta name=\"robots\" content=\"index, follow, max-snippet:-1, max-image-preview:large, max-video-preview:-1\" \/>\n<link rel=\"canonical\" href=\"https:\/\/cleitonpinheiro.com.br\/site\/servidores-da-prefeitura-municipal-de-porto-nacional-protestam-por-garantia-de-direitos\/\" \/>\n<meta property=\"og:locale\" content=\"pt_BR\" \/>\n<meta property=\"og:type\" content=\"article\" \/>\n<meta property=\"og:title\" content=\"Servidores da prefeitura municipal de Porto Nacional protestam por garantia de direitos - PORTAL DE NOT\u00cdCIAS CLEITON PINHEIRO\" \/>\n<meta property=\"og:description\" content=\"Na manh\u00e3 desta segunda-feira, 22 de maio, os servidores municipais de Porto Nacional, estiveram reunidos em ato realizado na regi\u00e3o central da cidade. Na ocasi\u00e3o, participaram trabalhadores da sa\u00fade, quadro geral, dentre outras \u00e1reas. Ronaldo S\u00e9rgio, presidente da Associa\u00e7\u00e3o dos Servidores P\u00fablicos Municipais do Estado do Tocantins (ASPMET), falou sobre a iniciativa. &#8220;Nosso intuito com [&hellip;]\" \/>\n<meta property=\"og:url\" content=\"https:\/\/cleitonpinheiro.com.br\/site\/servidores-da-prefeitura-municipal-de-porto-nacional-protestam-por-garantia-de-direitos\/\" \/>\n<meta property=\"og:site_name\" content=\"PORTAL DE NOT\u00cdCIAS CLEITON PINHEIRO\" \/>\n<meta property=\"article:publisher\" content=\"https:\/\/www.facebook.com\/portalcpnoticias\/\" \/>\n<meta property=\"article:published_time\" content=\"2023-05-22T17:13:02+00:00\" \/>\n<meta property=\"article:modified_time\" content=\"2023-05-23T13:39:47+00:00\" \/>\n<meta property=\"og:image\" content=\"https:\/\/cleitonpinheiro.com.br\/site\/wp-content\/uploads\/2023\/05\/Design-sem-nome-18-compressed.jpg\" \/>\n\t<meta property=\"og:image:width\" content=\"750\" \/>\n\t<meta property=\"og:image:height\" content=\"450\" \/>\n\t<meta property=\"og:image:type\" content=\"image\/jpeg\" \/>\n<meta name=\"author\" content=\"Dermival Pereira\" \/>\n<meta name=\"twitter:card\" content=\"summary_large_image\" \/>\n<meta name=\"twitter:label1\" content=\"Escrito por\" \/>\n\t<meta name=\"twitter:data1\" content=\"Dermival Pereira\" \/>\n\t<meta name=\"twitter:label2\" content=\"Est. tempo de leitura\" \/>\n\t<meta name=\"twitter:data2\" content=\"2 minutos\" \/>\n<script type=\"application\/ld+json\" class=\"yoast-schema-graph\">{\"@context\":\"https:\/\/schema.org\",\"@graph\":[{\"@type\":\"Article\",\"@id\":\"https:\/\/cleitonpinheiro.com.br\/site\/servidores-da-prefeitura-municipal-de-porto-nacional-protestam-por-garantia-de-direitos\/#article\",\"isPartOf\":{\"@id\":\"https:\/\/cleitonpinheiro.com.br\/site\/servidores-da-prefeitura-municipal-de-porto-nacional-protestam-por-garantia-de-direitos\/\"},\"author\":{\"name\":\"Dermival Pereira\",\"@id\":\"https:\/\/cleitonpinheiro.com.br\/site\/#\/schema\/person\/aac6d7f311e80c43042e98a900b03cd8\"},\"headline\":\"Servidores da prefeitura municipal de Porto Nacional protestam por garantia de direitos\",\"datePublished\":\"2023-05-22T17:13:02+00:00\",\"dateModified\":\"2023-05-23T13:39:47+00:00\",\"mainEntityOfPage\":{\"@id\":\"https:\/\/cleitonpinheiro.com.br\/site\/servidores-da-prefeitura-municipal-de-porto-nacional-protestam-por-garantia-de-direitos\/\"},\"wordCount\":197,\"commentCount\":0,\"publisher\":{\"@id\":\"https:\/\/cleitonpinheiro.com.br\/site\/#organization\"},\"image\":{\"@id\":\"https:\/\/cleitonpinheiro.com.br\/site\/servidores-da-prefeitura-municipal-de-porto-nacional-protestam-por-garantia-de-direitos\/#primaryimage\"},\"thumbnailUrl\":\"https:\/\/cleitonpinheiro.com.br\/site\/wp-content\/uploads\/2023\/05\/Design-sem-nome-18-compressed.jpg\",\"articleSection\":[\"FUNCIONALISMO\",\"TODAS NOTICIAS\"],\"inLanguage\":\"pt-BR\",\"potentialAction\":[{\"@type\":\"CommentAction\",\"name\":\"Comment\",\"target\":[\"https:\/\/cleitonpinheiro.com.br\/site\/servidores-da-prefeitura-municipal-de-porto-nacional-protestam-por-garantia-de-direitos\/#respond\"]}]},{\"@type\":\"WebPage\",\"@id\":\"https:\/\/cleitonpinheiro.com.br\/site\/servidores-da-prefeitura-municipal-de-porto-nacional-protestam-por-garantia-de-direitos\/\",\"url\":\"https:\/\/cleitonpinheiro.com.br\/site\/servidores-da-prefeitura-municipal-de-porto-nacional-protestam-por-garantia-de-direitos\/\",\"name\":\"Servidores da prefeitura municipal de Porto Nacional protestam por garantia de direitos - PORTAL DE NOT\u00cdCIAS CLEITON PINHEIRO\",\"isPartOf\":{\"@id\":\"https:\/\/cleitonpinheiro.com.br\/site\/#website\"},\"primaryImageOfPage\":{\"@id\":\"https:\/\/cleitonpinheiro.com.br\/site\/servidores-da-prefeitura-municipal-de-porto-nacional-protestam-por-garantia-de-direitos\/#primaryimage\"},\"image\":{\"@id\":\"https:\/\/cleitonpinheiro.com.br\/site\/servidores-da-prefeitura-municipal-de-porto-nacional-protestam-por-garantia-de-direitos\/#primaryimage\"},\"thumbnailUrl\":\"https:\/\/cleitonpinheiro.com.br\/site\/wp-content\/uploads\/2023\/05\/Design-sem-nome-18-compressed.jpg\",\"datePublished\":\"2023-05-22T17:13:02+00:00\",\"dateModified\":\"2023-05-23T13:39:47+00:00\",\"breadcrumb\":{\"@id\":\"https:\/\/cleitonpinheiro.com.br\/site\/servidores-da-prefeitura-municipal-de-porto-nacional-protestam-por-garantia-de-direitos\/#breadcrumb\"},\"inLanguage\":\"pt-BR\",\"potentialAction\":[{\"@type\":\"ReadAction\",\"target\":[\"https:\/\/cleitonpinheiro.com.br\/site\/servidores-da-prefeitura-municipal-de-porto-nacional-protestam-por-garantia-de-direitos\/\"]}]},{\"@type\":\"ImageObject\",\"inLanguage\":\"pt-BR\",\"@id\":\"https:\/\/cleitonpinheiro.com.br\/site\/servidores-da-prefeitura-municipal-de-porto-nacional-protestam-por-garantia-de-direitos\/#primaryimage\",\"url\":\"\",\"contentUrl\":\"\"},{\"@type\":\"BreadcrumbList\",\"@id\":\"https:\/\/cleitonpinheiro.com.br\/site\/servidores-da-prefeitura-municipal-de-porto-nacional-protestam-por-garantia-de-direitos\/#breadcrumb\",\"itemListElement\":[{\"@type\":\"ListItem\",\"position\":1,\"name\":\"In\u00edcio\",\"item\":\"https:\/\/cleitonpinheiro.com.br\/site\/\"},{\"@type\":\"ListItem\",\"position\":2,\"name\":\"Servidores da prefeitura municipal de Porto Nacional protestam por garantia de direitos\"}]},{\"@type\":\"WebSite\",\"@id\":\"https:\/\/cleitonpinheiro.com.br\/site\/#website\",\"url\":\"https:\/\/cleitonpinheiro.com.br\/site\/\",\"name\":\"PORTAL DE NOT\u00cdCIAS CLEITON PINHEIRO\",\"description\":\"FALANDO A VERDADE\",\"publisher\":{\"@id\":\"https:\/\/cleitonpinheiro.com.br\/site\/#organization\"},\"potentialAction\":[{\"@type\":\"SearchAction\",\"target\":{\"@type\":\"EntryPoint\",\"urlTemplate\":\"https:\/\/cleitonpinheiro.com.br\/site\/?s={search_term_string}\"},\"query-input\":{\"@type\":\"PropertyValueSpecification\",\"valueRequired\":true,\"valueName\":\"search_term_string\"}}],\"inLanguage\":\"pt-BR\"},{\"@type\":\"Organization\",\"@id\":\"https:\/\/cleitonpinheiro.com.br\/site\/#organization\",\"name\":\"CPNOT\u00cdCIAS\",\"url\":\"https:\/\/cleitonpinheiro.com.br\/site\/\",\"logo\":{\"@type\":\"ImageObject\",\"inLanguage\":\"pt-BR\",\"@id\":\"https:\/\/cleitonpinheiro.com.br\/site\/#\/schema\/logo\/image\/\",\"url\":\"https:\/\/cleitonpinheiro.com.br\/site\/wp-content\/uploads\/2022\/08\/Logo-pequena-2.png\",\"contentUrl\":\"https:\/\/cleitonpinheiro.com.br\/site\/wp-content\/uploads\/2022\/08\/Logo-pequena-2.png\",\"width\":500,\"height\":500,\"caption\":\"CPNOT\u00cdCIAS\"},\"image\":{\"@id\":\"https:\/\/cleitonpinheiro.com.br\/site\/#\/schema\/logo\/image\/\"},\"sameAs\":[\"https:\/\/www.facebook.com\/portalcpnoticias\/\"]},{\"@type\":\"Person\",\"@id\":\"https:\/\/cleitonpinheiro.com.br\/site\/#\/schema\/person\/aac6d7f311e80c43042e98a900b03cd8\",\"name\":\"Dermival Pereira\",\"image\":{\"@type\":\"ImageObject\",\"inLanguage\":\"pt-BR\",\"@id\":\"https:\/\/cleitonpinheiro.com.br\/site\/#\/schema\/person\/image\/\",\"url\":\"https:\/\/secure.gravatar.com\/avatar\/cfaebf3742d6bf8db728bcba3eed6bee37b02337a2e6c822994f20ca72a3784d?s=96&r=g\",\"contentUrl\":\"https:\/\/secure.gravatar.com\/avatar\/cfaebf3742d6bf8db728bcba3eed6bee37b02337a2e6c822994f20ca72a3784d?s=96&r=g\",\"caption\":\"Dermival Pereira\"},\"url\":\"https:\/\/cleitonpinheiro.com.br\/site\/author\/dermival\/\"}]}<\/script>\n<!-- \/ Yoast SEO plugin. -->","yoast_head_json":{"title":"Servidores da prefeitura municipal de Porto Nacional protestam por garantia de direitos - PORTAL DE NOT\u00cdCIAS CLEITON PINHEIRO","robots":{"index":"index","follow":"follow","max-snippet":"max-snippet:-1","max-image-preview":"max-image-preview:large","max-video-preview":"max-video-preview:-1"},"canonical":"https:\/\/cleitonpinheiro.com.br\/site\/servidores-da-prefeitura-municipal-de-porto-nacional-protestam-por-garantia-de-direitos\/","og_locale":"pt_BR","og_type":"article","og_title":"Servidores da prefeitura municipal de Porto Nacional protestam por garantia de direitos - PORTAL DE NOT\u00cdCIAS CLEITON PINHEIRO","og_description":"Na manh\u00e3 desta segunda-feira, 22 de maio, os servidores municipais de Porto Nacional, estiveram reunidos em ato realizado na regi\u00e3o central da cidade. Na ocasi\u00e3o, participaram trabalhadores da sa\u00fade, quadro geral, dentre outras \u00e1reas. Ronaldo S\u00e9rgio, presidente da Associa\u00e7\u00e3o dos Servidores P\u00fablicos Municipais do Estado do Tocantins (ASPMET), falou sobre a iniciativa. &#8220;Nosso intuito com [&hellip;]","og_url":"https:\/\/cleitonpinheiro.com.br\/site\/servidores-da-prefeitura-municipal-de-porto-nacional-protestam-por-garantia-de-direitos\/","og_site_name":"PORTAL DE NOT\u00cdCIAS CLEITON PINHEIRO","article_publisher":"https:\/\/www.facebook.com\/portalcpnoticias\/","article_published_time":"2023-05-22T17:13:02+00:00","article_modified_time":"2023-05-23T13:39:47+00:00","og_image":[{"width":750,"height":450,"url":"https:\/\/cleitonpinheiro.com.br\/site\/wp-content\/uploads\/2023\/05\/Design-sem-nome-18-compressed.jpg","type":"image\/jpeg"}],"author":"Dermival Pereira","twitter_card":"summary_large_image","twitter_misc":{"Escrito por":"Dermival Pereira","Est. tempo de leitura":"2 minutos"},"schema":{"@context":"https:\/\/schema.org","@graph":[{"@type":"Article","@id":"https:\/\/cleitonpinheiro.com.br\/site\/servidores-da-prefeitura-municipal-de-porto-nacional-protestam-por-garantia-de-direitos\/#article","isPartOf":{"@id":"https:\/\/cleitonpinheiro.com.br\/site\/servidores-da-prefeitura-municipal-de-porto-nacional-protestam-por-garantia-de-direitos\/"},"author":{"name":"Dermival Pereira","@id":"https:\/\/cleitonpinheiro.com.br\/site\/#\/schema\/person\/aac6d7f311e80c43042e98a900b03cd8"},"headline":"Servidores da prefeitura municipal de Porto Nacional protestam por garantia de direitos","datePublished":"2023-05-22T17:13:02+00:00","dateModified":"2023-05-23T13:39:47+00:00","mainEntityOfPage":{"@id":"https:\/\/cleitonpinheiro.com.br\/site\/servidores-da-prefeitura-municipal-de-porto-nacional-protestam-por-garantia-de-direitos\/"},"wordCount":197,"commentCount":0,"publisher":{"@id":"https:\/\/cleitonpinheiro.com.br\/site\/#organization"},"image":{"@id":"https:\/\/cleitonpinheiro.com.br\/site\/servidores-da-prefeitura-municipal-de-porto-nacional-protestam-por-garantia-de-direitos\/#primaryimage"},"thumbnailUrl":"https:\/\/cleitonpinheiro.com.br\/site\/wp-content\/uploads\/2023\/05\/Design-sem-nome-18-compressed.jpg","articleSection":["FUNCIONALISMO","TODAS NOTICIAS"],"inLanguage":"pt-BR","potentialAction":[{"@type":"CommentAction","name":"Comment","target":["https:\/\/cleitonpinheiro.com.br\/site\/servidores-da-prefeitura-municipal-de-porto-nacional-protestam-por-garantia-de-direitos\/#respond"]}]},{"@type":"WebPage","@id":"https:\/\/cleitonpinheiro.com.br\/site\/servidores-da-prefeitura-municipal-de-porto-nacional-protestam-por-garantia-de-direitos\/","url":"https:\/\/cleitonpinheiro.com.br\/site\/servidores-da-prefeitura-municipal-de-porto-nacional-protestam-por-garantia-de-direitos\/","name":"Servidores da prefeitura municipal de Porto Nacional protestam por garantia de direitos - PORTAL DE NOT\u00cdCIAS CLEITON PINHEIRO","isPartOf":{"@id":"https:\/\/cleitonpinheiro.com.br\/site\/#website"},"primaryImageOfPage":{"@id":"https:\/\/cleitonpinheiro.com.br\/site\/servidores-da-prefeitura-municipal-de-porto-nacional-protestam-por-garantia-de-direitos\/#primaryimage"},"image":{"@id":"https:\/\/cleitonpinheiro.com.br\/site\/servidores-da-prefeitura-municipal-de-porto-nacional-protestam-por-garantia-de-direitos\/#primaryimage"},"thumbnailUrl":"https:\/\/cleitonpinheiro.com.br\/site\/wp-content\/uploads\/2023\/05\/Design-sem-nome-18-compressed.jpg","datePublished":"2023-05-22T17:13:02+00:00","dateModified":"2023-05-23T13:39:47+00:00","breadcrumb":{"@id":"https:\/\/cleitonpinheiro.com.br\/site\/servidores-da-prefeitura-municipal-de-porto-nacional-protestam-por-garantia-de-direitos\/#breadcrumb"},"inLanguage":"pt-BR","potentialAction":[{"@type":"ReadAction","target":["https:\/\/cleitonpinheiro.com.br\/site\/servidores-da-prefeitura-municipal-de-porto-nacional-protestam-por-garantia-de-direitos\/"]}]},{"@type":"ImageObject","inLanguage":"pt-BR","@id":"https:\/\/cleitonpinheiro.com.br\/site\/servidores-da-prefeitura-municipal-de-porto-nacional-protestam-por-garantia-de-direitos\/#primaryimage","url":"","contentUrl":""},{"@type":"BreadcrumbList","@id":"https:\/\/cleitonpinheiro.com.br\/site\/servidores-da-prefeitura-municipal-de-porto-nacional-protestam-por-garantia-de-direitos\/#breadcrumb","itemListElement":[{"@type":"ListItem","position":1,"name":"In\u00edcio","item":"https:\/\/cleitonpinheiro.com.br\/site\/"},{"@type":"ListItem","position":2,"name":"Servidores da prefeitura municipal de Porto Nacional protestam por garantia de direitos"}]},{"@type":"WebSite","@id":"https:\/\/cleitonpinheiro.com.br\/site\/#website","url":"https:\/\/cleitonpinheiro.com.br\/site\/","name":"PORTAL DE NOT\u00cdCIAS CLEITON PINHEIRO","description":"FALANDO A VERDADE","publisher":{"@id":"https:\/\/cleitonpinheiro.com.br\/site\/#organization"},"potentialAction":[{"@type":"SearchAction","target":{"@type":"EntryPoint","urlTemplate":"https:\/\/cleitonpinheiro.com.br\/site\/?s={search_term_string}"},"query-input":{"@type":"PropertyValueSpecification","valueRequired":true,"valueName":"search_term_string"}}],"inLanguage":"pt-BR"},{"@type":"Organization","@id":"https:\/\/cleitonpinheiro.com.br\/site\/#organization","name":"CPNOT\u00cdCIAS","url":"https:\/\/cleitonpinheiro.com.br\/site\/","logo":{"@type":"ImageObject","inLanguage":"pt-BR","@id":"https:\/\/cleitonpinheiro.com.br\/site\/#\/schema\/logo\/image\/","url":"https:\/\/cleitonpinheiro.com.br\/site\/wp-content\/uploads\/2022\/08\/Logo-pequena-2.png","contentUrl":"https:\/\/cleitonpinheiro.com.br\/site\/wp-content\/uploads\/2022\/08\/Logo-pequena-2.png","width":500,"height":500,"caption":"CPNOT\u00cdCIAS"},"image":{"@id":"https:\/\/cleitonpinheiro.com.br\/site\/#\/schema\/logo\/image\/"},"sameAs":["https:\/\/www.facebook.com\/portalcpnoticias\/"]},{"@type":"Person","@id":"https:\/\/cleitonpinheiro.com.br\/site\/#\/schema\/person\/aac6d7f311e80c43042e98a900b03cd8","name":"Dermival Pereira","image":{"@type":"ImageObject","inLanguage":"pt-BR","@id":"https:\/\/cleitonpinheiro.com.br\/site\/#\/schema\/person\/image\/","url":"https:\/\/secure.gravatar.com\/avatar\/cfaebf3742d6bf8db728bcba3eed6bee37b02337a2e6c822994f20ca72a3784d?s=96&r=g","contentUrl":"https:\/\/secure.gravatar.com\/avatar\/cfaebf3742d6bf8db728bcba3eed6bee37b02337a2e6c822994f20ca72a3784d?s=96&r=g","caption":"Dermival Pereira"},"url":"https:\/\/cleitonpinheiro.com.br\/site\/author\/dermival\/"}]}},"views":1356,"_links":{"self":[{"href":"https:\/\/cleitonpinheiro.com.br\/site\/wp-json\/wp\/v2\/posts\/71226","targetHints":{"allow":["GET"]}}],"collection":[{"href":"https:\/\/cleitonpinheiro.com.br\/site\/wp-json\/wp\/v2\/posts"}],"about":[{"href":"https:\/\/cleitonpinheiro.com.br\/site\/wp-json\/wp\/v2\/types\/post"}],"author":[{"embeddable":true,"href":"https:\/\/cleitonpinheiro.com.br\/site\/wp-json\/wp\/v2\/users\/4"}],"replies":[{"embeddable":true,"href":"https:\/\/cleitonpinheiro.com.br\/site\/wp-json\/wp\/v2\/comments?post=71226"}],"version-history":[{"count":1,"href":"https:\/\/cleitonpinheiro.com.br\/site\/wp-json\/wp\/v2\/posts\/71226\/revisions"}],"predecessor-version":[{"id":71228,"href":"https:\/\/cleitonpinheiro.com.br\/site\/wp-json\/wp\/v2\/posts\/71226\/revisions\/71228"}],"wp:attachment":[{"href":"https:\/\/cleitonpinheiro.com.br\/site\/wp-json\/wp\/v2\/media?parent=71226"}],"wp:term":[{"taxonomy":"category","embeddable":true,"href":"https:\/\/cleitonpinheiro.com.br\/site\/wp-json\/wp\/v2\/categories?post=71226"},{"taxonomy":"post_tag","embeddable":true,"href":"https:\/\/cleitonpinheiro.com.br\/site\/wp-json\/wp\/v2\/tags?post=71226"}],"curies":[{"name":"wp","href":"https:\/\/api.w.org\/{rel}","templated":true}]}}