{"id":71233,"date":"2023-05-22T14:28:05","date_gmt":"2023-05-22T17:28:05","guid":{"rendered":"https:\/\/cleitonpinheiro.com.br\/site\/?p=71233"},"modified":"2023-05-23T15:16:10","modified_gmt":"2023-05-23T18:16:10","slug":"tocantins-e-o-3o-estado-da-regiao-norte-com-menor-taxa-de-desemprego-segundo-pesquisa","status":"publish","type":"post","link":"https:\/\/cleitonpinheiro.com.br\/site\/tocantins-e-o-3o-estado-da-regiao-norte-com-menor-taxa-de-desemprego-segundo-pesquisa\/","title":{"rendered":"Pesquisa aponta TO em 3\u00ba lugar na regi\u00e3o Norte com menor taxa de desemprego"},"content":{"rendered":"\n<figure class=\"wp-block-image size-full is-resized\"><img fetchpriority=\"high\" decoding=\"async\" src=\"https:\/\/cleitonpinheiro.com.br\/site\/wp-content\/uploads\/2023\/05\/Design-sem-nome-20-compressed.jpg\" alt=\"\" class=\"wp-image-71234\" width=\"1085\" height=\"651\"\/><figcaption class=\"wp-element-caption\">Foto: Carlessandro Souza\/Governo do Tocantins<\/figcaption><\/figure>\n\n\n\n<p>De acordo com a \u00faltima Pesquisa Nacional por Amostra de Domic\u00edlio (PNAD) realizada pelo Instituto Brasileiro de Geografia e Estat\u00edstica (IBGE) e divulgada na quinta-feira, 18, o Estado do Tocantins, no primeiro trimestre de 2023, apresentou uma popula\u00e7\u00e3o ocupada de 751 mil trabalhadores. Esse n\u00famero \u00e9 7,29% maior que o apresentado no mesmo per\u00edodo do ano anterior registrado em 700 mil trabalhadores. Isso equivale a dizer que de um ano para o outro o Tocantins passou a ter 51 mil pessoas a mais trabalhando.<\/p>\n\n\n\n<p>A Popula\u00e7\u00e3o Desocupada, apontada na \u00faltima Pnad, foi de 56 mil trabalhadores, o que indica a redu\u00e7\u00e3o de 21,13% na taxa de desemprego, quando comparada ao \u00faltimo trimestre de 2022. O que tamb\u00e9m coloca o Tocantins entre os tr\u00eas que tiveram menor taxa de desemprego entre os estados da regi\u00e3o Norte.<\/p>\n\n\n\n<p>O gestor da Secretaria de Estado do Trabalho e Desenvolvimento Social (Setas), Jonis Cala\u00e7a, aponta as crescentes iniciativas do Governo do Estado para promover crescimento econ\u00f4mico como causa dos bons resultados na gera\u00e7\u00e3o de emprego e completa. \u201cAl\u00e9m dos investimentos, o Governo tem apostado na educa\u00e7\u00e3o e na capacita\u00e7\u00e3o profissional do povo tocantinense. Somente este ano, a Setas j\u00e1 capacitou mais de 4 mil pessoas e, no in\u00edcio deste m\u00eas, lan\u00e7amos o programa<em>&nbsp;Jovem Trabalhador<\/em>&nbsp;que dar\u00e1 oportunidade de primeiro emprego a 3 mil jovens dos 139 munic\u00edpios do Estado\u201d, explica o gestor.<\/p>\n\n\n\n<p>Vale lembrar que, para o IBGE, a popula\u00e7\u00e3o ocupada refere-se aos que possuem algum of\u00edcio em um per\u00edodo de refer\u00eancia, sendo esse of\u00edcio remunerado, n\u00e3o remunerado, por conta pr\u00f3pria ou como um empregador; e a popula\u00e7\u00e3o desocupada \u00e9 o grupo de pessoas que n\u00e3o possuem emprego e que est\u00e3o aptas a trabalhar, tendo realizado algum m\u00ednimo esfor\u00e7o para tal.<\/p>\n\n\n\n<p><strong>&nbsp;Popula\u00e7\u00e3o Ocupada no Tocantins<\/strong><\/p>\n\n\n\n<p>No primeiro trimestre de 2023, a popula\u00e7\u00e3o ocupada no Tocantins \u00e9 de 751 mil trabalhadores. Os trabalhadores por conta pr\u00f3pria representam 21% (160 mil trabalhadores). Empregados no setor p\u00fablico (estadual, municipal e federal), inclusive militar, constituem 22% (167 mil). Trabalhadores no setor privado com carteira correspondem a 23% (175 mil trabalhadores) e sem carteira assinada totalizam 20% (152 mil trabalhadores). Trabalhador dom\u00e9stico representa 8% (56 mil trabalhadores); empregador representa 4% (30 mil trabalhadores); e trabalhador familiar constituem 2% (11 mil).<\/p>\n\n\n\n<p><strong>Ranking nacional por taxa de desemprego<\/strong><\/p>\n\n\n\n<p>De acordo com o IBGE \u2013 Pnad Cont\u00ednua \u2013 1\u00b0 Trimestre\/2023, o Tocantins obteve a terceira menor taxa de desocupa\u00e7\u00e3o (desemprego) alcan\u00e7ando 6,9% quando comparado aos demais estados da Regi\u00e3o Norte.<\/p>\n\n\n\n<p>J\u00e1 no ranking nacional por Estado, o Tocantins obteve a 10\u00aa menor taxa de desocupa\u00e7\u00e3o (desemprego) do pa\u00eds, sendo Rond\u00f4nia o estado com a menor taxa seguido por Santa Catarina. <em><strong>(Fonte: Secom do Tocantins).<\/strong><\/em><\/p>\n","protected":false},"excerpt":{"rendered":"<p>De acordo com a \u00faltima Pesquisa Nacional por Amostra de Domic\u00edlio (PNAD) realizada pelo Instituto Brasileiro de Geografia e Estat\u00edstica (IBGE) e divulgada na quinta-feira, 18, o Estado do Tocantins, no primeiro trimestre de 2023, apresentou uma popula\u00e7\u00e3o ocupada de 751 mil trabalhadores. Esse n\u00famero \u00e9 7,29% maior que o apresentado no mesmo per\u00edodo do [&hellip;]<\/p>\n","protected":false},"author":4,"featured_media":0,"comment_status":"open","ping_status":"open","sticky":false,"template":"","format":"standard","meta":{"_acf_changed":false,"footnotes":""},"categories":[8,21],"tags":[],"class_list":["post-71233","post","type-post","status-publish","format-standard","hentry","category-estado","category-todas-noticias"],"acf":[],"yoast_head":"<!-- This site is optimized with the Yoast SEO plugin v24.4 - https:\/\/yoast.com\/wordpress\/plugins\/seo\/ -->\n<title>Pesquisa aponta TO em 3\u00ba lugar na regi\u00e3o Norte com menor taxa de desemprego - PORTAL DE NOT\u00cdCIAS CLEITON PINHEIRO<\/title>\n<meta name=\"robots\" content=\"index, follow, max-snippet:-1, max-image-preview:large, max-video-preview:-1\" \/>\n<link rel=\"canonical\" href=\"https:\/\/cleitonpinheiro.com.br\/site\/tocantins-e-o-3o-estado-da-regiao-norte-com-menor-taxa-de-desemprego-segundo-pesquisa\/\" \/>\n<meta property=\"og:locale\" content=\"pt_BR\" \/>\n<meta property=\"og:type\" content=\"article\" \/>\n<meta property=\"og:title\" content=\"Pesquisa aponta TO em 3\u00ba lugar na regi\u00e3o Norte com menor taxa de desemprego - PORTAL DE NOT\u00cdCIAS CLEITON PINHEIRO\" \/>\n<meta property=\"og:description\" content=\"De acordo com a \u00faltima Pesquisa Nacional por Amostra de Domic\u00edlio (PNAD) realizada pelo Instituto Brasileiro de Geografia e Estat\u00edstica (IBGE) e divulgada na quinta-feira, 18, o Estado do Tocantins, no primeiro trimestre de 2023, apresentou uma popula\u00e7\u00e3o ocupada de 751 mil trabalhadores. Esse n\u00famero \u00e9 7,29% maior que o apresentado no mesmo per\u00edodo do [&hellip;]\" \/>\n<meta property=\"og:url\" content=\"https:\/\/cleitonpinheiro.com.br\/site\/tocantins-e-o-3o-estado-da-regiao-norte-com-menor-taxa-de-desemprego-segundo-pesquisa\/\" \/>\n<meta property=\"og:site_name\" content=\"PORTAL DE NOT\u00cdCIAS CLEITON PINHEIRO\" \/>\n<meta property=\"article:publisher\" content=\"https:\/\/www.facebook.com\/portalcpnoticias\/\" \/>\n<meta property=\"article:published_time\" content=\"2023-05-22T17:28:05+00:00\" \/>\n<meta property=\"article:modified_time\" content=\"2023-05-23T18:16:10+00:00\" \/>\n<meta property=\"og:image\" content=\"https:\/\/cleitonpinheiro.com.br\/site\/wp-content\/uploads\/2023\/05\/Design-sem-nome-20-compressed.jpg\" \/>\n\t<meta property=\"og:image:width\" content=\"750\" \/>\n\t<meta property=\"og:image:height\" content=\"450\" \/>\n\t<meta property=\"og:image:type\" content=\"image\/jpeg\" \/>\n<meta name=\"author\" content=\"Dermival Pereira\" \/>\n<meta name=\"twitter:card\" content=\"summary_large_image\" \/>\n<meta name=\"twitter:label1\" content=\"Escrito por\" \/>\n\t<meta name=\"twitter:data1\" content=\"Dermival Pereira\" \/>\n\t<meta name=\"twitter:label2\" content=\"Est. tempo de leitura\" \/>\n\t<meta name=\"twitter:data2\" content=\"3 minutos\" \/>\n<script type=\"application\/ld+json\" class=\"yoast-schema-graph\">{\"@context\":\"https:\/\/schema.org\",\"@graph\":[{\"@type\":\"Article\",\"@id\":\"https:\/\/cleitonpinheiro.com.br\/site\/tocantins-e-o-3o-estado-da-regiao-norte-com-menor-taxa-de-desemprego-segundo-pesquisa\/#article\",\"isPartOf\":{\"@id\":\"https:\/\/cleitonpinheiro.com.br\/site\/tocantins-e-o-3o-estado-da-regiao-norte-com-menor-taxa-de-desemprego-segundo-pesquisa\/\"},\"author\":{\"name\":\"Dermival Pereira\",\"@id\":\"https:\/\/cleitonpinheiro.com.br\/site\/#\/schema\/person\/aac6d7f311e80c43042e98a900b03cd8\"},\"headline\":\"Pesquisa aponta TO em 3\u00ba lugar na regi\u00e3o Norte com menor taxa de desemprego\",\"datePublished\":\"2023-05-22T17:28:05+00:00\",\"dateModified\":\"2023-05-23T18:16:10+00:00\",\"mainEntityOfPage\":{\"@id\":\"https:\/\/cleitonpinheiro.com.br\/site\/tocantins-e-o-3o-estado-da-regiao-norte-com-menor-taxa-de-desemprego-segundo-pesquisa\/\"},\"wordCount\":473,\"commentCount\":0,\"publisher\":{\"@id\":\"https:\/\/cleitonpinheiro.com.br\/site\/#organization\"},\"image\":{\"@id\":\"https:\/\/cleitonpinheiro.com.br\/site\/tocantins-e-o-3o-estado-da-regiao-norte-com-menor-taxa-de-desemprego-segundo-pesquisa\/#primaryimage\"},\"thumbnailUrl\":\"https:\/\/cleitonpinheiro.com.br\/site\/wp-content\/uploads\/2023\/05\/Design-sem-nome-20-compressed.jpg\",\"articleSection\":[\"ESTADO\",\"TODAS NOTICIAS\"],\"inLanguage\":\"pt-BR\",\"potentialAction\":[{\"@type\":\"CommentAction\",\"name\":\"Comment\",\"target\":[\"https:\/\/cleitonpinheiro.com.br\/site\/tocantins-e-o-3o-estado-da-regiao-norte-com-menor-taxa-de-desemprego-segundo-pesquisa\/#respond\"]}]},{\"@type\":\"WebPage\",\"@id\":\"https:\/\/cleitonpinheiro.com.br\/site\/tocantins-e-o-3o-estado-da-regiao-norte-com-menor-taxa-de-desemprego-segundo-pesquisa\/\",\"url\":\"https:\/\/cleitonpinheiro.com.br\/site\/tocantins-e-o-3o-estado-da-regiao-norte-com-menor-taxa-de-desemprego-segundo-pesquisa\/\",\"name\":\"Pesquisa aponta TO em 3\u00ba lugar na regi\u00e3o Norte com menor taxa de desemprego - PORTAL DE NOT\u00cdCIAS CLEITON PINHEIRO\",\"isPartOf\":{\"@id\":\"https:\/\/cleitonpinheiro.com.br\/site\/#website\"},\"primaryImageOfPage\":{\"@id\":\"https:\/\/cleitonpinheiro.com.br\/site\/tocantins-e-o-3o-estado-da-regiao-norte-com-menor-taxa-de-desemprego-segundo-pesquisa\/#primaryimage\"},\"image\":{\"@id\":\"https:\/\/cleitonpinheiro.com.br\/site\/tocantins-e-o-3o-estado-da-regiao-norte-com-menor-taxa-de-desemprego-segundo-pesquisa\/#primaryimage\"},\"thumbnailUrl\":\"https:\/\/cleitonpinheiro.com.br\/site\/wp-content\/uploads\/2023\/05\/Design-sem-nome-20-compressed.jpg\",\"datePublished\":\"2023-05-22T17:28:05+00:00\",\"dateModified\":\"2023-05-23T18:16:10+00:00\",\"breadcrumb\":{\"@id\":\"https:\/\/cleitonpinheiro.com.br\/site\/tocantins-e-o-3o-estado-da-regiao-norte-com-menor-taxa-de-desemprego-segundo-pesquisa\/#breadcrumb\"},\"inLanguage\":\"pt-BR\",\"potentialAction\":[{\"@type\":\"ReadAction\",\"target\":[\"https:\/\/cleitonpinheiro.com.br\/site\/tocantins-e-o-3o-estado-da-regiao-norte-com-menor-taxa-de-desemprego-segundo-pesquisa\/\"]}]},{\"@type\":\"ImageObject\",\"inLanguage\":\"pt-BR\",\"@id\":\"https:\/\/cleitonpinheiro.com.br\/site\/tocantins-e-o-3o-estado-da-regiao-norte-com-menor-taxa-de-desemprego-segundo-pesquisa\/#primaryimage\",\"url\":\"\",\"contentUrl\":\"\"},{\"@type\":\"BreadcrumbList\",\"@id\":\"https:\/\/cleitonpinheiro.com.br\/site\/tocantins-e-o-3o-estado-da-regiao-norte-com-menor-taxa-de-desemprego-segundo-pesquisa\/#breadcrumb\",\"itemListElement\":[{\"@type\":\"ListItem\",\"position\":1,\"name\":\"In\u00edcio\",\"item\":\"https:\/\/cleitonpinheiro.com.br\/site\/\"},{\"@type\":\"ListItem\",\"position\":2,\"name\":\"Pesquisa aponta TO em 3\u00ba lugar na regi\u00e3o Norte com menor taxa de desemprego\"}]},{\"@type\":\"WebSite\",\"@id\":\"https:\/\/cleitonpinheiro.com.br\/site\/#website\",\"url\":\"https:\/\/cleitonpinheiro.com.br\/site\/\",\"name\":\"PORTAL DE NOT\u00cdCIAS CLEITON PINHEIRO\",\"description\":\"FALANDO A VERDADE\",\"publisher\":{\"@id\":\"https:\/\/cleitonpinheiro.com.br\/site\/#organization\"},\"potentialAction\":[{\"@type\":\"SearchAction\",\"target\":{\"@type\":\"EntryPoint\",\"urlTemplate\":\"https:\/\/cleitonpinheiro.com.br\/site\/?s={search_term_string}\"},\"query-input\":{\"@type\":\"PropertyValueSpecification\",\"valueRequired\":true,\"valueName\":\"search_term_string\"}}],\"inLanguage\":\"pt-BR\"},{\"@type\":\"Organization\",\"@id\":\"https:\/\/cleitonpinheiro.com.br\/site\/#organization\",\"name\":\"CPNOT\u00cdCIAS\",\"url\":\"https:\/\/cleitonpinheiro.com.br\/site\/\",\"logo\":{\"@type\":\"ImageObject\",\"inLanguage\":\"pt-BR\",\"@id\":\"https:\/\/cleitonpinheiro.com.br\/site\/#\/schema\/logo\/image\/\",\"url\":\"https:\/\/cleitonpinheiro.com.br\/site\/wp-content\/uploads\/2022\/08\/Logo-pequena-2.png\",\"contentUrl\":\"https:\/\/cleitonpinheiro.com.br\/site\/wp-content\/uploads\/2022\/08\/Logo-pequena-2.png\",\"width\":500,\"height\":500,\"caption\":\"CPNOT\u00cdCIAS\"},\"image\":{\"@id\":\"https:\/\/cleitonpinheiro.com.br\/site\/#\/schema\/logo\/image\/\"},\"sameAs\":[\"https:\/\/www.facebook.com\/portalcpnoticias\/\"]},{\"@type\":\"Person\",\"@id\":\"https:\/\/cleitonpinheiro.com.br\/site\/#\/schema\/person\/aac6d7f311e80c43042e98a900b03cd8\",\"name\":\"Dermival Pereira\",\"image\":{\"@type\":\"ImageObject\",\"inLanguage\":\"pt-BR\",\"@id\":\"https:\/\/cleitonpinheiro.com.br\/site\/#\/schema\/person\/image\/\",\"url\":\"https:\/\/secure.gravatar.com\/avatar\/cfaebf3742d6bf8db728bcba3eed6bee37b02337a2e6c822994f20ca72a3784d?s=96&r=g\",\"contentUrl\":\"https:\/\/secure.gravatar.com\/avatar\/cfaebf3742d6bf8db728bcba3eed6bee37b02337a2e6c822994f20ca72a3784d?s=96&r=g\",\"caption\":\"Dermival Pereira\"},\"url\":\"https:\/\/cleitonpinheiro.com.br\/site\/author\/dermival\/\"}]}<\/script>\n<!-- \/ Yoast SEO plugin. -->","yoast_head_json":{"title":"Pesquisa aponta TO em 3\u00ba lugar na regi\u00e3o Norte com menor taxa de desemprego - PORTAL DE NOT\u00cdCIAS CLEITON PINHEIRO","robots":{"index":"index","follow":"follow","max-snippet":"max-snippet:-1","max-image-preview":"max-image-preview:large","max-video-preview":"max-video-preview:-1"},"canonical":"https:\/\/cleitonpinheiro.com.br\/site\/tocantins-e-o-3o-estado-da-regiao-norte-com-menor-taxa-de-desemprego-segundo-pesquisa\/","og_locale":"pt_BR","og_type":"article","og_title":"Pesquisa aponta TO em 3\u00ba lugar na regi\u00e3o Norte com menor taxa de desemprego - PORTAL DE NOT\u00cdCIAS CLEITON PINHEIRO","og_description":"De acordo com a \u00faltima Pesquisa Nacional por Amostra de Domic\u00edlio (PNAD) realizada pelo Instituto Brasileiro de Geografia e Estat\u00edstica (IBGE) e divulgada na quinta-feira, 18, o Estado do Tocantins, no primeiro trimestre de 2023, apresentou uma popula\u00e7\u00e3o ocupada de 751 mil trabalhadores. Esse n\u00famero \u00e9 7,29% maior que o apresentado no mesmo per\u00edodo do [&hellip;]","og_url":"https:\/\/cleitonpinheiro.com.br\/site\/tocantins-e-o-3o-estado-da-regiao-norte-com-menor-taxa-de-desemprego-segundo-pesquisa\/","og_site_name":"PORTAL DE NOT\u00cdCIAS CLEITON PINHEIRO","article_publisher":"https:\/\/www.facebook.com\/portalcpnoticias\/","article_published_time":"2023-05-22T17:28:05+00:00","article_modified_time":"2023-05-23T18:16:10+00:00","og_image":[{"width":750,"height":450,"url":"https:\/\/cleitonpinheiro.com.br\/site\/wp-content\/uploads\/2023\/05\/Design-sem-nome-20-compressed.jpg","type":"image\/jpeg"}],"author":"Dermival Pereira","twitter_card":"summary_large_image","twitter_misc":{"Escrito por":"Dermival Pereira","Est. tempo de leitura":"3 minutos"},"schema":{"@context":"https:\/\/schema.org","@graph":[{"@type":"Article","@id":"https:\/\/cleitonpinheiro.com.br\/site\/tocantins-e-o-3o-estado-da-regiao-norte-com-menor-taxa-de-desemprego-segundo-pesquisa\/#article","isPartOf":{"@id":"https:\/\/cleitonpinheiro.com.br\/site\/tocantins-e-o-3o-estado-da-regiao-norte-com-menor-taxa-de-desemprego-segundo-pesquisa\/"},"author":{"name":"Dermival Pereira","@id":"https:\/\/cleitonpinheiro.com.br\/site\/#\/schema\/person\/aac6d7f311e80c43042e98a900b03cd8"},"headline":"Pesquisa aponta TO em 3\u00ba lugar na regi\u00e3o Norte com menor taxa de desemprego","datePublished":"2023-05-22T17:28:05+00:00","dateModified":"2023-05-23T18:16:10+00:00","mainEntityOfPage":{"@id":"https:\/\/cleitonpinheiro.com.br\/site\/tocantins-e-o-3o-estado-da-regiao-norte-com-menor-taxa-de-desemprego-segundo-pesquisa\/"},"wordCount":473,"commentCount":0,"publisher":{"@id":"https:\/\/cleitonpinheiro.com.br\/site\/#organization"},"image":{"@id":"https:\/\/cleitonpinheiro.com.br\/site\/tocantins-e-o-3o-estado-da-regiao-norte-com-menor-taxa-de-desemprego-segundo-pesquisa\/#primaryimage"},"thumbnailUrl":"https:\/\/cleitonpinheiro.com.br\/site\/wp-content\/uploads\/2023\/05\/Design-sem-nome-20-compressed.jpg","articleSection":["ESTADO","TODAS NOTICIAS"],"inLanguage":"pt-BR","potentialAction":[{"@type":"CommentAction","name":"Comment","target":["https:\/\/cleitonpinheiro.com.br\/site\/tocantins-e-o-3o-estado-da-regiao-norte-com-menor-taxa-de-desemprego-segundo-pesquisa\/#respond"]}]},{"@type":"WebPage","@id":"https:\/\/cleitonpinheiro.com.br\/site\/tocantins-e-o-3o-estado-da-regiao-norte-com-menor-taxa-de-desemprego-segundo-pesquisa\/","url":"https:\/\/cleitonpinheiro.com.br\/site\/tocantins-e-o-3o-estado-da-regiao-norte-com-menor-taxa-de-desemprego-segundo-pesquisa\/","name":"Pesquisa aponta TO em 3\u00ba lugar na regi\u00e3o Norte com menor taxa de desemprego - PORTAL DE NOT\u00cdCIAS CLEITON PINHEIRO","isPartOf":{"@id":"https:\/\/cleitonpinheiro.com.br\/site\/#website"},"primaryImageOfPage":{"@id":"https:\/\/cleitonpinheiro.com.br\/site\/tocantins-e-o-3o-estado-da-regiao-norte-com-menor-taxa-de-desemprego-segundo-pesquisa\/#primaryimage"},"image":{"@id":"https:\/\/cleitonpinheiro.com.br\/site\/tocantins-e-o-3o-estado-da-regiao-norte-com-menor-taxa-de-desemprego-segundo-pesquisa\/#primaryimage"},"thumbnailUrl":"https:\/\/cleitonpinheiro.com.br\/site\/wp-content\/uploads\/2023\/05\/Design-sem-nome-20-compressed.jpg","datePublished":"2023-05-22T17:28:05+00:00","dateModified":"2023-05-23T18:16:10+00:00","breadcrumb":{"@id":"https:\/\/cleitonpinheiro.com.br\/site\/tocantins-e-o-3o-estado-da-regiao-norte-com-menor-taxa-de-desemprego-segundo-pesquisa\/#breadcrumb"},"inLanguage":"pt-BR","potentialAction":[{"@type":"ReadAction","target":["https:\/\/cleitonpinheiro.com.br\/site\/tocantins-e-o-3o-estado-da-regiao-norte-com-menor-taxa-de-desemprego-segundo-pesquisa\/"]}]},{"@type":"ImageObject","inLanguage":"pt-BR","@id":"https:\/\/cleitonpinheiro.com.br\/site\/tocantins-e-o-3o-estado-da-regiao-norte-com-menor-taxa-de-desemprego-segundo-pesquisa\/#primaryimage","url":"","contentUrl":""},{"@type":"BreadcrumbList","@id":"https:\/\/cleitonpinheiro.com.br\/site\/tocantins-e-o-3o-estado-da-regiao-norte-com-menor-taxa-de-desemprego-segundo-pesquisa\/#breadcrumb","itemListElement":[{"@type":"ListItem","position":1,"name":"In\u00edcio","item":"https:\/\/cleitonpinheiro.com.br\/site\/"},{"@type":"ListItem","position":2,"name":"Pesquisa aponta TO em 3\u00ba lugar na regi\u00e3o Norte com menor taxa de desemprego"}]},{"@type":"WebSite","@id":"https:\/\/cleitonpinheiro.com.br\/site\/#website","url":"https:\/\/cleitonpinheiro.com.br\/site\/","name":"PORTAL DE NOT\u00cdCIAS CLEITON PINHEIRO","description":"FALANDO A VERDADE","publisher":{"@id":"https:\/\/cleitonpinheiro.com.br\/site\/#organization"},"potentialAction":[{"@type":"SearchAction","target":{"@type":"EntryPoint","urlTemplate":"https:\/\/cleitonpinheiro.com.br\/site\/?s={search_term_string}"},"query-input":{"@type":"PropertyValueSpecification","valueRequired":true,"valueName":"search_term_string"}}],"inLanguage":"pt-BR"},{"@type":"Organization","@id":"https:\/\/cleitonpinheiro.com.br\/site\/#organization","name":"CPNOT\u00cdCIAS","url":"https:\/\/cleitonpinheiro.com.br\/site\/","logo":{"@type":"ImageObject","inLanguage":"pt-BR","@id":"https:\/\/cleitonpinheiro.com.br\/site\/#\/schema\/logo\/image\/","url":"https:\/\/cleitonpinheiro.com.br\/site\/wp-content\/uploads\/2022\/08\/Logo-pequena-2.png","contentUrl":"https:\/\/cleitonpinheiro.com.br\/site\/wp-content\/uploads\/2022\/08\/Logo-pequena-2.png","width":500,"height":500,"caption":"CPNOT\u00cdCIAS"},"image":{"@id":"https:\/\/cleitonpinheiro.com.br\/site\/#\/schema\/logo\/image\/"},"sameAs":["https:\/\/www.facebook.com\/portalcpnoticias\/"]},{"@type":"Person","@id":"https:\/\/cleitonpinheiro.com.br\/site\/#\/schema\/person\/aac6d7f311e80c43042e98a900b03cd8","name":"Dermival Pereira","image":{"@type":"ImageObject","inLanguage":"pt-BR","@id":"https:\/\/cleitonpinheiro.com.br\/site\/#\/schema\/person\/image\/","url":"https:\/\/secure.gravatar.com\/avatar\/cfaebf3742d6bf8db728bcba3eed6bee37b02337a2e6c822994f20ca72a3784d?s=96&r=g","contentUrl":"https:\/\/secure.gravatar.com\/avatar\/cfaebf3742d6bf8db728bcba3eed6bee37b02337a2e6c822994f20ca72a3784d?s=96&r=g","caption":"Dermival Pereira"},"url":"https:\/\/cleitonpinheiro.com.br\/site\/author\/dermival\/"}]}},"views":268,"_links":{"self":[{"href":"https:\/\/cleitonpinheiro.com.br\/site\/wp-json\/wp\/v2\/posts\/71233","targetHints":{"allow":["GET"]}}],"collection":[{"href":"https:\/\/cleitonpinheiro.com.br\/site\/wp-json\/wp\/v2\/posts"}],"about":[{"href":"https:\/\/cleitonpinheiro.com.br\/site\/wp-json\/wp\/v2\/types\/post"}],"author":[{"embeddable":true,"href":"https:\/\/cleitonpinheiro.com.br\/site\/wp-json\/wp\/v2\/users\/4"}],"replies":[{"embeddable":true,"href":"https:\/\/cleitonpinheiro.com.br\/site\/wp-json\/wp\/v2\/comments?post=71233"}],"version-history":[{"count":5,"href":"https:\/\/cleitonpinheiro.com.br\/site\/wp-json\/wp\/v2\/posts\/71233\/revisions"}],"predecessor-version":[{"id":71240,"href":"https:\/\/cleitonpinheiro.com.br\/site\/wp-json\/wp\/v2\/posts\/71233\/revisions\/71240"}],"wp:attachment":[{"href":"https:\/\/cleitonpinheiro.com.br\/site\/wp-json\/wp\/v2\/media?parent=71233"}],"wp:term":[{"taxonomy":"category","embeddable":true,"href":"https:\/\/cleitonpinheiro.com.br\/site\/wp-json\/wp\/v2\/categories?post=71233"},{"taxonomy":"post_tag","embeddable":true,"href":"https:\/\/cleitonpinheiro.com.br\/site\/wp-json\/wp\/v2\/tags?post=71233"}],"curies":[{"name":"wp","href":"https:\/\/api.w.org\/{rel}","templated":true}]}}