{"id":71241,"date":"2023-05-22T14:53:36","date_gmt":"2023-05-22T17:53:36","guid":{"rendered":"https:\/\/cleitonpinheiro.com.br\/site\/?p=71241"},"modified":"2023-05-23T10:39:10","modified_gmt":"2023-05-23T13:39:10","slug":"policia-civil-recupera-motocicleta-roubada-em-palmas-em-menos-de-24h","status":"publish","type":"post","link":"https:\/\/cleitonpinheiro.com.br\/site\/policia-civil-recupera-motocicleta-roubada-em-palmas-em-menos-de-24h\/","title":{"rendered":"Pol\u00edcia recupera moto roubada em Palmas em menos de 24h"},"content":{"rendered":"\n<figure class=\"wp-block-image size-full is-resized\"><img fetchpriority=\"high\" decoding=\"async\" src=\"https:\/\/cleitonpinheiro.com.br\/site\/wp-content\/uploads\/2023\/05\/Design-sem-nome-21-compressed.jpg\" alt=\"\" class=\"wp-image-71242\" width=\"947\" height=\"568\"\/><\/figure>\n\n\n\n<p>Em continuidade \u00e0s a\u00e7\u00f5es de combate a furtos e roubos de ve\u00edculos em Palmas, na manh\u00e3 desta sexta-feira, 19, policiais civis da Delegacia Estadual de Repress\u00e3o a Furtos e Roubos de Ve\u00edculos Automotores (DERFRVA), coordenados pelo delegado-chefe da unidade, Rossilio Sousa Correia, recuperaram uma motocicleta Honda, modelo NXR BROS, que havia sido roubada, na regi\u00e3o sul da capital, nesta quinta-feira, 18.&nbsp;<\/p>\n\n\n\n<p>Conforme explica o delegado Rossilio, o condutor estava parado com o ve\u00edculo, em Taquaralto, momento em que foi abordado por dois indiv\u00edduos, um deles portando uma arma de fogo. Os investigados anunciaram o roubo e mediante grave amea\u00e7a e viol\u00eancia, retiraram o condutor da motocicleta e partiram em fuga.<\/p>\n\n\n\n<p>Ap\u00f3s tomar conhecimento dos fatos, as equipes da DERFRVA iniciaram as investiga\u00e7\u00f5es e dilig\u00eancias e localizaram e prenderam um dos autores do roubo. Em seguida, os policiais tamb\u00e9m conseguiram encontrar a moto escondida dentro de um matagal pr\u00f3ximo ao Setor Morada do Sol III. O ve\u00edculo foi periciado e restitu\u00eddo ao leg\u00edtimo propriet\u00e1rio.<\/p>\n\n\n\n<p>Ainda de acordo com o delegado Ross\u00edlio, as investiga\u00e7\u00f5es em torno do caso ser\u00e3o intensificadas para que a Pol\u00edcia Civil possa localizar o segundo suspeito que participou da a\u00e7\u00e3o criminosa. \u201cAs equipes de investigadores da Delegacia de Repress\u00e3o a Furtos e Roubos da Pol\u00edcia Civil est\u00e3o atuando firmemente no sentido de localizar os autores de furtos e roubos de ve\u00edculos e tamb\u00e9m localizar os bens e devolv\u00ea-los aos seus verdadeiros donos\u201d, pontuou.<\/p>\n","protected":false},"excerpt":{"rendered":"<p>Em continuidade \u00e0s a\u00e7\u00f5es de combate a furtos e roubos de ve\u00edculos em Palmas, na manh\u00e3 desta sexta-feira, 19, policiais civis da Delegacia Estadual de Repress\u00e3o a Furtos e Roubos de Ve\u00edculos Automotores (DERFRVA), coordenados pelo delegado-chefe da unidade, Rossilio Sousa Correia, recuperaram uma motocicleta Honda, modelo NXR BROS, que havia sido roubada, na regi\u00e3o [&hellip;]<\/p>\n","protected":false},"author":4,"featured_media":0,"comment_status":"open","ping_status":"open","sticky":false,"template":"","format":"standard","meta":{"_acf_changed":false,"footnotes":""},"categories":[22,20],"tags":[],"class_list":["post-71241","post","type-post","status-publish","format-standard","hentry","category-cidades","category-noticias-em-destaque"],"acf":[],"yoast_head":"<!-- This site is optimized with the Yoast SEO plugin v24.4 - https:\/\/yoast.com\/wordpress\/plugins\/seo\/ -->\n<title>Pol\u00edcia recupera moto roubada em Palmas em menos de 24h - PORTAL DE NOT\u00cdCIAS CLEITON PINHEIRO<\/title>\n<meta name=\"robots\" content=\"index, follow, max-snippet:-1, max-image-preview:large, max-video-preview:-1\" \/>\n<link rel=\"canonical\" href=\"https:\/\/cleitonpinheiro.com.br\/site\/policia-civil-recupera-motocicleta-roubada-em-palmas-em-menos-de-24h\/\" \/>\n<meta property=\"og:locale\" content=\"pt_BR\" \/>\n<meta property=\"og:type\" content=\"article\" \/>\n<meta property=\"og:title\" content=\"Pol\u00edcia recupera moto roubada em Palmas em menos de 24h - PORTAL DE NOT\u00cdCIAS CLEITON PINHEIRO\" \/>\n<meta property=\"og:description\" content=\"Em continuidade \u00e0s a\u00e7\u00f5es de combate a furtos e roubos de ve\u00edculos em Palmas, na manh\u00e3 desta sexta-feira, 19, policiais civis da Delegacia Estadual de Repress\u00e3o a Furtos e Roubos de Ve\u00edculos Automotores (DERFRVA), coordenados pelo delegado-chefe da unidade, Rossilio Sousa Correia, recuperaram uma motocicleta Honda, modelo NXR BROS, que havia sido roubada, na regi\u00e3o [&hellip;]\" \/>\n<meta property=\"og:url\" content=\"https:\/\/cleitonpinheiro.com.br\/site\/policia-civil-recupera-motocicleta-roubada-em-palmas-em-menos-de-24h\/\" \/>\n<meta property=\"og:site_name\" content=\"PORTAL DE NOT\u00cdCIAS CLEITON PINHEIRO\" \/>\n<meta property=\"article:publisher\" content=\"https:\/\/www.facebook.com\/portalcpnoticias\/\" \/>\n<meta property=\"article:published_time\" content=\"2023-05-22T17:53:36+00:00\" \/>\n<meta property=\"article:modified_time\" content=\"2023-05-23T13:39:10+00:00\" \/>\n<meta property=\"og:image\" content=\"https:\/\/cleitonpinheiro.com.br\/site\/wp-content\/uploads\/2023\/05\/Design-sem-nome-21-compressed.jpg\" \/>\n\t<meta property=\"og:image:width\" content=\"750\" \/>\n\t<meta property=\"og:image:height\" content=\"450\" \/>\n\t<meta property=\"og:image:type\" content=\"image\/jpeg\" \/>\n<meta name=\"author\" content=\"Dermival Pereira\" \/>\n<meta name=\"twitter:card\" content=\"summary_large_image\" \/>\n<meta name=\"twitter:label1\" content=\"Escrito por\" \/>\n\t<meta name=\"twitter:data1\" content=\"Dermival Pereira\" \/>\n\t<meta name=\"twitter:label2\" content=\"Est. tempo de leitura\" \/>\n\t<meta name=\"twitter:data2\" content=\"2 minutos\" \/>\n<script type=\"application\/ld+json\" class=\"yoast-schema-graph\">{\"@context\":\"https:\/\/schema.org\",\"@graph\":[{\"@type\":\"Article\",\"@id\":\"https:\/\/cleitonpinheiro.com.br\/site\/policia-civil-recupera-motocicleta-roubada-em-palmas-em-menos-de-24h\/#article\",\"isPartOf\":{\"@id\":\"https:\/\/cleitonpinheiro.com.br\/site\/policia-civil-recupera-motocicleta-roubada-em-palmas-em-menos-de-24h\/\"},\"author\":{\"name\":\"Dermival Pereira\",\"@id\":\"https:\/\/cleitonpinheiro.com.br\/site\/#\/schema\/person\/aac6d7f311e80c43042e98a900b03cd8\"},\"headline\":\"Pol\u00edcia recupera moto roubada em Palmas em menos de 24h\",\"datePublished\":\"2023-05-22T17:53:36+00:00\",\"dateModified\":\"2023-05-23T13:39:10+00:00\",\"mainEntityOfPage\":{\"@id\":\"https:\/\/cleitonpinheiro.com.br\/site\/policia-civil-recupera-motocicleta-roubada-em-palmas-em-menos-de-24h\/\"},\"wordCount\":274,\"commentCount\":0,\"publisher\":{\"@id\":\"https:\/\/cleitonpinheiro.com.br\/site\/#organization\"},\"image\":{\"@id\":\"https:\/\/cleitonpinheiro.com.br\/site\/policia-civil-recupera-motocicleta-roubada-em-palmas-em-menos-de-24h\/#primaryimage\"},\"thumbnailUrl\":\"https:\/\/cleitonpinheiro.com.br\/site\/wp-content\/uploads\/2023\/05\/Design-sem-nome-21-compressed.jpg\",\"articleSection\":[\"CIDADES\",\"NOT\u00cdCIAS EM DESTAQUE\"],\"inLanguage\":\"pt-BR\",\"potentialAction\":[{\"@type\":\"CommentAction\",\"name\":\"Comment\",\"target\":[\"https:\/\/cleitonpinheiro.com.br\/site\/policia-civil-recupera-motocicleta-roubada-em-palmas-em-menos-de-24h\/#respond\"]}]},{\"@type\":\"WebPage\",\"@id\":\"https:\/\/cleitonpinheiro.com.br\/site\/policia-civil-recupera-motocicleta-roubada-em-palmas-em-menos-de-24h\/\",\"url\":\"https:\/\/cleitonpinheiro.com.br\/site\/policia-civil-recupera-motocicleta-roubada-em-palmas-em-menos-de-24h\/\",\"name\":\"Pol\u00edcia recupera moto roubada em Palmas em menos de 24h - PORTAL DE NOT\u00cdCIAS CLEITON PINHEIRO\",\"isPartOf\":{\"@id\":\"https:\/\/cleitonpinheiro.com.br\/site\/#website\"},\"primaryImageOfPage\":{\"@id\":\"https:\/\/cleitonpinheiro.com.br\/site\/policia-civil-recupera-motocicleta-roubada-em-palmas-em-menos-de-24h\/#primaryimage\"},\"image\":{\"@id\":\"https:\/\/cleitonpinheiro.com.br\/site\/policia-civil-recupera-motocicleta-roubada-em-palmas-em-menos-de-24h\/#primaryimage\"},\"thumbnailUrl\":\"https:\/\/cleitonpinheiro.com.br\/site\/wp-content\/uploads\/2023\/05\/Design-sem-nome-21-compressed.jpg\",\"datePublished\":\"2023-05-22T17:53:36+00:00\",\"dateModified\":\"2023-05-23T13:39:10+00:00\",\"breadcrumb\":{\"@id\":\"https:\/\/cleitonpinheiro.com.br\/site\/policia-civil-recupera-motocicleta-roubada-em-palmas-em-menos-de-24h\/#breadcrumb\"},\"inLanguage\":\"pt-BR\",\"potentialAction\":[{\"@type\":\"ReadAction\",\"target\":[\"https:\/\/cleitonpinheiro.com.br\/site\/policia-civil-recupera-motocicleta-roubada-em-palmas-em-menos-de-24h\/\"]}]},{\"@type\":\"ImageObject\",\"inLanguage\":\"pt-BR\",\"@id\":\"https:\/\/cleitonpinheiro.com.br\/site\/policia-civil-recupera-motocicleta-roubada-em-palmas-em-menos-de-24h\/#primaryimage\",\"url\":\"\",\"contentUrl\":\"\"},{\"@type\":\"BreadcrumbList\",\"@id\":\"https:\/\/cleitonpinheiro.com.br\/site\/policia-civil-recupera-motocicleta-roubada-em-palmas-em-menos-de-24h\/#breadcrumb\",\"itemListElement\":[{\"@type\":\"ListItem\",\"position\":1,\"name\":\"In\u00edcio\",\"item\":\"https:\/\/cleitonpinheiro.com.br\/site\/\"},{\"@type\":\"ListItem\",\"position\":2,\"name\":\"Pol\u00edcia recupera moto roubada em Palmas em menos de 24h\"}]},{\"@type\":\"WebSite\",\"@id\":\"https:\/\/cleitonpinheiro.com.br\/site\/#website\",\"url\":\"https:\/\/cleitonpinheiro.com.br\/site\/\",\"name\":\"PORTAL DE NOT\u00cdCIAS CLEITON PINHEIRO\",\"description\":\"FALANDO A VERDADE\",\"publisher\":{\"@id\":\"https:\/\/cleitonpinheiro.com.br\/site\/#organization\"},\"potentialAction\":[{\"@type\":\"SearchAction\",\"target\":{\"@type\":\"EntryPoint\",\"urlTemplate\":\"https:\/\/cleitonpinheiro.com.br\/site\/?s={search_term_string}\"},\"query-input\":{\"@type\":\"PropertyValueSpecification\",\"valueRequired\":true,\"valueName\":\"search_term_string\"}}],\"inLanguage\":\"pt-BR\"},{\"@type\":\"Organization\",\"@id\":\"https:\/\/cleitonpinheiro.com.br\/site\/#organization\",\"name\":\"CPNOT\u00cdCIAS\",\"url\":\"https:\/\/cleitonpinheiro.com.br\/site\/\",\"logo\":{\"@type\":\"ImageObject\",\"inLanguage\":\"pt-BR\",\"@id\":\"https:\/\/cleitonpinheiro.com.br\/site\/#\/schema\/logo\/image\/\",\"url\":\"https:\/\/cleitonpinheiro.com.br\/site\/wp-content\/uploads\/2022\/08\/Logo-pequena-2.png\",\"contentUrl\":\"https:\/\/cleitonpinheiro.com.br\/site\/wp-content\/uploads\/2022\/08\/Logo-pequena-2.png\",\"width\":500,\"height\":500,\"caption\":\"CPNOT\u00cdCIAS\"},\"image\":{\"@id\":\"https:\/\/cleitonpinheiro.com.br\/site\/#\/schema\/logo\/image\/\"},\"sameAs\":[\"https:\/\/www.facebook.com\/portalcpnoticias\/\"]},{\"@type\":\"Person\",\"@id\":\"https:\/\/cleitonpinheiro.com.br\/site\/#\/schema\/person\/aac6d7f311e80c43042e98a900b03cd8\",\"name\":\"Dermival Pereira\",\"image\":{\"@type\":\"ImageObject\",\"inLanguage\":\"pt-BR\",\"@id\":\"https:\/\/cleitonpinheiro.com.br\/site\/#\/schema\/person\/image\/\",\"url\":\"https:\/\/secure.gravatar.com\/avatar\/cfaebf3742d6bf8db728bcba3eed6bee37b02337a2e6c822994f20ca72a3784d?s=96&r=g\",\"contentUrl\":\"https:\/\/secure.gravatar.com\/avatar\/cfaebf3742d6bf8db728bcba3eed6bee37b02337a2e6c822994f20ca72a3784d?s=96&r=g\",\"caption\":\"Dermival Pereira\"},\"url\":\"https:\/\/cleitonpinheiro.com.br\/site\/author\/dermival\/\"}]}<\/script>\n<!-- \/ Yoast SEO plugin. -->","yoast_head_json":{"title":"Pol\u00edcia recupera moto roubada em Palmas em menos de 24h - PORTAL DE NOT\u00cdCIAS CLEITON PINHEIRO","robots":{"index":"index","follow":"follow","max-snippet":"max-snippet:-1","max-image-preview":"max-image-preview:large","max-video-preview":"max-video-preview:-1"},"canonical":"https:\/\/cleitonpinheiro.com.br\/site\/policia-civil-recupera-motocicleta-roubada-em-palmas-em-menos-de-24h\/","og_locale":"pt_BR","og_type":"article","og_title":"Pol\u00edcia recupera moto roubada em Palmas em menos de 24h - PORTAL DE NOT\u00cdCIAS CLEITON PINHEIRO","og_description":"Em continuidade \u00e0s a\u00e7\u00f5es de combate a furtos e roubos de ve\u00edculos em Palmas, na manh\u00e3 desta sexta-feira, 19, policiais civis da Delegacia Estadual de Repress\u00e3o a Furtos e Roubos de Ve\u00edculos Automotores (DERFRVA), coordenados pelo delegado-chefe da unidade, Rossilio Sousa Correia, recuperaram uma motocicleta Honda, modelo NXR BROS, que havia sido roubada, na regi\u00e3o [&hellip;]","og_url":"https:\/\/cleitonpinheiro.com.br\/site\/policia-civil-recupera-motocicleta-roubada-em-palmas-em-menos-de-24h\/","og_site_name":"PORTAL DE NOT\u00cdCIAS CLEITON PINHEIRO","article_publisher":"https:\/\/www.facebook.com\/portalcpnoticias\/","article_published_time":"2023-05-22T17:53:36+00:00","article_modified_time":"2023-05-23T13:39:10+00:00","og_image":[{"width":750,"height":450,"url":"https:\/\/cleitonpinheiro.com.br\/site\/wp-content\/uploads\/2023\/05\/Design-sem-nome-21-compressed.jpg","type":"image\/jpeg"}],"author":"Dermival Pereira","twitter_card":"summary_large_image","twitter_misc":{"Escrito por":"Dermival Pereira","Est. tempo de leitura":"2 minutos"},"schema":{"@context":"https:\/\/schema.org","@graph":[{"@type":"Article","@id":"https:\/\/cleitonpinheiro.com.br\/site\/policia-civil-recupera-motocicleta-roubada-em-palmas-em-menos-de-24h\/#article","isPartOf":{"@id":"https:\/\/cleitonpinheiro.com.br\/site\/policia-civil-recupera-motocicleta-roubada-em-palmas-em-menos-de-24h\/"},"author":{"name":"Dermival Pereira","@id":"https:\/\/cleitonpinheiro.com.br\/site\/#\/schema\/person\/aac6d7f311e80c43042e98a900b03cd8"},"headline":"Pol\u00edcia recupera moto roubada em Palmas em menos de 24h","datePublished":"2023-05-22T17:53:36+00:00","dateModified":"2023-05-23T13:39:10+00:00","mainEntityOfPage":{"@id":"https:\/\/cleitonpinheiro.com.br\/site\/policia-civil-recupera-motocicleta-roubada-em-palmas-em-menos-de-24h\/"},"wordCount":274,"commentCount":0,"publisher":{"@id":"https:\/\/cleitonpinheiro.com.br\/site\/#organization"},"image":{"@id":"https:\/\/cleitonpinheiro.com.br\/site\/policia-civil-recupera-motocicleta-roubada-em-palmas-em-menos-de-24h\/#primaryimage"},"thumbnailUrl":"https:\/\/cleitonpinheiro.com.br\/site\/wp-content\/uploads\/2023\/05\/Design-sem-nome-21-compressed.jpg","articleSection":["CIDADES","NOT\u00cdCIAS EM DESTAQUE"],"inLanguage":"pt-BR","potentialAction":[{"@type":"CommentAction","name":"Comment","target":["https:\/\/cleitonpinheiro.com.br\/site\/policia-civil-recupera-motocicleta-roubada-em-palmas-em-menos-de-24h\/#respond"]}]},{"@type":"WebPage","@id":"https:\/\/cleitonpinheiro.com.br\/site\/policia-civil-recupera-motocicleta-roubada-em-palmas-em-menos-de-24h\/","url":"https:\/\/cleitonpinheiro.com.br\/site\/policia-civil-recupera-motocicleta-roubada-em-palmas-em-menos-de-24h\/","name":"Pol\u00edcia recupera moto roubada em Palmas em menos de 24h - PORTAL DE NOT\u00cdCIAS CLEITON PINHEIRO","isPartOf":{"@id":"https:\/\/cleitonpinheiro.com.br\/site\/#website"},"primaryImageOfPage":{"@id":"https:\/\/cleitonpinheiro.com.br\/site\/policia-civil-recupera-motocicleta-roubada-em-palmas-em-menos-de-24h\/#primaryimage"},"image":{"@id":"https:\/\/cleitonpinheiro.com.br\/site\/policia-civil-recupera-motocicleta-roubada-em-palmas-em-menos-de-24h\/#primaryimage"},"thumbnailUrl":"https:\/\/cleitonpinheiro.com.br\/site\/wp-content\/uploads\/2023\/05\/Design-sem-nome-21-compressed.jpg","datePublished":"2023-05-22T17:53:36+00:00","dateModified":"2023-05-23T13:39:10+00:00","breadcrumb":{"@id":"https:\/\/cleitonpinheiro.com.br\/site\/policia-civil-recupera-motocicleta-roubada-em-palmas-em-menos-de-24h\/#breadcrumb"},"inLanguage":"pt-BR","potentialAction":[{"@type":"ReadAction","target":["https:\/\/cleitonpinheiro.com.br\/site\/policia-civil-recupera-motocicleta-roubada-em-palmas-em-menos-de-24h\/"]}]},{"@type":"ImageObject","inLanguage":"pt-BR","@id":"https:\/\/cleitonpinheiro.com.br\/site\/policia-civil-recupera-motocicleta-roubada-em-palmas-em-menos-de-24h\/#primaryimage","url":"","contentUrl":""},{"@type":"BreadcrumbList","@id":"https:\/\/cleitonpinheiro.com.br\/site\/policia-civil-recupera-motocicleta-roubada-em-palmas-em-menos-de-24h\/#breadcrumb","itemListElement":[{"@type":"ListItem","position":1,"name":"In\u00edcio","item":"https:\/\/cleitonpinheiro.com.br\/site\/"},{"@type":"ListItem","position":2,"name":"Pol\u00edcia recupera moto roubada em Palmas em menos de 24h"}]},{"@type":"WebSite","@id":"https:\/\/cleitonpinheiro.com.br\/site\/#website","url":"https:\/\/cleitonpinheiro.com.br\/site\/","name":"PORTAL DE NOT\u00cdCIAS CLEITON PINHEIRO","description":"FALANDO A VERDADE","publisher":{"@id":"https:\/\/cleitonpinheiro.com.br\/site\/#organization"},"potentialAction":[{"@type":"SearchAction","target":{"@type":"EntryPoint","urlTemplate":"https:\/\/cleitonpinheiro.com.br\/site\/?s={search_term_string}"},"query-input":{"@type":"PropertyValueSpecification","valueRequired":true,"valueName":"search_term_string"}}],"inLanguage":"pt-BR"},{"@type":"Organization","@id":"https:\/\/cleitonpinheiro.com.br\/site\/#organization","name":"CPNOT\u00cdCIAS","url":"https:\/\/cleitonpinheiro.com.br\/site\/","logo":{"@type":"ImageObject","inLanguage":"pt-BR","@id":"https:\/\/cleitonpinheiro.com.br\/site\/#\/schema\/logo\/image\/","url":"https:\/\/cleitonpinheiro.com.br\/site\/wp-content\/uploads\/2022\/08\/Logo-pequena-2.png","contentUrl":"https:\/\/cleitonpinheiro.com.br\/site\/wp-content\/uploads\/2022\/08\/Logo-pequena-2.png","width":500,"height":500,"caption":"CPNOT\u00cdCIAS"},"image":{"@id":"https:\/\/cleitonpinheiro.com.br\/site\/#\/schema\/logo\/image\/"},"sameAs":["https:\/\/www.facebook.com\/portalcpnoticias\/"]},{"@type":"Person","@id":"https:\/\/cleitonpinheiro.com.br\/site\/#\/schema\/person\/aac6d7f311e80c43042e98a900b03cd8","name":"Dermival Pereira","image":{"@type":"ImageObject","inLanguage":"pt-BR","@id":"https:\/\/cleitonpinheiro.com.br\/site\/#\/schema\/person\/image\/","url":"https:\/\/secure.gravatar.com\/avatar\/cfaebf3742d6bf8db728bcba3eed6bee37b02337a2e6c822994f20ca72a3784d?s=96&r=g","contentUrl":"https:\/\/secure.gravatar.com\/avatar\/cfaebf3742d6bf8db728bcba3eed6bee37b02337a2e6c822994f20ca72a3784d?s=96&r=g","caption":"Dermival Pereira"},"url":"https:\/\/cleitonpinheiro.com.br\/site\/author\/dermival\/"}]}},"views":244,"_links":{"self":[{"href":"https:\/\/cleitonpinheiro.com.br\/site\/wp-json\/wp\/v2\/posts\/71241","targetHints":{"allow":["GET"]}}],"collection":[{"href":"https:\/\/cleitonpinheiro.com.br\/site\/wp-json\/wp\/v2\/posts"}],"about":[{"href":"https:\/\/cleitonpinheiro.com.br\/site\/wp-json\/wp\/v2\/types\/post"}],"author":[{"embeddable":true,"href":"https:\/\/cleitonpinheiro.com.br\/site\/wp-json\/wp\/v2\/users\/4"}],"replies":[{"embeddable":true,"href":"https:\/\/cleitonpinheiro.com.br\/site\/wp-json\/wp\/v2\/comments?post=71241"}],"version-history":[{"count":3,"href":"https:\/\/cleitonpinheiro.com.br\/site\/wp-json\/wp\/v2\/posts\/71241\/revisions"}],"predecessor-version":[{"id":71245,"href":"https:\/\/cleitonpinheiro.com.br\/site\/wp-json\/wp\/v2\/posts\/71241\/revisions\/71245"}],"wp:attachment":[{"href":"https:\/\/cleitonpinheiro.com.br\/site\/wp-json\/wp\/v2\/media?parent=71241"}],"wp:term":[{"taxonomy":"category","embeddable":true,"href":"https:\/\/cleitonpinheiro.com.br\/site\/wp-json\/wp\/v2\/categories?post=71241"},{"taxonomy":"post_tag","embeddable":true,"href":"https:\/\/cleitonpinheiro.com.br\/site\/wp-json\/wp\/v2\/tags?post=71241"}],"curies":[{"name":"wp","href":"https:\/\/api.w.org\/{rel}","templated":true}]}}