{"id":72285,"date":"2023-06-21T07:25:08","date_gmt":"2023-06-21T10:25:08","guid":{"rendered":"https:\/\/cleitonpinheiro.com.br\/site\/?p=72285"},"modified":"2023-06-21T07:25:44","modified_gmt":"2023-06-21T10:25:44","slug":"governo-lula-prorroga-por-15-dias-prazo-para-pessoas-fisicas-comprar-carro-zero-com-desconto","status":"publish","type":"post","link":"https:\/\/cleitonpinheiro.com.br\/site\/governo-lula-prorroga-por-15-dias-prazo-para-pessoas-fisicas-comprar-carro-zero-com-desconto\/","title":{"rendered":"Governo prorroga por 15 dias prazo para pessoas f\u00edsicas comprar carro zero com desconto"},"content":{"rendered":"\n<figure class=\"wp-block-image size-full is-resized\"><img fetchpriority=\"high\" decoding=\"async\" src=\"https:\/\/cleitonpinheiro.com.br\/site\/wp-content\/uploads\/2023\/06\/Design-sem-nome-2023-06-21T072229-compressed.jpg\" alt=\"\" class=\"wp-image-72286\" width=\"1019\" height=\"611\"\/><figcaption class=\"wp-element-caption\">P\u00e1tio de f\u00e1brica de carros &#8211; <small>Foto: Paulo Whitaker\/Reuters \/ Reuters<\/small><\/figcaption><\/figure>\n\n\n\n<p>O Minist\u00e9rio do Desenvolvimento, Ind\u00fastria, Com\u00e9rcio e Servi\u00e7os decidiu&nbsp;<strong>prorrogar por 15 dias a exclusividade para pessoas f\u00edsicas na compra de carro zero com desconto<\/strong>. A decis\u00e3o ser\u00e1 publicada ainda nesta ter\u00e7a-feira, 20, em edi\u00e7\u00e3o extra do&nbsp;<em>Di\u00e1rio Oficial da Uni\u00e3o<\/em>&nbsp;(DOU).<\/p>\n\n\n\n<p>O an\u00fancio foi divulgado nesta ter\u00e7a-feira. Segundo a nota do governo,<strong>\u00a0para as demais modalidades do programa \u2014 compra de \u00f4nibus e caminh\u00f5es \u2014, as opera\u00e7\u00f5es com pessoas jur\u00eddicas est\u00e3o liberadas a partir desta quarta-feira, 21<\/strong>.<\/p>\n\n\n\n<p>&#8220;Isso (prorroga\u00e7\u00e3o) vai ser decidido um pouco mais para frente. Provavelmente, essa n\u00e3o \u00e9 uma decis\u00e3o definitiva, mas provavelmente acabaram os R$ 500 milh\u00f5es (valor reservado para ajudar na compra de carros), acabou o programa, o est\u00edmulo&#8221;, afirmou. &#8220;Agora, o fato \u00e9 que (o programa) foi um sucesso. E mostrou o seguinte: reduza um pouco a carga tribut\u00e1ria que vende mais&#8221;, acrescentou.<\/p>\n\n\n\n<p>A decis\u00e3o do minist\u00e9rio ocorre ap\u00f3s um ru\u00eddo na semana passada durante reuni\u00e3o ministerial no Pal\u00e1cio do Planalto. O presidente&nbsp;<a href=\"https:\/\/www.terra.com.br\/noticias\/brasil\/politica\/lula\">Luiz In\u00e1cio Lula da Silva<\/a>&nbsp;disse na reuni\u00e3o que gostaria de ver o programa automotivo ter continuidade. Ao final do encontro, o ministro da Casa Civil, Rui Costa, disse que era uma brincadeira do petista.<\/p>\n","protected":false},"excerpt":{"rendered":"<p>O Minist\u00e9rio do Desenvolvimento, Ind\u00fastria, Com\u00e9rcio e Servi\u00e7os decidiu&nbsp;prorrogar por 15 dias a exclusividade para pessoas f\u00edsicas na compra de carro zero com desconto. A decis\u00e3o ser\u00e1 publicada ainda nesta ter\u00e7a-feira, 20, em edi\u00e7\u00e3o extra do&nbsp;Di\u00e1rio Oficial da Uni\u00e3o&nbsp;(DOU). O an\u00fancio foi divulgado nesta ter\u00e7a-feira. Segundo a nota do governo,\u00a0para as demais modalidades do programa [&hellip;]<\/p>\n","protected":false},"author":4,"featured_media":0,"comment_status":"open","ping_status":"open","sticky":false,"template":"","format":"standard","meta":{"_acf_changed":false,"footnotes":""},"categories":[19,898],"tags":[],"class_list":["post-72285","post","type-post","status-publish","format-standard","hentry","category-brasil-mundo","category-manchete-segundaria"],"acf":[],"yoast_head":"<!-- This site is optimized with the Yoast SEO plugin v24.4 - https:\/\/yoast.com\/wordpress\/plugins\/seo\/ -->\n<title>Governo prorroga por 15 dias prazo para pessoas f\u00edsicas comprar carro zero com desconto - PORTAL DE NOT\u00cdCIAS CLEITON PINHEIRO<\/title>\n<meta name=\"robots\" content=\"index, follow, max-snippet:-1, max-image-preview:large, max-video-preview:-1\" \/>\n<link rel=\"canonical\" href=\"https:\/\/cleitonpinheiro.com.br\/site\/governo-lula-prorroga-por-15-dias-prazo-para-pessoas-fisicas-comprar-carro-zero-com-desconto\/\" \/>\n<meta property=\"og:locale\" content=\"pt_BR\" \/>\n<meta property=\"og:type\" content=\"article\" \/>\n<meta property=\"og:title\" content=\"Governo prorroga por 15 dias prazo para pessoas f\u00edsicas comprar carro zero com desconto - PORTAL DE NOT\u00cdCIAS CLEITON PINHEIRO\" \/>\n<meta property=\"og:description\" content=\"O Minist\u00e9rio do Desenvolvimento, Ind\u00fastria, Com\u00e9rcio e Servi\u00e7os decidiu&nbsp;prorrogar por 15 dias a exclusividade para pessoas f\u00edsicas na compra de carro zero com desconto. A decis\u00e3o ser\u00e1 publicada ainda nesta ter\u00e7a-feira, 20, em edi\u00e7\u00e3o extra do&nbsp;Di\u00e1rio Oficial da Uni\u00e3o&nbsp;(DOU). O an\u00fancio foi divulgado nesta ter\u00e7a-feira. Segundo a nota do governo,\u00a0para as demais modalidades do programa [&hellip;]\" \/>\n<meta property=\"og:url\" content=\"https:\/\/cleitonpinheiro.com.br\/site\/governo-lula-prorroga-por-15-dias-prazo-para-pessoas-fisicas-comprar-carro-zero-com-desconto\/\" \/>\n<meta property=\"og:site_name\" content=\"PORTAL DE NOT\u00cdCIAS CLEITON PINHEIRO\" \/>\n<meta property=\"article:publisher\" content=\"https:\/\/www.facebook.com\/portalcpnoticias\/\" \/>\n<meta property=\"article:published_time\" content=\"2023-06-21T10:25:08+00:00\" \/>\n<meta property=\"article:modified_time\" content=\"2023-06-21T10:25:44+00:00\" \/>\n<meta property=\"og:image\" content=\"https:\/\/cleitonpinheiro.com.br\/site\/wp-content\/uploads\/2023\/06\/Design-sem-nome-2023-06-21T072229-compressed.jpg\" \/>\n\t<meta property=\"og:image:width\" content=\"750\" \/>\n\t<meta property=\"og:image:height\" content=\"450\" \/>\n\t<meta property=\"og:image:type\" content=\"image\/jpeg\" \/>\n<meta name=\"author\" content=\"Dermival Pereira\" \/>\n<meta name=\"twitter:card\" content=\"summary_large_image\" \/>\n<meta name=\"twitter:label1\" content=\"Escrito por\" \/>\n\t<meta name=\"twitter:data1\" content=\"Dermival Pereira\" \/>\n\t<meta name=\"twitter:label2\" content=\"Est. tempo de leitura\" \/>\n\t<meta name=\"twitter:data2\" content=\"2 minutos\" \/>\n<script type=\"application\/ld+json\" class=\"yoast-schema-graph\">{\"@context\":\"https:\/\/schema.org\",\"@graph\":[{\"@type\":\"Article\",\"@id\":\"https:\/\/cleitonpinheiro.com.br\/site\/governo-lula-prorroga-por-15-dias-prazo-para-pessoas-fisicas-comprar-carro-zero-com-desconto\/#article\",\"isPartOf\":{\"@id\":\"https:\/\/cleitonpinheiro.com.br\/site\/governo-lula-prorroga-por-15-dias-prazo-para-pessoas-fisicas-comprar-carro-zero-com-desconto\/\"},\"author\":{\"name\":\"Dermival Pereira\",\"@id\":\"https:\/\/cleitonpinheiro.com.br\/site\/#\/schema\/person\/aac6d7f311e80c43042e98a900b03cd8\"},\"headline\":\"Governo prorroga por 15 dias prazo para pessoas f\u00edsicas comprar carro zero com desconto\",\"datePublished\":\"2023-06-21T10:25:08+00:00\",\"dateModified\":\"2023-06-21T10:25:44+00:00\",\"mainEntityOfPage\":{\"@id\":\"https:\/\/cleitonpinheiro.com.br\/site\/governo-lula-prorroga-por-15-dias-prazo-para-pessoas-fisicas-comprar-carro-zero-com-desconto\/\"},\"wordCount\":249,\"commentCount\":0,\"publisher\":{\"@id\":\"https:\/\/cleitonpinheiro.com.br\/site\/#organization\"},\"image\":{\"@id\":\"https:\/\/cleitonpinheiro.com.br\/site\/governo-lula-prorroga-por-15-dias-prazo-para-pessoas-fisicas-comprar-carro-zero-com-desconto\/#primaryimage\"},\"thumbnailUrl\":\"https:\/\/cleitonpinheiro.com.br\/site\/wp-content\/uploads\/2023\/06\/Design-sem-nome-2023-06-21T072229-compressed.jpg\",\"articleSection\":[\"BRASIL \/ MUNDO\",\"MANCHETE SEGUND\u00c1RIA\"],\"inLanguage\":\"pt-BR\",\"potentialAction\":[{\"@type\":\"CommentAction\",\"name\":\"Comment\",\"target\":[\"https:\/\/cleitonpinheiro.com.br\/site\/governo-lula-prorroga-por-15-dias-prazo-para-pessoas-fisicas-comprar-carro-zero-com-desconto\/#respond\"]}]},{\"@type\":\"WebPage\",\"@id\":\"https:\/\/cleitonpinheiro.com.br\/site\/governo-lula-prorroga-por-15-dias-prazo-para-pessoas-fisicas-comprar-carro-zero-com-desconto\/\",\"url\":\"https:\/\/cleitonpinheiro.com.br\/site\/governo-lula-prorroga-por-15-dias-prazo-para-pessoas-fisicas-comprar-carro-zero-com-desconto\/\",\"name\":\"Governo prorroga por 15 dias prazo para pessoas f\u00edsicas comprar carro zero com desconto - PORTAL DE NOT\u00cdCIAS CLEITON PINHEIRO\",\"isPartOf\":{\"@id\":\"https:\/\/cleitonpinheiro.com.br\/site\/#website\"},\"primaryImageOfPage\":{\"@id\":\"https:\/\/cleitonpinheiro.com.br\/site\/governo-lula-prorroga-por-15-dias-prazo-para-pessoas-fisicas-comprar-carro-zero-com-desconto\/#primaryimage\"},\"image\":{\"@id\":\"https:\/\/cleitonpinheiro.com.br\/site\/governo-lula-prorroga-por-15-dias-prazo-para-pessoas-fisicas-comprar-carro-zero-com-desconto\/#primaryimage\"},\"thumbnailUrl\":\"https:\/\/cleitonpinheiro.com.br\/site\/wp-content\/uploads\/2023\/06\/Design-sem-nome-2023-06-21T072229-compressed.jpg\",\"datePublished\":\"2023-06-21T10:25:08+00:00\",\"dateModified\":\"2023-06-21T10:25:44+00:00\",\"breadcrumb\":{\"@id\":\"https:\/\/cleitonpinheiro.com.br\/site\/governo-lula-prorroga-por-15-dias-prazo-para-pessoas-fisicas-comprar-carro-zero-com-desconto\/#breadcrumb\"},\"inLanguage\":\"pt-BR\",\"potentialAction\":[{\"@type\":\"ReadAction\",\"target\":[\"https:\/\/cleitonpinheiro.com.br\/site\/governo-lula-prorroga-por-15-dias-prazo-para-pessoas-fisicas-comprar-carro-zero-com-desconto\/\"]}]},{\"@type\":\"ImageObject\",\"inLanguage\":\"pt-BR\",\"@id\":\"https:\/\/cleitonpinheiro.com.br\/site\/governo-lula-prorroga-por-15-dias-prazo-para-pessoas-fisicas-comprar-carro-zero-com-desconto\/#primaryimage\",\"url\":\"\",\"contentUrl\":\"\"},{\"@type\":\"BreadcrumbList\",\"@id\":\"https:\/\/cleitonpinheiro.com.br\/site\/governo-lula-prorroga-por-15-dias-prazo-para-pessoas-fisicas-comprar-carro-zero-com-desconto\/#breadcrumb\",\"itemListElement\":[{\"@type\":\"ListItem\",\"position\":1,\"name\":\"In\u00edcio\",\"item\":\"https:\/\/cleitonpinheiro.com.br\/site\/\"},{\"@type\":\"ListItem\",\"position\":2,\"name\":\"Governo prorroga por 15 dias prazo para pessoas f\u00edsicas comprar carro zero com desconto\"}]},{\"@type\":\"WebSite\",\"@id\":\"https:\/\/cleitonpinheiro.com.br\/site\/#website\",\"url\":\"https:\/\/cleitonpinheiro.com.br\/site\/\",\"name\":\"PORTAL DE NOT\u00cdCIAS CLEITON PINHEIRO\",\"description\":\"FALANDO A VERDADE\",\"publisher\":{\"@id\":\"https:\/\/cleitonpinheiro.com.br\/site\/#organization\"},\"potentialAction\":[{\"@type\":\"SearchAction\",\"target\":{\"@type\":\"EntryPoint\",\"urlTemplate\":\"https:\/\/cleitonpinheiro.com.br\/site\/?s={search_term_string}\"},\"query-input\":{\"@type\":\"PropertyValueSpecification\",\"valueRequired\":true,\"valueName\":\"search_term_string\"}}],\"inLanguage\":\"pt-BR\"},{\"@type\":\"Organization\",\"@id\":\"https:\/\/cleitonpinheiro.com.br\/site\/#organization\",\"name\":\"CPNOT\u00cdCIAS\",\"url\":\"https:\/\/cleitonpinheiro.com.br\/site\/\",\"logo\":{\"@type\":\"ImageObject\",\"inLanguage\":\"pt-BR\",\"@id\":\"https:\/\/cleitonpinheiro.com.br\/site\/#\/schema\/logo\/image\/\",\"url\":\"https:\/\/cleitonpinheiro.com.br\/site\/wp-content\/uploads\/2022\/08\/Logo-pequena-2.png\",\"contentUrl\":\"https:\/\/cleitonpinheiro.com.br\/site\/wp-content\/uploads\/2022\/08\/Logo-pequena-2.png\",\"width\":500,\"height\":500,\"caption\":\"CPNOT\u00cdCIAS\"},\"image\":{\"@id\":\"https:\/\/cleitonpinheiro.com.br\/site\/#\/schema\/logo\/image\/\"},\"sameAs\":[\"https:\/\/www.facebook.com\/portalcpnoticias\/\"]},{\"@type\":\"Person\",\"@id\":\"https:\/\/cleitonpinheiro.com.br\/site\/#\/schema\/person\/aac6d7f311e80c43042e98a900b03cd8\",\"name\":\"Dermival Pereira\",\"image\":{\"@type\":\"ImageObject\",\"inLanguage\":\"pt-BR\",\"@id\":\"https:\/\/cleitonpinheiro.com.br\/site\/#\/schema\/person\/image\/\",\"url\":\"https:\/\/secure.gravatar.com\/avatar\/cfaebf3742d6bf8db728bcba3eed6bee37b02337a2e6c822994f20ca72a3784d?s=96&r=g\",\"contentUrl\":\"https:\/\/secure.gravatar.com\/avatar\/cfaebf3742d6bf8db728bcba3eed6bee37b02337a2e6c822994f20ca72a3784d?s=96&r=g\",\"caption\":\"Dermival Pereira\"},\"url\":\"https:\/\/cleitonpinheiro.com.br\/site\/author\/dermival\/\"}]}<\/script>\n<!-- \/ Yoast SEO plugin. -->","yoast_head_json":{"title":"Governo prorroga por 15 dias prazo para pessoas f\u00edsicas comprar carro zero com desconto - PORTAL DE NOT\u00cdCIAS CLEITON PINHEIRO","robots":{"index":"index","follow":"follow","max-snippet":"max-snippet:-1","max-image-preview":"max-image-preview:large","max-video-preview":"max-video-preview:-1"},"canonical":"https:\/\/cleitonpinheiro.com.br\/site\/governo-lula-prorroga-por-15-dias-prazo-para-pessoas-fisicas-comprar-carro-zero-com-desconto\/","og_locale":"pt_BR","og_type":"article","og_title":"Governo prorroga por 15 dias prazo para pessoas f\u00edsicas comprar carro zero com desconto - PORTAL DE NOT\u00cdCIAS CLEITON PINHEIRO","og_description":"O Minist\u00e9rio do Desenvolvimento, Ind\u00fastria, Com\u00e9rcio e Servi\u00e7os decidiu&nbsp;prorrogar por 15 dias a exclusividade para pessoas f\u00edsicas na compra de carro zero com desconto. A decis\u00e3o ser\u00e1 publicada ainda nesta ter\u00e7a-feira, 20, em edi\u00e7\u00e3o extra do&nbsp;Di\u00e1rio Oficial da Uni\u00e3o&nbsp;(DOU). O an\u00fancio foi divulgado nesta ter\u00e7a-feira. Segundo a nota do governo,\u00a0para as demais modalidades do programa [&hellip;]","og_url":"https:\/\/cleitonpinheiro.com.br\/site\/governo-lula-prorroga-por-15-dias-prazo-para-pessoas-fisicas-comprar-carro-zero-com-desconto\/","og_site_name":"PORTAL DE NOT\u00cdCIAS CLEITON PINHEIRO","article_publisher":"https:\/\/www.facebook.com\/portalcpnoticias\/","article_published_time":"2023-06-21T10:25:08+00:00","article_modified_time":"2023-06-21T10:25:44+00:00","og_image":[{"width":750,"height":450,"url":"https:\/\/cleitonpinheiro.com.br\/site\/wp-content\/uploads\/2023\/06\/Design-sem-nome-2023-06-21T072229-compressed.jpg","type":"image\/jpeg"}],"author":"Dermival Pereira","twitter_card":"summary_large_image","twitter_misc":{"Escrito por":"Dermival Pereira","Est. tempo de leitura":"2 minutos"},"schema":{"@context":"https:\/\/schema.org","@graph":[{"@type":"Article","@id":"https:\/\/cleitonpinheiro.com.br\/site\/governo-lula-prorroga-por-15-dias-prazo-para-pessoas-fisicas-comprar-carro-zero-com-desconto\/#article","isPartOf":{"@id":"https:\/\/cleitonpinheiro.com.br\/site\/governo-lula-prorroga-por-15-dias-prazo-para-pessoas-fisicas-comprar-carro-zero-com-desconto\/"},"author":{"name":"Dermival Pereira","@id":"https:\/\/cleitonpinheiro.com.br\/site\/#\/schema\/person\/aac6d7f311e80c43042e98a900b03cd8"},"headline":"Governo prorroga por 15 dias prazo para pessoas f\u00edsicas comprar carro zero com desconto","datePublished":"2023-06-21T10:25:08+00:00","dateModified":"2023-06-21T10:25:44+00:00","mainEntityOfPage":{"@id":"https:\/\/cleitonpinheiro.com.br\/site\/governo-lula-prorroga-por-15-dias-prazo-para-pessoas-fisicas-comprar-carro-zero-com-desconto\/"},"wordCount":249,"commentCount":0,"publisher":{"@id":"https:\/\/cleitonpinheiro.com.br\/site\/#organization"},"image":{"@id":"https:\/\/cleitonpinheiro.com.br\/site\/governo-lula-prorroga-por-15-dias-prazo-para-pessoas-fisicas-comprar-carro-zero-com-desconto\/#primaryimage"},"thumbnailUrl":"https:\/\/cleitonpinheiro.com.br\/site\/wp-content\/uploads\/2023\/06\/Design-sem-nome-2023-06-21T072229-compressed.jpg","articleSection":["BRASIL \/ MUNDO","MANCHETE SEGUND\u00c1RIA"],"inLanguage":"pt-BR","potentialAction":[{"@type":"CommentAction","name":"Comment","target":["https:\/\/cleitonpinheiro.com.br\/site\/governo-lula-prorroga-por-15-dias-prazo-para-pessoas-fisicas-comprar-carro-zero-com-desconto\/#respond"]}]},{"@type":"WebPage","@id":"https:\/\/cleitonpinheiro.com.br\/site\/governo-lula-prorroga-por-15-dias-prazo-para-pessoas-fisicas-comprar-carro-zero-com-desconto\/","url":"https:\/\/cleitonpinheiro.com.br\/site\/governo-lula-prorroga-por-15-dias-prazo-para-pessoas-fisicas-comprar-carro-zero-com-desconto\/","name":"Governo prorroga por 15 dias prazo para pessoas f\u00edsicas comprar carro zero com desconto - PORTAL DE NOT\u00cdCIAS CLEITON PINHEIRO","isPartOf":{"@id":"https:\/\/cleitonpinheiro.com.br\/site\/#website"},"primaryImageOfPage":{"@id":"https:\/\/cleitonpinheiro.com.br\/site\/governo-lula-prorroga-por-15-dias-prazo-para-pessoas-fisicas-comprar-carro-zero-com-desconto\/#primaryimage"},"image":{"@id":"https:\/\/cleitonpinheiro.com.br\/site\/governo-lula-prorroga-por-15-dias-prazo-para-pessoas-fisicas-comprar-carro-zero-com-desconto\/#primaryimage"},"thumbnailUrl":"https:\/\/cleitonpinheiro.com.br\/site\/wp-content\/uploads\/2023\/06\/Design-sem-nome-2023-06-21T072229-compressed.jpg","datePublished":"2023-06-21T10:25:08+00:00","dateModified":"2023-06-21T10:25:44+00:00","breadcrumb":{"@id":"https:\/\/cleitonpinheiro.com.br\/site\/governo-lula-prorroga-por-15-dias-prazo-para-pessoas-fisicas-comprar-carro-zero-com-desconto\/#breadcrumb"},"inLanguage":"pt-BR","potentialAction":[{"@type":"ReadAction","target":["https:\/\/cleitonpinheiro.com.br\/site\/governo-lula-prorroga-por-15-dias-prazo-para-pessoas-fisicas-comprar-carro-zero-com-desconto\/"]}]},{"@type":"ImageObject","inLanguage":"pt-BR","@id":"https:\/\/cleitonpinheiro.com.br\/site\/governo-lula-prorroga-por-15-dias-prazo-para-pessoas-fisicas-comprar-carro-zero-com-desconto\/#primaryimage","url":"","contentUrl":""},{"@type":"BreadcrumbList","@id":"https:\/\/cleitonpinheiro.com.br\/site\/governo-lula-prorroga-por-15-dias-prazo-para-pessoas-fisicas-comprar-carro-zero-com-desconto\/#breadcrumb","itemListElement":[{"@type":"ListItem","position":1,"name":"In\u00edcio","item":"https:\/\/cleitonpinheiro.com.br\/site\/"},{"@type":"ListItem","position":2,"name":"Governo prorroga por 15 dias prazo para pessoas f\u00edsicas comprar carro zero com desconto"}]},{"@type":"WebSite","@id":"https:\/\/cleitonpinheiro.com.br\/site\/#website","url":"https:\/\/cleitonpinheiro.com.br\/site\/","name":"PORTAL DE NOT\u00cdCIAS CLEITON PINHEIRO","description":"FALANDO A VERDADE","publisher":{"@id":"https:\/\/cleitonpinheiro.com.br\/site\/#organization"},"potentialAction":[{"@type":"SearchAction","target":{"@type":"EntryPoint","urlTemplate":"https:\/\/cleitonpinheiro.com.br\/site\/?s={search_term_string}"},"query-input":{"@type":"PropertyValueSpecification","valueRequired":true,"valueName":"search_term_string"}}],"inLanguage":"pt-BR"},{"@type":"Organization","@id":"https:\/\/cleitonpinheiro.com.br\/site\/#organization","name":"CPNOT\u00cdCIAS","url":"https:\/\/cleitonpinheiro.com.br\/site\/","logo":{"@type":"ImageObject","inLanguage":"pt-BR","@id":"https:\/\/cleitonpinheiro.com.br\/site\/#\/schema\/logo\/image\/","url":"https:\/\/cleitonpinheiro.com.br\/site\/wp-content\/uploads\/2022\/08\/Logo-pequena-2.png","contentUrl":"https:\/\/cleitonpinheiro.com.br\/site\/wp-content\/uploads\/2022\/08\/Logo-pequena-2.png","width":500,"height":500,"caption":"CPNOT\u00cdCIAS"},"image":{"@id":"https:\/\/cleitonpinheiro.com.br\/site\/#\/schema\/logo\/image\/"},"sameAs":["https:\/\/www.facebook.com\/portalcpnoticias\/"]},{"@type":"Person","@id":"https:\/\/cleitonpinheiro.com.br\/site\/#\/schema\/person\/aac6d7f311e80c43042e98a900b03cd8","name":"Dermival Pereira","image":{"@type":"ImageObject","inLanguage":"pt-BR","@id":"https:\/\/cleitonpinheiro.com.br\/site\/#\/schema\/person\/image\/","url":"https:\/\/secure.gravatar.com\/avatar\/cfaebf3742d6bf8db728bcba3eed6bee37b02337a2e6c822994f20ca72a3784d?s=96&r=g","contentUrl":"https:\/\/secure.gravatar.com\/avatar\/cfaebf3742d6bf8db728bcba3eed6bee37b02337a2e6c822994f20ca72a3784d?s=96&r=g","caption":"Dermival Pereira"},"url":"https:\/\/cleitonpinheiro.com.br\/site\/author\/dermival\/"}]}},"views":262,"_links":{"self":[{"href":"https:\/\/cleitonpinheiro.com.br\/site\/wp-json\/wp\/v2\/posts\/72285","targetHints":{"allow":["GET"]}}],"collection":[{"href":"https:\/\/cleitonpinheiro.com.br\/site\/wp-json\/wp\/v2\/posts"}],"about":[{"href":"https:\/\/cleitonpinheiro.com.br\/site\/wp-json\/wp\/v2\/types\/post"}],"author":[{"embeddable":true,"href":"https:\/\/cleitonpinheiro.com.br\/site\/wp-json\/wp\/v2\/users\/4"}],"replies":[{"embeddable":true,"href":"https:\/\/cleitonpinheiro.com.br\/site\/wp-json\/wp\/v2\/comments?post=72285"}],"version-history":[{"count":2,"href":"https:\/\/cleitonpinheiro.com.br\/site\/wp-json\/wp\/v2\/posts\/72285\/revisions"}],"predecessor-version":[{"id":72288,"href":"https:\/\/cleitonpinheiro.com.br\/site\/wp-json\/wp\/v2\/posts\/72285\/revisions\/72288"}],"wp:attachment":[{"href":"https:\/\/cleitonpinheiro.com.br\/site\/wp-json\/wp\/v2\/media?parent=72285"}],"wp:term":[{"taxonomy":"category","embeddable":true,"href":"https:\/\/cleitonpinheiro.com.br\/site\/wp-json\/wp\/v2\/categories?post=72285"},{"taxonomy":"post_tag","embeddable":true,"href":"https:\/\/cleitonpinheiro.com.br\/site\/wp-json\/wp\/v2\/tags?post=72285"}],"curies":[{"name":"wp","href":"https:\/\/api.w.org\/{rel}","templated":true}]}}