{"id":72292,"date":"2023-06-21T08:14:59","date_gmt":"2023-06-21T11:14:59","guid":{"rendered":"https:\/\/cleitonpinheiro.com.br\/site\/?p=72292"},"modified":"2023-06-21T08:15:03","modified_gmt":"2023-06-21T11:15:03","slug":"enem-2023-prazo-para-pagamento-da-taxa-de-inscricao-de-r-85-termina-nesta-quarta-feira","status":"publish","type":"post","link":"https:\/\/cleitonpinheiro.com.br\/site\/enem-2023-prazo-para-pagamento-da-taxa-de-inscricao-de-r-85-termina-nesta-quarta-feira\/","title":{"rendered":"Enem 2023: prazo para pagamento da taxa de inscri\u00e7\u00e3o de R$ 85 termina nesta quarta-feira"},"content":{"rendered":"\n<figure class=\"wp-block-image size-full is-resized\"><img fetchpriority=\"high\" decoding=\"async\" src=\"https:\/\/cleitonpinheiro.com.br\/site\/wp-content\/uploads\/2023\/06\/Design-sem-nome-2023-06-21T081154-compressed.jpg\" alt=\"\" class=\"wp-image-72293\" width=\"1022\" height=\"613\"\/><\/figure>\n\n\n\n<p>Termina nesta quarta-feira (21), o prazo para pagamento da taxa de R$ 85 referente \u00e0 inscri\u00e7\u00e3o no Exame Nacional do Ensino M\u00e9dio (Enem), de 2023. O valor, que confirma a participa\u00e7\u00e3o do candidato, pode ser pago por meio de Pix, cart\u00e3o de cr\u00e9dito, d\u00e9bito em conta ou boleto gerado na P\u00e1gina do Participante.<\/p>\n\n\n\n<p>Segundo o Instituto Nacional de Estudos e Pesquisas Educacionais An\u00edsio Teixeira (Inep), para pagar via Pix, basta ao candidato acessar o QR code que consta no boleto.<\/p>\n\n\n\n<p>\u201cQuem \u00e9 isento n\u00e3o precisa fazer o pagamento. Entretanto, a aprova\u00e7\u00e3o da isen\u00e7\u00e3o da taxa ou da justificativa de aus\u00eancia [na edi\u00e7\u00e3o de 2022] n\u00e3o significa que a inscri\u00e7\u00e3o no Enem 2023 foi realizada. De qualquer forma, \u00e9 necess\u00e1rio se inscrever para participar\u201d, informou o instituto, em nota.<\/p>\n\n\n\n<h3 class=\"wp-block-heading\">Como gerar o pagamento em PDF<\/h3>\n\n\n\n<p>Depois de concluir a inscri\u00e7\u00e3o do Enem 2023 na&nbsp;<a href=\"https:\/\/enem.inep.gov.br\/participante\/#!\/\">P\u00e1gina do Participante<\/a>, o candidato deve entrar em \u201cPagamento\/Isen\u00e7\u00e3o\u201d, na p\u00e1gina inicial. L\u00e1, \u00e9 preciso clicar no bot\u00e3o azul \u201cBaixe o seu boleto\u201d.<\/p>\n\n\n\n<p>O boleto ser\u00e1 aberto em uma nova p\u00e1gina. Clique no bot\u00e3o \u201cimprimir\u201d no final da tela. Em vez de selecionar uma impressora, opte por \u201csalvar como PDF\u201d.<\/p>\n\n\n\n<p>O boleto ser\u00e1 salvo como arquivo de PDF na pasta de downloads do computador ou do celular. Para efetivar o pagamento, copie o c\u00f3digo de barras no aplicativo de seu banco. Se preferir, imprima o boleto e pague em um banco ou casa lot\u00e9rica.<\/p>\n\n\n\n<p><strong>Provas em novembro<\/strong><\/p>\n\n\n\n<p>As provas ser\u00e3o aplicadas nos dias 5 e 12 de novembro em todo o pa\u00eds. O edital com o cronograma e as regras para o Enem 2023 foi publicado no in\u00edcio do m\u00eas.<\/p>\n\n\n\n<p>Al\u00e9m de apresentar as datas e os hor\u00e1rios do exame, o texto detalha os documentos necess\u00e1rios e as obriga\u00e7\u00f5es do participante, incluindo situa\u00e7\u00f5es em que o candidato pode ser eliminado.<\/p>\n","protected":false},"excerpt":{"rendered":"<p>Termina nesta quarta-feira (21), o prazo para pagamento da taxa de R$ 85 referente \u00e0 inscri\u00e7\u00e3o no Exame Nacional do Ensino M\u00e9dio (Enem), de 2023. O valor, que confirma a participa\u00e7\u00e3o do candidato, pode ser pago por meio de Pix, cart\u00e3o de cr\u00e9dito, d\u00e9bito em conta ou boleto gerado na P\u00e1gina do Participante. Segundo o [&hellip;]<\/p>\n","protected":false},"author":4,"featured_media":0,"comment_status":"open","ping_status":"open","sticky":false,"template":"","format":"standard","meta":{"_acf_changed":false,"footnotes":""},"categories":[19,898],"tags":[],"class_list":["post-72292","post","type-post","status-publish","format-standard","hentry","category-brasil-mundo","category-manchete-segundaria"],"acf":[],"yoast_head":"<!-- This site is optimized with the Yoast SEO plugin v24.4 - https:\/\/yoast.com\/wordpress\/plugins\/seo\/ -->\n<title>Enem 2023: prazo para pagamento da taxa de inscri\u00e7\u00e3o de R$ 85 termina nesta quarta-feira - PORTAL DE NOT\u00cdCIAS CLEITON PINHEIRO<\/title>\n<meta name=\"robots\" content=\"index, follow, max-snippet:-1, max-image-preview:large, max-video-preview:-1\" \/>\n<link rel=\"canonical\" href=\"https:\/\/cleitonpinheiro.com.br\/site\/enem-2023-prazo-para-pagamento-da-taxa-de-inscricao-de-r-85-termina-nesta-quarta-feira\/\" \/>\n<meta property=\"og:locale\" content=\"pt_BR\" \/>\n<meta property=\"og:type\" content=\"article\" \/>\n<meta property=\"og:title\" content=\"Enem 2023: prazo para pagamento da taxa de inscri\u00e7\u00e3o de R$ 85 termina nesta quarta-feira - PORTAL DE NOT\u00cdCIAS CLEITON PINHEIRO\" \/>\n<meta property=\"og:description\" content=\"Termina nesta quarta-feira (21), o prazo para pagamento da taxa de R$ 85 referente \u00e0 inscri\u00e7\u00e3o no Exame Nacional do Ensino M\u00e9dio (Enem), de 2023. O valor, que confirma a participa\u00e7\u00e3o do candidato, pode ser pago por meio de Pix, cart\u00e3o de cr\u00e9dito, d\u00e9bito em conta ou boleto gerado na P\u00e1gina do Participante. Segundo o [&hellip;]\" \/>\n<meta property=\"og:url\" content=\"https:\/\/cleitonpinheiro.com.br\/site\/enem-2023-prazo-para-pagamento-da-taxa-de-inscricao-de-r-85-termina-nesta-quarta-feira\/\" \/>\n<meta property=\"og:site_name\" content=\"PORTAL DE NOT\u00cdCIAS CLEITON PINHEIRO\" \/>\n<meta property=\"article:publisher\" content=\"https:\/\/www.facebook.com\/portalcpnoticias\/\" \/>\n<meta property=\"article:published_time\" content=\"2023-06-21T11:14:59+00:00\" \/>\n<meta property=\"article:modified_time\" content=\"2023-06-21T11:15:03+00:00\" \/>\n<meta property=\"og:image\" content=\"https:\/\/cleitonpinheiro.com.br\/site\/wp-content\/uploads\/2023\/06\/Design-sem-nome-2023-06-21T081154-compressed.jpg\" \/>\n<meta name=\"author\" content=\"Dermival Pereira\" \/>\n<meta name=\"twitter:card\" content=\"summary_large_image\" \/>\n<meta name=\"twitter:label1\" content=\"Escrito por\" \/>\n\t<meta name=\"twitter:data1\" content=\"Dermival Pereira\" \/>\n\t<meta name=\"twitter:label2\" content=\"Est. tempo de leitura\" \/>\n\t<meta name=\"twitter:data2\" content=\"2 minutos\" \/>\n<script type=\"application\/ld+json\" class=\"yoast-schema-graph\">{\"@context\":\"https:\/\/schema.org\",\"@graph\":[{\"@type\":\"Article\",\"@id\":\"https:\/\/cleitonpinheiro.com.br\/site\/enem-2023-prazo-para-pagamento-da-taxa-de-inscricao-de-r-85-termina-nesta-quarta-feira\/#article\",\"isPartOf\":{\"@id\":\"https:\/\/cleitonpinheiro.com.br\/site\/enem-2023-prazo-para-pagamento-da-taxa-de-inscricao-de-r-85-termina-nesta-quarta-feira\/\"},\"author\":{\"name\":\"Dermival Pereira\",\"@id\":\"https:\/\/cleitonpinheiro.com.br\/site\/#\/schema\/person\/aac6d7f311e80c43042e98a900b03cd8\"},\"headline\":\"Enem 2023: prazo para pagamento da taxa de inscri\u00e7\u00e3o de R$ 85 termina nesta quarta-feira\",\"datePublished\":\"2023-06-21T11:14:59+00:00\",\"dateModified\":\"2023-06-21T11:15:03+00:00\",\"mainEntityOfPage\":{\"@id\":\"https:\/\/cleitonpinheiro.com.br\/site\/enem-2023-prazo-para-pagamento-da-taxa-de-inscricao-de-r-85-termina-nesta-quarta-feira\/\"},\"wordCount\":340,\"commentCount\":0,\"publisher\":{\"@id\":\"https:\/\/cleitonpinheiro.com.br\/site\/#organization\"},\"image\":{\"@id\":\"https:\/\/cleitonpinheiro.com.br\/site\/enem-2023-prazo-para-pagamento-da-taxa-de-inscricao-de-r-85-termina-nesta-quarta-feira\/#primaryimage\"},\"thumbnailUrl\":\"https:\/\/cleitonpinheiro.com.br\/site\/wp-content\/uploads\/2023\/06\/Design-sem-nome-2023-06-21T081154-compressed.jpg\",\"articleSection\":[\"BRASIL \/ MUNDO\",\"MANCHETE SEGUND\u00c1RIA\"],\"inLanguage\":\"pt-BR\",\"potentialAction\":[{\"@type\":\"CommentAction\",\"name\":\"Comment\",\"target\":[\"https:\/\/cleitonpinheiro.com.br\/site\/enem-2023-prazo-para-pagamento-da-taxa-de-inscricao-de-r-85-termina-nesta-quarta-feira\/#respond\"]}]},{\"@type\":\"WebPage\",\"@id\":\"https:\/\/cleitonpinheiro.com.br\/site\/enem-2023-prazo-para-pagamento-da-taxa-de-inscricao-de-r-85-termina-nesta-quarta-feira\/\",\"url\":\"https:\/\/cleitonpinheiro.com.br\/site\/enem-2023-prazo-para-pagamento-da-taxa-de-inscricao-de-r-85-termina-nesta-quarta-feira\/\",\"name\":\"Enem 2023: prazo para pagamento da taxa de inscri\u00e7\u00e3o de R$ 85 termina nesta quarta-feira - PORTAL DE NOT\u00cdCIAS CLEITON PINHEIRO\",\"isPartOf\":{\"@id\":\"https:\/\/cleitonpinheiro.com.br\/site\/#website\"},\"primaryImageOfPage\":{\"@id\":\"https:\/\/cleitonpinheiro.com.br\/site\/enem-2023-prazo-para-pagamento-da-taxa-de-inscricao-de-r-85-termina-nesta-quarta-feira\/#primaryimage\"},\"image\":{\"@id\":\"https:\/\/cleitonpinheiro.com.br\/site\/enem-2023-prazo-para-pagamento-da-taxa-de-inscricao-de-r-85-termina-nesta-quarta-feira\/#primaryimage\"},\"thumbnailUrl\":\"https:\/\/cleitonpinheiro.com.br\/site\/wp-content\/uploads\/2023\/06\/Design-sem-nome-2023-06-21T081154-compressed.jpg\",\"datePublished\":\"2023-06-21T11:14:59+00:00\",\"dateModified\":\"2023-06-21T11:15:03+00:00\",\"breadcrumb\":{\"@id\":\"https:\/\/cleitonpinheiro.com.br\/site\/enem-2023-prazo-para-pagamento-da-taxa-de-inscricao-de-r-85-termina-nesta-quarta-feira\/#breadcrumb\"},\"inLanguage\":\"pt-BR\",\"potentialAction\":[{\"@type\":\"ReadAction\",\"target\":[\"https:\/\/cleitonpinheiro.com.br\/site\/enem-2023-prazo-para-pagamento-da-taxa-de-inscricao-de-r-85-termina-nesta-quarta-feira\/\"]}]},{\"@type\":\"ImageObject\",\"inLanguage\":\"pt-BR\",\"@id\":\"https:\/\/cleitonpinheiro.com.br\/site\/enem-2023-prazo-para-pagamento-da-taxa-de-inscricao-de-r-85-termina-nesta-quarta-feira\/#primaryimage\",\"url\":\"\",\"contentUrl\":\"\"},{\"@type\":\"BreadcrumbList\",\"@id\":\"https:\/\/cleitonpinheiro.com.br\/site\/enem-2023-prazo-para-pagamento-da-taxa-de-inscricao-de-r-85-termina-nesta-quarta-feira\/#breadcrumb\",\"itemListElement\":[{\"@type\":\"ListItem\",\"position\":1,\"name\":\"In\u00edcio\",\"item\":\"https:\/\/cleitonpinheiro.com.br\/site\/\"},{\"@type\":\"ListItem\",\"position\":2,\"name\":\"Enem 2023: prazo para pagamento da taxa de inscri\u00e7\u00e3o de R$ 85 termina nesta quarta-feira\"}]},{\"@type\":\"WebSite\",\"@id\":\"https:\/\/cleitonpinheiro.com.br\/site\/#website\",\"url\":\"https:\/\/cleitonpinheiro.com.br\/site\/\",\"name\":\"PORTAL DE NOT\u00cdCIAS CLEITON PINHEIRO\",\"description\":\"FALANDO A VERDADE\",\"publisher\":{\"@id\":\"https:\/\/cleitonpinheiro.com.br\/site\/#organization\"},\"potentialAction\":[{\"@type\":\"SearchAction\",\"target\":{\"@type\":\"EntryPoint\",\"urlTemplate\":\"https:\/\/cleitonpinheiro.com.br\/site\/?s={search_term_string}\"},\"query-input\":{\"@type\":\"PropertyValueSpecification\",\"valueRequired\":true,\"valueName\":\"search_term_string\"}}],\"inLanguage\":\"pt-BR\"},{\"@type\":\"Organization\",\"@id\":\"https:\/\/cleitonpinheiro.com.br\/site\/#organization\",\"name\":\"CPNOT\u00cdCIAS\",\"url\":\"https:\/\/cleitonpinheiro.com.br\/site\/\",\"logo\":{\"@type\":\"ImageObject\",\"inLanguage\":\"pt-BR\",\"@id\":\"https:\/\/cleitonpinheiro.com.br\/site\/#\/schema\/logo\/image\/\",\"url\":\"https:\/\/cleitonpinheiro.com.br\/site\/wp-content\/uploads\/2022\/08\/Logo-pequena-2.png\",\"contentUrl\":\"https:\/\/cleitonpinheiro.com.br\/site\/wp-content\/uploads\/2022\/08\/Logo-pequena-2.png\",\"width\":500,\"height\":500,\"caption\":\"CPNOT\u00cdCIAS\"},\"image\":{\"@id\":\"https:\/\/cleitonpinheiro.com.br\/site\/#\/schema\/logo\/image\/\"},\"sameAs\":[\"https:\/\/www.facebook.com\/portalcpnoticias\/\"]},{\"@type\":\"Person\",\"@id\":\"https:\/\/cleitonpinheiro.com.br\/site\/#\/schema\/person\/aac6d7f311e80c43042e98a900b03cd8\",\"name\":\"Dermival Pereira\",\"image\":{\"@type\":\"ImageObject\",\"inLanguage\":\"pt-BR\",\"@id\":\"https:\/\/cleitonpinheiro.com.br\/site\/#\/schema\/person\/image\/\",\"url\":\"https:\/\/secure.gravatar.com\/avatar\/cfaebf3742d6bf8db728bcba3eed6bee37b02337a2e6c822994f20ca72a3784d?s=96&r=g\",\"contentUrl\":\"https:\/\/secure.gravatar.com\/avatar\/cfaebf3742d6bf8db728bcba3eed6bee37b02337a2e6c822994f20ca72a3784d?s=96&r=g\",\"caption\":\"Dermival Pereira\"},\"url\":\"https:\/\/cleitonpinheiro.com.br\/site\/author\/dermival\/\"}]}<\/script>\n<!-- \/ Yoast SEO plugin. -->","yoast_head_json":{"title":"Enem 2023: prazo para pagamento da taxa de inscri\u00e7\u00e3o de R$ 85 termina nesta quarta-feira - PORTAL DE NOT\u00cdCIAS CLEITON PINHEIRO","robots":{"index":"index","follow":"follow","max-snippet":"max-snippet:-1","max-image-preview":"max-image-preview:large","max-video-preview":"max-video-preview:-1"},"canonical":"https:\/\/cleitonpinheiro.com.br\/site\/enem-2023-prazo-para-pagamento-da-taxa-de-inscricao-de-r-85-termina-nesta-quarta-feira\/","og_locale":"pt_BR","og_type":"article","og_title":"Enem 2023: prazo para pagamento da taxa de inscri\u00e7\u00e3o de R$ 85 termina nesta quarta-feira - PORTAL DE NOT\u00cdCIAS CLEITON PINHEIRO","og_description":"Termina nesta quarta-feira (21), o prazo para pagamento da taxa de R$ 85 referente \u00e0 inscri\u00e7\u00e3o no Exame Nacional do Ensino M\u00e9dio (Enem), de 2023. O valor, que confirma a participa\u00e7\u00e3o do candidato, pode ser pago por meio de Pix, cart\u00e3o de cr\u00e9dito, d\u00e9bito em conta ou boleto gerado na P\u00e1gina do Participante. Segundo o [&hellip;]","og_url":"https:\/\/cleitonpinheiro.com.br\/site\/enem-2023-prazo-para-pagamento-da-taxa-de-inscricao-de-r-85-termina-nesta-quarta-feira\/","og_site_name":"PORTAL DE NOT\u00cdCIAS CLEITON PINHEIRO","article_publisher":"https:\/\/www.facebook.com\/portalcpnoticias\/","article_published_time":"2023-06-21T11:14:59+00:00","article_modified_time":"2023-06-21T11:15:03+00:00","og_image":[{"url":"https:\/\/cleitonpinheiro.com.br\/site\/wp-content\/uploads\/2023\/06\/Design-sem-nome-2023-06-21T081154-compressed.jpg","type":"","width":"","height":""}],"author":"Dermival Pereira","twitter_card":"summary_large_image","twitter_misc":{"Escrito por":"Dermival Pereira","Est. tempo de leitura":"2 minutos"},"schema":{"@context":"https:\/\/schema.org","@graph":[{"@type":"Article","@id":"https:\/\/cleitonpinheiro.com.br\/site\/enem-2023-prazo-para-pagamento-da-taxa-de-inscricao-de-r-85-termina-nesta-quarta-feira\/#article","isPartOf":{"@id":"https:\/\/cleitonpinheiro.com.br\/site\/enem-2023-prazo-para-pagamento-da-taxa-de-inscricao-de-r-85-termina-nesta-quarta-feira\/"},"author":{"name":"Dermival Pereira","@id":"https:\/\/cleitonpinheiro.com.br\/site\/#\/schema\/person\/aac6d7f311e80c43042e98a900b03cd8"},"headline":"Enem 2023: prazo para pagamento da taxa de inscri\u00e7\u00e3o de R$ 85 termina nesta quarta-feira","datePublished":"2023-06-21T11:14:59+00:00","dateModified":"2023-06-21T11:15:03+00:00","mainEntityOfPage":{"@id":"https:\/\/cleitonpinheiro.com.br\/site\/enem-2023-prazo-para-pagamento-da-taxa-de-inscricao-de-r-85-termina-nesta-quarta-feira\/"},"wordCount":340,"commentCount":0,"publisher":{"@id":"https:\/\/cleitonpinheiro.com.br\/site\/#organization"},"image":{"@id":"https:\/\/cleitonpinheiro.com.br\/site\/enem-2023-prazo-para-pagamento-da-taxa-de-inscricao-de-r-85-termina-nesta-quarta-feira\/#primaryimage"},"thumbnailUrl":"https:\/\/cleitonpinheiro.com.br\/site\/wp-content\/uploads\/2023\/06\/Design-sem-nome-2023-06-21T081154-compressed.jpg","articleSection":["BRASIL \/ MUNDO","MANCHETE SEGUND\u00c1RIA"],"inLanguage":"pt-BR","potentialAction":[{"@type":"CommentAction","name":"Comment","target":["https:\/\/cleitonpinheiro.com.br\/site\/enem-2023-prazo-para-pagamento-da-taxa-de-inscricao-de-r-85-termina-nesta-quarta-feira\/#respond"]}]},{"@type":"WebPage","@id":"https:\/\/cleitonpinheiro.com.br\/site\/enem-2023-prazo-para-pagamento-da-taxa-de-inscricao-de-r-85-termina-nesta-quarta-feira\/","url":"https:\/\/cleitonpinheiro.com.br\/site\/enem-2023-prazo-para-pagamento-da-taxa-de-inscricao-de-r-85-termina-nesta-quarta-feira\/","name":"Enem 2023: prazo para pagamento da taxa de inscri\u00e7\u00e3o de R$ 85 termina nesta quarta-feira - PORTAL DE NOT\u00cdCIAS CLEITON PINHEIRO","isPartOf":{"@id":"https:\/\/cleitonpinheiro.com.br\/site\/#website"},"primaryImageOfPage":{"@id":"https:\/\/cleitonpinheiro.com.br\/site\/enem-2023-prazo-para-pagamento-da-taxa-de-inscricao-de-r-85-termina-nesta-quarta-feira\/#primaryimage"},"image":{"@id":"https:\/\/cleitonpinheiro.com.br\/site\/enem-2023-prazo-para-pagamento-da-taxa-de-inscricao-de-r-85-termina-nesta-quarta-feira\/#primaryimage"},"thumbnailUrl":"https:\/\/cleitonpinheiro.com.br\/site\/wp-content\/uploads\/2023\/06\/Design-sem-nome-2023-06-21T081154-compressed.jpg","datePublished":"2023-06-21T11:14:59+00:00","dateModified":"2023-06-21T11:15:03+00:00","breadcrumb":{"@id":"https:\/\/cleitonpinheiro.com.br\/site\/enem-2023-prazo-para-pagamento-da-taxa-de-inscricao-de-r-85-termina-nesta-quarta-feira\/#breadcrumb"},"inLanguage":"pt-BR","potentialAction":[{"@type":"ReadAction","target":["https:\/\/cleitonpinheiro.com.br\/site\/enem-2023-prazo-para-pagamento-da-taxa-de-inscricao-de-r-85-termina-nesta-quarta-feira\/"]}]},{"@type":"ImageObject","inLanguage":"pt-BR","@id":"https:\/\/cleitonpinheiro.com.br\/site\/enem-2023-prazo-para-pagamento-da-taxa-de-inscricao-de-r-85-termina-nesta-quarta-feira\/#primaryimage","url":"","contentUrl":""},{"@type":"BreadcrumbList","@id":"https:\/\/cleitonpinheiro.com.br\/site\/enem-2023-prazo-para-pagamento-da-taxa-de-inscricao-de-r-85-termina-nesta-quarta-feira\/#breadcrumb","itemListElement":[{"@type":"ListItem","position":1,"name":"In\u00edcio","item":"https:\/\/cleitonpinheiro.com.br\/site\/"},{"@type":"ListItem","position":2,"name":"Enem 2023: prazo para pagamento da taxa de inscri\u00e7\u00e3o de R$ 85 termina nesta quarta-feira"}]},{"@type":"WebSite","@id":"https:\/\/cleitonpinheiro.com.br\/site\/#website","url":"https:\/\/cleitonpinheiro.com.br\/site\/","name":"PORTAL DE NOT\u00cdCIAS CLEITON PINHEIRO","description":"FALANDO A VERDADE","publisher":{"@id":"https:\/\/cleitonpinheiro.com.br\/site\/#organization"},"potentialAction":[{"@type":"SearchAction","target":{"@type":"EntryPoint","urlTemplate":"https:\/\/cleitonpinheiro.com.br\/site\/?s={search_term_string}"},"query-input":{"@type":"PropertyValueSpecification","valueRequired":true,"valueName":"search_term_string"}}],"inLanguage":"pt-BR"},{"@type":"Organization","@id":"https:\/\/cleitonpinheiro.com.br\/site\/#organization","name":"CPNOT\u00cdCIAS","url":"https:\/\/cleitonpinheiro.com.br\/site\/","logo":{"@type":"ImageObject","inLanguage":"pt-BR","@id":"https:\/\/cleitonpinheiro.com.br\/site\/#\/schema\/logo\/image\/","url":"https:\/\/cleitonpinheiro.com.br\/site\/wp-content\/uploads\/2022\/08\/Logo-pequena-2.png","contentUrl":"https:\/\/cleitonpinheiro.com.br\/site\/wp-content\/uploads\/2022\/08\/Logo-pequena-2.png","width":500,"height":500,"caption":"CPNOT\u00cdCIAS"},"image":{"@id":"https:\/\/cleitonpinheiro.com.br\/site\/#\/schema\/logo\/image\/"},"sameAs":["https:\/\/www.facebook.com\/portalcpnoticias\/"]},{"@type":"Person","@id":"https:\/\/cleitonpinheiro.com.br\/site\/#\/schema\/person\/aac6d7f311e80c43042e98a900b03cd8","name":"Dermival Pereira","image":{"@type":"ImageObject","inLanguage":"pt-BR","@id":"https:\/\/cleitonpinheiro.com.br\/site\/#\/schema\/person\/image\/","url":"https:\/\/secure.gravatar.com\/avatar\/cfaebf3742d6bf8db728bcba3eed6bee37b02337a2e6c822994f20ca72a3784d?s=96&r=g","contentUrl":"https:\/\/secure.gravatar.com\/avatar\/cfaebf3742d6bf8db728bcba3eed6bee37b02337a2e6c822994f20ca72a3784d?s=96&r=g","caption":"Dermival Pereira"},"url":"https:\/\/cleitonpinheiro.com.br\/site\/author\/dermival\/"}]}},"views":245,"_links":{"self":[{"href":"https:\/\/cleitonpinheiro.com.br\/site\/wp-json\/wp\/v2\/posts\/72292","targetHints":{"allow":["GET"]}}],"collection":[{"href":"https:\/\/cleitonpinheiro.com.br\/site\/wp-json\/wp\/v2\/posts"}],"about":[{"href":"https:\/\/cleitonpinheiro.com.br\/site\/wp-json\/wp\/v2\/types\/post"}],"author":[{"embeddable":true,"href":"https:\/\/cleitonpinheiro.com.br\/site\/wp-json\/wp\/v2\/users\/4"}],"replies":[{"embeddable":true,"href":"https:\/\/cleitonpinheiro.com.br\/site\/wp-json\/wp\/v2\/comments?post=72292"}],"version-history":[{"count":1,"href":"https:\/\/cleitonpinheiro.com.br\/site\/wp-json\/wp\/v2\/posts\/72292\/revisions"}],"predecessor-version":[{"id":72294,"href":"https:\/\/cleitonpinheiro.com.br\/site\/wp-json\/wp\/v2\/posts\/72292\/revisions\/72294"}],"wp:attachment":[{"href":"https:\/\/cleitonpinheiro.com.br\/site\/wp-json\/wp\/v2\/media?parent=72292"}],"wp:term":[{"taxonomy":"category","embeddable":true,"href":"https:\/\/cleitonpinheiro.com.br\/site\/wp-json\/wp\/v2\/categories?post=72292"},{"taxonomy":"post_tag","embeddable":true,"href":"https:\/\/cleitonpinheiro.com.br\/site\/wp-json\/wp\/v2\/tags?post=72292"}],"curies":[{"name":"wp","href":"https:\/\/api.w.org\/{rel}","templated":true}]}}