{"id":72295,"date":"2023-06-21T08:43:12","date_gmt":"2023-06-21T11:43:12","guid":{"rendered":"https:\/\/cleitonpinheiro.com.br\/site\/?p=72295"},"modified":"2023-07-04T10:49:02","modified_gmt":"2023-07-04T13:49:02","slug":"adolescente-e-apontado-como-principal-suspeito-de-matar-idoso-para-roubar-dinheiro-e-celular","status":"publish","type":"post","link":"https:\/\/cleitonpinheiro.com.br\/site\/adolescente-e-apontado-como-principal-suspeito-de-matar-idoso-para-roubar-dinheiro-e-celular\/","title":{"rendered":"Adolescente de 16 anos \u00e9 apontado como principal suspeito de matar idoso para roubar dinheiro e celular"},"content":{"rendered":"\n<figure class=\"wp-block-image size-full is-resized\"><img fetchpriority=\"high\" decoding=\"async\" src=\"https:\/\/cleitonpinheiro.com.br\/site\/wp-content\/uploads\/2023\/06\/Design-sem-nome-2023-06-21T084209-compressed.jpg\" alt=\"\" class=\"wp-image-72296\" width=\"1023\" height=\"614\"\/><\/figure>\n\n\n\n<p>Investiga\u00e7\u00f5es da Pol\u00edcia Civil do Tocantins (PC-TO), por meio da 66\u00aa Delegacia de Miranorte, resultaram na identifica\u00e7\u00e3o de um adolescente de 16 anos, apontado como o principal suspeito de matar o idoso Br\u00edgido Rodrigues, de 83 anos, fato ocorrido no \u00faltimo dia 15, naquele munic\u00edpio.<\/p>\n\n\n\n<p>De acordo com o delegado Pedro Henrique Felix Bernardes, titular\u00a0 da 66\u00aa DP, logo ap\u00f3s os fatos, as equipes da unidade policial deram in\u00edcio \u00e0s investiga\u00e7\u00f5es e conseguiram identificar o adolescente de 16 anos, como sendo o autor da morte do idoso.<\/p>\n\n\n\n<p>\u201cO menor era conhecido da v\u00edtima, uma vez que sua m\u00e3e j\u00e1 havia tido um relacionamento com o idoso, sendo que no dia dos fatos, o adolescente foi at\u00e9 a casa do senhor Br\u00edgido na inten\u00e7\u00e3o de furtar dinheiro. Ocorre que a v\u00edtima estava em casa e, desse modo, o adolescente acabou empurrando o idoso que caiu e bateu a cabe\u00e7a em sua motocicleta, ficando inconsciente\u201d, disse a autoridade policial.<\/p>\n\n\n\n<p>Na ocasi\u00e3o, o menor subtraiu o aparelho celular de Br\u00edgido, bem como a quantia de R$ 40,00 e fugiu. O idoso ainda foi socorrido e encaminhado ao Hospital Geral de Palmas (HGP), onde veio a falecer no dia seguinte ao crime.<\/p>\n\n\n\n<p>O auto de investiga\u00e7\u00e3o de ato infracional instaurado para apurar o caso ser\u00e1 finalizado nos pr\u00f3ximos dias e remetido ao Poder Judici\u00e1rio e ao Minist\u00e9rio P\u00fablico para a ado\u00e7\u00e3o das provid\u00eancias legais cab\u00edveis. O delegado Pedro Henrique destaca que a elucida\u00e7\u00e3o do latroc\u00ednio \u00e9 de suma import\u00e2ncia, uma vez que trata-se de um fato grav\u00edssimo que ceifou a vida de um dos moradores pioneiros da cidade de Miranorte, que al\u00e9m de tudo era muito querido pela comunidade local.<\/p>\n\n\n\n<p>\u201cMais uma vez a Pol\u00edcia Civil do Tocantins d\u00e1 uma resposta satisfat\u00f3ria \u00e0 sociedade de Miranorte, com a identifica\u00e7\u00e3o do suspeito pela pr\u00e1tica desse ato infracional de latroc\u00ednio, que tirou a vida de uma pessoa muito querida na cidade, na tentativa de ocultar o roubo de apenas R$ 40 reais e um aparelho celular\u201d, frisou o delegado.&nbsp;<\/p>\n\n\n\n<p>O delegado ressalta ainda que o adolscente identificado suspeito pelo ato infracional an\u00e1logo a latroc\u00ednio \u00e9 o mesmo que, no dia 9 de maio havia sido apreendido por furtar uma motocicleta de um catador de recicl\u00e1veis, juntamente com um comparsa ap\u00f3s assistir v\u00eddeos no youtube e aprender como ligar o ve\u00edculo. <em><strong>(Fonte: Pol\u00edcia Civil).<\/strong><\/em><\/p>\n","protected":false},"excerpt":{"rendered":"<p>Investiga\u00e7\u00f5es da Pol\u00edcia Civil do Tocantins (PC-TO), por meio da 66\u00aa Delegacia de Miranorte, resultaram na identifica\u00e7\u00e3o de um adolescente de 16 anos, apontado como o principal suspeito de matar o idoso Br\u00edgido Rodrigues, de 83 anos, fato ocorrido no \u00faltimo dia 15, naquele munic\u00edpio. De acordo com o delegado Pedro Henrique Felix Bernardes, titular\u00a0 [&hellip;]<\/p>\n","protected":false},"author":4,"featured_media":0,"comment_status":"open","ping_status":"open","sticky":false,"template":"","format":"standard","meta":{"_acf_changed":false,"footnotes":""},"categories":[22,21],"tags":[],"class_list":["post-72295","post","type-post","status-publish","format-standard","hentry","category-cidades","category-todas-noticias"],"acf":[],"yoast_head":"<!-- This site is optimized with the Yoast SEO plugin v24.4 - https:\/\/yoast.com\/wordpress\/plugins\/seo\/ -->\n<title>Adolescente de 16 anos \u00e9 apontado como principal suspeito de matar idoso para roubar dinheiro e celular - PORTAL DE NOT\u00cdCIAS CLEITON PINHEIRO<\/title>\n<meta name=\"robots\" content=\"index, follow, max-snippet:-1, max-image-preview:large, max-video-preview:-1\" \/>\n<link rel=\"canonical\" href=\"https:\/\/cleitonpinheiro.com.br\/site\/adolescente-e-apontado-como-principal-suspeito-de-matar-idoso-para-roubar-dinheiro-e-celular\/\" \/>\n<meta property=\"og:locale\" content=\"pt_BR\" \/>\n<meta property=\"og:type\" content=\"article\" \/>\n<meta property=\"og:title\" content=\"Adolescente de 16 anos \u00e9 apontado como principal suspeito de matar idoso para roubar dinheiro e celular - PORTAL DE NOT\u00cdCIAS CLEITON PINHEIRO\" \/>\n<meta property=\"og:description\" content=\"Investiga\u00e7\u00f5es da Pol\u00edcia Civil do Tocantins (PC-TO), por meio da 66\u00aa Delegacia de Miranorte, resultaram na identifica\u00e7\u00e3o de um adolescente de 16 anos, apontado como o principal suspeito de matar o idoso Br\u00edgido Rodrigues, de 83 anos, fato ocorrido no \u00faltimo dia 15, naquele munic\u00edpio. De acordo com o delegado Pedro Henrique Felix Bernardes, titular\u00a0 [&hellip;]\" \/>\n<meta property=\"og:url\" content=\"https:\/\/cleitonpinheiro.com.br\/site\/adolescente-e-apontado-como-principal-suspeito-de-matar-idoso-para-roubar-dinheiro-e-celular\/\" \/>\n<meta property=\"og:site_name\" content=\"PORTAL DE NOT\u00cdCIAS CLEITON PINHEIRO\" \/>\n<meta property=\"article:publisher\" content=\"https:\/\/www.facebook.com\/portalcpnoticias\/\" \/>\n<meta property=\"article:published_time\" content=\"2023-06-21T11:43:12+00:00\" \/>\n<meta property=\"article:modified_time\" content=\"2023-07-04T13:49:02+00:00\" \/>\n<meta property=\"og:image\" content=\"https:\/\/cleitonpinheiro.com.br\/site\/wp-content\/uploads\/2023\/06\/Design-sem-nome-2023-06-21T084209-compressed.jpg\" \/>\n\t<meta property=\"og:image:width\" content=\"750\" \/>\n\t<meta property=\"og:image:height\" content=\"450\" \/>\n\t<meta property=\"og:image:type\" content=\"image\/jpeg\" \/>\n<meta name=\"author\" content=\"Dermival Pereira\" \/>\n<meta name=\"twitter:card\" content=\"summary_large_image\" \/>\n<meta name=\"twitter:label1\" content=\"Escrito por\" \/>\n\t<meta name=\"twitter:data1\" content=\"Dermival Pereira\" \/>\n\t<meta name=\"twitter:label2\" content=\"Est. tempo de leitura\" \/>\n\t<meta name=\"twitter:data2\" content=\"3 minutos\" \/>\n<script type=\"application\/ld+json\" class=\"yoast-schema-graph\">{\"@context\":\"https:\/\/schema.org\",\"@graph\":[{\"@type\":\"Article\",\"@id\":\"https:\/\/cleitonpinheiro.com.br\/site\/adolescente-e-apontado-como-principal-suspeito-de-matar-idoso-para-roubar-dinheiro-e-celular\/#article\",\"isPartOf\":{\"@id\":\"https:\/\/cleitonpinheiro.com.br\/site\/adolescente-e-apontado-como-principal-suspeito-de-matar-idoso-para-roubar-dinheiro-e-celular\/\"},\"author\":{\"name\":\"Dermival Pereira\",\"@id\":\"https:\/\/cleitonpinheiro.com.br\/site\/#\/schema\/person\/aac6d7f311e80c43042e98a900b03cd8\"},\"headline\":\"Adolescente de 16 anos \u00e9 apontado como principal suspeito de matar idoso para roubar dinheiro e celular\",\"datePublished\":\"2023-06-21T11:43:12+00:00\",\"dateModified\":\"2023-07-04T13:49:02+00:00\",\"mainEntityOfPage\":{\"@id\":\"https:\/\/cleitonpinheiro.com.br\/site\/adolescente-e-apontado-como-principal-suspeito-de-matar-idoso-para-roubar-dinheiro-e-celular\/\"},\"wordCount\":432,\"commentCount\":0,\"publisher\":{\"@id\":\"https:\/\/cleitonpinheiro.com.br\/site\/#organization\"},\"image\":{\"@id\":\"https:\/\/cleitonpinheiro.com.br\/site\/adolescente-e-apontado-como-principal-suspeito-de-matar-idoso-para-roubar-dinheiro-e-celular\/#primaryimage\"},\"thumbnailUrl\":\"https:\/\/cleitonpinheiro.com.br\/site\/wp-content\/uploads\/2023\/06\/Design-sem-nome-2023-06-21T084209-compressed.jpg\",\"articleSection\":[\"CIDADES\",\"TODAS NOTICIAS\"],\"inLanguage\":\"pt-BR\",\"potentialAction\":[{\"@type\":\"CommentAction\",\"name\":\"Comment\",\"target\":[\"https:\/\/cleitonpinheiro.com.br\/site\/adolescente-e-apontado-como-principal-suspeito-de-matar-idoso-para-roubar-dinheiro-e-celular\/#respond\"]}]},{\"@type\":\"WebPage\",\"@id\":\"https:\/\/cleitonpinheiro.com.br\/site\/adolescente-e-apontado-como-principal-suspeito-de-matar-idoso-para-roubar-dinheiro-e-celular\/\",\"url\":\"https:\/\/cleitonpinheiro.com.br\/site\/adolescente-e-apontado-como-principal-suspeito-de-matar-idoso-para-roubar-dinheiro-e-celular\/\",\"name\":\"Adolescente de 16 anos \u00e9 apontado como principal suspeito de matar idoso para roubar dinheiro e celular - PORTAL DE NOT\u00cdCIAS CLEITON PINHEIRO\",\"isPartOf\":{\"@id\":\"https:\/\/cleitonpinheiro.com.br\/site\/#website\"},\"primaryImageOfPage\":{\"@id\":\"https:\/\/cleitonpinheiro.com.br\/site\/adolescente-e-apontado-como-principal-suspeito-de-matar-idoso-para-roubar-dinheiro-e-celular\/#primaryimage\"},\"image\":{\"@id\":\"https:\/\/cleitonpinheiro.com.br\/site\/adolescente-e-apontado-como-principal-suspeito-de-matar-idoso-para-roubar-dinheiro-e-celular\/#primaryimage\"},\"thumbnailUrl\":\"https:\/\/cleitonpinheiro.com.br\/site\/wp-content\/uploads\/2023\/06\/Design-sem-nome-2023-06-21T084209-compressed.jpg\",\"datePublished\":\"2023-06-21T11:43:12+00:00\",\"dateModified\":\"2023-07-04T13:49:02+00:00\",\"breadcrumb\":{\"@id\":\"https:\/\/cleitonpinheiro.com.br\/site\/adolescente-e-apontado-como-principal-suspeito-de-matar-idoso-para-roubar-dinheiro-e-celular\/#breadcrumb\"},\"inLanguage\":\"pt-BR\",\"potentialAction\":[{\"@type\":\"ReadAction\",\"target\":[\"https:\/\/cleitonpinheiro.com.br\/site\/adolescente-e-apontado-como-principal-suspeito-de-matar-idoso-para-roubar-dinheiro-e-celular\/\"]}]},{\"@type\":\"ImageObject\",\"inLanguage\":\"pt-BR\",\"@id\":\"https:\/\/cleitonpinheiro.com.br\/site\/adolescente-e-apontado-como-principal-suspeito-de-matar-idoso-para-roubar-dinheiro-e-celular\/#primaryimage\",\"url\":\"\",\"contentUrl\":\"\"},{\"@type\":\"BreadcrumbList\",\"@id\":\"https:\/\/cleitonpinheiro.com.br\/site\/adolescente-e-apontado-como-principal-suspeito-de-matar-idoso-para-roubar-dinheiro-e-celular\/#breadcrumb\",\"itemListElement\":[{\"@type\":\"ListItem\",\"position\":1,\"name\":\"In\u00edcio\",\"item\":\"https:\/\/cleitonpinheiro.com.br\/site\/\"},{\"@type\":\"ListItem\",\"position\":2,\"name\":\"Adolescente de 16 anos \u00e9 apontado como principal suspeito de matar idoso para roubar dinheiro e celular\"}]},{\"@type\":\"WebSite\",\"@id\":\"https:\/\/cleitonpinheiro.com.br\/site\/#website\",\"url\":\"https:\/\/cleitonpinheiro.com.br\/site\/\",\"name\":\"PORTAL DE NOT\u00cdCIAS CLEITON PINHEIRO\",\"description\":\"FALANDO A VERDADE\",\"publisher\":{\"@id\":\"https:\/\/cleitonpinheiro.com.br\/site\/#organization\"},\"potentialAction\":[{\"@type\":\"SearchAction\",\"target\":{\"@type\":\"EntryPoint\",\"urlTemplate\":\"https:\/\/cleitonpinheiro.com.br\/site\/?s={search_term_string}\"},\"query-input\":{\"@type\":\"PropertyValueSpecification\",\"valueRequired\":true,\"valueName\":\"search_term_string\"}}],\"inLanguage\":\"pt-BR\"},{\"@type\":\"Organization\",\"@id\":\"https:\/\/cleitonpinheiro.com.br\/site\/#organization\",\"name\":\"CPNOT\u00cdCIAS\",\"url\":\"https:\/\/cleitonpinheiro.com.br\/site\/\",\"logo\":{\"@type\":\"ImageObject\",\"inLanguage\":\"pt-BR\",\"@id\":\"https:\/\/cleitonpinheiro.com.br\/site\/#\/schema\/logo\/image\/\",\"url\":\"https:\/\/cleitonpinheiro.com.br\/site\/wp-content\/uploads\/2022\/08\/Logo-pequena-2.png\",\"contentUrl\":\"https:\/\/cleitonpinheiro.com.br\/site\/wp-content\/uploads\/2022\/08\/Logo-pequena-2.png\",\"width\":500,\"height\":500,\"caption\":\"CPNOT\u00cdCIAS\"},\"image\":{\"@id\":\"https:\/\/cleitonpinheiro.com.br\/site\/#\/schema\/logo\/image\/\"},\"sameAs\":[\"https:\/\/www.facebook.com\/portalcpnoticias\/\"]},{\"@type\":\"Person\",\"@id\":\"https:\/\/cleitonpinheiro.com.br\/site\/#\/schema\/person\/aac6d7f311e80c43042e98a900b03cd8\",\"name\":\"Dermival Pereira\",\"image\":{\"@type\":\"ImageObject\",\"inLanguage\":\"pt-BR\",\"@id\":\"https:\/\/cleitonpinheiro.com.br\/site\/#\/schema\/person\/image\/\",\"url\":\"https:\/\/secure.gravatar.com\/avatar\/cfaebf3742d6bf8db728bcba3eed6bee37b02337a2e6c822994f20ca72a3784d?s=96&r=g\",\"contentUrl\":\"https:\/\/secure.gravatar.com\/avatar\/cfaebf3742d6bf8db728bcba3eed6bee37b02337a2e6c822994f20ca72a3784d?s=96&r=g\",\"caption\":\"Dermival Pereira\"},\"url\":\"https:\/\/cleitonpinheiro.com.br\/site\/author\/dermival\/\"}]}<\/script>\n<!-- \/ Yoast SEO plugin. -->","yoast_head_json":{"title":"Adolescente de 16 anos \u00e9 apontado como principal suspeito de matar idoso para roubar dinheiro e celular - PORTAL DE NOT\u00cdCIAS CLEITON PINHEIRO","robots":{"index":"index","follow":"follow","max-snippet":"max-snippet:-1","max-image-preview":"max-image-preview:large","max-video-preview":"max-video-preview:-1"},"canonical":"https:\/\/cleitonpinheiro.com.br\/site\/adolescente-e-apontado-como-principal-suspeito-de-matar-idoso-para-roubar-dinheiro-e-celular\/","og_locale":"pt_BR","og_type":"article","og_title":"Adolescente de 16 anos \u00e9 apontado como principal suspeito de matar idoso para roubar dinheiro e celular - PORTAL DE NOT\u00cdCIAS CLEITON PINHEIRO","og_description":"Investiga\u00e7\u00f5es da Pol\u00edcia Civil do Tocantins (PC-TO), por meio da 66\u00aa Delegacia de Miranorte, resultaram na identifica\u00e7\u00e3o de um adolescente de 16 anos, apontado como o principal suspeito de matar o idoso Br\u00edgido Rodrigues, de 83 anos, fato ocorrido no \u00faltimo dia 15, naquele munic\u00edpio. De acordo com o delegado Pedro Henrique Felix Bernardes, titular\u00a0 [&hellip;]","og_url":"https:\/\/cleitonpinheiro.com.br\/site\/adolescente-e-apontado-como-principal-suspeito-de-matar-idoso-para-roubar-dinheiro-e-celular\/","og_site_name":"PORTAL DE NOT\u00cdCIAS CLEITON PINHEIRO","article_publisher":"https:\/\/www.facebook.com\/portalcpnoticias\/","article_published_time":"2023-06-21T11:43:12+00:00","article_modified_time":"2023-07-04T13:49:02+00:00","og_image":[{"width":750,"height":450,"url":"https:\/\/cleitonpinheiro.com.br\/site\/wp-content\/uploads\/2023\/06\/Design-sem-nome-2023-06-21T084209-compressed.jpg","type":"image\/jpeg"}],"author":"Dermival Pereira","twitter_card":"summary_large_image","twitter_misc":{"Escrito por":"Dermival Pereira","Est. tempo de leitura":"3 minutos"},"schema":{"@context":"https:\/\/schema.org","@graph":[{"@type":"Article","@id":"https:\/\/cleitonpinheiro.com.br\/site\/adolescente-e-apontado-como-principal-suspeito-de-matar-idoso-para-roubar-dinheiro-e-celular\/#article","isPartOf":{"@id":"https:\/\/cleitonpinheiro.com.br\/site\/adolescente-e-apontado-como-principal-suspeito-de-matar-idoso-para-roubar-dinheiro-e-celular\/"},"author":{"name":"Dermival Pereira","@id":"https:\/\/cleitonpinheiro.com.br\/site\/#\/schema\/person\/aac6d7f311e80c43042e98a900b03cd8"},"headline":"Adolescente de 16 anos \u00e9 apontado como principal suspeito de matar idoso para roubar dinheiro e celular","datePublished":"2023-06-21T11:43:12+00:00","dateModified":"2023-07-04T13:49:02+00:00","mainEntityOfPage":{"@id":"https:\/\/cleitonpinheiro.com.br\/site\/adolescente-e-apontado-como-principal-suspeito-de-matar-idoso-para-roubar-dinheiro-e-celular\/"},"wordCount":432,"commentCount":0,"publisher":{"@id":"https:\/\/cleitonpinheiro.com.br\/site\/#organization"},"image":{"@id":"https:\/\/cleitonpinheiro.com.br\/site\/adolescente-e-apontado-como-principal-suspeito-de-matar-idoso-para-roubar-dinheiro-e-celular\/#primaryimage"},"thumbnailUrl":"https:\/\/cleitonpinheiro.com.br\/site\/wp-content\/uploads\/2023\/06\/Design-sem-nome-2023-06-21T084209-compressed.jpg","articleSection":["CIDADES","TODAS NOTICIAS"],"inLanguage":"pt-BR","potentialAction":[{"@type":"CommentAction","name":"Comment","target":["https:\/\/cleitonpinheiro.com.br\/site\/adolescente-e-apontado-como-principal-suspeito-de-matar-idoso-para-roubar-dinheiro-e-celular\/#respond"]}]},{"@type":"WebPage","@id":"https:\/\/cleitonpinheiro.com.br\/site\/adolescente-e-apontado-como-principal-suspeito-de-matar-idoso-para-roubar-dinheiro-e-celular\/","url":"https:\/\/cleitonpinheiro.com.br\/site\/adolescente-e-apontado-como-principal-suspeito-de-matar-idoso-para-roubar-dinheiro-e-celular\/","name":"Adolescente de 16 anos \u00e9 apontado como principal suspeito de matar idoso para roubar dinheiro e celular - PORTAL DE NOT\u00cdCIAS CLEITON PINHEIRO","isPartOf":{"@id":"https:\/\/cleitonpinheiro.com.br\/site\/#website"},"primaryImageOfPage":{"@id":"https:\/\/cleitonpinheiro.com.br\/site\/adolescente-e-apontado-como-principal-suspeito-de-matar-idoso-para-roubar-dinheiro-e-celular\/#primaryimage"},"image":{"@id":"https:\/\/cleitonpinheiro.com.br\/site\/adolescente-e-apontado-como-principal-suspeito-de-matar-idoso-para-roubar-dinheiro-e-celular\/#primaryimage"},"thumbnailUrl":"https:\/\/cleitonpinheiro.com.br\/site\/wp-content\/uploads\/2023\/06\/Design-sem-nome-2023-06-21T084209-compressed.jpg","datePublished":"2023-06-21T11:43:12+00:00","dateModified":"2023-07-04T13:49:02+00:00","breadcrumb":{"@id":"https:\/\/cleitonpinheiro.com.br\/site\/adolescente-e-apontado-como-principal-suspeito-de-matar-idoso-para-roubar-dinheiro-e-celular\/#breadcrumb"},"inLanguage":"pt-BR","potentialAction":[{"@type":"ReadAction","target":["https:\/\/cleitonpinheiro.com.br\/site\/adolescente-e-apontado-como-principal-suspeito-de-matar-idoso-para-roubar-dinheiro-e-celular\/"]}]},{"@type":"ImageObject","inLanguage":"pt-BR","@id":"https:\/\/cleitonpinheiro.com.br\/site\/adolescente-e-apontado-como-principal-suspeito-de-matar-idoso-para-roubar-dinheiro-e-celular\/#primaryimage","url":"","contentUrl":""},{"@type":"BreadcrumbList","@id":"https:\/\/cleitonpinheiro.com.br\/site\/adolescente-e-apontado-como-principal-suspeito-de-matar-idoso-para-roubar-dinheiro-e-celular\/#breadcrumb","itemListElement":[{"@type":"ListItem","position":1,"name":"In\u00edcio","item":"https:\/\/cleitonpinheiro.com.br\/site\/"},{"@type":"ListItem","position":2,"name":"Adolescente de 16 anos \u00e9 apontado como principal suspeito de matar idoso para roubar dinheiro e celular"}]},{"@type":"WebSite","@id":"https:\/\/cleitonpinheiro.com.br\/site\/#website","url":"https:\/\/cleitonpinheiro.com.br\/site\/","name":"PORTAL DE NOT\u00cdCIAS CLEITON PINHEIRO","description":"FALANDO A VERDADE","publisher":{"@id":"https:\/\/cleitonpinheiro.com.br\/site\/#organization"},"potentialAction":[{"@type":"SearchAction","target":{"@type":"EntryPoint","urlTemplate":"https:\/\/cleitonpinheiro.com.br\/site\/?s={search_term_string}"},"query-input":{"@type":"PropertyValueSpecification","valueRequired":true,"valueName":"search_term_string"}}],"inLanguage":"pt-BR"},{"@type":"Organization","@id":"https:\/\/cleitonpinheiro.com.br\/site\/#organization","name":"CPNOT\u00cdCIAS","url":"https:\/\/cleitonpinheiro.com.br\/site\/","logo":{"@type":"ImageObject","inLanguage":"pt-BR","@id":"https:\/\/cleitonpinheiro.com.br\/site\/#\/schema\/logo\/image\/","url":"https:\/\/cleitonpinheiro.com.br\/site\/wp-content\/uploads\/2022\/08\/Logo-pequena-2.png","contentUrl":"https:\/\/cleitonpinheiro.com.br\/site\/wp-content\/uploads\/2022\/08\/Logo-pequena-2.png","width":500,"height":500,"caption":"CPNOT\u00cdCIAS"},"image":{"@id":"https:\/\/cleitonpinheiro.com.br\/site\/#\/schema\/logo\/image\/"},"sameAs":["https:\/\/www.facebook.com\/portalcpnoticias\/"]},{"@type":"Person","@id":"https:\/\/cleitonpinheiro.com.br\/site\/#\/schema\/person\/aac6d7f311e80c43042e98a900b03cd8","name":"Dermival Pereira","image":{"@type":"ImageObject","inLanguage":"pt-BR","@id":"https:\/\/cleitonpinheiro.com.br\/site\/#\/schema\/person\/image\/","url":"https:\/\/secure.gravatar.com\/avatar\/cfaebf3742d6bf8db728bcba3eed6bee37b02337a2e6c822994f20ca72a3784d?s=96&r=g","contentUrl":"https:\/\/secure.gravatar.com\/avatar\/cfaebf3742d6bf8db728bcba3eed6bee37b02337a2e6c822994f20ca72a3784d?s=96&r=g","caption":"Dermival Pereira"},"url":"https:\/\/cleitonpinheiro.com.br\/site\/author\/dermival\/"}]}},"views":256,"_links":{"self":[{"href":"https:\/\/cleitonpinheiro.com.br\/site\/wp-json\/wp\/v2\/posts\/72295","targetHints":{"allow":["GET"]}}],"collection":[{"href":"https:\/\/cleitonpinheiro.com.br\/site\/wp-json\/wp\/v2\/posts"}],"about":[{"href":"https:\/\/cleitonpinheiro.com.br\/site\/wp-json\/wp\/v2\/types\/post"}],"author":[{"embeddable":true,"href":"https:\/\/cleitonpinheiro.com.br\/site\/wp-json\/wp\/v2\/users\/4"}],"replies":[{"embeddable":true,"href":"https:\/\/cleitonpinheiro.com.br\/site\/wp-json\/wp\/v2\/comments?post=72295"}],"version-history":[{"count":5,"href":"https:\/\/cleitonpinheiro.com.br\/site\/wp-json\/wp\/v2\/posts\/72295\/revisions"}],"predecessor-version":[{"id":72301,"href":"https:\/\/cleitonpinheiro.com.br\/site\/wp-json\/wp\/v2\/posts\/72295\/revisions\/72301"}],"wp:attachment":[{"href":"https:\/\/cleitonpinheiro.com.br\/site\/wp-json\/wp\/v2\/media?parent=72295"}],"wp:term":[{"taxonomy":"category","embeddable":true,"href":"https:\/\/cleitonpinheiro.com.br\/site\/wp-json\/wp\/v2\/categories?post=72295"},{"taxonomy":"post_tag","embeddable":true,"href":"https:\/\/cleitonpinheiro.com.br\/site\/wp-json\/wp\/v2\/tags?post=72295"}],"curies":[{"name":"wp","href":"https:\/\/api.w.org\/{rel}","templated":true}]}}