{"id":72303,"date":"2023-06-21T09:29:15","date_gmt":"2023-06-21T12:29:15","guid":{"rendered":"https:\/\/cleitonpinheiro.com.br\/site\/?p=72303"},"modified":"2023-06-22T07:50:26","modified_gmt":"2023-06-22T10:50:26","slug":"cabo-da-pm-do-tocantins-e-acusado-de-agredir-policiais-femininas-com-um-pedaco-de-madeira-durante-treinamento-no-estado-do-ceara","status":"publish","type":"post","link":"https:\/\/cleitonpinheiro.com.br\/site\/cabo-da-pm-do-tocantins-e-acusado-de-agredir-policiais-femininas-com-um-pedaco-de-madeira-durante-treinamento-no-estado-do-ceara\/","title":{"rendered":"Cabo da PM do Tocantins \u00e9 acusado de agredir policiais femininas com um peda\u00e7o de madeira durante treinamento no Estado do Cear\u00e1"},"content":{"rendered":"\n<figure class=\"wp-block-image size-full is-resized\"><img fetchpriority=\"high\" decoding=\"async\" src=\"https:\/\/cleitonpinheiro.com.br\/site\/wp-content\/uploads\/2023\/06\/Design-sem-nome-2023-06-21T092708-compressed.jpg\" alt=\"\" class=\"wp-image-72304\" width=\"1021\" height=\"613\"\/><\/figure>\n\n\n\n<p>A Secretaria de Seguran\u00e7a do Cear\u00e1 iniciou uma investiga\u00e7\u00e3o para apurar a&nbsp;<a href=\"https:\/\/www.terra.com.br\/noticias\/mundo\/violencia-contra-mulher\/\">agress\u00e3o<\/a>&nbsp;contra policiais femininas durante um curso t\u00e1tico realizado pela Pol\u00edcia Militar do estado. As aulas foram ministradas por policiais militares do estado do Tocantins e o agressor, segundo a v\u00edtima, seria um Cabo da PM que as acusou de terem pegado um peda\u00e7o de sua pizza e as puniu atrav\u00e9s de agress\u00f5es com uma ripa de madeira. <em><strong>As informa\u00e7\u00f5es com a acusa\u00e7\u00e3o contra o militar foram publicadas pelo Portal Terra.<\/strong><\/em><\/p>\n\n\n\n<p>De acordo com uma das v\u00edtimas, que \u00e9 do Maranh\u00e3o, o militar usou um peda\u00e7o de madeira para agredir as policiais nas n\u00e1degas. Ela relatou que no oitavo dia do curso, um dos instrutores da Pol\u00edcia Militar, cujo nome n\u00e3o foi divulgado, acusou as mulheres de terem pegado um peda\u00e7o de pizza e as agrediu com uma ripa na regi\u00e3o da n\u00e1degas.<\/p>\n\n\n\n<p>&#8220;Sim, essa sou eu, v\u00edtima de um macho escroto que se diz instrutor de curso! Um cabo da pol\u00edcia militar do Tocantins, que mesmo depois do ocorrido est\u00e1 sendo ovacionado pela institui\u00e7\u00e3o e por todos que participaram do curso. Curso t\u00e1tico feminino deveria, sim, ser direcionado apenas para mulheres&#8221;, relatou.<\/p>\n\n\n\n<p>Apesar de a agress\u00e3o ter acontecido em maio, o caso s\u00f3 foi divulgado recentemente, quando a policial compartilhou imagens das n\u00e1degas com hematomas e levantou questionamentos sobre a conduta do agente envolvido.<\/p>\n\n\n\n<p>A Secretaria de Seguran\u00e7a do Cear\u00e1 organizou um curso de 4 semanas voltado para o treinamento de mulheres militares de Pernambuco, Maranh\u00e3o, Paran\u00e1, Rio Grande do Norte e Piau\u00ed.&nbsp;<\/p>\n\n\n\n<p>O objetivo do curso era fornecer instru\u00e7\u00f5es sobre defesa pessoal, t\u00e9cnicas operacionais policiais, salvamento e outros procedimentos relevantes. As aulas foram ministradas por policiais militares do estado do Tocantins.<\/p>\n\n\n\n<p><strong>Investiga\u00e7\u00e3o<\/strong><\/p>\n\n\n\n<p>A Secretaria da Seguran\u00e7a P\u00fablica foi informada sobre a den\u00fancia de agress\u00e3o durante o curso e comunicou que iniciou uma investiga\u00e7\u00e3o para apurar o incidente. &#8220;A Secretaria da Seguran\u00e7a ressalta que um inqu\u00e9rito policial para apurar o fato foi instaurado na Delegacia de Defesa da Mulher, onde foram realizadas oitivas e a v\u00edtima recebeu todo acolhimento, al\u00e9m de ser encaminhada para a realiza\u00e7\u00e3o de exame de corpo de delito&#8221;, diz a pasta.<br><br><strong>O que diz a PM do Tocantins<\/strong><\/p>\n\n\n\n<p>NOTA DE ESCLARECIMENTO<br>21\/06\/2023<\/p>\n\n\n\n<p>Referente \u00e0 informa\u00e7\u00e3o de que uma aluna do Curso T\u00e1tico Policial Feminino, realizado na Pol\u00edcia Militar do Cear\u00e1, teria sido agredida por um instrutor Policial Militar do Tocantins, durante atividades do curso, a Pol\u00edcia Militar esclarece que:<\/p>\n\n\n\n<p>1 &#8211; A supervis\u00e3o do referido curso coube exclusivamente \u00e0 institui\u00e7\u00e3o Promotora do evento, a qual, inclusive j\u00e1 est\u00e1 apurando os fatos devidamente;<\/p>\n\n\n\n<p>2 &#8211; Ao tomar conhecimento das informa\u00e7\u00f5es por meio da imprensa, entrou em contato com a Secretaria da Seguran\u00e7a P\u00fablica e da Defesa Social do Governo do Estado do Cear\u00e1, solicitando toda a documenta\u00e7\u00e3o existente sobre o caso, para avalia\u00e7\u00e3o.<\/p>\n\n\n\n<p>A Pol\u00edcia Militar repudia veementemente qualquer desvio de conduta e\/ou excesso direcionado a qualquer pessoa, praticado por policial militar, em raz\u00e3o da fun\u00e7\u00e3o ou fora dela e reafirma seu compromisso com a \u00e9tica, a transpar\u00eancia e o respeito aos direitos humanos.<\/p>\n\n\n\n<p>POL\u00cdCIA MILITAR DO TOCANTINS.<br><em><strong>(Mat\u00e9ria atualizada \u00e0s 14h48 com a nota da PM-TO).<\/strong><\/em><\/p>\n\n\n\n<p> <\/p>\n","protected":false},"excerpt":{"rendered":"<p>A Secretaria de Seguran\u00e7a do Cear\u00e1 iniciou uma investiga\u00e7\u00e3o para apurar a&nbsp;agress\u00e3o&nbsp;contra policiais femininas durante um curso t\u00e1tico realizado pela Pol\u00edcia Militar do estado. As aulas foram ministradas por policiais militares do estado do Tocantins e o agressor, segundo a v\u00edtima, seria um Cabo da PM que as acusou de terem pegado um peda\u00e7o de [&hellip;]<\/p>\n","protected":false},"author":9,"featured_media":0,"comment_status":"open","ping_status":"open","sticky":false,"template":"","format":"standard","meta":{"_acf_changed":false,"footnotes":""},"categories":[8,21],"tags":[],"class_list":["post-72303","post","type-post","status-publish","format-standard","hentry","category-estado","category-todas-noticias"],"acf":[],"yoast_head":"<!-- This site is optimized with the Yoast SEO plugin v24.4 - https:\/\/yoast.com\/wordpress\/plugins\/seo\/ -->\n<title>Cabo da PM do Tocantins \u00e9 acusado de agredir policiais femininas com um peda\u00e7o de madeira durante treinamento no Estado do Cear\u00e1 - PORTAL DE NOT\u00cdCIAS CLEITON PINHEIRO<\/title>\n<meta name=\"robots\" content=\"index, follow, max-snippet:-1, max-image-preview:large, max-video-preview:-1\" \/>\n<link rel=\"canonical\" href=\"https:\/\/cleitonpinheiro.com.br\/site\/cabo-da-pm-do-tocantins-e-acusado-de-agredir-policiais-femininas-com-um-pedaco-de-madeira-durante-treinamento-no-estado-do-ceara\/\" \/>\n<meta property=\"og:locale\" content=\"pt_BR\" \/>\n<meta property=\"og:type\" content=\"article\" \/>\n<meta property=\"og:title\" content=\"Cabo da PM do Tocantins \u00e9 acusado de agredir policiais femininas com um peda\u00e7o de madeira durante treinamento no Estado do Cear\u00e1 - PORTAL DE NOT\u00cdCIAS CLEITON PINHEIRO\" \/>\n<meta property=\"og:description\" content=\"A Secretaria de Seguran\u00e7a do Cear\u00e1 iniciou uma investiga\u00e7\u00e3o para apurar a&nbsp;agress\u00e3o&nbsp;contra policiais femininas durante um curso t\u00e1tico realizado pela Pol\u00edcia Militar do estado. As aulas foram ministradas por policiais militares do estado do Tocantins e o agressor, segundo a v\u00edtima, seria um Cabo da PM que as acusou de terem pegado um peda\u00e7o de [&hellip;]\" \/>\n<meta property=\"og:url\" content=\"https:\/\/cleitonpinheiro.com.br\/site\/cabo-da-pm-do-tocantins-e-acusado-de-agredir-policiais-femininas-com-um-pedaco-de-madeira-durante-treinamento-no-estado-do-ceara\/\" \/>\n<meta property=\"og:site_name\" content=\"PORTAL DE NOT\u00cdCIAS CLEITON PINHEIRO\" \/>\n<meta property=\"article:publisher\" content=\"https:\/\/www.facebook.com\/portalcpnoticias\/\" \/>\n<meta property=\"article:published_time\" content=\"2023-06-21T12:29:15+00:00\" \/>\n<meta property=\"article:modified_time\" content=\"2023-06-22T10:50:26+00:00\" \/>\n<meta property=\"og:image\" content=\"https:\/\/cleitonpinheiro.com.br\/site\/wp-content\/uploads\/2023\/06\/Design-sem-nome-2023-06-21T092708-compressed.jpg\" \/>\n\t<meta property=\"og:image:width\" content=\"750\" \/>\n\t<meta property=\"og:image:height\" content=\"450\" \/>\n\t<meta property=\"og:image:type\" content=\"image\/jpeg\" \/>\n<meta name=\"author\" content=\"RGF Sistemas\" \/>\n<meta name=\"twitter:card\" content=\"summary_large_image\" \/>\n<meta name=\"twitter:label1\" content=\"Escrito por\" \/>\n\t<meta name=\"twitter:data1\" content=\"RGF Sistemas\" \/>\n\t<meta name=\"twitter:label2\" content=\"Est. tempo de leitura\" \/>\n\t<meta name=\"twitter:data2\" content=\"4 minutos\" \/>\n<script type=\"application\/ld+json\" class=\"yoast-schema-graph\">{\"@context\":\"https:\/\/schema.org\",\"@graph\":[{\"@type\":\"Article\",\"@id\":\"https:\/\/cleitonpinheiro.com.br\/site\/cabo-da-pm-do-tocantins-e-acusado-de-agredir-policiais-femininas-com-um-pedaco-de-madeira-durante-treinamento-no-estado-do-ceara\/#article\",\"isPartOf\":{\"@id\":\"https:\/\/cleitonpinheiro.com.br\/site\/cabo-da-pm-do-tocantins-e-acusado-de-agredir-policiais-femininas-com-um-pedaco-de-madeira-durante-treinamento-no-estado-do-ceara\/\"},\"author\":{\"name\":\"RGF Sistemas\",\"@id\":\"https:\/\/cleitonpinheiro.com.br\/site\/#\/schema\/person\/b7621891c193194dd412fdc1ff9b2b41\"},\"headline\":\"Cabo da PM do Tocantins \u00e9 acusado de agredir policiais femininas com um peda\u00e7o de madeira durante treinamento no Estado do Cear\u00e1\",\"datePublished\":\"2023-06-21T12:29:15+00:00\",\"dateModified\":\"2023-06-22T10:50:26+00:00\",\"mainEntityOfPage\":{\"@id\":\"https:\/\/cleitonpinheiro.com.br\/site\/cabo-da-pm-do-tocantins-e-acusado-de-agredir-policiais-femininas-com-um-pedaco-de-madeira-durante-treinamento-no-estado-do-ceara\/\"},\"wordCount\":600,\"commentCount\":0,\"publisher\":{\"@id\":\"https:\/\/cleitonpinheiro.com.br\/site\/#organization\"},\"image\":{\"@id\":\"https:\/\/cleitonpinheiro.com.br\/site\/cabo-da-pm-do-tocantins-e-acusado-de-agredir-policiais-femininas-com-um-pedaco-de-madeira-durante-treinamento-no-estado-do-ceara\/#primaryimage\"},\"thumbnailUrl\":\"https:\/\/cleitonpinheiro.com.br\/site\/wp-content\/uploads\/2023\/06\/Design-sem-nome-2023-06-21T092708-compressed.jpg\",\"articleSection\":[\"ESTADO\",\"TODAS NOTICIAS\"],\"inLanguage\":\"pt-BR\",\"potentialAction\":[{\"@type\":\"CommentAction\",\"name\":\"Comment\",\"target\":[\"https:\/\/cleitonpinheiro.com.br\/site\/cabo-da-pm-do-tocantins-e-acusado-de-agredir-policiais-femininas-com-um-pedaco-de-madeira-durante-treinamento-no-estado-do-ceara\/#respond\"]}]},{\"@type\":\"WebPage\",\"@id\":\"https:\/\/cleitonpinheiro.com.br\/site\/cabo-da-pm-do-tocantins-e-acusado-de-agredir-policiais-femininas-com-um-pedaco-de-madeira-durante-treinamento-no-estado-do-ceara\/\",\"url\":\"https:\/\/cleitonpinheiro.com.br\/site\/cabo-da-pm-do-tocantins-e-acusado-de-agredir-policiais-femininas-com-um-pedaco-de-madeira-durante-treinamento-no-estado-do-ceara\/\",\"name\":\"Cabo da PM do Tocantins \u00e9 acusado de agredir policiais femininas com um peda\u00e7o de madeira durante treinamento no Estado do Cear\u00e1 - PORTAL DE NOT\u00cdCIAS CLEITON PINHEIRO\",\"isPartOf\":{\"@id\":\"https:\/\/cleitonpinheiro.com.br\/site\/#website\"},\"primaryImageOfPage\":{\"@id\":\"https:\/\/cleitonpinheiro.com.br\/site\/cabo-da-pm-do-tocantins-e-acusado-de-agredir-policiais-femininas-com-um-pedaco-de-madeira-durante-treinamento-no-estado-do-ceara\/#primaryimage\"},\"image\":{\"@id\":\"https:\/\/cleitonpinheiro.com.br\/site\/cabo-da-pm-do-tocantins-e-acusado-de-agredir-policiais-femininas-com-um-pedaco-de-madeira-durante-treinamento-no-estado-do-ceara\/#primaryimage\"},\"thumbnailUrl\":\"https:\/\/cleitonpinheiro.com.br\/site\/wp-content\/uploads\/2023\/06\/Design-sem-nome-2023-06-21T092708-compressed.jpg\",\"datePublished\":\"2023-06-21T12:29:15+00:00\",\"dateModified\":\"2023-06-22T10:50:26+00:00\",\"breadcrumb\":{\"@id\":\"https:\/\/cleitonpinheiro.com.br\/site\/cabo-da-pm-do-tocantins-e-acusado-de-agredir-policiais-femininas-com-um-pedaco-de-madeira-durante-treinamento-no-estado-do-ceara\/#breadcrumb\"},\"inLanguage\":\"pt-BR\",\"potentialAction\":[{\"@type\":\"ReadAction\",\"target\":[\"https:\/\/cleitonpinheiro.com.br\/site\/cabo-da-pm-do-tocantins-e-acusado-de-agredir-policiais-femininas-com-um-pedaco-de-madeira-durante-treinamento-no-estado-do-ceara\/\"]}]},{\"@type\":\"ImageObject\",\"inLanguage\":\"pt-BR\",\"@id\":\"https:\/\/cleitonpinheiro.com.br\/site\/cabo-da-pm-do-tocantins-e-acusado-de-agredir-policiais-femininas-com-um-pedaco-de-madeira-durante-treinamento-no-estado-do-ceara\/#primaryimage\",\"url\":\"\",\"contentUrl\":\"\"},{\"@type\":\"BreadcrumbList\",\"@id\":\"https:\/\/cleitonpinheiro.com.br\/site\/cabo-da-pm-do-tocantins-e-acusado-de-agredir-policiais-femininas-com-um-pedaco-de-madeira-durante-treinamento-no-estado-do-ceara\/#breadcrumb\",\"itemListElement\":[{\"@type\":\"ListItem\",\"position\":1,\"name\":\"In\u00edcio\",\"item\":\"https:\/\/cleitonpinheiro.com.br\/site\/\"},{\"@type\":\"ListItem\",\"position\":2,\"name\":\"Cabo da PM do Tocantins \u00e9 acusado de agredir policiais femininas com um peda\u00e7o de madeira durante treinamento no Estado do Cear\u00e1\"}]},{\"@type\":\"WebSite\",\"@id\":\"https:\/\/cleitonpinheiro.com.br\/site\/#website\",\"url\":\"https:\/\/cleitonpinheiro.com.br\/site\/\",\"name\":\"PORTAL DE NOT\u00cdCIAS CLEITON PINHEIRO\",\"description\":\"FALANDO A VERDADE\",\"publisher\":{\"@id\":\"https:\/\/cleitonpinheiro.com.br\/site\/#organization\"},\"potentialAction\":[{\"@type\":\"SearchAction\",\"target\":{\"@type\":\"EntryPoint\",\"urlTemplate\":\"https:\/\/cleitonpinheiro.com.br\/site\/?s={search_term_string}\"},\"query-input\":{\"@type\":\"PropertyValueSpecification\",\"valueRequired\":true,\"valueName\":\"search_term_string\"}}],\"inLanguage\":\"pt-BR\"},{\"@type\":\"Organization\",\"@id\":\"https:\/\/cleitonpinheiro.com.br\/site\/#organization\",\"name\":\"CPNOT\u00cdCIAS\",\"url\":\"https:\/\/cleitonpinheiro.com.br\/site\/\",\"logo\":{\"@type\":\"ImageObject\",\"inLanguage\":\"pt-BR\",\"@id\":\"https:\/\/cleitonpinheiro.com.br\/site\/#\/schema\/logo\/image\/\",\"url\":\"https:\/\/cleitonpinheiro.com.br\/site\/wp-content\/uploads\/2022\/08\/Logo-pequena-2.png\",\"contentUrl\":\"https:\/\/cleitonpinheiro.com.br\/site\/wp-content\/uploads\/2022\/08\/Logo-pequena-2.png\",\"width\":500,\"height\":500,\"caption\":\"CPNOT\u00cdCIAS\"},\"image\":{\"@id\":\"https:\/\/cleitonpinheiro.com.br\/site\/#\/schema\/logo\/image\/\"},\"sameAs\":[\"https:\/\/www.facebook.com\/portalcpnoticias\/\"]},{\"@type\":\"Person\",\"@id\":\"https:\/\/cleitonpinheiro.com.br\/site\/#\/schema\/person\/b7621891c193194dd412fdc1ff9b2b41\",\"name\":\"RGF Sistemas\",\"image\":{\"@type\":\"ImageObject\",\"inLanguage\":\"pt-BR\",\"@id\":\"https:\/\/cleitonpinheiro.com.br\/site\/#\/schema\/person\/image\/\",\"url\":\"https:\/\/secure.gravatar.com\/avatar\/59e110c11e5eecf4636340abed101b4cddb70ca9f64acab0fe8863bcc0a66b2d?s=96&r=g\",\"contentUrl\":\"https:\/\/secure.gravatar.com\/avatar\/59e110c11e5eecf4636340abed101b4cddb70ca9f64acab0fe8863bcc0a66b2d?s=96&r=g\",\"caption\":\"RGF Sistemas\"},\"url\":\"https:\/\/cleitonpinheiro.com.br\/site\/author\/rgfsite\/\"}]}<\/script>\n<!-- \/ Yoast SEO plugin. -->","yoast_head_json":{"title":"Cabo da PM do Tocantins \u00e9 acusado de agredir policiais femininas com um peda\u00e7o de madeira durante treinamento no Estado do Cear\u00e1 - PORTAL DE NOT\u00cdCIAS CLEITON PINHEIRO","robots":{"index":"index","follow":"follow","max-snippet":"max-snippet:-1","max-image-preview":"max-image-preview:large","max-video-preview":"max-video-preview:-1"},"canonical":"https:\/\/cleitonpinheiro.com.br\/site\/cabo-da-pm-do-tocantins-e-acusado-de-agredir-policiais-femininas-com-um-pedaco-de-madeira-durante-treinamento-no-estado-do-ceara\/","og_locale":"pt_BR","og_type":"article","og_title":"Cabo da PM do Tocantins \u00e9 acusado de agredir policiais femininas com um peda\u00e7o de madeira durante treinamento no Estado do Cear\u00e1 - PORTAL DE NOT\u00cdCIAS CLEITON PINHEIRO","og_description":"A Secretaria de Seguran\u00e7a do Cear\u00e1 iniciou uma investiga\u00e7\u00e3o para apurar a&nbsp;agress\u00e3o&nbsp;contra policiais femininas durante um curso t\u00e1tico realizado pela Pol\u00edcia Militar do estado. As aulas foram ministradas por policiais militares do estado do Tocantins e o agressor, segundo a v\u00edtima, seria um Cabo da PM que as acusou de terem pegado um peda\u00e7o de [&hellip;]","og_url":"https:\/\/cleitonpinheiro.com.br\/site\/cabo-da-pm-do-tocantins-e-acusado-de-agredir-policiais-femininas-com-um-pedaco-de-madeira-durante-treinamento-no-estado-do-ceara\/","og_site_name":"PORTAL DE NOT\u00cdCIAS CLEITON PINHEIRO","article_publisher":"https:\/\/www.facebook.com\/portalcpnoticias\/","article_published_time":"2023-06-21T12:29:15+00:00","article_modified_time":"2023-06-22T10:50:26+00:00","og_image":[{"width":750,"height":450,"url":"https:\/\/cleitonpinheiro.com.br\/site\/wp-content\/uploads\/2023\/06\/Design-sem-nome-2023-06-21T092708-compressed.jpg","type":"image\/jpeg"}],"author":"RGF Sistemas","twitter_card":"summary_large_image","twitter_misc":{"Escrito por":"RGF Sistemas","Est. tempo de leitura":"4 minutos"},"schema":{"@context":"https:\/\/schema.org","@graph":[{"@type":"Article","@id":"https:\/\/cleitonpinheiro.com.br\/site\/cabo-da-pm-do-tocantins-e-acusado-de-agredir-policiais-femininas-com-um-pedaco-de-madeira-durante-treinamento-no-estado-do-ceara\/#article","isPartOf":{"@id":"https:\/\/cleitonpinheiro.com.br\/site\/cabo-da-pm-do-tocantins-e-acusado-de-agredir-policiais-femininas-com-um-pedaco-de-madeira-durante-treinamento-no-estado-do-ceara\/"},"author":{"name":"RGF Sistemas","@id":"https:\/\/cleitonpinheiro.com.br\/site\/#\/schema\/person\/b7621891c193194dd412fdc1ff9b2b41"},"headline":"Cabo da PM do Tocantins \u00e9 acusado de agredir policiais femininas com um peda\u00e7o de madeira durante treinamento no Estado do Cear\u00e1","datePublished":"2023-06-21T12:29:15+00:00","dateModified":"2023-06-22T10:50:26+00:00","mainEntityOfPage":{"@id":"https:\/\/cleitonpinheiro.com.br\/site\/cabo-da-pm-do-tocantins-e-acusado-de-agredir-policiais-femininas-com-um-pedaco-de-madeira-durante-treinamento-no-estado-do-ceara\/"},"wordCount":600,"commentCount":0,"publisher":{"@id":"https:\/\/cleitonpinheiro.com.br\/site\/#organization"},"image":{"@id":"https:\/\/cleitonpinheiro.com.br\/site\/cabo-da-pm-do-tocantins-e-acusado-de-agredir-policiais-femininas-com-um-pedaco-de-madeira-durante-treinamento-no-estado-do-ceara\/#primaryimage"},"thumbnailUrl":"https:\/\/cleitonpinheiro.com.br\/site\/wp-content\/uploads\/2023\/06\/Design-sem-nome-2023-06-21T092708-compressed.jpg","articleSection":["ESTADO","TODAS NOTICIAS"],"inLanguage":"pt-BR","potentialAction":[{"@type":"CommentAction","name":"Comment","target":["https:\/\/cleitonpinheiro.com.br\/site\/cabo-da-pm-do-tocantins-e-acusado-de-agredir-policiais-femininas-com-um-pedaco-de-madeira-durante-treinamento-no-estado-do-ceara\/#respond"]}]},{"@type":"WebPage","@id":"https:\/\/cleitonpinheiro.com.br\/site\/cabo-da-pm-do-tocantins-e-acusado-de-agredir-policiais-femininas-com-um-pedaco-de-madeira-durante-treinamento-no-estado-do-ceara\/","url":"https:\/\/cleitonpinheiro.com.br\/site\/cabo-da-pm-do-tocantins-e-acusado-de-agredir-policiais-femininas-com-um-pedaco-de-madeira-durante-treinamento-no-estado-do-ceara\/","name":"Cabo da PM do Tocantins \u00e9 acusado de agredir policiais femininas com um peda\u00e7o de madeira durante treinamento no Estado do Cear\u00e1 - PORTAL DE NOT\u00cdCIAS CLEITON PINHEIRO","isPartOf":{"@id":"https:\/\/cleitonpinheiro.com.br\/site\/#website"},"primaryImageOfPage":{"@id":"https:\/\/cleitonpinheiro.com.br\/site\/cabo-da-pm-do-tocantins-e-acusado-de-agredir-policiais-femininas-com-um-pedaco-de-madeira-durante-treinamento-no-estado-do-ceara\/#primaryimage"},"image":{"@id":"https:\/\/cleitonpinheiro.com.br\/site\/cabo-da-pm-do-tocantins-e-acusado-de-agredir-policiais-femininas-com-um-pedaco-de-madeira-durante-treinamento-no-estado-do-ceara\/#primaryimage"},"thumbnailUrl":"https:\/\/cleitonpinheiro.com.br\/site\/wp-content\/uploads\/2023\/06\/Design-sem-nome-2023-06-21T092708-compressed.jpg","datePublished":"2023-06-21T12:29:15+00:00","dateModified":"2023-06-22T10:50:26+00:00","breadcrumb":{"@id":"https:\/\/cleitonpinheiro.com.br\/site\/cabo-da-pm-do-tocantins-e-acusado-de-agredir-policiais-femininas-com-um-pedaco-de-madeira-durante-treinamento-no-estado-do-ceara\/#breadcrumb"},"inLanguage":"pt-BR","potentialAction":[{"@type":"ReadAction","target":["https:\/\/cleitonpinheiro.com.br\/site\/cabo-da-pm-do-tocantins-e-acusado-de-agredir-policiais-femininas-com-um-pedaco-de-madeira-durante-treinamento-no-estado-do-ceara\/"]}]},{"@type":"ImageObject","inLanguage":"pt-BR","@id":"https:\/\/cleitonpinheiro.com.br\/site\/cabo-da-pm-do-tocantins-e-acusado-de-agredir-policiais-femininas-com-um-pedaco-de-madeira-durante-treinamento-no-estado-do-ceara\/#primaryimage","url":"","contentUrl":""},{"@type":"BreadcrumbList","@id":"https:\/\/cleitonpinheiro.com.br\/site\/cabo-da-pm-do-tocantins-e-acusado-de-agredir-policiais-femininas-com-um-pedaco-de-madeira-durante-treinamento-no-estado-do-ceara\/#breadcrumb","itemListElement":[{"@type":"ListItem","position":1,"name":"In\u00edcio","item":"https:\/\/cleitonpinheiro.com.br\/site\/"},{"@type":"ListItem","position":2,"name":"Cabo da PM do Tocantins \u00e9 acusado de agredir policiais femininas com um peda\u00e7o de madeira durante treinamento no Estado do Cear\u00e1"}]},{"@type":"WebSite","@id":"https:\/\/cleitonpinheiro.com.br\/site\/#website","url":"https:\/\/cleitonpinheiro.com.br\/site\/","name":"PORTAL DE NOT\u00cdCIAS CLEITON PINHEIRO","description":"FALANDO A VERDADE","publisher":{"@id":"https:\/\/cleitonpinheiro.com.br\/site\/#organization"},"potentialAction":[{"@type":"SearchAction","target":{"@type":"EntryPoint","urlTemplate":"https:\/\/cleitonpinheiro.com.br\/site\/?s={search_term_string}"},"query-input":{"@type":"PropertyValueSpecification","valueRequired":true,"valueName":"search_term_string"}}],"inLanguage":"pt-BR"},{"@type":"Organization","@id":"https:\/\/cleitonpinheiro.com.br\/site\/#organization","name":"CPNOT\u00cdCIAS","url":"https:\/\/cleitonpinheiro.com.br\/site\/","logo":{"@type":"ImageObject","inLanguage":"pt-BR","@id":"https:\/\/cleitonpinheiro.com.br\/site\/#\/schema\/logo\/image\/","url":"https:\/\/cleitonpinheiro.com.br\/site\/wp-content\/uploads\/2022\/08\/Logo-pequena-2.png","contentUrl":"https:\/\/cleitonpinheiro.com.br\/site\/wp-content\/uploads\/2022\/08\/Logo-pequena-2.png","width":500,"height":500,"caption":"CPNOT\u00cdCIAS"},"image":{"@id":"https:\/\/cleitonpinheiro.com.br\/site\/#\/schema\/logo\/image\/"},"sameAs":["https:\/\/www.facebook.com\/portalcpnoticias\/"]},{"@type":"Person","@id":"https:\/\/cleitonpinheiro.com.br\/site\/#\/schema\/person\/b7621891c193194dd412fdc1ff9b2b41","name":"RGF Sistemas","image":{"@type":"ImageObject","inLanguage":"pt-BR","@id":"https:\/\/cleitonpinheiro.com.br\/site\/#\/schema\/person\/image\/","url":"https:\/\/secure.gravatar.com\/avatar\/59e110c11e5eecf4636340abed101b4cddb70ca9f64acab0fe8863bcc0a66b2d?s=96&r=g","contentUrl":"https:\/\/secure.gravatar.com\/avatar\/59e110c11e5eecf4636340abed101b4cddb70ca9f64acab0fe8863bcc0a66b2d?s=96&r=g","caption":"RGF Sistemas"},"url":"https:\/\/cleitonpinheiro.com.br\/site\/author\/rgfsite\/"}]}},"views":587,"_links":{"self":[{"href":"https:\/\/cleitonpinheiro.com.br\/site\/wp-json\/wp\/v2\/posts\/72303","targetHints":{"allow":["GET"]}}],"collection":[{"href":"https:\/\/cleitonpinheiro.com.br\/site\/wp-json\/wp\/v2\/posts"}],"about":[{"href":"https:\/\/cleitonpinheiro.com.br\/site\/wp-json\/wp\/v2\/types\/post"}],"author":[{"embeddable":true,"href":"https:\/\/cleitonpinheiro.com.br\/site\/wp-json\/wp\/v2\/users\/9"}],"replies":[{"embeddable":true,"href":"https:\/\/cleitonpinheiro.com.br\/site\/wp-json\/wp\/v2\/comments?post=72303"}],"version-history":[{"count":3,"href":"https:\/\/cleitonpinheiro.com.br\/site\/wp-json\/wp\/v2\/posts\/72303\/revisions"}],"predecessor-version":[{"id":72312,"href":"https:\/\/cleitonpinheiro.com.br\/site\/wp-json\/wp\/v2\/posts\/72303\/revisions\/72312"}],"wp:attachment":[{"href":"https:\/\/cleitonpinheiro.com.br\/site\/wp-json\/wp\/v2\/media?parent=72303"}],"wp:term":[{"taxonomy":"category","embeddable":true,"href":"https:\/\/cleitonpinheiro.com.br\/site\/wp-json\/wp\/v2\/categories?post=72303"},{"taxonomy":"post_tag","embeddable":true,"href":"https:\/\/cleitonpinheiro.com.br\/site\/wp-json\/wp\/v2\/tags?post=72303"}],"curies":[{"name":"wp","href":"https:\/\/api.w.org\/{rel}","templated":true}]}}