{"id":72307,"date":"2023-06-21T10:07:40","date_gmt":"2023-06-21T13:07:40","guid":{"rendered":"https:\/\/cleitonpinheiro.com.br\/site\/?p=72307"},"modified":"2023-06-21T10:10:33","modified_gmt":"2023-06-21T13:10:33","slug":"palmas-intensifica-medidas-preventivas-para-proteger-a-populacao-contra-a-febre-maculosa","status":"publish","type":"post","link":"https:\/\/cleitonpinheiro.com.br\/site\/palmas-intensifica-medidas-preventivas-para-proteger-a-populacao-contra-a-febre-maculosa\/","title":{"rendered":"Palmas intensifica medidas preventivas para proteger a popula\u00e7\u00e3o contra a febre maculosa"},"content":{"rendered":"\n<figure class=\"wp-block-image size-full is-resized\"><img fetchpriority=\"high\" decoding=\"async\" src=\"https:\/\/cleitonpinheiro.com.br\/site\/wp-content\/uploads\/2023\/06\/Design-sem-nome-2023-06-21T100656-compressed.jpg\" alt=\"\" class=\"wp-image-72308\" width=\"1020\" height=\"612\"\/><figcaption class=\"wp-element-caption\">Foto: Regiane Rocha\/Secom Palmas<\/figcaption><\/figure>\n\n\n\n<p>Ap\u00f3s casos recentes de febre maculosa em Campinas (SP), a Prefeitura de Palmas tem intensificado medidas de vigil\u00e2ncia e preven\u00e7\u00e3o. At\u00e9 o momento nenhuma pessoa contraiu ou foi notificada com suspeita da doen\u00e7a no munic\u00edpio. A Secretaria Municipal da Sa\u00fade (Semus), a Funda\u00e7\u00e3o Municipal de Meio Ambiente (FMA) e a Secretaria Municipal de Infraestrutura e Servi\u00e7os P\u00fablicos (Seisp) t\u00eam trabalhado em conjunto para garantir a seguran\u00e7a da popula\u00e7\u00e3o.&nbsp;<\/p>\n\n\n\n<p>No Parque Cesamar, um dos pontos tur\u00edsticos da Capital, h\u00e1 circula\u00e7\u00e3o de carrapatos, como em todo ambiente de mata fechada. Paralelo a isso, existe grande circula\u00e7\u00e3o de animais silvestres, como a capivara, que anda livremente pelo parque, sendo atrativo para os frequentadores, pois trata-se de um animal d\u00f3cil e que possui boa rela\u00e7\u00e3o com humanos. A Prefeitura de Palmas destaca que n\u00e3o h\u00e1 motivos para p\u00e2nico, pois elas n\u00e3o s\u00e3o portadoras da bact\u00e9ria respons\u00e1vel pela febre maculosa, no entanto, podem ser hospedeiras do carrapato transmissor, desde que ele esteja contaminado.<\/p>\n\n\n\n<p>A Semus, em conjunto com a FMA, possui um plano de preven\u00e7\u00e3o e controle para estudo de manejo das capivaras e tamb\u00e9m para pesquisa acarol\u00f3gica no Parque Cesamar. Al\u00e9m disso, a Unidade de Vigil\u00e2ncia e Controle de Zoonoses (UVCZ), \u00f3rg\u00e3o da Semus, realiza monitoramento cont\u00ednuo para avaliar a presen\u00e7a e a extens\u00e3o da infesta\u00e7\u00e3o de carrapatos no parque. Devido \u00e0 ocorr\u00eancia da febre maculosa em outras regi\u00f5es do pa\u00eds, este monitoramento passar\u00e1 a ser realizado mensalmente.<\/p>\n\n\n\n<p>Tamb\u00e9m como a\u00e7\u00e3o de vigil\u00e2ncia epidemiol\u00f3gica, \u00e9 feita a coleta e envio de amostras biol\u00f3gicas para diagn\u00f3stico laboratorial da raiva e febre maculosa em capivaras que vierem \u00e0 \u00f3bito, sem causa esclarecida, conforme Nota T\u00e9cnica n\u00ba 09\/2019\/SES\/SVS\/DVDVZ\/DLACEN, da Secretaria de Estado da Sa\u00fade (SES). A Semus esclarece ainda que, at\u00e9 o momento, nenhum dos carrapatos analisados testou positivo para as doen\u00e7as.&nbsp;<\/p>\n\n\n\n<p>O controle dos aracn\u00eddeos tamb\u00e9m \u00e9 realizado pela Seisp, por meio de limpeza di\u00e1ria do espa\u00e7o, especialmente nas \u00e1reas de maior circula\u00e7\u00e3o, como o gramado, a pista de caminhada e as \u00e1reas pr\u00f3ximas para evitar o ac\u00famulo de folhas secas, que s\u00e3o prop\u00edcias para a prolifera\u00e7\u00e3o do animal. Outra medida j\u00e1 realizada \u00e9 a manuten\u00e7\u00e3o da altura nas \u00e1reas de gramado e aceiro da vegeta\u00e7\u00e3o em torno da pista de caminhada, al\u00e9m de a\u00e7\u00f5es educativas e coleta de amostras de carrapatos no ambiente para identifica\u00e7\u00e3o taxon\u00f4mica das esp\u00e9cies encontradas.&nbsp;<\/p>\n\n\n\n<p>Entretanto, por haver a presen\u00e7a desse parasita&nbsp;na \u00e1rea, a equipe de Vigil\u00e2ncia Epidemiol\u00f3gica da Semus aconselha o uso de roupas claras e repelentes espec\u00edficos contra carrapatos. Ao chegar em casa, vistoriar o corpo de todos que visitaram o local, especialmente crian\u00e7as.<\/p>\n\n\n\n<p><br><strong>Febre maculosa&nbsp;<\/strong><\/p>\n\n\n\n<p>A febre maculosa \u00e9 uma doen\u00e7a infecciosa transmitida pela picada de carrapatos infectados. \u00c9 causada pela bact\u00e9ria Rickettsia rickettsii e apresenta sintomas como febre alta, dores de cabe\u00e7a intensas, erup\u00e7\u00e3o cut\u00e2nea e complica\u00e7\u00f5es em \u00f3rg\u00e3os internos. \u00c9 importante buscar atendimento m\u00e9dico ao apresentar sintomas suspeitos ap\u00f3s exposi\u00e7\u00e3o a carrapatos. Os carrapatos que atuam como vetores da febre maculosa s\u00e3o conhecidos como carrapatos-estrela (Amblyomma spp.), e eles podem ser encontrados em \u00e1reas rurais e de mata. <em><strong>(Fonte: Sa\u00fade de Palmas).<\/strong><\/em><\/p>\n","protected":false},"excerpt":{"rendered":"<p>Ap\u00f3s casos recentes de febre maculosa em Campinas (SP), a Prefeitura de Palmas tem intensificado medidas de vigil\u00e2ncia e preven\u00e7\u00e3o. At\u00e9 o momento nenhuma pessoa contraiu ou foi notificada com suspeita da doen\u00e7a no munic\u00edpio. A Secretaria Municipal da Sa\u00fade (Semus), a Funda\u00e7\u00e3o Municipal de Meio Ambiente (FMA) e a Secretaria Municipal de Infraestrutura e [&hellip;]<\/p>\n","protected":false},"author":4,"featured_media":72308,"comment_status":"open","ping_status":"open","sticky":false,"template":"","format":"standard","meta":{"_acf_changed":false,"footnotes":""},"categories":[22,898],"tags":[],"class_list":["post-72307","post","type-post","status-publish","format-standard","has-post-thumbnail","hentry","category-cidades","category-manchete-segundaria"],"acf":[],"yoast_head":"<!-- This site is optimized with the Yoast SEO plugin v24.4 - https:\/\/yoast.com\/wordpress\/plugins\/seo\/ -->\n<title>Palmas intensifica medidas preventivas para proteger a popula\u00e7\u00e3o contra a febre maculosa - PORTAL DE NOT\u00cdCIAS CLEITON PINHEIRO<\/title>\n<meta name=\"robots\" content=\"index, follow, max-snippet:-1, max-image-preview:large, max-video-preview:-1\" \/>\n<link rel=\"canonical\" href=\"https:\/\/cleitonpinheiro.com.br\/site\/palmas-intensifica-medidas-preventivas-para-proteger-a-populacao-contra-a-febre-maculosa\/\" \/>\n<meta property=\"og:locale\" content=\"pt_BR\" \/>\n<meta property=\"og:type\" content=\"article\" \/>\n<meta property=\"og:title\" content=\"Palmas intensifica medidas preventivas para proteger a popula\u00e7\u00e3o contra a febre maculosa - PORTAL DE NOT\u00cdCIAS CLEITON PINHEIRO\" \/>\n<meta property=\"og:description\" content=\"Ap\u00f3s casos recentes de febre maculosa em Campinas (SP), a Prefeitura de Palmas tem intensificado medidas de vigil\u00e2ncia e preven\u00e7\u00e3o. At\u00e9 o momento nenhuma pessoa contraiu ou foi notificada com suspeita da doen\u00e7a no munic\u00edpio. A Secretaria Municipal da Sa\u00fade (Semus), a Funda\u00e7\u00e3o Municipal de Meio Ambiente (FMA) e a Secretaria Municipal de Infraestrutura e [&hellip;]\" \/>\n<meta property=\"og:url\" content=\"https:\/\/cleitonpinheiro.com.br\/site\/palmas-intensifica-medidas-preventivas-para-proteger-a-populacao-contra-a-febre-maculosa\/\" \/>\n<meta property=\"og:site_name\" content=\"PORTAL DE NOT\u00cdCIAS CLEITON PINHEIRO\" \/>\n<meta property=\"article:publisher\" content=\"https:\/\/www.facebook.com\/portalcpnoticias\/\" \/>\n<meta property=\"article:published_time\" content=\"2023-06-21T13:07:40+00:00\" \/>\n<meta property=\"article:modified_time\" content=\"2023-06-21T13:10:33+00:00\" \/>\n<meta property=\"og:image\" content=\"https:\/\/cleitonpinheiro.com.br\/site\/wp-content\/uploads\/2023\/06\/Design-sem-nome-2023-06-21T100656-compressed.jpg\" \/>\n\t<meta property=\"og:image:width\" content=\"750\" \/>\n\t<meta property=\"og:image:height\" content=\"450\" \/>\n\t<meta property=\"og:image:type\" content=\"image\/jpeg\" \/>\n<meta name=\"author\" content=\"Dermival Pereira\" \/>\n<meta name=\"twitter:card\" content=\"summary_large_image\" \/>\n<meta name=\"twitter:label1\" content=\"Escrito por\" \/>\n\t<meta name=\"twitter:data1\" content=\"Dermival Pereira\" \/>\n\t<meta name=\"twitter:label2\" content=\"Est. tempo de leitura\" \/>\n\t<meta name=\"twitter:data2\" content=\"4 minutos\" \/>\n<script type=\"application\/ld+json\" class=\"yoast-schema-graph\">{\"@context\":\"https:\/\/schema.org\",\"@graph\":[{\"@type\":\"Article\",\"@id\":\"https:\/\/cleitonpinheiro.com.br\/site\/palmas-intensifica-medidas-preventivas-para-proteger-a-populacao-contra-a-febre-maculosa\/#article\",\"isPartOf\":{\"@id\":\"https:\/\/cleitonpinheiro.com.br\/site\/palmas-intensifica-medidas-preventivas-para-proteger-a-populacao-contra-a-febre-maculosa\/\"},\"author\":{\"name\":\"Dermival Pereira\",\"@id\":\"https:\/\/cleitonpinheiro.com.br\/site\/#\/schema\/person\/aac6d7f311e80c43042e98a900b03cd8\"},\"headline\":\"Palmas intensifica medidas preventivas para proteger a popula\u00e7\u00e3o contra a febre maculosa\",\"datePublished\":\"2023-06-21T13:07:40+00:00\",\"dateModified\":\"2023-06-21T13:10:33+00:00\",\"mainEntityOfPage\":{\"@id\":\"https:\/\/cleitonpinheiro.com.br\/site\/palmas-intensifica-medidas-preventivas-para-proteger-a-populacao-contra-a-febre-maculosa\/\"},\"wordCount\":604,\"commentCount\":0,\"publisher\":{\"@id\":\"https:\/\/cleitonpinheiro.com.br\/site\/#organization\"},\"image\":{\"@id\":\"https:\/\/cleitonpinheiro.com.br\/site\/palmas-intensifica-medidas-preventivas-para-proteger-a-populacao-contra-a-febre-maculosa\/#primaryimage\"},\"thumbnailUrl\":\"https:\/\/cleitonpinheiro.com.br\/site\/wp-content\/uploads\/2023\/06\/Design-sem-nome-2023-06-21T100656-compressed.jpg\",\"articleSection\":[\"CIDADES\",\"MANCHETE SEGUND\u00c1RIA\"],\"inLanguage\":\"pt-BR\",\"potentialAction\":[{\"@type\":\"CommentAction\",\"name\":\"Comment\",\"target\":[\"https:\/\/cleitonpinheiro.com.br\/site\/palmas-intensifica-medidas-preventivas-para-proteger-a-populacao-contra-a-febre-maculosa\/#respond\"]}]},{\"@type\":\"WebPage\",\"@id\":\"https:\/\/cleitonpinheiro.com.br\/site\/palmas-intensifica-medidas-preventivas-para-proteger-a-populacao-contra-a-febre-maculosa\/\",\"url\":\"https:\/\/cleitonpinheiro.com.br\/site\/palmas-intensifica-medidas-preventivas-para-proteger-a-populacao-contra-a-febre-maculosa\/\",\"name\":\"Palmas intensifica medidas preventivas para proteger a popula\u00e7\u00e3o contra a febre maculosa - PORTAL DE NOT\u00cdCIAS CLEITON PINHEIRO\",\"isPartOf\":{\"@id\":\"https:\/\/cleitonpinheiro.com.br\/site\/#website\"},\"primaryImageOfPage\":{\"@id\":\"https:\/\/cleitonpinheiro.com.br\/site\/palmas-intensifica-medidas-preventivas-para-proteger-a-populacao-contra-a-febre-maculosa\/#primaryimage\"},\"image\":{\"@id\":\"https:\/\/cleitonpinheiro.com.br\/site\/palmas-intensifica-medidas-preventivas-para-proteger-a-populacao-contra-a-febre-maculosa\/#primaryimage\"},\"thumbnailUrl\":\"https:\/\/cleitonpinheiro.com.br\/site\/wp-content\/uploads\/2023\/06\/Design-sem-nome-2023-06-21T100656-compressed.jpg\",\"datePublished\":\"2023-06-21T13:07:40+00:00\",\"dateModified\":\"2023-06-21T13:10:33+00:00\",\"breadcrumb\":{\"@id\":\"https:\/\/cleitonpinheiro.com.br\/site\/palmas-intensifica-medidas-preventivas-para-proteger-a-populacao-contra-a-febre-maculosa\/#breadcrumb\"},\"inLanguage\":\"pt-BR\",\"potentialAction\":[{\"@type\":\"ReadAction\",\"target\":[\"https:\/\/cleitonpinheiro.com.br\/site\/palmas-intensifica-medidas-preventivas-para-proteger-a-populacao-contra-a-febre-maculosa\/\"]}]},{\"@type\":\"ImageObject\",\"inLanguage\":\"pt-BR\",\"@id\":\"https:\/\/cleitonpinheiro.com.br\/site\/palmas-intensifica-medidas-preventivas-para-proteger-a-populacao-contra-a-febre-maculosa\/#primaryimage\",\"url\":\"https:\/\/cleitonpinheiro.com.br\/site\/wp-content\/uploads\/2023\/06\/Design-sem-nome-2023-06-21T100656-compressed.jpg\",\"contentUrl\":\"https:\/\/cleitonpinheiro.com.br\/site\/wp-content\/uploads\/2023\/06\/Design-sem-nome-2023-06-21T100656-compressed.jpg\",\"width\":750,\"height\":450},{\"@type\":\"BreadcrumbList\",\"@id\":\"https:\/\/cleitonpinheiro.com.br\/site\/palmas-intensifica-medidas-preventivas-para-proteger-a-populacao-contra-a-febre-maculosa\/#breadcrumb\",\"itemListElement\":[{\"@type\":\"ListItem\",\"position\":1,\"name\":\"In\u00edcio\",\"item\":\"https:\/\/cleitonpinheiro.com.br\/site\/\"},{\"@type\":\"ListItem\",\"position\":2,\"name\":\"Palmas intensifica medidas preventivas para proteger a popula\u00e7\u00e3o contra a febre maculosa\"}]},{\"@type\":\"WebSite\",\"@id\":\"https:\/\/cleitonpinheiro.com.br\/site\/#website\",\"url\":\"https:\/\/cleitonpinheiro.com.br\/site\/\",\"name\":\"PORTAL DE NOT\u00cdCIAS CLEITON PINHEIRO\",\"description\":\"FALANDO A VERDADE\",\"publisher\":{\"@id\":\"https:\/\/cleitonpinheiro.com.br\/site\/#organization\"},\"potentialAction\":[{\"@type\":\"SearchAction\",\"target\":{\"@type\":\"EntryPoint\",\"urlTemplate\":\"https:\/\/cleitonpinheiro.com.br\/site\/?s={search_term_string}\"},\"query-input\":{\"@type\":\"PropertyValueSpecification\",\"valueRequired\":true,\"valueName\":\"search_term_string\"}}],\"inLanguage\":\"pt-BR\"},{\"@type\":\"Organization\",\"@id\":\"https:\/\/cleitonpinheiro.com.br\/site\/#organization\",\"name\":\"CPNOT\u00cdCIAS\",\"url\":\"https:\/\/cleitonpinheiro.com.br\/site\/\",\"logo\":{\"@type\":\"ImageObject\",\"inLanguage\":\"pt-BR\",\"@id\":\"https:\/\/cleitonpinheiro.com.br\/site\/#\/schema\/logo\/image\/\",\"url\":\"https:\/\/cleitonpinheiro.com.br\/site\/wp-content\/uploads\/2022\/08\/Logo-pequena-2.png\",\"contentUrl\":\"https:\/\/cleitonpinheiro.com.br\/site\/wp-content\/uploads\/2022\/08\/Logo-pequena-2.png\",\"width\":500,\"height\":500,\"caption\":\"CPNOT\u00cdCIAS\"},\"image\":{\"@id\":\"https:\/\/cleitonpinheiro.com.br\/site\/#\/schema\/logo\/image\/\"},\"sameAs\":[\"https:\/\/www.facebook.com\/portalcpnoticias\/\"]},{\"@type\":\"Person\",\"@id\":\"https:\/\/cleitonpinheiro.com.br\/site\/#\/schema\/person\/aac6d7f311e80c43042e98a900b03cd8\",\"name\":\"Dermival Pereira\",\"image\":{\"@type\":\"ImageObject\",\"inLanguage\":\"pt-BR\",\"@id\":\"https:\/\/cleitonpinheiro.com.br\/site\/#\/schema\/person\/image\/\",\"url\":\"https:\/\/secure.gravatar.com\/avatar\/cfaebf3742d6bf8db728bcba3eed6bee37b02337a2e6c822994f20ca72a3784d?s=96&r=g\",\"contentUrl\":\"https:\/\/secure.gravatar.com\/avatar\/cfaebf3742d6bf8db728bcba3eed6bee37b02337a2e6c822994f20ca72a3784d?s=96&r=g\",\"caption\":\"Dermival Pereira\"},\"url\":\"https:\/\/cleitonpinheiro.com.br\/site\/author\/dermival\/\"}]}<\/script>\n<!-- \/ Yoast SEO plugin. -->","yoast_head_json":{"title":"Palmas intensifica medidas preventivas para proteger a popula\u00e7\u00e3o contra a febre maculosa - PORTAL DE NOT\u00cdCIAS CLEITON PINHEIRO","robots":{"index":"index","follow":"follow","max-snippet":"max-snippet:-1","max-image-preview":"max-image-preview:large","max-video-preview":"max-video-preview:-1"},"canonical":"https:\/\/cleitonpinheiro.com.br\/site\/palmas-intensifica-medidas-preventivas-para-proteger-a-populacao-contra-a-febre-maculosa\/","og_locale":"pt_BR","og_type":"article","og_title":"Palmas intensifica medidas preventivas para proteger a popula\u00e7\u00e3o contra a febre maculosa - PORTAL DE NOT\u00cdCIAS CLEITON PINHEIRO","og_description":"Ap\u00f3s casos recentes de febre maculosa em Campinas (SP), a Prefeitura de Palmas tem intensificado medidas de vigil\u00e2ncia e preven\u00e7\u00e3o. At\u00e9 o momento nenhuma pessoa contraiu ou foi notificada com suspeita da doen\u00e7a no munic\u00edpio. A Secretaria Municipal da Sa\u00fade (Semus), a Funda\u00e7\u00e3o Municipal de Meio Ambiente (FMA) e a Secretaria Municipal de Infraestrutura e [&hellip;]","og_url":"https:\/\/cleitonpinheiro.com.br\/site\/palmas-intensifica-medidas-preventivas-para-proteger-a-populacao-contra-a-febre-maculosa\/","og_site_name":"PORTAL DE NOT\u00cdCIAS CLEITON PINHEIRO","article_publisher":"https:\/\/www.facebook.com\/portalcpnoticias\/","article_published_time":"2023-06-21T13:07:40+00:00","article_modified_time":"2023-06-21T13:10:33+00:00","og_image":[{"width":750,"height":450,"url":"https:\/\/cleitonpinheiro.com.br\/site\/wp-content\/uploads\/2023\/06\/Design-sem-nome-2023-06-21T100656-compressed.jpg","type":"image\/jpeg"}],"author":"Dermival Pereira","twitter_card":"summary_large_image","twitter_misc":{"Escrito por":"Dermival Pereira","Est. tempo de leitura":"4 minutos"},"schema":{"@context":"https:\/\/schema.org","@graph":[{"@type":"Article","@id":"https:\/\/cleitonpinheiro.com.br\/site\/palmas-intensifica-medidas-preventivas-para-proteger-a-populacao-contra-a-febre-maculosa\/#article","isPartOf":{"@id":"https:\/\/cleitonpinheiro.com.br\/site\/palmas-intensifica-medidas-preventivas-para-proteger-a-populacao-contra-a-febre-maculosa\/"},"author":{"name":"Dermival Pereira","@id":"https:\/\/cleitonpinheiro.com.br\/site\/#\/schema\/person\/aac6d7f311e80c43042e98a900b03cd8"},"headline":"Palmas intensifica medidas preventivas para proteger a popula\u00e7\u00e3o contra a febre maculosa","datePublished":"2023-06-21T13:07:40+00:00","dateModified":"2023-06-21T13:10:33+00:00","mainEntityOfPage":{"@id":"https:\/\/cleitonpinheiro.com.br\/site\/palmas-intensifica-medidas-preventivas-para-proteger-a-populacao-contra-a-febre-maculosa\/"},"wordCount":604,"commentCount":0,"publisher":{"@id":"https:\/\/cleitonpinheiro.com.br\/site\/#organization"},"image":{"@id":"https:\/\/cleitonpinheiro.com.br\/site\/palmas-intensifica-medidas-preventivas-para-proteger-a-populacao-contra-a-febre-maculosa\/#primaryimage"},"thumbnailUrl":"https:\/\/cleitonpinheiro.com.br\/site\/wp-content\/uploads\/2023\/06\/Design-sem-nome-2023-06-21T100656-compressed.jpg","articleSection":["CIDADES","MANCHETE SEGUND\u00c1RIA"],"inLanguage":"pt-BR","potentialAction":[{"@type":"CommentAction","name":"Comment","target":["https:\/\/cleitonpinheiro.com.br\/site\/palmas-intensifica-medidas-preventivas-para-proteger-a-populacao-contra-a-febre-maculosa\/#respond"]}]},{"@type":"WebPage","@id":"https:\/\/cleitonpinheiro.com.br\/site\/palmas-intensifica-medidas-preventivas-para-proteger-a-populacao-contra-a-febre-maculosa\/","url":"https:\/\/cleitonpinheiro.com.br\/site\/palmas-intensifica-medidas-preventivas-para-proteger-a-populacao-contra-a-febre-maculosa\/","name":"Palmas intensifica medidas preventivas para proteger a popula\u00e7\u00e3o contra a febre maculosa - PORTAL DE NOT\u00cdCIAS CLEITON PINHEIRO","isPartOf":{"@id":"https:\/\/cleitonpinheiro.com.br\/site\/#website"},"primaryImageOfPage":{"@id":"https:\/\/cleitonpinheiro.com.br\/site\/palmas-intensifica-medidas-preventivas-para-proteger-a-populacao-contra-a-febre-maculosa\/#primaryimage"},"image":{"@id":"https:\/\/cleitonpinheiro.com.br\/site\/palmas-intensifica-medidas-preventivas-para-proteger-a-populacao-contra-a-febre-maculosa\/#primaryimage"},"thumbnailUrl":"https:\/\/cleitonpinheiro.com.br\/site\/wp-content\/uploads\/2023\/06\/Design-sem-nome-2023-06-21T100656-compressed.jpg","datePublished":"2023-06-21T13:07:40+00:00","dateModified":"2023-06-21T13:10:33+00:00","breadcrumb":{"@id":"https:\/\/cleitonpinheiro.com.br\/site\/palmas-intensifica-medidas-preventivas-para-proteger-a-populacao-contra-a-febre-maculosa\/#breadcrumb"},"inLanguage":"pt-BR","potentialAction":[{"@type":"ReadAction","target":["https:\/\/cleitonpinheiro.com.br\/site\/palmas-intensifica-medidas-preventivas-para-proteger-a-populacao-contra-a-febre-maculosa\/"]}]},{"@type":"ImageObject","inLanguage":"pt-BR","@id":"https:\/\/cleitonpinheiro.com.br\/site\/palmas-intensifica-medidas-preventivas-para-proteger-a-populacao-contra-a-febre-maculosa\/#primaryimage","url":"https:\/\/cleitonpinheiro.com.br\/site\/wp-content\/uploads\/2023\/06\/Design-sem-nome-2023-06-21T100656-compressed.jpg","contentUrl":"https:\/\/cleitonpinheiro.com.br\/site\/wp-content\/uploads\/2023\/06\/Design-sem-nome-2023-06-21T100656-compressed.jpg","width":750,"height":450},{"@type":"BreadcrumbList","@id":"https:\/\/cleitonpinheiro.com.br\/site\/palmas-intensifica-medidas-preventivas-para-proteger-a-populacao-contra-a-febre-maculosa\/#breadcrumb","itemListElement":[{"@type":"ListItem","position":1,"name":"In\u00edcio","item":"https:\/\/cleitonpinheiro.com.br\/site\/"},{"@type":"ListItem","position":2,"name":"Palmas intensifica medidas preventivas para proteger a popula\u00e7\u00e3o contra a febre maculosa"}]},{"@type":"WebSite","@id":"https:\/\/cleitonpinheiro.com.br\/site\/#website","url":"https:\/\/cleitonpinheiro.com.br\/site\/","name":"PORTAL DE NOT\u00cdCIAS CLEITON PINHEIRO","description":"FALANDO A VERDADE","publisher":{"@id":"https:\/\/cleitonpinheiro.com.br\/site\/#organization"},"potentialAction":[{"@type":"SearchAction","target":{"@type":"EntryPoint","urlTemplate":"https:\/\/cleitonpinheiro.com.br\/site\/?s={search_term_string}"},"query-input":{"@type":"PropertyValueSpecification","valueRequired":true,"valueName":"search_term_string"}}],"inLanguage":"pt-BR"},{"@type":"Organization","@id":"https:\/\/cleitonpinheiro.com.br\/site\/#organization","name":"CPNOT\u00cdCIAS","url":"https:\/\/cleitonpinheiro.com.br\/site\/","logo":{"@type":"ImageObject","inLanguage":"pt-BR","@id":"https:\/\/cleitonpinheiro.com.br\/site\/#\/schema\/logo\/image\/","url":"https:\/\/cleitonpinheiro.com.br\/site\/wp-content\/uploads\/2022\/08\/Logo-pequena-2.png","contentUrl":"https:\/\/cleitonpinheiro.com.br\/site\/wp-content\/uploads\/2022\/08\/Logo-pequena-2.png","width":500,"height":500,"caption":"CPNOT\u00cdCIAS"},"image":{"@id":"https:\/\/cleitonpinheiro.com.br\/site\/#\/schema\/logo\/image\/"},"sameAs":["https:\/\/www.facebook.com\/portalcpnoticias\/"]},{"@type":"Person","@id":"https:\/\/cleitonpinheiro.com.br\/site\/#\/schema\/person\/aac6d7f311e80c43042e98a900b03cd8","name":"Dermival Pereira","image":{"@type":"ImageObject","inLanguage":"pt-BR","@id":"https:\/\/cleitonpinheiro.com.br\/site\/#\/schema\/person\/image\/","url":"https:\/\/secure.gravatar.com\/avatar\/cfaebf3742d6bf8db728bcba3eed6bee37b02337a2e6c822994f20ca72a3784d?s=96&r=g","contentUrl":"https:\/\/secure.gravatar.com\/avatar\/cfaebf3742d6bf8db728bcba3eed6bee37b02337a2e6c822994f20ca72a3784d?s=96&r=g","caption":"Dermival Pereira"},"url":"https:\/\/cleitonpinheiro.com.br\/site\/author\/dermival\/"}]}},"views":341,"_links":{"self":[{"href":"https:\/\/cleitonpinheiro.com.br\/site\/wp-json\/wp\/v2\/posts\/72307","targetHints":{"allow":["GET"]}}],"collection":[{"href":"https:\/\/cleitonpinheiro.com.br\/site\/wp-json\/wp\/v2\/posts"}],"about":[{"href":"https:\/\/cleitonpinheiro.com.br\/site\/wp-json\/wp\/v2\/types\/post"}],"author":[{"embeddable":true,"href":"https:\/\/cleitonpinheiro.com.br\/site\/wp-json\/wp\/v2\/users\/4"}],"replies":[{"embeddable":true,"href":"https:\/\/cleitonpinheiro.com.br\/site\/wp-json\/wp\/v2\/comments?post=72307"}],"version-history":[{"count":2,"href":"https:\/\/cleitonpinheiro.com.br\/site\/wp-json\/wp\/v2\/posts\/72307\/revisions"}],"predecessor-version":[{"id":72310,"href":"https:\/\/cleitonpinheiro.com.br\/site\/wp-json\/wp\/v2\/posts\/72307\/revisions\/72310"}],"wp:featuredmedia":[{"embeddable":true,"href":"https:\/\/cleitonpinheiro.com.br\/site\/wp-json\/wp\/v2\/media\/72308"}],"wp:attachment":[{"href":"https:\/\/cleitonpinheiro.com.br\/site\/wp-json\/wp\/v2\/media?parent=72307"}],"wp:term":[{"taxonomy":"category","embeddable":true,"href":"https:\/\/cleitonpinheiro.com.br\/site\/wp-json\/wp\/v2\/categories?post=72307"},{"taxonomy":"post_tag","embeddable":true,"href":"https:\/\/cleitonpinheiro.com.br\/site\/wp-json\/wp\/v2\/tags?post=72307"}],"curies":[{"name":"wp","href":"https:\/\/api.w.org\/{rel}","templated":true}]}}