{"id":72313,"date":"2023-06-21T15:13:14","date_gmt":"2023-06-21T18:13:14","guid":{"rendered":"https:\/\/cleitonpinheiro.com.br\/site\/?p=72313"},"modified":"2023-06-22T07:49:54","modified_gmt":"2023-06-22T10:49:54","slug":"cabo-da-policia-militar-do-to-suspeito-de-agredir-policiais-femininas-foi-retirado-do-curso-no-ceara","status":"publish","type":"post","link":"https:\/\/cleitonpinheiro.com.br\/site\/cabo-da-policia-militar-do-to-suspeito-de-agredir-policiais-femininas-foi-retirado-do-curso-no-ceara\/","title":{"rendered":"Cabo da PM do TO suspeito de agredir policiais femininas foi retirado do curso no Cear\u00e1 no mesmo dia"},"content":{"rendered":"\n<figure class=\"wp-block-image size-full is-resized\"><img fetchpriority=\"high\" decoding=\"async\" src=\"https:\/\/cleitonpinheiro.com.br\/site\/wp-content\/uploads\/2023\/06\/Design-sem-nome-2023-06-21T151121-compressed.jpg\" alt=\"\" class=\"wp-image-72314\" width=\"1020\" height=\"612\"\/><\/figure>\n\n\n\n<p>Uma publica\u00e7\u00e3o do G1 Cear\u00e1, relata que Cabo da Pol\u00edcia Militar do Tocantins, Rafael Ferreira Martins, investigado po<a class=\"\" href=\"https:\/\/g1.globo.com\/ce\/ceara\/noticia\/2023\/06\/20\/mulher-com-hematomas-denuncia-instrutor-por-agressao-durante-curso-de-tatica-policial-no-ceara.ghtml\">r agredir policiais femininas com ripa de madeira<\/a>\u00a0em um curso t\u00e1tico promovido pela Secretaria da Seguran\u00e7a do Cear\u00e1, foi retirado do treinamento no mesmo dia que uma das agentes denunciou o caso, mas segue trabalhando como policial estado.<\/p>\n\n\n\n<p>As supostas agress\u00f5es vieram \u00e0 tona ap\u00f3s uma publica\u00e7\u00e3o feita por uma policial civil do Maranh\u00e3o, que divulgou fotos das n\u00e1degas com hematomas e questionou a a\u00e7\u00e3o do instrutor, que teria sido motivada pelo sumi\u00e7o de um peda\u00e7o de pizza. A v\u00edtima relatou que pelo menos outras 21 mulheres que estavam na forma\u00e7\u00e3o, realizada em Fortaleza, tamb\u00e9m teriam sido agredidas.<\/p>\n\n\n\n<figure class=\"wp-block-image alignleft size-full is-resized\"><img decoding=\"async\" src=\"https:\/\/cleitonpinheiro.com.br\/site\/wp-content\/uploads\/2023\/06\/Design-sem-nome-2023-06-21T092708-compressed-1.jpg\" alt=\"\" class=\"wp-image-72315\" width=\"580\" height=\"348\"\/><\/figure>\n\n\n\n<p>Cabo Rafael esteve presente na 3\u00aa edi\u00e7\u00e3o do Curso T\u00e1tico Policial Feminino at\u00e9 o dia&nbsp;8 de junho,&nbsp;mesma data da agress\u00e3o relatada pela v\u00edtima. Uma fonte policial, que ter\u00e1 a identidade preservada, informou ao g1 que o instrutor foi afastado do curso antes do previsto, por conta da den\u00fancia.<\/p>\n\n\n\n<p>O agente ministra forma\u00e7\u00f5es de treinamento militar h\u00e1 alguns anos. Entre os cursos que ele possui est\u00e1 o de Opera\u00e7\u00f5es Especiais da Pol\u00edcia Militar do Estado do Par\u00e1, que o fez integrar a Companhia de Opera\u00e7\u00f5es Especiais (CIOE) da Pol\u00edcia Militar do Tocantins, estando &#8220;habilitado para atuar em ocorr\u00eancias de alt\u00edssima complexidade&#8221;, segundo consta no site do Governo de Tocantins.<\/p>\n\n\n\n<p><strong>O que diz a PM-TO<\/strong><\/p>\n\n\n\n<p>Em nota, a Pol\u00edcia Militar do Tocantins informou que ir\u00e1 apurar o caso e esclareceu que a supervis\u00e3o do referido curso &#8220;coube exclusivamente \u00e0 institui\u00e7\u00e3o Promotora do evento, a qual, inclusive j\u00e1 est\u00e1 apurando os fatos devidamente&#8221;.<\/p>\n\n\n\n<p>NOTA DE ESCLARECIMENTO<br>21\/06\/2023<\/p>\n\n\n\n<p><em>Referente \u00e0 informa\u00e7\u00e3o de que uma aluna do Curso T\u00e1tico Policial Feminino, realizado na Pol\u00edcia Militar do Cear\u00e1, teria sido agredida por um instrutor Policial Militar do Tocantins, durante atividades do curso, a Pol\u00edcia Militar esclarece que:<\/em><\/p>\n\n\n\n<p>1 \u2013 <em>A supervis\u00e3o do referido curso coube exclusivamente \u00e0 institui\u00e7\u00e3o Promotora do evento, a qual, inclusive j\u00e1 est\u00e1 apurando os fatos devidamente;<\/em><\/p>\n\n\n\n<p>2 \u2013 <em>Ao tomar conhecimento das informa\u00e7\u00f5es por meio da imprensa, entrou em contato com a Secretaria da Seguran\u00e7a P\u00fablica e da Defesa Social do Governo do Estado do Cear\u00e1, solicitando toda a documenta\u00e7\u00e3o existente sobre o caso, para avalia\u00e7\u00e3o.<\/em><\/p>\n\n\n\n<p><em>A Pol\u00edcia Militar repudia veementemente qualquer desvio de conduta e\/ou excesso direcionado a qualquer pessoa, praticado por policial militar, em raz\u00e3o da fun\u00e7\u00e3o ou fora dela e reafirma seu compromisso com a \u00e9tica, a transpar\u00eancia e o respeito aos direitos humanos.<\/em><\/p>\n\n\n\n<p><em>POL\u00cdCIA MILITAR DO TOCANTINS.<\/em><\/p>\n\n\n\n<p><br><\/p>\n","protected":false},"excerpt":{"rendered":"<p>Uma publica\u00e7\u00e3o do G1 Cear\u00e1, relata que Cabo da Pol\u00edcia Militar do Tocantins, Rafael Ferreira Martins, investigado por agredir policiais femininas com ripa de madeira\u00a0em um curso t\u00e1tico promovido pela Secretaria da Seguran\u00e7a do Cear\u00e1, foi retirado do treinamento no mesmo dia que uma das agentes denunciou o caso, mas segue trabalhando como policial estado. [&hellip;]<\/p>\n","protected":false},"author":9,"featured_media":0,"comment_status":"open","ping_status":"open","sticky":false,"template":"","format":"standard","meta":{"_acf_changed":false,"footnotes":""},"categories":[898,21],"tags":[],"class_list":["post-72313","post","type-post","status-publish","format-standard","hentry","category-manchete-segundaria","category-todas-noticias"],"acf":[],"yoast_head":"<!-- This site is optimized with the Yoast SEO plugin v24.4 - https:\/\/yoast.com\/wordpress\/plugins\/seo\/ -->\n<title>Cabo da PM do TO suspeito de agredir policiais femininas foi retirado do curso no Cear\u00e1 no mesmo dia - PORTAL DE NOT\u00cdCIAS CLEITON PINHEIRO<\/title>\n<meta name=\"robots\" content=\"index, follow, max-snippet:-1, max-image-preview:large, max-video-preview:-1\" \/>\n<link rel=\"canonical\" href=\"https:\/\/cleitonpinheiro.com.br\/site\/cabo-da-policia-militar-do-to-suspeito-de-agredir-policiais-femininas-foi-retirado-do-curso-no-ceara\/\" \/>\n<meta property=\"og:locale\" content=\"pt_BR\" \/>\n<meta property=\"og:type\" content=\"article\" \/>\n<meta property=\"og:title\" content=\"Cabo da PM do TO suspeito de agredir policiais femininas foi retirado do curso no Cear\u00e1 no mesmo dia - PORTAL DE NOT\u00cdCIAS CLEITON PINHEIRO\" \/>\n<meta property=\"og:description\" content=\"Uma publica\u00e7\u00e3o do G1 Cear\u00e1, relata que Cabo da Pol\u00edcia Militar do Tocantins, Rafael Ferreira Martins, investigado por agredir policiais femininas com ripa de madeira\u00a0em um curso t\u00e1tico promovido pela Secretaria da Seguran\u00e7a do Cear\u00e1, foi retirado do treinamento no mesmo dia que uma das agentes denunciou o caso, mas segue trabalhando como policial estado. [&hellip;]\" \/>\n<meta property=\"og:url\" content=\"https:\/\/cleitonpinheiro.com.br\/site\/cabo-da-policia-militar-do-to-suspeito-de-agredir-policiais-femininas-foi-retirado-do-curso-no-ceara\/\" \/>\n<meta property=\"og:site_name\" content=\"PORTAL DE NOT\u00cdCIAS CLEITON PINHEIRO\" \/>\n<meta property=\"article:publisher\" content=\"https:\/\/www.facebook.com\/portalcpnoticias\/\" \/>\n<meta property=\"article:published_time\" content=\"2023-06-21T18:13:14+00:00\" \/>\n<meta property=\"article:modified_time\" content=\"2023-06-22T10:49:54+00:00\" \/>\n<meta property=\"og:image\" content=\"https:\/\/cleitonpinheiro.com.br\/site\/wp-content\/uploads\/2023\/06\/Design-sem-nome-2023-06-21T151121-compressed.jpg\" \/>\n\t<meta property=\"og:image:width\" content=\"750\" \/>\n\t<meta property=\"og:image:height\" content=\"450\" \/>\n\t<meta property=\"og:image:type\" content=\"image\/jpeg\" \/>\n<meta name=\"author\" content=\"RGF Sistemas\" \/>\n<meta name=\"twitter:card\" content=\"summary_large_image\" \/>\n<meta name=\"twitter:label1\" content=\"Escrito por\" \/>\n\t<meta name=\"twitter:data1\" content=\"RGF Sistemas\" \/>\n\t<meta name=\"twitter:label2\" content=\"Est. tempo de leitura\" \/>\n\t<meta name=\"twitter:data2\" content=\"3 minutos\" \/>\n<script type=\"application\/ld+json\" class=\"yoast-schema-graph\">{\"@context\":\"https:\/\/schema.org\",\"@graph\":[{\"@type\":\"Article\",\"@id\":\"https:\/\/cleitonpinheiro.com.br\/site\/cabo-da-policia-militar-do-to-suspeito-de-agredir-policiais-femininas-foi-retirado-do-curso-no-ceara\/#article\",\"isPartOf\":{\"@id\":\"https:\/\/cleitonpinheiro.com.br\/site\/cabo-da-policia-militar-do-to-suspeito-de-agredir-policiais-femininas-foi-retirado-do-curso-no-ceara\/\"},\"author\":{\"name\":\"RGF Sistemas\",\"@id\":\"https:\/\/cleitonpinheiro.com.br\/site\/#\/schema\/person\/b7621891c193194dd412fdc1ff9b2b41\"},\"headline\":\"Cabo da PM do TO suspeito de agredir policiais femininas foi retirado do curso no Cear\u00e1 no mesmo dia\",\"datePublished\":\"2023-06-21T18:13:14+00:00\",\"dateModified\":\"2023-06-22T10:49:54+00:00\",\"mainEntityOfPage\":{\"@id\":\"https:\/\/cleitonpinheiro.com.br\/site\/cabo-da-policia-militar-do-to-suspeito-de-agredir-policiais-femininas-foi-retirado-do-curso-no-ceara\/\"},\"wordCount\":473,\"commentCount\":0,\"publisher\":{\"@id\":\"https:\/\/cleitonpinheiro.com.br\/site\/#organization\"},\"image\":{\"@id\":\"https:\/\/cleitonpinheiro.com.br\/site\/cabo-da-policia-militar-do-to-suspeito-de-agredir-policiais-femininas-foi-retirado-do-curso-no-ceara\/#primaryimage\"},\"thumbnailUrl\":\"https:\/\/cleitonpinheiro.com.br\/site\/wp-content\/uploads\/2023\/06\/Design-sem-nome-2023-06-21T151121-compressed.jpg\",\"articleSection\":[\"MANCHETE SEGUND\u00c1RIA\",\"TODAS NOTICIAS\"],\"inLanguage\":\"pt-BR\",\"potentialAction\":[{\"@type\":\"CommentAction\",\"name\":\"Comment\",\"target\":[\"https:\/\/cleitonpinheiro.com.br\/site\/cabo-da-policia-militar-do-to-suspeito-de-agredir-policiais-femininas-foi-retirado-do-curso-no-ceara\/#respond\"]}]},{\"@type\":\"WebPage\",\"@id\":\"https:\/\/cleitonpinheiro.com.br\/site\/cabo-da-policia-militar-do-to-suspeito-de-agredir-policiais-femininas-foi-retirado-do-curso-no-ceara\/\",\"url\":\"https:\/\/cleitonpinheiro.com.br\/site\/cabo-da-policia-militar-do-to-suspeito-de-agredir-policiais-femininas-foi-retirado-do-curso-no-ceara\/\",\"name\":\"Cabo da PM do TO suspeito de agredir policiais femininas foi retirado do curso no Cear\u00e1 no mesmo dia - PORTAL DE NOT\u00cdCIAS CLEITON PINHEIRO\",\"isPartOf\":{\"@id\":\"https:\/\/cleitonpinheiro.com.br\/site\/#website\"},\"primaryImageOfPage\":{\"@id\":\"https:\/\/cleitonpinheiro.com.br\/site\/cabo-da-policia-militar-do-to-suspeito-de-agredir-policiais-femininas-foi-retirado-do-curso-no-ceara\/#primaryimage\"},\"image\":{\"@id\":\"https:\/\/cleitonpinheiro.com.br\/site\/cabo-da-policia-militar-do-to-suspeito-de-agredir-policiais-femininas-foi-retirado-do-curso-no-ceara\/#primaryimage\"},\"thumbnailUrl\":\"https:\/\/cleitonpinheiro.com.br\/site\/wp-content\/uploads\/2023\/06\/Design-sem-nome-2023-06-21T151121-compressed.jpg\",\"datePublished\":\"2023-06-21T18:13:14+00:00\",\"dateModified\":\"2023-06-22T10:49:54+00:00\",\"breadcrumb\":{\"@id\":\"https:\/\/cleitonpinheiro.com.br\/site\/cabo-da-policia-militar-do-to-suspeito-de-agredir-policiais-femininas-foi-retirado-do-curso-no-ceara\/#breadcrumb\"},\"inLanguage\":\"pt-BR\",\"potentialAction\":[{\"@type\":\"ReadAction\",\"target\":[\"https:\/\/cleitonpinheiro.com.br\/site\/cabo-da-policia-militar-do-to-suspeito-de-agredir-policiais-femininas-foi-retirado-do-curso-no-ceara\/\"]}]},{\"@type\":\"ImageObject\",\"inLanguage\":\"pt-BR\",\"@id\":\"https:\/\/cleitonpinheiro.com.br\/site\/cabo-da-policia-militar-do-to-suspeito-de-agredir-policiais-femininas-foi-retirado-do-curso-no-ceara\/#primaryimage\",\"url\":\"\",\"contentUrl\":\"\"},{\"@type\":\"BreadcrumbList\",\"@id\":\"https:\/\/cleitonpinheiro.com.br\/site\/cabo-da-policia-militar-do-to-suspeito-de-agredir-policiais-femininas-foi-retirado-do-curso-no-ceara\/#breadcrumb\",\"itemListElement\":[{\"@type\":\"ListItem\",\"position\":1,\"name\":\"In\u00edcio\",\"item\":\"https:\/\/cleitonpinheiro.com.br\/site\/\"},{\"@type\":\"ListItem\",\"position\":2,\"name\":\"Cabo da PM do TO suspeito de agredir policiais femininas foi retirado do curso no Cear\u00e1 no mesmo dia\"}]},{\"@type\":\"WebSite\",\"@id\":\"https:\/\/cleitonpinheiro.com.br\/site\/#website\",\"url\":\"https:\/\/cleitonpinheiro.com.br\/site\/\",\"name\":\"PORTAL DE NOT\u00cdCIAS CLEITON PINHEIRO\",\"description\":\"FALANDO A VERDADE\",\"publisher\":{\"@id\":\"https:\/\/cleitonpinheiro.com.br\/site\/#organization\"},\"potentialAction\":[{\"@type\":\"SearchAction\",\"target\":{\"@type\":\"EntryPoint\",\"urlTemplate\":\"https:\/\/cleitonpinheiro.com.br\/site\/?s={search_term_string}\"},\"query-input\":{\"@type\":\"PropertyValueSpecification\",\"valueRequired\":true,\"valueName\":\"search_term_string\"}}],\"inLanguage\":\"pt-BR\"},{\"@type\":\"Organization\",\"@id\":\"https:\/\/cleitonpinheiro.com.br\/site\/#organization\",\"name\":\"CPNOT\u00cdCIAS\",\"url\":\"https:\/\/cleitonpinheiro.com.br\/site\/\",\"logo\":{\"@type\":\"ImageObject\",\"inLanguage\":\"pt-BR\",\"@id\":\"https:\/\/cleitonpinheiro.com.br\/site\/#\/schema\/logo\/image\/\",\"url\":\"https:\/\/cleitonpinheiro.com.br\/site\/wp-content\/uploads\/2022\/08\/Logo-pequena-2.png\",\"contentUrl\":\"https:\/\/cleitonpinheiro.com.br\/site\/wp-content\/uploads\/2022\/08\/Logo-pequena-2.png\",\"width\":500,\"height\":500,\"caption\":\"CPNOT\u00cdCIAS\"},\"image\":{\"@id\":\"https:\/\/cleitonpinheiro.com.br\/site\/#\/schema\/logo\/image\/\"},\"sameAs\":[\"https:\/\/www.facebook.com\/portalcpnoticias\/\"]},{\"@type\":\"Person\",\"@id\":\"https:\/\/cleitonpinheiro.com.br\/site\/#\/schema\/person\/b7621891c193194dd412fdc1ff9b2b41\",\"name\":\"RGF Sistemas\",\"image\":{\"@type\":\"ImageObject\",\"inLanguage\":\"pt-BR\",\"@id\":\"https:\/\/cleitonpinheiro.com.br\/site\/#\/schema\/person\/image\/\",\"url\":\"https:\/\/secure.gravatar.com\/avatar\/59e110c11e5eecf4636340abed101b4cddb70ca9f64acab0fe8863bcc0a66b2d?s=96&r=g\",\"contentUrl\":\"https:\/\/secure.gravatar.com\/avatar\/59e110c11e5eecf4636340abed101b4cddb70ca9f64acab0fe8863bcc0a66b2d?s=96&r=g\",\"caption\":\"RGF Sistemas\"},\"url\":\"https:\/\/cleitonpinheiro.com.br\/site\/author\/rgfsite\/\"}]}<\/script>\n<!-- \/ Yoast SEO plugin. -->","yoast_head_json":{"title":"Cabo da PM do TO suspeito de agredir policiais femininas foi retirado do curso no Cear\u00e1 no mesmo dia - PORTAL DE NOT\u00cdCIAS CLEITON PINHEIRO","robots":{"index":"index","follow":"follow","max-snippet":"max-snippet:-1","max-image-preview":"max-image-preview:large","max-video-preview":"max-video-preview:-1"},"canonical":"https:\/\/cleitonpinheiro.com.br\/site\/cabo-da-policia-militar-do-to-suspeito-de-agredir-policiais-femininas-foi-retirado-do-curso-no-ceara\/","og_locale":"pt_BR","og_type":"article","og_title":"Cabo da PM do TO suspeito de agredir policiais femininas foi retirado do curso no Cear\u00e1 no mesmo dia - PORTAL DE NOT\u00cdCIAS CLEITON PINHEIRO","og_description":"Uma publica\u00e7\u00e3o do G1 Cear\u00e1, relata que Cabo da Pol\u00edcia Militar do Tocantins, Rafael Ferreira Martins, investigado por agredir policiais femininas com ripa de madeira\u00a0em um curso t\u00e1tico promovido pela Secretaria da Seguran\u00e7a do Cear\u00e1, foi retirado do treinamento no mesmo dia que uma das agentes denunciou o caso, mas segue trabalhando como policial estado. [&hellip;]","og_url":"https:\/\/cleitonpinheiro.com.br\/site\/cabo-da-policia-militar-do-to-suspeito-de-agredir-policiais-femininas-foi-retirado-do-curso-no-ceara\/","og_site_name":"PORTAL DE NOT\u00cdCIAS CLEITON PINHEIRO","article_publisher":"https:\/\/www.facebook.com\/portalcpnoticias\/","article_published_time":"2023-06-21T18:13:14+00:00","article_modified_time":"2023-06-22T10:49:54+00:00","og_image":[{"width":750,"height":450,"url":"https:\/\/cleitonpinheiro.com.br\/site\/wp-content\/uploads\/2023\/06\/Design-sem-nome-2023-06-21T151121-compressed.jpg","type":"image\/jpeg"}],"author":"RGF Sistemas","twitter_card":"summary_large_image","twitter_misc":{"Escrito por":"RGF Sistemas","Est. tempo de leitura":"3 minutos"},"schema":{"@context":"https:\/\/schema.org","@graph":[{"@type":"Article","@id":"https:\/\/cleitonpinheiro.com.br\/site\/cabo-da-policia-militar-do-to-suspeito-de-agredir-policiais-femininas-foi-retirado-do-curso-no-ceara\/#article","isPartOf":{"@id":"https:\/\/cleitonpinheiro.com.br\/site\/cabo-da-policia-militar-do-to-suspeito-de-agredir-policiais-femininas-foi-retirado-do-curso-no-ceara\/"},"author":{"name":"RGF Sistemas","@id":"https:\/\/cleitonpinheiro.com.br\/site\/#\/schema\/person\/b7621891c193194dd412fdc1ff9b2b41"},"headline":"Cabo da PM do TO suspeito de agredir policiais femininas foi retirado do curso no Cear\u00e1 no mesmo dia","datePublished":"2023-06-21T18:13:14+00:00","dateModified":"2023-06-22T10:49:54+00:00","mainEntityOfPage":{"@id":"https:\/\/cleitonpinheiro.com.br\/site\/cabo-da-policia-militar-do-to-suspeito-de-agredir-policiais-femininas-foi-retirado-do-curso-no-ceara\/"},"wordCount":473,"commentCount":0,"publisher":{"@id":"https:\/\/cleitonpinheiro.com.br\/site\/#organization"},"image":{"@id":"https:\/\/cleitonpinheiro.com.br\/site\/cabo-da-policia-militar-do-to-suspeito-de-agredir-policiais-femininas-foi-retirado-do-curso-no-ceara\/#primaryimage"},"thumbnailUrl":"https:\/\/cleitonpinheiro.com.br\/site\/wp-content\/uploads\/2023\/06\/Design-sem-nome-2023-06-21T151121-compressed.jpg","articleSection":["MANCHETE SEGUND\u00c1RIA","TODAS NOTICIAS"],"inLanguage":"pt-BR","potentialAction":[{"@type":"CommentAction","name":"Comment","target":["https:\/\/cleitonpinheiro.com.br\/site\/cabo-da-policia-militar-do-to-suspeito-de-agredir-policiais-femininas-foi-retirado-do-curso-no-ceara\/#respond"]}]},{"@type":"WebPage","@id":"https:\/\/cleitonpinheiro.com.br\/site\/cabo-da-policia-militar-do-to-suspeito-de-agredir-policiais-femininas-foi-retirado-do-curso-no-ceara\/","url":"https:\/\/cleitonpinheiro.com.br\/site\/cabo-da-policia-militar-do-to-suspeito-de-agredir-policiais-femininas-foi-retirado-do-curso-no-ceara\/","name":"Cabo da PM do TO suspeito de agredir policiais femininas foi retirado do curso no Cear\u00e1 no mesmo dia - PORTAL DE NOT\u00cdCIAS CLEITON PINHEIRO","isPartOf":{"@id":"https:\/\/cleitonpinheiro.com.br\/site\/#website"},"primaryImageOfPage":{"@id":"https:\/\/cleitonpinheiro.com.br\/site\/cabo-da-policia-militar-do-to-suspeito-de-agredir-policiais-femininas-foi-retirado-do-curso-no-ceara\/#primaryimage"},"image":{"@id":"https:\/\/cleitonpinheiro.com.br\/site\/cabo-da-policia-militar-do-to-suspeito-de-agredir-policiais-femininas-foi-retirado-do-curso-no-ceara\/#primaryimage"},"thumbnailUrl":"https:\/\/cleitonpinheiro.com.br\/site\/wp-content\/uploads\/2023\/06\/Design-sem-nome-2023-06-21T151121-compressed.jpg","datePublished":"2023-06-21T18:13:14+00:00","dateModified":"2023-06-22T10:49:54+00:00","breadcrumb":{"@id":"https:\/\/cleitonpinheiro.com.br\/site\/cabo-da-policia-militar-do-to-suspeito-de-agredir-policiais-femininas-foi-retirado-do-curso-no-ceara\/#breadcrumb"},"inLanguage":"pt-BR","potentialAction":[{"@type":"ReadAction","target":["https:\/\/cleitonpinheiro.com.br\/site\/cabo-da-policia-militar-do-to-suspeito-de-agredir-policiais-femininas-foi-retirado-do-curso-no-ceara\/"]}]},{"@type":"ImageObject","inLanguage":"pt-BR","@id":"https:\/\/cleitonpinheiro.com.br\/site\/cabo-da-policia-militar-do-to-suspeito-de-agredir-policiais-femininas-foi-retirado-do-curso-no-ceara\/#primaryimage","url":"","contentUrl":""},{"@type":"BreadcrumbList","@id":"https:\/\/cleitonpinheiro.com.br\/site\/cabo-da-policia-militar-do-to-suspeito-de-agredir-policiais-femininas-foi-retirado-do-curso-no-ceara\/#breadcrumb","itemListElement":[{"@type":"ListItem","position":1,"name":"In\u00edcio","item":"https:\/\/cleitonpinheiro.com.br\/site\/"},{"@type":"ListItem","position":2,"name":"Cabo da PM do TO suspeito de agredir policiais femininas foi retirado do curso no Cear\u00e1 no mesmo dia"}]},{"@type":"WebSite","@id":"https:\/\/cleitonpinheiro.com.br\/site\/#website","url":"https:\/\/cleitonpinheiro.com.br\/site\/","name":"PORTAL DE NOT\u00cdCIAS CLEITON PINHEIRO","description":"FALANDO A VERDADE","publisher":{"@id":"https:\/\/cleitonpinheiro.com.br\/site\/#organization"},"potentialAction":[{"@type":"SearchAction","target":{"@type":"EntryPoint","urlTemplate":"https:\/\/cleitonpinheiro.com.br\/site\/?s={search_term_string}"},"query-input":{"@type":"PropertyValueSpecification","valueRequired":true,"valueName":"search_term_string"}}],"inLanguage":"pt-BR"},{"@type":"Organization","@id":"https:\/\/cleitonpinheiro.com.br\/site\/#organization","name":"CPNOT\u00cdCIAS","url":"https:\/\/cleitonpinheiro.com.br\/site\/","logo":{"@type":"ImageObject","inLanguage":"pt-BR","@id":"https:\/\/cleitonpinheiro.com.br\/site\/#\/schema\/logo\/image\/","url":"https:\/\/cleitonpinheiro.com.br\/site\/wp-content\/uploads\/2022\/08\/Logo-pequena-2.png","contentUrl":"https:\/\/cleitonpinheiro.com.br\/site\/wp-content\/uploads\/2022\/08\/Logo-pequena-2.png","width":500,"height":500,"caption":"CPNOT\u00cdCIAS"},"image":{"@id":"https:\/\/cleitonpinheiro.com.br\/site\/#\/schema\/logo\/image\/"},"sameAs":["https:\/\/www.facebook.com\/portalcpnoticias\/"]},{"@type":"Person","@id":"https:\/\/cleitonpinheiro.com.br\/site\/#\/schema\/person\/b7621891c193194dd412fdc1ff9b2b41","name":"RGF Sistemas","image":{"@type":"ImageObject","inLanguage":"pt-BR","@id":"https:\/\/cleitonpinheiro.com.br\/site\/#\/schema\/person\/image\/","url":"https:\/\/secure.gravatar.com\/avatar\/59e110c11e5eecf4636340abed101b4cddb70ca9f64acab0fe8863bcc0a66b2d?s=96&r=g","contentUrl":"https:\/\/secure.gravatar.com\/avatar\/59e110c11e5eecf4636340abed101b4cddb70ca9f64acab0fe8863bcc0a66b2d?s=96&r=g","caption":"RGF Sistemas"},"url":"https:\/\/cleitonpinheiro.com.br\/site\/author\/rgfsite\/"}]}},"views":578,"_links":{"self":[{"href":"https:\/\/cleitonpinheiro.com.br\/site\/wp-json\/wp\/v2\/posts\/72313","targetHints":{"allow":["GET"]}}],"collection":[{"href":"https:\/\/cleitonpinheiro.com.br\/site\/wp-json\/wp\/v2\/posts"}],"about":[{"href":"https:\/\/cleitonpinheiro.com.br\/site\/wp-json\/wp\/v2\/types\/post"}],"author":[{"embeddable":true,"href":"https:\/\/cleitonpinheiro.com.br\/site\/wp-json\/wp\/v2\/users\/9"}],"replies":[{"embeddable":true,"href":"https:\/\/cleitonpinheiro.com.br\/site\/wp-json\/wp\/v2\/comments?post=72313"}],"version-history":[{"count":2,"href":"https:\/\/cleitonpinheiro.com.br\/site\/wp-json\/wp\/v2\/posts\/72313\/revisions"}],"predecessor-version":[{"id":72317,"href":"https:\/\/cleitonpinheiro.com.br\/site\/wp-json\/wp\/v2\/posts\/72313\/revisions\/72317"}],"wp:attachment":[{"href":"https:\/\/cleitonpinheiro.com.br\/site\/wp-json\/wp\/v2\/media?parent=72313"}],"wp:term":[{"taxonomy":"category","embeddable":true,"href":"https:\/\/cleitonpinheiro.com.br\/site\/wp-json\/wp\/v2\/categories?post=72313"},{"taxonomy":"post_tag","embeddable":true,"href":"https:\/\/cleitonpinheiro.com.br\/site\/wp-json\/wp\/v2\/tags?post=72313"}],"curies":[{"name":"wp","href":"https:\/\/api.w.org\/{rel}","templated":true}]}}