{"id":72321,"date":"2023-06-21T16:24:08","date_gmt":"2023-06-21T19:24:08","guid":{"rendered":"https:\/\/cleitonpinheiro.com.br\/site\/?p=72321"},"modified":"2023-06-21T16:29:25","modified_gmt":"2023-06-21T19:29:25","slug":"homem-e-morto-a-tiros-no-setor-morada-do-sol-iii-em-palmas-na-tarde-desta-quarta-feira","status":"publish","type":"post","link":"https:\/\/cleitonpinheiro.com.br\/site\/homem-e-morto-a-tiros-no-setor-morada-do-sol-iii-em-palmas-na-tarde-desta-quarta-feira\/","title":{"rendered":"Homem \u00e9 morto a tiros no setor Morada do Sol III, em Palmas, na tarde desta quarta-feira"},"content":{"rendered":"\n<figure class=\"wp-block-image size-full is-resized\"><img fetchpriority=\"high\" decoding=\"async\" src=\"https:\/\/cleitonpinheiro.com.br\/site\/wp-content\/uploads\/2023\/06\/Design-sem-nome-2023-06-21T162313-compressed.jpg\" alt=\"\" class=\"wp-image-72322\" width=\"1015\" height=\"609\"\/><figcaption class=\"wp-element-caption\">Foto: Divulga\u00e7\u00e3o<\/figcaption><\/figure>\n\n\n\n<p>Um homem de nome ainda n\u00e3o identificado foi assassinado a tiros agora a pouco no Setor Morada do Sol III, na zona Sul de Palmas. As pol\u00edcias Militar e Civil foram acionadas e est\u00e3o no local colhendo informa\u00e7\u00f5es sobre o ocorrido para prosseguir com as investiga\u00e7\u00f5es. J\u00e1 se aproxima de 90 o n\u00fameros de assassinatos registrados na Capital Palmas, s\u00f3 este ano de 2023.  <\/p>\n\n\n\n<p>Conforme informa\u00e7\u00f5es preliminares a v\u00edtima foi surpreendida por dois homens que chegaram ao local em uma moto e come\u00e7aram a atirar. Ainda segundo as informa\u00e7\u00f5es, a v\u00edtima ainda conseguiu correr por alguns metros e entrar em uma resid\u00eancia, mas acabou n\u00e3o resistindo os ferimentos e morreu no local. <\/p>\n","protected":false},"excerpt":{"rendered":"<p>Um homem de nome ainda n\u00e3o identificado foi assassinado a tiros agora a pouco no Setor Morada do Sol III, na zona Sul de Palmas. As pol\u00edcias Militar e Civil foram acionadas e est\u00e3o no local colhendo informa\u00e7\u00f5es sobre o ocorrido para prosseguir com as investiga\u00e7\u00f5es. J\u00e1 se aproxima de 90 o n\u00fameros de assassinatos [&hellip;]<\/p>\n","protected":false},"author":4,"featured_media":0,"comment_status":"open","ping_status":"open","sticky":false,"template":"","format":"standard","meta":{"_acf_changed":false,"footnotes":""},"categories":[22,898],"tags":[],"class_list":["post-72321","post","type-post","status-publish","format-standard","hentry","category-cidades","category-manchete-segundaria"],"acf":[],"yoast_head":"<!-- This site is optimized with the Yoast SEO plugin v24.4 - https:\/\/yoast.com\/wordpress\/plugins\/seo\/ -->\n<title>Homem \u00e9 morto a tiros no setor Morada do Sol III, em Palmas, na tarde desta quarta-feira - PORTAL DE NOT\u00cdCIAS CLEITON PINHEIRO<\/title>\n<meta name=\"robots\" content=\"index, follow, max-snippet:-1, max-image-preview:large, max-video-preview:-1\" \/>\n<link rel=\"canonical\" href=\"https:\/\/cleitonpinheiro.com.br\/site\/homem-e-morto-a-tiros-no-setor-morada-do-sol-iii-em-palmas-na-tarde-desta-quarta-feira\/\" \/>\n<meta property=\"og:locale\" content=\"pt_BR\" \/>\n<meta property=\"og:type\" content=\"article\" \/>\n<meta property=\"og:title\" content=\"Homem \u00e9 morto a tiros no setor Morada do Sol III, em Palmas, na tarde desta quarta-feira - PORTAL DE NOT\u00cdCIAS CLEITON PINHEIRO\" \/>\n<meta property=\"og:description\" content=\"Um homem de nome ainda n\u00e3o identificado foi assassinado a tiros agora a pouco no Setor Morada do Sol III, na zona Sul de Palmas. As pol\u00edcias Militar e Civil foram acionadas e est\u00e3o no local colhendo informa\u00e7\u00f5es sobre o ocorrido para prosseguir com as investiga\u00e7\u00f5es. J\u00e1 se aproxima de 90 o n\u00fameros de assassinatos [&hellip;]\" \/>\n<meta property=\"og:url\" content=\"https:\/\/cleitonpinheiro.com.br\/site\/homem-e-morto-a-tiros-no-setor-morada-do-sol-iii-em-palmas-na-tarde-desta-quarta-feira\/\" \/>\n<meta property=\"og:site_name\" content=\"PORTAL DE NOT\u00cdCIAS CLEITON PINHEIRO\" \/>\n<meta property=\"article:publisher\" content=\"https:\/\/www.facebook.com\/portalcpnoticias\/\" \/>\n<meta property=\"article:published_time\" content=\"2023-06-21T19:24:08+00:00\" \/>\n<meta property=\"article:modified_time\" content=\"2023-06-21T19:29:25+00:00\" \/>\n<meta property=\"og:image\" content=\"https:\/\/cleitonpinheiro.com.br\/site\/wp-content\/uploads\/2023\/06\/Design-sem-nome-2023-06-21T162313-compressed.jpg\" \/>\n\t<meta property=\"og:image:width\" content=\"750\" \/>\n\t<meta property=\"og:image:height\" content=\"450\" \/>\n\t<meta property=\"og:image:type\" content=\"image\/jpeg\" \/>\n<meta name=\"author\" content=\"Dermival Pereira\" \/>\n<meta name=\"twitter:card\" content=\"summary_large_image\" \/>\n<meta name=\"twitter:label1\" content=\"Escrito por\" \/>\n\t<meta name=\"twitter:data1\" content=\"Dermival Pereira\" \/>\n\t<meta name=\"twitter:label2\" content=\"Est. tempo de leitura\" \/>\n\t<meta name=\"twitter:data2\" content=\"1 minuto\" \/>\n<script type=\"application\/ld+json\" class=\"yoast-schema-graph\">{\"@context\":\"https:\/\/schema.org\",\"@graph\":[{\"@type\":\"Article\",\"@id\":\"https:\/\/cleitonpinheiro.com.br\/site\/homem-e-morto-a-tiros-no-setor-morada-do-sol-iii-em-palmas-na-tarde-desta-quarta-feira\/#article\",\"isPartOf\":{\"@id\":\"https:\/\/cleitonpinheiro.com.br\/site\/homem-e-morto-a-tiros-no-setor-morada-do-sol-iii-em-palmas-na-tarde-desta-quarta-feira\/\"},\"author\":{\"name\":\"Dermival Pereira\",\"@id\":\"https:\/\/cleitonpinheiro.com.br\/site\/#\/schema\/person\/aac6d7f311e80c43042e98a900b03cd8\"},\"headline\":\"Homem \u00e9 morto a tiros no setor Morada do Sol III, em Palmas, na tarde desta quarta-feira\",\"datePublished\":\"2023-06-21T19:24:08+00:00\",\"dateModified\":\"2023-06-21T19:29:25+00:00\",\"mainEntityOfPage\":{\"@id\":\"https:\/\/cleitonpinheiro.com.br\/site\/homem-e-morto-a-tiros-no-setor-morada-do-sol-iii-em-palmas-na-tarde-desta-quarta-feira\/\"},\"wordCount\":142,\"commentCount\":0,\"publisher\":{\"@id\":\"https:\/\/cleitonpinheiro.com.br\/site\/#organization\"},\"image\":{\"@id\":\"https:\/\/cleitonpinheiro.com.br\/site\/homem-e-morto-a-tiros-no-setor-morada-do-sol-iii-em-palmas-na-tarde-desta-quarta-feira\/#primaryimage\"},\"thumbnailUrl\":\"https:\/\/cleitonpinheiro.com.br\/site\/wp-content\/uploads\/2023\/06\/Design-sem-nome-2023-06-21T162313-compressed.jpg\",\"articleSection\":[\"CIDADES\",\"MANCHETE SEGUND\u00c1RIA\"],\"inLanguage\":\"pt-BR\",\"potentialAction\":[{\"@type\":\"CommentAction\",\"name\":\"Comment\",\"target\":[\"https:\/\/cleitonpinheiro.com.br\/site\/homem-e-morto-a-tiros-no-setor-morada-do-sol-iii-em-palmas-na-tarde-desta-quarta-feira\/#respond\"]}]},{\"@type\":\"WebPage\",\"@id\":\"https:\/\/cleitonpinheiro.com.br\/site\/homem-e-morto-a-tiros-no-setor-morada-do-sol-iii-em-palmas-na-tarde-desta-quarta-feira\/\",\"url\":\"https:\/\/cleitonpinheiro.com.br\/site\/homem-e-morto-a-tiros-no-setor-morada-do-sol-iii-em-palmas-na-tarde-desta-quarta-feira\/\",\"name\":\"Homem \u00e9 morto a tiros no setor Morada do Sol III, em Palmas, na tarde desta quarta-feira - PORTAL DE NOT\u00cdCIAS CLEITON PINHEIRO\",\"isPartOf\":{\"@id\":\"https:\/\/cleitonpinheiro.com.br\/site\/#website\"},\"primaryImageOfPage\":{\"@id\":\"https:\/\/cleitonpinheiro.com.br\/site\/homem-e-morto-a-tiros-no-setor-morada-do-sol-iii-em-palmas-na-tarde-desta-quarta-feira\/#primaryimage\"},\"image\":{\"@id\":\"https:\/\/cleitonpinheiro.com.br\/site\/homem-e-morto-a-tiros-no-setor-morada-do-sol-iii-em-palmas-na-tarde-desta-quarta-feira\/#primaryimage\"},\"thumbnailUrl\":\"https:\/\/cleitonpinheiro.com.br\/site\/wp-content\/uploads\/2023\/06\/Design-sem-nome-2023-06-21T162313-compressed.jpg\",\"datePublished\":\"2023-06-21T19:24:08+00:00\",\"dateModified\":\"2023-06-21T19:29:25+00:00\",\"breadcrumb\":{\"@id\":\"https:\/\/cleitonpinheiro.com.br\/site\/homem-e-morto-a-tiros-no-setor-morada-do-sol-iii-em-palmas-na-tarde-desta-quarta-feira\/#breadcrumb\"},\"inLanguage\":\"pt-BR\",\"potentialAction\":[{\"@type\":\"ReadAction\",\"target\":[\"https:\/\/cleitonpinheiro.com.br\/site\/homem-e-morto-a-tiros-no-setor-morada-do-sol-iii-em-palmas-na-tarde-desta-quarta-feira\/\"]}]},{\"@type\":\"ImageObject\",\"inLanguage\":\"pt-BR\",\"@id\":\"https:\/\/cleitonpinheiro.com.br\/site\/homem-e-morto-a-tiros-no-setor-morada-do-sol-iii-em-palmas-na-tarde-desta-quarta-feira\/#primaryimage\",\"url\":\"\",\"contentUrl\":\"\"},{\"@type\":\"BreadcrumbList\",\"@id\":\"https:\/\/cleitonpinheiro.com.br\/site\/homem-e-morto-a-tiros-no-setor-morada-do-sol-iii-em-palmas-na-tarde-desta-quarta-feira\/#breadcrumb\",\"itemListElement\":[{\"@type\":\"ListItem\",\"position\":1,\"name\":\"In\u00edcio\",\"item\":\"https:\/\/cleitonpinheiro.com.br\/site\/\"},{\"@type\":\"ListItem\",\"position\":2,\"name\":\"Homem \u00e9 morto a tiros no setor Morada do Sol III, em Palmas, na tarde desta quarta-feira\"}]},{\"@type\":\"WebSite\",\"@id\":\"https:\/\/cleitonpinheiro.com.br\/site\/#website\",\"url\":\"https:\/\/cleitonpinheiro.com.br\/site\/\",\"name\":\"PORTAL DE NOT\u00cdCIAS CLEITON PINHEIRO\",\"description\":\"FALANDO A VERDADE\",\"publisher\":{\"@id\":\"https:\/\/cleitonpinheiro.com.br\/site\/#organization\"},\"potentialAction\":[{\"@type\":\"SearchAction\",\"target\":{\"@type\":\"EntryPoint\",\"urlTemplate\":\"https:\/\/cleitonpinheiro.com.br\/site\/?s={search_term_string}\"},\"query-input\":{\"@type\":\"PropertyValueSpecification\",\"valueRequired\":true,\"valueName\":\"search_term_string\"}}],\"inLanguage\":\"pt-BR\"},{\"@type\":\"Organization\",\"@id\":\"https:\/\/cleitonpinheiro.com.br\/site\/#organization\",\"name\":\"CPNOT\u00cdCIAS\",\"url\":\"https:\/\/cleitonpinheiro.com.br\/site\/\",\"logo\":{\"@type\":\"ImageObject\",\"inLanguage\":\"pt-BR\",\"@id\":\"https:\/\/cleitonpinheiro.com.br\/site\/#\/schema\/logo\/image\/\",\"url\":\"https:\/\/cleitonpinheiro.com.br\/site\/wp-content\/uploads\/2022\/08\/Logo-pequena-2.png\",\"contentUrl\":\"https:\/\/cleitonpinheiro.com.br\/site\/wp-content\/uploads\/2022\/08\/Logo-pequena-2.png\",\"width\":500,\"height\":500,\"caption\":\"CPNOT\u00cdCIAS\"},\"image\":{\"@id\":\"https:\/\/cleitonpinheiro.com.br\/site\/#\/schema\/logo\/image\/\"},\"sameAs\":[\"https:\/\/www.facebook.com\/portalcpnoticias\/\"]},{\"@type\":\"Person\",\"@id\":\"https:\/\/cleitonpinheiro.com.br\/site\/#\/schema\/person\/aac6d7f311e80c43042e98a900b03cd8\",\"name\":\"Dermival Pereira\",\"image\":{\"@type\":\"ImageObject\",\"inLanguage\":\"pt-BR\",\"@id\":\"https:\/\/cleitonpinheiro.com.br\/site\/#\/schema\/person\/image\/\",\"url\":\"https:\/\/secure.gravatar.com\/avatar\/cfaebf3742d6bf8db728bcba3eed6bee37b02337a2e6c822994f20ca72a3784d?s=96&r=g\",\"contentUrl\":\"https:\/\/secure.gravatar.com\/avatar\/cfaebf3742d6bf8db728bcba3eed6bee37b02337a2e6c822994f20ca72a3784d?s=96&r=g\",\"caption\":\"Dermival Pereira\"},\"url\":\"https:\/\/cleitonpinheiro.com.br\/site\/author\/dermival\/\"}]}<\/script>\n<!-- \/ Yoast SEO plugin. -->","yoast_head_json":{"title":"Homem \u00e9 morto a tiros no setor Morada do Sol III, em Palmas, na tarde desta quarta-feira - PORTAL DE NOT\u00cdCIAS CLEITON PINHEIRO","robots":{"index":"index","follow":"follow","max-snippet":"max-snippet:-1","max-image-preview":"max-image-preview:large","max-video-preview":"max-video-preview:-1"},"canonical":"https:\/\/cleitonpinheiro.com.br\/site\/homem-e-morto-a-tiros-no-setor-morada-do-sol-iii-em-palmas-na-tarde-desta-quarta-feira\/","og_locale":"pt_BR","og_type":"article","og_title":"Homem \u00e9 morto a tiros no setor Morada do Sol III, em Palmas, na tarde desta quarta-feira - PORTAL DE NOT\u00cdCIAS CLEITON PINHEIRO","og_description":"Um homem de nome ainda n\u00e3o identificado foi assassinado a tiros agora a pouco no Setor Morada do Sol III, na zona Sul de Palmas. As pol\u00edcias Militar e Civil foram acionadas e est\u00e3o no local colhendo informa\u00e7\u00f5es sobre o ocorrido para prosseguir com as investiga\u00e7\u00f5es. J\u00e1 se aproxima de 90 o n\u00fameros de assassinatos [&hellip;]","og_url":"https:\/\/cleitonpinheiro.com.br\/site\/homem-e-morto-a-tiros-no-setor-morada-do-sol-iii-em-palmas-na-tarde-desta-quarta-feira\/","og_site_name":"PORTAL DE NOT\u00cdCIAS CLEITON PINHEIRO","article_publisher":"https:\/\/www.facebook.com\/portalcpnoticias\/","article_published_time":"2023-06-21T19:24:08+00:00","article_modified_time":"2023-06-21T19:29:25+00:00","og_image":[{"width":750,"height":450,"url":"https:\/\/cleitonpinheiro.com.br\/site\/wp-content\/uploads\/2023\/06\/Design-sem-nome-2023-06-21T162313-compressed.jpg","type":"image\/jpeg"}],"author":"Dermival Pereira","twitter_card":"summary_large_image","twitter_misc":{"Escrito por":"Dermival Pereira","Est. tempo de leitura":"1 minuto"},"schema":{"@context":"https:\/\/schema.org","@graph":[{"@type":"Article","@id":"https:\/\/cleitonpinheiro.com.br\/site\/homem-e-morto-a-tiros-no-setor-morada-do-sol-iii-em-palmas-na-tarde-desta-quarta-feira\/#article","isPartOf":{"@id":"https:\/\/cleitonpinheiro.com.br\/site\/homem-e-morto-a-tiros-no-setor-morada-do-sol-iii-em-palmas-na-tarde-desta-quarta-feira\/"},"author":{"name":"Dermival Pereira","@id":"https:\/\/cleitonpinheiro.com.br\/site\/#\/schema\/person\/aac6d7f311e80c43042e98a900b03cd8"},"headline":"Homem \u00e9 morto a tiros no setor Morada do Sol III, em Palmas, na tarde desta quarta-feira","datePublished":"2023-06-21T19:24:08+00:00","dateModified":"2023-06-21T19:29:25+00:00","mainEntityOfPage":{"@id":"https:\/\/cleitonpinheiro.com.br\/site\/homem-e-morto-a-tiros-no-setor-morada-do-sol-iii-em-palmas-na-tarde-desta-quarta-feira\/"},"wordCount":142,"commentCount":0,"publisher":{"@id":"https:\/\/cleitonpinheiro.com.br\/site\/#organization"},"image":{"@id":"https:\/\/cleitonpinheiro.com.br\/site\/homem-e-morto-a-tiros-no-setor-morada-do-sol-iii-em-palmas-na-tarde-desta-quarta-feira\/#primaryimage"},"thumbnailUrl":"https:\/\/cleitonpinheiro.com.br\/site\/wp-content\/uploads\/2023\/06\/Design-sem-nome-2023-06-21T162313-compressed.jpg","articleSection":["CIDADES","MANCHETE SEGUND\u00c1RIA"],"inLanguage":"pt-BR","potentialAction":[{"@type":"CommentAction","name":"Comment","target":["https:\/\/cleitonpinheiro.com.br\/site\/homem-e-morto-a-tiros-no-setor-morada-do-sol-iii-em-palmas-na-tarde-desta-quarta-feira\/#respond"]}]},{"@type":"WebPage","@id":"https:\/\/cleitonpinheiro.com.br\/site\/homem-e-morto-a-tiros-no-setor-morada-do-sol-iii-em-palmas-na-tarde-desta-quarta-feira\/","url":"https:\/\/cleitonpinheiro.com.br\/site\/homem-e-morto-a-tiros-no-setor-morada-do-sol-iii-em-palmas-na-tarde-desta-quarta-feira\/","name":"Homem \u00e9 morto a tiros no setor Morada do Sol III, em Palmas, na tarde desta quarta-feira - PORTAL DE NOT\u00cdCIAS CLEITON PINHEIRO","isPartOf":{"@id":"https:\/\/cleitonpinheiro.com.br\/site\/#website"},"primaryImageOfPage":{"@id":"https:\/\/cleitonpinheiro.com.br\/site\/homem-e-morto-a-tiros-no-setor-morada-do-sol-iii-em-palmas-na-tarde-desta-quarta-feira\/#primaryimage"},"image":{"@id":"https:\/\/cleitonpinheiro.com.br\/site\/homem-e-morto-a-tiros-no-setor-morada-do-sol-iii-em-palmas-na-tarde-desta-quarta-feira\/#primaryimage"},"thumbnailUrl":"https:\/\/cleitonpinheiro.com.br\/site\/wp-content\/uploads\/2023\/06\/Design-sem-nome-2023-06-21T162313-compressed.jpg","datePublished":"2023-06-21T19:24:08+00:00","dateModified":"2023-06-21T19:29:25+00:00","breadcrumb":{"@id":"https:\/\/cleitonpinheiro.com.br\/site\/homem-e-morto-a-tiros-no-setor-morada-do-sol-iii-em-palmas-na-tarde-desta-quarta-feira\/#breadcrumb"},"inLanguage":"pt-BR","potentialAction":[{"@type":"ReadAction","target":["https:\/\/cleitonpinheiro.com.br\/site\/homem-e-morto-a-tiros-no-setor-morada-do-sol-iii-em-palmas-na-tarde-desta-quarta-feira\/"]}]},{"@type":"ImageObject","inLanguage":"pt-BR","@id":"https:\/\/cleitonpinheiro.com.br\/site\/homem-e-morto-a-tiros-no-setor-morada-do-sol-iii-em-palmas-na-tarde-desta-quarta-feira\/#primaryimage","url":"","contentUrl":""},{"@type":"BreadcrumbList","@id":"https:\/\/cleitonpinheiro.com.br\/site\/homem-e-morto-a-tiros-no-setor-morada-do-sol-iii-em-palmas-na-tarde-desta-quarta-feira\/#breadcrumb","itemListElement":[{"@type":"ListItem","position":1,"name":"In\u00edcio","item":"https:\/\/cleitonpinheiro.com.br\/site\/"},{"@type":"ListItem","position":2,"name":"Homem \u00e9 morto a tiros no setor Morada do Sol III, em Palmas, na tarde desta quarta-feira"}]},{"@type":"WebSite","@id":"https:\/\/cleitonpinheiro.com.br\/site\/#website","url":"https:\/\/cleitonpinheiro.com.br\/site\/","name":"PORTAL DE NOT\u00cdCIAS CLEITON PINHEIRO","description":"FALANDO A VERDADE","publisher":{"@id":"https:\/\/cleitonpinheiro.com.br\/site\/#organization"},"potentialAction":[{"@type":"SearchAction","target":{"@type":"EntryPoint","urlTemplate":"https:\/\/cleitonpinheiro.com.br\/site\/?s={search_term_string}"},"query-input":{"@type":"PropertyValueSpecification","valueRequired":true,"valueName":"search_term_string"}}],"inLanguage":"pt-BR"},{"@type":"Organization","@id":"https:\/\/cleitonpinheiro.com.br\/site\/#organization","name":"CPNOT\u00cdCIAS","url":"https:\/\/cleitonpinheiro.com.br\/site\/","logo":{"@type":"ImageObject","inLanguage":"pt-BR","@id":"https:\/\/cleitonpinheiro.com.br\/site\/#\/schema\/logo\/image\/","url":"https:\/\/cleitonpinheiro.com.br\/site\/wp-content\/uploads\/2022\/08\/Logo-pequena-2.png","contentUrl":"https:\/\/cleitonpinheiro.com.br\/site\/wp-content\/uploads\/2022\/08\/Logo-pequena-2.png","width":500,"height":500,"caption":"CPNOT\u00cdCIAS"},"image":{"@id":"https:\/\/cleitonpinheiro.com.br\/site\/#\/schema\/logo\/image\/"},"sameAs":["https:\/\/www.facebook.com\/portalcpnoticias\/"]},{"@type":"Person","@id":"https:\/\/cleitonpinheiro.com.br\/site\/#\/schema\/person\/aac6d7f311e80c43042e98a900b03cd8","name":"Dermival Pereira","image":{"@type":"ImageObject","inLanguage":"pt-BR","@id":"https:\/\/cleitonpinheiro.com.br\/site\/#\/schema\/person\/image\/","url":"https:\/\/secure.gravatar.com\/avatar\/cfaebf3742d6bf8db728bcba3eed6bee37b02337a2e6c822994f20ca72a3784d?s=96&r=g","contentUrl":"https:\/\/secure.gravatar.com\/avatar\/cfaebf3742d6bf8db728bcba3eed6bee37b02337a2e6c822994f20ca72a3784d?s=96&r=g","caption":"Dermival Pereira"},"url":"https:\/\/cleitonpinheiro.com.br\/site\/author\/dermival\/"}]}},"views":554,"_links":{"self":[{"href":"https:\/\/cleitonpinheiro.com.br\/site\/wp-json\/wp\/v2\/posts\/72321","targetHints":{"allow":["GET"]}}],"collection":[{"href":"https:\/\/cleitonpinheiro.com.br\/site\/wp-json\/wp\/v2\/posts"}],"about":[{"href":"https:\/\/cleitonpinheiro.com.br\/site\/wp-json\/wp\/v2\/types\/post"}],"author":[{"embeddable":true,"href":"https:\/\/cleitonpinheiro.com.br\/site\/wp-json\/wp\/v2\/users\/4"}],"replies":[{"embeddable":true,"href":"https:\/\/cleitonpinheiro.com.br\/site\/wp-json\/wp\/v2\/comments?post=72321"}],"version-history":[{"count":3,"href":"https:\/\/cleitonpinheiro.com.br\/site\/wp-json\/wp\/v2\/posts\/72321\/revisions"}],"predecessor-version":[{"id":72325,"href":"https:\/\/cleitonpinheiro.com.br\/site\/wp-json\/wp\/v2\/posts\/72321\/revisions\/72325"}],"wp:attachment":[{"href":"https:\/\/cleitonpinheiro.com.br\/site\/wp-json\/wp\/v2\/media?parent=72321"}],"wp:term":[{"taxonomy":"category","embeddable":true,"href":"https:\/\/cleitonpinheiro.com.br\/site\/wp-json\/wp\/v2\/categories?post=72321"},{"taxonomy":"post_tag","embeddable":true,"href":"https:\/\/cleitonpinheiro.com.br\/site\/wp-json\/wp\/v2\/tags?post=72321"}],"curies":[{"name":"wp","href":"https:\/\/api.w.org\/{rel}","templated":true}]}}