{"id":72326,"date":"2023-06-21T17:04:20","date_gmt":"2023-06-21T20:04:20","guid":{"rendered":"https:\/\/cleitonpinheiro.com.br\/site\/?p=72326"},"modified":"2023-06-21T17:04:23","modified_gmt":"2023-06-21T20:04:23","slug":"governo-do-to-inaugura-companhia-da-pm-em-luzimangues-e-aumenta-efetivo-na-regiao","status":"publish","type":"post","link":"https:\/\/cleitonpinheiro.com.br\/site\/governo-do-to-inaugura-companhia-da-pm-em-luzimangues-e-aumenta-efetivo-na-regiao\/","title":{"rendered":"Governo do TO inaugura Companhia da PM em Luzimangues e aumenta efetivo na regi\u00e3o"},"content":{"rendered":"\n<figure class=\"wp-block-image size-full is-resized\"><img fetchpriority=\"high\" decoding=\"async\" src=\"https:\/\/cleitonpinheiro.com.br\/site\/wp-content\/uploads\/2023\/06\/Design-sem-nome-2023-06-21T170327-compressed.jpg\" alt=\"\" class=\"wp-image-72327\" width=\"1019\" height=\"611\"\/><\/figure>\n\n\n\n<p>O governador do Tocantins, Wanderlei Barbosa, inaugurou a sede da 1\u00aa Companhia Independente da Pol\u00edcia Militar (CIPM) em Luzimangues, distrito de Porto Nacional, na manh\u00e3 desta quarta-feira, 21. A unidade, que contava com 12 policiais militares quando era apenas um Destacamento, teve seu efetivo refor\u00e7ado para 40 PMs; tamb\u00e9m foi realizada a entrega de Kit Companhia, composto por sete viaturas, armas de fogo, coletes bal\u00edsticos, uniformes, r\u00e1dio HT para comunica\u00e7\u00e3o, entre outros equipamentos pr\u00f3prios de uso da corpora\u00e7\u00e3o.<\/p>\n\n\n\n<p>A 1\u00aa CIPM de Luzimangues surge da necessidade de adequa\u00e7\u00e3o a uma nova realidade administrativa e operacional da PM-TO e busca atender as demandas de seguran\u00e7a p\u00fablica da sociedade local, levando em considera\u00e7\u00e3o o r\u00e1pido crescimento populacional do distrito. &#8220;Mais de 20 mil pessoas residem aqui e, quando a Lei de Emancipa\u00e7\u00e3o for aprovada, Luzimangues ser\u00e1 um dos maiores munic\u00edpios do Estado. Estamos cuidando agora, pensando no futuro, em parceria com a prefeitura de Porto Nacional e com nossos deputados federais e estaduais&#8221;, ressaltou o governador Wanderlei Barbosa.<\/p>\n\n\n\n<p>&#8220;N\u00f3s entramos com a parte f\u00edsica, inclusive j\u00e1 doamos uma \u00e1rea para a constru\u00e7\u00e3o definitiva de um batalh\u00e3o da PM aqui em Luzimangues. \u00c9 um trabalho a quatro m\u00e3os, para que n\u00f3s possamos cumprir nossas miss\u00f5es&#8221;, afirmou o prefeito de Porto Nacional, Ronivon Maciel. &#8220;Juridicamente, Luzimangues \u00e9 um distrito, mas n\u00f3s sabemos da dimens\u00e3o geogr\u00e1fica e populacional que tem hoje, ao lado da Capital. \u00c9 um distrito que tem crescido bastante e a popula\u00e7\u00e3o tem chegado e buscado educa\u00e7\u00e3o, sa\u00fade, oportunidades e, com certeza, seguran\u00e7a&#8221;, complementou Ronivon Maciel, que relatou estar muito alegre com esta inaugura\u00e7\u00e3o.<br><br>O comandante-geral da PM-TO, coronel M\u00e1rcio Ant\u00f4nio Barbosa de Mendon\u00e7a, que tamb\u00e9m esteve presente ao evento, informou que o principal objetivo da corpora\u00e7\u00e3o \u00e9 a redu\u00e7\u00e3o da criminalidade por meio de uma distribui\u00e7\u00e3o log\u00edstica com base em evid\u00eancias, tornando o emprego da Pol\u00edcia Militar mais abrangente, em todas as cidades do Estado, de forma a suprir as expectativas institucionais, sociais e comunit\u00e1rias concernentes \u00e0 seguran\u00e7a p\u00fablica. &#8220;Essa estrat\u00e9gia institucional estabelece a 1\u00aa CIPM, cuja circunscri\u00e7\u00e3o abrange toda a \u00e1rea, tanto urbana e quanto rural, do distrito de Luzimangues, e limita com os munic\u00edpios de Palmas, Miracema e Para\u00edso&#8221;, concluiu.<\/p>\n\n\n\n<p>O major QOPM, Renato Marques Lisboa, foi designado o comandante respons\u00e1vel pela 1\u00aa CIPM de Luzimangues.&nbsp;&#8220;A inaugura\u00e7\u00e3o desta sede e a implanta\u00e7\u00e3o do 1\u00aa CIPM atendem uma cobran\u00e7a de uma comunidade que cresce sobremaneira. O governador, bem sens\u00edvel a essa causa, atendeu o pleito do Comando-Geral e, hoje, est\u00e1 instalando essa unidade, t\u00e3o aguardada&#8221;, afirmou o major, que serviu no 4\u00b0 BPM em Gurupi por 13 anos, assumiu o comando da 2\u00aa CIPM de Dian\u00f3polis em 2021 e, em 2023, encara o desafio de comandar a 1\u00aa CIPM, em Luzimangues.<\/p>\n\n\n\n<p><strong>Seguran\u00e7a em Luzimangues<\/strong><\/p>\n\n\n\n<p>H\u00e1 nove anos na corpora\u00e7\u00e3o e h\u00e1 um ano e meio trabalhando em Luzimangues, o cabo da PM-TO, Nyron Nyon Skhytz Bezerra Sousa, destacou a comodidade que \u00e9 morar no distrito e trabalhar em uma unidade lotada. \u201cO deslocamento \u00e9 muito mais f\u00e1cil e tranquilo, j\u00e1 que n\u00e3o precisa atravessar a ponte diariamente. A inaugura\u00e7\u00e3o desse pr\u00e9dio \u00e9 de grande import\u00e2ncia, n\u00e3o s\u00f3 para n\u00f3s da corpora\u00e7\u00e3o que trabalhamos aqui, mas para toda a sociedade de Luzimangues\u201d, enfatizou o cabo Nyron Nyon,&nbsp;que \u00e9 casado e tem um filho.<\/p>\n\n\n\n<p>O empres\u00e1rio Rog\u00e9rio Tonaco, de 53 anos, reside em Luzimangues desde 2014, mas sua m\u00e3e, dona Noemi Pacheco Tonaco, de 73 anos, est\u00e1 na regi\u00e3o h\u00e1 55 anos. Para ambos, a inaugura\u00e7\u00e3o da 1\u00aa CIPM representa um marco na seguran\u00e7a p\u00fablica do distrito. \u201cAntigamente, a gente tinha por volta de dez PMs fazendo a nossa seguran\u00e7a, hoje n\u00f3s temos 40 em uma Companhia Independente. Depois do que aconteceu, a gente tem andado pela cidade e temos percebido a satisfa\u00e7\u00e3o da comunidade com rela\u00e7\u00e3o \u00e0 vinda da PM. Isso traz mais seguran\u00e7a e tranquilidade para a popula\u00e7\u00e3o\u201d, ressaltou Rog\u00e9rio Tonaco, que \u00e9 casado com Valdenice Tonaco, de 38 anos, com quem tem uma filha de dois meses, a Aurora. \u201cAntes, a gente ficava um pouco inseguro, at\u00e9 mesmo na empresa. Agora, sempre tem alguma viatura passando em frente aos com\u00e9rcios. Essa demanda j\u00e1 vem de outros governos, mas foi justamente o governador Wanderlei Barbosa que se sensibilizou e trouxe essa companhia para n\u00f3s. O governador est\u00e1 de parab\u00e9ns por ter atendido esse anseio da popula\u00e7\u00e3o\u201d, finalizou.<\/p>\n\n\n\n<p>A cerim\u00f4nia contou com a presen\u00e7a de lideran\u00e7as pol\u00edticas e sociais da regi\u00e3o, como o prefeito, o vice-prefeito e vereadores de Porto Nacional, al\u00e9m de deputados estaduais e federais. <em><strong>(Fonte: Governo do Tocantins).<\/strong><\/em><\/p>\n","protected":false},"excerpt":{"rendered":"<p>O governador do Tocantins, Wanderlei Barbosa, inaugurou a sede da 1\u00aa Companhia Independente da Pol\u00edcia Militar (CIPM) em Luzimangues, distrito de Porto Nacional, na manh\u00e3 desta quarta-feira, 21. A unidade, que contava com 12 policiais militares quando era apenas um Destacamento, teve seu efetivo refor\u00e7ado para 40 PMs; tamb\u00e9m foi realizada a entrega de Kit [&hellip;]<\/p>\n","protected":false},"author":4,"featured_media":0,"comment_status":"open","ping_status":"open","sticky":false,"template":"","format":"standard","meta":{"_acf_changed":false,"footnotes":""},"categories":[22,898],"tags":[],"class_list":["post-72326","post","type-post","status-publish","format-standard","hentry","category-cidades","category-manchete-segundaria"],"acf":[],"yoast_head":"<!-- This site is optimized with the Yoast SEO plugin v24.4 - https:\/\/yoast.com\/wordpress\/plugins\/seo\/ -->\n<title>Governo do TO inaugura Companhia da PM em Luzimangues e aumenta efetivo na regi\u00e3o - PORTAL DE NOT\u00cdCIAS CLEITON PINHEIRO<\/title>\n<meta name=\"robots\" content=\"index, follow, max-snippet:-1, max-image-preview:large, max-video-preview:-1\" \/>\n<link rel=\"canonical\" href=\"https:\/\/cleitonpinheiro.com.br\/site\/governo-do-to-inaugura-companhia-da-pm-em-luzimangues-e-aumenta-efetivo-na-regiao\/\" \/>\n<meta property=\"og:locale\" content=\"pt_BR\" \/>\n<meta property=\"og:type\" content=\"article\" \/>\n<meta property=\"og:title\" content=\"Governo do TO inaugura Companhia da PM em Luzimangues e aumenta efetivo na regi\u00e3o - PORTAL DE NOT\u00cdCIAS CLEITON PINHEIRO\" \/>\n<meta property=\"og:description\" content=\"O governador do Tocantins, Wanderlei Barbosa, inaugurou a sede da 1\u00aa Companhia Independente da Pol\u00edcia Militar (CIPM) em Luzimangues, distrito de Porto Nacional, na manh\u00e3 desta quarta-feira, 21. A unidade, que contava com 12 policiais militares quando era apenas um Destacamento, teve seu efetivo refor\u00e7ado para 40 PMs; tamb\u00e9m foi realizada a entrega de Kit [&hellip;]\" \/>\n<meta property=\"og:url\" content=\"https:\/\/cleitonpinheiro.com.br\/site\/governo-do-to-inaugura-companhia-da-pm-em-luzimangues-e-aumenta-efetivo-na-regiao\/\" \/>\n<meta property=\"og:site_name\" content=\"PORTAL DE NOT\u00cdCIAS CLEITON PINHEIRO\" \/>\n<meta property=\"article:publisher\" content=\"https:\/\/www.facebook.com\/portalcpnoticias\/\" \/>\n<meta property=\"article:published_time\" content=\"2023-06-21T20:04:20+00:00\" \/>\n<meta property=\"article:modified_time\" content=\"2023-06-21T20:04:23+00:00\" \/>\n<meta property=\"og:image\" content=\"https:\/\/cleitonpinheiro.com.br\/site\/wp-content\/uploads\/2023\/06\/Design-sem-nome-2023-06-21T170327-compressed.jpg\" \/>\n\t<meta property=\"og:image:width\" content=\"750\" \/>\n\t<meta property=\"og:image:height\" content=\"450\" \/>\n\t<meta property=\"og:image:type\" content=\"image\/jpeg\" \/>\n<meta name=\"author\" content=\"Dermival Pereira\" \/>\n<meta name=\"twitter:card\" content=\"summary_large_image\" \/>\n<meta name=\"twitter:label1\" content=\"Escrito por\" \/>\n\t<meta name=\"twitter:data1\" content=\"Dermival Pereira\" \/>\n\t<meta name=\"twitter:label2\" content=\"Est. tempo de leitura\" \/>\n\t<meta name=\"twitter:data2\" content=\"5 minutos\" \/>\n<script type=\"application\/ld+json\" class=\"yoast-schema-graph\">{\"@context\":\"https:\/\/schema.org\",\"@graph\":[{\"@type\":\"Article\",\"@id\":\"https:\/\/cleitonpinheiro.com.br\/site\/governo-do-to-inaugura-companhia-da-pm-em-luzimangues-e-aumenta-efetivo-na-regiao\/#article\",\"isPartOf\":{\"@id\":\"https:\/\/cleitonpinheiro.com.br\/site\/governo-do-to-inaugura-companhia-da-pm-em-luzimangues-e-aumenta-efetivo-na-regiao\/\"},\"author\":{\"name\":\"Dermival Pereira\",\"@id\":\"https:\/\/cleitonpinheiro.com.br\/site\/#\/schema\/person\/aac6d7f311e80c43042e98a900b03cd8\"},\"headline\":\"Governo do TO inaugura Companhia da PM em Luzimangues e aumenta efetivo na regi\u00e3o\",\"datePublished\":\"2023-06-21T20:04:20+00:00\",\"dateModified\":\"2023-06-21T20:04:23+00:00\",\"mainEntityOfPage\":{\"@id\":\"https:\/\/cleitonpinheiro.com.br\/site\/governo-do-to-inaugura-companhia-da-pm-em-luzimangues-e-aumenta-efetivo-na-regiao\/\"},\"wordCount\":824,\"commentCount\":0,\"publisher\":{\"@id\":\"https:\/\/cleitonpinheiro.com.br\/site\/#organization\"},\"image\":{\"@id\":\"https:\/\/cleitonpinheiro.com.br\/site\/governo-do-to-inaugura-companhia-da-pm-em-luzimangues-e-aumenta-efetivo-na-regiao\/#primaryimage\"},\"thumbnailUrl\":\"https:\/\/cleitonpinheiro.com.br\/site\/wp-content\/uploads\/2023\/06\/Design-sem-nome-2023-06-21T170327-compressed.jpg\",\"articleSection\":[\"CIDADES\",\"MANCHETE SEGUND\u00c1RIA\"],\"inLanguage\":\"pt-BR\",\"potentialAction\":[{\"@type\":\"CommentAction\",\"name\":\"Comment\",\"target\":[\"https:\/\/cleitonpinheiro.com.br\/site\/governo-do-to-inaugura-companhia-da-pm-em-luzimangues-e-aumenta-efetivo-na-regiao\/#respond\"]}]},{\"@type\":\"WebPage\",\"@id\":\"https:\/\/cleitonpinheiro.com.br\/site\/governo-do-to-inaugura-companhia-da-pm-em-luzimangues-e-aumenta-efetivo-na-regiao\/\",\"url\":\"https:\/\/cleitonpinheiro.com.br\/site\/governo-do-to-inaugura-companhia-da-pm-em-luzimangues-e-aumenta-efetivo-na-regiao\/\",\"name\":\"Governo do TO inaugura Companhia da PM em Luzimangues e aumenta efetivo na regi\u00e3o - PORTAL DE NOT\u00cdCIAS CLEITON PINHEIRO\",\"isPartOf\":{\"@id\":\"https:\/\/cleitonpinheiro.com.br\/site\/#website\"},\"primaryImageOfPage\":{\"@id\":\"https:\/\/cleitonpinheiro.com.br\/site\/governo-do-to-inaugura-companhia-da-pm-em-luzimangues-e-aumenta-efetivo-na-regiao\/#primaryimage\"},\"image\":{\"@id\":\"https:\/\/cleitonpinheiro.com.br\/site\/governo-do-to-inaugura-companhia-da-pm-em-luzimangues-e-aumenta-efetivo-na-regiao\/#primaryimage\"},\"thumbnailUrl\":\"https:\/\/cleitonpinheiro.com.br\/site\/wp-content\/uploads\/2023\/06\/Design-sem-nome-2023-06-21T170327-compressed.jpg\",\"datePublished\":\"2023-06-21T20:04:20+00:00\",\"dateModified\":\"2023-06-21T20:04:23+00:00\",\"breadcrumb\":{\"@id\":\"https:\/\/cleitonpinheiro.com.br\/site\/governo-do-to-inaugura-companhia-da-pm-em-luzimangues-e-aumenta-efetivo-na-regiao\/#breadcrumb\"},\"inLanguage\":\"pt-BR\",\"potentialAction\":[{\"@type\":\"ReadAction\",\"target\":[\"https:\/\/cleitonpinheiro.com.br\/site\/governo-do-to-inaugura-companhia-da-pm-em-luzimangues-e-aumenta-efetivo-na-regiao\/\"]}]},{\"@type\":\"ImageObject\",\"inLanguage\":\"pt-BR\",\"@id\":\"https:\/\/cleitonpinheiro.com.br\/site\/governo-do-to-inaugura-companhia-da-pm-em-luzimangues-e-aumenta-efetivo-na-regiao\/#primaryimage\",\"url\":\"\",\"contentUrl\":\"\"},{\"@type\":\"BreadcrumbList\",\"@id\":\"https:\/\/cleitonpinheiro.com.br\/site\/governo-do-to-inaugura-companhia-da-pm-em-luzimangues-e-aumenta-efetivo-na-regiao\/#breadcrumb\",\"itemListElement\":[{\"@type\":\"ListItem\",\"position\":1,\"name\":\"In\u00edcio\",\"item\":\"https:\/\/cleitonpinheiro.com.br\/site\/\"},{\"@type\":\"ListItem\",\"position\":2,\"name\":\"Governo do TO inaugura Companhia da PM em Luzimangues e aumenta efetivo na regi\u00e3o\"}]},{\"@type\":\"WebSite\",\"@id\":\"https:\/\/cleitonpinheiro.com.br\/site\/#website\",\"url\":\"https:\/\/cleitonpinheiro.com.br\/site\/\",\"name\":\"PORTAL DE NOT\u00cdCIAS CLEITON PINHEIRO\",\"description\":\"FALANDO A VERDADE\",\"publisher\":{\"@id\":\"https:\/\/cleitonpinheiro.com.br\/site\/#organization\"},\"potentialAction\":[{\"@type\":\"SearchAction\",\"target\":{\"@type\":\"EntryPoint\",\"urlTemplate\":\"https:\/\/cleitonpinheiro.com.br\/site\/?s={search_term_string}\"},\"query-input\":{\"@type\":\"PropertyValueSpecification\",\"valueRequired\":true,\"valueName\":\"search_term_string\"}}],\"inLanguage\":\"pt-BR\"},{\"@type\":\"Organization\",\"@id\":\"https:\/\/cleitonpinheiro.com.br\/site\/#organization\",\"name\":\"CPNOT\u00cdCIAS\",\"url\":\"https:\/\/cleitonpinheiro.com.br\/site\/\",\"logo\":{\"@type\":\"ImageObject\",\"inLanguage\":\"pt-BR\",\"@id\":\"https:\/\/cleitonpinheiro.com.br\/site\/#\/schema\/logo\/image\/\",\"url\":\"https:\/\/cleitonpinheiro.com.br\/site\/wp-content\/uploads\/2022\/08\/Logo-pequena-2.png\",\"contentUrl\":\"https:\/\/cleitonpinheiro.com.br\/site\/wp-content\/uploads\/2022\/08\/Logo-pequena-2.png\",\"width\":500,\"height\":500,\"caption\":\"CPNOT\u00cdCIAS\"},\"image\":{\"@id\":\"https:\/\/cleitonpinheiro.com.br\/site\/#\/schema\/logo\/image\/\"},\"sameAs\":[\"https:\/\/www.facebook.com\/portalcpnoticias\/\"]},{\"@type\":\"Person\",\"@id\":\"https:\/\/cleitonpinheiro.com.br\/site\/#\/schema\/person\/aac6d7f311e80c43042e98a900b03cd8\",\"name\":\"Dermival Pereira\",\"image\":{\"@type\":\"ImageObject\",\"inLanguage\":\"pt-BR\",\"@id\":\"https:\/\/cleitonpinheiro.com.br\/site\/#\/schema\/person\/image\/\",\"url\":\"https:\/\/secure.gravatar.com\/avatar\/cfaebf3742d6bf8db728bcba3eed6bee37b02337a2e6c822994f20ca72a3784d?s=96&r=g\",\"contentUrl\":\"https:\/\/secure.gravatar.com\/avatar\/cfaebf3742d6bf8db728bcba3eed6bee37b02337a2e6c822994f20ca72a3784d?s=96&r=g\",\"caption\":\"Dermival Pereira\"},\"url\":\"https:\/\/cleitonpinheiro.com.br\/site\/author\/dermival\/\"}]}<\/script>\n<!-- \/ Yoast SEO plugin. -->","yoast_head_json":{"title":"Governo do TO inaugura Companhia da PM em Luzimangues e aumenta efetivo na regi\u00e3o - PORTAL DE NOT\u00cdCIAS CLEITON PINHEIRO","robots":{"index":"index","follow":"follow","max-snippet":"max-snippet:-1","max-image-preview":"max-image-preview:large","max-video-preview":"max-video-preview:-1"},"canonical":"https:\/\/cleitonpinheiro.com.br\/site\/governo-do-to-inaugura-companhia-da-pm-em-luzimangues-e-aumenta-efetivo-na-regiao\/","og_locale":"pt_BR","og_type":"article","og_title":"Governo do TO inaugura Companhia da PM em Luzimangues e aumenta efetivo na regi\u00e3o - PORTAL DE NOT\u00cdCIAS CLEITON PINHEIRO","og_description":"O governador do Tocantins, Wanderlei Barbosa, inaugurou a sede da 1\u00aa Companhia Independente da Pol\u00edcia Militar (CIPM) em Luzimangues, distrito de Porto Nacional, na manh\u00e3 desta quarta-feira, 21. A unidade, que contava com 12 policiais militares quando era apenas um Destacamento, teve seu efetivo refor\u00e7ado para 40 PMs; tamb\u00e9m foi realizada a entrega de Kit [&hellip;]","og_url":"https:\/\/cleitonpinheiro.com.br\/site\/governo-do-to-inaugura-companhia-da-pm-em-luzimangues-e-aumenta-efetivo-na-regiao\/","og_site_name":"PORTAL DE NOT\u00cdCIAS CLEITON PINHEIRO","article_publisher":"https:\/\/www.facebook.com\/portalcpnoticias\/","article_published_time":"2023-06-21T20:04:20+00:00","article_modified_time":"2023-06-21T20:04:23+00:00","og_image":[{"width":750,"height":450,"url":"https:\/\/cleitonpinheiro.com.br\/site\/wp-content\/uploads\/2023\/06\/Design-sem-nome-2023-06-21T170327-compressed.jpg","type":"image\/jpeg"}],"author":"Dermival Pereira","twitter_card":"summary_large_image","twitter_misc":{"Escrito por":"Dermival Pereira","Est. tempo de leitura":"5 minutos"},"schema":{"@context":"https:\/\/schema.org","@graph":[{"@type":"Article","@id":"https:\/\/cleitonpinheiro.com.br\/site\/governo-do-to-inaugura-companhia-da-pm-em-luzimangues-e-aumenta-efetivo-na-regiao\/#article","isPartOf":{"@id":"https:\/\/cleitonpinheiro.com.br\/site\/governo-do-to-inaugura-companhia-da-pm-em-luzimangues-e-aumenta-efetivo-na-regiao\/"},"author":{"name":"Dermival Pereira","@id":"https:\/\/cleitonpinheiro.com.br\/site\/#\/schema\/person\/aac6d7f311e80c43042e98a900b03cd8"},"headline":"Governo do TO inaugura Companhia da PM em Luzimangues e aumenta efetivo na regi\u00e3o","datePublished":"2023-06-21T20:04:20+00:00","dateModified":"2023-06-21T20:04:23+00:00","mainEntityOfPage":{"@id":"https:\/\/cleitonpinheiro.com.br\/site\/governo-do-to-inaugura-companhia-da-pm-em-luzimangues-e-aumenta-efetivo-na-regiao\/"},"wordCount":824,"commentCount":0,"publisher":{"@id":"https:\/\/cleitonpinheiro.com.br\/site\/#organization"},"image":{"@id":"https:\/\/cleitonpinheiro.com.br\/site\/governo-do-to-inaugura-companhia-da-pm-em-luzimangues-e-aumenta-efetivo-na-regiao\/#primaryimage"},"thumbnailUrl":"https:\/\/cleitonpinheiro.com.br\/site\/wp-content\/uploads\/2023\/06\/Design-sem-nome-2023-06-21T170327-compressed.jpg","articleSection":["CIDADES","MANCHETE SEGUND\u00c1RIA"],"inLanguage":"pt-BR","potentialAction":[{"@type":"CommentAction","name":"Comment","target":["https:\/\/cleitonpinheiro.com.br\/site\/governo-do-to-inaugura-companhia-da-pm-em-luzimangues-e-aumenta-efetivo-na-regiao\/#respond"]}]},{"@type":"WebPage","@id":"https:\/\/cleitonpinheiro.com.br\/site\/governo-do-to-inaugura-companhia-da-pm-em-luzimangues-e-aumenta-efetivo-na-regiao\/","url":"https:\/\/cleitonpinheiro.com.br\/site\/governo-do-to-inaugura-companhia-da-pm-em-luzimangues-e-aumenta-efetivo-na-regiao\/","name":"Governo do TO inaugura Companhia da PM em Luzimangues e aumenta efetivo na regi\u00e3o - PORTAL DE NOT\u00cdCIAS CLEITON PINHEIRO","isPartOf":{"@id":"https:\/\/cleitonpinheiro.com.br\/site\/#website"},"primaryImageOfPage":{"@id":"https:\/\/cleitonpinheiro.com.br\/site\/governo-do-to-inaugura-companhia-da-pm-em-luzimangues-e-aumenta-efetivo-na-regiao\/#primaryimage"},"image":{"@id":"https:\/\/cleitonpinheiro.com.br\/site\/governo-do-to-inaugura-companhia-da-pm-em-luzimangues-e-aumenta-efetivo-na-regiao\/#primaryimage"},"thumbnailUrl":"https:\/\/cleitonpinheiro.com.br\/site\/wp-content\/uploads\/2023\/06\/Design-sem-nome-2023-06-21T170327-compressed.jpg","datePublished":"2023-06-21T20:04:20+00:00","dateModified":"2023-06-21T20:04:23+00:00","breadcrumb":{"@id":"https:\/\/cleitonpinheiro.com.br\/site\/governo-do-to-inaugura-companhia-da-pm-em-luzimangues-e-aumenta-efetivo-na-regiao\/#breadcrumb"},"inLanguage":"pt-BR","potentialAction":[{"@type":"ReadAction","target":["https:\/\/cleitonpinheiro.com.br\/site\/governo-do-to-inaugura-companhia-da-pm-em-luzimangues-e-aumenta-efetivo-na-regiao\/"]}]},{"@type":"ImageObject","inLanguage":"pt-BR","@id":"https:\/\/cleitonpinheiro.com.br\/site\/governo-do-to-inaugura-companhia-da-pm-em-luzimangues-e-aumenta-efetivo-na-regiao\/#primaryimage","url":"","contentUrl":""},{"@type":"BreadcrumbList","@id":"https:\/\/cleitonpinheiro.com.br\/site\/governo-do-to-inaugura-companhia-da-pm-em-luzimangues-e-aumenta-efetivo-na-regiao\/#breadcrumb","itemListElement":[{"@type":"ListItem","position":1,"name":"In\u00edcio","item":"https:\/\/cleitonpinheiro.com.br\/site\/"},{"@type":"ListItem","position":2,"name":"Governo do TO inaugura Companhia da PM em Luzimangues e aumenta efetivo na regi\u00e3o"}]},{"@type":"WebSite","@id":"https:\/\/cleitonpinheiro.com.br\/site\/#website","url":"https:\/\/cleitonpinheiro.com.br\/site\/","name":"PORTAL DE NOT\u00cdCIAS CLEITON PINHEIRO","description":"FALANDO A VERDADE","publisher":{"@id":"https:\/\/cleitonpinheiro.com.br\/site\/#organization"},"potentialAction":[{"@type":"SearchAction","target":{"@type":"EntryPoint","urlTemplate":"https:\/\/cleitonpinheiro.com.br\/site\/?s={search_term_string}"},"query-input":{"@type":"PropertyValueSpecification","valueRequired":true,"valueName":"search_term_string"}}],"inLanguage":"pt-BR"},{"@type":"Organization","@id":"https:\/\/cleitonpinheiro.com.br\/site\/#organization","name":"CPNOT\u00cdCIAS","url":"https:\/\/cleitonpinheiro.com.br\/site\/","logo":{"@type":"ImageObject","inLanguage":"pt-BR","@id":"https:\/\/cleitonpinheiro.com.br\/site\/#\/schema\/logo\/image\/","url":"https:\/\/cleitonpinheiro.com.br\/site\/wp-content\/uploads\/2022\/08\/Logo-pequena-2.png","contentUrl":"https:\/\/cleitonpinheiro.com.br\/site\/wp-content\/uploads\/2022\/08\/Logo-pequena-2.png","width":500,"height":500,"caption":"CPNOT\u00cdCIAS"},"image":{"@id":"https:\/\/cleitonpinheiro.com.br\/site\/#\/schema\/logo\/image\/"},"sameAs":["https:\/\/www.facebook.com\/portalcpnoticias\/"]},{"@type":"Person","@id":"https:\/\/cleitonpinheiro.com.br\/site\/#\/schema\/person\/aac6d7f311e80c43042e98a900b03cd8","name":"Dermival Pereira","image":{"@type":"ImageObject","inLanguage":"pt-BR","@id":"https:\/\/cleitonpinheiro.com.br\/site\/#\/schema\/person\/image\/","url":"https:\/\/secure.gravatar.com\/avatar\/cfaebf3742d6bf8db728bcba3eed6bee37b02337a2e6c822994f20ca72a3784d?s=96&r=g","contentUrl":"https:\/\/secure.gravatar.com\/avatar\/cfaebf3742d6bf8db728bcba3eed6bee37b02337a2e6c822994f20ca72a3784d?s=96&r=g","caption":"Dermival Pereira"},"url":"https:\/\/cleitonpinheiro.com.br\/site\/author\/dermival\/"}]}},"views":275,"_links":{"self":[{"href":"https:\/\/cleitonpinheiro.com.br\/site\/wp-json\/wp\/v2\/posts\/72326","targetHints":{"allow":["GET"]}}],"collection":[{"href":"https:\/\/cleitonpinheiro.com.br\/site\/wp-json\/wp\/v2\/posts"}],"about":[{"href":"https:\/\/cleitonpinheiro.com.br\/site\/wp-json\/wp\/v2\/types\/post"}],"author":[{"embeddable":true,"href":"https:\/\/cleitonpinheiro.com.br\/site\/wp-json\/wp\/v2\/users\/4"}],"replies":[{"embeddable":true,"href":"https:\/\/cleitonpinheiro.com.br\/site\/wp-json\/wp\/v2\/comments?post=72326"}],"version-history":[{"count":1,"href":"https:\/\/cleitonpinheiro.com.br\/site\/wp-json\/wp\/v2\/posts\/72326\/revisions"}],"predecessor-version":[{"id":72328,"href":"https:\/\/cleitonpinheiro.com.br\/site\/wp-json\/wp\/v2\/posts\/72326\/revisions\/72328"}],"wp:attachment":[{"href":"https:\/\/cleitonpinheiro.com.br\/site\/wp-json\/wp\/v2\/media?parent=72326"}],"wp:term":[{"taxonomy":"category","embeddable":true,"href":"https:\/\/cleitonpinheiro.com.br\/site\/wp-json\/wp\/v2\/categories?post=72326"},{"taxonomy":"post_tag","embeddable":true,"href":"https:\/\/cleitonpinheiro.com.br\/site\/wp-json\/wp\/v2\/tags?post=72326"}],"curies":[{"name":"wp","href":"https:\/\/api.w.org\/{rel}","templated":true}]}}