{"id":72343,"date":"2023-06-22T08:25:19","date_gmt":"2023-06-22T11:25:19","guid":{"rendered":"https:\/\/cleitonpinheiro.com.br\/site\/?p=72343"},"modified":"2023-06-22T08:25:54","modified_gmt":"2023-06-22T11:25:54","slug":"assembleia-legislativa-sedia-reuniao-do-parlamento-amazonico-nesta-quinta-feira","status":"publish","type":"post","link":"https:\/\/cleitonpinheiro.com.br\/site\/assembleia-legislativa-sedia-reuniao-do-parlamento-amazonico-nesta-quinta-feira\/","title":{"rendered":"Assembleia Legislativa sedia reuni\u00e3o do Parlamento Amaz\u00f4nico nesta quinta-feira"},"content":{"rendered":"\n<figure class=\"wp-block-image size-full is-resized\"><img fetchpriority=\"high\" decoding=\"async\" src=\"https:\/\/cleitonpinheiro.com.br\/site\/wp-content\/uploads\/2023\/06\/Design-sem-nome-2023-06-22T082318-compressed.jpg\" alt=\"\" class=\"wp-image-72344\" width=\"1021\" height=\"613\"\/><figcaption class=\"wp-element-caption\">Foto: Clayton Cristus<\/figcaption><\/figure>\n\n\n\n<p>A Assembleia Legislativa do Tocantins (Aleto) sedia nesta quinta-feira, 22, a 4\u00aa Reuni\u00e3o Ordin\u00e1ria do Parlamento Amaz\u00f4nico. Organizada pelo deputado Nilton Franco (Republicanos), vice-presidente da entidade, o encontro ser\u00e1 \u00e0s 10 horas, no Plen\u00e1rio da Casa, devendo reunir os parlamentares que comp\u00f5em a Regi\u00e3o Norte, al\u00e9m dos de Mato Grosso, que tamb\u00e9m fazem parte do Parlamento.<\/p>\n\n\n\n<p>Segundo o parlamentar, a reuni\u00e3o deve contar com a presen\u00e7a de cerca de 60 deputados para discutir temas como regulariza\u00e7\u00e3o fundi\u00e1ria, licenciamento ambiental na Regi\u00e3o Amaz\u00f4nica e a explora\u00e7\u00e3o mineral e de petr\u00f3leo na Amaz\u00f4nia, de forma sustent\u00e1vel, com a finalidade de gerar emprego e renda, contribuindo para tirar a regi\u00e3o da linha da pobreza.<\/p>\n\n\n\n<p>Nilton destaca a import\u00e2ncia da entidade, justificando a necessidade de debater e de buscar solu\u00e7\u00f5es e medidas de prote\u00e7\u00e3o coletivas a serem adotadas pelos parlamentares que comp\u00f5em a Associa\u00e7\u00e3o. \u201c\u00c9 indispens\u00e1vel debater as quest\u00f5es dos estados da Amaz\u00f4nia legal e gerar demandas que favore\u00e7am a popula\u00e7\u00e3o amaz\u00f4nica\u201d, ressalta.<\/p>\n\n\n\n<p><strong>Parlamento Amaz\u00f4nico<\/strong><\/p>\n\n\n\n<p>A Associa\u00e7\u00e3o do Parlamento Amaz\u00f4nico \u00e9 uma entidade n\u00e3o governamental, sem fins lucrativos, com mais de 20 anos de exist\u00eancia. Re\u00fane parlamentares das Assembleias Legislativas que integram a Amaz\u00f4nia Legal: Acre, Amap\u00e1, Amazonas, Maranh\u00e3o, Par\u00e1, Rond\u00f4nia, Roraima e Tocantins, al\u00e9m do Mato Grosso. Tem como compromisso reunir os deputados estaduais, a cada m\u00eas, em uma unidade federativa (estado) que integram a Associa\u00e7\u00e3o. <em><strong>(Fonte: Aleto).<\/strong><\/em><\/p>\n","protected":false},"excerpt":{"rendered":"<p>A Assembleia Legislativa do Tocantins (Aleto) sedia nesta quinta-feira, 22, a 4\u00aa Reuni\u00e3o Ordin\u00e1ria do Parlamento Amaz\u00f4nico. Organizada pelo deputado Nilton Franco (Republicanos), vice-presidente da entidade, o encontro ser\u00e1 \u00e0s 10 horas, no Plen\u00e1rio da Casa, devendo reunir os parlamentares que comp\u00f5em a Regi\u00e3o Norte, al\u00e9m dos de Mato Grosso, que tamb\u00e9m fazem parte do [&hellip;]<\/p>\n","protected":false},"author":4,"featured_media":0,"comment_status":"open","ping_status":"open","sticky":false,"template":"","format":"standard","meta":{"_acf_changed":false,"footnotes":""},"categories":[8,898],"tags":[],"class_list":["post-72343","post","type-post","status-publish","format-standard","hentry","category-estado","category-manchete-segundaria"],"acf":[],"yoast_head":"<!-- This site is optimized with the Yoast SEO plugin v24.4 - https:\/\/yoast.com\/wordpress\/plugins\/seo\/ -->\n<title>Assembleia Legislativa sedia reuni\u00e3o do Parlamento Amaz\u00f4nico nesta quinta-feira - PORTAL DE NOT\u00cdCIAS CLEITON PINHEIRO<\/title>\n<meta name=\"robots\" content=\"index, follow, max-snippet:-1, max-image-preview:large, max-video-preview:-1\" \/>\n<link rel=\"canonical\" href=\"https:\/\/cleitonpinheiro.com.br\/site\/assembleia-legislativa-sedia-reuniao-do-parlamento-amazonico-nesta-quinta-feira\/\" \/>\n<meta property=\"og:locale\" content=\"pt_BR\" \/>\n<meta property=\"og:type\" content=\"article\" \/>\n<meta property=\"og:title\" content=\"Assembleia Legislativa sedia reuni\u00e3o do Parlamento Amaz\u00f4nico nesta quinta-feira - PORTAL DE NOT\u00cdCIAS CLEITON PINHEIRO\" \/>\n<meta property=\"og:description\" content=\"A Assembleia Legislativa do Tocantins (Aleto) sedia nesta quinta-feira, 22, a 4\u00aa Reuni\u00e3o Ordin\u00e1ria do Parlamento Amaz\u00f4nico. Organizada pelo deputado Nilton Franco (Republicanos), vice-presidente da entidade, o encontro ser\u00e1 \u00e0s 10 horas, no Plen\u00e1rio da Casa, devendo reunir os parlamentares que comp\u00f5em a Regi\u00e3o Norte, al\u00e9m dos de Mato Grosso, que tamb\u00e9m fazem parte do [&hellip;]\" \/>\n<meta property=\"og:url\" content=\"https:\/\/cleitonpinheiro.com.br\/site\/assembleia-legislativa-sedia-reuniao-do-parlamento-amazonico-nesta-quinta-feira\/\" \/>\n<meta property=\"og:site_name\" content=\"PORTAL DE NOT\u00cdCIAS CLEITON PINHEIRO\" \/>\n<meta property=\"article:publisher\" content=\"https:\/\/www.facebook.com\/portalcpnoticias\/\" \/>\n<meta property=\"article:published_time\" content=\"2023-06-22T11:25:19+00:00\" \/>\n<meta property=\"article:modified_time\" content=\"2023-06-22T11:25:54+00:00\" \/>\n<meta property=\"og:image\" content=\"https:\/\/cleitonpinheiro.com.br\/site\/wp-content\/uploads\/2023\/06\/Design-sem-nome-2023-06-22T082318-compressed.jpg\" \/>\n\t<meta property=\"og:image:width\" content=\"750\" \/>\n\t<meta property=\"og:image:height\" content=\"450\" \/>\n\t<meta property=\"og:image:type\" content=\"image\/jpeg\" \/>\n<meta name=\"author\" content=\"Dermival Pereira\" \/>\n<meta name=\"twitter:card\" content=\"summary_large_image\" \/>\n<meta name=\"twitter:label1\" content=\"Escrito por\" \/>\n\t<meta name=\"twitter:data1\" content=\"Dermival Pereira\" \/>\n\t<meta name=\"twitter:label2\" content=\"Est. tempo de leitura\" \/>\n\t<meta name=\"twitter:data2\" content=\"2 minutos\" \/>\n<script type=\"application\/ld+json\" class=\"yoast-schema-graph\">{\"@context\":\"https:\/\/schema.org\",\"@graph\":[{\"@type\":\"Article\",\"@id\":\"https:\/\/cleitonpinheiro.com.br\/site\/assembleia-legislativa-sedia-reuniao-do-parlamento-amazonico-nesta-quinta-feira\/#article\",\"isPartOf\":{\"@id\":\"https:\/\/cleitonpinheiro.com.br\/site\/assembleia-legislativa-sedia-reuniao-do-parlamento-amazonico-nesta-quinta-feira\/\"},\"author\":{\"name\":\"Dermival Pereira\",\"@id\":\"https:\/\/cleitonpinheiro.com.br\/site\/#\/schema\/person\/aac6d7f311e80c43042e98a900b03cd8\"},\"headline\":\"Assembleia Legislativa sedia reuni\u00e3o do Parlamento Amaz\u00f4nico nesta quinta-feira\",\"datePublished\":\"2023-06-22T11:25:19+00:00\",\"dateModified\":\"2023-06-22T11:25:54+00:00\",\"mainEntityOfPage\":{\"@id\":\"https:\/\/cleitonpinheiro.com.br\/site\/assembleia-legislativa-sedia-reuniao-do-parlamento-amazonico-nesta-quinta-feira\/\"},\"wordCount\":274,\"commentCount\":0,\"publisher\":{\"@id\":\"https:\/\/cleitonpinheiro.com.br\/site\/#organization\"},\"image\":{\"@id\":\"https:\/\/cleitonpinheiro.com.br\/site\/assembleia-legislativa-sedia-reuniao-do-parlamento-amazonico-nesta-quinta-feira\/#primaryimage\"},\"thumbnailUrl\":\"https:\/\/cleitonpinheiro.com.br\/site\/wp-content\/uploads\/2023\/06\/Design-sem-nome-2023-06-22T082318-compressed.jpg\",\"articleSection\":[\"ESTADO\",\"MANCHETE SEGUND\u00c1RIA\"],\"inLanguage\":\"pt-BR\",\"potentialAction\":[{\"@type\":\"CommentAction\",\"name\":\"Comment\",\"target\":[\"https:\/\/cleitonpinheiro.com.br\/site\/assembleia-legislativa-sedia-reuniao-do-parlamento-amazonico-nesta-quinta-feira\/#respond\"]}]},{\"@type\":\"WebPage\",\"@id\":\"https:\/\/cleitonpinheiro.com.br\/site\/assembleia-legislativa-sedia-reuniao-do-parlamento-amazonico-nesta-quinta-feira\/\",\"url\":\"https:\/\/cleitonpinheiro.com.br\/site\/assembleia-legislativa-sedia-reuniao-do-parlamento-amazonico-nesta-quinta-feira\/\",\"name\":\"Assembleia Legislativa sedia reuni\u00e3o do Parlamento Amaz\u00f4nico nesta quinta-feira - PORTAL DE NOT\u00cdCIAS CLEITON PINHEIRO\",\"isPartOf\":{\"@id\":\"https:\/\/cleitonpinheiro.com.br\/site\/#website\"},\"primaryImageOfPage\":{\"@id\":\"https:\/\/cleitonpinheiro.com.br\/site\/assembleia-legislativa-sedia-reuniao-do-parlamento-amazonico-nesta-quinta-feira\/#primaryimage\"},\"image\":{\"@id\":\"https:\/\/cleitonpinheiro.com.br\/site\/assembleia-legislativa-sedia-reuniao-do-parlamento-amazonico-nesta-quinta-feira\/#primaryimage\"},\"thumbnailUrl\":\"https:\/\/cleitonpinheiro.com.br\/site\/wp-content\/uploads\/2023\/06\/Design-sem-nome-2023-06-22T082318-compressed.jpg\",\"datePublished\":\"2023-06-22T11:25:19+00:00\",\"dateModified\":\"2023-06-22T11:25:54+00:00\",\"breadcrumb\":{\"@id\":\"https:\/\/cleitonpinheiro.com.br\/site\/assembleia-legislativa-sedia-reuniao-do-parlamento-amazonico-nesta-quinta-feira\/#breadcrumb\"},\"inLanguage\":\"pt-BR\",\"potentialAction\":[{\"@type\":\"ReadAction\",\"target\":[\"https:\/\/cleitonpinheiro.com.br\/site\/assembleia-legislativa-sedia-reuniao-do-parlamento-amazonico-nesta-quinta-feira\/\"]}]},{\"@type\":\"ImageObject\",\"inLanguage\":\"pt-BR\",\"@id\":\"https:\/\/cleitonpinheiro.com.br\/site\/assembleia-legislativa-sedia-reuniao-do-parlamento-amazonico-nesta-quinta-feira\/#primaryimage\",\"url\":\"\",\"contentUrl\":\"\"},{\"@type\":\"BreadcrumbList\",\"@id\":\"https:\/\/cleitonpinheiro.com.br\/site\/assembleia-legislativa-sedia-reuniao-do-parlamento-amazonico-nesta-quinta-feira\/#breadcrumb\",\"itemListElement\":[{\"@type\":\"ListItem\",\"position\":1,\"name\":\"In\u00edcio\",\"item\":\"https:\/\/cleitonpinheiro.com.br\/site\/\"},{\"@type\":\"ListItem\",\"position\":2,\"name\":\"Assembleia Legislativa sedia reuni\u00e3o do Parlamento Amaz\u00f4nico nesta quinta-feira\"}]},{\"@type\":\"WebSite\",\"@id\":\"https:\/\/cleitonpinheiro.com.br\/site\/#website\",\"url\":\"https:\/\/cleitonpinheiro.com.br\/site\/\",\"name\":\"PORTAL DE NOT\u00cdCIAS CLEITON PINHEIRO\",\"description\":\"FALANDO A VERDADE\",\"publisher\":{\"@id\":\"https:\/\/cleitonpinheiro.com.br\/site\/#organization\"},\"potentialAction\":[{\"@type\":\"SearchAction\",\"target\":{\"@type\":\"EntryPoint\",\"urlTemplate\":\"https:\/\/cleitonpinheiro.com.br\/site\/?s={search_term_string}\"},\"query-input\":{\"@type\":\"PropertyValueSpecification\",\"valueRequired\":true,\"valueName\":\"search_term_string\"}}],\"inLanguage\":\"pt-BR\"},{\"@type\":\"Organization\",\"@id\":\"https:\/\/cleitonpinheiro.com.br\/site\/#organization\",\"name\":\"CPNOT\u00cdCIAS\",\"url\":\"https:\/\/cleitonpinheiro.com.br\/site\/\",\"logo\":{\"@type\":\"ImageObject\",\"inLanguage\":\"pt-BR\",\"@id\":\"https:\/\/cleitonpinheiro.com.br\/site\/#\/schema\/logo\/image\/\",\"url\":\"https:\/\/cleitonpinheiro.com.br\/site\/wp-content\/uploads\/2022\/08\/Logo-pequena-2.png\",\"contentUrl\":\"https:\/\/cleitonpinheiro.com.br\/site\/wp-content\/uploads\/2022\/08\/Logo-pequena-2.png\",\"width\":500,\"height\":500,\"caption\":\"CPNOT\u00cdCIAS\"},\"image\":{\"@id\":\"https:\/\/cleitonpinheiro.com.br\/site\/#\/schema\/logo\/image\/\"},\"sameAs\":[\"https:\/\/www.facebook.com\/portalcpnoticias\/\"]},{\"@type\":\"Person\",\"@id\":\"https:\/\/cleitonpinheiro.com.br\/site\/#\/schema\/person\/aac6d7f311e80c43042e98a900b03cd8\",\"name\":\"Dermival Pereira\",\"image\":{\"@type\":\"ImageObject\",\"inLanguage\":\"pt-BR\",\"@id\":\"https:\/\/cleitonpinheiro.com.br\/site\/#\/schema\/person\/image\/\",\"url\":\"https:\/\/secure.gravatar.com\/avatar\/cfaebf3742d6bf8db728bcba3eed6bee37b02337a2e6c822994f20ca72a3784d?s=96&r=g\",\"contentUrl\":\"https:\/\/secure.gravatar.com\/avatar\/cfaebf3742d6bf8db728bcba3eed6bee37b02337a2e6c822994f20ca72a3784d?s=96&r=g\",\"caption\":\"Dermival Pereira\"},\"url\":\"https:\/\/cleitonpinheiro.com.br\/site\/author\/dermival\/\"}]}<\/script>\n<!-- \/ Yoast SEO plugin. -->","yoast_head_json":{"title":"Assembleia Legislativa sedia reuni\u00e3o do Parlamento Amaz\u00f4nico nesta quinta-feira - PORTAL DE NOT\u00cdCIAS CLEITON PINHEIRO","robots":{"index":"index","follow":"follow","max-snippet":"max-snippet:-1","max-image-preview":"max-image-preview:large","max-video-preview":"max-video-preview:-1"},"canonical":"https:\/\/cleitonpinheiro.com.br\/site\/assembleia-legislativa-sedia-reuniao-do-parlamento-amazonico-nesta-quinta-feira\/","og_locale":"pt_BR","og_type":"article","og_title":"Assembleia Legislativa sedia reuni\u00e3o do Parlamento Amaz\u00f4nico nesta quinta-feira - PORTAL DE NOT\u00cdCIAS CLEITON PINHEIRO","og_description":"A Assembleia Legislativa do Tocantins (Aleto) sedia nesta quinta-feira, 22, a 4\u00aa Reuni\u00e3o Ordin\u00e1ria do Parlamento Amaz\u00f4nico. Organizada pelo deputado Nilton Franco (Republicanos), vice-presidente da entidade, o encontro ser\u00e1 \u00e0s 10 horas, no Plen\u00e1rio da Casa, devendo reunir os parlamentares que comp\u00f5em a Regi\u00e3o Norte, al\u00e9m dos de Mato Grosso, que tamb\u00e9m fazem parte do [&hellip;]","og_url":"https:\/\/cleitonpinheiro.com.br\/site\/assembleia-legislativa-sedia-reuniao-do-parlamento-amazonico-nesta-quinta-feira\/","og_site_name":"PORTAL DE NOT\u00cdCIAS CLEITON PINHEIRO","article_publisher":"https:\/\/www.facebook.com\/portalcpnoticias\/","article_published_time":"2023-06-22T11:25:19+00:00","article_modified_time":"2023-06-22T11:25:54+00:00","og_image":[{"width":750,"height":450,"url":"https:\/\/cleitonpinheiro.com.br\/site\/wp-content\/uploads\/2023\/06\/Design-sem-nome-2023-06-22T082318-compressed.jpg","type":"image\/jpeg"}],"author":"Dermival Pereira","twitter_card":"summary_large_image","twitter_misc":{"Escrito por":"Dermival Pereira","Est. tempo de leitura":"2 minutos"},"schema":{"@context":"https:\/\/schema.org","@graph":[{"@type":"Article","@id":"https:\/\/cleitonpinheiro.com.br\/site\/assembleia-legislativa-sedia-reuniao-do-parlamento-amazonico-nesta-quinta-feira\/#article","isPartOf":{"@id":"https:\/\/cleitonpinheiro.com.br\/site\/assembleia-legislativa-sedia-reuniao-do-parlamento-amazonico-nesta-quinta-feira\/"},"author":{"name":"Dermival Pereira","@id":"https:\/\/cleitonpinheiro.com.br\/site\/#\/schema\/person\/aac6d7f311e80c43042e98a900b03cd8"},"headline":"Assembleia Legislativa sedia reuni\u00e3o do Parlamento Amaz\u00f4nico nesta quinta-feira","datePublished":"2023-06-22T11:25:19+00:00","dateModified":"2023-06-22T11:25:54+00:00","mainEntityOfPage":{"@id":"https:\/\/cleitonpinheiro.com.br\/site\/assembleia-legislativa-sedia-reuniao-do-parlamento-amazonico-nesta-quinta-feira\/"},"wordCount":274,"commentCount":0,"publisher":{"@id":"https:\/\/cleitonpinheiro.com.br\/site\/#organization"},"image":{"@id":"https:\/\/cleitonpinheiro.com.br\/site\/assembleia-legislativa-sedia-reuniao-do-parlamento-amazonico-nesta-quinta-feira\/#primaryimage"},"thumbnailUrl":"https:\/\/cleitonpinheiro.com.br\/site\/wp-content\/uploads\/2023\/06\/Design-sem-nome-2023-06-22T082318-compressed.jpg","articleSection":["ESTADO","MANCHETE SEGUND\u00c1RIA"],"inLanguage":"pt-BR","potentialAction":[{"@type":"CommentAction","name":"Comment","target":["https:\/\/cleitonpinheiro.com.br\/site\/assembleia-legislativa-sedia-reuniao-do-parlamento-amazonico-nesta-quinta-feira\/#respond"]}]},{"@type":"WebPage","@id":"https:\/\/cleitonpinheiro.com.br\/site\/assembleia-legislativa-sedia-reuniao-do-parlamento-amazonico-nesta-quinta-feira\/","url":"https:\/\/cleitonpinheiro.com.br\/site\/assembleia-legislativa-sedia-reuniao-do-parlamento-amazonico-nesta-quinta-feira\/","name":"Assembleia Legislativa sedia reuni\u00e3o do Parlamento Amaz\u00f4nico nesta quinta-feira - PORTAL DE NOT\u00cdCIAS CLEITON PINHEIRO","isPartOf":{"@id":"https:\/\/cleitonpinheiro.com.br\/site\/#website"},"primaryImageOfPage":{"@id":"https:\/\/cleitonpinheiro.com.br\/site\/assembleia-legislativa-sedia-reuniao-do-parlamento-amazonico-nesta-quinta-feira\/#primaryimage"},"image":{"@id":"https:\/\/cleitonpinheiro.com.br\/site\/assembleia-legislativa-sedia-reuniao-do-parlamento-amazonico-nesta-quinta-feira\/#primaryimage"},"thumbnailUrl":"https:\/\/cleitonpinheiro.com.br\/site\/wp-content\/uploads\/2023\/06\/Design-sem-nome-2023-06-22T082318-compressed.jpg","datePublished":"2023-06-22T11:25:19+00:00","dateModified":"2023-06-22T11:25:54+00:00","breadcrumb":{"@id":"https:\/\/cleitonpinheiro.com.br\/site\/assembleia-legislativa-sedia-reuniao-do-parlamento-amazonico-nesta-quinta-feira\/#breadcrumb"},"inLanguage":"pt-BR","potentialAction":[{"@type":"ReadAction","target":["https:\/\/cleitonpinheiro.com.br\/site\/assembleia-legislativa-sedia-reuniao-do-parlamento-amazonico-nesta-quinta-feira\/"]}]},{"@type":"ImageObject","inLanguage":"pt-BR","@id":"https:\/\/cleitonpinheiro.com.br\/site\/assembleia-legislativa-sedia-reuniao-do-parlamento-amazonico-nesta-quinta-feira\/#primaryimage","url":"","contentUrl":""},{"@type":"BreadcrumbList","@id":"https:\/\/cleitonpinheiro.com.br\/site\/assembleia-legislativa-sedia-reuniao-do-parlamento-amazonico-nesta-quinta-feira\/#breadcrumb","itemListElement":[{"@type":"ListItem","position":1,"name":"In\u00edcio","item":"https:\/\/cleitonpinheiro.com.br\/site\/"},{"@type":"ListItem","position":2,"name":"Assembleia Legislativa sedia reuni\u00e3o do Parlamento Amaz\u00f4nico nesta quinta-feira"}]},{"@type":"WebSite","@id":"https:\/\/cleitonpinheiro.com.br\/site\/#website","url":"https:\/\/cleitonpinheiro.com.br\/site\/","name":"PORTAL DE NOT\u00cdCIAS CLEITON PINHEIRO","description":"FALANDO A VERDADE","publisher":{"@id":"https:\/\/cleitonpinheiro.com.br\/site\/#organization"},"potentialAction":[{"@type":"SearchAction","target":{"@type":"EntryPoint","urlTemplate":"https:\/\/cleitonpinheiro.com.br\/site\/?s={search_term_string}"},"query-input":{"@type":"PropertyValueSpecification","valueRequired":true,"valueName":"search_term_string"}}],"inLanguage":"pt-BR"},{"@type":"Organization","@id":"https:\/\/cleitonpinheiro.com.br\/site\/#organization","name":"CPNOT\u00cdCIAS","url":"https:\/\/cleitonpinheiro.com.br\/site\/","logo":{"@type":"ImageObject","inLanguage":"pt-BR","@id":"https:\/\/cleitonpinheiro.com.br\/site\/#\/schema\/logo\/image\/","url":"https:\/\/cleitonpinheiro.com.br\/site\/wp-content\/uploads\/2022\/08\/Logo-pequena-2.png","contentUrl":"https:\/\/cleitonpinheiro.com.br\/site\/wp-content\/uploads\/2022\/08\/Logo-pequena-2.png","width":500,"height":500,"caption":"CPNOT\u00cdCIAS"},"image":{"@id":"https:\/\/cleitonpinheiro.com.br\/site\/#\/schema\/logo\/image\/"},"sameAs":["https:\/\/www.facebook.com\/portalcpnoticias\/"]},{"@type":"Person","@id":"https:\/\/cleitonpinheiro.com.br\/site\/#\/schema\/person\/aac6d7f311e80c43042e98a900b03cd8","name":"Dermival Pereira","image":{"@type":"ImageObject","inLanguage":"pt-BR","@id":"https:\/\/cleitonpinheiro.com.br\/site\/#\/schema\/person\/image\/","url":"https:\/\/secure.gravatar.com\/avatar\/cfaebf3742d6bf8db728bcba3eed6bee37b02337a2e6c822994f20ca72a3784d?s=96&r=g","contentUrl":"https:\/\/secure.gravatar.com\/avatar\/cfaebf3742d6bf8db728bcba3eed6bee37b02337a2e6c822994f20ca72a3784d?s=96&r=g","caption":"Dermival Pereira"},"url":"https:\/\/cleitonpinheiro.com.br\/site\/author\/dermival\/"}]}},"views":258,"_links":{"self":[{"href":"https:\/\/cleitonpinheiro.com.br\/site\/wp-json\/wp\/v2\/posts\/72343","targetHints":{"allow":["GET"]}}],"collection":[{"href":"https:\/\/cleitonpinheiro.com.br\/site\/wp-json\/wp\/v2\/posts"}],"about":[{"href":"https:\/\/cleitonpinheiro.com.br\/site\/wp-json\/wp\/v2\/types\/post"}],"author":[{"embeddable":true,"href":"https:\/\/cleitonpinheiro.com.br\/site\/wp-json\/wp\/v2\/users\/4"}],"replies":[{"embeddable":true,"href":"https:\/\/cleitonpinheiro.com.br\/site\/wp-json\/wp\/v2\/comments?post=72343"}],"version-history":[{"count":1,"href":"https:\/\/cleitonpinheiro.com.br\/site\/wp-json\/wp\/v2\/posts\/72343\/revisions"}],"predecessor-version":[{"id":72345,"href":"https:\/\/cleitonpinheiro.com.br\/site\/wp-json\/wp\/v2\/posts\/72343\/revisions\/72345"}],"wp:attachment":[{"href":"https:\/\/cleitonpinheiro.com.br\/site\/wp-json\/wp\/v2\/media?parent=72343"}],"wp:term":[{"taxonomy":"category","embeddable":true,"href":"https:\/\/cleitonpinheiro.com.br\/site\/wp-json\/wp\/v2\/categories?post=72343"},{"taxonomy":"post_tag","embeddable":true,"href":"https:\/\/cleitonpinheiro.com.br\/site\/wp-json\/wp\/v2\/tags?post=72343"}],"curies":[{"name":"wp","href":"https:\/\/api.w.org\/{rel}","templated":true}]}}