{"id":72346,"date":"2023-06-22T09:34:48","date_gmt":"2023-06-22T12:34:48","guid":{"rendered":"https:\/\/cleitonpinheiro.com.br\/site\/?p=72346"},"modified":"2023-06-22T09:39:01","modified_gmt":"2023-06-22T12:39:01","slug":"pf-faz-operacao-contra-organizacao-criminosa-suspeita-de-extracao-e-comercializacao-ilegais-de-ouro-de-reservas-indigenas-do-tocantins","status":"publish","type":"post","link":"https:\/\/cleitonpinheiro.com.br\/site\/pf-faz-operacao-contra-organizacao-criminosa-suspeita-de-extracao-e-comercializacao-ilegais-de-ouro-de-reservas-indigenas-do-tocantins\/","title":{"rendered":"PF faz opera\u00e7\u00e3o contra organiza\u00e7\u00e3o criminosa suspeita de extra\u00e7\u00e3o e comercializa\u00e7\u00e3o ilegais de ouro de reservas ind\u00edgenas"},"content":{"rendered":"\n<figure class=\"wp-block-image size-full is-resized\"><img fetchpriority=\"high\" decoding=\"async\" src=\"https:\/\/cleitonpinheiro.com.br\/site\/wp-content\/uploads\/2022\/03\/PFEditadooo-3.jpg\" alt=\"\" class=\"wp-image-61462\" width=\"1021\" height=\"613\"\/><\/figure>\n\n\n\n<p>A Pol\u00edcia Federal deflagrou nesta quinta-feira, 22, a \u201cOpera\u00e7\u00e3o Bullion\u201d, dando in\u00edcio \u00e0 etapa ostensiva da fase de investiga\u00e7\u00e3o criminal que tem por objetivos esclarecer sobre a exist\u00eancia e a atua\u00e7\u00e3o de organiza\u00e7\u00e3o criminosa dedicada \u00e0 extra\u00e7\u00e3o, comercializa\u00e7\u00e3o e exporta\u00e7\u00e3o ilegais de ouro extra\u00eddo de reservas ind\u00edgenas e unidades de conserva\u00e7\u00e3o federal, bem como \u00e0 lavagem do dinheiro, bens e ativos de origem il\u00edcita.<\/p>\n\n\n\n<p>O Inqu\u00e9rito Policial a que se refere a \u201cOpera\u00e7\u00e3o Bullion\u201d \u00e9 um desdobramento da Opera\u00e7\u00e3o Kukuanaland, deflagrada em fevereiro deste ano. Nesta etapa, dezessete mandados de busca e apreens\u00e3o, expedidos pela Vara \u00danica Justi\u00e7a Federal &#8211; Subse\u00e7\u00e3o Judici\u00e1ria de Gurupi\/TO, s\u00e3o cumpridos por equipes policiais federais em Goi\u00e2nia\/GO, S\u00e3o Paulo\/SP e em cinco munic\u00edpios do Par\u00e1.<\/p>\n\n\n\n<p>No dia de hoje, o Instituto Brasileiro do Meio Ambiente e dos Recursos Naturais Renov\u00e1veis- IBAMA realizou fiscaliza\u00e7\u00e3o ambiental de forma coordenada com o trabalho de investiga\u00e7\u00e3o criminal da PF.<br>Durante o Inqu\u00e9rito Policial a Pol\u00edcia Federal identificou a poss\u00edvel exist\u00eancia de grupo criminoso, cujo modo de agir passa pelas seguintes atividades ilegais: extra\u00e7\u00e3o do min\u00e9rio de \u00e1reas proibidas, falsidade ideol\u00f3gica, lavagem de dinheiro e subsequentes transporte, comercializa\u00e7\u00e3o e exporta\u00e7\u00e3o do ouro ilegal.<br>A pol\u00edcia investiga a hip\u00f3tese de que o ouro extra\u00eddo ilegalmente de reservas ind\u00edgenas e unidades de conserva\u00e7\u00e3o federal vinha sendo \u201cesquentado\u201d, mediante documentos ideologicamente falsos, nos quais o grupo declarava origem diversa da real, como se o metal tivesse sido extra\u00eddo de \u00e1rea autorizada.<\/p>\n\n\n\n<p>O ouro extra\u00eddo ilegalmente no Par\u00e1, em grandes garimpos do grupo criminoso na divisa com \u00e0 Terra Ind\u00edgena Kayap\u00f3, em Bannach\/PA, vinha sendo exportado para empresas dos EUA, Emirados \u00c1rabes e It\u00e1lia. A partir das medidas judiciais executadas na data de hoje, a PF pretende identificar os principais colaboradores e integrantes da organiza\u00e7\u00e3o criminosa, recuperar ativos financeiros para a Uni\u00e3o e estancar atua\u00e7\u00e3o do grupo.<\/p>\n\n\n\n<p>Entre os principais suspeitos e indiciados, a PF identificou garimpeiros ilegais, compradores de ouro, \u201claranjas\u201d, e indiv\u00edduos que assumiram empresas do grupo criminoso ou receberam recursos milion\u00e1rios, al\u00e9m de outros que de alguma forma participaram de crimes no interesse do grupo. <\/p>\n\n\n\n<p>Os indiciados poder\u00e3o responder, na medida de suas responsabilidades, por crimes contra a ordem econ\u00f4mica \u2013 usurpa\u00e7\u00e3o; pesquisa\/lavra\/extra\u00e7\u00e3o de recursos minerais sem autoriza\u00e7\u00e3o\/permiss\u00e3o\/concess\u00e3o ou licen\u00e7a; lavagem de bens, dinheiro e ativos; falsidade ideol\u00f3gica e pertencimento a organiza\u00e7\u00e3o criminosa, cujas penas somadas, podem chegar a vinte e nove anos de reclus\u00e3o.<\/p>\n\n\n\n<p>\u201cBullion\u201d \u00e9 o nome que se d\u00e1 a barras de ouro puro de 1 Kg, e foi escolhido para identificar<br>esta Opera\u00e7\u00e3o Policial como alus\u00e3o ao metal ilegalmente apropriado pela organiza\u00e7\u00e3o<br>criminosa. <em>(Fonte: Pol\u00edcia Federal).<\/em><\/p>\n","protected":false},"excerpt":{"rendered":"<p>A Pol\u00edcia Federal deflagrou nesta quinta-feira, 22, a \u201cOpera\u00e7\u00e3o Bullion\u201d, dando in\u00edcio \u00e0 etapa ostensiva da fase de investiga\u00e7\u00e3o criminal que tem por objetivos esclarecer sobre a exist\u00eancia e a atua\u00e7\u00e3o de organiza\u00e7\u00e3o criminosa dedicada \u00e0 extra\u00e7\u00e3o, comercializa\u00e7\u00e3o e exporta\u00e7\u00e3o ilegais de ouro extra\u00eddo de reservas ind\u00edgenas e unidades de conserva\u00e7\u00e3o federal, bem como \u00e0 [&hellip;]<\/p>\n","protected":false},"author":4,"featured_media":0,"comment_status":"open","ping_status":"open","sticky":false,"template":"","format":"standard","meta":{"_acf_changed":false,"footnotes":""},"categories":[19,898],"tags":[],"class_list":["post-72346","post","type-post","status-publish","format-standard","hentry","category-brasil-mundo","category-manchete-segundaria"],"acf":[],"yoast_head":"<!-- This site is optimized with the Yoast SEO plugin v24.4 - https:\/\/yoast.com\/wordpress\/plugins\/seo\/ -->\n<title>PF faz opera\u00e7\u00e3o contra organiza\u00e7\u00e3o criminosa suspeita de extra\u00e7\u00e3o e comercializa\u00e7\u00e3o ilegais de ouro de reservas ind\u00edgenas - PORTAL DE NOT\u00cdCIAS CLEITON PINHEIRO<\/title>\n<meta name=\"robots\" content=\"index, follow, max-snippet:-1, max-image-preview:large, max-video-preview:-1\" \/>\n<link rel=\"canonical\" href=\"https:\/\/cleitonpinheiro.com.br\/site\/pf-faz-operacao-contra-organizacao-criminosa-suspeita-de-extracao-e-comercializacao-ilegais-de-ouro-de-reservas-indigenas-do-tocantins\/\" \/>\n<meta property=\"og:locale\" content=\"pt_BR\" \/>\n<meta property=\"og:type\" content=\"article\" \/>\n<meta property=\"og:title\" content=\"PF faz opera\u00e7\u00e3o contra organiza\u00e7\u00e3o criminosa suspeita de extra\u00e7\u00e3o e comercializa\u00e7\u00e3o ilegais de ouro de reservas ind\u00edgenas - PORTAL DE NOT\u00cdCIAS CLEITON PINHEIRO\" \/>\n<meta property=\"og:description\" content=\"A Pol\u00edcia Federal deflagrou nesta quinta-feira, 22, a \u201cOpera\u00e7\u00e3o Bullion\u201d, dando in\u00edcio \u00e0 etapa ostensiva da fase de investiga\u00e7\u00e3o criminal que tem por objetivos esclarecer sobre a exist\u00eancia e a atua\u00e7\u00e3o de organiza\u00e7\u00e3o criminosa dedicada \u00e0 extra\u00e7\u00e3o, comercializa\u00e7\u00e3o e exporta\u00e7\u00e3o ilegais de ouro extra\u00eddo de reservas ind\u00edgenas e unidades de conserva\u00e7\u00e3o federal, bem como \u00e0 [&hellip;]\" \/>\n<meta property=\"og:url\" content=\"https:\/\/cleitonpinheiro.com.br\/site\/pf-faz-operacao-contra-organizacao-criminosa-suspeita-de-extracao-e-comercializacao-ilegais-de-ouro-de-reservas-indigenas-do-tocantins\/\" \/>\n<meta property=\"og:site_name\" content=\"PORTAL DE NOT\u00cdCIAS CLEITON PINHEIRO\" \/>\n<meta property=\"article:publisher\" content=\"https:\/\/www.facebook.com\/portalcpnoticias\/\" \/>\n<meta property=\"article:published_time\" content=\"2023-06-22T12:34:48+00:00\" \/>\n<meta property=\"article:modified_time\" content=\"2023-06-22T12:39:01+00:00\" \/>\n<meta property=\"og:image\" content=\"https:\/\/cleitonpinheiro.com.br\/site\/wp-content\/uploads\/2022\/03\/PFEditadooo-3.jpg\" \/>\n\t<meta property=\"og:image:width\" content=\"750\" \/>\n\t<meta property=\"og:image:height\" content=\"450\" \/>\n\t<meta property=\"og:image:type\" content=\"image\/jpeg\" \/>\n<meta name=\"author\" content=\"Dermival Pereira\" \/>\n<meta name=\"twitter:card\" content=\"summary_large_image\" \/>\n<meta name=\"twitter:label1\" content=\"Escrito por\" \/>\n\t<meta name=\"twitter:data1\" content=\"Dermival Pereira\" \/>\n\t<meta name=\"twitter:label2\" content=\"Est. tempo de leitura\" \/>\n\t<meta name=\"twitter:data2\" content=\"3 minutos\" \/>\n<script type=\"application\/ld+json\" class=\"yoast-schema-graph\">{\"@context\":\"https:\/\/schema.org\",\"@graph\":[{\"@type\":\"Article\",\"@id\":\"https:\/\/cleitonpinheiro.com.br\/site\/pf-faz-operacao-contra-organizacao-criminosa-suspeita-de-extracao-e-comercializacao-ilegais-de-ouro-de-reservas-indigenas-do-tocantins\/#article\",\"isPartOf\":{\"@id\":\"https:\/\/cleitonpinheiro.com.br\/site\/pf-faz-operacao-contra-organizacao-criminosa-suspeita-de-extracao-e-comercializacao-ilegais-de-ouro-de-reservas-indigenas-do-tocantins\/\"},\"author\":{\"name\":\"Dermival Pereira\",\"@id\":\"https:\/\/cleitonpinheiro.com.br\/site\/#\/schema\/person\/aac6d7f311e80c43042e98a900b03cd8\"},\"headline\":\"PF faz opera\u00e7\u00e3o contra organiza\u00e7\u00e3o criminosa suspeita de extra\u00e7\u00e3o e comercializa\u00e7\u00e3o ilegais de ouro de reservas ind\u00edgenas\",\"datePublished\":\"2023-06-22T12:34:48+00:00\",\"dateModified\":\"2023-06-22T12:39:01+00:00\",\"mainEntityOfPage\":{\"@id\":\"https:\/\/cleitonpinheiro.com.br\/site\/pf-faz-operacao-contra-organizacao-criminosa-suspeita-de-extracao-e-comercializacao-ilegais-de-ouro-de-reservas-indigenas-do-tocantins\/\"},\"wordCount\":515,\"commentCount\":0,\"publisher\":{\"@id\":\"https:\/\/cleitonpinheiro.com.br\/site\/#organization\"},\"image\":{\"@id\":\"https:\/\/cleitonpinheiro.com.br\/site\/pf-faz-operacao-contra-organizacao-criminosa-suspeita-de-extracao-e-comercializacao-ilegais-de-ouro-de-reservas-indigenas-do-tocantins\/#primaryimage\"},\"thumbnailUrl\":\"https:\/\/cleitonpinheiro.com.br\/site\/wp-content\/uploads\/2022\/03\/PFEditadooo-3.jpg\",\"articleSection\":[\"BRASIL \/ MUNDO\",\"MANCHETE SEGUND\u00c1RIA\"],\"inLanguage\":\"pt-BR\",\"potentialAction\":[{\"@type\":\"CommentAction\",\"name\":\"Comment\",\"target\":[\"https:\/\/cleitonpinheiro.com.br\/site\/pf-faz-operacao-contra-organizacao-criminosa-suspeita-de-extracao-e-comercializacao-ilegais-de-ouro-de-reservas-indigenas-do-tocantins\/#respond\"]}]},{\"@type\":\"WebPage\",\"@id\":\"https:\/\/cleitonpinheiro.com.br\/site\/pf-faz-operacao-contra-organizacao-criminosa-suspeita-de-extracao-e-comercializacao-ilegais-de-ouro-de-reservas-indigenas-do-tocantins\/\",\"url\":\"https:\/\/cleitonpinheiro.com.br\/site\/pf-faz-operacao-contra-organizacao-criminosa-suspeita-de-extracao-e-comercializacao-ilegais-de-ouro-de-reservas-indigenas-do-tocantins\/\",\"name\":\"PF faz opera\u00e7\u00e3o contra organiza\u00e7\u00e3o criminosa suspeita de extra\u00e7\u00e3o e comercializa\u00e7\u00e3o ilegais de ouro de reservas ind\u00edgenas - PORTAL DE NOT\u00cdCIAS CLEITON PINHEIRO\",\"isPartOf\":{\"@id\":\"https:\/\/cleitonpinheiro.com.br\/site\/#website\"},\"primaryImageOfPage\":{\"@id\":\"https:\/\/cleitonpinheiro.com.br\/site\/pf-faz-operacao-contra-organizacao-criminosa-suspeita-de-extracao-e-comercializacao-ilegais-de-ouro-de-reservas-indigenas-do-tocantins\/#primaryimage\"},\"image\":{\"@id\":\"https:\/\/cleitonpinheiro.com.br\/site\/pf-faz-operacao-contra-organizacao-criminosa-suspeita-de-extracao-e-comercializacao-ilegais-de-ouro-de-reservas-indigenas-do-tocantins\/#primaryimage\"},\"thumbnailUrl\":\"https:\/\/cleitonpinheiro.com.br\/site\/wp-content\/uploads\/2022\/03\/PFEditadooo-3.jpg\",\"datePublished\":\"2023-06-22T12:34:48+00:00\",\"dateModified\":\"2023-06-22T12:39:01+00:00\",\"breadcrumb\":{\"@id\":\"https:\/\/cleitonpinheiro.com.br\/site\/pf-faz-operacao-contra-organizacao-criminosa-suspeita-de-extracao-e-comercializacao-ilegais-de-ouro-de-reservas-indigenas-do-tocantins\/#breadcrumb\"},\"inLanguage\":\"pt-BR\",\"potentialAction\":[{\"@type\":\"ReadAction\",\"target\":[\"https:\/\/cleitonpinheiro.com.br\/site\/pf-faz-operacao-contra-organizacao-criminosa-suspeita-de-extracao-e-comercializacao-ilegais-de-ouro-de-reservas-indigenas-do-tocantins\/\"]}]},{\"@type\":\"ImageObject\",\"inLanguage\":\"pt-BR\",\"@id\":\"https:\/\/cleitonpinheiro.com.br\/site\/pf-faz-operacao-contra-organizacao-criminosa-suspeita-de-extracao-e-comercializacao-ilegais-de-ouro-de-reservas-indigenas-do-tocantins\/#primaryimage\",\"url\":\"\",\"contentUrl\":\"\"},{\"@type\":\"BreadcrumbList\",\"@id\":\"https:\/\/cleitonpinheiro.com.br\/site\/pf-faz-operacao-contra-organizacao-criminosa-suspeita-de-extracao-e-comercializacao-ilegais-de-ouro-de-reservas-indigenas-do-tocantins\/#breadcrumb\",\"itemListElement\":[{\"@type\":\"ListItem\",\"position\":1,\"name\":\"In\u00edcio\",\"item\":\"https:\/\/cleitonpinheiro.com.br\/site\/\"},{\"@type\":\"ListItem\",\"position\":2,\"name\":\"PF faz opera\u00e7\u00e3o contra organiza\u00e7\u00e3o criminosa suspeita de extra\u00e7\u00e3o e comercializa\u00e7\u00e3o ilegais de ouro de reservas ind\u00edgenas\"}]},{\"@type\":\"WebSite\",\"@id\":\"https:\/\/cleitonpinheiro.com.br\/site\/#website\",\"url\":\"https:\/\/cleitonpinheiro.com.br\/site\/\",\"name\":\"PORTAL DE NOT\u00cdCIAS CLEITON PINHEIRO\",\"description\":\"FALANDO A VERDADE\",\"publisher\":{\"@id\":\"https:\/\/cleitonpinheiro.com.br\/site\/#organization\"},\"potentialAction\":[{\"@type\":\"SearchAction\",\"target\":{\"@type\":\"EntryPoint\",\"urlTemplate\":\"https:\/\/cleitonpinheiro.com.br\/site\/?s={search_term_string}\"},\"query-input\":{\"@type\":\"PropertyValueSpecification\",\"valueRequired\":true,\"valueName\":\"search_term_string\"}}],\"inLanguage\":\"pt-BR\"},{\"@type\":\"Organization\",\"@id\":\"https:\/\/cleitonpinheiro.com.br\/site\/#organization\",\"name\":\"CPNOT\u00cdCIAS\",\"url\":\"https:\/\/cleitonpinheiro.com.br\/site\/\",\"logo\":{\"@type\":\"ImageObject\",\"inLanguage\":\"pt-BR\",\"@id\":\"https:\/\/cleitonpinheiro.com.br\/site\/#\/schema\/logo\/image\/\",\"url\":\"https:\/\/cleitonpinheiro.com.br\/site\/wp-content\/uploads\/2022\/08\/Logo-pequena-2.png\",\"contentUrl\":\"https:\/\/cleitonpinheiro.com.br\/site\/wp-content\/uploads\/2022\/08\/Logo-pequena-2.png\",\"width\":500,\"height\":500,\"caption\":\"CPNOT\u00cdCIAS\"},\"image\":{\"@id\":\"https:\/\/cleitonpinheiro.com.br\/site\/#\/schema\/logo\/image\/\"},\"sameAs\":[\"https:\/\/www.facebook.com\/portalcpnoticias\/\"]},{\"@type\":\"Person\",\"@id\":\"https:\/\/cleitonpinheiro.com.br\/site\/#\/schema\/person\/aac6d7f311e80c43042e98a900b03cd8\",\"name\":\"Dermival Pereira\",\"image\":{\"@type\":\"ImageObject\",\"inLanguage\":\"pt-BR\",\"@id\":\"https:\/\/cleitonpinheiro.com.br\/site\/#\/schema\/person\/image\/\",\"url\":\"https:\/\/secure.gravatar.com\/avatar\/cfaebf3742d6bf8db728bcba3eed6bee37b02337a2e6c822994f20ca72a3784d?s=96&r=g\",\"contentUrl\":\"https:\/\/secure.gravatar.com\/avatar\/cfaebf3742d6bf8db728bcba3eed6bee37b02337a2e6c822994f20ca72a3784d?s=96&r=g\",\"caption\":\"Dermival Pereira\"},\"url\":\"https:\/\/cleitonpinheiro.com.br\/site\/author\/dermival\/\"}]}<\/script>\n<!-- \/ Yoast SEO plugin. -->","yoast_head_json":{"title":"PF faz opera\u00e7\u00e3o contra organiza\u00e7\u00e3o criminosa suspeita de extra\u00e7\u00e3o e comercializa\u00e7\u00e3o ilegais de ouro de reservas ind\u00edgenas - PORTAL DE NOT\u00cdCIAS CLEITON PINHEIRO","robots":{"index":"index","follow":"follow","max-snippet":"max-snippet:-1","max-image-preview":"max-image-preview:large","max-video-preview":"max-video-preview:-1"},"canonical":"https:\/\/cleitonpinheiro.com.br\/site\/pf-faz-operacao-contra-organizacao-criminosa-suspeita-de-extracao-e-comercializacao-ilegais-de-ouro-de-reservas-indigenas-do-tocantins\/","og_locale":"pt_BR","og_type":"article","og_title":"PF faz opera\u00e7\u00e3o contra organiza\u00e7\u00e3o criminosa suspeita de extra\u00e7\u00e3o e comercializa\u00e7\u00e3o ilegais de ouro de reservas ind\u00edgenas - PORTAL DE NOT\u00cdCIAS CLEITON PINHEIRO","og_description":"A Pol\u00edcia Federal deflagrou nesta quinta-feira, 22, a \u201cOpera\u00e7\u00e3o Bullion\u201d, dando in\u00edcio \u00e0 etapa ostensiva da fase de investiga\u00e7\u00e3o criminal que tem por objetivos esclarecer sobre a exist\u00eancia e a atua\u00e7\u00e3o de organiza\u00e7\u00e3o criminosa dedicada \u00e0 extra\u00e7\u00e3o, comercializa\u00e7\u00e3o e exporta\u00e7\u00e3o ilegais de ouro extra\u00eddo de reservas ind\u00edgenas e unidades de conserva\u00e7\u00e3o federal, bem como \u00e0 [&hellip;]","og_url":"https:\/\/cleitonpinheiro.com.br\/site\/pf-faz-operacao-contra-organizacao-criminosa-suspeita-de-extracao-e-comercializacao-ilegais-de-ouro-de-reservas-indigenas-do-tocantins\/","og_site_name":"PORTAL DE NOT\u00cdCIAS CLEITON PINHEIRO","article_publisher":"https:\/\/www.facebook.com\/portalcpnoticias\/","article_published_time":"2023-06-22T12:34:48+00:00","article_modified_time":"2023-06-22T12:39:01+00:00","og_image":[{"width":750,"height":450,"url":"https:\/\/cleitonpinheiro.com.br\/site\/wp-content\/uploads\/2022\/03\/PFEditadooo-3.jpg","type":"image\/jpeg"}],"author":"Dermival Pereira","twitter_card":"summary_large_image","twitter_misc":{"Escrito por":"Dermival Pereira","Est. tempo de leitura":"3 minutos"},"schema":{"@context":"https:\/\/schema.org","@graph":[{"@type":"Article","@id":"https:\/\/cleitonpinheiro.com.br\/site\/pf-faz-operacao-contra-organizacao-criminosa-suspeita-de-extracao-e-comercializacao-ilegais-de-ouro-de-reservas-indigenas-do-tocantins\/#article","isPartOf":{"@id":"https:\/\/cleitonpinheiro.com.br\/site\/pf-faz-operacao-contra-organizacao-criminosa-suspeita-de-extracao-e-comercializacao-ilegais-de-ouro-de-reservas-indigenas-do-tocantins\/"},"author":{"name":"Dermival Pereira","@id":"https:\/\/cleitonpinheiro.com.br\/site\/#\/schema\/person\/aac6d7f311e80c43042e98a900b03cd8"},"headline":"PF faz opera\u00e7\u00e3o contra organiza\u00e7\u00e3o criminosa suspeita de extra\u00e7\u00e3o e comercializa\u00e7\u00e3o ilegais de ouro de reservas ind\u00edgenas","datePublished":"2023-06-22T12:34:48+00:00","dateModified":"2023-06-22T12:39:01+00:00","mainEntityOfPage":{"@id":"https:\/\/cleitonpinheiro.com.br\/site\/pf-faz-operacao-contra-organizacao-criminosa-suspeita-de-extracao-e-comercializacao-ilegais-de-ouro-de-reservas-indigenas-do-tocantins\/"},"wordCount":515,"commentCount":0,"publisher":{"@id":"https:\/\/cleitonpinheiro.com.br\/site\/#organization"},"image":{"@id":"https:\/\/cleitonpinheiro.com.br\/site\/pf-faz-operacao-contra-organizacao-criminosa-suspeita-de-extracao-e-comercializacao-ilegais-de-ouro-de-reservas-indigenas-do-tocantins\/#primaryimage"},"thumbnailUrl":"https:\/\/cleitonpinheiro.com.br\/site\/wp-content\/uploads\/2022\/03\/PFEditadooo-3.jpg","articleSection":["BRASIL \/ MUNDO","MANCHETE SEGUND\u00c1RIA"],"inLanguage":"pt-BR","potentialAction":[{"@type":"CommentAction","name":"Comment","target":["https:\/\/cleitonpinheiro.com.br\/site\/pf-faz-operacao-contra-organizacao-criminosa-suspeita-de-extracao-e-comercializacao-ilegais-de-ouro-de-reservas-indigenas-do-tocantins\/#respond"]}]},{"@type":"WebPage","@id":"https:\/\/cleitonpinheiro.com.br\/site\/pf-faz-operacao-contra-organizacao-criminosa-suspeita-de-extracao-e-comercializacao-ilegais-de-ouro-de-reservas-indigenas-do-tocantins\/","url":"https:\/\/cleitonpinheiro.com.br\/site\/pf-faz-operacao-contra-organizacao-criminosa-suspeita-de-extracao-e-comercializacao-ilegais-de-ouro-de-reservas-indigenas-do-tocantins\/","name":"PF faz opera\u00e7\u00e3o contra organiza\u00e7\u00e3o criminosa suspeita de extra\u00e7\u00e3o e comercializa\u00e7\u00e3o ilegais de ouro de reservas ind\u00edgenas - PORTAL DE NOT\u00cdCIAS CLEITON PINHEIRO","isPartOf":{"@id":"https:\/\/cleitonpinheiro.com.br\/site\/#website"},"primaryImageOfPage":{"@id":"https:\/\/cleitonpinheiro.com.br\/site\/pf-faz-operacao-contra-organizacao-criminosa-suspeita-de-extracao-e-comercializacao-ilegais-de-ouro-de-reservas-indigenas-do-tocantins\/#primaryimage"},"image":{"@id":"https:\/\/cleitonpinheiro.com.br\/site\/pf-faz-operacao-contra-organizacao-criminosa-suspeita-de-extracao-e-comercializacao-ilegais-de-ouro-de-reservas-indigenas-do-tocantins\/#primaryimage"},"thumbnailUrl":"https:\/\/cleitonpinheiro.com.br\/site\/wp-content\/uploads\/2022\/03\/PFEditadooo-3.jpg","datePublished":"2023-06-22T12:34:48+00:00","dateModified":"2023-06-22T12:39:01+00:00","breadcrumb":{"@id":"https:\/\/cleitonpinheiro.com.br\/site\/pf-faz-operacao-contra-organizacao-criminosa-suspeita-de-extracao-e-comercializacao-ilegais-de-ouro-de-reservas-indigenas-do-tocantins\/#breadcrumb"},"inLanguage":"pt-BR","potentialAction":[{"@type":"ReadAction","target":["https:\/\/cleitonpinheiro.com.br\/site\/pf-faz-operacao-contra-organizacao-criminosa-suspeita-de-extracao-e-comercializacao-ilegais-de-ouro-de-reservas-indigenas-do-tocantins\/"]}]},{"@type":"ImageObject","inLanguage":"pt-BR","@id":"https:\/\/cleitonpinheiro.com.br\/site\/pf-faz-operacao-contra-organizacao-criminosa-suspeita-de-extracao-e-comercializacao-ilegais-de-ouro-de-reservas-indigenas-do-tocantins\/#primaryimage","url":"","contentUrl":""},{"@type":"BreadcrumbList","@id":"https:\/\/cleitonpinheiro.com.br\/site\/pf-faz-operacao-contra-organizacao-criminosa-suspeita-de-extracao-e-comercializacao-ilegais-de-ouro-de-reservas-indigenas-do-tocantins\/#breadcrumb","itemListElement":[{"@type":"ListItem","position":1,"name":"In\u00edcio","item":"https:\/\/cleitonpinheiro.com.br\/site\/"},{"@type":"ListItem","position":2,"name":"PF faz opera\u00e7\u00e3o contra organiza\u00e7\u00e3o criminosa suspeita de extra\u00e7\u00e3o e comercializa\u00e7\u00e3o ilegais de ouro de reservas ind\u00edgenas"}]},{"@type":"WebSite","@id":"https:\/\/cleitonpinheiro.com.br\/site\/#website","url":"https:\/\/cleitonpinheiro.com.br\/site\/","name":"PORTAL DE NOT\u00cdCIAS CLEITON PINHEIRO","description":"FALANDO A VERDADE","publisher":{"@id":"https:\/\/cleitonpinheiro.com.br\/site\/#organization"},"potentialAction":[{"@type":"SearchAction","target":{"@type":"EntryPoint","urlTemplate":"https:\/\/cleitonpinheiro.com.br\/site\/?s={search_term_string}"},"query-input":{"@type":"PropertyValueSpecification","valueRequired":true,"valueName":"search_term_string"}}],"inLanguage":"pt-BR"},{"@type":"Organization","@id":"https:\/\/cleitonpinheiro.com.br\/site\/#organization","name":"CPNOT\u00cdCIAS","url":"https:\/\/cleitonpinheiro.com.br\/site\/","logo":{"@type":"ImageObject","inLanguage":"pt-BR","@id":"https:\/\/cleitonpinheiro.com.br\/site\/#\/schema\/logo\/image\/","url":"https:\/\/cleitonpinheiro.com.br\/site\/wp-content\/uploads\/2022\/08\/Logo-pequena-2.png","contentUrl":"https:\/\/cleitonpinheiro.com.br\/site\/wp-content\/uploads\/2022\/08\/Logo-pequena-2.png","width":500,"height":500,"caption":"CPNOT\u00cdCIAS"},"image":{"@id":"https:\/\/cleitonpinheiro.com.br\/site\/#\/schema\/logo\/image\/"},"sameAs":["https:\/\/www.facebook.com\/portalcpnoticias\/"]},{"@type":"Person","@id":"https:\/\/cleitonpinheiro.com.br\/site\/#\/schema\/person\/aac6d7f311e80c43042e98a900b03cd8","name":"Dermival Pereira","image":{"@type":"ImageObject","inLanguage":"pt-BR","@id":"https:\/\/cleitonpinheiro.com.br\/site\/#\/schema\/person\/image\/","url":"https:\/\/secure.gravatar.com\/avatar\/cfaebf3742d6bf8db728bcba3eed6bee37b02337a2e6c822994f20ca72a3784d?s=96&r=g","contentUrl":"https:\/\/secure.gravatar.com\/avatar\/cfaebf3742d6bf8db728bcba3eed6bee37b02337a2e6c822994f20ca72a3784d?s=96&r=g","caption":"Dermival Pereira"},"url":"https:\/\/cleitonpinheiro.com.br\/site\/author\/dermival\/"}]}},"views":253,"_links":{"self":[{"href":"https:\/\/cleitonpinheiro.com.br\/site\/wp-json\/wp\/v2\/posts\/72346","targetHints":{"allow":["GET"]}}],"collection":[{"href":"https:\/\/cleitonpinheiro.com.br\/site\/wp-json\/wp\/v2\/posts"}],"about":[{"href":"https:\/\/cleitonpinheiro.com.br\/site\/wp-json\/wp\/v2\/types\/post"}],"author":[{"embeddable":true,"href":"https:\/\/cleitonpinheiro.com.br\/site\/wp-json\/wp\/v2\/users\/4"}],"replies":[{"embeddable":true,"href":"https:\/\/cleitonpinheiro.com.br\/site\/wp-json\/wp\/v2\/comments?post=72346"}],"version-history":[{"count":7,"href":"https:\/\/cleitonpinheiro.com.br\/site\/wp-json\/wp\/v2\/posts\/72346\/revisions"}],"predecessor-version":[{"id":72355,"href":"https:\/\/cleitonpinheiro.com.br\/site\/wp-json\/wp\/v2\/posts\/72346\/revisions\/72355"}],"wp:attachment":[{"href":"https:\/\/cleitonpinheiro.com.br\/site\/wp-json\/wp\/v2\/media?parent=72346"}],"wp:term":[{"taxonomy":"category","embeddable":true,"href":"https:\/\/cleitonpinheiro.com.br\/site\/wp-json\/wp\/v2\/categories?post=72346"},{"taxonomy":"post_tag","embeddable":true,"href":"https:\/\/cleitonpinheiro.com.br\/site\/wp-json\/wp\/v2\/tags?post=72346"}],"curies":[{"name":"wp","href":"https:\/\/api.w.org\/{rel}","templated":true}]}}