{"id":72356,"date":"2023-06-22T10:11:24","date_gmt":"2023-06-22T13:11:24","guid":{"rendered":"https:\/\/cleitonpinheiro.com.br\/site\/?p=72356"},"modified":"2023-06-22T10:11:54","modified_gmt":"2023-06-22T13:11:54","slug":"servidores-da-saude-e-do-quadro-geral-de-porto-nacional-preparam-grande-manifestacao-para-13-de-julho-dia-do-aniversario-da-cidade","status":"publish","type":"post","link":"https:\/\/cleitonpinheiro.com.br\/site\/servidores-da-saude-e-do-quadro-geral-de-porto-nacional-preparam-grande-manifestacao-para-13-de-julho-dia-do-aniversario-da-cidade\/","title":{"rendered":"Servidores da Sa\u00fade e do Quadro Geral de Porto Nacional preparam grande manifesta\u00e7\u00e3o para 13 de julho dia do anivers\u00e1rio da cidade"},"content":{"rendered":"\n<figure class=\"wp-block-image size-full is-resized\"><img fetchpriority=\"high\" decoding=\"async\" src=\"https:\/\/cleitonpinheiro.com.br\/site\/wp-content\/uploads\/2023\/06\/Design-sem-nome-2023-06-22T101024-compressed.jpg\" alt=\"\" class=\"wp-image-72357\" width=\"1018\" height=\"611\"\/><\/figure>\n\n\n\n<p>Os servidores da sa\u00fade e do quadro geral do munic\u00edpio de Porto Nacional est\u00e3o preparando uma grande manifesta\u00e7\u00e3o para ser realizada no dia 13 de julho data em que ser\u00e1 celebrado as comemora\u00e7\u00f5es do anivers\u00e1rio da cidade. Segundo o presidente da associa\u00e7\u00e3o dos servidores p\u00fablicos municipais no estado do Tocantins ASPMET Ronaldo S\u00e9rgio essa decis\u00e3o foi tomada pelos servidores devido \u00e0 falta de respostas concretas sobre as reivindica\u00e7\u00f5es dos Servidores.<\/p>\n\n\n\n<p>O presidente relatou que nenhuma das pautas reivindicadas pelos servidores foram atendidas at\u00e9 o momento.&#8221; Estamos esperando as respostas concretas at\u00e9 o momento n\u00e3o houve comprimento da insalubridade compromisso feito pelo prefeito, at\u00e9 o momento tamb\u00e9m n\u00e3o foram pagas as progress\u00f5es Que S\u00e3o direitos j\u00e1 adquiridos pelos servidores. Estamos tamb\u00e9m cobrando o pagamento da database do ano de 2021 para os servidores do quadro geral que o munic\u00edpio j\u00e1 reconheceu que \u00e9 direito mas at\u00e9 o momento n\u00e3o houve o pagamento desse direito.<\/p>\n\n\n\n<p>Estamos tentando dialogar com a gest\u00e3o mas ap\u00f3s a realiza\u00e7\u00e3o do primeiro ato o gestor se nega a responder a entidade e infelizmente isso tem feito com que as coisas se dificultem e n\u00e3o h\u00e1 outra sa\u00edda a n\u00e3o ser irmos as ruas para mostrar nossa insatisfa\u00e7\u00e3o com toda essa situa\u00e7\u00e3o. Estamos e estaremos sempre abertos ao di\u00e1logo e esperamos que isso se resolva o quanto antes&#8221; finalizou o presidente. <em><strong>(Texto e foto de autoria da ASPMET).<\/strong><\/em><\/p>\n","protected":false},"excerpt":{"rendered":"<p>Os servidores da sa\u00fade e do quadro geral do munic\u00edpio de Porto Nacional est\u00e3o preparando uma grande manifesta\u00e7\u00e3o para ser realizada no dia 13 de julho data em que ser\u00e1 celebrado as comemora\u00e7\u00f5es do anivers\u00e1rio da cidade. Segundo o presidente da associa\u00e7\u00e3o dos servidores p\u00fablicos municipais no estado do Tocantins ASPMET Ronaldo S\u00e9rgio essa decis\u00e3o [&hellip;]<\/p>\n","protected":false},"author":9,"featured_media":0,"comment_status":"open","ping_status":"open","sticky":false,"template":"","format":"standard","meta":{"_acf_changed":false,"footnotes":""},"categories":[25,898],"tags":[],"class_list":["post-72356","post","type-post","status-publish","format-standard","hentry","category-funcionalismo","category-manchete-segundaria"],"acf":[],"yoast_head":"<!-- This site is optimized with the Yoast SEO plugin v24.4 - https:\/\/yoast.com\/wordpress\/plugins\/seo\/ -->\n<title>Servidores da Sa\u00fade e do Quadro Geral de Porto Nacional preparam grande manifesta\u00e7\u00e3o para 13 de julho dia do anivers\u00e1rio da cidade - PORTAL DE NOT\u00cdCIAS CLEITON PINHEIRO<\/title>\n<meta name=\"robots\" content=\"index, follow, max-snippet:-1, max-image-preview:large, max-video-preview:-1\" \/>\n<link rel=\"canonical\" href=\"https:\/\/cleitonpinheiro.com.br\/site\/servidores-da-saude-e-do-quadro-geral-de-porto-nacional-preparam-grande-manifestacao-para-13-de-julho-dia-do-aniversario-da-cidade\/\" \/>\n<meta property=\"og:locale\" content=\"pt_BR\" \/>\n<meta property=\"og:type\" content=\"article\" \/>\n<meta property=\"og:title\" content=\"Servidores da Sa\u00fade e do Quadro Geral de Porto Nacional preparam grande manifesta\u00e7\u00e3o para 13 de julho dia do anivers\u00e1rio da cidade - PORTAL DE NOT\u00cdCIAS CLEITON PINHEIRO\" \/>\n<meta property=\"og:description\" content=\"Os servidores da sa\u00fade e do quadro geral do munic\u00edpio de Porto Nacional est\u00e3o preparando uma grande manifesta\u00e7\u00e3o para ser realizada no dia 13 de julho data em que ser\u00e1 celebrado as comemora\u00e7\u00f5es do anivers\u00e1rio da cidade. Segundo o presidente da associa\u00e7\u00e3o dos servidores p\u00fablicos municipais no estado do Tocantins ASPMET Ronaldo S\u00e9rgio essa decis\u00e3o [&hellip;]\" \/>\n<meta property=\"og:url\" content=\"https:\/\/cleitonpinheiro.com.br\/site\/servidores-da-saude-e-do-quadro-geral-de-porto-nacional-preparam-grande-manifestacao-para-13-de-julho-dia-do-aniversario-da-cidade\/\" \/>\n<meta property=\"og:site_name\" content=\"PORTAL DE NOT\u00cdCIAS CLEITON PINHEIRO\" \/>\n<meta property=\"article:publisher\" content=\"https:\/\/www.facebook.com\/portalcpnoticias\/\" \/>\n<meta property=\"article:published_time\" content=\"2023-06-22T13:11:24+00:00\" \/>\n<meta property=\"article:modified_time\" content=\"2023-06-22T13:11:54+00:00\" \/>\n<meta property=\"og:image\" content=\"https:\/\/cleitonpinheiro.com.br\/site\/wp-content\/uploads\/2023\/06\/Design-sem-nome-2023-06-22T101024-compressed.jpg\" \/>\n\t<meta property=\"og:image:width\" content=\"750\" \/>\n\t<meta property=\"og:image:height\" content=\"450\" \/>\n\t<meta property=\"og:image:type\" content=\"image\/jpeg\" \/>\n<meta name=\"author\" content=\"RGF Sistemas\" \/>\n<meta name=\"twitter:card\" content=\"summary_large_image\" \/>\n<meta name=\"twitter:label1\" content=\"Escrito por\" \/>\n\t<meta name=\"twitter:data1\" content=\"RGF Sistemas\" \/>\n\t<meta name=\"twitter:label2\" content=\"Est. tempo de leitura\" \/>\n\t<meta name=\"twitter:data2\" content=\"2 minutos\" \/>\n<script type=\"application\/ld+json\" class=\"yoast-schema-graph\">{\"@context\":\"https:\/\/schema.org\",\"@graph\":[{\"@type\":\"Article\",\"@id\":\"https:\/\/cleitonpinheiro.com.br\/site\/servidores-da-saude-e-do-quadro-geral-de-porto-nacional-preparam-grande-manifestacao-para-13-de-julho-dia-do-aniversario-da-cidade\/#article\",\"isPartOf\":{\"@id\":\"https:\/\/cleitonpinheiro.com.br\/site\/servidores-da-saude-e-do-quadro-geral-de-porto-nacional-preparam-grande-manifestacao-para-13-de-julho-dia-do-aniversario-da-cidade\/\"},\"author\":{\"name\":\"RGF Sistemas\",\"@id\":\"https:\/\/cleitonpinheiro.com.br\/site\/#\/schema\/person\/b7621891c193194dd412fdc1ff9b2b41\"},\"headline\":\"Servidores da Sa\u00fade e do Quadro Geral de Porto Nacional preparam grande manifesta\u00e7\u00e3o para 13 de julho dia do anivers\u00e1rio da cidade\",\"datePublished\":\"2023-06-22T13:11:24+00:00\",\"dateModified\":\"2023-06-22T13:11:54+00:00\",\"mainEntityOfPage\":{\"@id\":\"https:\/\/cleitonpinheiro.com.br\/site\/servidores-da-saude-e-do-quadro-geral-de-porto-nacional-preparam-grande-manifestacao-para-13-de-julho-dia-do-aniversario-da-cidade\/\"},\"wordCount\":278,\"commentCount\":0,\"publisher\":{\"@id\":\"https:\/\/cleitonpinheiro.com.br\/site\/#organization\"},\"image\":{\"@id\":\"https:\/\/cleitonpinheiro.com.br\/site\/servidores-da-saude-e-do-quadro-geral-de-porto-nacional-preparam-grande-manifestacao-para-13-de-julho-dia-do-aniversario-da-cidade\/#primaryimage\"},\"thumbnailUrl\":\"https:\/\/cleitonpinheiro.com.br\/site\/wp-content\/uploads\/2023\/06\/Design-sem-nome-2023-06-22T101024-compressed.jpg\",\"articleSection\":[\"FUNCIONALISMO\",\"MANCHETE SEGUND\u00c1RIA\"],\"inLanguage\":\"pt-BR\",\"potentialAction\":[{\"@type\":\"CommentAction\",\"name\":\"Comment\",\"target\":[\"https:\/\/cleitonpinheiro.com.br\/site\/servidores-da-saude-e-do-quadro-geral-de-porto-nacional-preparam-grande-manifestacao-para-13-de-julho-dia-do-aniversario-da-cidade\/#respond\"]}]},{\"@type\":\"WebPage\",\"@id\":\"https:\/\/cleitonpinheiro.com.br\/site\/servidores-da-saude-e-do-quadro-geral-de-porto-nacional-preparam-grande-manifestacao-para-13-de-julho-dia-do-aniversario-da-cidade\/\",\"url\":\"https:\/\/cleitonpinheiro.com.br\/site\/servidores-da-saude-e-do-quadro-geral-de-porto-nacional-preparam-grande-manifestacao-para-13-de-julho-dia-do-aniversario-da-cidade\/\",\"name\":\"Servidores da Sa\u00fade e do Quadro Geral de Porto Nacional preparam grande manifesta\u00e7\u00e3o para 13 de julho dia do anivers\u00e1rio da cidade - PORTAL DE NOT\u00cdCIAS CLEITON PINHEIRO\",\"isPartOf\":{\"@id\":\"https:\/\/cleitonpinheiro.com.br\/site\/#website\"},\"primaryImageOfPage\":{\"@id\":\"https:\/\/cleitonpinheiro.com.br\/site\/servidores-da-saude-e-do-quadro-geral-de-porto-nacional-preparam-grande-manifestacao-para-13-de-julho-dia-do-aniversario-da-cidade\/#primaryimage\"},\"image\":{\"@id\":\"https:\/\/cleitonpinheiro.com.br\/site\/servidores-da-saude-e-do-quadro-geral-de-porto-nacional-preparam-grande-manifestacao-para-13-de-julho-dia-do-aniversario-da-cidade\/#primaryimage\"},\"thumbnailUrl\":\"https:\/\/cleitonpinheiro.com.br\/site\/wp-content\/uploads\/2023\/06\/Design-sem-nome-2023-06-22T101024-compressed.jpg\",\"datePublished\":\"2023-06-22T13:11:24+00:00\",\"dateModified\":\"2023-06-22T13:11:54+00:00\",\"breadcrumb\":{\"@id\":\"https:\/\/cleitonpinheiro.com.br\/site\/servidores-da-saude-e-do-quadro-geral-de-porto-nacional-preparam-grande-manifestacao-para-13-de-julho-dia-do-aniversario-da-cidade\/#breadcrumb\"},\"inLanguage\":\"pt-BR\",\"potentialAction\":[{\"@type\":\"ReadAction\",\"target\":[\"https:\/\/cleitonpinheiro.com.br\/site\/servidores-da-saude-e-do-quadro-geral-de-porto-nacional-preparam-grande-manifestacao-para-13-de-julho-dia-do-aniversario-da-cidade\/\"]}]},{\"@type\":\"ImageObject\",\"inLanguage\":\"pt-BR\",\"@id\":\"https:\/\/cleitonpinheiro.com.br\/site\/servidores-da-saude-e-do-quadro-geral-de-porto-nacional-preparam-grande-manifestacao-para-13-de-julho-dia-do-aniversario-da-cidade\/#primaryimage\",\"url\":\"\",\"contentUrl\":\"\"},{\"@type\":\"BreadcrumbList\",\"@id\":\"https:\/\/cleitonpinheiro.com.br\/site\/servidores-da-saude-e-do-quadro-geral-de-porto-nacional-preparam-grande-manifestacao-para-13-de-julho-dia-do-aniversario-da-cidade\/#breadcrumb\",\"itemListElement\":[{\"@type\":\"ListItem\",\"position\":1,\"name\":\"In\u00edcio\",\"item\":\"https:\/\/cleitonpinheiro.com.br\/site\/\"},{\"@type\":\"ListItem\",\"position\":2,\"name\":\"Servidores da Sa\u00fade e do Quadro Geral de Porto Nacional preparam grande manifesta\u00e7\u00e3o para 13 de julho dia do anivers\u00e1rio da cidade\"}]},{\"@type\":\"WebSite\",\"@id\":\"https:\/\/cleitonpinheiro.com.br\/site\/#website\",\"url\":\"https:\/\/cleitonpinheiro.com.br\/site\/\",\"name\":\"PORTAL DE NOT\u00cdCIAS CLEITON PINHEIRO\",\"description\":\"FALANDO A VERDADE\",\"publisher\":{\"@id\":\"https:\/\/cleitonpinheiro.com.br\/site\/#organization\"},\"potentialAction\":[{\"@type\":\"SearchAction\",\"target\":{\"@type\":\"EntryPoint\",\"urlTemplate\":\"https:\/\/cleitonpinheiro.com.br\/site\/?s={search_term_string}\"},\"query-input\":{\"@type\":\"PropertyValueSpecification\",\"valueRequired\":true,\"valueName\":\"search_term_string\"}}],\"inLanguage\":\"pt-BR\"},{\"@type\":\"Organization\",\"@id\":\"https:\/\/cleitonpinheiro.com.br\/site\/#organization\",\"name\":\"CPNOT\u00cdCIAS\",\"url\":\"https:\/\/cleitonpinheiro.com.br\/site\/\",\"logo\":{\"@type\":\"ImageObject\",\"inLanguage\":\"pt-BR\",\"@id\":\"https:\/\/cleitonpinheiro.com.br\/site\/#\/schema\/logo\/image\/\",\"url\":\"https:\/\/cleitonpinheiro.com.br\/site\/wp-content\/uploads\/2022\/08\/Logo-pequena-2.png\",\"contentUrl\":\"https:\/\/cleitonpinheiro.com.br\/site\/wp-content\/uploads\/2022\/08\/Logo-pequena-2.png\",\"width\":500,\"height\":500,\"caption\":\"CPNOT\u00cdCIAS\"},\"image\":{\"@id\":\"https:\/\/cleitonpinheiro.com.br\/site\/#\/schema\/logo\/image\/\"},\"sameAs\":[\"https:\/\/www.facebook.com\/portalcpnoticias\/\"]},{\"@type\":\"Person\",\"@id\":\"https:\/\/cleitonpinheiro.com.br\/site\/#\/schema\/person\/b7621891c193194dd412fdc1ff9b2b41\",\"name\":\"RGF Sistemas\",\"image\":{\"@type\":\"ImageObject\",\"inLanguage\":\"pt-BR\",\"@id\":\"https:\/\/cleitonpinheiro.com.br\/site\/#\/schema\/person\/image\/\",\"url\":\"https:\/\/secure.gravatar.com\/avatar\/59e110c11e5eecf4636340abed101b4cddb70ca9f64acab0fe8863bcc0a66b2d?s=96&r=g\",\"contentUrl\":\"https:\/\/secure.gravatar.com\/avatar\/59e110c11e5eecf4636340abed101b4cddb70ca9f64acab0fe8863bcc0a66b2d?s=96&r=g\",\"caption\":\"RGF Sistemas\"},\"url\":\"https:\/\/cleitonpinheiro.com.br\/site\/author\/rgfsite\/\"}]}<\/script>\n<!-- \/ Yoast SEO plugin. -->","yoast_head_json":{"title":"Servidores da Sa\u00fade e do Quadro Geral de Porto Nacional preparam grande manifesta\u00e7\u00e3o para 13 de julho dia do anivers\u00e1rio da cidade - PORTAL DE NOT\u00cdCIAS CLEITON PINHEIRO","robots":{"index":"index","follow":"follow","max-snippet":"max-snippet:-1","max-image-preview":"max-image-preview:large","max-video-preview":"max-video-preview:-1"},"canonical":"https:\/\/cleitonpinheiro.com.br\/site\/servidores-da-saude-e-do-quadro-geral-de-porto-nacional-preparam-grande-manifestacao-para-13-de-julho-dia-do-aniversario-da-cidade\/","og_locale":"pt_BR","og_type":"article","og_title":"Servidores da Sa\u00fade e do Quadro Geral de Porto Nacional preparam grande manifesta\u00e7\u00e3o para 13 de julho dia do anivers\u00e1rio da cidade - PORTAL DE NOT\u00cdCIAS CLEITON PINHEIRO","og_description":"Os servidores da sa\u00fade e do quadro geral do munic\u00edpio de Porto Nacional est\u00e3o preparando uma grande manifesta\u00e7\u00e3o para ser realizada no dia 13 de julho data em que ser\u00e1 celebrado as comemora\u00e7\u00f5es do anivers\u00e1rio da cidade. Segundo o presidente da associa\u00e7\u00e3o dos servidores p\u00fablicos municipais no estado do Tocantins ASPMET Ronaldo S\u00e9rgio essa decis\u00e3o [&hellip;]","og_url":"https:\/\/cleitonpinheiro.com.br\/site\/servidores-da-saude-e-do-quadro-geral-de-porto-nacional-preparam-grande-manifestacao-para-13-de-julho-dia-do-aniversario-da-cidade\/","og_site_name":"PORTAL DE NOT\u00cdCIAS CLEITON PINHEIRO","article_publisher":"https:\/\/www.facebook.com\/portalcpnoticias\/","article_published_time":"2023-06-22T13:11:24+00:00","article_modified_time":"2023-06-22T13:11:54+00:00","og_image":[{"width":750,"height":450,"url":"https:\/\/cleitonpinheiro.com.br\/site\/wp-content\/uploads\/2023\/06\/Design-sem-nome-2023-06-22T101024-compressed.jpg","type":"image\/jpeg"}],"author":"RGF Sistemas","twitter_card":"summary_large_image","twitter_misc":{"Escrito por":"RGF Sistemas","Est. tempo de leitura":"2 minutos"},"schema":{"@context":"https:\/\/schema.org","@graph":[{"@type":"Article","@id":"https:\/\/cleitonpinheiro.com.br\/site\/servidores-da-saude-e-do-quadro-geral-de-porto-nacional-preparam-grande-manifestacao-para-13-de-julho-dia-do-aniversario-da-cidade\/#article","isPartOf":{"@id":"https:\/\/cleitonpinheiro.com.br\/site\/servidores-da-saude-e-do-quadro-geral-de-porto-nacional-preparam-grande-manifestacao-para-13-de-julho-dia-do-aniversario-da-cidade\/"},"author":{"name":"RGF Sistemas","@id":"https:\/\/cleitonpinheiro.com.br\/site\/#\/schema\/person\/b7621891c193194dd412fdc1ff9b2b41"},"headline":"Servidores da Sa\u00fade e do Quadro Geral de Porto Nacional preparam grande manifesta\u00e7\u00e3o para 13 de julho dia do anivers\u00e1rio da cidade","datePublished":"2023-06-22T13:11:24+00:00","dateModified":"2023-06-22T13:11:54+00:00","mainEntityOfPage":{"@id":"https:\/\/cleitonpinheiro.com.br\/site\/servidores-da-saude-e-do-quadro-geral-de-porto-nacional-preparam-grande-manifestacao-para-13-de-julho-dia-do-aniversario-da-cidade\/"},"wordCount":278,"commentCount":0,"publisher":{"@id":"https:\/\/cleitonpinheiro.com.br\/site\/#organization"},"image":{"@id":"https:\/\/cleitonpinheiro.com.br\/site\/servidores-da-saude-e-do-quadro-geral-de-porto-nacional-preparam-grande-manifestacao-para-13-de-julho-dia-do-aniversario-da-cidade\/#primaryimage"},"thumbnailUrl":"https:\/\/cleitonpinheiro.com.br\/site\/wp-content\/uploads\/2023\/06\/Design-sem-nome-2023-06-22T101024-compressed.jpg","articleSection":["FUNCIONALISMO","MANCHETE SEGUND\u00c1RIA"],"inLanguage":"pt-BR","potentialAction":[{"@type":"CommentAction","name":"Comment","target":["https:\/\/cleitonpinheiro.com.br\/site\/servidores-da-saude-e-do-quadro-geral-de-porto-nacional-preparam-grande-manifestacao-para-13-de-julho-dia-do-aniversario-da-cidade\/#respond"]}]},{"@type":"WebPage","@id":"https:\/\/cleitonpinheiro.com.br\/site\/servidores-da-saude-e-do-quadro-geral-de-porto-nacional-preparam-grande-manifestacao-para-13-de-julho-dia-do-aniversario-da-cidade\/","url":"https:\/\/cleitonpinheiro.com.br\/site\/servidores-da-saude-e-do-quadro-geral-de-porto-nacional-preparam-grande-manifestacao-para-13-de-julho-dia-do-aniversario-da-cidade\/","name":"Servidores da Sa\u00fade e do Quadro Geral de Porto Nacional preparam grande manifesta\u00e7\u00e3o para 13 de julho dia do anivers\u00e1rio da cidade - PORTAL DE NOT\u00cdCIAS CLEITON PINHEIRO","isPartOf":{"@id":"https:\/\/cleitonpinheiro.com.br\/site\/#website"},"primaryImageOfPage":{"@id":"https:\/\/cleitonpinheiro.com.br\/site\/servidores-da-saude-e-do-quadro-geral-de-porto-nacional-preparam-grande-manifestacao-para-13-de-julho-dia-do-aniversario-da-cidade\/#primaryimage"},"image":{"@id":"https:\/\/cleitonpinheiro.com.br\/site\/servidores-da-saude-e-do-quadro-geral-de-porto-nacional-preparam-grande-manifestacao-para-13-de-julho-dia-do-aniversario-da-cidade\/#primaryimage"},"thumbnailUrl":"https:\/\/cleitonpinheiro.com.br\/site\/wp-content\/uploads\/2023\/06\/Design-sem-nome-2023-06-22T101024-compressed.jpg","datePublished":"2023-06-22T13:11:24+00:00","dateModified":"2023-06-22T13:11:54+00:00","breadcrumb":{"@id":"https:\/\/cleitonpinheiro.com.br\/site\/servidores-da-saude-e-do-quadro-geral-de-porto-nacional-preparam-grande-manifestacao-para-13-de-julho-dia-do-aniversario-da-cidade\/#breadcrumb"},"inLanguage":"pt-BR","potentialAction":[{"@type":"ReadAction","target":["https:\/\/cleitonpinheiro.com.br\/site\/servidores-da-saude-e-do-quadro-geral-de-porto-nacional-preparam-grande-manifestacao-para-13-de-julho-dia-do-aniversario-da-cidade\/"]}]},{"@type":"ImageObject","inLanguage":"pt-BR","@id":"https:\/\/cleitonpinheiro.com.br\/site\/servidores-da-saude-e-do-quadro-geral-de-porto-nacional-preparam-grande-manifestacao-para-13-de-julho-dia-do-aniversario-da-cidade\/#primaryimage","url":"","contentUrl":""},{"@type":"BreadcrumbList","@id":"https:\/\/cleitonpinheiro.com.br\/site\/servidores-da-saude-e-do-quadro-geral-de-porto-nacional-preparam-grande-manifestacao-para-13-de-julho-dia-do-aniversario-da-cidade\/#breadcrumb","itemListElement":[{"@type":"ListItem","position":1,"name":"In\u00edcio","item":"https:\/\/cleitonpinheiro.com.br\/site\/"},{"@type":"ListItem","position":2,"name":"Servidores da Sa\u00fade e do Quadro Geral de Porto Nacional preparam grande manifesta\u00e7\u00e3o para 13 de julho dia do anivers\u00e1rio da cidade"}]},{"@type":"WebSite","@id":"https:\/\/cleitonpinheiro.com.br\/site\/#website","url":"https:\/\/cleitonpinheiro.com.br\/site\/","name":"PORTAL DE NOT\u00cdCIAS CLEITON PINHEIRO","description":"FALANDO A VERDADE","publisher":{"@id":"https:\/\/cleitonpinheiro.com.br\/site\/#organization"},"potentialAction":[{"@type":"SearchAction","target":{"@type":"EntryPoint","urlTemplate":"https:\/\/cleitonpinheiro.com.br\/site\/?s={search_term_string}"},"query-input":{"@type":"PropertyValueSpecification","valueRequired":true,"valueName":"search_term_string"}}],"inLanguage":"pt-BR"},{"@type":"Organization","@id":"https:\/\/cleitonpinheiro.com.br\/site\/#organization","name":"CPNOT\u00cdCIAS","url":"https:\/\/cleitonpinheiro.com.br\/site\/","logo":{"@type":"ImageObject","inLanguage":"pt-BR","@id":"https:\/\/cleitonpinheiro.com.br\/site\/#\/schema\/logo\/image\/","url":"https:\/\/cleitonpinheiro.com.br\/site\/wp-content\/uploads\/2022\/08\/Logo-pequena-2.png","contentUrl":"https:\/\/cleitonpinheiro.com.br\/site\/wp-content\/uploads\/2022\/08\/Logo-pequena-2.png","width":500,"height":500,"caption":"CPNOT\u00cdCIAS"},"image":{"@id":"https:\/\/cleitonpinheiro.com.br\/site\/#\/schema\/logo\/image\/"},"sameAs":["https:\/\/www.facebook.com\/portalcpnoticias\/"]},{"@type":"Person","@id":"https:\/\/cleitonpinheiro.com.br\/site\/#\/schema\/person\/b7621891c193194dd412fdc1ff9b2b41","name":"RGF Sistemas","image":{"@type":"ImageObject","inLanguage":"pt-BR","@id":"https:\/\/cleitonpinheiro.com.br\/site\/#\/schema\/person\/image\/","url":"https:\/\/secure.gravatar.com\/avatar\/59e110c11e5eecf4636340abed101b4cddb70ca9f64acab0fe8863bcc0a66b2d?s=96&r=g","contentUrl":"https:\/\/secure.gravatar.com\/avatar\/59e110c11e5eecf4636340abed101b4cddb70ca9f64acab0fe8863bcc0a66b2d?s=96&r=g","caption":"RGF Sistemas"},"url":"https:\/\/cleitonpinheiro.com.br\/site\/author\/rgfsite\/"}]}},"views":416,"_links":{"self":[{"href":"https:\/\/cleitonpinheiro.com.br\/site\/wp-json\/wp\/v2\/posts\/72356","targetHints":{"allow":["GET"]}}],"collection":[{"href":"https:\/\/cleitonpinheiro.com.br\/site\/wp-json\/wp\/v2\/posts"}],"about":[{"href":"https:\/\/cleitonpinheiro.com.br\/site\/wp-json\/wp\/v2\/types\/post"}],"author":[{"embeddable":true,"href":"https:\/\/cleitonpinheiro.com.br\/site\/wp-json\/wp\/v2\/users\/9"}],"replies":[{"embeddable":true,"href":"https:\/\/cleitonpinheiro.com.br\/site\/wp-json\/wp\/v2\/comments?post=72356"}],"version-history":[{"count":1,"href":"https:\/\/cleitonpinheiro.com.br\/site\/wp-json\/wp\/v2\/posts\/72356\/revisions"}],"predecessor-version":[{"id":72358,"href":"https:\/\/cleitonpinheiro.com.br\/site\/wp-json\/wp\/v2\/posts\/72356\/revisions\/72358"}],"wp:attachment":[{"href":"https:\/\/cleitonpinheiro.com.br\/site\/wp-json\/wp\/v2\/media?parent=72356"}],"wp:term":[{"taxonomy":"category","embeddable":true,"href":"https:\/\/cleitonpinheiro.com.br\/site\/wp-json\/wp\/v2\/categories?post=72356"},{"taxonomy":"post_tag","embeddable":true,"href":"https:\/\/cleitonpinheiro.com.br\/site\/wp-json\/wp\/v2\/tags?post=72356"}],"curies":[{"name":"wp","href":"https:\/\/api.w.org\/{rel}","templated":true}]}}