{"id":72359,"date":"2023-06-22T14:23:33","date_gmt":"2023-06-22T17:23:33","guid":{"rendered":"https:\/\/cleitonpinheiro.com.br\/site\/?p=72359"},"modified":"2023-12-27T12:31:35","modified_gmt":"2023-12-27T15:31:35","slug":"senai-abre-processo-seletivo-para-tecnico-administrativo-em-palmas","status":"publish","type":"post","link":"https:\/\/cleitonpinheiro.com.br\/site\/senai-abre-processo-seletivo-para-tecnico-administrativo-em-palmas\/","title":{"rendered":"SENAI abre processo seletivo para T\u00e9cnico Administrativo em Palmas"},"content":{"rendered":"\n<figure class=\"wp-block-image size-full is-resized\"><img fetchpriority=\"high\" decoding=\"async\" src=\"https:\/\/cleitonpinheiro.com.br\/site\/wp-content\/uploads\/2023\/06\/Design-sem-nome-2023-06-22T142219-compressed.jpg\" alt=\"\" class=\"wp-image-72360\" width=\"1015\" height=\"609\"\/><figcaption class=\"wp-element-caption\">Foto: Ascom\/Divulga\u00e7\u00e3o<\/figcaption><\/figure>\n\n\n\n<p>O SENAI est\u00e1 com inscri\u00e7\u00f5es abertas para T\u00e9cnico Administrativo 3 &#8211; Gest\u00e3o de Pessoas, em Palmas. A oportunidade \u00e9 destinada a profissionais com Ensino Superior Completo em Administra\u00e7\u00e3o, Ci\u00eancias Cont\u00e1beis e Recursos Humanos. As inscri\u00e7\u00f5es poder\u00e3o ser realizadas at\u00e9 o dia 23 de junho de 2023.<\/p>\n\n\n\n<p>\u00c9 necess\u00e1rio ter, no m\u00ednimo, seis meses de experi\u00eancia em Recrutamento e Sele\u00e7\u00e3o, gest\u00e3o por compet\u00eancia, Recrutamento Digital e Utiliza\u00e7\u00e3o de Softwares para Gest\u00e3o de Vagas e Processos Seletivos; Excel Intermedi\u00e1rio.<\/p>\n\n\n\n<p>O profissional selecionado ser\u00e1 lotado na cidade de Palmas desempenhando um papel fundamental no levantamento de necessidades de treinamentos, gest\u00e3o, monitoria e organiza\u00e7\u00e3o, sendo tamb\u00e9m respons\u00e1vel por diversas atividades relacionadas ao desenvolvimento e gest\u00e3o de pessoas na organiza\u00e7\u00e3o.<\/p>\n\n\n\n<p>Os interessados em participar deste processo seletivo devem acessar o site do SENAI\/TO (<a href=\"http:\/\/www.senai-to.com.br\/\" target=\"_blank\" rel=\"noreferrer noopener\">www.senai-to.com.br<\/a>) e clicar no link &#8220;Trabalhe Conosco&#8221;. Em seguida, devem selecionar a op\u00e7\u00e3o &#8220;Cadastre-se Clicando Aqui&#8221; para se candidatar \u00e0 vaga. \u00c9 importante ressaltar que as inscri\u00e7\u00f5es devem ser feitas dentro do per\u00edodo mencionado.<\/p>\n\n\n\n<p><strong>Confira o edital<\/strong><\/p>\n\n\n\n<p><a href=\"http:\/\/senai-to.com.br\/ProcessoPessoa.aspx?c=735f82c0-98b7-4020-8bca-6911d96dbffd\" target=\"_blank\" rel=\"noreferrer noopener\">T\u00e9cnico Administrativo 3 \u2013 Gest\u00e3o de Pessoas<\/a><\/p>\n","protected":false},"excerpt":{"rendered":"<p>O SENAI est\u00e1 com inscri\u00e7\u00f5es abertas para T\u00e9cnico Administrativo 3 &#8211; Gest\u00e3o de Pessoas, em Palmas. A oportunidade \u00e9 destinada a profissionais com Ensino Superior Completo em Administra\u00e7\u00e3o, Ci\u00eancias Cont\u00e1beis e Recursos Humanos. As inscri\u00e7\u00f5es poder\u00e3o ser realizadas at\u00e9 o dia 23 de junho de 2023. \u00c9 necess\u00e1rio ter, no m\u00ednimo, seis meses de experi\u00eancia [&hellip;]<\/p>\n","protected":false},"author":4,"featured_media":0,"comment_status":"open","ping_status":"open","sticky":false,"template":"","format":"standard","meta":{"_acf_changed":false,"footnotes":""},"categories":[22,21],"tags":[],"class_list":["post-72359","post","type-post","status-publish","format-standard","hentry","category-cidades","category-todas-noticias"],"acf":[],"yoast_head":"<!-- This site is optimized with the Yoast SEO plugin v24.4 - https:\/\/yoast.com\/wordpress\/plugins\/seo\/ -->\n<title>SENAI abre processo seletivo para T\u00e9cnico Administrativo em Palmas - PORTAL DE NOT\u00cdCIAS CLEITON PINHEIRO<\/title>\n<meta name=\"robots\" content=\"index, follow, max-snippet:-1, max-image-preview:large, max-video-preview:-1\" \/>\n<link rel=\"canonical\" href=\"https:\/\/cleitonpinheiro.com.br\/site\/senai-abre-processo-seletivo-para-tecnico-administrativo-em-palmas\/\" \/>\n<meta property=\"og:locale\" content=\"pt_BR\" \/>\n<meta property=\"og:type\" content=\"article\" \/>\n<meta property=\"og:title\" content=\"SENAI abre processo seletivo para T\u00e9cnico Administrativo em Palmas - PORTAL DE NOT\u00cdCIAS CLEITON PINHEIRO\" \/>\n<meta property=\"og:description\" content=\"O SENAI est\u00e1 com inscri\u00e7\u00f5es abertas para T\u00e9cnico Administrativo 3 &#8211; Gest\u00e3o de Pessoas, em Palmas. A oportunidade \u00e9 destinada a profissionais com Ensino Superior Completo em Administra\u00e7\u00e3o, Ci\u00eancias Cont\u00e1beis e Recursos Humanos. As inscri\u00e7\u00f5es poder\u00e3o ser realizadas at\u00e9 o dia 23 de junho de 2023. \u00c9 necess\u00e1rio ter, no m\u00ednimo, seis meses de experi\u00eancia [&hellip;]\" \/>\n<meta property=\"og:url\" content=\"https:\/\/cleitonpinheiro.com.br\/site\/senai-abre-processo-seletivo-para-tecnico-administrativo-em-palmas\/\" \/>\n<meta property=\"og:site_name\" content=\"PORTAL DE NOT\u00cdCIAS CLEITON PINHEIRO\" \/>\n<meta property=\"article:publisher\" content=\"https:\/\/www.facebook.com\/portalcpnoticias\/\" \/>\n<meta property=\"article:published_time\" content=\"2023-06-22T17:23:33+00:00\" \/>\n<meta property=\"article:modified_time\" content=\"2023-12-27T15:31:35+00:00\" \/>\n<meta property=\"og:image\" content=\"https:\/\/cleitonpinheiro.com.br\/site\/wp-content\/uploads\/2023\/06\/Design-sem-nome-2023-06-22T142219-compressed.jpg\" \/>\n\t<meta property=\"og:image:width\" content=\"750\" \/>\n\t<meta property=\"og:image:height\" content=\"450\" \/>\n\t<meta property=\"og:image:type\" content=\"image\/jpeg\" \/>\n<meta name=\"author\" content=\"Dermival Pereira\" \/>\n<meta name=\"twitter:card\" content=\"summary_large_image\" \/>\n<meta name=\"twitter:label1\" content=\"Escrito por\" \/>\n\t<meta name=\"twitter:data1\" content=\"Dermival Pereira\" \/>\n\t<meta name=\"twitter:label2\" content=\"Est. tempo de leitura\" \/>\n\t<meta name=\"twitter:data2\" content=\"2 minutos\" \/>\n<script type=\"application\/ld+json\" class=\"yoast-schema-graph\">{\"@context\":\"https:\/\/schema.org\",\"@graph\":[{\"@type\":\"Article\",\"@id\":\"https:\/\/cleitonpinheiro.com.br\/site\/senai-abre-processo-seletivo-para-tecnico-administrativo-em-palmas\/#article\",\"isPartOf\":{\"@id\":\"https:\/\/cleitonpinheiro.com.br\/site\/senai-abre-processo-seletivo-para-tecnico-administrativo-em-palmas\/\"},\"author\":{\"name\":\"Dermival Pereira\",\"@id\":\"https:\/\/cleitonpinheiro.com.br\/site\/#\/schema\/person\/aac6d7f311e80c43042e98a900b03cd8\"},\"headline\":\"SENAI abre processo seletivo para T\u00e9cnico Administrativo em Palmas\",\"datePublished\":\"2023-06-22T17:23:33+00:00\",\"dateModified\":\"2023-12-27T15:31:35+00:00\",\"mainEntityOfPage\":{\"@id\":\"https:\/\/cleitonpinheiro.com.br\/site\/senai-abre-processo-seletivo-para-tecnico-administrativo-em-palmas\/\"},\"wordCount\":209,\"commentCount\":0,\"publisher\":{\"@id\":\"https:\/\/cleitonpinheiro.com.br\/site\/#organization\"},\"image\":{\"@id\":\"https:\/\/cleitonpinheiro.com.br\/site\/senai-abre-processo-seletivo-para-tecnico-administrativo-em-palmas\/#primaryimage\"},\"thumbnailUrl\":\"https:\/\/cleitonpinheiro.com.br\/site\/wp-content\/uploads\/2023\/06\/Design-sem-nome-2023-06-22T142219-compressed.jpg\",\"articleSection\":[\"CIDADES\",\"TODAS NOTICIAS\"],\"inLanguage\":\"pt-BR\",\"potentialAction\":[{\"@type\":\"CommentAction\",\"name\":\"Comment\",\"target\":[\"https:\/\/cleitonpinheiro.com.br\/site\/senai-abre-processo-seletivo-para-tecnico-administrativo-em-palmas\/#respond\"]}]},{\"@type\":\"WebPage\",\"@id\":\"https:\/\/cleitonpinheiro.com.br\/site\/senai-abre-processo-seletivo-para-tecnico-administrativo-em-palmas\/\",\"url\":\"https:\/\/cleitonpinheiro.com.br\/site\/senai-abre-processo-seletivo-para-tecnico-administrativo-em-palmas\/\",\"name\":\"SENAI abre processo seletivo para T\u00e9cnico Administrativo em Palmas - PORTAL DE NOT\u00cdCIAS CLEITON PINHEIRO\",\"isPartOf\":{\"@id\":\"https:\/\/cleitonpinheiro.com.br\/site\/#website\"},\"primaryImageOfPage\":{\"@id\":\"https:\/\/cleitonpinheiro.com.br\/site\/senai-abre-processo-seletivo-para-tecnico-administrativo-em-palmas\/#primaryimage\"},\"image\":{\"@id\":\"https:\/\/cleitonpinheiro.com.br\/site\/senai-abre-processo-seletivo-para-tecnico-administrativo-em-palmas\/#primaryimage\"},\"thumbnailUrl\":\"https:\/\/cleitonpinheiro.com.br\/site\/wp-content\/uploads\/2023\/06\/Design-sem-nome-2023-06-22T142219-compressed.jpg\",\"datePublished\":\"2023-06-22T17:23:33+00:00\",\"dateModified\":\"2023-12-27T15:31:35+00:00\",\"breadcrumb\":{\"@id\":\"https:\/\/cleitonpinheiro.com.br\/site\/senai-abre-processo-seletivo-para-tecnico-administrativo-em-palmas\/#breadcrumb\"},\"inLanguage\":\"pt-BR\",\"potentialAction\":[{\"@type\":\"ReadAction\",\"target\":[\"https:\/\/cleitonpinheiro.com.br\/site\/senai-abre-processo-seletivo-para-tecnico-administrativo-em-palmas\/\"]}]},{\"@type\":\"ImageObject\",\"inLanguage\":\"pt-BR\",\"@id\":\"https:\/\/cleitonpinheiro.com.br\/site\/senai-abre-processo-seletivo-para-tecnico-administrativo-em-palmas\/#primaryimage\",\"url\":\"\",\"contentUrl\":\"\"},{\"@type\":\"BreadcrumbList\",\"@id\":\"https:\/\/cleitonpinheiro.com.br\/site\/senai-abre-processo-seletivo-para-tecnico-administrativo-em-palmas\/#breadcrumb\",\"itemListElement\":[{\"@type\":\"ListItem\",\"position\":1,\"name\":\"In\u00edcio\",\"item\":\"https:\/\/cleitonpinheiro.com.br\/site\/\"},{\"@type\":\"ListItem\",\"position\":2,\"name\":\"SENAI abre processo seletivo para T\u00e9cnico Administrativo em Palmas\"}]},{\"@type\":\"WebSite\",\"@id\":\"https:\/\/cleitonpinheiro.com.br\/site\/#website\",\"url\":\"https:\/\/cleitonpinheiro.com.br\/site\/\",\"name\":\"PORTAL DE NOT\u00cdCIAS CLEITON PINHEIRO\",\"description\":\"FALANDO A VERDADE\",\"publisher\":{\"@id\":\"https:\/\/cleitonpinheiro.com.br\/site\/#organization\"},\"potentialAction\":[{\"@type\":\"SearchAction\",\"target\":{\"@type\":\"EntryPoint\",\"urlTemplate\":\"https:\/\/cleitonpinheiro.com.br\/site\/?s={search_term_string}\"},\"query-input\":{\"@type\":\"PropertyValueSpecification\",\"valueRequired\":true,\"valueName\":\"search_term_string\"}}],\"inLanguage\":\"pt-BR\"},{\"@type\":\"Organization\",\"@id\":\"https:\/\/cleitonpinheiro.com.br\/site\/#organization\",\"name\":\"CPNOT\u00cdCIAS\",\"url\":\"https:\/\/cleitonpinheiro.com.br\/site\/\",\"logo\":{\"@type\":\"ImageObject\",\"inLanguage\":\"pt-BR\",\"@id\":\"https:\/\/cleitonpinheiro.com.br\/site\/#\/schema\/logo\/image\/\",\"url\":\"https:\/\/cleitonpinheiro.com.br\/site\/wp-content\/uploads\/2022\/08\/Logo-pequena-2.png\",\"contentUrl\":\"https:\/\/cleitonpinheiro.com.br\/site\/wp-content\/uploads\/2022\/08\/Logo-pequena-2.png\",\"width\":500,\"height\":500,\"caption\":\"CPNOT\u00cdCIAS\"},\"image\":{\"@id\":\"https:\/\/cleitonpinheiro.com.br\/site\/#\/schema\/logo\/image\/\"},\"sameAs\":[\"https:\/\/www.facebook.com\/portalcpnoticias\/\"]},{\"@type\":\"Person\",\"@id\":\"https:\/\/cleitonpinheiro.com.br\/site\/#\/schema\/person\/aac6d7f311e80c43042e98a900b03cd8\",\"name\":\"Dermival Pereira\",\"image\":{\"@type\":\"ImageObject\",\"inLanguage\":\"pt-BR\",\"@id\":\"https:\/\/cleitonpinheiro.com.br\/site\/#\/schema\/person\/image\/\",\"url\":\"https:\/\/secure.gravatar.com\/avatar\/cfaebf3742d6bf8db728bcba3eed6bee37b02337a2e6c822994f20ca72a3784d?s=96&r=g\",\"contentUrl\":\"https:\/\/secure.gravatar.com\/avatar\/cfaebf3742d6bf8db728bcba3eed6bee37b02337a2e6c822994f20ca72a3784d?s=96&r=g\",\"caption\":\"Dermival Pereira\"},\"url\":\"https:\/\/cleitonpinheiro.com.br\/site\/author\/dermival\/\"}]}<\/script>\n<!-- \/ Yoast SEO plugin. -->","yoast_head_json":{"title":"SENAI abre processo seletivo para T\u00e9cnico Administrativo em Palmas - PORTAL DE NOT\u00cdCIAS CLEITON PINHEIRO","robots":{"index":"index","follow":"follow","max-snippet":"max-snippet:-1","max-image-preview":"max-image-preview:large","max-video-preview":"max-video-preview:-1"},"canonical":"https:\/\/cleitonpinheiro.com.br\/site\/senai-abre-processo-seletivo-para-tecnico-administrativo-em-palmas\/","og_locale":"pt_BR","og_type":"article","og_title":"SENAI abre processo seletivo para T\u00e9cnico Administrativo em Palmas - PORTAL DE NOT\u00cdCIAS CLEITON PINHEIRO","og_description":"O SENAI est\u00e1 com inscri\u00e7\u00f5es abertas para T\u00e9cnico Administrativo 3 &#8211; Gest\u00e3o de Pessoas, em Palmas. A oportunidade \u00e9 destinada a profissionais com Ensino Superior Completo em Administra\u00e7\u00e3o, Ci\u00eancias Cont\u00e1beis e Recursos Humanos. As inscri\u00e7\u00f5es poder\u00e3o ser realizadas at\u00e9 o dia 23 de junho de 2023. \u00c9 necess\u00e1rio ter, no m\u00ednimo, seis meses de experi\u00eancia [&hellip;]","og_url":"https:\/\/cleitonpinheiro.com.br\/site\/senai-abre-processo-seletivo-para-tecnico-administrativo-em-palmas\/","og_site_name":"PORTAL DE NOT\u00cdCIAS CLEITON PINHEIRO","article_publisher":"https:\/\/www.facebook.com\/portalcpnoticias\/","article_published_time":"2023-06-22T17:23:33+00:00","article_modified_time":"2023-12-27T15:31:35+00:00","og_image":[{"width":750,"height":450,"url":"https:\/\/cleitonpinheiro.com.br\/site\/wp-content\/uploads\/2023\/06\/Design-sem-nome-2023-06-22T142219-compressed.jpg","type":"image\/jpeg"}],"author":"Dermival Pereira","twitter_card":"summary_large_image","twitter_misc":{"Escrito por":"Dermival Pereira","Est. tempo de leitura":"2 minutos"},"schema":{"@context":"https:\/\/schema.org","@graph":[{"@type":"Article","@id":"https:\/\/cleitonpinheiro.com.br\/site\/senai-abre-processo-seletivo-para-tecnico-administrativo-em-palmas\/#article","isPartOf":{"@id":"https:\/\/cleitonpinheiro.com.br\/site\/senai-abre-processo-seletivo-para-tecnico-administrativo-em-palmas\/"},"author":{"name":"Dermival Pereira","@id":"https:\/\/cleitonpinheiro.com.br\/site\/#\/schema\/person\/aac6d7f311e80c43042e98a900b03cd8"},"headline":"SENAI abre processo seletivo para T\u00e9cnico Administrativo em Palmas","datePublished":"2023-06-22T17:23:33+00:00","dateModified":"2023-12-27T15:31:35+00:00","mainEntityOfPage":{"@id":"https:\/\/cleitonpinheiro.com.br\/site\/senai-abre-processo-seletivo-para-tecnico-administrativo-em-palmas\/"},"wordCount":209,"commentCount":0,"publisher":{"@id":"https:\/\/cleitonpinheiro.com.br\/site\/#organization"},"image":{"@id":"https:\/\/cleitonpinheiro.com.br\/site\/senai-abre-processo-seletivo-para-tecnico-administrativo-em-palmas\/#primaryimage"},"thumbnailUrl":"https:\/\/cleitonpinheiro.com.br\/site\/wp-content\/uploads\/2023\/06\/Design-sem-nome-2023-06-22T142219-compressed.jpg","articleSection":["CIDADES","TODAS NOTICIAS"],"inLanguage":"pt-BR","potentialAction":[{"@type":"CommentAction","name":"Comment","target":["https:\/\/cleitonpinheiro.com.br\/site\/senai-abre-processo-seletivo-para-tecnico-administrativo-em-palmas\/#respond"]}]},{"@type":"WebPage","@id":"https:\/\/cleitonpinheiro.com.br\/site\/senai-abre-processo-seletivo-para-tecnico-administrativo-em-palmas\/","url":"https:\/\/cleitonpinheiro.com.br\/site\/senai-abre-processo-seletivo-para-tecnico-administrativo-em-palmas\/","name":"SENAI abre processo seletivo para T\u00e9cnico Administrativo em Palmas - PORTAL DE NOT\u00cdCIAS CLEITON PINHEIRO","isPartOf":{"@id":"https:\/\/cleitonpinheiro.com.br\/site\/#website"},"primaryImageOfPage":{"@id":"https:\/\/cleitonpinheiro.com.br\/site\/senai-abre-processo-seletivo-para-tecnico-administrativo-em-palmas\/#primaryimage"},"image":{"@id":"https:\/\/cleitonpinheiro.com.br\/site\/senai-abre-processo-seletivo-para-tecnico-administrativo-em-palmas\/#primaryimage"},"thumbnailUrl":"https:\/\/cleitonpinheiro.com.br\/site\/wp-content\/uploads\/2023\/06\/Design-sem-nome-2023-06-22T142219-compressed.jpg","datePublished":"2023-06-22T17:23:33+00:00","dateModified":"2023-12-27T15:31:35+00:00","breadcrumb":{"@id":"https:\/\/cleitonpinheiro.com.br\/site\/senai-abre-processo-seletivo-para-tecnico-administrativo-em-palmas\/#breadcrumb"},"inLanguage":"pt-BR","potentialAction":[{"@type":"ReadAction","target":["https:\/\/cleitonpinheiro.com.br\/site\/senai-abre-processo-seletivo-para-tecnico-administrativo-em-palmas\/"]}]},{"@type":"ImageObject","inLanguage":"pt-BR","@id":"https:\/\/cleitonpinheiro.com.br\/site\/senai-abre-processo-seletivo-para-tecnico-administrativo-em-palmas\/#primaryimage","url":"","contentUrl":""},{"@type":"BreadcrumbList","@id":"https:\/\/cleitonpinheiro.com.br\/site\/senai-abre-processo-seletivo-para-tecnico-administrativo-em-palmas\/#breadcrumb","itemListElement":[{"@type":"ListItem","position":1,"name":"In\u00edcio","item":"https:\/\/cleitonpinheiro.com.br\/site\/"},{"@type":"ListItem","position":2,"name":"SENAI abre processo seletivo para T\u00e9cnico Administrativo em Palmas"}]},{"@type":"WebSite","@id":"https:\/\/cleitonpinheiro.com.br\/site\/#website","url":"https:\/\/cleitonpinheiro.com.br\/site\/","name":"PORTAL DE NOT\u00cdCIAS CLEITON PINHEIRO","description":"FALANDO A VERDADE","publisher":{"@id":"https:\/\/cleitonpinheiro.com.br\/site\/#organization"},"potentialAction":[{"@type":"SearchAction","target":{"@type":"EntryPoint","urlTemplate":"https:\/\/cleitonpinheiro.com.br\/site\/?s={search_term_string}"},"query-input":{"@type":"PropertyValueSpecification","valueRequired":true,"valueName":"search_term_string"}}],"inLanguage":"pt-BR"},{"@type":"Organization","@id":"https:\/\/cleitonpinheiro.com.br\/site\/#organization","name":"CPNOT\u00cdCIAS","url":"https:\/\/cleitonpinheiro.com.br\/site\/","logo":{"@type":"ImageObject","inLanguage":"pt-BR","@id":"https:\/\/cleitonpinheiro.com.br\/site\/#\/schema\/logo\/image\/","url":"https:\/\/cleitonpinheiro.com.br\/site\/wp-content\/uploads\/2022\/08\/Logo-pequena-2.png","contentUrl":"https:\/\/cleitonpinheiro.com.br\/site\/wp-content\/uploads\/2022\/08\/Logo-pequena-2.png","width":500,"height":500,"caption":"CPNOT\u00cdCIAS"},"image":{"@id":"https:\/\/cleitonpinheiro.com.br\/site\/#\/schema\/logo\/image\/"},"sameAs":["https:\/\/www.facebook.com\/portalcpnoticias\/"]},{"@type":"Person","@id":"https:\/\/cleitonpinheiro.com.br\/site\/#\/schema\/person\/aac6d7f311e80c43042e98a900b03cd8","name":"Dermival Pereira","image":{"@type":"ImageObject","inLanguage":"pt-BR","@id":"https:\/\/cleitonpinheiro.com.br\/site\/#\/schema\/person\/image\/","url":"https:\/\/secure.gravatar.com\/avatar\/cfaebf3742d6bf8db728bcba3eed6bee37b02337a2e6c822994f20ca72a3784d?s=96&r=g","contentUrl":"https:\/\/secure.gravatar.com\/avatar\/cfaebf3742d6bf8db728bcba3eed6bee37b02337a2e6c822994f20ca72a3784d?s=96&r=g","caption":"Dermival Pereira"},"url":"https:\/\/cleitonpinheiro.com.br\/site\/author\/dermival\/"}]}},"views":244,"_links":{"self":[{"href":"https:\/\/cleitonpinheiro.com.br\/site\/wp-json\/wp\/v2\/posts\/72359","targetHints":{"allow":["GET"]}}],"collection":[{"href":"https:\/\/cleitonpinheiro.com.br\/site\/wp-json\/wp\/v2\/posts"}],"about":[{"href":"https:\/\/cleitonpinheiro.com.br\/site\/wp-json\/wp\/v2\/types\/post"}],"author":[{"embeddable":true,"href":"https:\/\/cleitonpinheiro.com.br\/site\/wp-json\/wp\/v2\/users\/4"}],"replies":[{"embeddable":true,"href":"https:\/\/cleitonpinheiro.com.br\/site\/wp-json\/wp\/v2\/comments?post=72359"}],"version-history":[{"count":1,"href":"https:\/\/cleitonpinheiro.com.br\/site\/wp-json\/wp\/v2\/posts\/72359\/revisions"}],"predecessor-version":[{"id":72361,"href":"https:\/\/cleitonpinheiro.com.br\/site\/wp-json\/wp\/v2\/posts\/72359\/revisions\/72361"}],"wp:attachment":[{"href":"https:\/\/cleitonpinheiro.com.br\/site\/wp-json\/wp\/v2\/media?parent=72359"}],"wp:term":[{"taxonomy":"category","embeddable":true,"href":"https:\/\/cleitonpinheiro.com.br\/site\/wp-json\/wp\/v2\/categories?post=72359"},{"taxonomy":"post_tag","embeddable":true,"href":"https:\/\/cleitonpinheiro.com.br\/site\/wp-json\/wp\/v2\/tags?post=72359"}],"curies":[{"name":"wp","href":"https:\/\/api.w.org\/{rel}","templated":true}]}}