{"id":72370,"date":"2023-06-22T16:05:48","date_gmt":"2023-06-22T19:05:48","guid":{"rendered":"https:\/\/cleitonpinheiro.com.br\/site\/?p=72370"},"modified":"2023-12-27T12:35:45","modified_gmt":"2023-12-27T15:35:45","slug":"arrecadacao-e-recorde-em-abril-e-maio-e-chega-a-r-9625-bi-no-ano","status":"publish","type":"post","link":"https:\/\/cleitonpinheiro.com.br\/site\/arrecadacao-e-recorde-em-abril-e-maio-e-chega-a-r-9625-bi-no-ano\/","title":{"rendered":"Arrecada\u00e7\u00e3o \u00e9 recorde em abril e maio e chega a R$ 962,5 bi no ano"},"content":{"rendered":"\n<figure class=\"wp-block-image size-full is-resized\"><img fetchpriority=\"high\" decoding=\"async\" src=\"https:\/\/cleitonpinheiro.com.br\/site\/wp-content\/uploads\/2023\/02\/dinheiro-27-1.jpg\" alt=\"\" class=\"wp-image-67941\" width=\"1019\" height=\"637\"\/><\/figure>\n\n\n\n<p>A arrecada\u00e7\u00e3o da Uni\u00e3o com impostos e outras receitas teve recorde em abril e maio&nbsp;e alcan\u00e7ou R$ R$ 962,49 bilh\u00f5es no acumulado do ano. O resultado representa uma alta real de 1,02%, ou seja, descontada a infla\u00e7\u00e3o, em valores corrigidos pelo \u00cdndice Nacional de Pre\u00e7os ao Consumidor Amplo (IPCA).<\/p>\n\n\n\n<p>Os dados foram divulgados nesta quinta-feira (22) pela Receita Federal. \u00c9 o melhor desempenho arrecadat\u00f3rio para o per\u00edodo acumulado, de janeiro a maio, da s\u00e9rie hist\u00f3rica, iniciada em 1995.<\/p>\n\n\n\n<p>Em abril, a arrecada\u00e7\u00e3o somou R$ 203,88 bilh\u00f5es. Na compara\u00e7\u00e3o com o mesmo m\u00eas do ano passado, houve aumento real de 0,31%. Segundo a Receita, tamb\u00e9m \u00e9 o melhor desempenho para abril e para o primeiro quadrimestre da s\u00e9rie hist\u00f3rica.<\/p>\n\n\n\n<p>J\u00e1 em maio, a arrecada\u00e7\u00e3o totalizou R$ 176,81 bilh\u00f5es, tamb\u00e9m o maior valor j\u00e1 registrado para esse m\u00eas desde 1995. Em rela\u00e7\u00e3o a maio de 2022, houve acr\u00e9scimo real de 2,89%.<\/p>\n\n\n\n<p>Os dados completos sobre a arrecada\u00e7\u00e3o&nbsp;<a href=\"https:\/\/www.gov.br\/receitafederal\/pt-br\/centrais-de-conteudo\/publicacoes\/relatorios\/arrecadacao-federal\" target=\"_blank\" rel=\"noreferrer noopener\"><strong>est\u00e3o dispon\u00edveis no&nbsp;<em>site<\/em>&nbsp;da Receita Federal<\/strong><\/a>. As informa\u00e7\u00f5es s\u00e3o divulgadas mensalmente, mas a greve dos auditores da Receita atrasou a publica\u00e7\u00e3o dos dados de abril.<\/p>\n\n\n\n<p>Dados mais recentes<\/p>\n\n\n\n<p>Em maio, em rela\u00e7\u00e3o \u00e0s receitas administradas pela Receita Federal, o valor arrecadado ficou em R$ 171,42 bilh\u00f5es, representando acr\u00e9scimo real de 3,54%, enquanto no per\u00edodo acumulado de janeiro e maio a arrecada\u00e7\u00e3o alcan\u00e7ou R$ 913,89 bilh\u00f5es, aumento real de 2,44%.<\/p>\n\n\n\n<p>A alta pode ser explicada, principalmente, pelo desempenho dos principais indicadores macroecon\u00f4micos que influenciam a arrecada\u00e7\u00e3o de tributos e pela arrecada\u00e7\u00e3o da receita previdenci\u00e1ria e do Imposto de Renda Retido na Fonte (IRRF) &#8211; Rendimentos do Capital.<\/p>\n\n\n\n<p>S\u00f3 em maio, a receita previdenci\u00e1ria alcan\u00e7ou R$ 48,39 bilh\u00f5es, com acr\u00e9scimo real de 6,98%, em raz\u00e3o do aumento real de 4,38% da massa salarial. Al\u00e9m disso, houve crescimento de 30% das compensa\u00e7\u00f5es tribut\u00e1rias com d\u00e9bitos de receita previdenci\u00e1ria em raz\u00e3o da Lei 13.670\/18, que vedou a utiliza\u00e7\u00e3o de cr\u00e9ditos tribut\u00e1rios para a compensa\u00e7\u00e3o de d\u00e9bitos de estimativas mensais do Imposto de Renda Pessoa Jur\u00eddica (IRPJ) e da Contribui\u00e7\u00e3o Social Sobre o Lucro L\u00edquido (CSLL), que incide sobre o lucro das empresas.<\/p>\n\n\n\n<p>No acumulado do ano, o resultado da receita previdenci\u00e1ria chegou a R$ 239,79 bilh\u00f5es, alta real de 7,20%. Esse item pode ser explicado pelo aumento real de 9,82% da massa salarial e de 32% nas compensa\u00e7\u00f5es tribut\u00e1rias com os d\u00e9bitos.<\/p>\n\n\n\n<p>J\u00e1 o IRRF &#8211; Rendimentos de Capital&nbsp;totalizou uma arrecada\u00e7\u00e3o de R$ 7,42 bilh\u00f5es em maio, com acr\u00e9scimo real de 23,07%. Os resultados podem ser explicados pela alta da taxa Selic (juros b\u00e1sicos da economia), que influenciou o recolhimento dos rendimentos dos fundos e t\u00edtulos de renda fixa. No m\u00eas, o acr\u00e9scimo nesses itens foi de 9,37% e 59,32%, respectivamente.<\/p>\n\n\n\n<p>No acumulado do ano, o IRRF &#8211; Rendimentos de Capital teve alta de 37,39%, chegando a R$ 40,65 bilh\u00f5es. Os acr\u00e9scimos nominais chegaram a 41,24% em fundos e a 77,69% em t\u00edtulos de renda fixa.<\/p>\n\n\n\n<p>Indicadores macroecon\u00f4micos<\/p>\n\n\n\n<p>A Receita Federal apresentou, tamb\u00e9m, os principais indicadores macroecon\u00f4micos que ajudam a explicar o desempenho da arrecada\u00e7\u00e3o, tanto no m\u00eas quanto no acumulado do ano. Entre eles, figuram a venda de servi\u00e7os, com crescimento de 2,7% em abril (fator gerador da arrecada\u00e7\u00e3o de maio) e 5,31% no ano; e a massa salarial, que mant\u00e9m crescimento&nbsp;de 8,75% no m\u00eas (15,46% no ano), em rela\u00e7\u00e3o ao mesmo m\u00eas de 2022.<\/p>\n\n\n\n<p>A venda de bens tamb\u00e9m teve alta de 3,10% no m\u00eas e de 2,28% no ano.<\/p>\n\n\n\n<p>J\u00e1 o valor em d\u00f3lar das importa\u00e7\u00f5es teve queda de 10,29% em rela\u00e7\u00e3o a abril do ano passado e de 4,70% no ano. A produ\u00e7\u00e3o industrial teve retra\u00e7\u00e3o de 3,45% em abril e tamb\u00e9m caiu 1,36% no acumulado do ano, comparado ao per\u00edodo de dezembro a abril de 2022.<\/p>\n\n\n\n<p>Lucro das empresas<\/p>\n\n\n\n<p>O resultado da arrecada\u00e7\u00e3o de maio foi influenciado por altera\u00e7\u00f5es na legisla\u00e7\u00e3o tribut\u00e1ria e por pagamentos at\u00edpicos tanto em 2022 quanto em 2023, especialmente do Imposto de Renda Pessoa Jur\u00eddica (IRPJ) e da Contribui\u00e7\u00e3o Social Sobre o Lucro L\u00edquido (CSLL), que incide sobre o lucro das empresas. Segundo a Receita, ambos s\u00e3o importantes indicadores da atividade econ\u00f4mica, sobretudo, do setor produtivo.<\/p>\n\n\n\n<p>As desonera\u00e7\u00f5es concedidas no Imposto sobre Produtos Industrializados (IPI) e Programa de Integra\u00e7\u00e3o Social\/Contribui\u00e7\u00e3o para Financiamento da Seguridade Social (PIS\/Cofins) tamb\u00e9m influenciaram no resultado.<\/p>\n\n\n\n<p>A arrecada\u00e7\u00e3o do IRPJ e da CSLL somou R$ 24,89 bilh\u00f5es em maio, com redu\u00e7\u00e3o real de 4,63% sobre o mesmo m\u00eas de 2022. O resultado \u00e9 explicado pelo decr\u00e9scimo real de 11,05% na arrecada\u00e7\u00e3o da estimativa mensal de empresas. Na apura\u00e7\u00e3o por estimativa mensal, o lucro real \u00e9 apurado anualmente, sendo que a empresa est\u00e1 obrigada a recolher mensalmente o imposto, calculado sobre uma base estimada.<\/p>\n\n\n\n<p>No acumulado do ano, o IRPJ e a CSLL somaram R$ 229,60 bilh\u00f5es, com queda real de 0,82%. Esse desempenho \u00e9 explicado pelo crescimento real de 1,05% da estimativa mensal, de 12,20% do balan\u00e7o trimestral e de 7,09% do lucro presumido, conjugado com o decr\u00e9scimo real de 34,39% na declara\u00e7\u00e3o de ajuste do IRPJ e da CSLL, relativa a fatos geradores ocorridos em 2022.<\/p>\n\n\n\n<p>\u201cAl\u00e9m disso, houve recolhimentos at\u00edpicos da ordem de R$ 5 bilh\u00f5es, especialmente por empresas ligadas \u00e0 explora\u00e7\u00e3o de&nbsp;<em>commodities<\/em>, de janeiro a maio deste ano, e de 20 bilh\u00f5es, no mesmo per\u00edodo de 2022\u201d, informou a Receita Federal. Apenas no m\u00eas de maio deste ano n\u00e3o houve recolhimento de receitas extraordin\u00e1rias no IRPJ e na CSLL. Em maio de 2022, houve arrecada\u00e7\u00e3o de 2 bilh\u00f5es nesses itens.<\/p>\n\n\n\n<p>Tamb\u00e9m houve recolhimento extra do imposto de exporta\u00e7\u00e3o sobre combust\u00edveis em maio deste ano, de R$ 1,02 bilh\u00e3o, o que n\u00e3o aconteceu em maio de 2022.<\/p>\n\n\n\n<p>J\u00e1 em rela\u00e7\u00e3o \u00e0s desonera\u00e7\u00f5es tribut\u00e1rias, apenas em maio, a redu\u00e7\u00e3o de al\u00edquotas do PIS\/Cofins sobre combust\u00edveis resultou em uma desonera\u00e7\u00e3o de R$ 3 bilh\u00f5es. No ano, a desonera\u00e7\u00e3o chega a R$ 17,25 bilh\u00f5es. J\u00e1 a redu\u00e7\u00e3o de al\u00edquotas de IIPI&nbsp;custou R$ 1,9 bilh\u00e3o \u00e0 Receita no m\u00eas passado e R$ 7,6 bilh\u00f5es no acumulado de janeiro e maio.<\/p>\n\n\n\n<p>\u201cSem considerar os fatores n\u00e3o recorrentes acima, haveria um crescimento real de 6,46% na arrecada\u00e7\u00e3o do per\u00edodo e de 4,87% na arrecada\u00e7\u00e3o do m\u00eas de maio\u201d, informou o \u00f3rg\u00e3o.<\/p>\n","protected":false},"excerpt":{"rendered":"<p>A arrecada\u00e7\u00e3o da Uni\u00e3o com impostos e outras receitas teve recorde em abril e maio&nbsp;e alcan\u00e7ou R$ R$ 962,49 bilh\u00f5es no acumulado do ano. O resultado representa uma alta real de 1,02%, ou seja, descontada a infla\u00e7\u00e3o, em valores corrigidos pelo \u00cdndice Nacional de Pre\u00e7os ao Consumidor Amplo (IPCA). Os dados foram divulgados nesta quinta-feira [&hellip;]<\/p>\n","protected":false},"author":4,"featured_media":0,"comment_status":"open","ping_status":"open","sticky":false,"template":"","format":"standard","meta":{"_acf_changed":false,"footnotes":""},"categories":[19,21],"tags":[],"class_list":["post-72370","post","type-post","status-publish","format-standard","hentry","category-brasil-mundo","category-todas-noticias"],"acf":[],"yoast_head":"<!-- This site is optimized with the Yoast SEO plugin v24.4 - https:\/\/yoast.com\/wordpress\/plugins\/seo\/ -->\n<title>Arrecada\u00e7\u00e3o \u00e9 recorde em abril e maio e chega a R$ 962,5 bi no ano - PORTAL DE NOT\u00cdCIAS CLEITON PINHEIRO<\/title>\n<meta name=\"robots\" content=\"index, follow, max-snippet:-1, max-image-preview:large, max-video-preview:-1\" \/>\n<link rel=\"canonical\" href=\"https:\/\/cleitonpinheiro.com.br\/site\/arrecadacao-e-recorde-em-abril-e-maio-e-chega-a-r-9625-bi-no-ano\/\" \/>\n<meta property=\"og:locale\" content=\"pt_BR\" \/>\n<meta property=\"og:type\" content=\"article\" \/>\n<meta property=\"og:title\" content=\"Arrecada\u00e7\u00e3o \u00e9 recorde em abril e maio e chega a R$ 962,5 bi no ano - PORTAL DE NOT\u00cdCIAS CLEITON PINHEIRO\" \/>\n<meta property=\"og:description\" content=\"A arrecada\u00e7\u00e3o da Uni\u00e3o com impostos e outras receitas teve recorde em abril e maio&nbsp;e alcan\u00e7ou R$ R$ 962,49 bilh\u00f5es no acumulado do ano. O resultado representa uma alta real de 1,02%, ou seja, descontada a infla\u00e7\u00e3o, em valores corrigidos pelo \u00cdndice Nacional de Pre\u00e7os ao Consumidor Amplo (IPCA). Os dados foram divulgados nesta quinta-feira [&hellip;]\" \/>\n<meta property=\"og:url\" content=\"https:\/\/cleitonpinheiro.com.br\/site\/arrecadacao-e-recorde-em-abril-e-maio-e-chega-a-r-9625-bi-no-ano\/\" \/>\n<meta property=\"og:site_name\" content=\"PORTAL DE NOT\u00cdCIAS CLEITON PINHEIRO\" \/>\n<meta property=\"article:publisher\" content=\"https:\/\/www.facebook.com\/portalcpnoticias\/\" \/>\n<meta property=\"article:published_time\" content=\"2023-06-22T19:05:48+00:00\" \/>\n<meta property=\"article:modified_time\" content=\"2023-12-27T15:35:45+00:00\" \/>\n<meta property=\"og:image\" content=\"https:\/\/cleitonpinheiro.com.br\/site\/wp-content\/uploads\/2022\/03\/Dinheiroeditadooo.jpg\" \/>\n\t<meta property=\"og:image:width\" content=\"750\" \/>\n\t<meta property=\"og:image:height\" content=\"450\" \/>\n\t<meta property=\"og:image:type\" content=\"image\/jpeg\" \/>\n<meta name=\"author\" content=\"Dermival Pereira\" \/>\n<meta name=\"twitter:card\" content=\"summary_large_image\" \/>\n<meta name=\"twitter:label1\" content=\"Escrito por\" \/>\n\t<meta name=\"twitter:data1\" content=\"Dermival Pereira\" \/>\n\t<meta name=\"twitter:label2\" content=\"Est. tempo de leitura\" \/>\n\t<meta name=\"twitter:data2\" content=\"6 minutos\" \/>\n<script type=\"application\/ld+json\" class=\"yoast-schema-graph\">{\"@context\":\"https:\/\/schema.org\",\"@graph\":[{\"@type\":\"Article\",\"@id\":\"https:\/\/cleitonpinheiro.com.br\/site\/arrecadacao-e-recorde-em-abril-e-maio-e-chega-a-r-9625-bi-no-ano\/#article\",\"isPartOf\":{\"@id\":\"https:\/\/cleitonpinheiro.com.br\/site\/arrecadacao-e-recorde-em-abril-e-maio-e-chega-a-r-9625-bi-no-ano\/\"},\"author\":{\"name\":\"Dermival Pereira\",\"@id\":\"https:\/\/cleitonpinheiro.com.br\/site\/#\/schema\/person\/aac6d7f311e80c43042e98a900b03cd8\"},\"headline\":\"Arrecada\u00e7\u00e3o \u00e9 recorde em abril e maio e chega a R$ 962,5 bi no ano\",\"datePublished\":\"2023-06-22T19:05:48+00:00\",\"dateModified\":\"2023-12-27T15:35:45+00:00\",\"mainEntityOfPage\":{\"@id\":\"https:\/\/cleitonpinheiro.com.br\/site\/arrecadacao-e-recorde-em-abril-e-maio-e-chega-a-r-9625-bi-no-ano\/\"},\"wordCount\":1122,\"commentCount\":0,\"publisher\":{\"@id\":\"https:\/\/cleitonpinheiro.com.br\/site\/#organization\"},\"image\":{\"@id\":\"https:\/\/cleitonpinheiro.com.br\/site\/arrecadacao-e-recorde-em-abril-e-maio-e-chega-a-r-9625-bi-no-ano\/#primaryimage\"},\"thumbnailUrl\":\"https:\/\/cleitonpinheiro.com.br\/site\/wp-content\/uploads\/2023\/02\/dinheiro-27-1.jpg\",\"articleSection\":[\"BRASIL \/ MUNDO\",\"TODAS NOTICIAS\"],\"inLanguage\":\"pt-BR\",\"potentialAction\":[{\"@type\":\"CommentAction\",\"name\":\"Comment\",\"target\":[\"https:\/\/cleitonpinheiro.com.br\/site\/arrecadacao-e-recorde-em-abril-e-maio-e-chega-a-r-9625-bi-no-ano\/#respond\"]}]},{\"@type\":\"WebPage\",\"@id\":\"https:\/\/cleitonpinheiro.com.br\/site\/arrecadacao-e-recorde-em-abril-e-maio-e-chega-a-r-9625-bi-no-ano\/\",\"url\":\"https:\/\/cleitonpinheiro.com.br\/site\/arrecadacao-e-recorde-em-abril-e-maio-e-chega-a-r-9625-bi-no-ano\/\",\"name\":\"Arrecada\u00e7\u00e3o \u00e9 recorde em abril e maio e chega a R$ 962,5 bi no ano - PORTAL DE NOT\u00cdCIAS CLEITON PINHEIRO\",\"isPartOf\":{\"@id\":\"https:\/\/cleitonpinheiro.com.br\/site\/#website\"},\"primaryImageOfPage\":{\"@id\":\"https:\/\/cleitonpinheiro.com.br\/site\/arrecadacao-e-recorde-em-abril-e-maio-e-chega-a-r-9625-bi-no-ano\/#primaryimage\"},\"image\":{\"@id\":\"https:\/\/cleitonpinheiro.com.br\/site\/arrecadacao-e-recorde-em-abril-e-maio-e-chega-a-r-9625-bi-no-ano\/#primaryimage\"},\"thumbnailUrl\":\"https:\/\/cleitonpinheiro.com.br\/site\/wp-content\/uploads\/2023\/02\/dinheiro-27-1.jpg\",\"datePublished\":\"2023-06-22T19:05:48+00:00\",\"dateModified\":\"2023-12-27T15:35:45+00:00\",\"breadcrumb\":{\"@id\":\"https:\/\/cleitonpinheiro.com.br\/site\/arrecadacao-e-recorde-em-abril-e-maio-e-chega-a-r-9625-bi-no-ano\/#breadcrumb\"},\"inLanguage\":\"pt-BR\",\"potentialAction\":[{\"@type\":\"ReadAction\",\"target\":[\"https:\/\/cleitonpinheiro.com.br\/site\/arrecadacao-e-recorde-em-abril-e-maio-e-chega-a-r-9625-bi-no-ano\/\"]}]},{\"@type\":\"ImageObject\",\"inLanguage\":\"pt-BR\",\"@id\":\"https:\/\/cleitonpinheiro.com.br\/site\/arrecadacao-e-recorde-em-abril-e-maio-e-chega-a-r-9625-bi-no-ano\/#primaryimage\",\"url\":\"\",\"contentUrl\":\"\"},{\"@type\":\"BreadcrumbList\",\"@id\":\"https:\/\/cleitonpinheiro.com.br\/site\/arrecadacao-e-recorde-em-abril-e-maio-e-chega-a-r-9625-bi-no-ano\/#breadcrumb\",\"itemListElement\":[{\"@type\":\"ListItem\",\"position\":1,\"name\":\"In\u00edcio\",\"item\":\"https:\/\/cleitonpinheiro.com.br\/site\/\"},{\"@type\":\"ListItem\",\"position\":2,\"name\":\"Arrecada\u00e7\u00e3o \u00e9 recorde em abril e maio e chega a R$ 962,5 bi no ano\"}]},{\"@type\":\"WebSite\",\"@id\":\"https:\/\/cleitonpinheiro.com.br\/site\/#website\",\"url\":\"https:\/\/cleitonpinheiro.com.br\/site\/\",\"name\":\"PORTAL DE NOT\u00cdCIAS CLEITON PINHEIRO\",\"description\":\"FALANDO A VERDADE\",\"publisher\":{\"@id\":\"https:\/\/cleitonpinheiro.com.br\/site\/#organization\"},\"potentialAction\":[{\"@type\":\"SearchAction\",\"target\":{\"@type\":\"EntryPoint\",\"urlTemplate\":\"https:\/\/cleitonpinheiro.com.br\/site\/?s={search_term_string}\"},\"query-input\":{\"@type\":\"PropertyValueSpecification\",\"valueRequired\":true,\"valueName\":\"search_term_string\"}}],\"inLanguage\":\"pt-BR\"},{\"@type\":\"Organization\",\"@id\":\"https:\/\/cleitonpinheiro.com.br\/site\/#organization\",\"name\":\"CPNOT\u00cdCIAS\",\"url\":\"https:\/\/cleitonpinheiro.com.br\/site\/\",\"logo\":{\"@type\":\"ImageObject\",\"inLanguage\":\"pt-BR\",\"@id\":\"https:\/\/cleitonpinheiro.com.br\/site\/#\/schema\/logo\/image\/\",\"url\":\"https:\/\/cleitonpinheiro.com.br\/site\/wp-content\/uploads\/2022\/08\/Logo-pequena-2.png\",\"contentUrl\":\"https:\/\/cleitonpinheiro.com.br\/site\/wp-content\/uploads\/2022\/08\/Logo-pequena-2.png\",\"width\":500,\"height\":500,\"caption\":\"CPNOT\u00cdCIAS\"},\"image\":{\"@id\":\"https:\/\/cleitonpinheiro.com.br\/site\/#\/schema\/logo\/image\/\"},\"sameAs\":[\"https:\/\/www.facebook.com\/portalcpnoticias\/\"]},{\"@type\":\"Person\",\"@id\":\"https:\/\/cleitonpinheiro.com.br\/site\/#\/schema\/person\/aac6d7f311e80c43042e98a900b03cd8\",\"name\":\"Dermival Pereira\",\"image\":{\"@type\":\"ImageObject\",\"inLanguage\":\"pt-BR\",\"@id\":\"https:\/\/cleitonpinheiro.com.br\/site\/#\/schema\/person\/image\/\",\"url\":\"https:\/\/secure.gravatar.com\/avatar\/cfaebf3742d6bf8db728bcba3eed6bee37b02337a2e6c822994f20ca72a3784d?s=96&r=g\",\"contentUrl\":\"https:\/\/secure.gravatar.com\/avatar\/cfaebf3742d6bf8db728bcba3eed6bee37b02337a2e6c822994f20ca72a3784d?s=96&r=g\",\"caption\":\"Dermival Pereira\"},\"url\":\"https:\/\/cleitonpinheiro.com.br\/site\/author\/dermival\/\"}]}<\/script>\n<!-- \/ Yoast SEO plugin. -->","yoast_head_json":{"title":"Arrecada\u00e7\u00e3o \u00e9 recorde em abril e maio e chega a R$ 962,5 bi no ano - PORTAL DE NOT\u00cdCIAS CLEITON PINHEIRO","robots":{"index":"index","follow":"follow","max-snippet":"max-snippet:-1","max-image-preview":"max-image-preview:large","max-video-preview":"max-video-preview:-1"},"canonical":"https:\/\/cleitonpinheiro.com.br\/site\/arrecadacao-e-recorde-em-abril-e-maio-e-chega-a-r-9625-bi-no-ano\/","og_locale":"pt_BR","og_type":"article","og_title":"Arrecada\u00e7\u00e3o \u00e9 recorde em abril e maio e chega a R$ 962,5 bi no ano - PORTAL DE NOT\u00cdCIAS CLEITON PINHEIRO","og_description":"A arrecada\u00e7\u00e3o da Uni\u00e3o com impostos e outras receitas teve recorde em abril e maio&nbsp;e alcan\u00e7ou R$ R$ 962,49 bilh\u00f5es no acumulado do ano. O resultado representa uma alta real de 1,02%, ou seja, descontada a infla\u00e7\u00e3o, em valores corrigidos pelo \u00cdndice Nacional de Pre\u00e7os ao Consumidor Amplo (IPCA). Os dados foram divulgados nesta quinta-feira [&hellip;]","og_url":"https:\/\/cleitonpinheiro.com.br\/site\/arrecadacao-e-recorde-em-abril-e-maio-e-chega-a-r-9625-bi-no-ano\/","og_site_name":"PORTAL DE NOT\u00cdCIAS CLEITON PINHEIRO","article_publisher":"https:\/\/www.facebook.com\/portalcpnoticias\/","article_published_time":"2023-06-22T19:05:48+00:00","article_modified_time":"2023-12-27T15:35:45+00:00","og_image":[{"width":750,"height":450,"url":"https:\/\/cleitonpinheiro.com.br\/site\/wp-content\/uploads\/2022\/03\/Dinheiroeditadooo.jpg","type":"image\/jpeg"}],"author":"Dermival Pereira","twitter_card":"summary_large_image","twitter_misc":{"Escrito por":"Dermival Pereira","Est. tempo de leitura":"6 minutos"},"schema":{"@context":"https:\/\/schema.org","@graph":[{"@type":"Article","@id":"https:\/\/cleitonpinheiro.com.br\/site\/arrecadacao-e-recorde-em-abril-e-maio-e-chega-a-r-9625-bi-no-ano\/#article","isPartOf":{"@id":"https:\/\/cleitonpinheiro.com.br\/site\/arrecadacao-e-recorde-em-abril-e-maio-e-chega-a-r-9625-bi-no-ano\/"},"author":{"name":"Dermival Pereira","@id":"https:\/\/cleitonpinheiro.com.br\/site\/#\/schema\/person\/aac6d7f311e80c43042e98a900b03cd8"},"headline":"Arrecada\u00e7\u00e3o \u00e9 recorde em abril e maio e chega a R$ 962,5 bi no ano","datePublished":"2023-06-22T19:05:48+00:00","dateModified":"2023-12-27T15:35:45+00:00","mainEntityOfPage":{"@id":"https:\/\/cleitonpinheiro.com.br\/site\/arrecadacao-e-recorde-em-abril-e-maio-e-chega-a-r-9625-bi-no-ano\/"},"wordCount":1122,"commentCount":0,"publisher":{"@id":"https:\/\/cleitonpinheiro.com.br\/site\/#organization"},"image":{"@id":"https:\/\/cleitonpinheiro.com.br\/site\/arrecadacao-e-recorde-em-abril-e-maio-e-chega-a-r-9625-bi-no-ano\/#primaryimage"},"thumbnailUrl":"https:\/\/cleitonpinheiro.com.br\/site\/wp-content\/uploads\/2023\/02\/dinheiro-27-1.jpg","articleSection":["BRASIL \/ MUNDO","TODAS NOTICIAS"],"inLanguage":"pt-BR","potentialAction":[{"@type":"CommentAction","name":"Comment","target":["https:\/\/cleitonpinheiro.com.br\/site\/arrecadacao-e-recorde-em-abril-e-maio-e-chega-a-r-9625-bi-no-ano\/#respond"]}]},{"@type":"WebPage","@id":"https:\/\/cleitonpinheiro.com.br\/site\/arrecadacao-e-recorde-em-abril-e-maio-e-chega-a-r-9625-bi-no-ano\/","url":"https:\/\/cleitonpinheiro.com.br\/site\/arrecadacao-e-recorde-em-abril-e-maio-e-chega-a-r-9625-bi-no-ano\/","name":"Arrecada\u00e7\u00e3o \u00e9 recorde em abril e maio e chega a R$ 962,5 bi no ano - PORTAL DE NOT\u00cdCIAS CLEITON PINHEIRO","isPartOf":{"@id":"https:\/\/cleitonpinheiro.com.br\/site\/#website"},"primaryImageOfPage":{"@id":"https:\/\/cleitonpinheiro.com.br\/site\/arrecadacao-e-recorde-em-abril-e-maio-e-chega-a-r-9625-bi-no-ano\/#primaryimage"},"image":{"@id":"https:\/\/cleitonpinheiro.com.br\/site\/arrecadacao-e-recorde-em-abril-e-maio-e-chega-a-r-9625-bi-no-ano\/#primaryimage"},"thumbnailUrl":"https:\/\/cleitonpinheiro.com.br\/site\/wp-content\/uploads\/2023\/02\/dinheiro-27-1.jpg","datePublished":"2023-06-22T19:05:48+00:00","dateModified":"2023-12-27T15:35:45+00:00","breadcrumb":{"@id":"https:\/\/cleitonpinheiro.com.br\/site\/arrecadacao-e-recorde-em-abril-e-maio-e-chega-a-r-9625-bi-no-ano\/#breadcrumb"},"inLanguage":"pt-BR","potentialAction":[{"@type":"ReadAction","target":["https:\/\/cleitonpinheiro.com.br\/site\/arrecadacao-e-recorde-em-abril-e-maio-e-chega-a-r-9625-bi-no-ano\/"]}]},{"@type":"ImageObject","inLanguage":"pt-BR","@id":"https:\/\/cleitonpinheiro.com.br\/site\/arrecadacao-e-recorde-em-abril-e-maio-e-chega-a-r-9625-bi-no-ano\/#primaryimage","url":"","contentUrl":""},{"@type":"BreadcrumbList","@id":"https:\/\/cleitonpinheiro.com.br\/site\/arrecadacao-e-recorde-em-abril-e-maio-e-chega-a-r-9625-bi-no-ano\/#breadcrumb","itemListElement":[{"@type":"ListItem","position":1,"name":"In\u00edcio","item":"https:\/\/cleitonpinheiro.com.br\/site\/"},{"@type":"ListItem","position":2,"name":"Arrecada\u00e7\u00e3o \u00e9 recorde em abril e maio e chega a R$ 962,5 bi no ano"}]},{"@type":"WebSite","@id":"https:\/\/cleitonpinheiro.com.br\/site\/#website","url":"https:\/\/cleitonpinheiro.com.br\/site\/","name":"PORTAL DE NOT\u00cdCIAS CLEITON PINHEIRO","description":"FALANDO A VERDADE","publisher":{"@id":"https:\/\/cleitonpinheiro.com.br\/site\/#organization"},"potentialAction":[{"@type":"SearchAction","target":{"@type":"EntryPoint","urlTemplate":"https:\/\/cleitonpinheiro.com.br\/site\/?s={search_term_string}"},"query-input":{"@type":"PropertyValueSpecification","valueRequired":true,"valueName":"search_term_string"}}],"inLanguage":"pt-BR"},{"@type":"Organization","@id":"https:\/\/cleitonpinheiro.com.br\/site\/#organization","name":"CPNOT\u00cdCIAS","url":"https:\/\/cleitonpinheiro.com.br\/site\/","logo":{"@type":"ImageObject","inLanguage":"pt-BR","@id":"https:\/\/cleitonpinheiro.com.br\/site\/#\/schema\/logo\/image\/","url":"https:\/\/cleitonpinheiro.com.br\/site\/wp-content\/uploads\/2022\/08\/Logo-pequena-2.png","contentUrl":"https:\/\/cleitonpinheiro.com.br\/site\/wp-content\/uploads\/2022\/08\/Logo-pequena-2.png","width":500,"height":500,"caption":"CPNOT\u00cdCIAS"},"image":{"@id":"https:\/\/cleitonpinheiro.com.br\/site\/#\/schema\/logo\/image\/"},"sameAs":["https:\/\/www.facebook.com\/portalcpnoticias\/"]},{"@type":"Person","@id":"https:\/\/cleitonpinheiro.com.br\/site\/#\/schema\/person\/aac6d7f311e80c43042e98a900b03cd8","name":"Dermival Pereira","image":{"@type":"ImageObject","inLanguage":"pt-BR","@id":"https:\/\/cleitonpinheiro.com.br\/site\/#\/schema\/person\/image\/","url":"https:\/\/secure.gravatar.com\/avatar\/cfaebf3742d6bf8db728bcba3eed6bee37b02337a2e6c822994f20ca72a3784d?s=96&r=g","contentUrl":"https:\/\/secure.gravatar.com\/avatar\/cfaebf3742d6bf8db728bcba3eed6bee37b02337a2e6c822994f20ca72a3784d?s=96&r=g","caption":"Dermival Pereira"},"url":"https:\/\/cleitonpinheiro.com.br\/site\/author\/dermival\/"}]}},"views":256,"_links":{"self":[{"href":"https:\/\/cleitonpinheiro.com.br\/site\/wp-json\/wp\/v2\/posts\/72370","targetHints":{"allow":["GET"]}}],"collection":[{"href":"https:\/\/cleitonpinheiro.com.br\/site\/wp-json\/wp\/v2\/posts"}],"about":[{"href":"https:\/\/cleitonpinheiro.com.br\/site\/wp-json\/wp\/v2\/types\/post"}],"author":[{"embeddable":true,"href":"https:\/\/cleitonpinheiro.com.br\/site\/wp-json\/wp\/v2\/users\/4"}],"replies":[{"embeddable":true,"href":"https:\/\/cleitonpinheiro.com.br\/site\/wp-json\/wp\/v2\/comments?post=72370"}],"version-history":[{"count":2,"href":"https:\/\/cleitonpinheiro.com.br\/site\/wp-json\/wp\/v2\/posts\/72370\/revisions"}],"predecessor-version":[{"id":72372,"href":"https:\/\/cleitonpinheiro.com.br\/site\/wp-json\/wp\/v2\/posts\/72370\/revisions\/72372"}],"wp:attachment":[{"href":"https:\/\/cleitonpinheiro.com.br\/site\/wp-json\/wp\/v2\/media?parent=72370"}],"wp:term":[{"taxonomy":"category","embeddable":true,"href":"https:\/\/cleitonpinheiro.com.br\/site\/wp-json\/wp\/v2\/categories?post=72370"},{"taxonomy":"post_tag","embeddable":true,"href":"https:\/\/cleitonpinheiro.com.br\/site\/wp-json\/wp\/v2\/tags?post=72370"}],"curies":[{"name":"wp","href":"https:\/\/api.w.org\/{rel}","templated":true}]}}