{"id":72373,"date":"2023-06-22T16:35:23","date_gmt":"2023-06-22T19:35:23","guid":{"rendered":"https:\/\/cleitonpinheiro.com.br\/site\/?p=72373"},"modified":"2023-06-23T08:08:49","modified_gmt":"2023-06-23T11:08:49","slug":"mpe-pede-condenacao-de-bolsonaro-por-ataques-ao-sistema-eleitoral-e-reuniao-com-embaixadores","status":"publish","type":"post","link":"https:\/\/cleitonpinheiro.com.br\/site\/mpe-pede-condenacao-de-bolsonaro-por-ataques-ao-sistema-eleitoral-e-reuniao-com-embaixadores\/","title":{"rendered":"MPE pede condena\u00e7\u00e3o de Bolsonaro por ataques ao sistema eleitoral e reuni\u00e3o com embaixadores"},"content":{"rendered":"\n<figure class=\"wp-block-image size-full is-resized\"><img fetchpriority=\"high\" decoding=\"async\" src=\"https:\/\/cleitonpinheiro.com.br\/site\/wp-content\/uploads\/2023\/06\/Design-sem-nome-2023-06-22T163116-compressed.jpg\" alt=\"\" class=\"wp-image-72374\" width=\"1023\" height=\"614\"\/><figcaption class=\"wp-element-caption\">Marcelo Camargo\/Ag\u00eancia Brasil<\/figcaption><\/figure>\n\n\n\n<p>O vice-procurador Eleitoral, Paulo Gonet, defendeu hoje (22) a condena\u00e7\u00e3o do ex-presidente Jair Bolsonaro no processo que trata da divulga\u00e7\u00e3o de ataques ao sistema eletr\u00f4nico de vota\u00e7\u00e3o durante reuni\u00e3o realizada em julho do ano passado, no Pal\u00e1cio da Alvorada.<\/p>\n\n\n\n<p>Nesta manh\u00e3, o Tribunal Superior Eleitoral (TSE)&nbsp;<a href=\"https:\/\/agenciabrasil.ebc.com.br\/justica\/noticia\/2023-06\/tse-comeca-sessao-que-pode-levar-inelegibilidade-de-bolsonaro\" target=\"_blank\" rel=\"noreferrer noopener\"><strong>iniciou o julgamento<\/strong><\/a>&nbsp;da a\u00e7\u00e3o na qual o PDT questiona a legalidade da reuni\u00e3o e acusa Bolsonaro de abuso de poder pol\u00edtico e uso indevido dos meios de comunica\u00e7\u00e3o.<\/p>\n\n\n\n<p>Se o parecer do Minist\u00e9rio P\u00fablico Eleitoral (MPE) for acolhido pela Corte, Bolsonaro ficar\u00e1 ineleg\u00edvel pelo prazo de oito&nbsp;anos e n\u00e3o poder\u00e1 participar das pr\u00f3ximas elei\u00e7\u00f5es.<\/p>\n\n\n\n<p>No entendimento de Gonet, Bolsonaro cometeu abuso de poder p\u00fablico por transformar o evento com embaixadores em \u201cato eleitoreiro\u201d para proferir discurso de \u201cdesconfian\u00e7a e descr\u00e9dito\u201d sobre as elei\u00e7\u00f5es de 2022.<\/p>\n\n\n\n<p>\u201cO evento foi deformado em instrumento de manobra eleitoreira, traduzindo o desvio de finalidade\u201d, afirmou.<\/p>\n\n\n\n<p>O procurador disse que foram divulgadas informa\u00e7\u00f5es falsas sobre as elei\u00e7\u00f5es por meio de transmiss\u00e3o do evento nas redes sociais e pela\u00a0<strong>TV Brasil<\/strong>, uma emissora p\u00fablica. \u201cA reuni\u00e3o foi arregimentada para que a comunidade internacional e os cidad\u00e3os brasileiros, por meio da divulga\u00e7\u00e3o pela televis\u00e3o e internet, fossem expostos a alega\u00e7\u00f5es inver\u00eddicas para afetar a confian\u00e7a no sistema de vota\u00e7\u00e3o\u201d, concluiu.<\/p>\n\n\n\n<p>Ap\u00f3s a manifesta\u00e7\u00e3o de Gonet, o&nbsp;<a href=\"https:\/\/agenciabrasil.ebc.com.br\/justica\/noticia\/2023-06\/tse-encerra-primeiro-dia-de-julgamento-de-acao-contra-bolsonaro\" target=\"_blank\" rel=\"noreferrer noopener\"><strong>julgamento foi suspenso<\/strong><\/a>&nbsp;e ser\u00e1 retomado na ter\u00e7a-feira (27).<\/p>\n\n\n\n<p>PDT<\/p>\n\n\n\n<p>Durante a sess\u00e3o desta quinta-feira (22), o&nbsp;advogado do PDT,&nbsp;Walber de Moura Agra, defendeu a condena\u00e7\u00e3o do ex-presidente e&nbsp;<a href=\"https:\/\/agenciabrasil.ebc.com.br\/justica\/noticia\/2023-06\/pdt-reafirma-pedido-de-condenacao-de-bolsonaro-por-ataque-urna\" target=\"_blank\" rel=\"noreferrer noopener\"><strong>afirmou que foram divulgados ataques inver\u00eddicos ao sistema eleitoral<\/strong><\/a>, como insinua\u00e7\u00f5es de possibilidade de fraude e de falta de auditoria das urnas.<\/p>\n\n\n\n<p>\u201cHouve reuni\u00e3o com claro desvio de finalidade para desmoralizar as institui\u00e7\u00f5es e de forma internacional. Utilizou-se de bens p\u00fablicos para finalidades eleitorais\u201d, afirmou.<\/p>\n\n\n\n<p><strong>O que disse a defesa<\/strong><\/p>\n\n\n\n<p>J\u00e1 o advogado de defesa do ex-presidente, Tarc\u00edsio Vieira de Carvalho, disse que a reuni\u00e3o com embaixadores ocorreu antes do per\u00edodo eleitoral, em 18 de julho, quando Bolsonaro n\u00e3o era candidato oficial \u00e0s elei\u00e7\u00f5es de 2022.<\/p>\n\n\n\n<p>Carvalho&nbsp;<a href=\"https:\/\/agenciabrasil.ebc.com.br\/justica\/noticia\/2023-06\/defesa-pede-absolvicao-de-bolsonaro-em-processo-no-tse\" target=\"_blank\" rel=\"noreferrer noopener\"><strong>argumentou que a reuni\u00e3o n\u00e3o teve vi\u00e9s eleitoral<\/strong><\/a>&nbsp;e foi feita como \u201ccontraponto institucional\u201d. Ele disse ainda que a a\u00e7\u00e3o de investiga\u00e7\u00e3o eleitoral n\u00e3o poderia ser proposta pelo partido, pois caberia somente multa no caso de eventual reconhecimento de ilegalidade pelo uso da m\u00e1quina p\u00fablica.<\/p>\n\n\n\n<p>\u201cO presidente, sim, talvez, em um tom inadequado, \u00e1cido, excessivamente contundente, fez coloca\u00e7\u00f5es sobre o sistema eleitoral brasileiro, sobre aprimoramentos necess\u00e1rios sobre o sistema de colheita de votos\u201d, afirmou Tarc\u00edsio Carvalho. <em><strong>(Da Ag\u00eancia Brasil).<\/strong><\/em><\/p>\n","protected":false},"excerpt":{"rendered":"<p>O vice-procurador Eleitoral, Paulo Gonet, defendeu hoje (22) a condena\u00e7\u00e3o do ex-presidente Jair Bolsonaro no processo que trata da divulga\u00e7\u00e3o de ataques ao sistema eletr\u00f4nico de vota\u00e7\u00e3o durante reuni\u00e3o realizada em julho do ano passado, no Pal\u00e1cio da Alvorada. Nesta manh\u00e3, o Tribunal Superior Eleitoral (TSE)&nbsp;iniciou o julgamento&nbsp;da a\u00e7\u00e3o na qual o PDT questiona a [&hellip;]<\/p>\n","protected":false},"author":4,"featured_media":0,"comment_status":"open","ping_status":"open","sticky":false,"template":"","format":"standard","meta":{"_acf_changed":false,"footnotes":""},"categories":[19,21],"tags":[],"class_list":["post-72373","post","type-post","status-publish","format-standard","hentry","category-brasil-mundo","category-todas-noticias"],"acf":[],"yoast_head":"<!-- This site is optimized with the Yoast SEO plugin v24.4 - https:\/\/yoast.com\/wordpress\/plugins\/seo\/ -->\n<title>MPE pede condena\u00e7\u00e3o de Bolsonaro por ataques ao sistema eleitoral e reuni\u00e3o com embaixadores - PORTAL DE NOT\u00cdCIAS CLEITON PINHEIRO<\/title>\n<meta name=\"robots\" content=\"index, follow, max-snippet:-1, max-image-preview:large, max-video-preview:-1\" \/>\n<link rel=\"canonical\" href=\"https:\/\/cleitonpinheiro.com.br\/site\/mpe-pede-condenacao-de-bolsonaro-por-ataques-ao-sistema-eleitoral-e-reuniao-com-embaixadores\/\" \/>\n<meta property=\"og:locale\" content=\"pt_BR\" \/>\n<meta property=\"og:type\" content=\"article\" \/>\n<meta property=\"og:title\" content=\"MPE pede condena\u00e7\u00e3o de Bolsonaro por ataques ao sistema eleitoral e reuni\u00e3o com embaixadores - PORTAL DE NOT\u00cdCIAS CLEITON PINHEIRO\" \/>\n<meta property=\"og:description\" content=\"O vice-procurador Eleitoral, Paulo Gonet, defendeu hoje (22) a condena\u00e7\u00e3o do ex-presidente Jair Bolsonaro no processo que trata da divulga\u00e7\u00e3o de ataques ao sistema eletr\u00f4nico de vota\u00e7\u00e3o durante reuni\u00e3o realizada em julho do ano passado, no Pal\u00e1cio da Alvorada. Nesta manh\u00e3, o Tribunal Superior Eleitoral (TSE)&nbsp;iniciou o julgamento&nbsp;da a\u00e7\u00e3o na qual o PDT questiona a [&hellip;]\" \/>\n<meta property=\"og:url\" content=\"https:\/\/cleitonpinheiro.com.br\/site\/mpe-pede-condenacao-de-bolsonaro-por-ataques-ao-sistema-eleitoral-e-reuniao-com-embaixadores\/\" \/>\n<meta property=\"og:site_name\" content=\"PORTAL DE NOT\u00cdCIAS CLEITON PINHEIRO\" \/>\n<meta property=\"article:publisher\" content=\"https:\/\/www.facebook.com\/portalcpnoticias\/\" \/>\n<meta property=\"article:published_time\" content=\"2023-06-22T19:35:23+00:00\" \/>\n<meta property=\"article:modified_time\" content=\"2023-06-23T11:08:49+00:00\" \/>\n<meta property=\"og:image\" content=\"https:\/\/cleitonpinheiro.com.br\/site\/wp-content\/uploads\/2023\/06\/Design-sem-nome-2023-06-22T163116-compressed.jpg\" \/>\n\t<meta property=\"og:image:width\" content=\"750\" \/>\n\t<meta property=\"og:image:height\" content=\"450\" \/>\n\t<meta property=\"og:image:type\" content=\"image\/jpeg\" \/>\n<meta name=\"author\" content=\"Dermival Pereira\" \/>\n<meta name=\"twitter:card\" content=\"summary_large_image\" \/>\n<meta name=\"twitter:label1\" content=\"Escrito por\" \/>\n\t<meta name=\"twitter:data1\" content=\"Dermival Pereira\" \/>\n\t<meta name=\"twitter:label2\" content=\"Est. tempo de leitura\" \/>\n\t<meta name=\"twitter:data2\" content=\"3 minutos\" \/>\n<script type=\"application\/ld+json\" class=\"yoast-schema-graph\">{\"@context\":\"https:\/\/schema.org\",\"@graph\":[{\"@type\":\"Article\",\"@id\":\"https:\/\/cleitonpinheiro.com.br\/site\/mpe-pede-condenacao-de-bolsonaro-por-ataques-ao-sistema-eleitoral-e-reuniao-com-embaixadores\/#article\",\"isPartOf\":{\"@id\":\"https:\/\/cleitonpinheiro.com.br\/site\/mpe-pede-condenacao-de-bolsonaro-por-ataques-ao-sistema-eleitoral-e-reuniao-com-embaixadores\/\"},\"author\":{\"name\":\"Dermival Pereira\",\"@id\":\"https:\/\/cleitonpinheiro.com.br\/site\/#\/schema\/person\/aac6d7f311e80c43042e98a900b03cd8\"},\"headline\":\"MPE pede condena\u00e7\u00e3o de Bolsonaro por ataques ao sistema eleitoral e reuni\u00e3o com embaixadores\",\"datePublished\":\"2023-06-22T19:35:23+00:00\",\"dateModified\":\"2023-06-23T11:08:49+00:00\",\"mainEntityOfPage\":{\"@id\":\"https:\/\/cleitonpinheiro.com.br\/site\/mpe-pede-condenacao-de-bolsonaro-por-ataques-ao-sistema-eleitoral-e-reuniao-com-embaixadores\/\"},\"wordCount\":496,\"commentCount\":0,\"publisher\":{\"@id\":\"https:\/\/cleitonpinheiro.com.br\/site\/#organization\"},\"image\":{\"@id\":\"https:\/\/cleitonpinheiro.com.br\/site\/mpe-pede-condenacao-de-bolsonaro-por-ataques-ao-sistema-eleitoral-e-reuniao-com-embaixadores\/#primaryimage\"},\"thumbnailUrl\":\"https:\/\/cleitonpinheiro.com.br\/site\/wp-content\/uploads\/2023\/06\/Design-sem-nome-2023-06-22T163116-compressed.jpg\",\"articleSection\":[\"BRASIL \/ MUNDO\",\"TODAS NOTICIAS\"],\"inLanguage\":\"pt-BR\",\"potentialAction\":[{\"@type\":\"CommentAction\",\"name\":\"Comment\",\"target\":[\"https:\/\/cleitonpinheiro.com.br\/site\/mpe-pede-condenacao-de-bolsonaro-por-ataques-ao-sistema-eleitoral-e-reuniao-com-embaixadores\/#respond\"]}]},{\"@type\":\"WebPage\",\"@id\":\"https:\/\/cleitonpinheiro.com.br\/site\/mpe-pede-condenacao-de-bolsonaro-por-ataques-ao-sistema-eleitoral-e-reuniao-com-embaixadores\/\",\"url\":\"https:\/\/cleitonpinheiro.com.br\/site\/mpe-pede-condenacao-de-bolsonaro-por-ataques-ao-sistema-eleitoral-e-reuniao-com-embaixadores\/\",\"name\":\"MPE pede condena\u00e7\u00e3o de Bolsonaro por ataques ao sistema eleitoral e reuni\u00e3o com embaixadores - PORTAL DE NOT\u00cdCIAS CLEITON PINHEIRO\",\"isPartOf\":{\"@id\":\"https:\/\/cleitonpinheiro.com.br\/site\/#website\"},\"primaryImageOfPage\":{\"@id\":\"https:\/\/cleitonpinheiro.com.br\/site\/mpe-pede-condenacao-de-bolsonaro-por-ataques-ao-sistema-eleitoral-e-reuniao-com-embaixadores\/#primaryimage\"},\"image\":{\"@id\":\"https:\/\/cleitonpinheiro.com.br\/site\/mpe-pede-condenacao-de-bolsonaro-por-ataques-ao-sistema-eleitoral-e-reuniao-com-embaixadores\/#primaryimage\"},\"thumbnailUrl\":\"https:\/\/cleitonpinheiro.com.br\/site\/wp-content\/uploads\/2023\/06\/Design-sem-nome-2023-06-22T163116-compressed.jpg\",\"datePublished\":\"2023-06-22T19:35:23+00:00\",\"dateModified\":\"2023-06-23T11:08:49+00:00\",\"breadcrumb\":{\"@id\":\"https:\/\/cleitonpinheiro.com.br\/site\/mpe-pede-condenacao-de-bolsonaro-por-ataques-ao-sistema-eleitoral-e-reuniao-com-embaixadores\/#breadcrumb\"},\"inLanguage\":\"pt-BR\",\"potentialAction\":[{\"@type\":\"ReadAction\",\"target\":[\"https:\/\/cleitonpinheiro.com.br\/site\/mpe-pede-condenacao-de-bolsonaro-por-ataques-ao-sistema-eleitoral-e-reuniao-com-embaixadores\/\"]}]},{\"@type\":\"ImageObject\",\"inLanguage\":\"pt-BR\",\"@id\":\"https:\/\/cleitonpinheiro.com.br\/site\/mpe-pede-condenacao-de-bolsonaro-por-ataques-ao-sistema-eleitoral-e-reuniao-com-embaixadores\/#primaryimage\",\"url\":\"\",\"contentUrl\":\"\"},{\"@type\":\"BreadcrumbList\",\"@id\":\"https:\/\/cleitonpinheiro.com.br\/site\/mpe-pede-condenacao-de-bolsonaro-por-ataques-ao-sistema-eleitoral-e-reuniao-com-embaixadores\/#breadcrumb\",\"itemListElement\":[{\"@type\":\"ListItem\",\"position\":1,\"name\":\"In\u00edcio\",\"item\":\"https:\/\/cleitonpinheiro.com.br\/site\/\"},{\"@type\":\"ListItem\",\"position\":2,\"name\":\"MPE pede condena\u00e7\u00e3o de Bolsonaro por ataques ao sistema eleitoral e reuni\u00e3o com embaixadores\"}]},{\"@type\":\"WebSite\",\"@id\":\"https:\/\/cleitonpinheiro.com.br\/site\/#website\",\"url\":\"https:\/\/cleitonpinheiro.com.br\/site\/\",\"name\":\"PORTAL DE NOT\u00cdCIAS CLEITON PINHEIRO\",\"description\":\"FALANDO A VERDADE\",\"publisher\":{\"@id\":\"https:\/\/cleitonpinheiro.com.br\/site\/#organization\"},\"potentialAction\":[{\"@type\":\"SearchAction\",\"target\":{\"@type\":\"EntryPoint\",\"urlTemplate\":\"https:\/\/cleitonpinheiro.com.br\/site\/?s={search_term_string}\"},\"query-input\":{\"@type\":\"PropertyValueSpecification\",\"valueRequired\":true,\"valueName\":\"search_term_string\"}}],\"inLanguage\":\"pt-BR\"},{\"@type\":\"Organization\",\"@id\":\"https:\/\/cleitonpinheiro.com.br\/site\/#organization\",\"name\":\"CPNOT\u00cdCIAS\",\"url\":\"https:\/\/cleitonpinheiro.com.br\/site\/\",\"logo\":{\"@type\":\"ImageObject\",\"inLanguage\":\"pt-BR\",\"@id\":\"https:\/\/cleitonpinheiro.com.br\/site\/#\/schema\/logo\/image\/\",\"url\":\"https:\/\/cleitonpinheiro.com.br\/site\/wp-content\/uploads\/2022\/08\/Logo-pequena-2.png\",\"contentUrl\":\"https:\/\/cleitonpinheiro.com.br\/site\/wp-content\/uploads\/2022\/08\/Logo-pequena-2.png\",\"width\":500,\"height\":500,\"caption\":\"CPNOT\u00cdCIAS\"},\"image\":{\"@id\":\"https:\/\/cleitonpinheiro.com.br\/site\/#\/schema\/logo\/image\/\"},\"sameAs\":[\"https:\/\/www.facebook.com\/portalcpnoticias\/\"]},{\"@type\":\"Person\",\"@id\":\"https:\/\/cleitonpinheiro.com.br\/site\/#\/schema\/person\/aac6d7f311e80c43042e98a900b03cd8\",\"name\":\"Dermival Pereira\",\"image\":{\"@type\":\"ImageObject\",\"inLanguage\":\"pt-BR\",\"@id\":\"https:\/\/cleitonpinheiro.com.br\/site\/#\/schema\/person\/image\/\",\"url\":\"https:\/\/secure.gravatar.com\/avatar\/cfaebf3742d6bf8db728bcba3eed6bee37b02337a2e6c822994f20ca72a3784d?s=96&r=g\",\"contentUrl\":\"https:\/\/secure.gravatar.com\/avatar\/cfaebf3742d6bf8db728bcba3eed6bee37b02337a2e6c822994f20ca72a3784d?s=96&r=g\",\"caption\":\"Dermival Pereira\"},\"url\":\"https:\/\/cleitonpinheiro.com.br\/site\/author\/dermival\/\"}]}<\/script>\n<!-- \/ Yoast SEO plugin. -->","yoast_head_json":{"title":"MPE pede condena\u00e7\u00e3o de Bolsonaro por ataques ao sistema eleitoral e reuni\u00e3o com embaixadores - PORTAL DE NOT\u00cdCIAS CLEITON PINHEIRO","robots":{"index":"index","follow":"follow","max-snippet":"max-snippet:-1","max-image-preview":"max-image-preview:large","max-video-preview":"max-video-preview:-1"},"canonical":"https:\/\/cleitonpinheiro.com.br\/site\/mpe-pede-condenacao-de-bolsonaro-por-ataques-ao-sistema-eleitoral-e-reuniao-com-embaixadores\/","og_locale":"pt_BR","og_type":"article","og_title":"MPE pede condena\u00e7\u00e3o de Bolsonaro por ataques ao sistema eleitoral e reuni\u00e3o com embaixadores - PORTAL DE NOT\u00cdCIAS CLEITON PINHEIRO","og_description":"O vice-procurador Eleitoral, Paulo Gonet, defendeu hoje (22) a condena\u00e7\u00e3o do ex-presidente Jair Bolsonaro no processo que trata da divulga\u00e7\u00e3o de ataques ao sistema eletr\u00f4nico de vota\u00e7\u00e3o durante reuni\u00e3o realizada em julho do ano passado, no Pal\u00e1cio da Alvorada. Nesta manh\u00e3, o Tribunal Superior Eleitoral (TSE)&nbsp;iniciou o julgamento&nbsp;da a\u00e7\u00e3o na qual o PDT questiona a [&hellip;]","og_url":"https:\/\/cleitonpinheiro.com.br\/site\/mpe-pede-condenacao-de-bolsonaro-por-ataques-ao-sistema-eleitoral-e-reuniao-com-embaixadores\/","og_site_name":"PORTAL DE NOT\u00cdCIAS CLEITON PINHEIRO","article_publisher":"https:\/\/www.facebook.com\/portalcpnoticias\/","article_published_time":"2023-06-22T19:35:23+00:00","article_modified_time":"2023-06-23T11:08:49+00:00","og_image":[{"width":750,"height":450,"url":"https:\/\/cleitonpinheiro.com.br\/site\/wp-content\/uploads\/2023\/06\/Design-sem-nome-2023-06-22T163116-compressed.jpg","type":"image\/jpeg"}],"author":"Dermival Pereira","twitter_card":"summary_large_image","twitter_misc":{"Escrito por":"Dermival Pereira","Est. tempo de leitura":"3 minutos"},"schema":{"@context":"https:\/\/schema.org","@graph":[{"@type":"Article","@id":"https:\/\/cleitonpinheiro.com.br\/site\/mpe-pede-condenacao-de-bolsonaro-por-ataques-ao-sistema-eleitoral-e-reuniao-com-embaixadores\/#article","isPartOf":{"@id":"https:\/\/cleitonpinheiro.com.br\/site\/mpe-pede-condenacao-de-bolsonaro-por-ataques-ao-sistema-eleitoral-e-reuniao-com-embaixadores\/"},"author":{"name":"Dermival Pereira","@id":"https:\/\/cleitonpinheiro.com.br\/site\/#\/schema\/person\/aac6d7f311e80c43042e98a900b03cd8"},"headline":"MPE pede condena\u00e7\u00e3o de Bolsonaro por ataques ao sistema eleitoral e reuni\u00e3o com embaixadores","datePublished":"2023-06-22T19:35:23+00:00","dateModified":"2023-06-23T11:08:49+00:00","mainEntityOfPage":{"@id":"https:\/\/cleitonpinheiro.com.br\/site\/mpe-pede-condenacao-de-bolsonaro-por-ataques-ao-sistema-eleitoral-e-reuniao-com-embaixadores\/"},"wordCount":496,"commentCount":0,"publisher":{"@id":"https:\/\/cleitonpinheiro.com.br\/site\/#organization"},"image":{"@id":"https:\/\/cleitonpinheiro.com.br\/site\/mpe-pede-condenacao-de-bolsonaro-por-ataques-ao-sistema-eleitoral-e-reuniao-com-embaixadores\/#primaryimage"},"thumbnailUrl":"https:\/\/cleitonpinheiro.com.br\/site\/wp-content\/uploads\/2023\/06\/Design-sem-nome-2023-06-22T163116-compressed.jpg","articleSection":["BRASIL \/ MUNDO","TODAS NOTICIAS"],"inLanguage":"pt-BR","potentialAction":[{"@type":"CommentAction","name":"Comment","target":["https:\/\/cleitonpinheiro.com.br\/site\/mpe-pede-condenacao-de-bolsonaro-por-ataques-ao-sistema-eleitoral-e-reuniao-com-embaixadores\/#respond"]}]},{"@type":"WebPage","@id":"https:\/\/cleitonpinheiro.com.br\/site\/mpe-pede-condenacao-de-bolsonaro-por-ataques-ao-sistema-eleitoral-e-reuniao-com-embaixadores\/","url":"https:\/\/cleitonpinheiro.com.br\/site\/mpe-pede-condenacao-de-bolsonaro-por-ataques-ao-sistema-eleitoral-e-reuniao-com-embaixadores\/","name":"MPE pede condena\u00e7\u00e3o de Bolsonaro por ataques ao sistema eleitoral e reuni\u00e3o com embaixadores - PORTAL DE NOT\u00cdCIAS CLEITON PINHEIRO","isPartOf":{"@id":"https:\/\/cleitonpinheiro.com.br\/site\/#website"},"primaryImageOfPage":{"@id":"https:\/\/cleitonpinheiro.com.br\/site\/mpe-pede-condenacao-de-bolsonaro-por-ataques-ao-sistema-eleitoral-e-reuniao-com-embaixadores\/#primaryimage"},"image":{"@id":"https:\/\/cleitonpinheiro.com.br\/site\/mpe-pede-condenacao-de-bolsonaro-por-ataques-ao-sistema-eleitoral-e-reuniao-com-embaixadores\/#primaryimage"},"thumbnailUrl":"https:\/\/cleitonpinheiro.com.br\/site\/wp-content\/uploads\/2023\/06\/Design-sem-nome-2023-06-22T163116-compressed.jpg","datePublished":"2023-06-22T19:35:23+00:00","dateModified":"2023-06-23T11:08:49+00:00","breadcrumb":{"@id":"https:\/\/cleitonpinheiro.com.br\/site\/mpe-pede-condenacao-de-bolsonaro-por-ataques-ao-sistema-eleitoral-e-reuniao-com-embaixadores\/#breadcrumb"},"inLanguage":"pt-BR","potentialAction":[{"@type":"ReadAction","target":["https:\/\/cleitonpinheiro.com.br\/site\/mpe-pede-condenacao-de-bolsonaro-por-ataques-ao-sistema-eleitoral-e-reuniao-com-embaixadores\/"]}]},{"@type":"ImageObject","inLanguage":"pt-BR","@id":"https:\/\/cleitonpinheiro.com.br\/site\/mpe-pede-condenacao-de-bolsonaro-por-ataques-ao-sistema-eleitoral-e-reuniao-com-embaixadores\/#primaryimage","url":"","contentUrl":""},{"@type":"BreadcrumbList","@id":"https:\/\/cleitonpinheiro.com.br\/site\/mpe-pede-condenacao-de-bolsonaro-por-ataques-ao-sistema-eleitoral-e-reuniao-com-embaixadores\/#breadcrumb","itemListElement":[{"@type":"ListItem","position":1,"name":"In\u00edcio","item":"https:\/\/cleitonpinheiro.com.br\/site\/"},{"@type":"ListItem","position":2,"name":"MPE pede condena\u00e7\u00e3o de Bolsonaro por ataques ao sistema eleitoral e reuni\u00e3o com embaixadores"}]},{"@type":"WebSite","@id":"https:\/\/cleitonpinheiro.com.br\/site\/#website","url":"https:\/\/cleitonpinheiro.com.br\/site\/","name":"PORTAL DE NOT\u00cdCIAS CLEITON PINHEIRO","description":"FALANDO A VERDADE","publisher":{"@id":"https:\/\/cleitonpinheiro.com.br\/site\/#organization"},"potentialAction":[{"@type":"SearchAction","target":{"@type":"EntryPoint","urlTemplate":"https:\/\/cleitonpinheiro.com.br\/site\/?s={search_term_string}"},"query-input":{"@type":"PropertyValueSpecification","valueRequired":true,"valueName":"search_term_string"}}],"inLanguage":"pt-BR"},{"@type":"Organization","@id":"https:\/\/cleitonpinheiro.com.br\/site\/#organization","name":"CPNOT\u00cdCIAS","url":"https:\/\/cleitonpinheiro.com.br\/site\/","logo":{"@type":"ImageObject","inLanguage":"pt-BR","@id":"https:\/\/cleitonpinheiro.com.br\/site\/#\/schema\/logo\/image\/","url":"https:\/\/cleitonpinheiro.com.br\/site\/wp-content\/uploads\/2022\/08\/Logo-pequena-2.png","contentUrl":"https:\/\/cleitonpinheiro.com.br\/site\/wp-content\/uploads\/2022\/08\/Logo-pequena-2.png","width":500,"height":500,"caption":"CPNOT\u00cdCIAS"},"image":{"@id":"https:\/\/cleitonpinheiro.com.br\/site\/#\/schema\/logo\/image\/"},"sameAs":["https:\/\/www.facebook.com\/portalcpnoticias\/"]},{"@type":"Person","@id":"https:\/\/cleitonpinheiro.com.br\/site\/#\/schema\/person\/aac6d7f311e80c43042e98a900b03cd8","name":"Dermival Pereira","image":{"@type":"ImageObject","inLanguage":"pt-BR","@id":"https:\/\/cleitonpinheiro.com.br\/site\/#\/schema\/person\/image\/","url":"https:\/\/secure.gravatar.com\/avatar\/cfaebf3742d6bf8db728bcba3eed6bee37b02337a2e6c822994f20ca72a3784d?s=96&r=g","contentUrl":"https:\/\/secure.gravatar.com\/avatar\/cfaebf3742d6bf8db728bcba3eed6bee37b02337a2e6c822994f20ca72a3784d?s=96&r=g","caption":"Dermival Pereira"},"url":"https:\/\/cleitonpinheiro.com.br\/site\/author\/dermival\/"}]}},"views":296,"_links":{"self":[{"href":"https:\/\/cleitonpinheiro.com.br\/site\/wp-json\/wp\/v2\/posts\/72373","targetHints":{"allow":["GET"]}}],"collection":[{"href":"https:\/\/cleitonpinheiro.com.br\/site\/wp-json\/wp\/v2\/posts"}],"about":[{"href":"https:\/\/cleitonpinheiro.com.br\/site\/wp-json\/wp\/v2\/types\/post"}],"author":[{"embeddable":true,"href":"https:\/\/cleitonpinheiro.com.br\/site\/wp-json\/wp\/v2\/users\/4"}],"replies":[{"embeddable":true,"href":"https:\/\/cleitonpinheiro.com.br\/site\/wp-json\/wp\/v2\/comments?post=72373"}],"version-history":[{"count":1,"href":"https:\/\/cleitonpinheiro.com.br\/site\/wp-json\/wp\/v2\/posts\/72373\/revisions"}],"predecessor-version":[{"id":72375,"href":"https:\/\/cleitonpinheiro.com.br\/site\/wp-json\/wp\/v2\/posts\/72373\/revisions\/72375"}],"wp:attachment":[{"href":"https:\/\/cleitonpinheiro.com.br\/site\/wp-json\/wp\/v2\/media?parent=72373"}],"wp:term":[{"taxonomy":"category","embeddable":true,"href":"https:\/\/cleitonpinheiro.com.br\/site\/wp-json\/wp\/v2\/categories?post=72373"},{"taxonomy":"post_tag","embeddable":true,"href":"https:\/\/cleitonpinheiro.com.br\/site\/wp-json\/wp\/v2\/tags?post=72373"}],"curies":[{"name":"wp","href":"https:\/\/api.w.org\/{rel}","templated":true}]}}